{"id":11505,"date":"2022-07-29T09:30:00","date_gmt":"2022-07-29T12:30:00","guid":{"rendered":"https:\/\/mhcalculos.com.br\/noticias\/area\/trabalhista\/tst-frigorifico-indenizara-empregado-que-contraiu-epilepsia-apos-acidente.html"},"modified":"2022-07-29T09:30:00","modified_gmt":"2022-07-29T12:30:00","slug":"tst-frigorifico-indenizara-empregado-que-contraiu-epilepsia-apos-acidente","status":"publish","type":"post","link":"https:\/\/mhcalculos.com.br\/noticias\/area\/trabalhista\/tst-frigorifico-indenizara-empregado-que-contraiu-epilepsia-apos-acidente.html","title":{"rendered":"TST: Frigor\u00edfico indenizar\u00e1 empregado que contraiu epilepsia ap\u00f3s acidente"},"content":{"rendered":"<p><br \/>\n<\/p>\n<p><em><\/p>\n<p>A queda de carca\u00e7a sobre sua cabe\u00e7a causou trauma craniano<\/p>\n<p><\/em><\/p>\n<p>        <a class=\"share-facebook\" href=\"https:\/\/www.facebook.com\/sharer.php?u=https:\/\/www.tst.jus.br\/-\/frigor%C3%ADfico-indenizar%C3%A1-empregado-que-sofre-de-epilepsia-ap%C3%B3s-acidente\" target=\"_blank\" rel=\"noopener\"><\/a><br \/>\n        <a class=\"share-twitter\" href=\"http:\/\/twitter.com\/intent\/tweet?text=Frigor\u00edfico indenizar\u00e1 empregado que contraiu epilepsia ap\u00f3s acidente%0AVeja%20mais%20em:&amp;url=https:\/\/www.tst.jus.br\/-\/frigor%C3%ADfico-indenizar%C3%A1-empregado-que-sofre-de-epilepsia-ap%C3%B3s-acidente\" target=\"_blank\" rel=\"noopener\"><\/a><br \/>\n        <a class=\"share-linkedin\" href=\"https:\/\/www.linkedin.com\/shareArticle?mini=true&amp;url=https:\/\/www.tst.jus.br\/-\/frigor%C3%ADfico-indenizar%C3%A1-empregado-que-sofre-de-epilepsia-ap%C3%B3s-acidente&amp;title=Frigor\u00edfico indenizar\u00e1 empregado que contraiu epilepsia ap\u00f3s acidente\" target=\"_blank\" rel=\"noopener\"><\/a><br \/>\n        <a class=\"share-whatsapp\" href=\"https:\/\/web.whatsapp.com\/send?text=https:\/\/www.tst.jus.br\/-\/frigor%C3%ADfico-indenizar%C3%A1-empregado-que-sofre-de-epilepsia-ap%C3%B3s-acidente\" target=\"_blank\" rel=\"noopener\"><\/a><br \/>\n        <a class=\"share-googleplus\" href=\"https:\/\/plus.google.com\/share?url=https:\/\/www.tst.jus.br\/-\/frigor%C3%ADfico-indenizar%C3%A1-empregado-que-sofre-de-epilepsia-ap%C3%B3s-acidente\" target=\"_blank\" rel=\"noopener\"><\/a><\/p>\n<p>                <\/p>\n<p>                    <a class=\"share-facebook\" href=\"https:\/\/www.facebook.com\/sharer.php?u=https:\/\/www.tst.jus.br\/-\/frigor%C3%ADfico-indenizar%C3%A1-empregado-que-sofre-de-epilepsia-ap%C3%B3s-acidente\" target=\"_blank\" rel=\"noopener\"><\/a><br \/>\n                    <a class=\"share-twitter\" href=\"http:\/\/twitter.com\/intent\/tweet?text=Frigor\u00edfico indenizar\u00e1 empregado que contraiu epilepsia ap\u00f3s acidente%0AVeja%20mais%20em:&amp;url=https:\/\/www.tst.jus.br\/-\/frigor%C3%ADfico-indenizar%C3%A1-empregado-que-sofre-de-epilepsia-ap%C3%B3s-acidente\" target=\"_blank\" rel=\"noopener\"><\/a><br \/>\n                    <a class=\"share-linkedin\" href=\"https:\/\/www.linkedin.com\/shareArticle?mini=true&amp;url=https:\/\/www.tst.jus.br\/-\/frigor%C3%ADfico-indenizar%C3%A1-empregado-que-sofre-de-epilepsia-ap%C3%B3s-acidente&amp;title=Frigor\u00edfico indenizar\u00e1 empregado que contraiu epilepsia ap\u00f3s acidente\" target=\"_blank\" rel=\"noopener\"><\/a><br \/>\n                    <a class=\"share-whatsapp\" href=\"https:\/\/web.whatsapp.com\/send?text=https:\/\/www.tst.jus.br\/-\/frigor%C3%ADfico-indenizar%C3%A1-empregado-que-sofre-de-epilepsia-ap%C3%B3s-acidente\" target=\"_blank\" rel=\"noopener\"><\/a><br \/>\n                    <a class=\"share-googleplus\" href=\"https:\/\/plus.google.com\/share?url=https:\/\/www.tst.jus.br\/-\/frigor%C3%ADfico-indenizar%C3%A1-empregado-que-sofre-de-epilepsia-ap%C3%B3s-acidente\" target=\"_blank\" rel=\"noopener\"><\/a><\/p>\n<p>29\/07\/22 &#8211;&nbsp;A S\u00e9tima Turma do Tribunal Superior do Trabalho rejeitou recurso da Marfrig Frigor\u00edficos Brasil S.A. contra condena\u00e7\u00e3o ao pagamento de indeniza\u00e7\u00e3o a um auxiliar de produ\u00e7\u00e3o que, ap\u00f3s ser atingido na cabe\u00e7a pela carca\u00e7a de um bovino, sofreu perda da consci\u00eancia e processos convulsivos. O colegiado salientou que a decis\u00e3o se baseou em laudos t\u00e9cnicos pedidos pela Justi\u00e7a.<\/p>\n<h4>Meio boi<\/h4>\n<p>O acidente de trabalho ocorreu em junho de 2006 no setor de desossa do Frigor\u00edfico Mercosul S.A., em Cap\u00e3o do Le\u00e3o (RS), unidade depois arrendada \u00e0 Marfrig. &nbsp;Segundo o trabalhador, um colega cometeu um erro e soltou uma carca\u00e7a, &#8220;meio boi&#8221;, de aproximadamente 200 kg, sobre sua cabe\u00e7a. Com o impacto, seu capacete quebrou, e ele ficou desacordado por tr\u00eas horas. Sete meses ap\u00f3s o acidente, come\u00e7ou a ter crises convulsivas de dif\u00edcil controle, apesar de tomar medicamentos.<\/p>\n<h4>Trauma craniano x epilepsia<\/h4>\n<p>O Tribunal Regional do Trabalho da 4\u00aa Regi\u00e3o (RS) condenou as empresas a pagarem indeniza\u00e7\u00e3o de R$ 10 mil, com base em depoimento de testemunha e, principalmente, em laudos periciais de um psiquiatra e de um otorrinolaringologista, realizados por determina\u00e7\u00e3o do ju\u00edzo da 4\u00aa Vara de Pelotas (RS).<\/p>\n<p>Conforme o documento, h\u00e1 nexo causal entre a epilepsia e o acidente com trauma craniano e evid\u00eancias de que as sequelas est\u00e3o diretamente relacionadas \u00e0 les\u00e3o causada na cabe\u00e7a do empregado, pois, at\u00e9 ent\u00e3o, n\u00e3o havia not\u00edcias de que ele tivesse sofrido convuls\u00f5es ou crises epil\u00e9pticas.<\/p>\n<h4>Responsabilidade civil<\/h4>\n<p>O relator do recurso de revista da Marfrig, ministro Evandro Valad\u00e3o, explicou que, de acordo com o TRT, ficaram caracterizados os requisitos configuradores da responsabilidade subjetiva da empresa: o nexo de causalidade entre o acidente de trabalho e as atividades do empregado, as les\u00f5es e a redu\u00e7\u00e3o da capacidade de trabalho, al\u00e9m da culpa do empregador, pela inobserv\u00e2ncia das regras de prote\u00e7\u00e3o \u00e0 seguran\u00e7a no trabalho, que contribuiu para o acidente. Nessas circunst\u00e2ncias, h\u00e1 o dever de indenizar, nos termos dos artigos 186, 187 e 927 do <a href=\"http:\/\/www.planalto.gov.br\/ccivil_03\/leis\/2002\/l10406compilada.htm\" target=\"_blank\" rel=\"noopener\">C\u00f3digo Civil<\/a>.<\/p>\n<p>Ainda conforme o relator, a altera\u00e7\u00e3o da conclus\u00e3o do TRT, para que prevalecesse a tese da Marfrig de inexist\u00eancia de ato il\u00edcito e nexo causal, exigiria o revolvimento do quadro f\u00e1tico-probat\u00f3rio, o que \u00e9 vedado na esfera recursal extraordin\u00e1ria do TST.<\/p>\n<p>A decis\u00e3o foi un\u00e2nime.<\/p>\n<p>&nbsp;(LT\/CF)<\/p>\n<p>Processo: <a href=\"https:\/\/consultaprocessual.tst.jus.br\/consultaProcessual\/consultaTstNumUnica.do;jsessionid=r0wY_WG6u3CYNYOlBWgcREiKgKt7FkB9k-wEjG5b.consultaprocessual-17-ktqmn?conscsjt=&amp;numeroTst=126&amp;digitoTst=76&amp;anoTst=2012&amp;orgaoTst=5&amp;tribunalTst=04&amp;varaTst=&amp;consulta=Consultar\" target=\"_blank\" rel=\"noopener\">RR-126-76.2012.5.04.0104 &nbsp;<\/a><\/p>\n<p><em>Esta mat\u00e9ria tem cunho meramente informativo.<br \/>\nPermitida a reprodu\u00e7\u00e3o mediante cita\u00e7\u00e3o da fonte.<br \/>\nSecretaria de Comunica\u00e7\u00e3o Social<br \/>\n<a href=\"http:\/\/www.tst.jus.br\" target=\"_blank\" rel=\"noopener\">Tribunal Superior do Trabalho<\/a><br \/>\nTel. (61) 3043-4907&nbsp;<br \/>\n<a href=\"mailto:secom@tst.jus.br\" target=\"\" rel=\"noopener\">secom@tst.jus.br<\/a><\/em><\/p>\n<p>    $(&#8216;#lightbox-bdfx_ .slider-gallery-wrapper img&#8217;).hover(<br \/>\n    function() {<br \/>\n        const $text=$($($(this).parent()).next());<br \/>\n        $text.hasClass(&#8216;inside-description&#8217;) &amp;&amp; $text.fadeTo( &#8220;slow&#8221; , 0);<br \/>\n    }, function() {<br \/>\n        const $text=$($($(this).parent()).next());<br \/>\n        $text.hasClass(&#8216;inside-description&#8217;) &amp;&amp; $text.fadeTo( &#8220;slow&#8221; , 1);<br \/>\n    }<br \/>\n    );<br \/>\n    $(document).ready(function() {<br \/>\n        var bdfx_autoplaying=false;<br \/>\n        var bdfx_showingLightbox=false;<br \/>\n        const bdfx_playPauseControllers=&#8221;#slider-bdfx_-playpause, #slider-bdfx_-lightbox-playpause&#8221;;<br \/>\n        $(&#8220;#slider-bdfx_&#8221;).slick({<br \/>\n            slidesToShow: 1,<br \/>\n            slidesToScroll: 1,<br \/>\n            autoplay: bdfx_autoplaying,<br \/>\n            swipeToSlide: false,<br \/>\n            centerMode: false,<br \/>\n            autoplaySpeed: 3000,<br \/>\n            focusOnSelect: true,<br \/>\n            prevArrow:<br \/>\n            &#8221;,<br \/>\n            nextArrow:<br \/>\n            &#8221;,<br \/>\n            centerPadding: &#8220;60px&#8221;,<br \/>\n            responsive: [<br \/>\n                {<br \/>\n                    breakpoint: 767.98,<br \/>\n                    settings: {<br \/>\n                        slidesToShow: 3,<br \/>\n                        adaptiveHeight: true<br \/>\n                    }<br \/>\n                }<br \/>\n            ]<br \/>\n        });<br \/>\n        $(&#8220;#slider-bdfx_&#8221;).slickLightbox({<br \/>\n            src: &#8216;src&#8217;,<br \/>\n            itemSelector: &#8216;.galery-image .multimidia-wrapper img&#8217;,<br \/>\n            caption:&#8217;caption&#8217;<br \/>\n        });<br \/>\n    });<br \/>\n<script async src=\"https:\/\/platform.twitter.com\/widgets.js\" charset=\"utf-8\"><\/script><br \/>\n<br \/><i>Com informa\u00e7\u00f5es da assessoria de imprensa do TST.<\/i><br \/>\n<br \/><a href=\"https:\/\/www.tst.jus.br\/web\/guest\/noticias?p_p_id=89Dk&#038;p_p_lifecycle=0&#038;refererPlid=10730&#038;_89Dk_groupId=10157&#038;_89Dk_articleId=30920320\">Fonte<\/a><br \/>\n<br \/><\/p>\n","protected":false},"excerpt":{"rendered":"<p>A queda de carca\u00e7a sobre sua cabe\u00e7a causou trauma craniano 29\/07\/22 &#8211;&nbsp;A S\u00e9tima Turma do Tribunal Superior do Trabalho rejeitou recurso da Marfrig Frigor\u00edficos Brasil S.A. contra condena\u00e7\u00e3o ao pagamento de indeniza\u00e7\u00e3o a um auxiliar de produ\u00e7\u00e3o que, ap\u00f3s ser atingido na cabe\u00e7a pela carca\u00e7a de um bovino, sofreu perda da consci\u00eancia e processos convulsivos. [&hellip;]<\/p>\n","protected":false},"author":3063,"featured_media":11506,"comment_status":"open","ping_status":"open","sticky":false,"template":"","format":"standard","meta":{"footnotes":""},"categories":[3,21],"tags":[33,216,9,12,217,215],"class_list":{"0":"post-11505","1":"post","2":"type-post","3":"status-publish","4":"format-standard","5":"has-post-thumbnail","7":"category-trabalhista","8":"category-tst","9":"tag-calculos-trabalhistas","10":"tag-direito-trabalhista","11":"tag-pericia","12":"tag-perito","13":"tag-trabalho","14":"tag-tst"},"yoast_head":"<!-- This site is optimized with the Yoast SEO plugin v27.2 - https:\/\/yoast.com\/product\/yoast-seo-wordpress\/ -->\n<title>TST: Frigor\u00edfico indenizar\u00e1 empregado que contraiu epilepsia ap\u00f3s acidente | Portal de Not\u00edcias<\/title>\n<meta name=\"robots\" content=\"index, follow, max-snippet:-1, max-image-preview:large, max-video-preview:-1\" \/>\n<link rel=\"canonical\" href=\"https:\/\/mhcalculos.com.br\/noticias\/area\/trabalhista\/tst-frigorifico-indenizara-empregado-que-contraiu-epilepsia-apos-acidente.html\" \/>\n<meta property=\"og:locale\" content=\"pt_BR\" \/>\n<meta property=\"og:type\" content=\"article\" \/>\n<meta property=\"og:title\" content=\"TST: Frigor\u00edfico indenizar\u00e1 empregado que contraiu epilepsia ap\u00f3s acidente | Portal de Not\u00edcias\" \/>\n<meta property=\"og:description\" content=\"A queda de carca\u00e7a sobre sua cabe\u00e7a causou trauma craniano 29\/07\/22 &#8211;&nbsp;A S\u00e9tima Turma do Tribunal Superior do Trabalho rejeitou recurso da Marfrig Frigor\u00edficos Brasil S.A. contra condena\u00e7\u00e3o ao pagamento de indeniza\u00e7\u00e3o a um auxiliar de produ\u00e7\u00e3o que, ap\u00f3s ser atingido na cabe\u00e7a pela carca\u00e7a de um bovino, sofreu perda da consci\u00eancia e processos convulsivos. [&hellip;]\" \/>\n<meta property=\"og:url\" content=\"https:\/\/mhcalculos.com.br\/noticias\/area\/trabalhista\/tst-frigorifico-indenizara-empregado-que-contraiu-epilepsia-apos-acidente.html\" \/>\n<meta property=\"og:site_name\" content=\"Portal de Not\u00edcias\" \/>\n<meta property=\"article:published_time\" content=\"2022-07-29T12:30:00+00:00\" \/>\n<meta property=\"og:image\" content=\"https:\/\/mhcalculos.com.br\/noticias\/wp-content\/uploads\/sites\/2\/2022\/07\/trabalhista-0003.jpg\" \/>\n\t<meta property=\"og:image:width\" content=\"2000\" \/>\n\t<meta property=\"og:image:height\" content=\"800\" \/>\n\t<meta property=\"og:image:type\" content=\"image\/jpeg\" \/>\n<meta name=\"author\" content=\"Equipe MH\" \/>\n<meta name=\"twitter:card\" content=\"summary_large_image\" \/>\n<meta name=\"twitter:label1\" content=\"Escrito por\" \/>\n\t<meta name=\"twitter:data1\" content=\"Equipe MH\" \/>\n\t<meta name=\"twitter:label2\" content=\"Est. tempo de leitura\" \/>\n\t<meta name=\"twitter:data2\" content=\"3 minutos\" \/>\n<script type=\"application\/ld+json\" class=\"yoast-schema-graph\">{\"@context\":\"https:\/\/schema.org\",\"@graph\":[{\"@type\":\"Article\",\"@id\":\"https:\/\/mhcalculos.com.br\/noticias\/area\/trabalhista\/tst-frigorifico-indenizara-empregado-que-contraiu-epilepsia-apos-acidente.html#article\",\"isPartOf\":{\"@id\":\"https:\/\/mhcalculos.com.br\/noticias\/area\/trabalhista\/tst-frigorifico-indenizara-empregado-que-contraiu-epilepsia-apos-acidente.html\"},\"author\":{\"name\":\"Equipe MH\",\"@id\":\"https:\/\/mhcalculos.com.br\/noticias\/#\/schema\/person\/88d1c34bf72dc779ea14a5a6b8e0ae8d\"},\"headline\":\"TST: Frigor\u00edfico indenizar\u00e1 empregado que contraiu epilepsia ap\u00f3s acidente\",\"datePublished\":\"2022-07-29T12:30:00+00:00\",\"mainEntityOfPage\":{\"@id\":\"https:\/\/mhcalculos.com.br\/noticias\/area\/trabalhista\/tst-frigorifico-indenizara-empregado-que-contraiu-epilepsia-apos-acidente.html\"},\"wordCount\":575,\"commentCount\":0,\"image\":{\"@id\":\"https:\/\/mhcalculos.com.br\/noticias\/area\/trabalhista\/tst-frigorifico-indenizara-empregado-que-contraiu-epilepsia-apos-acidente.html#primaryimage\"},\"thumbnailUrl\":\"https:\/\/mhcalculos.com.br\/noticias\/wp-content\/uploads\/sites\/2\/2022\/07\/trabalhista-0003.jpg\",\"keywords\":[\"c\u00e1lculos trabalhistas\",\"direito trabalhista\",\"per\u00edcia\",\"perito\",\"trabalho\",\"TST\"],\"articleSection\":[\"Direito Trabalhista\",\"TST\"],\"inLanguage\":\"pt-BR\",\"potentialAction\":[{\"@type\":\"CommentAction\",\"name\":\"Comment\",\"target\":[\"https:\/\/mhcalculos.com.br\/noticias\/area\/trabalhista\/tst-frigorifico-indenizara-empregado-que-contraiu-epilepsia-apos-acidente.html#respond\"]}]},{\"@type\":\"WebPage\",\"@id\":\"https:\/\/mhcalculos.com.br\/noticias\/area\/trabalhista\/tst-frigorifico-indenizara-empregado-que-contraiu-epilepsia-apos-acidente.html\",\"url\":\"https:\/\/mhcalculos.com.br\/noticias\/area\/trabalhista\/tst-frigorifico-indenizara-empregado-que-contraiu-epilepsia-apos-acidente.html\",\"name\":\"TST: Frigor\u00edfico indenizar\u00e1 empregado que contraiu epilepsia ap\u00f3s acidente | Portal de Not\u00edcias\",\"isPartOf\":{\"@id\":\"https:\/\/mhcalculos.com.br\/noticias\/#website\"},\"primaryImageOfPage\":{\"@id\":\"https:\/\/mhcalculos.com.br\/noticias\/area\/trabalhista\/tst-frigorifico-indenizara-empregado-que-contraiu-epilepsia-apos-acidente.html#primaryimage\"},\"image\":{\"@id\":\"https:\/\/mhcalculos.com.br\/noticias\/area\/trabalhista\/tst-frigorifico-indenizara-empregado-que-contraiu-epilepsia-apos-acidente.html#primaryimage\"},\"thumbnailUrl\":\"https:\/\/mhcalculos.com.br\/noticias\/wp-content\/uploads\/sites\/2\/2022\/07\/trabalhista-0003.jpg\",\"datePublished\":\"2022-07-29T12:30:00+00:00\",\"author\":{\"@id\":\"https:\/\/mhcalculos.com.br\/noticias\/#\/schema\/person\/88d1c34bf72dc779ea14a5a6b8e0ae8d\"},\"breadcrumb\":{\"@id\":\"https:\/\/mhcalculos.com.br\/noticias\/area\/trabalhista\/tst-frigorifico-indenizara-empregado-que-contraiu-epilepsia-apos-acidente.html#breadcrumb\"},\"inLanguage\":\"pt-BR\",\"potentialAction\":[{\"@type\":\"ReadAction\",\"target\":[\"https:\/\/mhcalculos.com.br\/noticias\/area\/trabalhista\/tst-frigorifico-indenizara-empregado-que-contraiu-epilepsia-apos-acidente.html\"]}]},{\"@type\":\"ImageObject\",\"inLanguage\":\"pt-BR\",\"@id\":\"https:\/\/mhcalculos.com.br\/noticias\/area\/trabalhista\/tst-frigorifico-indenizara-empregado-que-contraiu-epilepsia-apos-acidente.html#primaryimage\",\"url\":\"https:\/\/mhcalculos.com.br\/noticias\/wp-content\/uploads\/sites\/2\/2022\/07\/trabalhista-0003.jpg\",\"contentUrl\":\"https:\/\/mhcalculos.com.br\/noticias\/wp-content\/uploads\/sites\/2\/2022\/07\/trabalhista-0003.jpg\",\"width\":2000,\"height\":800},{\"@type\":\"BreadcrumbList\",\"@id\":\"https:\/\/mhcalculos.com.br\/noticias\/area\/trabalhista\/tst-frigorifico-indenizara-empregado-que-contraiu-epilepsia-apos-acidente.html#breadcrumb\",\"itemListElement\":[{\"@type\":\"ListItem\",\"position\":1,\"name\":\"In\u00edcio\",\"item\":\"https:\/\/mhcalculos.com.br\/noticias\/\"},{\"@type\":\"ListItem\",\"position\":2,\"name\":\"TST: Frigor\u00edfico indenizar\u00e1 empregado que contraiu epilepsia ap\u00f3s acidente\"}]},{\"@type\":\"WebSite\",\"@id\":\"https:\/\/mhcalculos.com.br\/noticias\/#website\",\"url\":\"https:\/\/mhcalculos.com.br\/noticias\/\",\"name\":\"Portal de Not\u00edcias\",\"description\":\"Not\u00edcias e Jurisprud\u00eancia\",\"potentialAction\":[{\"@type\":\"SearchAction\",\"target\":{\"@type\":\"EntryPoint\",\"urlTemplate\":\"https:\/\/mhcalculos.com.br\/noticias\/?s={search_term_string}\"},\"query-input\":{\"@type\":\"PropertyValueSpecification\",\"valueRequired\":true,\"valueName\":\"search_term_string\"}}],\"inLanguage\":\"pt-BR\"},{\"@type\":\"Person\",\"@id\":\"https:\/\/mhcalculos.com.br\/noticias\/#\/schema\/person\/88d1c34bf72dc779ea14a5a6b8e0ae8d\",\"name\":\"Equipe MH\",\"image\":{\"@type\":\"ImageObject\",\"inLanguage\":\"pt-BR\",\"@id\":\"https:\/\/secure.gravatar.com\/avatar\/de1c686c2ecc9c5a3f327e3431d819eb39f8f05d4e1045f5a1caad6daaba987f?s=96&d=mm&r=g\",\"url\":\"https:\/\/secure.gravatar.com\/avatar\/de1c686c2ecc9c5a3f327e3431d819eb39f8f05d4e1045f5a1caad6daaba987f?s=96&d=mm&r=g\",\"contentUrl\":\"https:\/\/secure.gravatar.com\/avatar\/de1c686c2ecc9c5a3f327e3431d819eb39f8f05d4e1045f5a1caad6daaba987f?s=96&d=mm&r=g\",\"caption\":\"Equipe MH\"}}]}<\/script>\n<!-- \/ Yoast SEO plugin. -->","yoast_head_json":{"title":"TST: Frigor\u00edfico indenizar\u00e1 empregado que contraiu epilepsia ap\u00f3s acidente | Portal de Not\u00edcias","robots":{"index":"index","follow":"follow","max-snippet":"max-snippet:-1","max-image-preview":"max-image-preview:large","max-video-preview":"max-video-preview:-1"},"canonical":"https:\/\/mhcalculos.com.br\/noticias\/area\/trabalhista\/tst-frigorifico-indenizara-empregado-que-contraiu-epilepsia-apos-acidente.html","og_locale":"pt_BR","og_type":"article","og_title":"TST: Frigor\u00edfico indenizar\u00e1 empregado que contraiu epilepsia ap\u00f3s acidente | Portal de Not\u00edcias","og_description":"A queda de carca\u00e7a sobre sua cabe\u00e7a causou trauma craniano 29\/07\/22 &#8211;&nbsp;A S\u00e9tima Turma do Tribunal Superior do Trabalho rejeitou recurso da Marfrig Frigor\u00edficos Brasil S.A. contra condena\u00e7\u00e3o ao pagamento de indeniza\u00e7\u00e3o a um auxiliar de produ\u00e7\u00e3o que, ap\u00f3s ser atingido na cabe\u00e7a pela carca\u00e7a de um bovino, sofreu perda da consci\u00eancia e processos convulsivos. [&hellip;]","og_url":"https:\/\/mhcalculos.com.br\/noticias\/area\/trabalhista\/tst-frigorifico-indenizara-empregado-que-contraiu-epilepsia-apos-acidente.html","og_site_name":"Portal de Not\u00edcias","article_published_time":"2022-07-29T12:30:00+00:00","og_image":[{"width":2000,"height":800,"url":"https:\/\/mhcalculos.com.br\/noticias\/wp-content\/uploads\/sites\/2\/2022\/07\/trabalhista-0003.jpg","type":"image\/jpeg"}],"author":"Equipe MH","twitter_card":"summary_large_image","twitter_misc":{"Escrito por":"Equipe MH","Est. tempo de leitura":"3 minutos"},"schema":{"@context":"https:\/\/schema.org","@graph":[{"@type":"Article","@id":"https:\/\/mhcalculos.com.br\/noticias\/area\/trabalhista\/tst-frigorifico-indenizara-empregado-que-contraiu-epilepsia-apos-acidente.html#article","isPartOf":{"@id":"https:\/\/mhcalculos.com.br\/noticias\/area\/trabalhista\/tst-frigorifico-indenizara-empregado-que-contraiu-epilepsia-apos-acidente.html"},"author":{"name":"Equipe MH","@id":"https:\/\/mhcalculos.com.br\/noticias\/#\/schema\/person\/88d1c34bf72dc779ea14a5a6b8e0ae8d"},"headline":"TST: Frigor\u00edfico indenizar\u00e1 empregado que contraiu epilepsia ap\u00f3s acidente","datePublished":"2022-07-29T12:30:00+00:00","mainEntityOfPage":{"@id":"https:\/\/mhcalculos.com.br\/noticias\/area\/trabalhista\/tst-frigorifico-indenizara-empregado-que-contraiu-epilepsia-apos-acidente.html"},"wordCount":575,"commentCount":0,"image":{"@id":"https:\/\/mhcalculos.com.br\/noticias\/area\/trabalhista\/tst-frigorifico-indenizara-empregado-que-contraiu-epilepsia-apos-acidente.html#primaryimage"},"thumbnailUrl":"https:\/\/mhcalculos.com.br\/noticias\/wp-content\/uploads\/sites\/2\/2022\/07\/trabalhista-0003.jpg","keywords":["c\u00e1lculos trabalhistas","direito trabalhista","per\u00edcia","perito","trabalho","TST"],"articleSection":["Direito Trabalhista","TST"],"inLanguage":"pt-BR","potentialAction":[{"@type":"CommentAction","name":"Comment","target":["https:\/\/mhcalculos.com.br\/noticias\/area\/trabalhista\/tst-frigorifico-indenizara-empregado-que-contraiu-epilepsia-apos-acidente.html#respond"]}]},{"@type":"WebPage","@id":"https:\/\/mhcalculos.com.br\/noticias\/area\/trabalhista\/tst-frigorifico-indenizara-empregado-que-contraiu-epilepsia-apos-acidente.html","url":"https:\/\/mhcalculos.com.br\/noticias\/area\/trabalhista\/tst-frigorifico-indenizara-empregado-que-contraiu-epilepsia-apos-acidente.html","name":"TST: Frigor\u00edfico indenizar\u00e1 empregado que contraiu epilepsia ap\u00f3s acidente | Portal de Not\u00edcias","isPartOf":{"@id":"https:\/\/mhcalculos.com.br\/noticias\/#website"},"primaryImageOfPage":{"@id":"https:\/\/mhcalculos.com.br\/noticias\/area\/trabalhista\/tst-frigorifico-indenizara-empregado-que-contraiu-epilepsia-apos-acidente.html#primaryimage"},"image":{"@id":"https:\/\/mhcalculos.com.br\/noticias\/area\/trabalhista\/tst-frigorifico-indenizara-empregado-que-contraiu-epilepsia-apos-acidente.html#primaryimage"},"thumbnailUrl":"https:\/\/mhcalculos.com.br\/noticias\/wp-content\/uploads\/sites\/2\/2022\/07\/trabalhista-0003.jpg","datePublished":"2022-07-29T12:30:00+00:00","author":{"@id":"https:\/\/mhcalculos.com.br\/noticias\/#\/schema\/person\/88d1c34bf72dc779ea14a5a6b8e0ae8d"},"breadcrumb":{"@id":"https:\/\/mhcalculos.com.br\/noticias\/area\/trabalhista\/tst-frigorifico-indenizara-empregado-que-contraiu-epilepsia-apos-acidente.html#breadcrumb"},"inLanguage":"pt-BR","potentialAction":[{"@type":"ReadAction","target":["https:\/\/mhcalculos.com.br\/noticias\/area\/trabalhista\/tst-frigorifico-indenizara-empregado-que-contraiu-epilepsia-apos-acidente.html"]}]},{"@type":"ImageObject","inLanguage":"pt-BR","@id":"https:\/\/mhcalculos.com.br\/noticias\/area\/trabalhista\/tst-frigorifico-indenizara-empregado-que-contraiu-epilepsia-apos-acidente.html#primaryimage","url":"https:\/\/mhcalculos.com.br\/noticias\/wp-content\/uploads\/sites\/2\/2022\/07\/trabalhista-0003.jpg","contentUrl":"https:\/\/mhcalculos.com.br\/noticias\/wp-content\/uploads\/sites\/2\/2022\/07\/trabalhista-0003.jpg","width":2000,"height":800},{"@type":"BreadcrumbList","@id":"https:\/\/mhcalculos.com.br\/noticias\/area\/trabalhista\/tst-frigorifico-indenizara-empregado-que-contraiu-epilepsia-apos-acidente.html#breadcrumb","itemListElement":[{"@type":"ListItem","position":1,"name":"In\u00edcio","item":"https:\/\/mhcalculos.com.br\/noticias\/"},{"@type":"ListItem","position":2,"name":"TST: Frigor\u00edfico indenizar\u00e1 empregado que contraiu epilepsia ap\u00f3s acidente"}]},{"@type":"WebSite","@id":"https:\/\/mhcalculos.com.br\/noticias\/#website","url":"https:\/\/mhcalculos.com.br\/noticias\/","name":"Portal de Not\u00edcias","description":"Not\u00edcias e Jurisprud\u00eancia","potentialAction":[{"@type":"SearchAction","target":{"@type":"EntryPoint","urlTemplate":"https:\/\/mhcalculos.com.br\/noticias\/?s={search_term_string}"},"query-input":{"@type":"PropertyValueSpecification","valueRequired":true,"valueName":"search_term_string"}}],"inLanguage":"pt-BR"},{"@type":"Person","@id":"https:\/\/mhcalculos.com.br\/noticias\/#\/schema\/person\/88d1c34bf72dc779ea14a5a6b8e0ae8d","name":"Equipe MH","image":{"@type":"ImageObject","inLanguage":"pt-BR","@id":"https:\/\/secure.gravatar.com\/avatar\/de1c686c2ecc9c5a3f327e3431d819eb39f8f05d4e1045f5a1caad6daaba987f?s=96&d=mm&r=g","url":"https:\/\/secure.gravatar.com\/avatar\/de1c686c2ecc9c5a3f327e3431d819eb39f8f05d4e1045f5a1caad6daaba987f?s=96&d=mm&r=g","contentUrl":"https:\/\/secure.gravatar.com\/avatar\/de1c686c2ecc9c5a3f327e3431d819eb39f8f05d4e1045f5a1caad6daaba987f?s=96&d=mm&r=g","caption":"Equipe MH"}}]}},"_links":{"self":[{"href":"https:\/\/mhcalculos.com.br\/noticias\/wp-json\/wp\/v2\/posts\/11505","targetHints":{"allow":["GET"]}}],"collection":[{"href":"https:\/\/mhcalculos.com.br\/noticias\/wp-json\/wp\/v2\/posts"}],"about":[{"href":"https:\/\/mhcalculos.com.br\/noticias\/wp-json\/wp\/v2\/types\/post"}],"author":[{"embeddable":true,"href":"https:\/\/mhcalculos.com.br\/noticias\/wp-json\/wp\/v2\/users\/3063"}],"replies":[{"embeddable":true,"href":"https:\/\/mhcalculos.com.br\/noticias\/wp-json\/wp\/v2\/comments?post=11505"}],"version-history":[{"count":0,"href":"https:\/\/mhcalculos.com.br\/noticias\/wp-json\/wp\/v2\/posts\/11505\/revisions"}],"wp:featuredmedia":[{"embeddable":true,"href":"https:\/\/mhcalculos.com.br\/noticias\/wp-json\/wp\/v2\/media\/11506"}],"wp:attachment":[{"href":"https:\/\/mhcalculos.com.br\/noticias\/wp-json\/wp\/v2\/media?parent=11505"}],"wp:term":[{"taxonomy":"category","embeddable":true,"href":"https:\/\/mhcalculos.com.br\/noticias\/wp-json\/wp\/v2\/categories?post=11505"},{"taxonomy":"post_tag","embeddable":true,"href":"https:\/\/mhcalculos.com.br\/noticias\/wp-json\/wp\/v2\/tags?post=11505"}],"curies":[{"name":"wp","href":"https:\/\/api.w.org\/{rel}","templated":true}]}}