{"id":11495,"date":"2022-07-27T18:51:00","date_gmt":"2022-07-27T21:51:00","guid":{"rendered":"https:\/\/mhcalculos.com.br\/noticias\/area\/trabalhista\/tst-audiencia-publica-tribunal-recebe-sugestoes-da-sociedade-para-metas-nacionais-de-2023.html"},"modified":"2022-07-27T18:51:00","modified_gmt":"2022-07-27T21:51:00","slug":"tst-audiencia-publica-tribunal-recebe-sugestoes-da-sociedade-para-metas-nacionais-de-2023","status":"publish","type":"post","link":"https:\/\/mhcalculos.com.br\/noticias\/area\/trabalhista\/tst-audiencia-publica-tribunal-recebe-sugestoes-da-sociedade-para-metas-nacionais-de-2023.html","title":{"rendered":"TST: Audi\u00eancia p\u00fablica: Tribunal&nbsp;recebe sugest\u00f5es da sociedade para metas nacionais de 2023"},"content":{"rendered":"<p><br \/>\n<\/p>\n<p><em><\/p>\n<p>Audi\u00eancia p\u00fablica reuniu representantes da magistratura, da advocacia e do Minist\u00e9rio P\u00fablico do Trabalho; consulta p\u00fablica sobre o tema segue aberta&nbsp;<\/p>\n<p><\/em><\/p>\n<p>        <a class=\"share-facebook\" href=\"https:\/\/www.facebook.com\/sharer.php?u=https:\/\/www.tst.jus.br\/-\/audi%C3%AAncia-p%C3%BAblica-tst-recebe-sugest%C3%B5es-da-sociedade-para-metas-nacionais-de-2023\" target=\"_blank\" rel=\"noopener\"><\/a><br \/>\n        <a class=\"share-twitter\" href=\"http:\/\/twitter.com\/intent\/tweet?text=Audi\u00eancia p\u00fablica: TST recebe sugest\u00f5es da sociedade para metas nacionais de 2023%0AVeja%20mais%20em:&amp;url=https:\/\/www.tst.jus.br\/-\/audi%C3%AAncia-p%C3%BAblica-tst-recebe-sugest%C3%B5es-da-sociedade-para-metas-nacionais-de-2023\" target=\"_blank\" rel=\"noopener\"><\/a><br \/>\n        <a class=\"share-linkedin\" href=\"https:\/\/www.linkedin.com\/shareArticle?mini=true&amp;url=https:\/\/www.tst.jus.br\/-\/audi%C3%AAncia-p%C3%BAblica-tst-recebe-sugest%C3%B5es-da-sociedade-para-metas-nacionais-de-2023&amp;title=Audi\u00eancia p\u00fablica: TST recebe sugest\u00f5es da sociedade para metas nacionais de 2023\" target=\"_blank\" rel=\"noopener\"><\/a><br \/>\n        <a class=\"share-whatsapp\" href=\"https:\/\/web.whatsapp.com\/send?text=https:\/\/www.tst.jus.br\/-\/audi%C3%AAncia-p%C3%BAblica-tst-recebe-sugest%C3%B5es-da-sociedade-para-metas-nacionais-de-2023\" target=\"_blank\" rel=\"noopener\"><\/a><br \/>\n        <a class=\"share-googleplus\" href=\"https:\/\/plus.google.com\/share?url=https:\/\/www.tst.jus.br\/-\/audi%C3%AAncia-p%C3%BAblica-tst-recebe-sugest%C3%B5es-da-sociedade-para-metas-nacionais-de-2023\" target=\"_blank\" rel=\"noopener\"><\/a><\/p>\n<p>                <\/p>\n<p>Mesa de abertura da Audi\u00eancia P\u00fablica sobre as Metas Nacionais para 2023<\/p>\n<p>                    <a class=\"share-facebook\" href=\"https:\/\/www.facebook.com\/sharer.php?u=https:\/\/www.tst.jus.br\/-\/audi%C3%AAncia-p%C3%BAblica-tst-recebe-sugest%C3%B5es-da-sociedade-para-metas-nacionais-de-2023\" target=\"_blank\" rel=\"noopener\"><\/a><br \/>\n                    <a class=\"share-twitter\" href=\"http:\/\/twitter.com\/intent\/tweet?text=Audi\u00eancia p\u00fablica: TST recebe sugest\u00f5es da sociedade para metas nacionais de 2023%0AVeja%20mais%20em:&amp;url=https:\/\/www.tst.jus.br\/-\/audi%C3%AAncia-p%C3%BAblica-tst-recebe-sugest%C3%B5es-da-sociedade-para-metas-nacionais-de-2023\" target=\"_blank\" rel=\"noopener\"><\/a><br \/>\n                    <a class=\"share-linkedin\" href=\"https:\/\/www.linkedin.com\/shareArticle?mini=true&amp;url=https:\/\/www.tst.jus.br\/-\/audi%C3%AAncia-p%C3%BAblica-tst-recebe-sugest%C3%B5es-da-sociedade-para-metas-nacionais-de-2023&amp;title=Audi\u00eancia p\u00fablica: TST recebe sugest\u00f5es da sociedade para metas nacionais de 2023\" target=\"_blank\" rel=\"noopener\"><\/a><br \/>\n                    <a class=\"share-whatsapp\" href=\"https:\/\/web.whatsapp.com\/send?text=https:\/\/www.tst.jus.br\/-\/audi%C3%AAncia-p%C3%BAblica-tst-recebe-sugest%C3%B5es-da-sociedade-para-metas-nacionais-de-2023\" target=\"_blank\" rel=\"noopener\"><\/a><br \/>\n                    <a class=\"share-googleplus\" href=\"https:\/\/plus.google.com\/share?url=https:\/\/www.tst.jus.br\/-\/audi%C3%AAncia-p%C3%BAblica-tst-recebe-sugest%C3%B5es-da-sociedade-para-metas-nacionais-de-2023\" target=\"_blank\" rel=\"noopener\"><\/a><\/p>\n<p>27\/07\/22 &#8211; O Tribunal Superior do Trabalho (TST) promoveu, nesta quarta-feira (27), pela primeira vez, uma audi\u00eancia p\u00fablica para obter contribui\u00e7\u00f5es da sociedade acerca das metas nacionais da institui\u00e7\u00e3o para 2023. O evento foi realizado na sede do TST, em Bras\u00edlia, com transmiss\u00e3o ao vivo pelo <a href=\"https:\/\/www.youtube.com\/watch?v=gRusG7RAnIg\" target=\"_blank\" rel=\"noopener\">canal oficial do TST no YouTube<\/a>.&nbsp;<\/p>\n<p>O presidente do TST, ministro Emmanoel Pereira, abriu o encontro. \u201cPor esta a\u00e7\u00e3o concreta, buscamos ampliar a participa\u00e7\u00e3o democr\u00e1tica da sociedade brasileira na defini\u00e7\u00e3o dos objetivos a serem alcan\u00e7ados pela Justi\u00e7a do Trabalho. Atento aos anseios nacionais por um judici\u00e1rio trabalhista cada vez mais c\u00e9lere e efetivo, buscamos o constante aprimoramento de rotinas e procedimentos\u201d, destacou o ministro. Para ele, \u201cn\u00e3o basta a transpar\u00eancia. \u00c9 fundamental ampliar a participa\u00e7\u00e3o de distintos setores da sociedade com o objetivo de contemplar diferentes opini\u00f5es sobre a atua\u00e7\u00e3o do TST na entrega de resultados\u201d.&nbsp;<\/p>\n<p><strong>Estrat\u00e9gia Nacional<\/strong><\/p>\n<p>As metas s\u00e3o fixadas para os objetivos que integram o Plano Estrat\u00e9gico do TST 2021-2016, documento alinhado aos macrodesafios fixados na Estrat\u00e9gia Nacional do Poder Judici\u00e1rio 2021-2016, prevista pela <a href=\"https:\/\/atos.cnj.jus.br\/atos\/detalhar\/3365\" target=\"_blank\" rel=\"noopener\">Resolu\u00e7\u00e3o CNJ n.\u00ba 325\/2020<\/a>. As metas nacionais do Poder Judici\u00e1rio representam o compromisso dos tribunais brasileiros com o aperfei\u00e7oamento da presta\u00e7\u00e3o jurisdicional, buscando proporcionar \u00e0 sociedade mais efici\u00eancia e qualidade nos servi\u00e7os. Anualmente, os resultados alcan\u00e7ados s\u00e3o analisados pelo Conselho Nacional de Justi\u00e7a (CNJ).&nbsp;<\/p>\n<p><strong>Aprimoramento&nbsp;<\/strong><\/p>\n<p><img decoding=\"async\" data-fileentryid=\"30985033\" data-src=\"\/documents\/10157\/0\/_O2A8068.JPG\/4a3e2655-c218-1f71-ce68-b9630cde2fec?t=1658958895562&amp;imagePreview=1\" src=\"data:image\/svg+xml;base64,PHN2ZyB3aWR0aD0iMSIgaGVpZ2h0PSIxIiB4bWxucz0iaHR0cDovL3d3dy53My5vcmcvMjAwMC9zdmciPjwvc3ZnPg==\" class=\"lazyload\" \/><\/p>\n<p>Segundo Luciano Athayde, juiz auxiliar da Presid\u00eancia e gestor de metas do TST e do CSJT, o \u00eaxito da Corte no atingimento de suas metas tem sido reconhecido anualmente pelo CNJ, por meio do Pr\u00eamio CNJ de Qualidade &#8211; instrumento que fomenta o amadurecimento dos \u00f3rg\u00e3os do Poder Judici\u00e1rio. Fortalecer o di\u00e1logo com os atores do Sistema de Justi\u00e7a e com a sociedade visa, assim, a um aprimoramento ainda mais expressivo de seus resultados. E os desafios s\u00e3o grandes, conforme o magistrado. \u201cEntre 2016 e 2021, houve incremento de 56,17% no volume de processos no Tribunal Superior do Trabalho, o que representa m\u00e9dia de 70 mil novos processos por ano\u201d, informou.&nbsp;&nbsp;<\/p>\n<p>O secret\u00e1rio de Gest\u00e3o e Governan\u00e7a Estrat\u00e9gica do TST, M\u00e1rcio Cruz, ressalta que a busca pela melhoria de servi\u00e7os judiciais e administrativos, materializada por meio de objetivos estrat\u00e9gicos e suas metas, considera aspectos internos \u00e0 administra\u00e7\u00e3o (como processos de trabalho, gest\u00e3o or\u00e7ament\u00e1ria e financeira e desenvolvimento organizacional) e aspectos relacionados \u00e0 presta\u00e7\u00e3o de servi\u00e7os \u00e0 sociedade (como acesso \u00e0 justi\u00e7a, celeridade e promo\u00e7\u00e3o da sustentabilidade).&nbsp;<\/p>\n<p><strong>Contribui\u00e7\u00f5es<\/strong><\/p>\n<p>Na audi\u00eancia, foram apresentadas metas e resultados parciais alcan\u00e7ados pelo TST no ano de 2022. Tamb\u00e9m foram ouvidos representantes da magistratura, da advocacia e do Minist\u00e9rio P\u00fablico do Trabalho.&nbsp;<\/p>\n<p>Os primeiros expositores, Elise Correia, vice-presidente da Associa\u00e7\u00e3o Brasileira de Advogados Trabalhistas (Abrat), e Paulo Ant\u00f4nio Maia e Silva, conselheiro federal da Ordem dos Advogados do Brasil (OAB), destacaram a necessidade de aten\u00e7\u00e3o \u00e0s execu\u00e7\u00f5es, para a solu\u00e7\u00e3o definitiva de lit\u00edgios trabalhistas. Tamb\u00e9m salientaram a import\u00e2ncia de se conciliar celeridade e foco nas metas com a efetiva presta\u00e7\u00e3o jurisdicional.&nbsp;&nbsp;<\/p>\n<p>A procuradora regional do Trabalho Ludmila Lopes defendeu, por sua vez, a necessidade de se promover uma atua\u00e7\u00e3o com foco na promo\u00e7\u00e3o da diversidade e na efetiva\u00e7\u00e3o dos direitos fundamentais previstos na Constitui\u00e7\u00e3o Federal. Al\u00e9m desses pontos, o presidente da Associa\u00e7\u00e3o Nacional dos Magistrados da Justi\u00e7a do Trabalho (Anamatra), Luiz Antonio Colussi, salientou a import\u00e2ncia da capacita\u00e7\u00e3o de magistrados e servidores, bem como sua qualidade de vida, para o alcance das metas com efetividade e qualidade.&nbsp;<\/p>\n<p>Todas as contribui\u00e7\u00f5es expostas durante a live desta quarta-feira ir\u00e3o compor um documento \u00fanico, que ser\u00e1 elaborado pelo TST e posteriormente apresentado ao Conselho Nacional de Justi\u00e7a.&nbsp;<\/p>\n<p><strong>Consulta p\u00fablica<\/strong><\/p>\n<p>A defini\u00e7\u00e3o das metas nacionais do TST para 2023 tamb\u00e9m \u00e9 tema de uma consulta p\u00fablica, iniciada no dia 4 de julho. O envio das contribui\u00e7\u00f5es pode ser realizado at\u00e9 o dia 5 de agosto, por meio de<a href=\"https:\/\/docs.google.com\/forms\/d\/e\/1FAIpQLSfE3RYkJ5shnQ2lf-J0S0tJitiaAHBbrd7jHQCuAHmoLMifTg\/viewform\" target=\"_blank\" rel=\"noopener\"> formul\u00e1rio eletr\u00f4nico dispon\u00edvel aqui<\/a>.<\/p>\n<p>(Nat\u00e1lia Pianegonda\/RT)<\/p>\n<p><strong>Assista a audi\u00eancia p\u00fablica na \u00edntegra:<\/strong><\/p>\n<\/p>\n<p>    $(&#8216;#lightbox-guni_ .slider-gallery-wrapper img&#8217;).hover(<br \/>\n    function() {<br \/>\n        const $text=$($($(this).parent()).next());<br \/>\n        $text.hasClass(&#8216;inside-description&#8217;) &amp;&amp; $text.fadeTo( &#8220;slow&#8221; , 0);<br \/>\n    }, function() {<br \/>\n        const $text=$($($(this).parent()).next());<br \/>\n        $text.hasClass(&#8216;inside-description&#8217;) &amp;&amp; $text.fadeTo( &#8220;slow&#8221; , 1);<br \/>\n    }<br \/>\n    );<br \/>\n    $(document).ready(function() {<br \/>\n        var guni_autoplaying=false;<br \/>\n        var guni_showingLightbox=false;<br \/>\n        const guni_playPauseControllers=&#8221;#slider-guni_-playpause, #slider-guni_-lightbox-playpause&#8221;;<br \/>\n        $(&#8220;#slider-guni_&#8221;).slick({<br \/>\n            slidesToShow: 1,<br \/>\n            slidesToScroll: 1,<br \/>\n            autoplay: guni_autoplaying,<br \/>\n            swipeToSlide: false,<br \/>\n            centerMode: false,<br \/>\n            autoplaySpeed: 3000,<br \/>\n            focusOnSelect: true,<br \/>\n            prevArrow:<br \/>\n            &#8221;,<br \/>\n            nextArrow:<br \/>\n            &#8221;,<br \/>\n            centerPadding: &#8220;60px&#8221;,<br \/>\n            responsive: [<br \/>\n                {<br \/>\n                    breakpoint: 767.98,<br \/>\n                    settings: {<br \/>\n                        slidesToShow: 3,<br \/>\n                        adaptiveHeight: true<br \/>\n                    }<br \/>\n                }<br \/>\n            ]<br \/>\n        });<br \/>\n        $(&#8220;#slider-guni_&#8221;).slickLightbox({<br \/>\n            src: &#8216;src&#8217;,<br \/>\n            itemSelector: &#8216;.galery-image .multimidia-wrapper img&#8217;,<br \/>\n            caption:&#8217;caption&#8217;<br \/>\n        });<br \/>\n    });<br \/>\n<script async src=\"https:\/\/platform.twitter.com\/widgets.js\" charset=\"utf-8\"><\/script><br \/>\n<br \/><i>Com informa\u00e7\u00f5es da assessoria de imprensa do TST.<\/i><br \/>\n<br \/><a href=\"https:\/\/www.tst.jus.br\/web\/guest\/noticias?p_p_id=89Dk&#038;p_p_lifecycle=0&#038;refererPlid=10730&#038;_89Dk_groupId=10157&#038;_89Dk_articleId=30985049\">Fonte<\/a><br \/>\n<br \/><\/p>\n","protected":false},"excerpt":{"rendered":"<p>Audi\u00eancia p\u00fablica reuniu representantes da magistratura, da advocacia e do Minist\u00e9rio P\u00fablico do Trabalho; consulta p\u00fablica sobre o tema segue aberta&nbsp; Mesa de abertura da Audi\u00eancia P\u00fablica sobre as Metas Nacionais para 2023 27\/07\/22 &#8211; O Tribunal Superior do Trabalho (TST) promoveu, nesta quarta-feira (27), pela primeira vez, uma audi\u00eancia p\u00fablica para obter contribui\u00e7\u00f5es da [&hellip;]<\/p>\n","protected":false},"author":3063,"featured_media":11496,"comment_status":"open","ping_status":"open","sticky":false,"template":"","format":"standard","meta":{"footnotes":""},"categories":[3,21],"tags":[33,216,9,12,217,215],"class_list":{"0":"post-11495","1":"post","2":"type-post","3":"status-publish","4":"format-standard","5":"has-post-thumbnail","7":"category-trabalhista","8":"category-tst","9":"tag-calculos-trabalhistas","10":"tag-direito-trabalhista","11":"tag-pericia","12":"tag-perito","13":"tag-trabalho","14":"tag-tst"},"yoast_head":"<!-- This site is optimized with the Yoast SEO plugin v27.2 - https:\/\/yoast.com\/product\/yoast-seo-wordpress\/ -->\n<title>TST: Audi\u00eancia p\u00fablica: Tribunal&nbsp;recebe sugest\u00f5es da sociedade para metas nacionais de 2023 | Portal de Not\u00edcias<\/title>\n<meta name=\"robots\" content=\"index, follow, max-snippet:-1, max-image-preview:large, max-video-preview:-1\" \/>\n<link rel=\"canonical\" href=\"https:\/\/mhcalculos.com.br\/noticias\/area\/trabalhista\/tst-audiencia-publica-tribunal-recebe-sugestoes-da-sociedade-para-metas-nacionais-de-2023.html\" \/>\n<meta property=\"og:locale\" content=\"pt_BR\" \/>\n<meta property=\"og:type\" content=\"article\" \/>\n<meta property=\"og:title\" content=\"TST: Audi\u00eancia p\u00fablica: Tribunal&nbsp;recebe sugest\u00f5es da sociedade para metas nacionais de 2023 | Portal de Not\u00edcias\" \/>\n<meta property=\"og:description\" content=\"Audi\u00eancia p\u00fablica reuniu representantes da magistratura, da advocacia e do Minist\u00e9rio P\u00fablico do Trabalho; consulta p\u00fablica sobre o tema segue aberta&nbsp; Mesa de abertura da Audi\u00eancia P\u00fablica sobre as Metas Nacionais para 2023 27\/07\/22 &#8211; O Tribunal Superior do Trabalho (TST) promoveu, nesta quarta-feira (27), pela primeira vez, uma audi\u00eancia p\u00fablica para obter contribui\u00e7\u00f5es da [&hellip;]\" \/>\n<meta property=\"og:url\" content=\"https:\/\/mhcalculos.com.br\/noticias\/area\/trabalhista\/tst-audiencia-publica-tribunal-recebe-sugestoes-da-sociedade-para-metas-nacionais-de-2023.html\" \/>\n<meta property=\"og:site_name\" content=\"Portal de Not\u00edcias\" \/>\n<meta property=\"article:published_time\" content=\"2022-07-27T21:51:00+00:00\" \/>\n<meta property=\"og:image\" content=\"https:\/\/mhcalculos.com.br\/noticias\/wp-content\/uploads\/sites\/2\/2022\/07\/trabalhista-0007.jpg\" \/>\n\t<meta property=\"og:image:width\" content=\"2000\" \/>\n\t<meta property=\"og:image:height\" content=\"800\" \/>\n\t<meta property=\"og:image:type\" content=\"image\/jpeg\" \/>\n<meta name=\"author\" content=\"Equipe MH\" \/>\n<meta name=\"twitter:card\" content=\"summary_large_image\" \/>\n<meta name=\"twitter:label1\" content=\"Escrito por\" \/>\n\t<meta name=\"twitter:data1\" content=\"Equipe MH\" \/>\n\t<meta name=\"twitter:label2\" content=\"Est. tempo de leitura\" \/>\n\t<meta name=\"twitter:data2\" content=\"4 minutos\" \/>\n<script type=\"application\/ld+json\" class=\"yoast-schema-graph\">{\"@context\":\"https:\/\/schema.org\",\"@graph\":[{\"@type\":\"Article\",\"@id\":\"https:\/\/mhcalculos.com.br\/noticias\/area\/trabalhista\/tst-audiencia-publica-tribunal-recebe-sugestoes-da-sociedade-para-metas-nacionais-de-2023.html#article\",\"isPartOf\":{\"@id\":\"https:\/\/mhcalculos.com.br\/noticias\/area\/trabalhista\/tst-audiencia-publica-tribunal-recebe-sugestoes-da-sociedade-para-metas-nacionais-de-2023.html\"},\"author\":{\"name\":\"Equipe MH\",\"@id\":\"https:\/\/mhcalculos.com.br\/noticias\/#\/schema\/person\/88d1c34bf72dc779ea14a5a6b8e0ae8d\"},\"headline\":\"TST: Audi\u00eancia p\u00fablica: Tribunal&nbsp;recebe sugest\u00f5es da sociedade para metas nacionais de 2023\",\"datePublished\":\"2022-07-27T21:51:00+00:00\",\"mainEntityOfPage\":{\"@id\":\"https:\/\/mhcalculos.com.br\/noticias\/area\/trabalhista\/tst-audiencia-publica-tribunal-recebe-sugestoes-da-sociedade-para-metas-nacionais-de-2023.html\"},\"wordCount\":878,\"commentCount\":0,\"image\":{\"@id\":\"https:\/\/mhcalculos.com.br\/noticias\/area\/trabalhista\/tst-audiencia-publica-tribunal-recebe-sugestoes-da-sociedade-para-metas-nacionais-de-2023.html#primaryimage\"},\"thumbnailUrl\":\"https:\/\/mhcalculos.com.br\/noticias\/wp-content\/uploads\/sites\/2\/2022\/07\/trabalhista-0007.jpg\",\"keywords\":[\"c\u00e1lculos trabalhistas\",\"direito trabalhista\",\"per\u00edcia\",\"perito\",\"trabalho\",\"TST\"],\"articleSection\":[\"Direito Trabalhista\",\"TST\"],\"inLanguage\":\"pt-BR\",\"potentialAction\":[{\"@type\":\"CommentAction\",\"name\":\"Comment\",\"target\":[\"https:\/\/mhcalculos.com.br\/noticias\/area\/trabalhista\/tst-audiencia-publica-tribunal-recebe-sugestoes-da-sociedade-para-metas-nacionais-de-2023.html#respond\"]}]},{\"@type\":\"WebPage\",\"@id\":\"https:\/\/mhcalculos.com.br\/noticias\/area\/trabalhista\/tst-audiencia-publica-tribunal-recebe-sugestoes-da-sociedade-para-metas-nacionais-de-2023.html\",\"url\":\"https:\/\/mhcalculos.com.br\/noticias\/area\/trabalhista\/tst-audiencia-publica-tribunal-recebe-sugestoes-da-sociedade-para-metas-nacionais-de-2023.html\",\"name\":\"TST: Audi\u00eancia p\u00fablica: Tribunal&nbsp;recebe sugest\u00f5es da sociedade para metas nacionais de 2023 | Portal de Not\u00edcias\",\"isPartOf\":{\"@id\":\"https:\/\/mhcalculos.com.br\/noticias\/#website\"},\"primaryImageOfPage\":{\"@id\":\"https:\/\/mhcalculos.com.br\/noticias\/area\/trabalhista\/tst-audiencia-publica-tribunal-recebe-sugestoes-da-sociedade-para-metas-nacionais-de-2023.html#primaryimage\"},\"image\":{\"@id\":\"https:\/\/mhcalculos.com.br\/noticias\/area\/trabalhista\/tst-audiencia-publica-tribunal-recebe-sugestoes-da-sociedade-para-metas-nacionais-de-2023.html#primaryimage\"},\"thumbnailUrl\":\"https:\/\/mhcalculos.com.br\/noticias\/wp-content\/uploads\/sites\/2\/2022\/07\/trabalhista-0007.jpg\",\"datePublished\":\"2022-07-27T21:51:00+00:00\",\"author\":{\"@id\":\"https:\/\/mhcalculos.com.br\/noticias\/#\/schema\/person\/88d1c34bf72dc779ea14a5a6b8e0ae8d\"},\"breadcrumb\":{\"@id\":\"https:\/\/mhcalculos.com.br\/noticias\/area\/trabalhista\/tst-audiencia-publica-tribunal-recebe-sugestoes-da-sociedade-para-metas-nacionais-de-2023.html#breadcrumb\"},\"inLanguage\":\"pt-BR\",\"potentialAction\":[{\"@type\":\"ReadAction\",\"target\":[\"https:\/\/mhcalculos.com.br\/noticias\/area\/trabalhista\/tst-audiencia-publica-tribunal-recebe-sugestoes-da-sociedade-para-metas-nacionais-de-2023.html\"]}]},{\"@type\":\"ImageObject\",\"inLanguage\":\"pt-BR\",\"@id\":\"https:\/\/mhcalculos.com.br\/noticias\/area\/trabalhista\/tst-audiencia-publica-tribunal-recebe-sugestoes-da-sociedade-para-metas-nacionais-de-2023.html#primaryimage\",\"url\":\"https:\/\/mhcalculos.com.br\/noticias\/wp-content\/uploads\/sites\/2\/2022\/07\/trabalhista-0007.jpg\",\"contentUrl\":\"https:\/\/mhcalculos.com.br\/noticias\/wp-content\/uploads\/sites\/2\/2022\/07\/trabalhista-0007.jpg\",\"width\":2000,\"height\":800},{\"@type\":\"BreadcrumbList\",\"@id\":\"https:\/\/mhcalculos.com.br\/noticias\/area\/trabalhista\/tst-audiencia-publica-tribunal-recebe-sugestoes-da-sociedade-para-metas-nacionais-de-2023.html#breadcrumb\",\"itemListElement\":[{\"@type\":\"ListItem\",\"position\":1,\"name\":\"In\u00edcio\",\"item\":\"https:\/\/mhcalculos.com.br\/noticias\/\"},{\"@type\":\"ListItem\",\"position\":2,\"name\":\"TST: Audi\u00eancia p\u00fablica: Tribunal&nbsp;recebe sugest\u00f5es da sociedade para metas nacionais de 2023\"}]},{\"@type\":\"WebSite\",\"@id\":\"https:\/\/mhcalculos.com.br\/noticias\/#website\",\"url\":\"https:\/\/mhcalculos.com.br\/noticias\/\",\"name\":\"Portal de Not\u00edcias\",\"description\":\"Not\u00edcias e Jurisprud\u00eancia\",\"potentialAction\":[{\"@type\":\"SearchAction\",\"target\":{\"@type\":\"EntryPoint\",\"urlTemplate\":\"https:\/\/mhcalculos.com.br\/noticias\/?s={search_term_string}\"},\"query-input\":{\"@type\":\"PropertyValueSpecification\",\"valueRequired\":true,\"valueName\":\"search_term_string\"}}],\"inLanguage\":\"pt-BR\"},{\"@type\":\"Person\",\"@id\":\"https:\/\/mhcalculos.com.br\/noticias\/#\/schema\/person\/88d1c34bf72dc779ea14a5a6b8e0ae8d\",\"name\":\"Equipe MH\",\"image\":{\"@type\":\"ImageObject\",\"inLanguage\":\"pt-BR\",\"@id\":\"https:\/\/secure.gravatar.com\/avatar\/de1c686c2ecc9c5a3f327e3431d819eb39f8f05d4e1045f5a1caad6daaba987f?s=96&d=mm&r=g\",\"url\":\"https:\/\/secure.gravatar.com\/avatar\/de1c686c2ecc9c5a3f327e3431d819eb39f8f05d4e1045f5a1caad6daaba987f?s=96&d=mm&r=g\",\"contentUrl\":\"https:\/\/secure.gravatar.com\/avatar\/de1c686c2ecc9c5a3f327e3431d819eb39f8f05d4e1045f5a1caad6daaba987f?s=96&d=mm&r=g\",\"caption\":\"Equipe MH\"}}]}<\/script>\n<!-- \/ Yoast SEO plugin. -->","yoast_head_json":{"title":"TST: Audi\u00eancia p\u00fablica: Tribunal&nbsp;recebe sugest\u00f5es da sociedade para metas nacionais de 2023 | Portal de Not\u00edcias","robots":{"index":"index","follow":"follow","max-snippet":"max-snippet:-1","max-image-preview":"max-image-preview:large","max-video-preview":"max-video-preview:-1"},"canonical":"https:\/\/mhcalculos.com.br\/noticias\/area\/trabalhista\/tst-audiencia-publica-tribunal-recebe-sugestoes-da-sociedade-para-metas-nacionais-de-2023.html","og_locale":"pt_BR","og_type":"article","og_title":"TST: Audi\u00eancia p\u00fablica: Tribunal&nbsp;recebe sugest\u00f5es da sociedade para metas nacionais de 2023 | Portal de Not\u00edcias","og_description":"Audi\u00eancia p\u00fablica reuniu representantes da magistratura, da advocacia e do Minist\u00e9rio P\u00fablico do Trabalho; consulta p\u00fablica sobre o tema segue aberta&nbsp; Mesa de abertura da Audi\u00eancia P\u00fablica sobre as Metas Nacionais para 2023 27\/07\/22 &#8211; O Tribunal Superior do Trabalho (TST) promoveu, nesta quarta-feira (27), pela primeira vez, uma audi\u00eancia p\u00fablica para obter contribui\u00e7\u00f5es da [&hellip;]","og_url":"https:\/\/mhcalculos.com.br\/noticias\/area\/trabalhista\/tst-audiencia-publica-tribunal-recebe-sugestoes-da-sociedade-para-metas-nacionais-de-2023.html","og_site_name":"Portal de Not\u00edcias","article_published_time":"2022-07-27T21:51:00+00:00","og_image":[{"width":2000,"height":800,"url":"https:\/\/mhcalculos.com.br\/noticias\/wp-content\/uploads\/sites\/2\/2022\/07\/trabalhista-0007.jpg","type":"image\/jpeg"}],"author":"Equipe MH","twitter_card":"summary_large_image","twitter_misc":{"Escrito por":"Equipe MH","Est. tempo de leitura":"4 minutos"},"schema":{"@context":"https:\/\/schema.org","@graph":[{"@type":"Article","@id":"https:\/\/mhcalculos.com.br\/noticias\/area\/trabalhista\/tst-audiencia-publica-tribunal-recebe-sugestoes-da-sociedade-para-metas-nacionais-de-2023.html#article","isPartOf":{"@id":"https:\/\/mhcalculos.com.br\/noticias\/area\/trabalhista\/tst-audiencia-publica-tribunal-recebe-sugestoes-da-sociedade-para-metas-nacionais-de-2023.html"},"author":{"name":"Equipe MH","@id":"https:\/\/mhcalculos.com.br\/noticias\/#\/schema\/person\/88d1c34bf72dc779ea14a5a6b8e0ae8d"},"headline":"TST: Audi\u00eancia p\u00fablica: Tribunal&nbsp;recebe sugest\u00f5es da sociedade para metas nacionais de 2023","datePublished":"2022-07-27T21:51:00+00:00","mainEntityOfPage":{"@id":"https:\/\/mhcalculos.com.br\/noticias\/area\/trabalhista\/tst-audiencia-publica-tribunal-recebe-sugestoes-da-sociedade-para-metas-nacionais-de-2023.html"},"wordCount":878,"commentCount":0,"image":{"@id":"https:\/\/mhcalculos.com.br\/noticias\/area\/trabalhista\/tst-audiencia-publica-tribunal-recebe-sugestoes-da-sociedade-para-metas-nacionais-de-2023.html#primaryimage"},"thumbnailUrl":"https:\/\/mhcalculos.com.br\/noticias\/wp-content\/uploads\/sites\/2\/2022\/07\/trabalhista-0007.jpg","keywords":["c\u00e1lculos trabalhistas","direito trabalhista","per\u00edcia","perito","trabalho","TST"],"articleSection":["Direito Trabalhista","TST"],"inLanguage":"pt-BR","potentialAction":[{"@type":"CommentAction","name":"Comment","target":["https:\/\/mhcalculos.com.br\/noticias\/area\/trabalhista\/tst-audiencia-publica-tribunal-recebe-sugestoes-da-sociedade-para-metas-nacionais-de-2023.html#respond"]}]},{"@type":"WebPage","@id":"https:\/\/mhcalculos.com.br\/noticias\/area\/trabalhista\/tst-audiencia-publica-tribunal-recebe-sugestoes-da-sociedade-para-metas-nacionais-de-2023.html","url":"https:\/\/mhcalculos.com.br\/noticias\/area\/trabalhista\/tst-audiencia-publica-tribunal-recebe-sugestoes-da-sociedade-para-metas-nacionais-de-2023.html","name":"TST: Audi\u00eancia p\u00fablica: Tribunal&nbsp;recebe sugest\u00f5es da sociedade para metas nacionais de 2023 | Portal de Not\u00edcias","isPartOf":{"@id":"https:\/\/mhcalculos.com.br\/noticias\/#website"},"primaryImageOfPage":{"@id":"https:\/\/mhcalculos.com.br\/noticias\/area\/trabalhista\/tst-audiencia-publica-tribunal-recebe-sugestoes-da-sociedade-para-metas-nacionais-de-2023.html#primaryimage"},"image":{"@id":"https:\/\/mhcalculos.com.br\/noticias\/area\/trabalhista\/tst-audiencia-publica-tribunal-recebe-sugestoes-da-sociedade-para-metas-nacionais-de-2023.html#primaryimage"},"thumbnailUrl":"https:\/\/mhcalculos.com.br\/noticias\/wp-content\/uploads\/sites\/2\/2022\/07\/trabalhista-0007.jpg","datePublished":"2022-07-27T21:51:00+00:00","author":{"@id":"https:\/\/mhcalculos.com.br\/noticias\/#\/schema\/person\/88d1c34bf72dc779ea14a5a6b8e0ae8d"},"breadcrumb":{"@id":"https:\/\/mhcalculos.com.br\/noticias\/area\/trabalhista\/tst-audiencia-publica-tribunal-recebe-sugestoes-da-sociedade-para-metas-nacionais-de-2023.html#breadcrumb"},"inLanguage":"pt-BR","potentialAction":[{"@type":"ReadAction","target":["https:\/\/mhcalculos.com.br\/noticias\/area\/trabalhista\/tst-audiencia-publica-tribunal-recebe-sugestoes-da-sociedade-para-metas-nacionais-de-2023.html"]}]},{"@type":"ImageObject","inLanguage":"pt-BR","@id":"https:\/\/mhcalculos.com.br\/noticias\/area\/trabalhista\/tst-audiencia-publica-tribunal-recebe-sugestoes-da-sociedade-para-metas-nacionais-de-2023.html#primaryimage","url":"https:\/\/mhcalculos.com.br\/noticias\/wp-content\/uploads\/sites\/2\/2022\/07\/trabalhista-0007.jpg","contentUrl":"https:\/\/mhcalculos.com.br\/noticias\/wp-content\/uploads\/sites\/2\/2022\/07\/trabalhista-0007.jpg","width":2000,"height":800},{"@type":"BreadcrumbList","@id":"https:\/\/mhcalculos.com.br\/noticias\/area\/trabalhista\/tst-audiencia-publica-tribunal-recebe-sugestoes-da-sociedade-para-metas-nacionais-de-2023.html#breadcrumb","itemListElement":[{"@type":"ListItem","position":1,"name":"In\u00edcio","item":"https:\/\/mhcalculos.com.br\/noticias\/"},{"@type":"ListItem","position":2,"name":"TST: Audi\u00eancia p\u00fablica: Tribunal&nbsp;recebe sugest\u00f5es da sociedade para metas nacionais de 2023"}]},{"@type":"WebSite","@id":"https:\/\/mhcalculos.com.br\/noticias\/#website","url":"https:\/\/mhcalculos.com.br\/noticias\/","name":"Portal de Not\u00edcias","description":"Not\u00edcias e Jurisprud\u00eancia","potentialAction":[{"@type":"SearchAction","target":{"@type":"EntryPoint","urlTemplate":"https:\/\/mhcalculos.com.br\/noticias\/?s={search_term_string}"},"query-input":{"@type":"PropertyValueSpecification","valueRequired":true,"valueName":"search_term_string"}}],"inLanguage":"pt-BR"},{"@type":"Person","@id":"https:\/\/mhcalculos.com.br\/noticias\/#\/schema\/person\/88d1c34bf72dc779ea14a5a6b8e0ae8d","name":"Equipe MH","image":{"@type":"ImageObject","inLanguage":"pt-BR","@id":"https:\/\/secure.gravatar.com\/avatar\/de1c686c2ecc9c5a3f327e3431d819eb39f8f05d4e1045f5a1caad6daaba987f?s=96&d=mm&r=g","url":"https:\/\/secure.gravatar.com\/avatar\/de1c686c2ecc9c5a3f327e3431d819eb39f8f05d4e1045f5a1caad6daaba987f?s=96&d=mm&r=g","contentUrl":"https:\/\/secure.gravatar.com\/avatar\/de1c686c2ecc9c5a3f327e3431d819eb39f8f05d4e1045f5a1caad6daaba987f?s=96&d=mm&r=g","caption":"Equipe MH"}}]}},"_links":{"self":[{"href":"https:\/\/mhcalculos.com.br\/noticias\/wp-json\/wp\/v2\/posts\/11495","targetHints":{"allow":["GET"]}}],"collection":[{"href":"https:\/\/mhcalculos.com.br\/noticias\/wp-json\/wp\/v2\/posts"}],"about":[{"href":"https:\/\/mhcalculos.com.br\/noticias\/wp-json\/wp\/v2\/types\/post"}],"author":[{"embeddable":true,"href":"https:\/\/mhcalculos.com.br\/noticias\/wp-json\/wp\/v2\/users\/3063"}],"replies":[{"embeddable":true,"href":"https:\/\/mhcalculos.com.br\/noticias\/wp-json\/wp\/v2\/comments?post=11495"}],"version-history":[{"count":0,"href":"https:\/\/mhcalculos.com.br\/noticias\/wp-json\/wp\/v2\/posts\/11495\/revisions"}],"wp:featuredmedia":[{"embeddable":true,"href":"https:\/\/mhcalculos.com.br\/noticias\/wp-json\/wp\/v2\/media\/11496"}],"wp:attachment":[{"href":"https:\/\/mhcalculos.com.br\/noticias\/wp-json\/wp\/v2\/media?parent=11495"}],"wp:term":[{"taxonomy":"category","embeddable":true,"href":"https:\/\/mhcalculos.com.br\/noticias\/wp-json\/wp\/v2\/categories?post=11495"},{"taxonomy":"post_tag","embeddable":true,"href":"https:\/\/mhcalculos.com.br\/noticias\/wp-json\/wp\/v2\/tags?post=11495"}],"curies":[{"name":"wp","href":"https:\/\/api.w.org\/{rel}","templated":true}]}}