{"id":11467,"date":"2022-07-18T18:55:00","date_gmt":"2022-07-18T21:55:00","guid":{"rendered":"https:\/\/mhcalculos.com.br\/noticias\/area\/trabalhista\/tst-empresa-tem-que-ser-citada-sobre-o-inicio-da-execucao-da-sentenca.html"},"modified":"2022-07-18T18:55:00","modified_gmt":"2022-07-18T21:55:00","slug":"tst-empresa-tem-que-ser-citada-sobre-o-inicio-da-execucao-da-sentenca","status":"publish","type":"post","link":"https:\/\/mhcalculos.com.br\/noticias\/area\/trabalhista\/tst-empresa-tem-que-ser-citada-sobre-o-inicio-da-execucao-da-sentenca.html","title":{"rendered":"TST: Empresa tem que ser citada sobre o in\u00edcio da execu\u00e7\u00e3o da senten\u00e7a"},"content":{"rendered":"<p><br \/>\n<\/p>\n<p><em><\/p>\n<p>N\u00e3o se pode determinar imediata penhora, ap\u00f3s cinco dias do tr\u00e2nsito em julgado, sem a cita\u00e7\u00e3o do executado.&nbsp;<\/p>\n<p><\/em><\/p>\n<p>        <a class=\"share-facebook\" href=\"https:\/\/www.facebook.com\/sharer.php?u=https:\/\/www.tst.jus.br\/-\/empresa-tem-que-ser-citada-sobre-o-in%C3%ADcio-da-execu%C3%A7%C3%A3o-da-senten%C3%A7a-1\" target=\"_blank\" rel=\"noopener\"><\/a><br \/>\n        <a class=\"share-twitter\" href=\"http:\/\/twitter.com\/intent\/tweet?text=Empresa tem que ser citada sobre o in\u00edcio da execu\u00e7\u00e3o da senten\u00e7a%0AVeja%20mais%20em:&amp;url=https:\/\/www.tst.jus.br\/-\/empresa-tem-que-ser-citada-sobre-o-in%C3%ADcio-da-execu%C3%A7%C3%A3o-da-senten%C3%A7a-1\" target=\"_blank\" rel=\"noopener\"><\/a><br \/>\n        <a class=\"share-linkedin\" href=\"https:\/\/www.linkedin.com\/shareArticle?mini=true&amp;url=https:\/\/www.tst.jus.br\/-\/empresa-tem-que-ser-citada-sobre-o-in%C3%ADcio-da-execu%C3%A7%C3%A3o-da-senten%C3%A7a-1&amp;title=Empresa tem que ser citada sobre o in\u00edcio da execu\u00e7\u00e3o da senten\u00e7a\" target=\"_blank\" rel=\"noopener\"><\/a><br \/>\n        <a class=\"share-whatsapp\" href=\"https:\/\/web.whatsapp.com\/send?text=https:\/\/www.tst.jus.br\/-\/empresa-tem-que-ser-citada-sobre-o-in%C3%ADcio-da-execu%C3%A7%C3%A3o-da-senten%C3%A7a-1\" target=\"_blank\" rel=\"noopener\"><\/a><br \/>\n        <a class=\"share-googleplus\" href=\"https:\/\/plus.google.com\/share?url=https:\/\/www.tst.jus.br\/-\/empresa-tem-que-ser-citada-sobre-o-in%C3%ADcio-da-execu%C3%A7%C3%A3o-da-senten%C3%A7a-1\" target=\"_blank\" rel=\"noopener\"><\/a><\/p>\n<p>                <\/p>\n<p>Ministro Alexandre Agra Belmonte<\/p>\n<p>                    <a class=\"share-facebook\" href=\"https:\/\/www.facebook.com\/sharer.php?u=https:\/\/www.tst.jus.br\/-\/empresa-tem-que-ser-citada-sobre-o-in%C3%ADcio-da-execu%C3%A7%C3%A3o-da-senten%C3%A7a-1\" target=\"_blank\" rel=\"noopener\"><\/a><br \/>\n                    <a class=\"share-twitter\" href=\"http:\/\/twitter.com\/intent\/tweet?text=Empresa tem que ser citada sobre o in\u00edcio da execu\u00e7\u00e3o da senten\u00e7a%0AVeja%20mais%20em:&amp;url=https:\/\/www.tst.jus.br\/-\/empresa-tem-que-ser-citada-sobre-o-in%C3%ADcio-da-execu%C3%A7%C3%A3o-da-senten%C3%A7a-1\" target=\"_blank\" rel=\"noopener\"><\/a><br \/>\n                    <a class=\"share-linkedin\" href=\"https:\/\/www.linkedin.com\/shareArticle?mini=true&amp;url=https:\/\/www.tst.jus.br\/-\/empresa-tem-que-ser-citada-sobre-o-in%C3%ADcio-da-execu%C3%A7%C3%A3o-da-senten%C3%A7a-1&amp;title=Empresa tem que ser citada sobre o in\u00edcio da execu\u00e7\u00e3o da senten\u00e7a\" target=\"_blank\" rel=\"noopener\"><\/a><br \/>\n                    <a class=\"share-whatsapp\" href=\"https:\/\/web.whatsapp.com\/send?text=https:\/\/www.tst.jus.br\/-\/empresa-tem-que-ser-citada-sobre-o-in%C3%ADcio-da-execu%C3%A7%C3%A3o-da-senten%C3%A7a-1\" target=\"_blank\" rel=\"noopener\"><\/a><br \/>\n                    <a class=\"share-googleplus\" href=\"https:\/\/plus.google.com\/share?url=https:\/\/www.tst.jus.br\/-\/empresa-tem-que-ser-citada-sobre-o-in%C3%ADcio-da-execu%C3%A7%C3%A3o-da-senten%C3%A7a-1\" target=\"_blank\" rel=\"noopener\"><\/a><\/p>\n<p>18\/07\/2022 &#8211;&nbsp;A Oitava Turma do Tribunal Superior do Trabalho (TST) determinou que a Mejer Agroflorestal Ltda., condenada a pagar verbas trabalhistas, seja citada do in\u00edcio da fase de execu\u00e7\u00e3o. Conforme o colegiado, que reformou decis\u00e3o das inst\u00e2ncias anteriores, na Justi\u00e7a do Trabalho, n\u00e3o h\u00e1 possibilidade de se determinar imediata penhora, ap\u00f3s cinco dias do tr\u00e2nsito em julgado, sem a devida cita\u00e7\u00e3o do executado.<\/p>\n<p>A a\u00e7\u00e3o foi ajuizada por um trabalhador rural que prestou servi\u00e7os para a Mejer, de 2014 a 2016, no plantio e colheita de dend\u00ea, na fazenda da empregadora localizada no munic\u00edpio de Bonito (PA).&nbsp;<\/p>\n<p><strong>Celeridade<\/strong><\/p>\n<p>Ap\u00f3s a condena\u00e7\u00e3o da empresa, o ju\u00edzo de primeiro grau determinou que a Mejer pague ou garanta a execu\u00e7\u00e3o, no prazo de 48 horas ap\u00f3s o tr\u00e2nsito em julgado, \u201cprocedendo-se \u00e0 imediata penhora de bens\u201d. A ordem se baseou no artigo 832, par\u00e1grafo 1\u00ba, da <a href=\"https:\/\/www.google.com\/url?q=http:\/\/www.planalto.gov.br\/ccivil_03\/decreto-lei\/del5452.htm&amp;sa=D&amp;source=docs&amp;ust=1658185074903507&amp;usg=AOvVaw0hDyeZlo7Eze4L80eavcwp\" target=\"_blank\" rel=\"noopener\">CLT<\/a>, o qual especifica que, \u201cquando a decis\u00e3o concluir pela proced\u00eancia do pedido,&nbsp;determinar\u00e1 o prazo e as condi\u00e7\u00f5es para o seu cumprimento\u201d.&nbsp;<\/p>\n<p>Ao examinar recurso da empresa contra essa decis\u00e3o, o Tribunal Regional do Trabalho da 8\u00aa Regi\u00e3o (PA\/AP) manteve a senten\u00e7a. Para o TRT, diante da previs\u00e3o constitucional do princ\u00edpio da celeridade processual, seria \u201cperfeitamente poss\u00edvel o magistrado dispor da forma de cumprimento da senten\u00e7a objetivando alcan\u00e7ar o referido preceito constitucional\u201d.&nbsp;<\/p>\n<p>No recurso ao TST, a empresa alegou que a execu\u00e7\u00e3o trabalhista se processa com regramento pr\u00f3prio, conforme as regras da CLT. E ressaltou que, \u201ca pretexto de prestigiar os princ\u00edpios da celeridade e da economia processual, o Regional criou obriga\u00e7\u00e3o que n\u00e3o possui amparo legal e que n\u00e3o constitui meio mais c\u00e9lere do que a penhora j\u00e1 garantida pela legisla\u00e7\u00e3o trabalhista\u201d.<\/p>\n<p><strong>Necessidade de cita\u00e7\u00e3o<\/strong><\/p>\n<p>Segundo o relator do recurso de revista, ministro Alexandre Agra Belmonte, realmente, \u201ca CLT tem regras espec\u00edficas no tocante ao modo de execu\u00e7\u00e3o da senten\u00e7a, com a determina\u00e7\u00e3o para a expedi\u00e7\u00e3o de mandado de cita\u00e7\u00e3o do executado para pagamento ou garantia da execu\u00e7\u00e3o\u201d.&nbsp;<\/p>\n<p>Ap\u00f3s citar os artigos 880, 882 e 883 da CLT, o ministro afirmou que a execu\u00e7\u00e3o trabalhista tem in\u00edcio com a expedi\u00e7\u00e3o do mandado de cita\u00e7\u00e3o ao executado para que efetue o pagamento do valor devido, \u201cn\u00e3o se podendo falar em imediata penhora, ap\u00f3s cinco dias do tr\u00e2nsito em julgado, sem a devida cita\u00e7\u00e3o do executado\u201d. O relator destacou que existe previs\u00e3o expressa no artigo 880 da CLT sobre a execu\u00e7\u00e3o trabalhista: \u201ch\u00e1 necessidade de expedi\u00e7\u00e3o de mandado de cita\u00e7\u00e3o\u201d.<\/p>\n<p>Nesse contexto, na avalia\u00e7\u00e3o do ministro Agra Belmonte, o entendimento do TRT, com base no artigo 832, par\u00e1grafo 1\u00ba, da CLT, n\u00e3o se mant\u00e9m. Isso porque, segundo o relator, \u201co dispositivo n\u00e3o consiste em expressa autoriza\u00e7\u00e3o legal para incid\u00eancia desta esp\u00e9cie de san\u00e7\u00e3o (falta de cita\u00e7\u00e3o)\u201d. O motivo \u00e9 que ele especifica apenas que, no caso de a decis\u00e3o concluir pela proced\u00eancia do pedido, \u201cdeterminar\u00e1 o prazo e as condi\u00e7\u00f5es para o seu cumprimento\u201d, mas nada se refere \u201cacerca da n\u00e3o cita\u00e7\u00e3o do executado\u201d, frisou.<\/p>\n<p>O ministro concluiu que o Tribunal Regional, ao dispensar a cita\u00e7\u00e3o da empresa, no in\u00edcio da fase de execu\u00e7\u00e3o, contrariou o disposto na legisla\u00e7\u00e3o. Seguindo esse entendimento, a Oitava Turma, por unanimidade, determinou que a empresa seja citada sobre o in\u00edcio da fase de execu\u00e7\u00e3o, nos estritos termos do artigo 880 da CLT.<\/p>\n<p>(LT\/GS)<\/p>\n<p>Processo: <a href=\"https:\/\/consultaprocessual.tst.jus.br\/consultaProcessual\/consultaTstNumUnica.do;jsessionid=P2UV6Fy8ZWSUdkVJ7R8lMz-fYAFbUhWKhFkj-h-n.consultaprocessual-17-55gjk?conscsjt=&amp;numeroTst=459&amp;digitoTst=72&amp;anoTst=2016&amp;orgaoTst=5&amp;tribunalTst=08&amp;varaTst=0105&amp;consulta=Consultar\" target=\"_blank\" rel=\"noopener\">RRAg &#8211; 459-72.2016.5.08.0105<\/a><\/p>\n<p><em>O TST possui oito Turmas, cada uma composta de tr\u00eas ministros, com a atribui\u00e7\u00e3o de analisar recursos de revista, agravos, agravos de instrumento, agravos regimentais e recursos ordin\u00e1rios em a\u00e7\u00e3o cautelar. Das decis\u00f5es das Turmas, a parte ainda pode, em alguns casos, recorrer \u00e0 Subse\u00e7\u00e3o I Especializada em Diss\u00eddios Individuais (SBDI-1).<\/em><\/p>\n<p>Esta mat\u00e9ria tem cunho meramente informativo.<br \/>\nPermitida a reprodu\u00e7\u00e3o mediante cita\u00e7\u00e3o da fonte.<br \/>\nSecretaria de Comunica\u00e7\u00e3o Social<br \/>\nTribunal Superior do Trabalho<br \/>\nTel. (61) 3043-4907<br \/>\nsecom@tst.jus.br<\/p>\n<p>    $(&#8216;#lightbox-sngc_ .slider-gallery-wrapper img&#8217;).hover(<br \/>\n    function() {<br \/>\n        const $text=$($($(this).parent()).next());<br \/>\n        $text.hasClass(&#8216;inside-description&#8217;) &amp;&amp; $text.fadeTo( &#8220;slow&#8221; , 0);<br \/>\n    }, function() {<br \/>\n        const $text=$($($(this).parent()).next());<br \/>\n        $text.hasClass(&#8216;inside-description&#8217;) &amp;&amp; $text.fadeTo( &#8220;slow&#8221; , 1);<br \/>\n    }<br \/>\n    );<br \/>\n    $(document).ready(function() {<br \/>\n        var sngc_autoplaying=false;<br \/>\n        var sngc_showingLightbox=false;<br \/>\n        const sngc_playPauseControllers=&#8221;#slider-sngc_-playpause, #slider-sngc_-lightbox-playpause&#8221;;<br \/>\n        $(&#8220;#slider-sngc_&#8221;).slick({<br \/>\n            slidesToShow: 1,<br \/>\n            slidesToScroll: 1,<br \/>\n            autoplay: sngc_autoplaying,<br \/>\n            swipeToSlide: false,<br \/>\n            centerMode: false,<br \/>\n            autoplaySpeed: 3000,<br \/>\n            focusOnSelect: true,<br \/>\n            prevArrow:<br \/>\n            &#8221;,<br \/>\n            nextArrow:<br \/>\n            &#8221;,<br \/>\n            centerPadding: &#8220;60px&#8221;,<br \/>\n            responsive: [<br \/>\n                {<br \/>\n                    breakpoint: 767.98,<br \/>\n                    settings: {<br \/>\n                        slidesToShow: 3,<br \/>\n                        adaptiveHeight: true<br \/>\n                    }<br \/>\n                }<br \/>\n            ]<br \/>\n        });<br \/>\n        $(&#8220;#slider-sngc_&#8221;).slickLightbox({<br \/>\n            src: &#8216;src&#8217;,<br \/>\n            itemSelector: &#8216;.galery-image .multimidia-wrapper img&#8217;,<br \/>\n            caption:&#8217;caption&#8217;<br \/>\n        });<br \/>\n    });<br \/>\n<script async src=\"https:\/\/platform.twitter.com\/widgets.js\" charset=\"utf-8\"><\/script><br \/>\n<br \/><i>Com informa\u00e7\u00f5es da assessoria de imprensa do TST.<\/i><br \/>\n<br \/><a href=\"https:\/\/www.tst.jus.br\/web\/guest\/noticias?p_p_id=89Dk&#038;p_p_lifecycle=0&#038;refererPlid=10730&#038;_89Dk_groupId=10157&#038;_89Dk_articleId=30957826\">Fonte<\/a><br \/>\n<br \/><\/p>\n","protected":false},"excerpt":{"rendered":"<p>N\u00e3o se pode determinar imediata penhora, ap\u00f3s cinco dias do tr\u00e2nsito em julgado, sem a cita\u00e7\u00e3o do executado.&nbsp; Ministro Alexandre Agra Belmonte 18\/07\/2022 &#8211;&nbsp;A Oitava Turma do Tribunal Superior do Trabalho (TST) determinou que a Mejer Agroflorestal Ltda., condenada a pagar verbas trabalhistas, seja citada do in\u00edcio da fase de execu\u00e7\u00e3o. Conforme o colegiado, que [&hellip;]<\/p>\n","protected":false},"author":3063,"featured_media":11468,"comment_status":"open","ping_status":"open","sticky":false,"template":"","format":"standard","meta":{"footnotes":""},"categories":[3,21],"tags":[33,216,9,12,217,215],"class_list":{"0":"post-11467","1":"post","2":"type-post","3":"status-publish","4":"format-standard","5":"has-post-thumbnail","7":"category-trabalhista","8":"category-tst","9":"tag-calculos-trabalhistas","10":"tag-direito-trabalhista","11":"tag-pericia","12":"tag-perito","13":"tag-trabalho","14":"tag-tst"},"yoast_head":"<!-- This site is optimized with the Yoast SEO plugin v27.2 - https:\/\/yoast.com\/product\/yoast-seo-wordpress\/ -->\n<title>TST: Empresa tem que ser citada sobre o in\u00edcio da execu\u00e7\u00e3o da senten\u00e7a | Portal de Not\u00edcias<\/title>\n<meta name=\"robots\" content=\"index, follow, max-snippet:-1, max-image-preview:large, max-video-preview:-1\" \/>\n<link rel=\"canonical\" href=\"https:\/\/mhcalculos.com.br\/noticias\/area\/trabalhista\/tst-empresa-tem-que-ser-citada-sobre-o-inicio-da-execucao-da-sentenca.html\" \/>\n<meta property=\"og:locale\" content=\"pt_BR\" \/>\n<meta property=\"og:type\" content=\"article\" \/>\n<meta property=\"og:title\" content=\"TST: Empresa tem que ser citada sobre o in\u00edcio da execu\u00e7\u00e3o da senten\u00e7a | Portal de Not\u00edcias\" \/>\n<meta property=\"og:description\" content=\"N\u00e3o se pode determinar imediata penhora, ap\u00f3s cinco dias do tr\u00e2nsito em julgado, sem a cita\u00e7\u00e3o do executado.&nbsp; Ministro Alexandre Agra Belmonte 18\/07\/2022 &#8211;&nbsp;A Oitava Turma do Tribunal Superior do Trabalho (TST) determinou que a Mejer Agroflorestal Ltda., condenada a pagar verbas trabalhistas, seja citada do in\u00edcio da fase de execu\u00e7\u00e3o. Conforme o colegiado, que [&hellip;]\" \/>\n<meta property=\"og:url\" content=\"https:\/\/mhcalculos.com.br\/noticias\/area\/trabalhista\/tst-empresa-tem-que-ser-citada-sobre-o-inicio-da-execucao-da-sentenca.html\" \/>\n<meta property=\"og:site_name\" content=\"Portal de Not\u00edcias\" \/>\n<meta property=\"article:published_time\" content=\"2022-07-18T21:55:00+00:00\" \/>\n<meta property=\"og:image\" content=\"https:\/\/mhcalculos.com.br\/noticias\/wp-content\/uploads\/sites\/2\/2022\/07\/judiciario-0005.jpg\" \/>\n\t<meta property=\"og:image:width\" content=\"2000\" \/>\n\t<meta property=\"og:image:height\" content=\"800\" \/>\n\t<meta property=\"og:image:type\" content=\"image\/jpeg\" \/>\n<meta name=\"author\" content=\"Equipe MH\" \/>\n<meta name=\"twitter:card\" content=\"summary_large_image\" \/>\n<meta name=\"twitter:label1\" content=\"Escrito por\" \/>\n\t<meta name=\"twitter:data1\" content=\"Equipe MH\" \/>\n\t<meta name=\"twitter:label2\" content=\"Est. tempo de leitura\" \/>\n\t<meta name=\"twitter:data2\" content=\"4 minutos\" \/>\n<script type=\"application\/ld+json\" class=\"yoast-schema-graph\">{\"@context\":\"https:\/\/schema.org\",\"@graph\":[{\"@type\":\"Article\",\"@id\":\"https:\/\/mhcalculos.com.br\/noticias\/area\/trabalhista\/tst-empresa-tem-que-ser-citada-sobre-o-inicio-da-execucao-da-sentenca.html#article\",\"isPartOf\":{\"@id\":\"https:\/\/mhcalculos.com.br\/noticias\/area\/trabalhista\/tst-empresa-tem-que-ser-citada-sobre-o-inicio-da-execucao-da-sentenca.html\"},\"author\":{\"name\":\"Equipe MH\",\"@id\":\"https:\/\/mhcalculos.com.br\/noticias\/#\/schema\/person\/88d1c34bf72dc779ea14a5a6b8e0ae8d\"},\"headline\":\"TST: Empresa tem que ser citada sobre o in\u00edcio da execu\u00e7\u00e3o da senten\u00e7a\",\"datePublished\":\"2022-07-18T21:55:00+00:00\",\"mainEntityOfPage\":{\"@id\":\"https:\/\/mhcalculos.com.br\/noticias\/area\/trabalhista\/tst-empresa-tem-que-ser-citada-sobre-o-inicio-da-execucao-da-sentenca.html\"},\"wordCount\":846,\"commentCount\":0,\"image\":{\"@id\":\"https:\/\/mhcalculos.com.br\/noticias\/area\/trabalhista\/tst-empresa-tem-que-ser-citada-sobre-o-inicio-da-execucao-da-sentenca.html#primaryimage\"},\"thumbnailUrl\":\"https:\/\/mhcalculos.com.br\/noticias\/wp-content\/uploads\/sites\/2\/2022\/07\/judiciario-0005.jpg\",\"keywords\":[\"c\u00e1lculos trabalhistas\",\"direito trabalhista\",\"per\u00edcia\",\"perito\",\"trabalho\",\"TST\"],\"articleSection\":[\"Direito Trabalhista\",\"TST\"],\"inLanguage\":\"pt-BR\",\"potentialAction\":[{\"@type\":\"CommentAction\",\"name\":\"Comment\",\"target\":[\"https:\/\/mhcalculos.com.br\/noticias\/area\/trabalhista\/tst-empresa-tem-que-ser-citada-sobre-o-inicio-da-execucao-da-sentenca.html#respond\"]}]},{\"@type\":\"WebPage\",\"@id\":\"https:\/\/mhcalculos.com.br\/noticias\/area\/trabalhista\/tst-empresa-tem-que-ser-citada-sobre-o-inicio-da-execucao-da-sentenca.html\",\"url\":\"https:\/\/mhcalculos.com.br\/noticias\/area\/trabalhista\/tst-empresa-tem-que-ser-citada-sobre-o-inicio-da-execucao-da-sentenca.html\",\"name\":\"TST: Empresa tem que ser citada sobre o in\u00edcio da execu\u00e7\u00e3o da senten\u00e7a | Portal de Not\u00edcias\",\"isPartOf\":{\"@id\":\"https:\/\/mhcalculos.com.br\/noticias\/#website\"},\"primaryImageOfPage\":{\"@id\":\"https:\/\/mhcalculos.com.br\/noticias\/area\/trabalhista\/tst-empresa-tem-que-ser-citada-sobre-o-inicio-da-execucao-da-sentenca.html#primaryimage\"},\"image\":{\"@id\":\"https:\/\/mhcalculos.com.br\/noticias\/area\/trabalhista\/tst-empresa-tem-que-ser-citada-sobre-o-inicio-da-execucao-da-sentenca.html#primaryimage\"},\"thumbnailUrl\":\"https:\/\/mhcalculos.com.br\/noticias\/wp-content\/uploads\/sites\/2\/2022\/07\/judiciario-0005.jpg\",\"datePublished\":\"2022-07-18T21:55:00+00:00\",\"author\":{\"@id\":\"https:\/\/mhcalculos.com.br\/noticias\/#\/schema\/person\/88d1c34bf72dc779ea14a5a6b8e0ae8d\"},\"breadcrumb\":{\"@id\":\"https:\/\/mhcalculos.com.br\/noticias\/area\/trabalhista\/tst-empresa-tem-que-ser-citada-sobre-o-inicio-da-execucao-da-sentenca.html#breadcrumb\"},\"inLanguage\":\"pt-BR\",\"potentialAction\":[{\"@type\":\"ReadAction\",\"target\":[\"https:\/\/mhcalculos.com.br\/noticias\/area\/trabalhista\/tst-empresa-tem-que-ser-citada-sobre-o-inicio-da-execucao-da-sentenca.html\"]}]},{\"@type\":\"ImageObject\",\"inLanguage\":\"pt-BR\",\"@id\":\"https:\/\/mhcalculos.com.br\/noticias\/area\/trabalhista\/tst-empresa-tem-que-ser-citada-sobre-o-inicio-da-execucao-da-sentenca.html#primaryimage\",\"url\":\"https:\/\/mhcalculos.com.br\/noticias\/wp-content\/uploads\/sites\/2\/2022\/07\/judiciario-0005.jpg\",\"contentUrl\":\"https:\/\/mhcalculos.com.br\/noticias\/wp-content\/uploads\/sites\/2\/2022\/07\/judiciario-0005.jpg\",\"width\":2000,\"height\":800},{\"@type\":\"BreadcrumbList\",\"@id\":\"https:\/\/mhcalculos.com.br\/noticias\/area\/trabalhista\/tst-empresa-tem-que-ser-citada-sobre-o-inicio-da-execucao-da-sentenca.html#breadcrumb\",\"itemListElement\":[{\"@type\":\"ListItem\",\"position\":1,\"name\":\"In\u00edcio\",\"item\":\"https:\/\/mhcalculos.com.br\/noticias\/\"},{\"@type\":\"ListItem\",\"position\":2,\"name\":\"TST: Empresa tem que ser citada sobre o in\u00edcio da execu\u00e7\u00e3o da senten\u00e7a\"}]},{\"@type\":\"WebSite\",\"@id\":\"https:\/\/mhcalculos.com.br\/noticias\/#website\",\"url\":\"https:\/\/mhcalculos.com.br\/noticias\/\",\"name\":\"Portal de Not\u00edcias\",\"description\":\"Not\u00edcias e Jurisprud\u00eancia\",\"potentialAction\":[{\"@type\":\"SearchAction\",\"target\":{\"@type\":\"EntryPoint\",\"urlTemplate\":\"https:\/\/mhcalculos.com.br\/noticias\/?s={search_term_string}\"},\"query-input\":{\"@type\":\"PropertyValueSpecification\",\"valueRequired\":true,\"valueName\":\"search_term_string\"}}],\"inLanguage\":\"pt-BR\"},{\"@type\":\"Person\",\"@id\":\"https:\/\/mhcalculos.com.br\/noticias\/#\/schema\/person\/88d1c34bf72dc779ea14a5a6b8e0ae8d\",\"name\":\"Equipe MH\",\"image\":{\"@type\":\"ImageObject\",\"inLanguage\":\"pt-BR\",\"@id\":\"https:\/\/secure.gravatar.com\/avatar\/de1c686c2ecc9c5a3f327e3431d819eb39f8f05d4e1045f5a1caad6daaba987f?s=96&d=mm&r=g\",\"url\":\"https:\/\/secure.gravatar.com\/avatar\/de1c686c2ecc9c5a3f327e3431d819eb39f8f05d4e1045f5a1caad6daaba987f?s=96&d=mm&r=g\",\"contentUrl\":\"https:\/\/secure.gravatar.com\/avatar\/de1c686c2ecc9c5a3f327e3431d819eb39f8f05d4e1045f5a1caad6daaba987f?s=96&d=mm&r=g\",\"caption\":\"Equipe MH\"}}]}<\/script>\n<!-- \/ Yoast SEO plugin. -->","yoast_head_json":{"title":"TST: Empresa tem que ser citada sobre o in\u00edcio da execu\u00e7\u00e3o da senten\u00e7a | Portal de Not\u00edcias","robots":{"index":"index","follow":"follow","max-snippet":"max-snippet:-1","max-image-preview":"max-image-preview:large","max-video-preview":"max-video-preview:-1"},"canonical":"https:\/\/mhcalculos.com.br\/noticias\/area\/trabalhista\/tst-empresa-tem-que-ser-citada-sobre-o-inicio-da-execucao-da-sentenca.html","og_locale":"pt_BR","og_type":"article","og_title":"TST: Empresa tem que ser citada sobre o in\u00edcio da execu\u00e7\u00e3o da senten\u00e7a | Portal de Not\u00edcias","og_description":"N\u00e3o se pode determinar imediata penhora, ap\u00f3s cinco dias do tr\u00e2nsito em julgado, sem a cita\u00e7\u00e3o do executado.&nbsp; Ministro Alexandre Agra Belmonte 18\/07\/2022 &#8211;&nbsp;A Oitava Turma do Tribunal Superior do Trabalho (TST) determinou que a Mejer Agroflorestal Ltda., condenada a pagar verbas trabalhistas, seja citada do in\u00edcio da fase de execu\u00e7\u00e3o. Conforme o colegiado, que [&hellip;]","og_url":"https:\/\/mhcalculos.com.br\/noticias\/area\/trabalhista\/tst-empresa-tem-que-ser-citada-sobre-o-inicio-da-execucao-da-sentenca.html","og_site_name":"Portal de Not\u00edcias","article_published_time":"2022-07-18T21:55:00+00:00","og_image":[{"width":2000,"height":800,"url":"https:\/\/mhcalculos.com.br\/noticias\/wp-content\/uploads\/sites\/2\/2022\/07\/judiciario-0005.jpg","type":"image\/jpeg"}],"author":"Equipe MH","twitter_card":"summary_large_image","twitter_misc":{"Escrito por":"Equipe MH","Est. tempo de leitura":"4 minutos"},"schema":{"@context":"https:\/\/schema.org","@graph":[{"@type":"Article","@id":"https:\/\/mhcalculos.com.br\/noticias\/area\/trabalhista\/tst-empresa-tem-que-ser-citada-sobre-o-inicio-da-execucao-da-sentenca.html#article","isPartOf":{"@id":"https:\/\/mhcalculos.com.br\/noticias\/area\/trabalhista\/tst-empresa-tem-que-ser-citada-sobre-o-inicio-da-execucao-da-sentenca.html"},"author":{"name":"Equipe MH","@id":"https:\/\/mhcalculos.com.br\/noticias\/#\/schema\/person\/88d1c34bf72dc779ea14a5a6b8e0ae8d"},"headline":"TST: Empresa tem que ser citada sobre o in\u00edcio da execu\u00e7\u00e3o da senten\u00e7a","datePublished":"2022-07-18T21:55:00+00:00","mainEntityOfPage":{"@id":"https:\/\/mhcalculos.com.br\/noticias\/area\/trabalhista\/tst-empresa-tem-que-ser-citada-sobre-o-inicio-da-execucao-da-sentenca.html"},"wordCount":846,"commentCount":0,"image":{"@id":"https:\/\/mhcalculos.com.br\/noticias\/area\/trabalhista\/tst-empresa-tem-que-ser-citada-sobre-o-inicio-da-execucao-da-sentenca.html#primaryimage"},"thumbnailUrl":"https:\/\/mhcalculos.com.br\/noticias\/wp-content\/uploads\/sites\/2\/2022\/07\/judiciario-0005.jpg","keywords":["c\u00e1lculos trabalhistas","direito trabalhista","per\u00edcia","perito","trabalho","TST"],"articleSection":["Direito Trabalhista","TST"],"inLanguage":"pt-BR","potentialAction":[{"@type":"CommentAction","name":"Comment","target":["https:\/\/mhcalculos.com.br\/noticias\/area\/trabalhista\/tst-empresa-tem-que-ser-citada-sobre-o-inicio-da-execucao-da-sentenca.html#respond"]}]},{"@type":"WebPage","@id":"https:\/\/mhcalculos.com.br\/noticias\/area\/trabalhista\/tst-empresa-tem-que-ser-citada-sobre-o-inicio-da-execucao-da-sentenca.html","url":"https:\/\/mhcalculos.com.br\/noticias\/area\/trabalhista\/tst-empresa-tem-que-ser-citada-sobre-o-inicio-da-execucao-da-sentenca.html","name":"TST: Empresa tem que ser citada sobre o in\u00edcio da execu\u00e7\u00e3o da senten\u00e7a | Portal de Not\u00edcias","isPartOf":{"@id":"https:\/\/mhcalculos.com.br\/noticias\/#website"},"primaryImageOfPage":{"@id":"https:\/\/mhcalculos.com.br\/noticias\/area\/trabalhista\/tst-empresa-tem-que-ser-citada-sobre-o-inicio-da-execucao-da-sentenca.html#primaryimage"},"image":{"@id":"https:\/\/mhcalculos.com.br\/noticias\/area\/trabalhista\/tst-empresa-tem-que-ser-citada-sobre-o-inicio-da-execucao-da-sentenca.html#primaryimage"},"thumbnailUrl":"https:\/\/mhcalculos.com.br\/noticias\/wp-content\/uploads\/sites\/2\/2022\/07\/judiciario-0005.jpg","datePublished":"2022-07-18T21:55:00+00:00","author":{"@id":"https:\/\/mhcalculos.com.br\/noticias\/#\/schema\/person\/88d1c34bf72dc779ea14a5a6b8e0ae8d"},"breadcrumb":{"@id":"https:\/\/mhcalculos.com.br\/noticias\/area\/trabalhista\/tst-empresa-tem-que-ser-citada-sobre-o-inicio-da-execucao-da-sentenca.html#breadcrumb"},"inLanguage":"pt-BR","potentialAction":[{"@type":"ReadAction","target":["https:\/\/mhcalculos.com.br\/noticias\/area\/trabalhista\/tst-empresa-tem-que-ser-citada-sobre-o-inicio-da-execucao-da-sentenca.html"]}]},{"@type":"ImageObject","inLanguage":"pt-BR","@id":"https:\/\/mhcalculos.com.br\/noticias\/area\/trabalhista\/tst-empresa-tem-que-ser-citada-sobre-o-inicio-da-execucao-da-sentenca.html#primaryimage","url":"https:\/\/mhcalculos.com.br\/noticias\/wp-content\/uploads\/sites\/2\/2022\/07\/judiciario-0005.jpg","contentUrl":"https:\/\/mhcalculos.com.br\/noticias\/wp-content\/uploads\/sites\/2\/2022\/07\/judiciario-0005.jpg","width":2000,"height":800},{"@type":"BreadcrumbList","@id":"https:\/\/mhcalculos.com.br\/noticias\/area\/trabalhista\/tst-empresa-tem-que-ser-citada-sobre-o-inicio-da-execucao-da-sentenca.html#breadcrumb","itemListElement":[{"@type":"ListItem","position":1,"name":"In\u00edcio","item":"https:\/\/mhcalculos.com.br\/noticias\/"},{"@type":"ListItem","position":2,"name":"TST: Empresa tem que ser citada sobre o in\u00edcio da execu\u00e7\u00e3o da senten\u00e7a"}]},{"@type":"WebSite","@id":"https:\/\/mhcalculos.com.br\/noticias\/#website","url":"https:\/\/mhcalculos.com.br\/noticias\/","name":"Portal de Not\u00edcias","description":"Not\u00edcias e Jurisprud\u00eancia","potentialAction":[{"@type":"SearchAction","target":{"@type":"EntryPoint","urlTemplate":"https:\/\/mhcalculos.com.br\/noticias\/?s={search_term_string}"},"query-input":{"@type":"PropertyValueSpecification","valueRequired":true,"valueName":"search_term_string"}}],"inLanguage":"pt-BR"},{"@type":"Person","@id":"https:\/\/mhcalculos.com.br\/noticias\/#\/schema\/person\/88d1c34bf72dc779ea14a5a6b8e0ae8d","name":"Equipe MH","image":{"@type":"ImageObject","inLanguage":"pt-BR","@id":"https:\/\/secure.gravatar.com\/avatar\/de1c686c2ecc9c5a3f327e3431d819eb39f8f05d4e1045f5a1caad6daaba987f?s=96&d=mm&r=g","url":"https:\/\/secure.gravatar.com\/avatar\/de1c686c2ecc9c5a3f327e3431d819eb39f8f05d4e1045f5a1caad6daaba987f?s=96&d=mm&r=g","contentUrl":"https:\/\/secure.gravatar.com\/avatar\/de1c686c2ecc9c5a3f327e3431d819eb39f8f05d4e1045f5a1caad6daaba987f?s=96&d=mm&r=g","caption":"Equipe MH"}}]}},"_links":{"self":[{"href":"https:\/\/mhcalculos.com.br\/noticias\/wp-json\/wp\/v2\/posts\/11467","targetHints":{"allow":["GET"]}}],"collection":[{"href":"https:\/\/mhcalculos.com.br\/noticias\/wp-json\/wp\/v2\/posts"}],"about":[{"href":"https:\/\/mhcalculos.com.br\/noticias\/wp-json\/wp\/v2\/types\/post"}],"author":[{"embeddable":true,"href":"https:\/\/mhcalculos.com.br\/noticias\/wp-json\/wp\/v2\/users\/3063"}],"replies":[{"embeddable":true,"href":"https:\/\/mhcalculos.com.br\/noticias\/wp-json\/wp\/v2\/comments?post=11467"}],"version-history":[{"count":0,"href":"https:\/\/mhcalculos.com.br\/noticias\/wp-json\/wp\/v2\/posts\/11467\/revisions"}],"wp:featuredmedia":[{"embeddable":true,"href":"https:\/\/mhcalculos.com.br\/noticias\/wp-json\/wp\/v2\/media\/11468"}],"wp:attachment":[{"href":"https:\/\/mhcalculos.com.br\/noticias\/wp-json\/wp\/v2\/media?parent=11467"}],"wp:term":[{"taxonomy":"category","embeddable":true,"href":"https:\/\/mhcalculos.com.br\/noticias\/wp-json\/wp\/v2\/categories?post=11467"},{"taxonomy":"post_tag","embeddable":true,"href":"https:\/\/mhcalculos.com.br\/noticias\/wp-json\/wp\/v2\/tags?post=11467"}],"curies":[{"name":"wp","href":"https:\/\/api.w.org\/{rel}","templated":true}]}}