{"id":11465,"date":"2022-07-18T18:39:00","date_gmt":"2022-07-18T21:39:00","guid":{"rendered":"https:\/\/mhcalculos.com.br\/noticias\/area\/trabalhista\/tst-empregado-publico-de-75-anos-aposentado-compulsoriamente-nao-e-reintegrado-ao-trabalho.html"},"modified":"2022-07-18T18:39:00","modified_gmt":"2022-07-18T21:39:00","slug":"tst-empregado-publico-de-75-anos-aposentado-compulsoriamente-nao-e-reintegrado-ao-trabalho","status":"publish","type":"post","link":"https:\/\/mhcalculos.com.br\/noticias\/area\/trabalhista\/tst-empregado-publico-de-75-anos-aposentado-compulsoriamente-nao-e-reintegrado-ao-trabalho.html","title":{"rendered":"TST: Empregado p\u00fablico de 75 anos aposentado compulsoriamente n\u00e3o \u00e9 reintegrado ao trabalho"},"content":{"rendered":"<p><br \/>\n<\/p>\n<p><em><\/p>\n<p>Apesar de ter se aposentado em 2007, ele continuou no servi\u00e7o, o que atraiu a incid\u00eancia da reforma da previd\u00eancia de 2019.<\/p>\n<p><\/em><\/p>\n<p>        <a class=\"share-facebook\" href=\"https:\/\/www.facebook.com\/sharer.php?u=https:\/\/www.tst.jus.br\/-\/empregado-p%C3%BAblico-de-75-anos-aposentado-compulsoriamente-n%C3%A3o-%C3%A9-reintegrado-ao-trabalho-1\" target=\"_blank\" rel=\"noopener\"><\/a><br \/>\n        <a class=\"share-twitter\" href=\"http:\/\/twitter.com\/intent\/tweet?text=Empregado p\u00fablico de 75 anos aposentado compulsoriamente n\u00e3o \u00e9 reintegrado ao trabalho%0AVeja%20mais%20em:&amp;url=https:\/\/www.tst.jus.br\/-\/empregado-p%C3%BAblico-de-75-anos-aposentado-compulsoriamente-n%C3%A3o-%C3%A9-reintegrado-ao-trabalho-1\" target=\"_blank\" rel=\"noopener\"><\/a><br \/>\n        <a class=\"share-linkedin\" href=\"https:\/\/www.linkedin.com\/shareArticle?mini=true&amp;url=https:\/\/www.tst.jus.br\/-\/empregado-p%C3%BAblico-de-75-anos-aposentado-compulsoriamente-n%C3%A3o-%C3%A9-reintegrado-ao-trabalho-1&amp;title=Empregado p\u00fablico de 75 anos aposentado compulsoriamente n\u00e3o \u00e9 reintegrado ao trabalho\" target=\"_blank\" rel=\"noopener\"><\/a><br \/>\n        <a class=\"share-whatsapp\" href=\"https:\/\/web.whatsapp.com\/send?text=https:\/\/www.tst.jus.br\/-\/empregado-p%C3%BAblico-de-75-anos-aposentado-compulsoriamente-n%C3%A3o-%C3%A9-reintegrado-ao-trabalho-1\" target=\"_blank\" rel=\"noopener\"><\/a><br \/>\n        <a class=\"share-googleplus\" href=\"https:\/\/plus.google.com\/share?url=https:\/\/www.tst.jus.br\/-\/empregado-p%C3%BAblico-de-75-anos-aposentado-compulsoriamente-n%C3%A3o-%C3%A9-reintegrado-ao-trabalho-1\" target=\"_blank\" rel=\"noopener\"><\/a><\/p>\n<p>                <\/p>\n<p>Ministro Amaury Rodrigues Pinto Junior<\/p>\n<p>                    <a class=\"share-facebook\" href=\"https:\/\/www.facebook.com\/sharer.php?u=https:\/\/www.tst.jus.br\/-\/empregado-p%C3%BAblico-de-75-anos-aposentado-compulsoriamente-n%C3%A3o-%C3%A9-reintegrado-ao-trabalho-1\" target=\"_blank\" rel=\"noopener\"><\/a><br \/>\n                    <a class=\"share-twitter\" href=\"http:\/\/twitter.com\/intent\/tweet?text=Empregado p\u00fablico de 75 anos aposentado compulsoriamente n\u00e3o \u00e9 reintegrado ao trabalho%0AVeja%20mais%20em:&amp;url=https:\/\/www.tst.jus.br\/-\/empregado-p%C3%BAblico-de-75-anos-aposentado-compulsoriamente-n%C3%A3o-%C3%A9-reintegrado-ao-trabalho-1\" target=\"_blank\" rel=\"noopener\"><\/a><br \/>\n                    <a class=\"share-linkedin\" href=\"https:\/\/www.linkedin.com\/shareArticle?mini=true&amp;url=https:\/\/www.tst.jus.br\/-\/empregado-p%C3%BAblico-de-75-anos-aposentado-compulsoriamente-n%C3%A3o-%C3%A9-reintegrado-ao-trabalho-1&amp;title=Empregado p\u00fablico de 75 anos aposentado compulsoriamente n\u00e3o \u00e9 reintegrado ao trabalho\" target=\"_blank\" rel=\"noopener\"><\/a><br \/>\n                    <a class=\"share-whatsapp\" href=\"https:\/\/web.whatsapp.com\/send?text=https:\/\/www.tst.jus.br\/-\/empregado-p%C3%BAblico-de-75-anos-aposentado-compulsoriamente-n%C3%A3o-%C3%A9-reintegrado-ao-trabalho-1\" target=\"_blank\" rel=\"noopener\"><\/a><br \/>\n                    <a class=\"share-googleplus\" href=\"https:\/\/plus.google.com\/share?url=https:\/\/www.tst.jus.br\/-\/empregado-p%C3%BAblico-de-75-anos-aposentado-compulsoriamente-n%C3%A3o-%C3%A9-reintegrado-ao-trabalho-1\" target=\"_blank\" rel=\"noopener\"><\/a><\/p>\n<p>18\/07\/2022 &#8211;&nbsp;A Primeira Turma do Tribunal Superior do Trabalho (TST) acolheu recurso da Companhia Nacional de Abastecimento \u2013 Conab, em Recife (PE), para manter a validade da dispensa compuls\u00f3ria de um empregado. Com 75 anos, ele &#8211; que se aposentou em 2007 pelo Regime Geral da Previd\u00eancia, mas continuou na Conab &#8211; defendia que n\u00e3o poderia ser atingido pela Reforma da Previd\u00eancia (<a href=\"http:\/\/www.planalto.gov.br\/ccivil_03\/constituicao\/emendas\/emc\/emc103.htm\" target=\"_blank\" rel=\"noopener\">EC n\u00ba 103\/2019<\/a>). Todavia, segundo o colegiado, a situa\u00e7\u00e3o n\u00e3o impede a incid\u00eancia da aposentadoria compuls\u00f3ria aos 75 anos.<\/p>\n<p><strong>Celetista<\/strong><\/p>\n<p>Conforme o processo, o empregado se aposentou em 2007 pelo Regime Geral de Previd\u00eancia Social, mas manteve o contrato de trabalho ativo at\u00e9 04\/11\/2020, quando foi extinto pela empresa em raz\u00e3o de aposentadoria compuls\u00f3ria por idade. Diante da dispensa, ele pediu, em ju\u00edzo, a nulidade da demiss\u00e3o e sua reintegra\u00e7\u00e3o ao emprego, com pagamento dos sal\u00e1rios em rela\u00e7\u00e3o ao per\u00edodo de afastamento. Para o trabalhador, a nova norma n\u00e3o poderia retroagir sobre sua aposentadoria ocorrida em 2007.&nbsp;<\/p>\n<p><strong>Reintegra\u00e7\u00e3o<\/strong><\/p>\n<p>A Vara do Trabalho e o Tribunal Regional do Trabalho da 6\u00aa Regi\u00e3o (PE) entenderam pela reintegra\u00e7\u00e3o. Segundo o TRT, como empregado p\u00fablico celetista, a regra constitucional da aposentadoria compuls\u00f3ria n\u00e3o estaria aplicada ao trabalhador, uma vez que \u201cse destina a servidores p\u00fablicos titulares de cargos efetivos em sentido estrito (que n\u00e3o engloba os empregados celetistas)\u201d. O TRT observou que ele era aposentado pelo RGPS por tempo de contribui\u00e7\u00e3o desde 2007 e, dessa forma, n\u00e3o poderia ser alcan\u00e7ado pela reforma da previd\u00eancia.<\/p>\n<p>\u201cSomente aqueles funcion\u00e1rios que cumprirem os requisitos para aposentadoria ap\u00f3s a promulga\u00e7\u00e3o da <a href=\"http:\/\/www.planalto.gov.br\/ccivil_03\/constituicao\/emendas\/emc\/emc103.htm\" target=\"_blank\" rel=\"noopener\">EC 103\/19<\/a>, com a utiliza\u00e7\u00e3o de parcela das contribui\u00e7\u00f5es vertidas no exerc\u00edcio de algum of\u00edcio p\u00fablico, poder\u00e3o ter seus v\u00ednculos com o referido \u00f3rg\u00e3o rompidos automaticamente.\u201d<\/p>\n<p><strong>Diverg\u00eancia<\/strong><\/p>\n<p>J\u00e1 para o ministro Amaury Rodrigues, relator do recurso de revista da Conab, n\u00e3o houve qualquer ilegalidade ou discrimina\u00e7\u00e3o no ato praticado pela companhia. Segundo ele, a extin\u00e7\u00e3o do contrato de trabalho do empregado \u00e9 poss\u00edvel em raz\u00e3o de aposentadoria compuls\u00f3ria prevista no artigo 201, par\u00e1grafo 16, da <a href=\"http:\/\/www.planalto.gov.br\/ccivil_03\/constituicao\/constituicao.htm\" target=\"_blank\" rel=\"noopener\">Constitui\u00e7\u00e3o Federal<\/a>.&nbsp; \u201cTrata-se de empregado de empresa p\u00fablica federal e que teve seu contrato de trabalho extinto devido \u00e0 aposentadoria compuls\u00f3ria, quando j\u00e1 tinha idade superior a 75 anos e em data posterior \u00e0 vig\u00eancia da EC n\u00ba 103\/2019.\u201d<\/p>\n<p>Segundo o relator, a jurisprud\u00eancia do TST, interpretando o artigo 40, par\u00e1grafo 1\u00ba, inciso II, da Constitui\u00e7\u00e3o Federal, firmou-se no sentido de que deve ser admitida a aplica\u00e7\u00e3o da aposentadoria compuls\u00f3ria ao empregado p\u00fablico. Acrescentou ainda que o fato de o empregado j\u00e1 estar aposentado em 2007 e ter permanecido com o contrato de trabalho ativo n\u00e3o impede a incid\u00eancia da aposentadoria compuls\u00f3ria.<\/p>\n<p>(RR\/CF)<\/p>\n<p>Processo: <a href=\"https:\/\/consultaprocessual.tst.jus.br\/consultaProcessual\/decisaoForm.do?numInt=91616&amp;anoInt=2022&amp;codOrgaoJudic=69&amp;anoPauta=2022&amp;numPauta=19&amp;tipSessao=O\" target=\"_blank\" rel=\"noopener\">TST-RR-220-61.2021.5.06.0004<\/a><\/p>\n<p><em>O TST possui oito Turmas, cada uma composta por tr\u00eas ministros, com a atribui\u00e7\u00e3o de analisar recursos de revista, agravos, agravos de instrumento, agravos regimentais e recursos ordin\u00e1rios em a\u00e7\u00e3o cautelar. Das decis\u00f5es das Turmas, a parte ainda pode, em alguns casos, recorrer \u00e0 Subse\u00e7\u00e3o I Especializada em Diss\u00eddios Individuais (SBDI-1).<\/em><\/p>\n<p>Esta mat\u00e9ria tem car\u00e1ter informativo.<br \/>\nPermitida a reprodu\u00e7\u00e3o mediante cita\u00e7\u00e3o da fonte.<br \/>\nSecretaria de Comunica\u00e7\u00e3o Social<br \/>\nTribunal Superior do Trabalho<br \/>\nTel. (61) 3043-4907<br \/>\nsecom@tst.jus.br<\/p>\n<p>    $(&#8216;#lightbox-tjxq_ .slider-gallery-wrapper img&#8217;).hover(<br \/>\n    function() {<br \/>\n        const $text=$($($(this).parent()).next());<br \/>\n        $text.hasClass(&#8216;inside-description&#8217;) &amp;&amp; $text.fadeTo( &#8220;slow&#8221; , 0);<br \/>\n    }, function() {<br \/>\n        const $text=$($($(this).parent()).next());<br \/>\n        $text.hasClass(&#8216;inside-description&#8217;) &amp;&amp; $text.fadeTo( &#8220;slow&#8221; , 1);<br \/>\n    }<br \/>\n    );<br \/>\n    $(document).ready(function() {<br \/>\n        var tjxq_autoplaying=false;<br \/>\n        var tjxq_showingLightbox=false;<br \/>\n        const tjxq_playPauseControllers=&#8221;#slider-tjxq_-playpause, #slider-tjxq_-lightbox-playpause&#8221;;<br \/>\n        $(&#8220;#slider-tjxq_&#8221;).slick({<br \/>\n            slidesToShow: 1,<br \/>\n            slidesToScroll: 1,<br \/>\n            autoplay: tjxq_autoplaying,<br \/>\n            swipeToSlide: false,<br \/>\n            centerMode: false,<br \/>\n            autoplaySpeed: 3000,<br \/>\n            focusOnSelect: true,<br \/>\n            prevArrow:<br \/>\n            &#8221;,<br \/>\n            nextArrow:<br \/>\n            &#8221;,<br \/>\n            centerPadding: &#8220;60px&#8221;,<br \/>\n            responsive: [<br \/>\n                {<br \/>\n                    breakpoint: 767.98,<br \/>\n                    settings: {<br \/>\n                        slidesToShow: 3,<br \/>\n                        adaptiveHeight: true<br \/>\n                    }<br \/>\n                }<br \/>\n            ]<br \/>\n        });<br \/>\n        $(&#8220;#slider-tjxq_&#8221;).slickLightbox({<br \/>\n            src: &#8216;src&#8217;,<br \/>\n            itemSelector: &#8216;.galery-image .multimidia-wrapper img&#8217;,<br \/>\n            caption:&#8217;caption&#8217;<br \/>\n        });<br \/>\n    });<br \/>\n<script async src=\"https:\/\/platform.twitter.com\/widgets.js\" charset=\"utf-8\"><\/script><br \/>\n<br \/><i>Com informa\u00e7\u00f5es da assessoria de imprensa do TST.<\/i><br \/>\n<br \/><a href=\"https:\/\/www.tst.jus.br\/web\/guest\/noticias?p_p_id=89Dk&#038;p_p_lifecycle=0&#038;refererPlid=10730&#038;_89Dk_groupId=10157&#038;_89Dk_articleId=30957268\">Fonte<\/a><br \/>\n<br \/><\/p>\n","protected":false},"excerpt":{"rendered":"<p>Apesar de ter se aposentado em 2007, ele continuou no servi\u00e7o, o que atraiu a incid\u00eancia da reforma da previd\u00eancia de 2019. Ministro Amaury Rodrigues Pinto Junior 18\/07\/2022 &#8211;&nbsp;A Primeira Turma do Tribunal Superior do Trabalho (TST) acolheu recurso da Companhia Nacional de Abastecimento \u2013 Conab, em Recife (PE), para manter a validade da dispensa [&hellip;]<\/p>\n","protected":false},"author":3063,"featured_media":11466,"comment_status":"open","ping_status":"open","sticky":false,"template":"","format":"standard","meta":{"footnotes":""},"categories":[3,21],"tags":[33,216,9,12,217,215],"class_list":{"0":"post-11465","1":"post","2":"type-post","3":"status-publish","4":"format-standard","5":"has-post-thumbnail","7":"category-trabalhista","8":"category-tst","9":"tag-calculos-trabalhistas","10":"tag-direito-trabalhista","11":"tag-pericia","12":"tag-perito","13":"tag-trabalho","14":"tag-tst"},"yoast_head":"<!-- This site is optimized with the Yoast SEO plugin v27.2 - https:\/\/yoast.com\/product\/yoast-seo-wordpress\/ -->\n<title>TST: Empregado p\u00fablico de 75 anos aposentado compulsoriamente n\u00e3o \u00e9 reintegrado ao trabalho | Portal de Not\u00edcias<\/title>\n<meta name=\"robots\" content=\"index, follow, max-snippet:-1, max-image-preview:large, max-video-preview:-1\" \/>\n<link rel=\"canonical\" href=\"https:\/\/mhcalculos.com.br\/noticias\/area\/trabalhista\/tst-empregado-publico-de-75-anos-aposentado-compulsoriamente-nao-e-reintegrado-ao-trabalho.html\" \/>\n<meta property=\"og:locale\" content=\"pt_BR\" \/>\n<meta property=\"og:type\" content=\"article\" \/>\n<meta property=\"og:title\" content=\"TST: Empregado p\u00fablico de 75 anos aposentado compulsoriamente n\u00e3o \u00e9 reintegrado ao trabalho | Portal de Not\u00edcias\" \/>\n<meta property=\"og:description\" content=\"Apesar de ter se aposentado em 2007, ele continuou no servi\u00e7o, o que atraiu a incid\u00eancia da reforma da previd\u00eancia de 2019. Ministro Amaury Rodrigues Pinto Junior 18\/07\/2022 &#8211;&nbsp;A Primeira Turma do Tribunal Superior do Trabalho (TST) acolheu recurso da Companhia Nacional de Abastecimento \u2013 Conab, em Recife (PE), para manter a validade da dispensa [&hellip;]\" \/>\n<meta property=\"og:url\" content=\"https:\/\/mhcalculos.com.br\/noticias\/area\/trabalhista\/tst-empregado-publico-de-75-anos-aposentado-compulsoriamente-nao-e-reintegrado-ao-trabalho.html\" \/>\n<meta property=\"og:site_name\" content=\"Portal de Not\u00edcias\" \/>\n<meta property=\"article:published_time\" content=\"2022-07-18T21:39:00+00:00\" \/>\n<meta property=\"og:image\" content=\"https:\/\/mhcalculos.com.br\/noticias\/wp-content\/uploads\/sites\/2\/2022\/07\/1658322321_judiciario-0016.jpg\" \/>\n\t<meta property=\"og:image:width\" content=\"2000\" \/>\n\t<meta property=\"og:image:height\" content=\"800\" \/>\n\t<meta property=\"og:image:type\" content=\"image\/jpeg\" \/>\n<meta name=\"author\" content=\"Equipe MH\" \/>\n<meta name=\"twitter:card\" content=\"summary_large_image\" \/>\n<meta name=\"twitter:label1\" content=\"Escrito por\" \/>\n\t<meta name=\"twitter:data1\" content=\"Equipe MH\" \/>\n\t<meta name=\"twitter:label2\" content=\"Est. tempo de leitura\" \/>\n\t<meta name=\"twitter:data2\" content=\"3 minutos\" \/>\n<script type=\"application\/ld+json\" class=\"yoast-schema-graph\">{\"@context\":\"https:\/\/schema.org\",\"@graph\":[{\"@type\":\"Article\",\"@id\":\"https:\/\/mhcalculos.com.br\/noticias\/area\/trabalhista\/tst-empregado-publico-de-75-anos-aposentado-compulsoriamente-nao-e-reintegrado-ao-trabalho.html#article\",\"isPartOf\":{\"@id\":\"https:\/\/mhcalculos.com.br\/noticias\/area\/trabalhista\/tst-empregado-publico-de-75-anos-aposentado-compulsoriamente-nao-e-reintegrado-ao-trabalho.html\"},\"author\":{\"name\":\"Equipe MH\",\"@id\":\"https:\/\/mhcalculos.com.br\/noticias\/#\/schema\/person\/88d1c34bf72dc779ea14a5a6b8e0ae8d\"},\"headline\":\"TST: Empregado p\u00fablico de 75 anos aposentado compulsoriamente n\u00e3o \u00e9 reintegrado ao trabalho\",\"datePublished\":\"2022-07-18T21:39:00+00:00\",\"mainEntityOfPage\":{\"@id\":\"https:\/\/mhcalculos.com.br\/noticias\/area\/trabalhista\/tst-empregado-publico-de-75-anos-aposentado-compulsoriamente-nao-e-reintegrado-ao-trabalho.html\"},\"wordCount\":706,\"commentCount\":0,\"image\":{\"@id\":\"https:\/\/mhcalculos.com.br\/noticias\/area\/trabalhista\/tst-empregado-publico-de-75-anos-aposentado-compulsoriamente-nao-e-reintegrado-ao-trabalho.html#primaryimage\"},\"thumbnailUrl\":\"https:\/\/mhcalculos.com.br\/noticias\/wp-content\/uploads\/sites\/2\/2022\/07\/1658322321_judiciario-0016.jpg\",\"keywords\":[\"c\u00e1lculos trabalhistas\",\"direito trabalhista\",\"per\u00edcia\",\"perito\",\"trabalho\",\"TST\"],\"articleSection\":[\"Direito Trabalhista\",\"TST\"],\"inLanguage\":\"pt-BR\",\"potentialAction\":[{\"@type\":\"CommentAction\",\"name\":\"Comment\",\"target\":[\"https:\/\/mhcalculos.com.br\/noticias\/area\/trabalhista\/tst-empregado-publico-de-75-anos-aposentado-compulsoriamente-nao-e-reintegrado-ao-trabalho.html#respond\"]}]},{\"@type\":\"WebPage\",\"@id\":\"https:\/\/mhcalculos.com.br\/noticias\/area\/trabalhista\/tst-empregado-publico-de-75-anos-aposentado-compulsoriamente-nao-e-reintegrado-ao-trabalho.html\",\"url\":\"https:\/\/mhcalculos.com.br\/noticias\/area\/trabalhista\/tst-empregado-publico-de-75-anos-aposentado-compulsoriamente-nao-e-reintegrado-ao-trabalho.html\",\"name\":\"TST: Empregado p\u00fablico de 75 anos aposentado compulsoriamente n\u00e3o \u00e9 reintegrado ao trabalho | Portal de Not\u00edcias\",\"isPartOf\":{\"@id\":\"https:\/\/mhcalculos.com.br\/noticias\/#website\"},\"primaryImageOfPage\":{\"@id\":\"https:\/\/mhcalculos.com.br\/noticias\/area\/trabalhista\/tst-empregado-publico-de-75-anos-aposentado-compulsoriamente-nao-e-reintegrado-ao-trabalho.html#primaryimage\"},\"image\":{\"@id\":\"https:\/\/mhcalculos.com.br\/noticias\/area\/trabalhista\/tst-empregado-publico-de-75-anos-aposentado-compulsoriamente-nao-e-reintegrado-ao-trabalho.html#primaryimage\"},\"thumbnailUrl\":\"https:\/\/mhcalculos.com.br\/noticias\/wp-content\/uploads\/sites\/2\/2022\/07\/1658322321_judiciario-0016.jpg\",\"datePublished\":\"2022-07-18T21:39:00+00:00\",\"author\":{\"@id\":\"https:\/\/mhcalculos.com.br\/noticias\/#\/schema\/person\/88d1c34bf72dc779ea14a5a6b8e0ae8d\"},\"breadcrumb\":{\"@id\":\"https:\/\/mhcalculos.com.br\/noticias\/area\/trabalhista\/tst-empregado-publico-de-75-anos-aposentado-compulsoriamente-nao-e-reintegrado-ao-trabalho.html#breadcrumb\"},\"inLanguage\":\"pt-BR\",\"potentialAction\":[{\"@type\":\"ReadAction\",\"target\":[\"https:\/\/mhcalculos.com.br\/noticias\/area\/trabalhista\/tst-empregado-publico-de-75-anos-aposentado-compulsoriamente-nao-e-reintegrado-ao-trabalho.html\"]}]},{\"@type\":\"ImageObject\",\"inLanguage\":\"pt-BR\",\"@id\":\"https:\/\/mhcalculos.com.br\/noticias\/area\/trabalhista\/tst-empregado-publico-de-75-anos-aposentado-compulsoriamente-nao-e-reintegrado-ao-trabalho.html#primaryimage\",\"url\":\"https:\/\/mhcalculos.com.br\/noticias\/wp-content\/uploads\/sites\/2\/2022\/07\/1658322321_judiciario-0016.jpg\",\"contentUrl\":\"https:\/\/mhcalculos.com.br\/noticias\/wp-content\/uploads\/sites\/2\/2022\/07\/1658322321_judiciario-0016.jpg\",\"width\":2000,\"height\":800},{\"@type\":\"BreadcrumbList\",\"@id\":\"https:\/\/mhcalculos.com.br\/noticias\/area\/trabalhista\/tst-empregado-publico-de-75-anos-aposentado-compulsoriamente-nao-e-reintegrado-ao-trabalho.html#breadcrumb\",\"itemListElement\":[{\"@type\":\"ListItem\",\"position\":1,\"name\":\"In\u00edcio\",\"item\":\"https:\/\/mhcalculos.com.br\/noticias\/\"},{\"@type\":\"ListItem\",\"position\":2,\"name\":\"TST: Empregado p\u00fablico de 75 anos aposentado compulsoriamente n\u00e3o \u00e9 reintegrado ao trabalho\"}]},{\"@type\":\"WebSite\",\"@id\":\"https:\/\/mhcalculos.com.br\/noticias\/#website\",\"url\":\"https:\/\/mhcalculos.com.br\/noticias\/\",\"name\":\"Portal de Not\u00edcias\",\"description\":\"Not\u00edcias e Jurisprud\u00eancia\",\"potentialAction\":[{\"@type\":\"SearchAction\",\"target\":{\"@type\":\"EntryPoint\",\"urlTemplate\":\"https:\/\/mhcalculos.com.br\/noticias\/?s={search_term_string}\"},\"query-input\":{\"@type\":\"PropertyValueSpecification\",\"valueRequired\":true,\"valueName\":\"search_term_string\"}}],\"inLanguage\":\"pt-BR\"},{\"@type\":\"Person\",\"@id\":\"https:\/\/mhcalculos.com.br\/noticias\/#\/schema\/person\/88d1c34bf72dc779ea14a5a6b8e0ae8d\",\"name\":\"Equipe MH\",\"image\":{\"@type\":\"ImageObject\",\"inLanguage\":\"pt-BR\",\"@id\":\"https:\/\/secure.gravatar.com\/avatar\/de1c686c2ecc9c5a3f327e3431d819eb39f8f05d4e1045f5a1caad6daaba987f?s=96&d=mm&r=g\",\"url\":\"https:\/\/secure.gravatar.com\/avatar\/de1c686c2ecc9c5a3f327e3431d819eb39f8f05d4e1045f5a1caad6daaba987f?s=96&d=mm&r=g\",\"contentUrl\":\"https:\/\/secure.gravatar.com\/avatar\/de1c686c2ecc9c5a3f327e3431d819eb39f8f05d4e1045f5a1caad6daaba987f?s=96&d=mm&r=g\",\"caption\":\"Equipe MH\"}}]}<\/script>\n<!-- \/ Yoast SEO plugin. -->","yoast_head_json":{"title":"TST: Empregado p\u00fablico de 75 anos aposentado compulsoriamente n\u00e3o \u00e9 reintegrado ao trabalho | Portal de Not\u00edcias","robots":{"index":"index","follow":"follow","max-snippet":"max-snippet:-1","max-image-preview":"max-image-preview:large","max-video-preview":"max-video-preview:-1"},"canonical":"https:\/\/mhcalculos.com.br\/noticias\/area\/trabalhista\/tst-empregado-publico-de-75-anos-aposentado-compulsoriamente-nao-e-reintegrado-ao-trabalho.html","og_locale":"pt_BR","og_type":"article","og_title":"TST: Empregado p\u00fablico de 75 anos aposentado compulsoriamente n\u00e3o \u00e9 reintegrado ao trabalho | Portal de Not\u00edcias","og_description":"Apesar de ter se aposentado em 2007, ele continuou no servi\u00e7o, o que atraiu a incid\u00eancia da reforma da previd\u00eancia de 2019. Ministro Amaury Rodrigues Pinto Junior 18\/07\/2022 &#8211;&nbsp;A Primeira Turma do Tribunal Superior do Trabalho (TST) acolheu recurso da Companhia Nacional de Abastecimento \u2013 Conab, em Recife (PE), para manter a validade da dispensa [&hellip;]","og_url":"https:\/\/mhcalculos.com.br\/noticias\/area\/trabalhista\/tst-empregado-publico-de-75-anos-aposentado-compulsoriamente-nao-e-reintegrado-ao-trabalho.html","og_site_name":"Portal de Not\u00edcias","article_published_time":"2022-07-18T21:39:00+00:00","og_image":[{"width":2000,"height":800,"url":"https:\/\/mhcalculos.com.br\/noticias\/wp-content\/uploads\/sites\/2\/2022\/07\/1658322321_judiciario-0016.jpg","type":"image\/jpeg"}],"author":"Equipe MH","twitter_card":"summary_large_image","twitter_misc":{"Escrito por":"Equipe MH","Est. tempo de leitura":"3 minutos"},"schema":{"@context":"https:\/\/schema.org","@graph":[{"@type":"Article","@id":"https:\/\/mhcalculos.com.br\/noticias\/area\/trabalhista\/tst-empregado-publico-de-75-anos-aposentado-compulsoriamente-nao-e-reintegrado-ao-trabalho.html#article","isPartOf":{"@id":"https:\/\/mhcalculos.com.br\/noticias\/area\/trabalhista\/tst-empregado-publico-de-75-anos-aposentado-compulsoriamente-nao-e-reintegrado-ao-trabalho.html"},"author":{"name":"Equipe MH","@id":"https:\/\/mhcalculos.com.br\/noticias\/#\/schema\/person\/88d1c34bf72dc779ea14a5a6b8e0ae8d"},"headline":"TST: Empregado p\u00fablico de 75 anos aposentado compulsoriamente n\u00e3o \u00e9 reintegrado ao trabalho","datePublished":"2022-07-18T21:39:00+00:00","mainEntityOfPage":{"@id":"https:\/\/mhcalculos.com.br\/noticias\/area\/trabalhista\/tst-empregado-publico-de-75-anos-aposentado-compulsoriamente-nao-e-reintegrado-ao-trabalho.html"},"wordCount":706,"commentCount":0,"image":{"@id":"https:\/\/mhcalculos.com.br\/noticias\/area\/trabalhista\/tst-empregado-publico-de-75-anos-aposentado-compulsoriamente-nao-e-reintegrado-ao-trabalho.html#primaryimage"},"thumbnailUrl":"https:\/\/mhcalculos.com.br\/noticias\/wp-content\/uploads\/sites\/2\/2022\/07\/1658322321_judiciario-0016.jpg","keywords":["c\u00e1lculos trabalhistas","direito trabalhista","per\u00edcia","perito","trabalho","TST"],"articleSection":["Direito Trabalhista","TST"],"inLanguage":"pt-BR","potentialAction":[{"@type":"CommentAction","name":"Comment","target":["https:\/\/mhcalculos.com.br\/noticias\/area\/trabalhista\/tst-empregado-publico-de-75-anos-aposentado-compulsoriamente-nao-e-reintegrado-ao-trabalho.html#respond"]}]},{"@type":"WebPage","@id":"https:\/\/mhcalculos.com.br\/noticias\/area\/trabalhista\/tst-empregado-publico-de-75-anos-aposentado-compulsoriamente-nao-e-reintegrado-ao-trabalho.html","url":"https:\/\/mhcalculos.com.br\/noticias\/area\/trabalhista\/tst-empregado-publico-de-75-anos-aposentado-compulsoriamente-nao-e-reintegrado-ao-trabalho.html","name":"TST: Empregado p\u00fablico de 75 anos aposentado compulsoriamente n\u00e3o \u00e9 reintegrado ao trabalho | Portal de Not\u00edcias","isPartOf":{"@id":"https:\/\/mhcalculos.com.br\/noticias\/#website"},"primaryImageOfPage":{"@id":"https:\/\/mhcalculos.com.br\/noticias\/area\/trabalhista\/tst-empregado-publico-de-75-anos-aposentado-compulsoriamente-nao-e-reintegrado-ao-trabalho.html#primaryimage"},"image":{"@id":"https:\/\/mhcalculos.com.br\/noticias\/area\/trabalhista\/tst-empregado-publico-de-75-anos-aposentado-compulsoriamente-nao-e-reintegrado-ao-trabalho.html#primaryimage"},"thumbnailUrl":"https:\/\/mhcalculos.com.br\/noticias\/wp-content\/uploads\/sites\/2\/2022\/07\/1658322321_judiciario-0016.jpg","datePublished":"2022-07-18T21:39:00+00:00","author":{"@id":"https:\/\/mhcalculos.com.br\/noticias\/#\/schema\/person\/88d1c34bf72dc779ea14a5a6b8e0ae8d"},"breadcrumb":{"@id":"https:\/\/mhcalculos.com.br\/noticias\/area\/trabalhista\/tst-empregado-publico-de-75-anos-aposentado-compulsoriamente-nao-e-reintegrado-ao-trabalho.html#breadcrumb"},"inLanguage":"pt-BR","potentialAction":[{"@type":"ReadAction","target":["https:\/\/mhcalculos.com.br\/noticias\/area\/trabalhista\/tst-empregado-publico-de-75-anos-aposentado-compulsoriamente-nao-e-reintegrado-ao-trabalho.html"]}]},{"@type":"ImageObject","inLanguage":"pt-BR","@id":"https:\/\/mhcalculos.com.br\/noticias\/area\/trabalhista\/tst-empregado-publico-de-75-anos-aposentado-compulsoriamente-nao-e-reintegrado-ao-trabalho.html#primaryimage","url":"https:\/\/mhcalculos.com.br\/noticias\/wp-content\/uploads\/sites\/2\/2022\/07\/1658322321_judiciario-0016.jpg","contentUrl":"https:\/\/mhcalculos.com.br\/noticias\/wp-content\/uploads\/sites\/2\/2022\/07\/1658322321_judiciario-0016.jpg","width":2000,"height":800},{"@type":"BreadcrumbList","@id":"https:\/\/mhcalculos.com.br\/noticias\/area\/trabalhista\/tst-empregado-publico-de-75-anos-aposentado-compulsoriamente-nao-e-reintegrado-ao-trabalho.html#breadcrumb","itemListElement":[{"@type":"ListItem","position":1,"name":"In\u00edcio","item":"https:\/\/mhcalculos.com.br\/noticias\/"},{"@type":"ListItem","position":2,"name":"TST: Empregado p\u00fablico de 75 anos aposentado compulsoriamente n\u00e3o \u00e9 reintegrado ao trabalho"}]},{"@type":"WebSite","@id":"https:\/\/mhcalculos.com.br\/noticias\/#website","url":"https:\/\/mhcalculos.com.br\/noticias\/","name":"Portal de Not\u00edcias","description":"Not\u00edcias e Jurisprud\u00eancia","potentialAction":[{"@type":"SearchAction","target":{"@type":"EntryPoint","urlTemplate":"https:\/\/mhcalculos.com.br\/noticias\/?s={search_term_string}"},"query-input":{"@type":"PropertyValueSpecification","valueRequired":true,"valueName":"search_term_string"}}],"inLanguage":"pt-BR"},{"@type":"Person","@id":"https:\/\/mhcalculos.com.br\/noticias\/#\/schema\/person\/88d1c34bf72dc779ea14a5a6b8e0ae8d","name":"Equipe MH","image":{"@type":"ImageObject","inLanguage":"pt-BR","@id":"https:\/\/secure.gravatar.com\/avatar\/de1c686c2ecc9c5a3f327e3431d819eb39f8f05d4e1045f5a1caad6daaba987f?s=96&d=mm&r=g","url":"https:\/\/secure.gravatar.com\/avatar\/de1c686c2ecc9c5a3f327e3431d819eb39f8f05d4e1045f5a1caad6daaba987f?s=96&d=mm&r=g","contentUrl":"https:\/\/secure.gravatar.com\/avatar\/de1c686c2ecc9c5a3f327e3431d819eb39f8f05d4e1045f5a1caad6daaba987f?s=96&d=mm&r=g","caption":"Equipe MH"}}]}},"_links":{"self":[{"href":"https:\/\/mhcalculos.com.br\/noticias\/wp-json\/wp\/v2\/posts\/11465","targetHints":{"allow":["GET"]}}],"collection":[{"href":"https:\/\/mhcalculos.com.br\/noticias\/wp-json\/wp\/v2\/posts"}],"about":[{"href":"https:\/\/mhcalculos.com.br\/noticias\/wp-json\/wp\/v2\/types\/post"}],"author":[{"embeddable":true,"href":"https:\/\/mhcalculos.com.br\/noticias\/wp-json\/wp\/v2\/users\/3063"}],"replies":[{"embeddable":true,"href":"https:\/\/mhcalculos.com.br\/noticias\/wp-json\/wp\/v2\/comments?post=11465"}],"version-history":[{"count":0,"href":"https:\/\/mhcalculos.com.br\/noticias\/wp-json\/wp\/v2\/posts\/11465\/revisions"}],"wp:featuredmedia":[{"embeddable":true,"href":"https:\/\/mhcalculos.com.br\/noticias\/wp-json\/wp\/v2\/media\/11466"}],"wp:attachment":[{"href":"https:\/\/mhcalculos.com.br\/noticias\/wp-json\/wp\/v2\/media?parent=11465"}],"wp:term":[{"taxonomy":"category","embeddable":true,"href":"https:\/\/mhcalculos.com.br\/noticias\/wp-json\/wp\/v2\/categories?post=11465"},{"taxonomy":"post_tag","embeddable":true,"href":"https:\/\/mhcalculos.com.br\/noticias\/wp-json\/wp\/v2\/tags?post=11465"}],"curies":[{"name":"wp","href":"https:\/\/api.w.org\/{rel}","templated":true}]}}