{"id":11461,"date":"2022-07-15T17:54:00","date_gmt":"2022-07-15T20:54:00","guid":{"rendered":"https:\/\/mhcalculos.com.br\/noticias\/area\/trabalhista\/tst-industriaria-dispensada-logo-apos-ajuizar-reclamacao-trabalhista-consegue-indenizacao.html"},"modified":"2022-07-15T17:54:00","modified_gmt":"2022-07-15T20:54:00","slug":"tst-industriaria-dispensada-logo-apos-ajuizar-reclamacao-trabalhista-consegue-indenizacao","status":"publish","type":"post","link":"https:\/\/mhcalculos.com.br\/noticias\/area\/trabalhista\/tst-industriaria-dispensada-logo-apos-ajuizar-reclamacao-trabalhista-consegue-indenizacao.html","title":{"rendered":"TST: Industri\u00e1ria dispensada logo ap\u00f3s ajuizar reclama\u00e7\u00e3o trabalhista consegue indeniza\u00e7\u00e3o"},"content":{"rendered":"<p><br \/>\n<\/p>\n<p><em><\/p>\n<p>Para a S\u00e9tima Turma, \u00e9 evidente o preju\u00edzo moral da trabalhadora, ao ver-se punida por exercer um direito.&nbsp;<\/p>\n<p><\/em><\/p>\n<p>        <a class=\"share-facebook\" href=\"https:\/\/www.facebook.com\/sharer.php?u=https:\/\/www.tst.jus.br\/-\/industri%C3%A1ria-dispensada-logo-ap%C3%B3s-ajuizar-reclama%C3%A7%C3%A3o-trabalhista-consegue-indeniza%C3%A7%C3%A3o\" target=\"_blank\" rel=\"noopener\"><\/a><br \/>\n        <a class=\"share-twitter\" href=\"http:\/\/twitter.com\/intent\/tweet?text=Industri\u00e1ria dispensada logo ap\u00f3s ajuizar reclama\u00e7\u00e3o trabalhista consegue indeniza\u00e7\u00e3o%0AVeja%20mais%20em:&amp;url=https:\/\/www.tst.jus.br\/-\/industri%C3%A1ria-dispensada-logo-ap%C3%B3s-ajuizar-reclama%C3%A7%C3%A3o-trabalhista-consegue-indeniza%C3%A7%C3%A3o\" target=\"_blank\" rel=\"noopener\"><\/a><br \/>\n        <a class=\"share-linkedin\" href=\"https:\/\/www.linkedin.com\/shareArticle?mini=true&amp;url=https:\/\/www.tst.jus.br\/-\/industri%C3%A1ria-dispensada-logo-ap%C3%B3s-ajuizar-reclama%C3%A7%C3%A3o-trabalhista-consegue-indeniza%C3%A7%C3%A3o&amp;title=Industri\u00e1ria dispensada logo ap\u00f3s ajuizar reclama\u00e7\u00e3o trabalhista consegue indeniza\u00e7\u00e3o\" target=\"_blank\" rel=\"noopener\"><\/a><br \/>\n        <a class=\"share-whatsapp\" href=\"https:\/\/web.whatsapp.com\/send?text=https:\/\/www.tst.jus.br\/-\/industri%C3%A1ria-dispensada-logo-ap%C3%B3s-ajuizar-reclama%C3%A7%C3%A3o-trabalhista-consegue-indeniza%C3%A7%C3%A3o\" target=\"_blank\" rel=\"noopener\"><\/a><br \/>\n        <a class=\"share-googleplus\" href=\"https:\/\/plus.google.com\/share?url=https:\/\/www.tst.jus.br\/-\/industri%C3%A1ria-dispensada-logo-ap%C3%B3s-ajuizar-reclama%C3%A7%C3%A3o-trabalhista-consegue-indeniza%C3%A7%C3%A3o\" target=\"_blank\" rel=\"noopener\"><\/a><\/p>\n<p>                <\/p>\n<p>Imagem de trabalhadora recebendo carta de demiss\u00e3o<\/p>\n<p>                    <a class=\"share-facebook\" href=\"https:\/\/www.facebook.com\/sharer.php?u=https:\/\/www.tst.jus.br\/-\/industri%C3%A1ria-dispensada-logo-ap%C3%B3s-ajuizar-reclama%C3%A7%C3%A3o-trabalhista-consegue-indeniza%C3%A7%C3%A3o\" target=\"_blank\" rel=\"noopener\"><\/a><br \/>\n                    <a class=\"share-twitter\" href=\"http:\/\/twitter.com\/intent\/tweet?text=Industri\u00e1ria dispensada logo ap\u00f3s ajuizar reclama\u00e7\u00e3o trabalhista consegue indeniza\u00e7\u00e3o%0AVeja%20mais%20em:&amp;url=https:\/\/www.tst.jus.br\/-\/industri%C3%A1ria-dispensada-logo-ap%C3%B3s-ajuizar-reclama%C3%A7%C3%A3o-trabalhista-consegue-indeniza%C3%A7%C3%A3o\" target=\"_blank\" rel=\"noopener\"><\/a><br \/>\n                    <a class=\"share-linkedin\" href=\"https:\/\/www.linkedin.com\/shareArticle?mini=true&amp;url=https:\/\/www.tst.jus.br\/-\/industri%C3%A1ria-dispensada-logo-ap%C3%B3s-ajuizar-reclama%C3%A7%C3%A3o-trabalhista-consegue-indeniza%C3%A7%C3%A3o&amp;title=Industri\u00e1ria dispensada logo ap\u00f3s ajuizar reclama\u00e7\u00e3o trabalhista consegue indeniza\u00e7\u00e3o\" target=\"_blank\" rel=\"noopener\"><\/a><br \/>\n                    <a class=\"share-whatsapp\" href=\"https:\/\/web.whatsapp.com\/send?text=https:\/\/www.tst.jus.br\/-\/industri%C3%A1ria-dispensada-logo-ap%C3%B3s-ajuizar-reclama%C3%A7%C3%A3o-trabalhista-consegue-indeniza%C3%A7%C3%A3o\" target=\"_blank\" rel=\"noopener\"><\/a><br \/>\n                    <a class=\"share-googleplus\" href=\"https:\/\/plus.google.com\/share?url=https:\/\/www.tst.jus.br\/-\/industri%C3%A1ria-dispensada-logo-ap%C3%B3s-ajuizar-reclama%C3%A7%C3%A3o-trabalhista-consegue-indeniza%C3%A7%C3%A3o\" target=\"_blank\" rel=\"noopener\"><\/a><\/p>\n<p >27\/7\/2022 &#8211; A S\u00e9tima Turma do Tribunal Superior do Trabalho rejeitou examinar recurso da Cal\u00e7ados Bottero Ltda. contra senten\u00e7a que determinou \u00e0 empresa pagar indeniza\u00e7\u00e3o por danos morais a uma trabalhadora de Sapiranga (RS) dispensada por justa causa onze dias ap\u00f3s ajuizar reclama\u00e7\u00e3o trabalhista contra a empregadora. De acordo com a decis\u00e3o, houve preju\u00edzo moral \u00e0 profissional.<\/p>\n<p ><strong>Dispensa&nbsp;<\/strong><\/p>\n<p >Ainda com o contrato de trabalho em vigor, a profissional ajuizou a a\u00e7\u00e3o em 15\/3\/2013. Ela exercia a fun\u00e7\u00e3o de servi\u00e7os gerais de costura e requereu, entre outras coisas, adicional de insalubridade e horas extras. Quanto ao adicional, alegou que mantinha contato com diversos produtos qu\u00edmicos e f\u00edsicos nocivos \u00e0 sa\u00fade, tais como \u00f3leo, graxa, cola, \u00e1lcool e solvente, al\u00e9m de trabalhar exposta a ru\u00eddo excessivo.<br \/>\n&nbsp;<br \/>\nDias depois, em aditamento \u00e0 peti\u00e7\u00e3o inicial, a trabalhadora informou que foi despedida por justa causa em 26\/3, pleiteando a convers\u00e3o da modalidade de ruptura contratual, com o reconhecimento de despedida sem justa causa, e condena\u00e7\u00e3o da empresa ao pagamento das verbas rescis\u00f3rias e da indeniza\u00e7\u00e3o por danos morais.<\/p>\n<p >Em sua defesa, a Bottero argumentou que a ruptura do contrato de emprego se deu por reiteradas faltas injustificadas ao trabalho e por indisciplina (&#8220;consistente no ato de desacatar ordens de trabalho&#8221;), j\u00e1 que a profissional n\u00e3o modificou suas atitudes &#8220;frente \u00e0s medidas disciplinares adotadas&#8221;.<\/p>\n<p ><strong>Condena\u00e7\u00e3o<\/strong><\/p>\n<p >O ju\u00edzo de primeiro grau deferiu a revers\u00e3o da justa causa, concluindo que a despedida caracterizou ato discriminat\u00f3rio, afrontando a dignidade da pessoa humana, por desrespeitar o direito fundamental de acesso \u00e0 Justi\u00e7a. Al\u00e9m disso, acolheu a alega\u00e7\u00e3o de que a despedida foi um ato de retalia\u00e7\u00e3o adotado pela empresa, deferindo \u00e0 trabalhadora repara\u00e7\u00e3o de R$ 8 mil.<\/p>\n<p >No recurso ao Tribunal Regional do Trabalho da 4\u00aa Regi\u00e3o (RS), a empresa negou ter cometido ato discriminat\u00f3rio e afirmou que a profissional n\u00e3o sofreu abalo psicol\u00f3gico, salientando que essas situa\u00e7\u00f5es n\u00e3o foram comprovadas.&nbsp;<\/p>\n<p >Para o TRT, por\u00e9m, a dispensa discriminat\u00f3ria ficou comprovada. O Tribunal Regional frisou que, al\u00e9m de ter sido sem motivo justo, a dispensa ocorreu logo ap\u00f3s o ajuizamento desta a\u00e7\u00e3o, o que teria fortalecido a alega\u00e7\u00e3o da trabalhadora de que sofreu revide. Ressaltou tamb\u00e9m que a caracteriza\u00e7\u00e3o da ofensa prescinde de prova em rela\u00e7\u00e3o ao preju\u00edzo causado, bastando estar configurado \u201co desrespeito aos direitos fundamentais tutelados, pois a pr\u00e1tica de ato il\u00edcito atenta contra postulados consagrados na Constitui\u00e7\u00e3o\u201d.<\/p>\n<p >Acrescentou que &nbsp;o valor deferido em senten\u00e7a, R$ 8 mil, \u00e9 razo\u00e1vel e suficiente, considerando a extens\u00e3o dos danos sofridos pela profissional, a capacidade econ\u00f4mica do ofensor (o capital social da Bottero na \u00e9poca era de R$ 2.320.000,00), o grau de culpa dessa e o car\u00e1ter pedag\u00f3gico e punitivo da medida.&nbsp;<\/p>\n<p ><strong>\u201cPreju\u00edzo moral\u201d<\/strong><\/p>\n<p >Para tentar ser absolvida da condena\u00e7\u00e3o, a Cal\u00e7ados Bottero recorreu ao TST, reafirmando que n\u00e3o existia dano a ser reparado, pois a trabalhadora \u201cn\u00e3o comprovou ter sofrido qualquer tipo de dano pela demiss\u00e3o sofrida\u201d.&nbsp;<\/p>\n<p >No entanto, o ministro relator Evandro Valad\u00e3o considerou n\u00e3o ser poss\u00edvel o exame do recurso de revista nesse tema.&nbsp;<\/p>\n<p >Segundo o relator, no caso, o direito do empregador de rescindir o contrato de trabalho \u201cn\u00e3o o legitima para, valendo-se do seu poder diretivo e de sua supremacia econ\u00f4mica, praticar ato destinado a punir o empregado que exerceu o direito constitucional de acesso ao Judici\u00e1rio\u201d. &nbsp;Na avalia\u00e7\u00e3o do ministro Evandro, ficou \u201cevidente o preju\u00edzo moral da trabalhadora, ao ver-se punida pelo exerc\u00edcio regular de um direito\u201d.&nbsp;<\/p>\n<p >Nesse sentido, ele citou precedentes da Terceira, da Sexta e da S\u00e9tima Turma. O colegiado adotou o voto do relator e n\u00e3o conheceu do recurso quanto ao tema, mantendo, assim, a senten\u00e7a que condenou a empresa a pagar R$ 8 mil de indeniza\u00e7\u00e3o por danos morais.<br \/>\n&nbsp;<br \/>\n(LT\/GS)<\/p>\n<p >Processo: <a href=\"https:\/\/consultaprocessual.tst.jus.br\/consultaProcessual\/consultaTstNumUnica.do;jsessionid=2TFC3vFJSPB0sEJoXgXYOC6lUO5owauz71WGIRU4.consultaprocessual-17-55gjk?conscsjt=&amp;numeroTst=285&amp;digitoTst=27&amp;anoTst=2013&amp;orgaoTst=5&amp;tribunalTst=04&amp;varaTst=&amp;consulta=Consultar\" target=\"_blank\" rel=\"noopener\">RR &#8211; 285-27.2013.5.04.0381<\/a><\/p>\n<p >O TST possui oito Turmas, cada uma composta de tr\u00eas ministros, com a atribui\u00e7\u00e3o de analisar recursos de revista, agravos, agravos de instrumento, agravos regimentais e recursos ordin\u00e1rios em a\u00e7\u00e3o cautelar. Das decis\u00f5es das Turmas, a parte ainda pode, em alguns casos, recorrer \u00e0 Subse\u00e7\u00e3o I Especializada em Diss\u00eddios Individuais (SBDI-1).<\/p>\n<p >Esta mat\u00e9ria tem cunho meramente informativo.<br \/>\nPermitida a reprodu\u00e7\u00e3o mediante cita\u00e7\u00e3o da fonte.<br \/>\nSecretaria de Comunica\u00e7\u00e3o Social<br \/>\nTribunal Superior do Trabalho<br \/>\nTel. (61) 3043-4907&nbsp;<br \/>\nsecom@tst.jus.br<\/p>\n<p>    $(&#8216;#lightbox-odqz_ .slider-gallery-wrapper img&#8217;).hover(<br \/>\n    function() {<br \/>\n        const $text=$($($(this).parent()).next());<br \/>\n        $text.hasClass(&#8216;inside-description&#8217;) &amp;&amp; $text.fadeTo( &#8220;slow&#8221; , 0);<br \/>\n    }, function() {<br \/>\n        const $text=$($($(this).parent()).next());<br \/>\n        $text.hasClass(&#8216;inside-description&#8217;) &amp;&amp; $text.fadeTo( &#8220;slow&#8221; , 1);<br \/>\n    }<br \/>\n    );<br \/>\n    $(document).ready(function() {<br \/>\n        var odqz_autoplaying=false;<br \/>\n        var odqz_showingLightbox=false;<br \/>\n        const odqz_playPauseControllers=&#8221;#slider-odqz_-playpause, #slider-odqz_-lightbox-playpause&#8221;;<br \/>\n        $(&#8220;#slider-odqz_&#8221;).slick({<br \/>\n            slidesToShow: 1,<br \/>\n            slidesToScroll: 1,<br \/>\n            autoplay: odqz_autoplaying,<br \/>\n            swipeToSlide: false,<br \/>\n            centerMode: false,<br \/>\n            autoplaySpeed: 3000,<br \/>\n            focusOnSelect: true,<br \/>\n            prevArrow:<br \/>\n            &#8221;,<br \/>\n            nextArrow:<br \/>\n            &#8221;,<br \/>\n            centerPadding: &#8220;60px&#8221;,<br \/>\n            responsive: [<br \/>\n                {<br \/>\n                    breakpoint: 767.98,<br \/>\n                    settings: {<br \/>\n                        slidesToShow: 3,<br \/>\n                        adaptiveHeight: true<br \/>\n                    }<br \/>\n                }<br \/>\n            ]<br \/>\n        });<br \/>\n        $(&#8220;#slider-odqz_&#8221;).slickLightbox({<br \/>\n            src: &#8216;src&#8217;,<br \/>\n            itemSelector: &#8216;.galery-image .multimidia-wrapper img&#8217;,<br \/>\n            caption:&#8217;caption&#8217;<br \/>\n        });<br \/>\n    });<br \/>\n<script async src=\"https:\/\/platform.twitter.com\/widgets.js\" charset=\"utf-8\"><\/script><br \/>\n<br \/><i>Com informa\u00e7\u00f5es da assessoria de imprensa do TST.<\/i><br \/>\n<br \/><a href=\"https:\/\/www.tst.jus.br\/web\/guest\/noticias?p_p_id=89Dk&#038;p_p_lifecycle=0&#038;refererPlid=10730&#038;_89Dk_groupId=10157&#038;_89Dk_articleId=30950853\">Fonte<\/a><br \/>\n<br \/><\/p>\n","protected":false},"excerpt":{"rendered":"<p>Para a S\u00e9tima Turma, \u00e9 evidente o preju\u00edzo moral da trabalhadora, ao ver-se punida por exercer um direito.&nbsp; Imagem de trabalhadora recebendo carta de demiss\u00e3o 27\/7\/2022 &#8211; A S\u00e9tima Turma do Tribunal Superior do Trabalho rejeitou examinar recurso da Cal\u00e7ados Bottero Ltda. contra senten\u00e7a que determinou \u00e0 empresa pagar indeniza\u00e7\u00e3o por danos morais a uma [&hellip;]<\/p>\n","protected":false},"author":3063,"featured_media":11462,"comment_status":"open","ping_status":"open","sticky":false,"template":"","format":"standard","meta":{"footnotes":""},"categories":[3,21],"tags":[33,216,9,12,217,215],"class_list":{"0":"post-11461","1":"post","2":"type-post","3":"status-publish","4":"format-standard","5":"has-post-thumbnail","7":"category-trabalhista","8":"category-tst","9":"tag-calculos-trabalhistas","10":"tag-direito-trabalhista","11":"tag-pericia","12":"tag-perito","13":"tag-trabalho","14":"tag-tst"},"yoast_head":"<!-- This site is optimized with the Yoast SEO plugin v27.2 - https:\/\/yoast.com\/product\/yoast-seo-wordpress\/ -->\n<title>TST: Industri\u00e1ria dispensada logo ap\u00f3s ajuizar reclama\u00e7\u00e3o trabalhista consegue indeniza\u00e7\u00e3o | Portal de Not\u00edcias<\/title>\n<meta name=\"robots\" content=\"index, follow, max-snippet:-1, max-image-preview:large, max-video-preview:-1\" \/>\n<link rel=\"canonical\" href=\"https:\/\/mhcalculos.com.br\/noticias\/area\/trabalhista\/tst-industriaria-dispensada-logo-apos-ajuizar-reclamacao-trabalhista-consegue-indenizacao.html\" \/>\n<meta property=\"og:locale\" content=\"pt_BR\" \/>\n<meta property=\"og:type\" content=\"article\" \/>\n<meta property=\"og:title\" content=\"TST: Industri\u00e1ria dispensada logo ap\u00f3s ajuizar reclama\u00e7\u00e3o trabalhista consegue indeniza\u00e7\u00e3o | Portal de Not\u00edcias\" \/>\n<meta property=\"og:description\" content=\"Para a S\u00e9tima Turma, \u00e9 evidente o preju\u00edzo moral da trabalhadora, ao ver-se punida por exercer um direito.&nbsp; Imagem de trabalhadora recebendo carta de demiss\u00e3o 27\/7\/2022 &#8211; A S\u00e9tima Turma do Tribunal Superior do Trabalho rejeitou examinar recurso da Cal\u00e7ados Bottero Ltda. contra senten\u00e7a que determinou \u00e0 empresa pagar indeniza\u00e7\u00e3o por danos morais a uma [&hellip;]\" \/>\n<meta property=\"og:url\" content=\"https:\/\/mhcalculos.com.br\/noticias\/area\/trabalhista\/tst-industriaria-dispensada-logo-apos-ajuizar-reclamacao-trabalhista-consegue-indenizacao.html\" \/>\n<meta property=\"og:site_name\" content=\"Portal de Not\u00edcias\" \/>\n<meta property=\"article:published_time\" content=\"2022-07-15T20:54:00+00:00\" \/>\n<meta property=\"og:image\" content=\"https:\/\/mhcalculos.com.br\/noticias\/wp-content\/uploads\/sites\/2\/2022\/07\/1658228713_trabalhista-0040.jpg\" \/>\n\t<meta property=\"og:image:width\" content=\"2000\" \/>\n\t<meta property=\"og:image:height\" content=\"800\" \/>\n\t<meta property=\"og:image:type\" content=\"image\/jpeg\" \/>\n<meta name=\"author\" content=\"Equipe MH\" \/>\n<meta name=\"twitter:card\" content=\"summary_large_image\" \/>\n<meta name=\"twitter:label1\" content=\"Escrito por\" \/>\n\t<meta name=\"twitter:data1\" content=\"Equipe MH\" \/>\n\t<meta name=\"twitter:label2\" content=\"Est. tempo de leitura\" \/>\n\t<meta name=\"twitter:data2\" content=\"5 minutos\" \/>\n<script type=\"application\/ld+json\" class=\"yoast-schema-graph\">{\"@context\":\"https:\/\/schema.org\",\"@graph\":[{\"@type\":\"Article\",\"@id\":\"https:\/\/mhcalculos.com.br\/noticias\/area\/trabalhista\/tst-industriaria-dispensada-logo-apos-ajuizar-reclamacao-trabalhista-consegue-indenizacao.html#article\",\"isPartOf\":{\"@id\":\"https:\/\/mhcalculos.com.br\/noticias\/area\/trabalhista\/tst-industriaria-dispensada-logo-apos-ajuizar-reclamacao-trabalhista-consegue-indenizacao.html\"},\"author\":{\"name\":\"Equipe MH\",\"@id\":\"https:\/\/mhcalculos.com.br\/noticias\/#\/schema\/person\/88d1c34bf72dc779ea14a5a6b8e0ae8d\"},\"headline\":\"TST: Industri\u00e1ria dispensada logo ap\u00f3s ajuizar reclama\u00e7\u00e3o trabalhista consegue indeniza\u00e7\u00e3o\",\"datePublished\":\"2022-07-15T20:54:00+00:00\",\"mainEntityOfPage\":{\"@id\":\"https:\/\/mhcalculos.com.br\/noticias\/area\/trabalhista\/tst-industriaria-dispensada-logo-apos-ajuizar-reclamacao-trabalhista-consegue-indenizacao.html\"},\"wordCount\":910,\"commentCount\":0,\"image\":{\"@id\":\"https:\/\/mhcalculos.com.br\/noticias\/area\/trabalhista\/tst-industriaria-dispensada-logo-apos-ajuizar-reclamacao-trabalhista-consegue-indenizacao.html#primaryimage\"},\"thumbnailUrl\":\"https:\/\/mhcalculos.com.br\/noticias\/wp-content\/uploads\/sites\/2\/2022\/07\/1658228713_trabalhista-0040.jpg\",\"keywords\":[\"c\u00e1lculos trabalhistas\",\"direito trabalhista\",\"per\u00edcia\",\"perito\",\"trabalho\",\"TST\"],\"articleSection\":[\"Direito Trabalhista\",\"TST\"],\"inLanguage\":\"pt-BR\",\"potentialAction\":[{\"@type\":\"CommentAction\",\"name\":\"Comment\",\"target\":[\"https:\/\/mhcalculos.com.br\/noticias\/area\/trabalhista\/tst-industriaria-dispensada-logo-apos-ajuizar-reclamacao-trabalhista-consegue-indenizacao.html#respond\"]}]},{\"@type\":\"WebPage\",\"@id\":\"https:\/\/mhcalculos.com.br\/noticias\/area\/trabalhista\/tst-industriaria-dispensada-logo-apos-ajuizar-reclamacao-trabalhista-consegue-indenizacao.html\",\"url\":\"https:\/\/mhcalculos.com.br\/noticias\/area\/trabalhista\/tst-industriaria-dispensada-logo-apos-ajuizar-reclamacao-trabalhista-consegue-indenizacao.html\",\"name\":\"TST: Industri\u00e1ria dispensada logo ap\u00f3s ajuizar reclama\u00e7\u00e3o trabalhista consegue indeniza\u00e7\u00e3o | Portal de Not\u00edcias\",\"isPartOf\":{\"@id\":\"https:\/\/mhcalculos.com.br\/noticias\/#website\"},\"primaryImageOfPage\":{\"@id\":\"https:\/\/mhcalculos.com.br\/noticias\/area\/trabalhista\/tst-industriaria-dispensada-logo-apos-ajuizar-reclamacao-trabalhista-consegue-indenizacao.html#primaryimage\"},\"image\":{\"@id\":\"https:\/\/mhcalculos.com.br\/noticias\/area\/trabalhista\/tst-industriaria-dispensada-logo-apos-ajuizar-reclamacao-trabalhista-consegue-indenizacao.html#primaryimage\"},\"thumbnailUrl\":\"https:\/\/mhcalculos.com.br\/noticias\/wp-content\/uploads\/sites\/2\/2022\/07\/1658228713_trabalhista-0040.jpg\",\"datePublished\":\"2022-07-15T20:54:00+00:00\",\"author\":{\"@id\":\"https:\/\/mhcalculos.com.br\/noticias\/#\/schema\/person\/88d1c34bf72dc779ea14a5a6b8e0ae8d\"},\"breadcrumb\":{\"@id\":\"https:\/\/mhcalculos.com.br\/noticias\/area\/trabalhista\/tst-industriaria-dispensada-logo-apos-ajuizar-reclamacao-trabalhista-consegue-indenizacao.html#breadcrumb\"},\"inLanguage\":\"pt-BR\",\"potentialAction\":[{\"@type\":\"ReadAction\",\"target\":[\"https:\/\/mhcalculos.com.br\/noticias\/area\/trabalhista\/tst-industriaria-dispensada-logo-apos-ajuizar-reclamacao-trabalhista-consegue-indenizacao.html\"]}]},{\"@type\":\"ImageObject\",\"inLanguage\":\"pt-BR\",\"@id\":\"https:\/\/mhcalculos.com.br\/noticias\/area\/trabalhista\/tst-industriaria-dispensada-logo-apos-ajuizar-reclamacao-trabalhista-consegue-indenizacao.html#primaryimage\",\"url\":\"https:\/\/mhcalculos.com.br\/noticias\/wp-content\/uploads\/sites\/2\/2022\/07\/1658228713_trabalhista-0040.jpg\",\"contentUrl\":\"https:\/\/mhcalculos.com.br\/noticias\/wp-content\/uploads\/sites\/2\/2022\/07\/1658228713_trabalhista-0040.jpg\",\"width\":2000,\"height\":800},{\"@type\":\"BreadcrumbList\",\"@id\":\"https:\/\/mhcalculos.com.br\/noticias\/area\/trabalhista\/tst-industriaria-dispensada-logo-apos-ajuizar-reclamacao-trabalhista-consegue-indenizacao.html#breadcrumb\",\"itemListElement\":[{\"@type\":\"ListItem\",\"position\":1,\"name\":\"In\u00edcio\",\"item\":\"https:\/\/mhcalculos.com.br\/noticias\/\"},{\"@type\":\"ListItem\",\"position\":2,\"name\":\"TST: Industri\u00e1ria dispensada logo ap\u00f3s ajuizar reclama\u00e7\u00e3o trabalhista consegue indeniza\u00e7\u00e3o\"}]},{\"@type\":\"WebSite\",\"@id\":\"https:\/\/mhcalculos.com.br\/noticias\/#website\",\"url\":\"https:\/\/mhcalculos.com.br\/noticias\/\",\"name\":\"Portal de Not\u00edcias\",\"description\":\"Not\u00edcias e Jurisprud\u00eancia\",\"potentialAction\":[{\"@type\":\"SearchAction\",\"target\":{\"@type\":\"EntryPoint\",\"urlTemplate\":\"https:\/\/mhcalculos.com.br\/noticias\/?s={search_term_string}\"},\"query-input\":{\"@type\":\"PropertyValueSpecification\",\"valueRequired\":true,\"valueName\":\"search_term_string\"}}],\"inLanguage\":\"pt-BR\"},{\"@type\":\"Person\",\"@id\":\"https:\/\/mhcalculos.com.br\/noticias\/#\/schema\/person\/88d1c34bf72dc779ea14a5a6b8e0ae8d\",\"name\":\"Equipe MH\",\"image\":{\"@type\":\"ImageObject\",\"inLanguage\":\"pt-BR\",\"@id\":\"https:\/\/secure.gravatar.com\/avatar\/de1c686c2ecc9c5a3f327e3431d819eb39f8f05d4e1045f5a1caad6daaba987f?s=96&d=mm&r=g\",\"url\":\"https:\/\/secure.gravatar.com\/avatar\/de1c686c2ecc9c5a3f327e3431d819eb39f8f05d4e1045f5a1caad6daaba987f?s=96&d=mm&r=g\",\"contentUrl\":\"https:\/\/secure.gravatar.com\/avatar\/de1c686c2ecc9c5a3f327e3431d819eb39f8f05d4e1045f5a1caad6daaba987f?s=96&d=mm&r=g\",\"caption\":\"Equipe MH\"}}]}<\/script>\n<!-- \/ Yoast SEO plugin. -->","yoast_head_json":{"title":"TST: Industri\u00e1ria dispensada logo ap\u00f3s ajuizar reclama\u00e7\u00e3o trabalhista consegue indeniza\u00e7\u00e3o | Portal de Not\u00edcias","robots":{"index":"index","follow":"follow","max-snippet":"max-snippet:-1","max-image-preview":"max-image-preview:large","max-video-preview":"max-video-preview:-1"},"canonical":"https:\/\/mhcalculos.com.br\/noticias\/area\/trabalhista\/tst-industriaria-dispensada-logo-apos-ajuizar-reclamacao-trabalhista-consegue-indenizacao.html","og_locale":"pt_BR","og_type":"article","og_title":"TST: Industri\u00e1ria dispensada logo ap\u00f3s ajuizar reclama\u00e7\u00e3o trabalhista consegue indeniza\u00e7\u00e3o | Portal de Not\u00edcias","og_description":"Para a S\u00e9tima Turma, \u00e9 evidente o preju\u00edzo moral da trabalhadora, ao ver-se punida por exercer um direito.&nbsp; Imagem de trabalhadora recebendo carta de demiss\u00e3o 27\/7\/2022 &#8211; A S\u00e9tima Turma do Tribunal Superior do Trabalho rejeitou examinar recurso da Cal\u00e7ados Bottero Ltda. contra senten\u00e7a que determinou \u00e0 empresa pagar indeniza\u00e7\u00e3o por danos morais a uma [&hellip;]","og_url":"https:\/\/mhcalculos.com.br\/noticias\/area\/trabalhista\/tst-industriaria-dispensada-logo-apos-ajuizar-reclamacao-trabalhista-consegue-indenizacao.html","og_site_name":"Portal de Not\u00edcias","article_published_time":"2022-07-15T20:54:00+00:00","og_image":[{"width":2000,"height":800,"url":"https:\/\/mhcalculos.com.br\/noticias\/wp-content\/uploads\/sites\/2\/2022\/07\/1658228713_trabalhista-0040.jpg","type":"image\/jpeg"}],"author":"Equipe MH","twitter_card":"summary_large_image","twitter_misc":{"Escrito por":"Equipe MH","Est. tempo de leitura":"5 minutos"},"schema":{"@context":"https:\/\/schema.org","@graph":[{"@type":"Article","@id":"https:\/\/mhcalculos.com.br\/noticias\/area\/trabalhista\/tst-industriaria-dispensada-logo-apos-ajuizar-reclamacao-trabalhista-consegue-indenizacao.html#article","isPartOf":{"@id":"https:\/\/mhcalculos.com.br\/noticias\/area\/trabalhista\/tst-industriaria-dispensada-logo-apos-ajuizar-reclamacao-trabalhista-consegue-indenizacao.html"},"author":{"name":"Equipe MH","@id":"https:\/\/mhcalculos.com.br\/noticias\/#\/schema\/person\/88d1c34bf72dc779ea14a5a6b8e0ae8d"},"headline":"TST: Industri\u00e1ria dispensada logo ap\u00f3s ajuizar reclama\u00e7\u00e3o trabalhista consegue indeniza\u00e7\u00e3o","datePublished":"2022-07-15T20:54:00+00:00","mainEntityOfPage":{"@id":"https:\/\/mhcalculos.com.br\/noticias\/area\/trabalhista\/tst-industriaria-dispensada-logo-apos-ajuizar-reclamacao-trabalhista-consegue-indenizacao.html"},"wordCount":910,"commentCount":0,"image":{"@id":"https:\/\/mhcalculos.com.br\/noticias\/area\/trabalhista\/tst-industriaria-dispensada-logo-apos-ajuizar-reclamacao-trabalhista-consegue-indenizacao.html#primaryimage"},"thumbnailUrl":"https:\/\/mhcalculos.com.br\/noticias\/wp-content\/uploads\/sites\/2\/2022\/07\/1658228713_trabalhista-0040.jpg","keywords":["c\u00e1lculos trabalhistas","direito trabalhista","per\u00edcia","perito","trabalho","TST"],"articleSection":["Direito Trabalhista","TST"],"inLanguage":"pt-BR","potentialAction":[{"@type":"CommentAction","name":"Comment","target":["https:\/\/mhcalculos.com.br\/noticias\/area\/trabalhista\/tst-industriaria-dispensada-logo-apos-ajuizar-reclamacao-trabalhista-consegue-indenizacao.html#respond"]}]},{"@type":"WebPage","@id":"https:\/\/mhcalculos.com.br\/noticias\/area\/trabalhista\/tst-industriaria-dispensada-logo-apos-ajuizar-reclamacao-trabalhista-consegue-indenizacao.html","url":"https:\/\/mhcalculos.com.br\/noticias\/area\/trabalhista\/tst-industriaria-dispensada-logo-apos-ajuizar-reclamacao-trabalhista-consegue-indenizacao.html","name":"TST: Industri\u00e1ria dispensada logo ap\u00f3s ajuizar reclama\u00e7\u00e3o trabalhista consegue indeniza\u00e7\u00e3o | Portal de Not\u00edcias","isPartOf":{"@id":"https:\/\/mhcalculos.com.br\/noticias\/#website"},"primaryImageOfPage":{"@id":"https:\/\/mhcalculos.com.br\/noticias\/area\/trabalhista\/tst-industriaria-dispensada-logo-apos-ajuizar-reclamacao-trabalhista-consegue-indenizacao.html#primaryimage"},"image":{"@id":"https:\/\/mhcalculos.com.br\/noticias\/area\/trabalhista\/tst-industriaria-dispensada-logo-apos-ajuizar-reclamacao-trabalhista-consegue-indenizacao.html#primaryimage"},"thumbnailUrl":"https:\/\/mhcalculos.com.br\/noticias\/wp-content\/uploads\/sites\/2\/2022\/07\/1658228713_trabalhista-0040.jpg","datePublished":"2022-07-15T20:54:00+00:00","author":{"@id":"https:\/\/mhcalculos.com.br\/noticias\/#\/schema\/person\/88d1c34bf72dc779ea14a5a6b8e0ae8d"},"breadcrumb":{"@id":"https:\/\/mhcalculos.com.br\/noticias\/area\/trabalhista\/tst-industriaria-dispensada-logo-apos-ajuizar-reclamacao-trabalhista-consegue-indenizacao.html#breadcrumb"},"inLanguage":"pt-BR","potentialAction":[{"@type":"ReadAction","target":["https:\/\/mhcalculos.com.br\/noticias\/area\/trabalhista\/tst-industriaria-dispensada-logo-apos-ajuizar-reclamacao-trabalhista-consegue-indenizacao.html"]}]},{"@type":"ImageObject","inLanguage":"pt-BR","@id":"https:\/\/mhcalculos.com.br\/noticias\/area\/trabalhista\/tst-industriaria-dispensada-logo-apos-ajuizar-reclamacao-trabalhista-consegue-indenizacao.html#primaryimage","url":"https:\/\/mhcalculos.com.br\/noticias\/wp-content\/uploads\/sites\/2\/2022\/07\/1658228713_trabalhista-0040.jpg","contentUrl":"https:\/\/mhcalculos.com.br\/noticias\/wp-content\/uploads\/sites\/2\/2022\/07\/1658228713_trabalhista-0040.jpg","width":2000,"height":800},{"@type":"BreadcrumbList","@id":"https:\/\/mhcalculos.com.br\/noticias\/area\/trabalhista\/tst-industriaria-dispensada-logo-apos-ajuizar-reclamacao-trabalhista-consegue-indenizacao.html#breadcrumb","itemListElement":[{"@type":"ListItem","position":1,"name":"In\u00edcio","item":"https:\/\/mhcalculos.com.br\/noticias\/"},{"@type":"ListItem","position":2,"name":"TST: Industri\u00e1ria dispensada logo ap\u00f3s ajuizar reclama\u00e7\u00e3o trabalhista consegue indeniza\u00e7\u00e3o"}]},{"@type":"WebSite","@id":"https:\/\/mhcalculos.com.br\/noticias\/#website","url":"https:\/\/mhcalculos.com.br\/noticias\/","name":"Portal de Not\u00edcias","description":"Not\u00edcias e Jurisprud\u00eancia","potentialAction":[{"@type":"SearchAction","target":{"@type":"EntryPoint","urlTemplate":"https:\/\/mhcalculos.com.br\/noticias\/?s={search_term_string}"},"query-input":{"@type":"PropertyValueSpecification","valueRequired":true,"valueName":"search_term_string"}}],"inLanguage":"pt-BR"},{"@type":"Person","@id":"https:\/\/mhcalculos.com.br\/noticias\/#\/schema\/person\/88d1c34bf72dc779ea14a5a6b8e0ae8d","name":"Equipe MH","image":{"@type":"ImageObject","inLanguage":"pt-BR","@id":"https:\/\/secure.gravatar.com\/avatar\/de1c686c2ecc9c5a3f327e3431d819eb39f8f05d4e1045f5a1caad6daaba987f?s=96&d=mm&r=g","url":"https:\/\/secure.gravatar.com\/avatar\/de1c686c2ecc9c5a3f327e3431d819eb39f8f05d4e1045f5a1caad6daaba987f?s=96&d=mm&r=g","contentUrl":"https:\/\/secure.gravatar.com\/avatar\/de1c686c2ecc9c5a3f327e3431d819eb39f8f05d4e1045f5a1caad6daaba987f?s=96&d=mm&r=g","caption":"Equipe MH"}}]}},"_links":{"self":[{"href":"https:\/\/mhcalculos.com.br\/noticias\/wp-json\/wp\/v2\/posts\/11461","targetHints":{"allow":["GET"]}}],"collection":[{"href":"https:\/\/mhcalculos.com.br\/noticias\/wp-json\/wp\/v2\/posts"}],"about":[{"href":"https:\/\/mhcalculos.com.br\/noticias\/wp-json\/wp\/v2\/types\/post"}],"author":[{"embeddable":true,"href":"https:\/\/mhcalculos.com.br\/noticias\/wp-json\/wp\/v2\/users\/3063"}],"replies":[{"embeddable":true,"href":"https:\/\/mhcalculos.com.br\/noticias\/wp-json\/wp\/v2\/comments?post=11461"}],"version-history":[{"count":0,"href":"https:\/\/mhcalculos.com.br\/noticias\/wp-json\/wp\/v2\/posts\/11461\/revisions"}],"wp:featuredmedia":[{"embeddable":true,"href":"https:\/\/mhcalculos.com.br\/noticias\/wp-json\/wp\/v2\/media\/11462"}],"wp:attachment":[{"href":"https:\/\/mhcalculos.com.br\/noticias\/wp-json\/wp\/v2\/media?parent=11461"}],"wp:term":[{"taxonomy":"category","embeddable":true,"href":"https:\/\/mhcalculos.com.br\/noticias\/wp-json\/wp\/v2\/categories?post=11461"},{"taxonomy":"post_tag","embeddable":true,"href":"https:\/\/mhcalculos.com.br\/noticias\/wp-json\/wp\/v2\/tags?post=11461"}],"curies":[{"name":"wp","href":"https:\/\/api.w.org\/{rel}","templated":true}]}}