{"id":11443,"date":"2022-07-13T15:27:00","date_gmt":"2022-07-13T18:27:00","guid":{"rendered":"https:\/\/mhcalculos.com.br\/noticias\/area\/trabalhista\/tst-corregedoria-solidaria-trt-12-sc-participa-de-projeto-que-arrecada-alimentos-para-moradores-em-situacao-de-rua.html"},"modified":"2022-07-13T15:27:00","modified_gmt":"2022-07-13T18:27:00","slug":"tst-corregedoria-solidaria-trt-12-sc-participa-de-projeto-que-arrecada-alimentos-para-moradores-em-situacao-de-rua","status":"publish","type":"post","link":"https:\/\/mhcalculos.com.br\/noticias\/area\/trabalhista\/tst-corregedoria-solidaria-trt-12-sc-participa-de-projeto-que-arrecada-alimentos-para-moradores-em-situacao-de-rua.html","title":{"rendered":"TST: Corregedoria Solid\u00e1ria: TRT-12 (SC) participa de projeto que arrecada alimentos para moradores em situa\u00e7\u00e3o de rua"},"content":{"rendered":"<p><br \/>\n<\/p>\n<p><em><\/p>\n<p>A\u00e7\u00e3o integra campanha de iniciativa da Corregedoria-Geral da Justi\u00e7a do Trabalho<\/p>\n<p><\/em><\/p>\n<p>        <a class=\"share-facebook\" href=\"https:\/\/www.facebook.com\/sharer.php?u=https:\/\/www.tst.jus.br\/-\/corregedoria-solid%C3%A1ria-trt-12-sc-participa-de-projeto-que-arrecada-alimentos-para-moradores-em-situa%C3%A7%C3%A3o-de-rua\" target=\"_blank\" rel=\"noopener\"><\/a><br \/>\n        <a class=\"share-twitter\" href=\"http:\/\/twitter.com\/intent\/tweet?text=Corregedoria Solid\u00e1ria: TRT-12 (SC) participa de projeto que arrecada alimentos para moradores em situa\u00e7\u00e3o de rua%0AVeja%20mais%20em:&amp;url=https:\/\/www.tst.jus.br\/-\/corregedoria-solid%C3%A1ria-trt-12-sc-participa-de-projeto-que-arrecada-alimentos-para-moradores-em-situa%C3%A7%C3%A3o-de-rua\" target=\"_blank\" rel=\"noopener\"><\/a><br \/>\n        <a class=\"share-linkedin\" href=\"https:\/\/www.linkedin.com\/shareArticle?mini=true&amp;url=https:\/\/www.tst.jus.br\/-\/corregedoria-solid%C3%A1ria-trt-12-sc-participa-de-projeto-que-arrecada-alimentos-para-moradores-em-situa%C3%A7%C3%A3o-de-rua&amp;title=Corregedoria Solid\u00e1ria: TRT-12 (SC) participa de projeto que arrecada alimentos para moradores em situa\u00e7\u00e3o de rua\" target=\"_blank\" rel=\"noopener\"><\/a><br \/>\n        <a class=\"share-whatsapp\" href=\"https:\/\/web.whatsapp.com\/send?text=https:\/\/www.tst.jus.br\/-\/corregedoria-solid%C3%A1ria-trt-12-sc-participa-de-projeto-que-arrecada-alimentos-para-moradores-em-situa%C3%A7%C3%A3o-de-rua\" target=\"_blank\" rel=\"noopener\"><\/a><br \/>\n        <a class=\"share-googleplus\" href=\"https:\/\/plus.google.com\/share?url=https:\/\/www.tst.jus.br\/-\/corregedoria-solid%C3%A1ria-trt-12-sc-participa-de-projeto-que-arrecada-alimentos-para-moradores-em-situa%C3%A7%C3%A3o-de-rua\" target=\"_blank\" rel=\"noopener\"><\/a><\/p>\n<p>                <\/p>\n<p>Logo da campanha Corregedoria Solid\u00e1ria<\/p>\n<p>                    <a class=\"share-facebook\" href=\"https:\/\/www.facebook.com\/sharer.php?u=https:\/\/www.tst.jus.br\/-\/corregedoria-solid%C3%A1ria-trt-12-sc-participa-de-projeto-que-arrecada-alimentos-para-moradores-em-situa%C3%A7%C3%A3o-de-rua\" target=\"_blank\" rel=\"noopener\"><\/a><br \/>\n                    <a class=\"share-twitter\" href=\"http:\/\/twitter.com\/intent\/tweet?text=Corregedoria Solid\u00e1ria: TRT-12 (SC) participa de projeto que arrecada alimentos para moradores em situa\u00e7\u00e3o de rua%0AVeja%20mais%20em:&amp;url=https:\/\/www.tst.jus.br\/-\/corregedoria-solid%C3%A1ria-trt-12-sc-participa-de-projeto-que-arrecada-alimentos-para-moradores-em-situa%C3%A7%C3%A3o-de-rua\" target=\"_blank\" rel=\"noopener\"><\/a><br \/>\n                    <a class=\"share-linkedin\" href=\"https:\/\/www.linkedin.com\/shareArticle?mini=true&amp;url=https:\/\/www.tst.jus.br\/-\/corregedoria-solid%C3%A1ria-trt-12-sc-participa-de-projeto-que-arrecada-alimentos-para-moradores-em-situa%C3%A7%C3%A3o-de-rua&amp;title=Corregedoria Solid\u00e1ria: TRT-12 (SC) participa de projeto que arrecada alimentos para moradores em situa\u00e7\u00e3o de rua\" target=\"_blank\" rel=\"noopener\"><\/a><br \/>\n                    <a class=\"share-whatsapp\" href=\"https:\/\/web.whatsapp.com\/send?text=https:\/\/www.tst.jus.br\/-\/corregedoria-solid%C3%A1ria-trt-12-sc-participa-de-projeto-que-arrecada-alimentos-para-moradores-em-situa%C3%A7%C3%A3o-de-rua\" target=\"_blank\" rel=\"noopener\"><\/a><br \/>\n                    <a class=\"share-googleplus\" href=\"https:\/\/plus.google.com\/share?url=https:\/\/www.tst.jus.br\/-\/corregedoria-solid%C3%A1ria-trt-12-sc-participa-de-projeto-que-arrecada-alimentos-para-moradores-em-situa%C3%A7%C3%A3o-de-rua\" target=\"_blank\" rel=\"noopener\"><\/a><\/p>\n<p >13\/7\/2022 &#8211; O Tribunal Regional do Trabalho da 12\u00aa Regi\u00e3o (SC) iniciou, no dia 6\/7, a arrecada\u00e7\u00e3o de alimentos para a campanha Corregedoria Solid\u00e1ria, uma iniciativa da Corregedoria-Geral da Justi\u00e7a do Trabalho. A organiza\u00e7\u00e3o Rede com a Rua, que &nbsp;\u00e9 formada por 20 grupos que desenvolvem a\u00e7\u00f5es com pessoas em situa\u00e7\u00e3o de rua em Florian\u00f3polis, far\u00e1 a distribui\u00e7\u00e3o dos alimentos.&nbsp;<\/p>\n<p ><strong>Como contribuir<\/strong><\/p>\n<p >As contribui\u00e7\u00f5es podem ser feitas por magistrados, servidores, advogados ou qualquer outra pessoa interessada. O prazo para recebimento das doa\u00e7\u00f5es, que tamb\u00e9m podem ser em dinheiro, \u00e9 at\u00e9 18\/7. Os itens poder\u00e3o ser depositados em caixas na entrada do pr\u00e9dio-sede do TRT-12 e do F\u00f3rum Trabalhista de Florian\u00f3polis.<\/p>\n<p >As transfer\u00eancias em dinheiro, que ser\u00e3o utilizadas para a compra de alimentos, devem ser feitas para a Associa\u00e7\u00e3o dos Servidores da Justi\u00e7a do Trabalho da 12\u00aa Regi\u00e3o (Ajut), &nbsp;pela chave PIX: financeiro@ajut.org.br.&nbsp;<\/p>\n<p ><strong>Solidariedade<\/strong><\/p>\n<p >A campanha Corregedoria Solid\u00e1ria foi lan\u00e7ada em mar\u00e7o de 2022 para estimular a doa\u00e7\u00e3o de alimentos nos estados-sede dos Tribunais Regionais do Trabalho durante as correi\u00e7\u00f5es ordin\u00e1rias. Em Santa Catarina, ela vai acontecer de 18 a 22\/7 e ser\u00e1 realizada pelo corregedor-geral da Justi\u00e7a do Trabalho, ministro Caputo Bastos. &nbsp;<\/p>\n<p >A campanha \u00e9 uma extens\u00e3o de uma a\u00e7\u00e3o que o gabinete do ministro j\u00e1 realiza desde 2016. A iniciativa \u201cGMCB Solid\u00e1rio\u201d (GMCB \u00e9 a sigla para Gabinete do Ministro Caputo Bastos) j\u00e1 distribuiu mais de 10 toneladas de alimentos, com v\u00e1rias pessoas e institui\u00e7\u00f5es beneficiadas.<\/p>\n<p >(NV\/GS, com informa\u00e7\u00f5es do TRT-12)<\/p>\n<p >Esta mat\u00e9ria tem cunho meramente informativo.<br \/>\nPermitida a reprodu\u00e7\u00e3o mediante cita\u00e7\u00e3o da fonte.<br \/>\nSecretaria de Comunica\u00e7\u00e3o Social<br \/>\nTribunal Superior do Trabalho<br \/>\nTel. (61) 3043-4907&nbsp;<br \/>\nsecom@tst.jus.br<\/p>\n<p>    $(&#8216;#lightbox-rxlx_ .slider-gallery-wrapper img&#8217;).hover(<br \/>\n    function() {<br \/>\n        const $text=$($($(this).parent()).next());<br \/>\n        $text.hasClass(&#8216;inside-description&#8217;) &amp;&amp; $text.fadeTo( &#8220;slow&#8221; , 0);<br \/>\n    }, function() {<br \/>\n        const $text=$($($(this).parent()).next());<br \/>\n        $text.hasClass(&#8216;inside-description&#8217;) &amp;&amp; $text.fadeTo( &#8220;slow&#8221; , 1);<br \/>\n    }<br \/>\n    );<br \/>\n    $(document).ready(function() {<br \/>\n        var rxlx_autoplaying=false;<br \/>\n        var rxlx_showingLightbox=false;<br \/>\n        const rxlx_playPauseControllers=&#8221;#slider-rxlx_-playpause, #slider-rxlx_-lightbox-playpause&#8221;;<br \/>\n        $(&#8220;#slider-rxlx_&#8221;).slick({<br \/>\n            slidesToShow: 1,<br \/>\n            slidesToScroll: 1,<br \/>\n            autoplay: rxlx_autoplaying,<br \/>\n            swipeToSlide: false,<br \/>\n            centerMode: false,<br \/>\n            autoplaySpeed: 3000,<br \/>\n            focusOnSelect: true,<br \/>\n            prevArrow:<br \/>\n            &#8221;,<br \/>\n            nextArrow:<br \/>\n            &#8221;,<br \/>\n            centerPadding: &#8220;60px&#8221;,<br \/>\n            responsive: [<br \/>\n                {<br \/>\n                    breakpoint: 767.98,<br \/>\n                    settings: {<br \/>\n                        slidesToShow: 3,<br \/>\n                        adaptiveHeight: true<br \/>\n                    }<br \/>\n                }<br \/>\n            ]<br \/>\n        });<br \/>\n        $(&#8220;#slider-rxlx_&#8221;).slickLightbox({<br \/>\n            src: &#8216;src&#8217;,<br \/>\n            itemSelector: &#8216;.galery-image .multimidia-wrapper img&#8217;,<br \/>\n            caption:&#8217;caption&#8217;<br \/>\n        });<br \/>\n    });<br \/>\n<script async src=\"https:\/\/platform.twitter.com\/widgets.js\" charset=\"utf-8\"><\/script><br \/>\n<br \/><i>Com informa\u00e7\u00f5es da assessoria de imprensa do TST.<\/i><br \/>\n<br \/><a href=\"https:\/\/www.tst.jus.br\/web\/guest\/noticias?p_p_id=89Dk&#038;p_p_lifecycle=0&#038;refererPlid=10730&#038;_89Dk_groupId=10157&#038;_89Dk_articleId=30944322\">Fonte<\/a><br \/>\n<br \/><\/p>\n","protected":false},"excerpt":{"rendered":"<p>A\u00e7\u00e3o integra campanha de iniciativa da Corregedoria-Geral da Justi\u00e7a do Trabalho Logo da campanha Corregedoria Solid\u00e1ria 13\/7\/2022 &#8211; O Tribunal Regional do Trabalho da 12\u00aa Regi\u00e3o (SC) iniciou, no dia 6\/7, a arrecada\u00e7\u00e3o de alimentos para a campanha Corregedoria Solid\u00e1ria, uma iniciativa da Corregedoria-Geral da Justi\u00e7a do Trabalho. A organiza\u00e7\u00e3o Rede com a Rua, que [&hellip;]<\/p>\n","protected":false},"author":3063,"featured_media":11444,"comment_status":"open","ping_status":"open","sticky":false,"template":"","format":"standard","meta":{"footnotes":""},"categories":[3,21],"tags":[33,216,9,12,217,215],"class_list":{"0":"post-11443","1":"post","2":"type-post","3":"status-publish","4":"format-standard","5":"has-post-thumbnail","7":"category-trabalhista","8":"category-tst","9":"tag-calculos-trabalhistas","10":"tag-direito-trabalhista","11":"tag-pericia","12":"tag-perito","13":"tag-trabalho","14":"tag-tst"},"yoast_head":"<!-- This site is optimized with the Yoast SEO plugin v27.2 - https:\/\/yoast.com\/product\/yoast-seo-wordpress\/ -->\n<title>TST: Corregedoria Solid\u00e1ria: TRT-12 (SC) participa de projeto que arrecada alimentos para moradores em situa\u00e7\u00e3o de rua | Portal de Not\u00edcias<\/title>\n<meta name=\"robots\" content=\"index, follow, max-snippet:-1, max-image-preview:large, max-video-preview:-1\" \/>\n<link rel=\"canonical\" href=\"https:\/\/mhcalculos.com.br\/noticias\/area\/trabalhista\/tst-corregedoria-solidaria-trt-12-sc-participa-de-projeto-que-arrecada-alimentos-para-moradores-em-situacao-de-rua.html\" \/>\n<meta property=\"og:locale\" content=\"pt_BR\" \/>\n<meta property=\"og:type\" content=\"article\" \/>\n<meta property=\"og:title\" content=\"TST: Corregedoria Solid\u00e1ria: TRT-12 (SC) participa de projeto que arrecada alimentos para moradores em situa\u00e7\u00e3o de rua | Portal de Not\u00edcias\" \/>\n<meta property=\"og:description\" content=\"A\u00e7\u00e3o integra campanha de iniciativa da Corregedoria-Geral da Justi\u00e7a do Trabalho Logo da campanha Corregedoria Solid\u00e1ria 13\/7\/2022 &#8211; O Tribunal Regional do Trabalho da 12\u00aa Regi\u00e3o (SC) iniciou, no dia 6\/7, a arrecada\u00e7\u00e3o de alimentos para a campanha Corregedoria Solid\u00e1ria, uma iniciativa da Corregedoria-Geral da Justi\u00e7a do Trabalho. A organiza\u00e7\u00e3o Rede com a Rua, que [&hellip;]\" \/>\n<meta property=\"og:url\" content=\"https:\/\/mhcalculos.com.br\/noticias\/area\/trabalhista\/tst-corregedoria-solidaria-trt-12-sc-participa-de-projeto-que-arrecada-alimentos-para-moradores-em-situacao-de-rua.html\" \/>\n<meta property=\"og:site_name\" content=\"Portal de Not\u00edcias\" \/>\n<meta property=\"article:published_time\" content=\"2022-07-13T18:27:00+00:00\" \/>\n<meta property=\"og:image\" content=\"https:\/\/mhcalculos.com.br\/noticias\/wp-content\/uploads\/sites\/2\/2022\/07\/trabalhista-0047.jpg\" \/>\n\t<meta property=\"og:image:width\" content=\"2000\" \/>\n\t<meta property=\"og:image:height\" content=\"800\" \/>\n\t<meta property=\"og:image:type\" content=\"image\/jpeg\" \/>\n<meta name=\"author\" content=\"Equipe MH\" \/>\n<meta name=\"twitter:card\" content=\"summary_large_image\" \/>\n<meta name=\"twitter:label1\" content=\"Escrito por\" \/>\n\t<meta name=\"twitter:data1\" content=\"Equipe MH\" \/>\n\t<meta name=\"twitter:label2\" content=\"Est. tempo de leitura\" \/>\n\t<meta name=\"twitter:data2\" content=\"2 minutos\" \/>\n<script type=\"application\/ld+json\" class=\"yoast-schema-graph\">{\"@context\":\"https:\/\/schema.org\",\"@graph\":[{\"@type\":\"Article\",\"@id\":\"https:\/\/mhcalculos.com.br\/noticias\/area\/trabalhista\/tst-corregedoria-solidaria-trt-12-sc-participa-de-projeto-que-arrecada-alimentos-para-moradores-em-situacao-de-rua.html#article\",\"isPartOf\":{\"@id\":\"https:\/\/mhcalculos.com.br\/noticias\/area\/trabalhista\/tst-corregedoria-solidaria-trt-12-sc-participa-de-projeto-que-arrecada-alimentos-para-moradores-em-situacao-de-rua.html\"},\"author\":{\"name\":\"Equipe MH\",\"@id\":\"https:\/\/mhcalculos.com.br\/noticias\/#\/schema\/person\/88d1c34bf72dc779ea14a5a6b8e0ae8d\"},\"headline\":\"TST: Corregedoria Solid\u00e1ria: TRT-12 (SC) participa de projeto que arrecada alimentos para moradores em situa\u00e7\u00e3o de rua\",\"datePublished\":\"2022-07-13T18:27:00+00:00\",\"mainEntityOfPage\":{\"@id\":\"https:\/\/mhcalculos.com.br\/noticias\/area\/trabalhista\/tst-corregedoria-solidaria-trt-12-sc-participa-de-projeto-que-arrecada-alimentos-para-moradores-em-situacao-de-rua.html\"},\"wordCount\":436,\"commentCount\":0,\"image\":{\"@id\":\"https:\/\/mhcalculos.com.br\/noticias\/area\/trabalhista\/tst-corregedoria-solidaria-trt-12-sc-participa-de-projeto-que-arrecada-alimentos-para-moradores-em-situacao-de-rua.html#primaryimage\"},\"thumbnailUrl\":\"https:\/\/mhcalculos.com.br\/noticias\/wp-content\/uploads\/sites\/2\/2022\/07\/trabalhista-0047.jpg\",\"keywords\":[\"c\u00e1lculos trabalhistas\",\"direito trabalhista\",\"per\u00edcia\",\"perito\",\"trabalho\",\"TST\"],\"articleSection\":[\"Direito Trabalhista\",\"TST\"],\"inLanguage\":\"pt-BR\",\"potentialAction\":[{\"@type\":\"CommentAction\",\"name\":\"Comment\",\"target\":[\"https:\/\/mhcalculos.com.br\/noticias\/area\/trabalhista\/tst-corregedoria-solidaria-trt-12-sc-participa-de-projeto-que-arrecada-alimentos-para-moradores-em-situacao-de-rua.html#respond\"]}]},{\"@type\":\"WebPage\",\"@id\":\"https:\/\/mhcalculos.com.br\/noticias\/area\/trabalhista\/tst-corregedoria-solidaria-trt-12-sc-participa-de-projeto-que-arrecada-alimentos-para-moradores-em-situacao-de-rua.html\",\"url\":\"https:\/\/mhcalculos.com.br\/noticias\/area\/trabalhista\/tst-corregedoria-solidaria-trt-12-sc-participa-de-projeto-que-arrecada-alimentos-para-moradores-em-situacao-de-rua.html\",\"name\":\"TST: Corregedoria Solid\u00e1ria: TRT-12 (SC) participa de projeto que arrecada alimentos para moradores em situa\u00e7\u00e3o de rua | Portal de Not\u00edcias\",\"isPartOf\":{\"@id\":\"https:\/\/mhcalculos.com.br\/noticias\/#website\"},\"primaryImageOfPage\":{\"@id\":\"https:\/\/mhcalculos.com.br\/noticias\/area\/trabalhista\/tst-corregedoria-solidaria-trt-12-sc-participa-de-projeto-que-arrecada-alimentos-para-moradores-em-situacao-de-rua.html#primaryimage\"},\"image\":{\"@id\":\"https:\/\/mhcalculos.com.br\/noticias\/area\/trabalhista\/tst-corregedoria-solidaria-trt-12-sc-participa-de-projeto-que-arrecada-alimentos-para-moradores-em-situacao-de-rua.html#primaryimage\"},\"thumbnailUrl\":\"https:\/\/mhcalculos.com.br\/noticias\/wp-content\/uploads\/sites\/2\/2022\/07\/trabalhista-0047.jpg\",\"datePublished\":\"2022-07-13T18:27:00+00:00\",\"author\":{\"@id\":\"https:\/\/mhcalculos.com.br\/noticias\/#\/schema\/person\/88d1c34bf72dc779ea14a5a6b8e0ae8d\"},\"breadcrumb\":{\"@id\":\"https:\/\/mhcalculos.com.br\/noticias\/area\/trabalhista\/tst-corregedoria-solidaria-trt-12-sc-participa-de-projeto-que-arrecada-alimentos-para-moradores-em-situacao-de-rua.html#breadcrumb\"},\"inLanguage\":\"pt-BR\",\"potentialAction\":[{\"@type\":\"ReadAction\",\"target\":[\"https:\/\/mhcalculos.com.br\/noticias\/area\/trabalhista\/tst-corregedoria-solidaria-trt-12-sc-participa-de-projeto-que-arrecada-alimentos-para-moradores-em-situacao-de-rua.html\"]}]},{\"@type\":\"ImageObject\",\"inLanguage\":\"pt-BR\",\"@id\":\"https:\/\/mhcalculos.com.br\/noticias\/area\/trabalhista\/tst-corregedoria-solidaria-trt-12-sc-participa-de-projeto-que-arrecada-alimentos-para-moradores-em-situacao-de-rua.html#primaryimage\",\"url\":\"https:\/\/mhcalculos.com.br\/noticias\/wp-content\/uploads\/sites\/2\/2022\/07\/trabalhista-0047.jpg\",\"contentUrl\":\"https:\/\/mhcalculos.com.br\/noticias\/wp-content\/uploads\/sites\/2\/2022\/07\/trabalhista-0047.jpg\",\"width\":2000,\"height\":800},{\"@type\":\"BreadcrumbList\",\"@id\":\"https:\/\/mhcalculos.com.br\/noticias\/area\/trabalhista\/tst-corregedoria-solidaria-trt-12-sc-participa-de-projeto-que-arrecada-alimentos-para-moradores-em-situacao-de-rua.html#breadcrumb\",\"itemListElement\":[{\"@type\":\"ListItem\",\"position\":1,\"name\":\"In\u00edcio\",\"item\":\"https:\/\/mhcalculos.com.br\/noticias\/\"},{\"@type\":\"ListItem\",\"position\":2,\"name\":\"TST: Corregedoria Solid\u00e1ria: TRT-12 (SC) participa de projeto que arrecada alimentos para moradores em situa\u00e7\u00e3o de rua\"}]},{\"@type\":\"WebSite\",\"@id\":\"https:\/\/mhcalculos.com.br\/noticias\/#website\",\"url\":\"https:\/\/mhcalculos.com.br\/noticias\/\",\"name\":\"Portal de Not\u00edcias\",\"description\":\"Not\u00edcias e Jurisprud\u00eancia\",\"potentialAction\":[{\"@type\":\"SearchAction\",\"target\":{\"@type\":\"EntryPoint\",\"urlTemplate\":\"https:\/\/mhcalculos.com.br\/noticias\/?s={search_term_string}\"},\"query-input\":{\"@type\":\"PropertyValueSpecification\",\"valueRequired\":true,\"valueName\":\"search_term_string\"}}],\"inLanguage\":\"pt-BR\"},{\"@type\":\"Person\",\"@id\":\"https:\/\/mhcalculos.com.br\/noticias\/#\/schema\/person\/88d1c34bf72dc779ea14a5a6b8e0ae8d\",\"name\":\"Equipe MH\",\"image\":{\"@type\":\"ImageObject\",\"inLanguage\":\"pt-BR\",\"@id\":\"https:\/\/secure.gravatar.com\/avatar\/de1c686c2ecc9c5a3f327e3431d819eb39f8f05d4e1045f5a1caad6daaba987f?s=96&d=mm&r=g\",\"url\":\"https:\/\/secure.gravatar.com\/avatar\/de1c686c2ecc9c5a3f327e3431d819eb39f8f05d4e1045f5a1caad6daaba987f?s=96&d=mm&r=g\",\"contentUrl\":\"https:\/\/secure.gravatar.com\/avatar\/de1c686c2ecc9c5a3f327e3431d819eb39f8f05d4e1045f5a1caad6daaba987f?s=96&d=mm&r=g\",\"caption\":\"Equipe MH\"}}]}<\/script>\n<!-- \/ Yoast SEO plugin. -->","yoast_head_json":{"title":"TST: Corregedoria Solid\u00e1ria: TRT-12 (SC) participa de projeto que arrecada alimentos para moradores em situa\u00e7\u00e3o de rua | Portal de Not\u00edcias","robots":{"index":"index","follow":"follow","max-snippet":"max-snippet:-1","max-image-preview":"max-image-preview:large","max-video-preview":"max-video-preview:-1"},"canonical":"https:\/\/mhcalculos.com.br\/noticias\/area\/trabalhista\/tst-corregedoria-solidaria-trt-12-sc-participa-de-projeto-que-arrecada-alimentos-para-moradores-em-situacao-de-rua.html","og_locale":"pt_BR","og_type":"article","og_title":"TST: Corregedoria Solid\u00e1ria: TRT-12 (SC) participa de projeto que arrecada alimentos para moradores em situa\u00e7\u00e3o de rua | Portal de Not\u00edcias","og_description":"A\u00e7\u00e3o integra campanha de iniciativa da Corregedoria-Geral da Justi\u00e7a do Trabalho Logo da campanha Corregedoria Solid\u00e1ria 13\/7\/2022 &#8211; O Tribunal Regional do Trabalho da 12\u00aa Regi\u00e3o (SC) iniciou, no dia 6\/7, a arrecada\u00e7\u00e3o de alimentos para a campanha Corregedoria Solid\u00e1ria, uma iniciativa da Corregedoria-Geral da Justi\u00e7a do Trabalho. A organiza\u00e7\u00e3o Rede com a Rua, que [&hellip;]","og_url":"https:\/\/mhcalculos.com.br\/noticias\/area\/trabalhista\/tst-corregedoria-solidaria-trt-12-sc-participa-de-projeto-que-arrecada-alimentos-para-moradores-em-situacao-de-rua.html","og_site_name":"Portal de Not\u00edcias","article_published_time":"2022-07-13T18:27:00+00:00","og_image":[{"width":2000,"height":800,"url":"https:\/\/mhcalculos.com.br\/noticias\/wp-content\/uploads\/sites\/2\/2022\/07\/trabalhista-0047.jpg","type":"image\/jpeg"}],"author":"Equipe MH","twitter_card":"summary_large_image","twitter_misc":{"Escrito por":"Equipe MH","Est. tempo de leitura":"2 minutos"},"schema":{"@context":"https:\/\/schema.org","@graph":[{"@type":"Article","@id":"https:\/\/mhcalculos.com.br\/noticias\/area\/trabalhista\/tst-corregedoria-solidaria-trt-12-sc-participa-de-projeto-que-arrecada-alimentos-para-moradores-em-situacao-de-rua.html#article","isPartOf":{"@id":"https:\/\/mhcalculos.com.br\/noticias\/area\/trabalhista\/tst-corregedoria-solidaria-trt-12-sc-participa-de-projeto-que-arrecada-alimentos-para-moradores-em-situacao-de-rua.html"},"author":{"name":"Equipe MH","@id":"https:\/\/mhcalculos.com.br\/noticias\/#\/schema\/person\/88d1c34bf72dc779ea14a5a6b8e0ae8d"},"headline":"TST: Corregedoria Solid\u00e1ria: TRT-12 (SC) participa de projeto que arrecada alimentos para moradores em situa\u00e7\u00e3o de rua","datePublished":"2022-07-13T18:27:00+00:00","mainEntityOfPage":{"@id":"https:\/\/mhcalculos.com.br\/noticias\/area\/trabalhista\/tst-corregedoria-solidaria-trt-12-sc-participa-de-projeto-que-arrecada-alimentos-para-moradores-em-situacao-de-rua.html"},"wordCount":436,"commentCount":0,"image":{"@id":"https:\/\/mhcalculos.com.br\/noticias\/area\/trabalhista\/tst-corregedoria-solidaria-trt-12-sc-participa-de-projeto-que-arrecada-alimentos-para-moradores-em-situacao-de-rua.html#primaryimage"},"thumbnailUrl":"https:\/\/mhcalculos.com.br\/noticias\/wp-content\/uploads\/sites\/2\/2022\/07\/trabalhista-0047.jpg","keywords":["c\u00e1lculos trabalhistas","direito trabalhista","per\u00edcia","perito","trabalho","TST"],"articleSection":["Direito Trabalhista","TST"],"inLanguage":"pt-BR","potentialAction":[{"@type":"CommentAction","name":"Comment","target":["https:\/\/mhcalculos.com.br\/noticias\/area\/trabalhista\/tst-corregedoria-solidaria-trt-12-sc-participa-de-projeto-que-arrecada-alimentos-para-moradores-em-situacao-de-rua.html#respond"]}]},{"@type":"WebPage","@id":"https:\/\/mhcalculos.com.br\/noticias\/area\/trabalhista\/tst-corregedoria-solidaria-trt-12-sc-participa-de-projeto-que-arrecada-alimentos-para-moradores-em-situacao-de-rua.html","url":"https:\/\/mhcalculos.com.br\/noticias\/area\/trabalhista\/tst-corregedoria-solidaria-trt-12-sc-participa-de-projeto-que-arrecada-alimentos-para-moradores-em-situacao-de-rua.html","name":"TST: Corregedoria Solid\u00e1ria: TRT-12 (SC) participa de projeto que arrecada alimentos para moradores em situa\u00e7\u00e3o de rua | Portal de Not\u00edcias","isPartOf":{"@id":"https:\/\/mhcalculos.com.br\/noticias\/#website"},"primaryImageOfPage":{"@id":"https:\/\/mhcalculos.com.br\/noticias\/area\/trabalhista\/tst-corregedoria-solidaria-trt-12-sc-participa-de-projeto-que-arrecada-alimentos-para-moradores-em-situacao-de-rua.html#primaryimage"},"image":{"@id":"https:\/\/mhcalculos.com.br\/noticias\/area\/trabalhista\/tst-corregedoria-solidaria-trt-12-sc-participa-de-projeto-que-arrecada-alimentos-para-moradores-em-situacao-de-rua.html#primaryimage"},"thumbnailUrl":"https:\/\/mhcalculos.com.br\/noticias\/wp-content\/uploads\/sites\/2\/2022\/07\/trabalhista-0047.jpg","datePublished":"2022-07-13T18:27:00+00:00","author":{"@id":"https:\/\/mhcalculos.com.br\/noticias\/#\/schema\/person\/88d1c34bf72dc779ea14a5a6b8e0ae8d"},"breadcrumb":{"@id":"https:\/\/mhcalculos.com.br\/noticias\/area\/trabalhista\/tst-corregedoria-solidaria-trt-12-sc-participa-de-projeto-que-arrecada-alimentos-para-moradores-em-situacao-de-rua.html#breadcrumb"},"inLanguage":"pt-BR","potentialAction":[{"@type":"ReadAction","target":["https:\/\/mhcalculos.com.br\/noticias\/area\/trabalhista\/tst-corregedoria-solidaria-trt-12-sc-participa-de-projeto-que-arrecada-alimentos-para-moradores-em-situacao-de-rua.html"]}]},{"@type":"ImageObject","inLanguage":"pt-BR","@id":"https:\/\/mhcalculos.com.br\/noticias\/area\/trabalhista\/tst-corregedoria-solidaria-trt-12-sc-participa-de-projeto-que-arrecada-alimentos-para-moradores-em-situacao-de-rua.html#primaryimage","url":"https:\/\/mhcalculos.com.br\/noticias\/wp-content\/uploads\/sites\/2\/2022\/07\/trabalhista-0047.jpg","contentUrl":"https:\/\/mhcalculos.com.br\/noticias\/wp-content\/uploads\/sites\/2\/2022\/07\/trabalhista-0047.jpg","width":2000,"height":800},{"@type":"BreadcrumbList","@id":"https:\/\/mhcalculos.com.br\/noticias\/area\/trabalhista\/tst-corregedoria-solidaria-trt-12-sc-participa-de-projeto-que-arrecada-alimentos-para-moradores-em-situacao-de-rua.html#breadcrumb","itemListElement":[{"@type":"ListItem","position":1,"name":"In\u00edcio","item":"https:\/\/mhcalculos.com.br\/noticias\/"},{"@type":"ListItem","position":2,"name":"TST: Corregedoria Solid\u00e1ria: TRT-12 (SC) participa de projeto que arrecada alimentos para moradores em situa\u00e7\u00e3o de rua"}]},{"@type":"WebSite","@id":"https:\/\/mhcalculos.com.br\/noticias\/#website","url":"https:\/\/mhcalculos.com.br\/noticias\/","name":"Portal de Not\u00edcias","description":"Not\u00edcias e Jurisprud\u00eancia","potentialAction":[{"@type":"SearchAction","target":{"@type":"EntryPoint","urlTemplate":"https:\/\/mhcalculos.com.br\/noticias\/?s={search_term_string}"},"query-input":{"@type":"PropertyValueSpecification","valueRequired":true,"valueName":"search_term_string"}}],"inLanguage":"pt-BR"},{"@type":"Person","@id":"https:\/\/mhcalculos.com.br\/noticias\/#\/schema\/person\/88d1c34bf72dc779ea14a5a6b8e0ae8d","name":"Equipe MH","image":{"@type":"ImageObject","inLanguage":"pt-BR","@id":"https:\/\/secure.gravatar.com\/avatar\/de1c686c2ecc9c5a3f327e3431d819eb39f8f05d4e1045f5a1caad6daaba987f?s=96&d=mm&r=g","url":"https:\/\/secure.gravatar.com\/avatar\/de1c686c2ecc9c5a3f327e3431d819eb39f8f05d4e1045f5a1caad6daaba987f?s=96&d=mm&r=g","contentUrl":"https:\/\/secure.gravatar.com\/avatar\/de1c686c2ecc9c5a3f327e3431d819eb39f8f05d4e1045f5a1caad6daaba987f?s=96&d=mm&r=g","caption":"Equipe MH"}}]}},"_links":{"self":[{"href":"https:\/\/mhcalculos.com.br\/noticias\/wp-json\/wp\/v2\/posts\/11443","targetHints":{"allow":["GET"]}}],"collection":[{"href":"https:\/\/mhcalculos.com.br\/noticias\/wp-json\/wp\/v2\/posts"}],"about":[{"href":"https:\/\/mhcalculos.com.br\/noticias\/wp-json\/wp\/v2\/types\/post"}],"author":[{"embeddable":true,"href":"https:\/\/mhcalculos.com.br\/noticias\/wp-json\/wp\/v2\/users\/3063"}],"replies":[{"embeddable":true,"href":"https:\/\/mhcalculos.com.br\/noticias\/wp-json\/wp\/v2\/comments?post=11443"}],"version-history":[{"count":0,"href":"https:\/\/mhcalculos.com.br\/noticias\/wp-json\/wp\/v2\/posts\/11443\/revisions"}],"wp:featuredmedia":[{"embeddable":true,"href":"https:\/\/mhcalculos.com.br\/noticias\/wp-json\/wp\/v2\/media\/11444"}],"wp:attachment":[{"href":"https:\/\/mhcalculos.com.br\/noticias\/wp-json\/wp\/v2\/media?parent=11443"}],"wp:term":[{"taxonomy":"category","embeddable":true,"href":"https:\/\/mhcalculos.com.br\/noticias\/wp-json\/wp\/v2\/categories?post=11443"},{"taxonomy":"post_tag","embeddable":true,"href":"https:\/\/mhcalculos.com.br\/noticias\/wp-json\/wp\/v2\/tags?post=11443"}],"curies":[{"name":"wp","href":"https:\/\/api.w.org\/{rel}","templated":true}]}}