{"id":11437,"date":"2022-07-11T14:16:00","date_gmt":"2022-07-11T17:16:00","guid":{"rendered":"https:\/\/mhcalculos.com.br\/noticias\/area\/trabalhista\/tst-desempregada-nao-podera-sacar-parte-do-fgts-com-base-na-pandemia-da-covid-19.html"},"modified":"2022-07-11T14:16:00","modified_gmt":"2022-07-11T17:16:00","slug":"tst-desempregada-nao-podera-sacar-parte-do-fgts-com-base-na-pandemia-da-covid-19","status":"publish","type":"post","link":"https:\/\/mhcalculos.com.br\/noticias\/area\/trabalhista\/tst-desempregada-nao-podera-sacar-parte-do-fgts-com-base-na-pandemia-da-covid-19.html","title":{"rendered":"TST: Desempregada n\u00e3o poder\u00e1 sacar parte do FGTS com base na pandemia da covid-19"},"content":{"rendered":"<p><br \/>\n<\/p>\n<p><em><\/p>\n<p>Ela alegou desastre natural para pedir a libera\u00e7\u00e3o. No entanto, a pandemia n\u00e3o tem essa caracter\u00edstica.<\/p>\n<p><\/em><\/p>\n<p>        <a class=\"share-facebook\" href=\"https:\/\/www.facebook.com\/sharer.php?u=https:\/\/www.tst.jus.br\/-\/desempregada-n%C3%A3o-poder%C3%A1-sacar-parte-do-fgts-com-base-na-pandemia-da-covid-19\" target=\"_blank\" rel=\"noopener\"><\/a><br \/>\n        <a class=\"share-twitter\" href=\"http:\/\/twitter.com\/intent\/tweet?text=Desempregada n\u00e3o poder\u00e1 sacar parte do FGTS com base na pandemia da covid-19%0AVeja%20mais%20em:&amp;url=https:\/\/www.tst.jus.br\/-\/desempregada-n%C3%A3o-poder%C3%A1-sacar-parte-do-fgts-com-base-na-pandemia-da-covid-19\" target=\"_blank\" rel=\"noopener\"><\/a><br \/>\n        <a class=\"share-linkedin\" href=\"https:\/\/www.linkedin.com\/shareArticle?mini=true&amp;url=https:\/\/www.tst.jus.br\/-\/desempregada-n%C3%A3o-poder%C3%A1-sacar-parte-do-fgts-com-base-na-pandemia-da-covid-19&amp;title=Desempregada n\u00e3o poder\u00e1 sacar parte do FGTS com base na pandemia da covid-19\" target=\"_blank\" rel=\"noopener\"><\/a><br \/>\n        <a class=\"share-whatsapp\" href=\"https:\/\/web.whatsapp.com\/send?text=https:\/\/www.tst.jus.br\/-\/desempregada-n%C3%A3o-poder%C3%A1-sacar-parte-do-fgts-com-base-na-pandemia-da-covid-19\" target=\"_blank\" rel=\"noopener\"><\/a><br \/>\n        <a class=\"share-googleplus\" href=\"https:\/\/plus.google.com\/share?url=https:\/\/www.tst.jus.br\/-\/desempregada-n%C3%A3o-poder%C3%A1-sacar-parte-do-fgts-com-base-na-pandemia-da-covid-19\" target=\"_blank\" rel=\"noopener\"><\/a><\/p>\n<p>                <\/p>\n<p>Foto do ministro Cl\u00e1udio Brand\u00e3o em sess\u00e3o<\/p>\n<p>                    <a class=\"share-facebook\" href=\"https:\/\/www.facebook.com\/sharer.php?u=https:\/\/www.tst.jus.br\/-\/desempregada-n%C3%A3o-poder%C3%A1-sacar-parte-do-fgts-com-base-na-pandemia-da-covid-19\" target=\"_blank\" rel=\"noopener\"><\/a><br \/>\n                    <a class=\"share-twitter\" href=\"http:\/\/twitter.com\/intent\/tweet?text=Desempregada n\u00e3o poder\u00e1 sacar parte do FGTS com base na pandemia da covid-19%0AVeja%20mais%20em:&amp;url=https:\/\/www.tst.jus.br\/-\/desempregada-n%C3%A3o-poder%C3%A1-sacar-parte-do-fgts-com-base-na-pandemia-da-covid-19\" target=\"_blank\" rel=\"noopener\"><\/a><br \/>\n                    <a class=\"share-linkedin\" href=\"https:\/\/www.linkedin.com\/shareArticle?mini=true&amp;url=https:\/\/www.tst.jus.br\/-\/desempregada-n%C3%A3o-poder%C3%A1-sacar-parte-do-fgts-com-base-na-pandemia-da-covid-19&amp;title=Desempregada n\u00e3o poder\u00e1 sacar parte do FGTS com base na pandemia da covid-19\" target=\"_blank\" rel=\"noopener\"><\/a><br \/>\n                    <a class=\"share-whatsapp\" href=\"https:\/\/web.whatsapp.com\/send?text=https:\/\/www.tst.jus.br\/-\/desempregada-n%C3%A3o-poder%C3%A1-sacar-parte-do-fgts-com-base-na-pandemia-da-covid-19\" target=\"_blank\" rel=\"noopener\"><\/a><br \/>\n                    <a class=\"share-googleplus\" href=\"https:\/\/plus.google.com\/share?url=https:\/\/www.tst.jus.br\/-\/desempregada-n%C3%A3o-poder%C3%A1-sacar-parte-do-fgts-com-base-na-pandemia-da-covid-19\" target=\"_blank\" rel=\"noopener\"><\/a><\/p>\n<p >11\/7\/2022 &#8211; A S\u00e9tima Turma do Tribunal Superior do Trabalho entendeu que a &nbsp;pandemia da covid-19 n\u00e3o pode ser equiparada a desastre natural para permitir que uma desempregada, em Vit\u00f3ria (ES), possa sacar R$ 6 mil de sua conta vinculada do FGTS. Ela tinha apresentado expedi\u00e7\u00e3o de alvar\u00e1 judicial \u00e0 Caixa Econ\u00f4mica Federal (CEF) e buscava, desde maio de 2020, a libera\u00e7\u00e3o dos valores. O saque relacionado \u00e0 pandemia n\u00e3o est\u00e1 previsto na <a href=\"http:\/\/www.planalto.gov.br\/ccivil_03\/leis\/l8036consol.htm\" target=\"_blank\" rel=\"noopener\">Lei 8.036\/1990<\/a>, que disp\u00f5e sobre o FGTS.<\/p>\n<p ><strong>Decreto&nbsp;<\/strong><\/p>\n<p >No pedido \u00e0 7\u00aa Vara do Trabalho de Vit\u00f3ria, em maio de 2020, a desempregada defendeu que tinha direito ao levantamento do saldo de sua conta vinculada de FGTS, em raz\u00e3o da decreta\u00e7\u00e3o do estado de calamidade p\u00fablica decorrente da pandemia da covid-19. Para ela, a situa\u00e7\u00e3o, com base no <a href=\"http:\/\/www.planalto.gov.br\/ccivil_03\/_ato2004-2006\/2004\/decreto\/d5113.htm\" target=\"_blank\" rel=\"noopener\">Decreto 5.113\/04<\/a>, que regulamentou a Lei 8.036\/90, artigo 20, inciso XVI, al\u00ednea &#8220;a&#8221;, permite que o saque seja feito \u201cem casos de necessidade pessoal, cuja urg\u00eancia e gravidade decorra de desastre natural\u201d.<\/p>\n<p ><strong>Opera\u00e7\u00e3o do sistema<\/strong><\/p>\n<p >O caso chegou ao TST ap\u00f3s o Tribunal Regional do Trabalho da 17\u00aa Regi\u00e3o (ES) indeferir o pedido da desempregada. A possibilidade, segundo o TRT, poderia desestabilizar uma cadeia de programas financiados com os recursos do FGTS. O Regional observou que os recursos s\u00e3o finitos e que a situa\u00e7\u00e3o da trabalhadora n\u00e3o pode ser analisada individualmente. \u201cDeve ser tomada sob um aspecto mais amplo, voltado \u00e0 manuten\u00e7\u00e3o das condi\u00e7\u00f5es m\u00ednimas de opera\u00e7\u00e3o do sistema\u201d.<\/p>\n<p ><strong>Colapso<\/strong><\/p>\n<p >O ministro Cl\u00e1udio Brand\u00e3o, relator do recurso de revista da trabalhadora ao TST, disse que essa hip\u00f3tese de saque n\u00e3o est\u00e1 prevista na lei do FGTS. Segundo ele, o decreto que regulamentou a lei &#8211; e que define o que se considera desastre natural &#8211; n\u00e3o faz refer\u00eancia \u00e0 situa\u00e7\u00e3o de pandemia. Brand\u00e3o lembrou, ainda, que a <a href=\"https:\/\/www.in.gov.br\/en\/web\/dou\/-\/medida-provisoria-n-946-de-7-de-abril-de-2020-251562794\" target=\"_blank\" rel=\"noopener\">Medida Provis\u00f3ria 946<\/a>, de 7\/4\/2020, disp\u00f5e que, enquanto permanecer a pandemia, haver\u00e1 limite para os valores a serem levantados, \u201ccom o objetivo de se evitar um colapso no sistema banc\u00e1rio\u201d.<\/p>\n<p ><strong>Alvar\u00e1<\/strong><\/p>\n<p >Em seu voto, o relator n\u00e3o reconhece a possibilidade de expedi\u00e7\u00e3o de alvar\u00e1 judicial, para fins de saque do FGTS, conforme tentou a reclamante. Ele citou precedentes do TST no mesmo sentido e decis\u00f5es do Supremo Tribunal Federal (STF). Nelas, foram indeferidas liminares com pedido de libera\u00e7\u00e3o de saque das contas vinculadas dos trabalhadores no FGTS em decorr\u00eancia da pandemia da covid-19. Segundo o ministro, \u201ctendo em vista a an\u00e1lise sistem\u00e1tica dos dispositivos, depreende-se que a pandemia da covid-19 efetivamente n\u00e3o se enquadra na conceitua\u00e7\u00e3o legal de desastre natural\u201d. &nbsp;<\/p>\n<p >(RR\/GS)<\/p>\n<p >Processo: &nbsp;<a href=\"https:\/\/consultaprocessual.tst.jus.br\/consultaProcessual\/consultaTstNumUnica.do?consulta=Consultar&amp;conscsjt=&amp;numeroTst=407&amp;digitoTst=88&amp;anoTst=2020&amp;orgaoTst=5&amp;tribunalTst=17&amp;varaTst=0007&amp;submit=Consultar\" target=\"_blank\" rel=\"noopener\">TST-RR-407-88.2020.5.17.0007<\/a><\/p>\n<p >O TST possui oito Turmas, cada uma composta por tr\u00eas ministros, com a atribui\u00e7\u00e3o de analisar recursos de revista, agravos, agravos de instrumento, agravos regimentais e recursos ordin\u00e1rios em a\u00e7\u00e3o cautelar. Das decis\u00f5es das Turmas, a parte ainda pode, em alguns casos, recorrer \u00e0 Subse\u00e7\u00e3o I Especializada em Diss\u00eddios Individuais (SBDI-1).<\/p>\n<p >Esta mat\u00e9ria tem car\u00e1ter informativo.<br \/>\nPermitida a reprodu\u00e7\u00e3o mediante cita\u00e7\u00e3o da fonte.<br \/>\nSecretaria de Comunica\u00e7\u00e3o Social<br \/>\nTribunal Superior do Trabalho<br \/>\nTel. (61) 3043-4907<br \/>\nsecom@tst.jus.br<\/p>\n<p>    $(&#8216;#lightbox-eguq_ .slider-gallery-wrapper img&#8217;).hover(<br \/>\n    function() {<br \/>\n        const $text=$($($(this).parent()).next());<br \/>\n        $text.hasClass(&#8216;inside-description&#8217;) &amp;&amp; $text.fadeTo( &#8220;slow&#8221; , 0);<br \/>\n    }, function() {<br \/>\n        const $text=$($($(this).parent()).next());<br \/>\n        $text.hasClass(&#8216;inside-description&#8217;) &amp;&amp; $text.fadeTo( &#8220;slow&#8221; , 1);<br \/>\n    }<br \/>\n    );<br \/>\n    $(document).ready(function() {<br \/>\n        var eguq_autoplaying=false;<br \/>\n        var eguq_showingLightbox=false;<br \/>\n        const eguq_playPauseControllers=&#8221;#slider-eguq_-playpause, #slider-eguq_-lightbox-playpause&#8221;;<br \/>\n        $(&#8220;#slider-eguq_&#8221;).slick({<br \/>\n            slidesToShow: 1,<br \/>\n            slidesToScroll: 1,<br \/>\n            autoplay: eguq_autoplaying,<br \/>\n            swipeToSlide: false,<br \/>\n            centerMode: false,<br \/>\n            autoplaySpeed: 3000,<br \/>\n            focusOnSelect: true,<br \/>\n            prevArrow:<br \/>\n            &#8221;,<br \/>\n            nextArrow:<br \/>\n            &#8221;,<br \/>\n            centerPadding: &#8220;60px&#8221;,<br \/>\n            responsive: [<br \/>\n                {<br \/>\n                    breakpoint: 767.98,<br \/>\n                    settings: {<br \/>\n                        slidesToShow: 3,<br \/>\n                        adaptiveHeight: true<br \/>\n                    }<br \/>\n                }<br \/>\n            ]<br \/>\n        });<br \/>\n        $(&#8220;#slider-eguq_&#8221;).slickLightbox({<br \/>\n            src: &#8216;src&#8217;,<br \/>\n            itemSelector: &#8216;.galery-image .multimidia-wrapper img&#8217;,<br \/>\n            caption:&#8217;caption&#8217;<br \/>\n        });<br \/>\n    });<br \/>\n<script async src=\"https:\/\/platform.twitter.com\/widgets.js\" charset=\"utf-8\"><\/script><br \/>\n<br \/><i>Com informa\u00e7\u00f5es da assessoria de imprensa do TST.<\/i><br \/>\n<br \/><a href=\"https:\/\/www.tst.jus.br\/web\/guest\/noticias?p_p_id=89Dk&#038;p_p_lifecycle=0&#038;refererPlid=10730&#038;_89Dk_groupId=10157&#038;_89Dk_articleId=30937549\">Fonte<\/a><br \/>\n<br \/><\/p>\n","protected":false},"excerpt":{"rendered":"<p>Ela alegou desastre natural para pedir a libera\u00e7\u00e3o. No entanto, a pandemia n\u00e3o tem essa caracter\u00edstica. Foto do ministro Cl\u00e1udio Brand\u00e3o em sess\u00e3o 11\/7\/2022 &#8211; A S\u00e9tima Turma do Tribunal Superior do Trabalho entendeu que a &nbsp;pandemia da covid-19 n\u00e3o pode ser equiparada a desastre natural para permitir que uma desempregada, em Vit\u00f3ria (ES), possa [&hellip;]<\/p>\n","protected":false},"author":3063,"featured_media":11438,"comment_status":"open","ping_status":"open","sticky":false,"template":"","format":"standard","meta":{"footnotes":""},"categories":[3,21],"tags":[33,216,9,12,217,215],"class_list":{"0":"post-11437","1":"post","2":"type-post","3":"status-publish","4":"format-standard","5":"has-post-thumbnail","7":"category-trabalhista","8":"category-tst","9":"tag-calculos-trabalhistas","10":"tag-direito-trabalhista","11":"tag-pericia","12":"tag-perito","13":"tag-trabalho","14":"tag-tst"},"yoast_head":"<!-- This site is optimized with the Yoast SEO plugin v27.2 - https:\/\/yoast.com\/product\/yoast-seo-wordpress\/ -->\n<title>TST: Desempregada n\u00e3o poder\u00e1 sacar parte do FGTS com base na pandemia da covid-19 | Portal de Not\u00edcias<\/title>\n<meta name=\"robots\" content=\"index, follow, max-snippet:-1, max-image-preview:large, max-video-preview:-1\" \/>\n<link rel=\"canonical\" href=\"https:\/\/mhcalculos.com.br\/noticias\/area\/trabalhista\/tst-desempregada-nao-podera-sacar-parte-do-fgts-com-base-na-pandemia-da-covid-19.html\" \/>\n<meta property=\"og:locale\" content=\"pt_BR\" \/>\n<meta property=\"og:type\" content=\"article\" \/>\n<meta property=\"og:title\" content=\"TST: Desempregada n\u00e3o poder\u00e1 sacar parte do FGTS com base na pandemia da covid-19 | Portal de Not\u00edcias\" \/>\n<meta property=\"og:description\" content=\"Ela alegou desastre natural para pedir a libera\u00e7\u00e3o. No entanto, a pandemia n\u00e3o tem essa caracter\u00edstica. Foto do ministro Cl\u00e1udio Brand\u00e3o em sess\u00e3o 11\/7\/2022 &#8211; A S\u00e9tima Turma do Tribunal Superior do Trabalho entendeu que a &nbsp;pandemia da covid-19 n\u00e3o pode ser equiparada a desastre natural para permitir que uma desempregada, em Vit\u00f3ria (ES), possa [&hellip;]\" \/>\n<meta property=\"og:url\" content=\"https:\/\/mhcalculos.com.br\/noticias\/area\/trabalhista\/tst-desempregada-nao-podera-sacar-parte-do-fgts-com-base-na-pandemia-da-covid-19.html\" \/>\n<meta property=\"og:site_name\" content=\"Portal de Not\u00edcias\" \/>\n<meta property=\"article:published_time\" content=\"2022-07-11T17:16:00+00:00\" \/>\n<meta property=\"og:image\" content=\"https:\/\/mhcalculos.com.br\/noticias\/wp-content\/uploads\/sites\/2\/2022\/07\/judiciario-0033.jpg\" \/>\n\t<meta property=\"og:image:width\" content=\"2000\" \/>\n\t<meta property=\"og:image:height\" content=\"800\" \/>\n\t<meta property=\"og:image:type\" content=\"image\/jpeg\" \/>\n<meta name=\"author\" content=\"Equipe MH\" \/>\n<meta name=\"twitter:card\" content=\"summary_large_image\" \/>\n<meta name=\"twitter:label1\" content=\"Escrito por\" \/>\n\t<meta name=\"twitter:data1\" content=\"Equipe MH\" \/>\n\t<meta name=\"twitter:label2\" content=\"Est. tempo de leitura\" \/>\n\t<meta name=\"twitter:data2\" content=\"3 minutos\" \/>\n<script type=\"application\/ld+json\" class=\"yoast-schema-graph\">{\"@context\":\"https:\/\/schema.org\",\"@graph\":[{\"@type\":\"Article\",\"@id\":\"https:\/\/mhcalculos.com.br\/noticias\/area\/trabalhista\/tst-desempregada-nao-podera-sacar-parte-do-fgts-com-base-na-pandemia-da-covid-19.html#article\",\"isPartOf\":{\"@id\":\"https:\/\/mhcalculos.com.br\/noticias\/area\/trabalhista\/tst-desempregada-nao-podera-sacar-parte-do-fgts-com-base-na-pandemia-da-covid-19.html\"},\"author\":{\"name\":\"Equipe MH\",\"@id\":\"https:\/\/mhcalculos.com.br\/noticias\/#\/schema\/person\/88d1c34bf72dc779ea14a5a6b8e0ae8d\"},\"headline\":\"TST: Desempregada n\u00e3o poder\u00e1 sacar parte do FGTS com base na pandemia da covid-19\",\"datePublished\":\"2022-07-11T17:16:00+00:00\",\"mainEntityOfPage\":{\"@id\":\"https:\/\/mhcalculos.com.br\/noticias\/area\/trabalhista\/tst-desempregada-nao-podera-sacar-parte-do-fgts-com-base-na-pandemia-da-covid-19.html\"},\"wordCount\":683,\"commentCount\":0,\"image\":{\"@id\":\"https:\/\/mhcalculos.com.br\/noticias\/area\/trabalhista\/tst-desempregada-nao-podera-sacar-parte-do-fgts-com-base-na-pandemia-da-covid-19.html#primaryimage\"},\"thumbnailUrl\":\"https:\/\/mhcalculos.com.br\/noticias\/wp-content\/uploads\/sites\/2\/2022\/07\/judiciario-0033.jpg\",\"keywords\":[\"c\u00e1lculos trabalhistas\",\"direito trabalhista\",\"per\u00edcia\",\"perito\",\"trabalho\",\"TST\"],\"articleSection\":[\"Direito Trabalhista\",\"TST\"],\"inLanguage\":\"pt-BR\",\"potentialAction\":[{\"@type\":\"CommentAction\",\"name\":\"Comment\",\"target\":[\"https:\/\/mhcalculos.com.br\/noticias\/area\/trabalhista\/tst-desempregada-nao-podera-sacar-parte-do-fgts-com-base-na-pandemia-da-covid-19.html#respond\"]}]},{\"@type\":\"WebPage\",\"@id\":\"https:\/\/mhcalculos.com.br\/noticias\/area\/trabalhista\/tst-desempregada-nao-podera-sacar-parte-do-fgts-com-base-na-pandemia-da-covid-19.html\",\"url\":\"https:\/\/mhcalculos.com.br\/noticias\/area\/trabalhista\/tst-desempregada-nao-podera-sacar-parte-do-fgts-com-base-na-pandemia-da-covid-19.html\",\"name\":\"TST: Desempregada n\u00e3o poder\u00e1 sacar parte do FGTS com base na pandemia da covid-19 | Portal de Not\u00edcias\",\"isPartOf\":{\"@id\":\"https:\/\/mhcalculos.com.br\/noticias\/#website\"},\"primaryImageOfPage\":{\"@id\":\"https:\/\/mhcalculos.com.br\/noticias\/area\/trabalhista\/tst-desempregada-nao-podera-sacar-parte-do-fgts-com-base-na-pandemia-da-covid-19.html#primaryimage\"},\"image\":{\"@id\":\"https:\/\/mhcalculos.com.br\/noticias\/area\/trabalhista\/tst-desempregada-nao-podera-sacar-parte-do-fgts-com-base-na-pandemia-da-covid-19.html#primaryimage\"},\"thumbnailUrl\":\"https:\/\/mhcalculos.com.br\/noticias\/wp-content\/uploads\/sites\/2\/2022\/07\/judiciario-0033.jpg\",\"datePublished\":\"2022-07-11T17:16:00+00:00\",\"author\":{\"@id\":\"https:\/\/mhcalculos.com.br\/noticias\/#\/schema\/person\/88d1c34bf72dc779ea14a5a6b8e0ae8d\"},\"breadcrumb\":{\"@id\":\"https:\/\/mhcalculos.com.br\/noticias\/area\/trabalhista\/tst-desempregada-nao-podera-sacar-parte-do-fgts-com-base-na-pandemia-da-covid-19.html#breadcrumb\"},\"inLanguage\":\"pt-BR\",\"potentialAction\":[{\"@type\":\"ReadAction\",\"target\":[\"https:\/\/mhcalculos.com.br\/noticias\/area\/trabalhista\/tst-desempregada-nao-podera-sacar-parte-do-fgts-com-base-na-pandemia-da-covid-19.html\"]}]},{\"@type\":\"ImageObject\",\"inLanguage\":\"pt-BR\",\"@id\":\"https:\/\/mhcalculos.com.br\/noticias\/area\/trabalhista\/tst-desempregada-nao-podera-sacar-parte-do-fgts-com-base-na-pandemia-da-covid-19.html#primaryimage\",\"url\":\"https:\/\/mhcalculos.com.br\/noticias\/wp-content\/uploads\/sites\/2\/2022\/07\/judiciario-0033.jpg\",\"contentUrl\":\"https:\/\/mhcalculos.com.br\/noticias\/wp-content\/uploads\/sites\/2\/2022\/07\/judiciario-0033.jpg\",\"width\":2000,\"height\":800},{\"@type\":\"BreadcrumbList\",\"@id\":\"https:\/\/mhcalculos.com.br\/noticias\/area\/trabalhista\/tst-desempregada-nao-podera-sacar-parte-do-fgts-com-base-na-pandemia-da-covid-19.html#breadcrumb\",\"itemListElement\":[{\"@type\":\"ListItem\",\"position\":1,\"name\":\"In\u00edcio\",\"item\":\"https:\/\/mhcalculos.com.br\/noticias\/\"},{\"@type\":\"ListItem\",\"position\":2,\"name\":\"TST: Desempregada n\u00e3o poder\u00e1 sacar parte do FGTS com base na pandemia da covid-19\"}]},{\"@type\":\"WebSite\",\"@id\":\"https:\/\/mhcalculos.com.br\/noticias\/#website\",\"url\":\"https:\/\/mhcalculos.com.br\/noticias\/\",\"name\":\"Portal de Not\u00edcias\",\"description\":\"Not\u00edcias e Jurisprud\u00eancia\",\"potentialAction\":[{\"@type\":\"SearchAction\",\"target\":{\"@type\":\"EntryPoint\",\"urlTemplate\":\"https:\/\/mhcalculos.com.br\/noticias\/?s={search_term_string}\"},\"query-input\":{\"@type\":\"PropertyValueSpecification\",\"valueRequired\":true,\"valueName\":\"search_term_string\"}}],\"inLanguage\":\"pt-BR\"},{\"@type\":\"Person\",\"@id\":\"https:\/\/mhcalculos.com.br\/noticias\/#\/schema\/person\/88d1c34bf72dc779ea14a5a6b8e0ae8d\",\"name\":\"Equipe MH\",\"image\":{\"@type\":\"ImageObject\",\"inLanguage\":\"pt-BR\",\"@id\":\"https:\/\/secure.gravatar.com\/avatar\/de1c686c2ecc9c5a3f327e3431d819eb39f8f05d4e1045f5a1caad6daaba987f?s=96&d=mm&r=g\",\"url\":\"https:\/\/secure.gravatar.com\/avatar\/de1c686c2ecc9c5a3f327e3431d819eb39f8f05d4e1045f5a1caad6daaba987f?s=96&d=mm&r=g\",\"contentUrl\":\"https:\/\/secure.gravatar.com\/avatar\/de1c686c2ecc9c5a3f327e3431d819eb39f8f05d4e1045f5a1caad6daaba987f?s=96&d=mm&r=g\",\"caption\":\"Equipe MH\"}}]}<\/script>\n<!-- \/ Yoast SEO plugin. -->","yoast_head_json":{"title":"TST: Desempregada n\u00e3o poder\u00e1 sacar parte do FGTS com base na pandemia da covid-19 | Portal de Not\u00edcias","robots":{"index":"index","follow":"follow","max-snippet":"max-snippet:-1","max-image-preview":"max-image-preview:large","max-video-preview":"max-video-preview:-1"},"canonical":"https:\/\/mhcalculos.com.br\/noticias\/area\/trabalhista\/tst-desempregada-nao-podera-sacar-parte-do-fgts-com-base-na-pandemia-da-covid-19.html","og_locale":"pt_BR","og_type":"article","og_title":"TST: Desempregada n\u00e3o poder\u00e1 sacar parte do FGTS com base na pandemia da covid-19 | Portal de Not\u00edcias","og_description":"Ela alegou desastre natural para pedir a libera\u00e7\u00e3o. No entanto, a pandemia n\u00e3o tem essa caracter\u00edstica. Foto do ministro Cl\u00e1udio Brand\u00e3o em sess\u00e3o 11\/7\/2022 &#8211; A S\u00e9tima Turma do Tribunal Superior do Trabalho entendeu que a &nbsp;pandemia da covid-19 n\u00e3o pode ser equiparada a desastre natural para permitir que uma desempregada, em Vit\u00f3ria (ES), possa [&hellip;]","og_url":"https:\/\/mhcalculos.com.br\/noticias\/area\/trabalhista\/tst-desempregada-nao-podera-sacar-parte-do-fgts-com-base-na-pandemia-da-covid-19.html","og_site_name":"Portal de Not\u00edcias","article_published_time":"2022-07-11T17:16:00+00:00","og_image":[{"width":2000,"height":800,"url":"https:\/\/mhcalculos.com.br\/noticias\/wp-content\/uploads\/sites\/2\/2022\/07\/judiciario-0033.jpg","type":"image\/jpeg"}],"author":"Equipe MH","twitter_card":"summary_large_image","twitter_misc":{"Escrito por":"Equipe MH","Est. tempo de leitura":"3 minutos"},"schema":{"@context":"https:\/\/schema.org","@graph":[{"@type":"Article","@id":"https:\/\/mhcalculos.com.br\/noticias\/area\/trabalhista\/tst-desempregada-nao-podera-sacar-parte-do-fgts-com-base-na-pandemia-da-covid-19.html#article","isPartOf":{"@id":"https:\/\/mhcalculos.com.br\/noticias\/area\/trabalhista\/tst-desempregada-nao-podera-sacar-parte-do-fgts-com-base-na-pandemia-da-covid-19.html"},"author":{"name":"Equipe MH","@id":"https:\/\/mhcalculos.com.br\/noticias\/#\/schema\/person\/88d1c34bf72dc779ea14a5a6b8e0ae8d"},"headline":"TST: Desempregada n\u00e3o poder\u00e1 sacar parte do FGTS com base na pandemia da covid-19","datePublished":"2022-07-11T17:16:00+00:00","mainEntityOfPage":{"@id":"https:\/\/mhcalculos.com.br\/noticias\/area\/trabalhista\/tst-desempregada-nao-podera-sacar-parte-do-fgts-com-base-na-pandemia-da-covid-19.html"},"wordCount":683,"commentCount":0,"image":{"@id":"https:\/\/mhcalculos.com.br\/noticias\/area\/trabalhista\/tst-desempregada-nao-podera-sacar-parte-do-fgts-com-base-na-pandemia-da-covid-19.html#primaryimage"},"thumbnailUrl":"https:\/\/mhcalculos.com.br\/noticias\/wp-content\/uploads\/sites\/2\/2022\/07\/judiciario-0033.jpg","keywords":["c\u00e1lculos trabalhistas","direito trabalhista","per\u00edcia","perito","trabalho","TST"],"articleSection":["Direito Trabalhista","TST"],"inLanguage":"pt-BR","potentialAction":[{"@type":"CommentAction","name":"Comment","target":["https:\/\/mhcalculos.com.br\/noticias\/area\/trabalhista\/tst-desempregada-nao-podera-sacar-parte-do-fgts-com-base-na-pandemia-da-covid-19.html#respond"]}]},{"@type":"WebPage","@id":"https:\/\/mhcalculos.com.br\/noticias\/area\/trabalhista\/tst-desempregada-nao-podera-sacar-parte-do-fgts-com-base-na-pandemia-da-covid-19.html","url":"https:\/\/mhcalculos.com.br\/noticias\/area\/trabalhista\/tst-desempregada-nao-podera-sacar-parte-do-fgts-com-base-na-pandemia-da-covid-19.html","name":"TST: Desempregada n\u00e3o poder\u00e1 sacar parte do FGTS com base na pandemia da covid-19 | Portal de Not\u00edcias","isPartOf":{"@id":"https:\/\/mhcalculos.com.br\/noticias\/#website"},"primaryImageOfPage":{"@id":"https:\/\/mhcalculos.com.br\/noticias\/area\/trabalhista\/tst-desempregada-nao-podera-sacar-parte-do-fgts-com-base-na-pandemia-da-covid-19.html#primaryimage"},"image":{"@id":"https:\/\/mhcalculos.com.br\/noticias\/area\/trabalhista\/tst-desempregada-nao-podera-sacar-parte-do-fgts-com-base-na-pandemia-da-covid-19.html#primaryimage"},"thumbnailUrl":"https:\/\/mhcalculos.com.br\/noticias\/wp-content\/uploads\/sites\/2\/2022\/07\/judiciario-0033.jpg","datePublished":"2022-07-11T17:16:00+00:00","author":{"@id":"https:\/\/mhcalculos.com.br\/noticias\/#\/schema\/person\/88d1c34bf72dc779ea14a5a6b8e0ae8d"},"breadcrumb":{"@id":"https:\/\/mhcalculos.com.br\/noticias\/area\/trabalhista\/tst-desempregada-nao-podera-sacar-parte-do-fgts-com-base-na-pandemia-da-covid-19.html#breadcrumb"},"inLanguage":"pt-BR","potentialAction":[{"@type":"ReadAction","target":["https:\/\/mhcalculos.com.br\/noticias\/area\/trabalhista\/tst-desempregada-nao-podera-sacar-parte-do-fgts-com-base-na-pandemia-da-covid-19.html"]}]},{"@type":"ImageObject","inLanguage":"pt-BR","@id":"https:\/\/mhcalculos.com.br\/noticias\/area\/trabalhista\/tst-desempregada-nao-podera-sacar-parte-do-fgts-com-base-na-pandemia-da-covid-19.html#primaryimage","url":"https:\/\/mhcalculos.com.br\/noticias\/wp-content\/uploads\/sites\/2\/2022\/07\/judiciario-0033.jpg","contentUrl":"https:\/\/mhcalculos.com.br\/noticias\/wp-content\/uploads\/sites\/2\/2022\/07\/judiciario-0033.jpg","width":2000,"height":800},{"@type":"BreadcrumbList","@id":"https:\/\/mhcalculos.com.br\/noticias\/area\/trabalhista\/tst-desempregada-nao-podera-sacar-parte-do-fgts-com-base-na-pandemia-da-covid-19.html#breadcrumb","itemListElement":[{"@type":"ListItem","position":1,"name":"In\u00edcio","item":"https:\/\/mhcalculos.com.br\/noticias\/"},{"@type":"ListItem","position":2,"name":"TST: Desempregada n\u00e3o poder\u00e1 sacar parte do FGTS com base na pandemia da covid-19"}]},{"@type":"WebSite","@id":"https:\/\/mhcalculos.com.br\/noticias\/#website","url":"https:\/\/mhcalculos.com.br\/noticias\/","name":"Portal de Not\u00edcias","description":"Not\u00edcias e Jurisprud\u00eancia","potentialAction":[{"@type":"SearchAction","target":{"@type":"EntryPoint","urlTemplate":"https:\/\/mhcalculos.com.br\/noticias\/?s={search_term_string}"},"query-input":{"@type":"PropertyValueSpecification","valueRequired":true,"valueName":"search_term_string"}}],"inLanguage":"pt-BR"},{"@type":"Person","@id":"https:\/\/mhcalculos.com.br\/noticias\/#\/schema\/person\/88d1c34bf72dc779ea14a5a6b8e0ae8d","name":"Equipe MH","image":{"@type":"ImageObject","inLanguage":"pt-BR","@id":"https:\/\/secure.gravatar.com\/avatar\/de1c686c2ecc9c5a3f327e3431d819eb39f8f05d4e1045f5a1caad6daaba987f?s=96&d=mm&r=g","url":"https:\/\/secure.gravatar.com\/avatar\/de1c686c2ecc9c5a3f327e3431d819eb39f8f05d4e1045f5a1caad6daaba987f?s=96&d=mm&r=g","contentUrl":"https:\/\/secure.gravatar.com\/avatar\/de1c686c2ecc9c5a3f327e3431d819eb39f8f05d4e1045f5a1caad6daaba987f?s=96&d=mm&r=g","caption":"Equipe MH"}}]}},"_links":{"self":[{"href":"https:\/\/mhcalculos.com.br\/noticias\/wp-json\/wp\/v2\/posts\/11437","targetHints":{"allow":["GET"]}}],"collection":[{"href":"https:\/\/mhcalculos.com.br\/noticias\/wp-json\/wp\/v2\/posts"}],"about":[{"href":"https:\/\/mhcalculos.com.br\/noticias\/wp-json\/wp\/v2\/types\/post"}],"author":[{"embeddable":true,"href":"https:\/\/mhcalculos.com.br\/noticias\/wp-json\/wp\/v2\/users\/3063"}],"replies":[{"embeddable":true,"href":"https:\/\/mhcalculos.com.br\/noticias\/wp-json\/wp\/v2\/comments?post=11437"}],"version-history":[{"count":0,"href":"https:\/\/mhcalculos.com.br\/noticias\/wp-json\/wp\/v2\/posts\/11437\/revisions"}],"wp:featuredmedia":[{"embeddable":true,"href":"https:\/\/mhcalculos.com.br\/noticias\/wp-json\/wp\/v2\/media\/11438"}],"wp:attachment":[{"href":"https:\/\/mhcalculos.com.br\/noticias\/wp-json\/wp\/v2\/media?parent=11437"}],"wp:term":[{"taxonomy":"category","embeddable":true,"href":"https:\/\/mhcalculos.com.br\/noticias\/wp-json\/wp\/v2\/categories?post=11437"},{"taxonomy":"post_tag","embeddable":true,"href":"https:\/\/mhcalculos.com.br\/noticias\/wp-json\/wp\/v2\/tags?post=11437"}],"curies":[{"name":"wp","href":"https:\/\/api.w.org\/{rel}","templated":true}]}}