{"id":11435,"date":"2022-07-08T14:53:00","date_gmt":"2022-07-08T17:53:00","guid":{"rendered":"https:\/\/mhcalculos.com.br\/noticias\/area\/trabalhista\/tst-atleta-de-basquetebol-nao-consegue-o-reconhecimento-de-clausula-compensatoria-desportiva.html"},"modified":"2022-07-08T14:53:00","modified_gmt":"2022-07-08T17:53:00","slug":"tst-atleta-de-basquetebol-nao-consegue-o-reconhecimento-de-clausula-compensatoria-desportiva","status":"publish","type":"post","link":"https:\/\/mhcalculos.com.br\/noticias\/area\/trabalhista\/tst-atleta-de-basquetebol-nao-consegue-o-reconhecimento-de-clausula-compensatoria-desportiva.html","title":{"rendered":"TST: Atleta de basquetebol n\u00e3o consegue o reconhecimento de cl\u00e1usula compensat\u00f3ria desportiva"},"content":{"rendered":"<p><br \/>\n<\/p>\n<p><em><\/p>\n<p>Prevista para dispensas sem justa causa, a cl\u00e1usula \u00e9 facultativa para modalidades diferentes de futebol.<\/p>\n<p><\/em><\/p>\n<p>        <a class=\"share-facebook\" href=\"https:\/\/www.facebook.com\/sharer.php?u=https:\/\/www.tst.jus.br\/-\/atleta-de-basquetebol-n%C3%A3o-consegue-o-reconhecimento-de-cl%C3%A1usula-compensat%C3%B3ria-desportiva\" target=\"_blank\" rel=\"noopener\"><\/a><br \/>\n        <a class=\"share-twitter\" href=\"http:\/\/twitter.com\/intent\/tweet?text=Atleta de basquetebol n\u00e3o consegue o reconhecimento de cl\u00e1usula compensat\u00f3ria desportiva%0AVeja%20mais%20em:&amp;url=https:\/\/www.tst.jus.br\/-\/atleta-de-basquetebol-n%C3%A3o-consegue-o-reconhecimento-de-cl%C3%A1usula-compensat%C3%B3ria-desportiva\" target=\"_blank\" rel=\"noopener\"><\/a><br \/>\n        <a class=\"share-linkedin\" href=\"https:\/\/www.linkedin.com\/shareArticle?mini=true&amp;url=https:\/\/www.tst.jus.br\/-\/atleta-de-basquetebol-n%C3%A3o-consegue-o-reconhecimento-de-cl%C3%A1usula-compensat%C3%B3ria-desportiva&amp;title=Atleta de basquetebol n\u00e3o consegue o reconhecimento de cl\u00e1usula compensat\u00f3ria desportiva\" target=\"_blank\" rel=\"noopener\"><\/a><br \/>\n        <a class=\"share-whatsapp\" href=\"https:\/\/web.whatsapp.com\/send?text=https:\/\/www.tst.jus.br\/-\/atleta-de-basquetebol-n%C3%A3o-consegue-o-reconhecimento-de-cl%C3%A1usula-compensat%C3%B3ria-desportiva\" target=\"_blank\" rel=\"noopener\"><\/a><br \/>\n        <a class=\"share-googleplus\" href=\"https:\/\/plus.google.com\/share?url=https:\/\/www.tst.jus.br\/-\/atleta-de-basquetebol-n%C3%A3o-consegue-o-reconhecimento-de-cl%C3%A1usula-compensat%C3%B3ria-desportiva\" target=\"_blank\" rel=\"noopener\"><\/a><\/p>\n<p>                <\/p>\n<p>Imagem de bola de basquete no piso da quadra<\/p>\n<p>                    <a class=\"share-facebook\" href=\"https:\/\/www.facebook.com\/sharer.php?u=https:\/\/www.tst.jus.br\/-\/atleta-de-basquetebol-n%C3%A3o-consegue-o-reconhecimento-de-cl%C3%A1usula-compensat%C3%B3ria-desportiva\" target=\"_blank\" rel=\"noopener\"><\/a><br \/>\n                    <a class=\"share-twitter\" href=\"http:\/\/twitter.com\/intent\/tweet?text=Atleta de basquetebol n\u00e3o consegue o reconhecimento de cl\u00e1usula compensat\u00f3ria desportiva%0AVeja%20mais%20em:&amp;url=https:\/\/www.tst.jus.br\/-\/atleta-de-basquetebol-n%C3%A3o-consegue-o-reconhecimento-de-cl%C3%A1usula-compensat%C3%B3ria-desportiva\" target=\"_blank\" rel=\"noopener\"><\/a><br \/>\n                    <a class=\"share-linkedin\" href=\"https:\/\/www.linkedin.com\/shareArticle?mini=true&amp;url=https:\/\/www.tst.jus.br\/-\/atleta-de-basquetebol-n%C3%A3o-consegue-o-reconhecimento-de-cl%C3%A1usula-compensat%C3%B3ria-desportiva&amp;title=Atleta de basquetebol n\u00e3o consegue o reconhecimento de cl\u00e1usula compensat\u00f3ria desportiva\" target=\"_blank\" rel=\"noopener\"><\/a><br \/>\n                    <a class=\"share-whatsapp\" href=\"https:\/\/web.whatsapp.com\/send?text=https:\/\/www.tst.jus.br\/-\/atleta-de-basquetebol-n%C3%A3o-consegue-o-reconhecimento-de-cl%C3%A1usula-compensat%C3%B3ria-desportiva\" target=\"_blank\" rel=\"noopener\"><\/a><br \/>\n                    <a class=\"share-googleplus\" href=\"https:\/\/plus.google.com\/share?url=https:\/\/www.tst.jus.br\/-\/atleta-de-basquetebol-n%C3%A3o-consegue-o-reconhecimento-de-cl%C3%A1usula-compensat%C3%B3ria-desportiva\" target=\"_blank\" rel=\"noopener\"><\/a><\/p>\n<p >8\/7\/2022 &#8211; A Segunda Turma do Tribunal Superior do Trabalho decidiu que o atleta de basquete Gege Chaia n\u00e3o tem o direito de receber o pagamento de cl\u00e1usula compensat\u00f3ria desportiva ap\u00f3s ter sido dispensado, sem justa causa, pelo Rio Claro Basquete, de Rio Claro (SP). O colegiado negou recurso do atleta sob o entendimento de que a cl\u00e1usula compensat\u00f3ria prevista no artigo 28 da <a href=\"http:\/\/www.planalto.gov.br\/ccivil_03\/leis\/l9615consol.htm\" target=\"_blank\" rel=\"noopener\">Lei 9.615\/1998<\/a> (Lei Pel\u00e9) \u00e9 obrigat\u00f3ria para atletas de futebol, sendo facultada a outras modalidades esportivas mediante previs\u00e3o em contrato especial de trabalho, o que n\u00e3o ocorreu no caso. &nbsp;<\/p>\n<p >Na reclama\u00e7\u00e3o trabalhista, o atleta profissional pediu o recebimento &nbsp;da cl\u00e1usula compensat\u00f3ria desportiva e o reconhecimento do v\u00ednculo empregat\u00edcio com a Associa\u00e7\u00e3o Cultural Beneficente Desportiva Rio Claro, cujo nome fantasia era Rio Claro Basquete, e a prefeitura do munic\u00edpio. Ele explicou que toda a estrutura e o gerenciamento da equipe eram feitos pela associa\u00e7\u00e3o, mas o patroc\u00ednio era do munic\u00edpio.&nbsp;<\/p>\n<p ><strong>Carreira no basquete<\/strong><\/p>\n<p >Gege Chaia narrou que, depois de anos como atleta do Flamengo, recebeu proposta e se transferiu para o Rio Claro Basquete, onde disputaria o Campeonato Paulista da S\u00e9rie A1 e o Novo Basquete Brasil. Informa que, na contrata\u00e7\u00e3o, soube que receberia o Contrato Especial de Trabalho Desportivo, com a associa\u00e7\u00e3o oferecendo a estrutura e o munic\u00edpio, os sal\u00e1rios.&nbsp;<\/p>\n<p >Ele contou que, ap\u00f3s a participa\u00e7\u00e3o no campeonato paulista, come\u00e7aram os preparativos para o nacional, por\u00e9m, o per\u00edodo coincidiu com as elei\u00e7\u00f5es municipais, e a disputa entre os candidatos \u00e0 prefeito resultou no encerramento do patroc\u00ednio. Consequentemente, fechou-se a equipe, que dispensou os atletas e toda a comiss\u00e3o t\u00e9cnica, faltando quatro dias para o in\u00edcio do campeonato nacional.&nbsp;<\/p>\n<p ><strong>V\u00ednculo de emprego<\/strong><\/p>\n<p >O ju\u00edzo da Vara do Trabalho de Rio Claro (SP) reconheceu o v\u00ednculo de emprego do jogador apenas com a Associa\u00e7\u00e3o Cultural pelo per\u00edodo de tr\u00eas meses que ele atuou na equipe. Mas negou o pedido relativo \u00e0 cl\u00e1usula compensat\u00f3ria desportiva por entender que ela n\u00e3o se aplicava aos jogadores de outra modalidade distinta do futebol profissional. O ju\u00edzo ainda destaca que n\u00e3o foi pactuado qualquer contrato formal. Desse modo, &nbsp;n\u00e3o se pode entender que a cl\u00e1usula pleiteada foi ajustada entre as partes.<\/p>\n<p ><strong>Cl\u00e1usula compensat\u00f3ria indevida<\/strong><\/p>\n<p >O Tribunal Regional do Trabalho da 15\u00aa Regi\u00e3o manteve o entendimento da senten\u00e7a. A decis\u00e3o destaca que a cl\u00e1usula compensat\u00f3ria se destina aos atletas de futebol, podendo, em caso de previs\u00e3o expressa no contrato de trabalho, ser estendida \u00e0s demais modalidades de atletas profissionais, sendo uma exce\u00e7\u00e3o, portanto. &nbsp;No caso, segundo ressalta o Regional, sequer havia o contrato profissional, n\u00e3o podendo se presumir que a cl\u00e1usula estaria presente na contrata\u00e7\u00e3o.&nbsp;<\/p>\n<p >O atleta recorreu ao TST, mas o relator, ministro Jos\u00e9 Roberto Freire Pimenta, votou pelo desprovimento do recurso. O magistrado explicou que o artigo 94 da Lei 9.615\/1998 estabelece que a cl\u00e1usula compensat\u00f3ria desportiva ser\u00e1 obrigat\u00f3ria, exclusivamente, para atletas e entidades de pr\u00e1tica profissional de futebol, sendo facultada \u00e0s demais modalidades desportivas. &nbsp;\u201cN\u00e3o foi estabelecida pela vontade das partes nenhuma condi\u00e7\u00e3o, e inexistia obriga\u00e7\u00e3o legal que compelisse a associa\u00e7\u00e3o a formalizar contrato especial de trabalho desportivo com o atleta, para estabelecer a cl\u00e1usula\u201d, concluiu.&nbsp;<\/p>\n<p >Por unanimidade, a Segunda Turma acompanhou o voto do relator, mas o atleta apresentou embargos de &nbsp;declara\u00e7\u00e3o, ainda n\u00e3o julgados pelo colegiado.<\/p>\n<p >(DA\/GS)<\/p>\n<p >Processo: <a href=\"http:\/\/aplicacao4.tst.jus.br\/consultaProcessual\/resumoForm.do?consulta=1&amp;numeroInt=199250&amp;anoInt=2019\" target=\"_blank\" rel=\"noopener\">ARR &#8211; 10408-85.2017.5.15.0010<\/a><\/p>\n<p >O TST possui oito Turmas, cada uma composta de tr\u00eas ministros, com a atribui\u00e7\u00e3o de analisar recursos de revista, agravos, agravos de instrumento, agravos regimentais e recursos ordin\u00e1rios em a\u00e7\u00e3o cautelar. Das decis\u00f5es das Turmas, a parte ainda pode, em alguns casos, recorrer \u00e0 Subse\u00e7\u00e3o I Especializada em Diss\u00eddios Individuais (SBDI-1).<\/p>\n<p >Esta mat\u00e9ria tem cunho meramente informativo.<br \/>\nPermitida a reprodu\u00e7\u00e3o mediante cita\u00e7\u00e3o da fonte.<br \/>\nSecretaria de Comunica\u00e7\u00e3o Social<br \/>\nTribunal Superior do Trabalho<br \/>\nTel. (61) 3043-4907&nbsp;<br \/>\nsecom@tst.jus.br<\/p>\n<p>    $(&#8216;#lightbox-eggv_ .slider-gallery-wrapper img&#8217;).hover(<br \/>\n    function() {<br \/>\n        const $text=$($($(this).parent()).next());<br \/>\n        $text.hasClass(&#8216;inside-description&#8217;) &amp;&amp; $text.fadeTo( &#8220;slow&#8221; , 0);<br \/>\n    }, function() {<br \/>\n        const $text=$($($(this).parent()).next());<br \/>\n        $text.hasClass(&#8216;inside-description&#8217;) &amp;&amp; $text.fadeTo( &#8220;slow&#8221; , 1);<br \/>\n    }<br \/>\n    );<br \/>\n    $(document).ready(function() {<br \/>\n        var eggv_autoplaying=false;<br \/>\n        var eggv_showingLightbox=false;<br \/>\n        const eggv_playPauseControllers=&#8221;#slider-eggv_-playpause, #slider-eggv_-lightbox-playpause&#8221;;<br \/>\n        $(&#8220;#slider-eggv_&#8221;).slick({<br \/>\n            slidesToShow: 1,<br \/>\n            slidesToScroll: 1,<br \/>\n            autoplay: eggv_autoplaying,<br \/>\n            swipeToSlide: false,<br \/>\n            centerMode: false,<br \/>\n            autoplaySpeed: 3000,<br \/>\n            focusOnSelect: true,<br \/>\n            prevArrow:<br \/>\n            &#8221;,<br \/>\n            nextArrow:<br \/>\n            &#8221;,<br \/>\n            centerPadding: &#8220;60px&#8221;,<br \/>\n            responsive: [<br \/>\n                {<br \/>\n                    breakpoint: 767.98,<br \/>\n                    settings: {<br \/>\n                        slidesToShow: 3,<br \/>\n                        adaptiveHeight: true<br \/>\n                    }<br \/>\n                }<br \/>\n            ]<br \/>\n        });<br \/>\n        $(&#8220;#slider-eggv_&#8221;).slickLightbox({<br \/>\n            src: &#8216;src&#8217;,<br \/>\n            itemSelector: &#8216;.galery-image .multimidia-wrapper img&#8217;,<br \/>\n            caption:&#8217;caption&#8217;<br \/>\n        });<br \/>\n    });<br \/>\n<script async src=\"https:\/\/platform.twitter.com\/widgets.js\" charset=\"utf-8\"><\/script><br \/>\n<br \/><i>Com informa\u00e7\u00f5es da assessoria de imprensa do TST.<\/i><br \/>\n<br \/><a href=\"https:\/\/www.tst.jus.br\/web\/guest\/noticias?p_p_id=89Dk&#038;p_p_lifecycle=0&#038;refererPlid=10730&#038;_89Dk_groupId=10157&#038;_89Dk_articleId=30931174\">Fonte<\/a><br \/>\n<br \/><\/p>\n","protected":false},"excerpt":{"rendered":"<p>Prevista para dispensas sem justa causa, a cl\u00e1usula \u00e9 facultativa para modalidades diferentes de futebol. Imagem de bola de basquete no piso da quadra 8\/7\/2022 &#8211; A Segunda Turma do Tribunal Superior do Trabalho decidiu que o atleta de basquete Gege Chaia n\u00e3o tem o direito de receber o pagamento de cl\u00e1usula compensat\u00f3ria desportiva ap\u00f3s [&hellip;]<\/p>\n","protected":false},"author":3063,"featured_media":11436,"comment_status":"open","ping_status":"open","sticky":false,"template":"","format":"standard","meta":{"footnotes":""},"categories":[3,21],"tags":[33,216,9,12,217,215],"class_list":{"0":"post-11435","1":"post","2":"type-post","3":"status-publish","4":"format-standard","5":"has-post-thumbnail","7":"category-trabalhista","8":"category-tst","9":"tag-calculos-trabalhistas","10":"tag-direito-trabalhista","11":"tag-pericia","12":"tag-perito","13":"tag-trabalho","14":"tag-tst"},"yoast_head":"<!-- This site is optimized with the Yoast SEO plugin v27.2 - https:\/\/yoast.com\/product\/yoast-seo-wordpress\/ -->\n<title>TST: Atleta de basquetebol n\u00e3o consegue o reconhecimento de cl\u00e1usula compensat\u00f3ria desportiva | Portal de Not\u00edcias<\/title>\n<meta name=\"robots\" content=\"index, follow, max-snippet:-1, max-image-preview:large, max-video-preview:-1\" \/>\n<link rel=\"canonical\" href=\"https:\/\/mhcalculos.com.br\/noticias\/area\/trabalhista\/tst-atleta-de-basquetebol-nao-consegue-o-reconhecimento-de-clausula-compensatoria-desportiva.html\" \/>\n<meta property=\"og:locale\" content=\"pt_BR\" \/>\n<meta property=\"og:type\" content=\"article\" \/>\n<meta property=\"og:title\" content=\"TST: Atleta de basquetebol n\u00e3o consegue o reconhecimento de cl\u00e1usula compensat\u00f3ria desportiva | Portal de Not\u00edcias\" \/>\n<meta property=\"og:description\" content=\"Prevista para dispensas sem justa causa, a cl\u00e1usula \u00e9 facultativa para modalidades diferentes de futebol. Imagem de bola de basquete no piso da quadra 8\/7\/2022 &#8211; A Segunda Turma do Tribunal Superior do Trabalho decidiu que o atleta de basquete Gege Chaia n\u00e3o tem o direito de receber o pagamento de cl\u00e1usula compensat\u00f3ria desportiva ap\u00f3s [&hellip;]\" \/>\n<meta property=\"og:url\" content=\"https:\/\/mhcalculos.com.br\/noticias\/area\/trabalhista\/tst-atleta-de-basquetebol-nao-consegue-o-reconhecimento-de-clausula-compensatoria-desportiva.html\" \/>\n<meta property=\"og:site_name\" content=\"Portal de Not\u00edcias\" \/>\n<meta property=\"article:published_time\" content=\"2022-07-08T17:53:00+00:00\" \/>\n<meta property=\"og:image\" content=\"https:\/\/mhcalculos.com.br\/noticias\/wp-content\/uploads\/sites\/2\/2022\/07\/judiciario-0006.jpg\" \/>\n\t<meta property=\"og:image:width\" content=\"2000\" \/>\n\t<meta property=\"og:image:height\" content=\"800\" \/>\n\t<meta property=\"og:image:type\" content=\"image\/jpeg\" \/>\n<meta name=\"author\" content=\"Equipe MH\" \/>\n<meta name=\"twitter:card\" content=\"summary_large_image\" \/>\n<meta name=\"twitter:label1\" content=\"Escrito por\" \/>\n\t<meta name=\"twitter:data1\" content=\"Equipe MH\" \/>\n\t<meta name=\"twitter:label2\" content=\"Est. tempo de leitura\" \/>\n\t<meta name=\"twitter:data2\" content=\"4 minutos\" \/>\n<script type=\"application\/ld+json\" class=\"yoast-schema-graph\">{\"@context\":\"https:\/\/schema.org\",\"@graph\":[{\"@type\":\"Article\",\"@id\":\"https:\/\/mhcalculos.com.br\/noticias\/area\/trabalhista\/tst-atleta-de-basquetebol-nao-consegue-o-reconhecimento-de-clausula-compensatoria-desportiva.html#article\",\"isPartOf\":{\"@id\":\"https:\/\/mhcalculos.com.br\/noticias\/area\/trabalhista\/tst-atleta-de-basquetebol-nao-consegue-o-reconhecimento-de-clausula-compensatoria-desportiva.html\"},\"author\":{\"name\":\"Equipe MH\",\"@id\":\"https:\/\/mhcalculos.com.br\/noticias\/#\/schema\/person\/88d1c34bf72dc779ea14a5a6b8e0ae8d\"},\"headline\":\"TST: Atleta de basquetebol n\u00e3o consegue o reconhecimento de cl\u00e1usula compensat\u00f3ria desportiva\",\"datePublished\":\"2022-07-08T17:53:00+00:00\",\"mainEntityOfPage\":{\"@id\":\"https:\/\/mhcalculos.com.br\/noticias\/area\/trabalhista\/tst-atleta-de-basquetebol-nao-consegue-o-reconhecimento-de-clausula-compensatoria-desportiva.html\"},\"wordCount\":839,\"commentCount\":0,\"image\":{\"@id\":\"https:\/\/mhcalculos.com.br\/noticias\/area\/trabalhista\/tst-atleta-de-basquetebol-nao-consegue-o-reconhecimento-de-clausula-compensatoria-desportiva.html#primaryimage\"},\"thumbnailUrl\":\"https:\/\/mhcalculos.com.br\/noticias\/wp-content\/uploads\/sites\/2\/2022\/07\/judiciario-0006.jpg\",\"keywords\":[\"c\u00e1lculos trabalhistas\",\"direito trabalhista\",\"per\u00edcia\",\"perito\",\"trabalho\",\"TST\"],\"articleSection\":[\"Direito Trabalhista\",\"TST\"],\"inLanguage\":\"pt-BR\",\"potentialAction\":[{\"@type\":\"CommentAction\",\"name\":\"Comment\",\"target\":[\"https:\/\/mhcalculos.com.br\/noticias\/area\/trabalhista\/tst-atleta-de-basquetebol-nao-consegue-o-reconhecimento-de-clausula-compensatoria-desportiva.html#respond\"]}]},{\"@type\":\"WebPage\",\"@id\":\"https:\/\/mhcalculos.com.br\/noticias\/area\/trabalhista\/tst-atleta-de-basquetebol-nao-consegue-o-reconhecimento-de-clausula-compensatoria-desportiva.html\",\"url\":\"https:\/\/mhcalculos.com.br\/noticias\/area\/trabalhista\/tst-atleta-de-basquetebol-nao-consegue-o-reconhecimento-de-clausula-compensatoria-desportiva.html\",\"name\":\"TST: Atleta de basquetebol n\u00e3o consegue o reconhecimento de cl\u00e1usula compensat\u00f3ria desportiva | Portal de Not\u00edcias\",\"isPartOf\":{\"@id\":\"https:\/\/mhcalculos.com.br\/noticias\/#website\"},\"primaryImageOfPage\":{\"@id\":\"https:\/\/mhcalculos.com.br\/noticias\/area\/trabalhista\/tst-atleta-de-basquetebol-nao-consegue-o-reconhecimento-de-clausula-compensatoria-desportiva.html#primaryimage\"},\"image\":{\"@id\":\"https:\/\/mhcalculos.com.br\/noticias\/area\/trabalhista\/tst-atleta-de-basquetebol-nao-consegue-o-reconhecimento-de-clausula-compensatoria-desportiva.html#primaryimage\"},\"thumbnailUrl\":\"https:\/\/mhcalculos.com.br\/noticias\/wp-content\/uploads\/sites\/2\/2022\/07\/judiciario-0006.jpg\",\"datePublished\":\"2022-07-08T17:53:00+00:00\",\"author\":{\"@id\":\"https:\/\/mhcalculos.com.br\/noticias\/#\/schema\/person\/88d1c34bf72dc779ea14a5a6b8e0ae8d\"},\"breadcrumb\":{\"@id\":\"https:\/\/mhcalculos.com.br\/noticias\/area\/trabalhista\/tst-atleta-de-basquetebol-nao-consegue-o-reconhecimento-de-clausula-compensatoria-desportiva.html#breadcrumb\"},\"inLanguage\":\"pt-BR\",\"potentialAction\":[{\"@type\":\"ReadAction\",\"target\":[\"https:\/\/mhcalculos.com.br\/noticias\/area\/trabalhista\/tst-atleta-de-basquetebol-nao-consegue-o-reconhecimento-de-clausula-compensatoria-desportiva.html\"]}]},{\"@type\":\"ImageObject\",\"inLanguage\":\"pt-BR\",\"@id\":\"https:\/\/mhcalculos.com.br\/noticias\/area\/trabalhista\/tst-atleta-de-basquetebol-nao-consegue-o-reconhecimento-de-clausula-compensatoria-desportiva.html#primaryimage\",\"url\":\"https:\/\/mhcalculos.com.br\/noticias\/wp-content\/uploads\/sites\/2\/2022\/07\/judiciario-0006.jpg\",\"contentUrl\":\"https:\/\/mhcalculos.com.br\/noticias\/wp-content\/uploads\/sites\/2\/2022\/07\/judiciario-0006.jpg\",\"width\":2000,\"height\":800},{\"@type\":\"BreadcrumbList\",\"@id\":\"https:\/\/mhcalculos.com.br\/noticias\/area\/trabalhista\/tst-atleta-de-basquetebol-nao-consegue-o-reconhecimento-de-clausula-compensatoria-desportiva.html#breadcrumb\",\"itemListElement\":[{\"@type\":\"ListItem\",\"position\":1,\"name\":\"In\u00edcio\",\"item\":\"https:\/\/mhcalculos.com.br\/noticias\/\"},{\"@type\":\"ListItem\",\"position\":2,\"name\":\"TST: Atleta de basquetebol n\u00e3o consegue o reconhecimento de cl\u00e1usula compensat\u00f3ria desportiva\"}]},{\"@type\":\"WebSite\",\"@id\":\"https:\/\/mhcalculos.com.br\/noticias\/#website\",\"url\":\"https:\/\/mhcalculos.com.br\/noticias\/\",\"name\":\"Portal de Not\u00edcias\",\"description\":\"Not\u00edcias e Jurisprud\u00eancia\",\"potentialAction\":[{\"@type\":\"SearchAction\",\"target\":{\"@type\":\"EntryPoint\",\"urlTemplate\":\"https:\/\/mhcalculos.com.br\/noticias\/?s={search_term_string}\"},\"query-input\":{\"@type\":\"PropertyValueSpecification\",\"valueRequired\":true,\"valueName\":\"search_term_string\"}}],\"inLanguage\":\"pt-BR\"},{\"@type\":\"Person\",\"@id\":\"https:\/\/mhcalculos.com.br\/noticias\/#\/schema\/person\/88d1c34bf72dc779ea14a5a6b8e0ae8d\",\"name\":\"Equipe MH\",\"image\":{\"@type\":\"ImageObject\",\"inLanguage\":\"pt-BR\",\"@id\":\"https:\/\/secure.gravatar.com\/avatar\/de1c686c2ecc9c5a3f327e3431d819eb39f8f05d4e1045f5a1caad6daaba987f?s=96&d=mm&r=g\",\"url\":\"https:\/\/secure.gravatar.com\/avatar\/de1c686c2ecc9c5a3f327e3431d819eb39f8f05d4e1045f5a1caad6daaba987f?s=96&d=mm&r=g\",\"contentUrl\":\"https:\/\/secure.gravatar.com\/avatar\/de1c686c2ecc9c5a3f327e3431d819eb39f8f05d4e1045f5a1caad6daaba987f?s=96&d=mm&r=g\",\"caption\":\"Equipe MH\"}}]}<\/script>\n<!-- \/ Yoast SEO plugin. -->","yoast_head_json":{"title":"TST: Atleta de basquetebol n\u00e3o consegue o reconhecimento de cl\u00e1usula compensat\u00f3ria desportiva | Portal de Not\u00edcias","robots":{"index":"index","follow":"follow","max-snippet":"max-snippet:-1","max-image-preview":"max-image-preview:large","max-video-preview":"max-video-preview:-1"},"canonical":"https:\/\/mhcalculos.com.br\/noticias\/area\/trabalhista\/tst-atleta-de-basquetebol-nao-consegue-o-reconhecimento-de-clausula-compensatoria-desportiva.html","og_locale":"pt_BR","og_type":"article","og_title":"TST: Atleta de basquetebol n\u00e3o consegue o reconhecimento de cl\u00e1usula compensat\u00f3ria desportiva | Portal de Not\u00edcias","og_description":"Prevista para dispensas sem justa causa, a cl\u00e1usula \u00e9 facultativa para modalidades diferentes de futebol. Imagem de bola de basquete no piso da quadra 8\/7\/2022 &#8211; A Segunda Turma do Tribunal Superior do Trabalho decidiu que o atleta de basquete Gege Chaia n\u00e3o tem o direito de receber o pagamento de cl\u00e1usula compensat\u00f3ria desportiva ap\u00f3s [&hellip;]","og_url":"https:\/\/mhcalculos.com.br\/noticias\/area\/trabalhista\/tst-atleta-de-basquetebol-nao-consegue-o-reconhecimento-de-clausula-compensatoria-desportiva.html","og_site_name":"Portal de Not\u00edcias","article_published_time":"2022-07-08T17:53:00+00:00","og_image":[{"width":2000,"height":800,"url":"https:\/\/mhcalculos.com.br\/noticias\/wp-content\/uploads\/sites\/2\/2022\/07\/judiciario-0006.jpg","type":"image\/jpeg"}],"author":"Equipe MH","twitter_card":"summary_large_image","twitter_misc":{"Escrito por":"Equipe MH","Est. tempo de leitura":"4 minutos"},"schema":{"@context":"https:\/\/schema.org","@graph":[{"@type":"Article","@id":"https:\/\/mhcalculos.com.br\/noticias\/area\/trabalhista\/tst-atleta-de-basquetebol-nao-consegue-o-reconhecimento-de-clausula-compensatoria-desportiva.html#article","isPartOf":{"@id":"https:\/\/mhcalculos.com.br\/noticias\/area\/trabalhista\/tst-atleta-de-basquetebol-nao-consegue-o-reconhecimento-de-clausula-compensatoria-desportiva.html"},"author":{"name":"Equipe MH","@id":"https:\/\/mhcalculos.com.br\/noticias\/#\/schema\/person\/88d1c34bf72dc779ea14a5a6b8e0ae8d"},"headline":"TST: Atleta de basquetebol n\u00e3o consegue o reconhecimento de cl\u00e1usula compensat\u00f3ria desportiva","datePublished":"2022-07-08T17:53:00+00:00","mainEntityOfPage":{"@id":"https:\/\/mhcalculos.com.br\/noticias\/area\/trabalhista\/tst-atleta-de-basquetebol-nao-consegue-o-reconhecimento-de-clausula-compensatoria-desportiva.html"},"wordCount":839,"commentCount":0,"image":{"@id":"https:\/\/mhcalculos.com.br\/noticias\/area\/trabalhista\/tst-atleta-de-basquetebol-nao-consegue-o-reconhecimento-de-clausula-compensatoria-desportiva.html#primaryimage"},"thumbnailUrl":"https:\/\/mhcalculos.com.br\/noticias\/wp-content\/uploads\/sites\/2\/2022\/07\/judiciario-0006.jpg","keywords":["c\u00e1lculos trabalhistas","direito trabalhista","per\u00edcia","perito","trabalho","TST"],"articleSection":["Direito Trabalhista","TST"],"inLanguage":"pt-BR","potentialAction":[{"@type":"CommentAction","name":"Comment","target":["https:\/\/mhcalculos.com.br\/noticias\/area\/trabalhista\/tst-atleta-de-basquetebol-nao-consegue-o-reconhecimento-de-clausula-compensatoria-desportiva.html#respond"]}]},{"@type":"WebPage","@id":"https:\/\/mhcalculos.com.br\/noticias\/area\/trabalhista\/tst-atleta-de-basquetebol-nao-consegue-o-reconhecimento-de-clausula-compensatoria-desportiva.html","url":"https:\/\/mhcalculos.com.br\/noticias\/area\/trabalhista\/tst-atleta-de-basquetebol-nao-consegue-o-reconhecimento-de-clausula-compensatoria-desportiva.html","name":"TST: Atleta de basquetebol n\u00e3o consegue o reconhecimento de cl\u00e1usula compensat\u00f3ria desportiva | Portal de Not\u00edcias","isPartOf":{"@id":"https:\/\/mhcalculos.com.br\/noticias\/#website"},"primaryImageOfPage":{"@id":"https:\/\/mhcalculos.com.br\/noticias\/area\/trabalhista\/tst-atleta-de-basquetebol-nao-consegue-o-reconhecimento-de-clausula-compensatoria-desportiva.html#primaryimage"},"image":{"@id":"https:\/\/mhcalculos.com.br\/noticias\/area\/trabalhista\/tst-atleta-de-basquetebol-nao-consegue-o-reconhecimento-de-clausula-compensatoria-desportiva.html#primaryimage"},"thumbnailUrl":"https:\/\/mhcalculos.com.br\/noticias\/wp-content\/uploads\/sites\/2\/2022\/07\/judiciario-0006.jpg","datePublished":"2022-07-08T17:53:00+00:00","author":{"@id":"https:\/\/mhcalculos.com.br\/noticias\/#\/schema\/person\/88d1c34bf72dc779ea14a5a6b8e0ae8d"},"breadcrumb":{"@id":"https:\/\/mhcalculos.com.br\/noticias\/area\/trabalhista\/tst-atleta-de-basquetebol-nao-consegue-o-reconhecimento-de-clausula-compensatoria-desportiva.html#breadcrumb"},"inLanguage":"pt-BR","potentialAction":[{"@type":"ReadAction","target":["https:\/\/mhcalculos.com.br\/noticias\/area\/trabalhista\/tst-atleta-de-basquetebol-nao-consegue-o-reconhecimento-de-clausula-compensatoria-desportiva.html"]}]},{"@type":"ImageObject","inLanguage":"pt-BR","@id":"https:\/\/mhcalculos.com.br\/noticias\/area\/trabalhista\/tst-atleta-de-basquetebol-nao-consegue-o-reconhecimento-de-clausula-compensatoria-desportiva.html#primaryimage","url":"https:\/\/mhcalculos.com.br\/noticias\/wp-content\/uploads\/sites\/2\/2022\/07\/judiciario-0006.jpg","contentUrl":"https:\/\/mhcalculos.com.br\/noticias\/wp-content\/uploads\/sites\/2\/2022\/07\/judiciario-0006.jpg","width":2000,"height":800},{"@type":"BreadcrumbList","@id":"https:\/\/mhcalculos.com.br\/noticias\/area\/trabalhista\/tst-atleta-de-basquetebol-nao-consegue-o-reconhecimento-de-clausula-compensatoria-desportiva.html#breadcrumb","itemListElement":[{"@type":"ListItem","position":1,"name":"In\u00edcio","item":"https:\/\/mhcalculos.com.br\/noticias\/"},{"@type":"ListItem","position":2,"name":"TST: Atleta de basquetebol n\u00e3o consegue o reconhecimento de cl\u00e1usula compensat\u00f3ria desportiva"}]},{"@type":"WebSite","@id":"https:\/\/mhcalculos.com.br\/noticias\/#website","url":"https:\/\/mhcalculos.com.br\/noticias\/","name":"Portal de Not\u00edcias","description":"Not\u00edcias e Jurisprud\u00eancia","potentialAction":[{"@type":"SearchAction","target":{"@type":"EntryPoint","urlTemplate":"https:\/\/mhcalculos.com.br\/noticias\/?s={search_term_string}"},"query-input":{"@type":"PropertyValueSpecification","valueRequired":true,"valueName":"search_term_string"}}],"inLanguage":"pt-BR"},{"@type":"Person","@id":"https:\/\/mhcalculos.com.br\/noticias\/#\/schema\/person\/88d1c34bf72dc779ea14a5a6b8e0ae8d","name":"Equipe MH","image":{"@type":"ImageObject","inLanguage":"pt-BR","@id":"https:\/\/secure.gravatar.com\/avatar\/de1c686c2ecc9c5a3f327e3431d819eb39f8f05d4e1045f5a1caad6daaba987f?s=96&d=mm&r=g","url":"https:\/\/secure.gravatar.com\/avatar\/de1c686c2ecc9c5a3f327e3431d819eb39f8f05d4e1045f5a1caad6daaba987f?s=96&d=mm&r=g","contentUrl":"https:\/\/secure.gravatar.com\/avatar\/de1c686c2ecc9c5a3f327e3431d819eb39f8f05d4e1045f5a1caad6daaba987f?s=96&d=mm&r=g","caption":"Equipe MH"}}]}},"_links":{"self":[{"href":"https:\/\/mhcalculos.com.br\/noticias\/wp-json\/wp\/v2\/posts\/11435","targetHints":{"allow":["GET"]}}],"collection":[{"href":"https:\/\/mhcalculos.com.br\/noticias\/wp-json\/wp\/v2\/posts"}],"about":[{"href":"https:\/\/mhcalculos.com.br\/noticias\/wp-json\/wp\/v2\/types\/post"}],"author":[{"embeddable":true,"href":"https:\/\/mhcalculos.com.br\/noticias\/wp-json\/wp\/v2\/users\/3063"}],"replies":[{"embeddable":true,"href":"https:\/\/mhcalculos.com.br\/noticias\/wp-json\/wp\/v2\/comments?post=11435"}],"version-history":[{"count":0,"href":"https:\/\/mhcalculos.com.br\/noticias\/wp-json\/wp\/v2\/posts\/11435\/revisions"}],"wp:featuredmedia":[{"embeddable":true,"href":"https:\/\/mhcalculos.com.br\/noticias\/wp-json\/wp\/v2\/media\/11436"}],"wp:attachment":[{"href":"https:\/\/mhcalculos.com.br\/noticias\/wp-json\/wp\/v2\/media?parent=11435"}],"wp:term":[{"taxonomy":"category","embeddable":true,"href":"https:\/\/mhcalculos.com.br\/noticias\/wp-json\/wp\/v2\/categories?post=11435"},{"taxonomy":"post_tag","embeddable":true,"href":"https:\/\/mhcalculos.com.br\/noticias\/wp-json\/wp\/v2\/tags?post=11435"}],"curies":[{"name":"wp","href":"https:\/\/api.w.org\/{rel}","templated":true}]}}