{"id":11411,"date":"2022-07-04T17:36:00","date_gmt":"2022-07-04T20:36:00","guid":{"rendered":"https:\/\/mhcalculos.com.br\/noticias\/area\/trabalhista\/tst-legislacao-lgpd-lei-geral-de-protecao-de-dados-comite.html"},"modified":"2022-07-04T17:36:00","modified_gmt":"2022-07-04T20:36:00","slug":"tst-legislacao-lgpd-lei-geral-de-protecao-de-dados-comite","status":"publish","type":"post","link":"https:\/\/mhcalculos.com.br\/noticias\/area\/trabalhista\/tst-legislacao-lgpd-lei-geral-de-protecao-de-dados-comite.html","title":{"rendered":"TST: Legisla\u00e7\u00e3o &#8211; LGPD &#8211; Lei Geral de Prote\u00e7\u00e3o de Dados &#8211; Comit\u00ea"},"content":{"rendered":"<p><br \/>\n<br \/>\u201c<em>Visando a prote\u00e7\u00e3o dos direitos fundamentais de liberdade, privacidade e o livre desenvolvimento da personalidade da pessoa natural, a Lei Geral de Prote\u00e7\u00e3o de Dados Pessoais (Lei no 13.709, de 14 de agosto de 2018 \u2013 LGPD) estabelece uma s\u00e9rie de regras a serem seguidas pelos agentes de tratamento dados, dentre eles o Poder P\u00fablico.<\/p>\n<p>O tratamento de dados pessoais pelo Poder P\u00fablico demanda uma adequa\u00e7\u00e3o das prerrogativas t\u00edpicas do Estado com os princ\u00edpios e regras previstos na LGPD. Assim, o Comit\u00ea (CLGPD) tem a miss\u00e3o de, dentro da sua \u00e1rea de atua\u00e7\u00e3o, assegurar os direitos \u00e0 prote\u00e7\u00e3o de dados pessoais e \u00e0 privacidade da pessoa natural na presta\u00e7\u00e3o de servi\u00e7o p\u00fablico<\/em>\u201d. Juiz Luciano Athayde Chaves, encarregado pelo&nbsp;tratamento de dados pessoas no \u00e2mbito do TST e do CSJT.&nbsp;<\/p>\n<p >Por meio do <a href=\"https:\/\/juslaboris.tst.jus.br\/handle\/20.500.12178\/172914\" target=\"_blank\" rel=\"noopener\">Ato TST.GP n\u00ba 190, de 29 de maio de 2020<\/a>, foi institu\u00eddo Comit\u00ea, em car\u00e1ter permanente, no \u00e2mbito do Tribunal Superior do Trabalho \u2013 TST e do Conselho Superior da Justi\u00e7a do Trabalho \u2013 CSJT, com a finalidade de estabelecer regras de seguran\u00e7a, de boas pr\u00e1ticas e de governan\u00e7a, e procedimentos envolvendo a prote\u00e7\u00e3o de dados pessoais, denominada &#8220;CLGPD&#8221;.<\/p>\n<p >A CLGPD reporta-se ao Controlador de Prote\u00e7\u00e3o de Dados do TST e do CSJT e \u00e9 composta por:<\/p>\n<p >I \u2013 o Encarregado pelo tratamento de dados Pessoais, que a coordena;<\/p>\n<p >II \u2013 o Juiz Auxiliar da Presid\u00eancia do Conselho Superior da Justi\u00e7a do Trabalho, respons\u00e1vel pela supervis\u00e3o da \u00e1rea de Tecnologia da Informa\u00e7\u00e3o e Comunica\u00e7\u00e3o;<\/p>\n<p >III &#8211; um representante da Secretaria-Geral da Presid\u00eancia do Tribunal Superior do Trabalho;<\/p>\n<p >IV \u2013 um representante de cada uma das seguintes unidades: <\/p>\n<p >a) Vice-Presid\u00eancia do Tribunal Superior do Trabalho;<\/p>\n<p >b) Corregedoria-Geral da Justi\u00e7a do Trabalho;<\/p>\n<p >c) Diretoria-Geral da Secretaria do TST;<\/p>\n<p >d) Secretaria-Geral Judici\u00e1ria do TST;<\/p>\n<p >e) Secretaria-Geral do Conselho Superior da Justi\u00e7a do Trabalho;<\/p>\n<p >V &#8211; Secret\u00e1rio de Gest\u00e3o de Pessoas do TST;<\/p>\n<p >VI &#8211; Secret\u00e1rio de Administra\u00e7\u00e3o do TST; <\/p>\n<p >VII &#8211; Secret\u00e1rio de Tecnologia da Informa\u00e7\u00e3o e Comunica\u00e7\u00e3o do TST;<\/p>\n<p >VIII &#8211; Ouvidor Auxiliar; <\/p>\n<p >IX &#8211; Coordenador de Integridade e de Gest\u00e3o de Riscos;<\/p>\n<p >X \u2013 Secret\u00e1rio de Tecnologia da Informa\u00e7\u00e3o e Comunica\u00e7\u00e3o do CSJT; e<\/p>\n<p >XI &#8211; Coordenador de Seguran\u00e7a Cibern\u00e9tica.<\/p>\n<p><i>Com informa\u00e7\u00f5es da assessoria de imprensa do TST.<\/i><br \/>\n<br \/><a href=\"https:\/\/www.tst.jus.br\/web\/guest\/dados-pessoais\/comite\">Fonte<\/a><br \/>\n<br \/><\/p>\n","protected":false},"excerpt":{"rendered":"<p>\u201cVisando a prote\u00e7\u00e3o dos direitos fundamentais de liberdade, privacidade e o livre desenvolvimento da personalidade da pessoa natural, a Lei Geral de Prote\u00e7\u00e3o de Dados Pessoais (Lei no 13.709, de 14 de agosto de 2018 \u2013 LGPD) estabelece uma s\u00e9rie de regras a serem seguidas pelos agentes de tratamento dados, dentre eles o Poder P\u00fablico. [&hellip;]<\/p>\n","protected":false},"author":3063,"featured_media":11412,"comment_status":"open","ping_status":"open","sticky":false,"template":"","format":"standard","meta":{"footnotes":""},"categories":[3,21],"tags":[33,216,9,12,217,215],"class_list":{"0":"post-11411","1":"post","2":"type-post","3":"status-publish","4":"format-standard","5":"has-post-thumbnail","7":"category-trabalhista","8":"category-tst","9":"tag-calculos-trabalhistas","10":"tag-direito-trabalhista","11":"tag-pericia","12":"tag-perito","13":"tag-trabalho","14":"tag-tst"},"yoast_head":"<!-- This site is optimized with the Yoast SEO plugin v27.2 - https:\/\/yoast.com\/product\/yoast-seo-wordpress\/ -->\n<title>TST: Legisla\u00e7\u00e3o - LGPD - Lei Geral de Prote\u00e7\u00e3o de Dados - Comit\u00ea | Portal de Not\u00edcias<\/title>\n<meta name=\"robots\" content=\"index, follow, max-snippet:-1, max-image-preview:large, max-video-preview:-1\" \/>\n<link rel=\"canonical\" href=\"https:\/\/mhcalculos.com.br\/noticias\/area\/trabalhista\/tst-legislacao-lgpd-lei-geral-de-protecao-de-dados-comite.html\" \/>\n<meta property=\"og:locale\" content=\"pt_BR\" \/>\n<meta property=\"og:type\" content=\"article\" \/>\n<meta property=\"og:title\" content=\"TST: Legisla\u00e7\u00e3o - LGPD - Lei Geral de Prote\u00e7\u00e3o de Dados - Comit\u00ea | Portal de Not\u00edcias\" \/>\n<meta property=\"og:description\" content=\"\u201cVisando a prote\u00e7\u00e3o dos direitos fundamentais de liberdade, privacidade e o livre desenvolvimento da personalidade da pessoa natural, a Lei Geral de Prote\u00e7\u00e3o de Dados Pessoais (Lei no 13.709, de 14 de agosto de 2018 \u2013 LGPD) estabelece uma s\u00e9rie de regras a serem seguidas pelos agentes de tratamento dados, dentre eles o Poder P\u00fablico. [&hellip;]\" \/>\n<meta property=\"og:url\" content=\"https:\/\/mhcalculos.com.br\/noticias\/area\/trabalhista\/tst-legislacao-lgpd-lei-geral-de-protecao-de-dados-comite.html\" \/>\n<meta property=\"og:site_name\" content=\"Portal de Not\u00edcias\" \/>\n<meta property=\"article:published_time\" content=\"2022-07-04T20:36:00+00:00\" \/>\n<meta property=\"og:image\" content=\"https:\/\/mhcalculos.com.br\/noticias\/wp-content\/uploads\/sites\/2\/2022\/07\/trabalhista-0039.jpg\" \/>\n\t<meta property=\"og:image:width\" content=\"2000\" \/>\n\t<meta property=\"og:image:height\" content=\"800\" \/>\n\t<meta property=\"og:image:type\" content=\"image\/jpeg\" \/>\n<meta name=\"author\" content=\"Equipe MH\" \/>\n<meta name=\"twitter:card\" content=\"summary_large_image\" \/>\n<meta name=\"twitter:label1\" content=\"Escrito por\" \/>\n\t<meta name=\"twitter:data1\" content=\"Equipe MH\" \/>\n\t<meta name=\"twitter:label2\" content=\"Est. tempo de leitura\" \/>\n\t<meta name=\"twitter:data2\" content=\"2 minutos\" \/>\n<script type=\"application\/ld+json\" class=\"yoast-schema-graph\">{\"@context\":\"https:\/\/schema.org\",\"@graph\":[{\"@type\":\"Article\",\"@id\":\"https:\/\/mhcalculos.com.br\/noticias\/area\/trabalhista\/tst-legislacao-lgpd-lei-geral-de-protecao-de-dados-comite.html#article\",\"isPartOf\":{\"@id\":\"https:\/\/mhcalculos.com.br\/noticias\/area\/trabalhista\/tst-legislacao-lgpd-lei-geral-de-protecao-de-dados-comite.html\"},\"author\":{\"name\":\"Equipe MH\",\"@id\":\"https:\/\/mhcalculos.com.br\/noticias\/#\/schema\/person\/88d1c34bf72dc779ea14a5a6b8e0ae8d\"},\"headline\":\"TST: Legisla\u00e7\u00e3o &#8211; LGPD &#8211; Lei Geral de Prote\u00e7\u00e3o de Dados &#8211; Comit\u00ea\",\"datePublished\":\"2022-07-04T20:36:00+00:00\",\"mainEntityOfPage\":{\"@id\":\"https:\/\/mhcalculos.com.br\/noticias\/area\/trabalhista\/tst-legislacao-lgpd-lei-geral-de-protecao-de-dados-comite.html\"},\"wordCount\":421,\"commentCount\":0,\"image\":{\"@id\":\"https:\/\/mhcalculos.com.br\/noticias\/area\/trabalhista\/tst-legislacao-lgpd-lei-geral-de-protecao-de-dados-comite.html#primaryimage\"},\"thumbnailUrl\":\"https:\/\/mhcalculos.com.br\/noticias\/wp-content\/uploads\/sites\/2\/2022\/07\/trabalhista-0039.jpg\",\"keywords\":[\"c\u00e1lculos trabalhistas\",\"direito trabalhista\",\"per\u00edcia\",\"perito\",\"trabalho\",\"TST\"],\"articleSection\":[\"Direito Trabalhista\",\"TST\"],\"inLanguage\":\"pt-BR\",\"potentialAction\":[{\"@type\":\"CommentAction\",\"name\":\"Comment\",\"target\":[\"https:\/\/mhcalculos.com.br\/noticias\/area\/trabalhista\/tst-legislacao-lgpd-lei-geral-de-protecao-de-dados-comite.html#respond\"]}]},{\"@type\":\"WebPage\",\"@id\":\"https:\/\/mhcalculos.com.br\/noticias\/area\/trabalhista\/tst-legislacao-lgpd-lei-geral-de-protecao-de-dados-comite.html\",\"url\":\"https:\/\/mhcalculos.com.br\/noticias\/area\/trabalhista\/tst-legislacao-lgpd-lei-geral-de-protecao-de-dados-comite.html\",\"name\":\"TST: Legisla\u00e7\u00e3o - LGPD - Lei Geral de Prote\u00e7\u00e3o de Dados - Comit\u00ea | Portal de Not\u00edcias\",\"isPartOf\":{\"@id\":\"https:\/\/mhcalculos.com.br\/noticias\/#website\"},\"primaryImageOfPage\":{\"@id\":\"https:\/\/mhcalculos.com.br\/noticias\/area\/trabalhista\/tst-legislacao-lgpd-lei-geral-de-protecao-de-dados-comite.html#primaryimage\"},\"image\":{\"@id\":\"https:\/\/mhcalculos.com.br\/noticias\/area\/trabalhista\/tst-legislacao-lgpd-lei-geral-de-protecao-de-dados-comite.html#primaryimage\"},\"thumbnailUrl\":\"https:\/\/mhcalculos.com.br\/noticias\/wp-content\/uploads\/sites\/2\/2022\/07\/trabalhista-0039.jpg\",\"datePublished\":\"2022-07-04T20:36:00+00:00\",\"author\":{\"@id\":\"https:\/\/mhcalculos.com.br\/noticias\/#\/schema\/person\/88d1c34bf72dc779ea14a5a6b8e0ae8d\"},\"breadcrumb\":{\"@id\":\"https:\/\/mhcalculos.com.br\/noticias\/area\/trabalhista\/tst-legislacao-lgpd-lei-geral-de-protecao-de-dados-comite.html#breadcrumb\"},\"inLanguage\":\"pt-BR\",\"potentialAction\":[{\"@type\":\"ReadAction\",\"target\":[\"https:\/\/mhcalculos.com.br\/noticias\/area\/trabalhista\/tst-legislacao-lgpd-lei-geral-de-protecao-de-dados-comite.html\"]}]},{\"@type\":\"ImageObject\",\"inLanguage\":\"pt-BR\",\"@id\":\"https:\/\/mhcalculos.com.br\/noticias\/area\/trabalhista\/tst-legislacao-lgpd-lei-geral-de-protecao-de-dados-comite.html#primaryimage\",\"url\":\"https:\/\/mhcalculos.com.br\/noticias\/wp-content\/uploads\/sites\/2\/2022\/07\/trabalhista-0039.jpg\",\"contentUrl\":\"https:\/\/mhcalculos.com.br\/noticias\/wp-content\/uploads\/sites\/2\/2022\/07\/trabalhista-0039.jpg\",\"width\":2000,\"height\":800},{\"@type\":\"BreadcrumbList\",\"@id\":\"https:\/\/mhcalculos.com.br\/noticias\/area\/trabalhista\/tst-legislacao-lgpd-lei-geral-de-protecao-de-dados-comite.html#breadcrumb\",\"itemListElement\":[{\"@type\":\"ListItem\",\"position\":1,\"name\":\"In\u00edcio\",\"item\":\"https:\/\/mhcalculos.com.br\/noticias\/\"},{\"@type\":\"ListItem\",\"position\":2,\"name\":\"TST: Legisla\u00e7\u00e3o &#8211; LGPD &#8211; Lei Geral de Prote\u00e7\u00e3o de Dados &#8211; Comit\u00ea\"}]},{\"@type\":\"WebSite\",\"@id\":\"https:\/\/mhcalculos.com.br\/noticias\/#website\",\"url\":\"https:\/\/mhcalculos.com.br\/noticias\/\",\"name\":\"Portal de Not\u00edcias\",\"description\":\"Not\u00edcias e Jurisprud\u00eancia\",\"potentialAction\":[{\"@type\":\"SearchAction\",\"target\":{\"@type\":\"EntryPoint\",\"urlTemplate\":\"https:\/\/mhcalculos.com.br\/noticias\/?s={search_term_string}\"},\"query-input\":{\"@type\":\"PropertyValueSpecification\",\"valueRequired\":true,\"valueName\":\"search_term_string\"}}],\"inLanguage\":\"pt-BR\"},{\"@type\":\"Person\",\"@id\":\"https:\/\/mhcalculos.com.br\/noticias\/#\/schema\/person\/88d1c34bf72dc779ea14a5a6b8e0ae8d\",\"name\":\"Equipe MH\",\"image\":{\"@type\":\"ImageObject\",\"inLanguage\":\"pt-BR\",\"@id\":\"https:\/\/secure.gravatar.com\/avatar\/de1c686c2ecc9c5a3f327e3431d819eb39f8f05d4e1045f5a1caad6daaba987f?s=96&d=mm&r=g\",\"url\":\"https:\/\/secure.gravatar.com\/avatar\/de1c686c2ecc9c5a3f327e3431d819eb39f8f05d4e1045f5a1caad6daaba987f?s=96&d=mm&r=g\",\"contentUrl\":\"https:\/\/secure.gravatar.com\/avatar\/de1c686c2ecc9c5a3f327e3431d819eb39f8f05d4e1045f5a1caad6daaba987f?s=96&d=mm&r=g\",\"caption\":\"Equipe MH\"}}]}<\/script>\n<!-- \/ Yoast SEO plugin. -->","yoast_head_json":{"title":"TST: Legisla\u00e7\u00e3o - LGPD - Lei Geral de Prote\u00e7\u00e3o de Dados - Comit\u00ea | Portal de Not\u00edcias","robots":{"index":"index","follow":"follow","max-snippet":"max-snippet:-1","max-image-preview":"max-image-preview:large","max-video-preview":"max-video-preview:-1"},"canonical":"https:\/\/mhcalculos.com.br\/noticias\/area\/trabalhista\/tst-legislacao-lgpd-lei-geral-de-protecao-de-dados-comite.html","og_locale":"pt_BR","og_type":"article","og_title":"TST: Legisla\u00e7\u00e3o - LGPD - Lei Geral de Prote\u00e7\u00e3o de Dados - Comit\u00ea | Portal de Not\u00edcias","og_description":"\u201cVisando a prote\u00e7\u00e3o dos direitos fundamentais de liberdade, privacidade e o livre desenvolvimento da personalidade da pessoa natural, a Lei Geral de Prote\u00e7\u00e3o de Dados Pessoais (Lei no 13.709, de 14 de agosto de 2018 \u2013 LGPD) estabelece uma s\u00e9rie de regras a serem seguidas pelos agentes de tratamento dados, dentre eles o Poder P\u00fablico. [&hellip;]","og_url":"https:\/\/mhcalculos.com.br\/noticias\/area\/trabalhista\/tst-legislacao-lgpd-lei-geral-de-protecao-de-dados-comite.html","og_site_name":"Portal de Not\u00edcias","article_published_time":"2022-07-04T20:36:00+00:00","og_image":[{"width":2000,"height":800,"url":"https:\/\/mhcalculos.com.br\/noticias\/wp-content\/uploads\/sites\/2\/2022\/07\/trabalhista-0039.jpg","type":"image\/jpeg"}],"author":"Equipe MH","twitter_card":"summary_large_image","twitter_misc":{"Escrito por":"Equipe MH","Est. tempo de leitura":"2 minutos"},"schema":{"@context":"https:\/\/schema.org","@graph":[{"@type":"Article","@id":"https:\/\/mhcalculos.com.br\/noticias\/area\/trabalhista\/tst-legislacao-lgpd-lei-geral-de-protecao-de-dados-comite.html#article","isPartOf":{"@id":"https:\/\/mhcalculos.com.br\/noticias\/area\/trabalhista\/tst-legislacao-lgpd-lei-geral-de-protecao-de-dados-comite.html"},"author":{"name":"Equipe MH","@id":"https:\/\/mhcalculos.com.br\/noticias\/#\/schema\/person\/88d1c34bf72dc779ea14a5a6b8e0ae8d"},"headline":"TST: Legisla\u00e7\u00e3o &#8211; LGPD &#8211; Lei Geral de Prote\u00e7\u00e3o de Dados &#8211; Comit\u00ea","datePublished":"2022-07-04T20:36:00+00:00","mainEntityOfPage":{"@id":"https:\/\/mhcalculos.com.br\/noticias\/area\/trabalhista\/tst-legislacao-lgpd-lei-geral-de-protecao-de-dados-comite.html"},"wordCount":421,"commentCount":0,"image":{"@id":"https:\/\/mhcalculos.com.br\/noticias\/area\/trabalhista\/tst-legislacao-lgpd-lei-geral-de-protecao-de-dados-comite.html#primaryimage"},"thumbnailUrl":"https:\/\/mhcalculos.com.br\/noticias\/wp-content\/uploads\/sites\/2\/2022\/07\/trabalhista-0039.jpg","keywords":["c\u00e1lculos trabalhistas","direito trabalhista","per\u00edcia","perito","trabalho","TST"],"articleSection":["Direito Trabalhista","TST"],"inLanguage":"pt-BR","potentialAction":[{"@type":"CommentAction","name":"Comment","target":["https:\/\/mhcalculos.com.br\/noticias\/area\/trabalhista\/tst-legislacao-lgpd-lei-geral-de-protecao-de-dados-comite.html#respond"]}]},{"@type":"WebPage","@id":"https:\/\/mhcalculos.com.br\/noticias\/area\/trabalhista\/tst-legislacao-lgpd-lei-geral-de-protecao-de-dados-comite.html","url":"https:\/\/mhcalculos.com.br\/noticias\/area\/trabalhista\/tst-legislacao-lgpd-lei-geral-de-protecao-de-dados-comite.html","name":"TST: Legisla\u00e7\u00e3o - LGPD - Lei Geral de Prote\u00e7\u00e3o de Dados - Comit\u00ea | Portal de Not\u00edcias","isPartOf":{"@id":"https:\/\/mhcalculos.com.br\/noticias\/#website"},"primaryImageOfPage":{"@id":"https:\/\/mhcalculos.com.br\/noticias\/area\/trabalhista\/tst-legislacao-lgpd-lei-geral-de-protecao-de-dados-comite.html#primaryimage"},"image":{"@id":"https:\/\/mhcalculos.com.br\/noticias\/area\/trabalhista\/tst-legislacao-lgpd-lei-geral-de-protecao-de-dados-comite.html#primaryimage"},"thumbnailUrl":"https:\/\/mhcalculos.com.br\/noticias\/wp-content\/uploads\/sites\/2\/2022\/07\/trabalhista-0039.jpg","datePublished":"2022-07-04T20:36:00+00:00","author":{"@id":"https:\/\/mhcalculos.com.br\/noticias\/#\/schema\/person\/88d1c34bf72dc779ea14a5a6b8e0ae8d"},"breadcrumb":{"@id":"https:\/\/mhcalculos.com.br\/noticias\/area\/trabalhista\/tst-legislacao-lgpd-lei-geral-de-protecao-de-dados-comite.html#breadcrumb"},"inLanguage":"pt-BR","potentialAction":[{"@type":"ReadAction","target":["https:\/\/mhcalculos.com.br\/noticias\/area\/trabalhista\/tst-legislacao-lgpd-lei-geral-de-protecao-de-dados-comite.html"]}]},{"@type":"ImageObject","inLanguage":"pt-BR","@id":"https:\/\/mhcalculos.com.br\/noticias\/area\/trabalhista\/tst-legislacao-lgpd-lei-geral-de-protecao-de-dados-comite.html#primaryimage","url":"https:\/\/mhcalculos.com.br\/noticias\/wp-content\/uploads\/sites\/2\/2022\/07\/trabalhista-0039.jpg","contentUrl":"https:\/\/mhcalculos.com.br\/noticias\/wp-content\/uploads\/sites\/2\/2022\/07\/trabalhista-0039.jpg","width":2000,"height":800},{"@type":"BreadcrumbList","@id":"https:\/\/mhcalculos.com.br\/noticias\/area\/trabalhista\/tst-legislacao-lgpd-lei-geral-de-protecao-de-dados-comite.html#breadcrumb","itemListElement":[{"@type":"ListItem","position":1,"name":"In\u00edcio","item":"https:\/\/mhcalculos.com.br\/noticias\/"},{"@type":"ListItem","position":2,"name":"TST: Legisla\u00e7\u00e3o &#8211; LGPD &#8211; Lei Geral de Prote\u00e7\u00e3o de Dados &#8211; Comit\u00ea"}]},{"@type":"WebSite","@id":"https:\/\/mhcalculos.com.br\/noticias\/#website","url":"https:\/\/mhcalculos.com.br\/noticias\/","name":"Portal de Not\u00edcias","description":"Not\u00edcias e Jurisprud\u00eancia","potentialAction":[{"@type":"SearchAction","target":{"@type":"EntryPoint","urlTemplate":"https:\/\/mhcalculos.com.br\/noticias\/?s={search_term_string}"},"query-input":{"@type":"PropertyValueSpecification","valueRequired":true,"valueName":"search_term_string"}}],"inLanguage":"pt-BR"},{"@type":"Person","@id":"https:\/\/mhcalculos.com.br\/noticias\/#\/schema\/person\/88d1c34bf72dc779ea14a5a6b8e0ae8d","name":"Equipe MH","image":{"@type":"ImageObject","inLanguage":"pt-BR","@id":"https:\/\/secure.gravatar.com\/avatar\/de1c686c2ecc9c5a3f327e3431d819eb39f8f05d4e1045f5a1caad6daaba987f?s=96&d=mm&r=g","url":"https:\/\/secure.gravatar.com\/avatar\/de1c686c2ecc9c5a3f327e3431d819eb39f8f05d4e1045f5a1caad6daaba987f?s=96&d=mm&r=g","contentUrl":"https:\/\/secure.gravatar.com\/avatar\/de1c686c2ecc9c5a3f327e3431d819eb39f8f05d4e1045f5a1caad6daaba987f?s=96&d=mm&r=g","caption":"Equipe MH"}}]}},"_links":{"self":[{"href":"https:\/\/mhcalculos.com.br\/noticias\/wp-json\/wp\/v2\/posts\/11411","targetHints":{"allow":["GET"]}}],"collection":[{"href":"https:\/\/mhcalculos.com.br\/noticias\/wp-json\/wp\/v2\/posts"}],"about":[{"href":"https:\/\/mhcalculos.com.br\/noticias\/wp-json\/wp\/v2\/types\/post"}],"author":[{"embeddable":true,"href":"https:\/\/mhcalculos.com.br\/noticias\/wp-json\/wp\/v2\/users\/3063"}],"replies":[{"embeddable":true,"href":"https:\/\/mhcalculos.com.br\/noticias\/wp-json\/wp\/v2\/comments?post=11411"}],"version-history":[{"count":0,"href":"https:\/\/mhcalculos.com.br\/noticias\/wp-json\/wp\/v2\/posts\/11411\/revisions"}],"wp:featuredmedia":[{"embeddable":true,"href":"https:\/\/mhcalculos.com.br\/noticias\/wp-json\/wp\/v2\/media\/11412"}],"wp:attachment":[{"href":"https:\/\/mhcalculos.com.br\/noticias\/wp-json\/wp\/v2\/media?parent=11411"}],"wp:term":[{"taxonomy":"category","embeddable":true,"href":"https:\/\/mhcalculos.com.br\/noticias\/wp-json\/wp\/v2\/categories?post=11411"},{"taxonomy":"post_tag","embeddable":true,"href":"https:\/\/mhcalculos.com.br\/noticias\/wp-json\/wp\/v2\/tags?post=11411"}],"curies":[{"name":"wp","href":"https:\/\/api.w.org\/{rel}","templated":true}]}}