{"id":11352,"date":"2022-06-17T13:09:00","date_gmt":"2022-06-17T16:09:00","guid":{"rendered":"https:\/\/mhcalculos.com.br\/noticias\/area\/trabalhista\/tst-com-base-apenas-em-laudo-agente-comunitaria-de-saude-nao-recebera-adicional-de-insalubridade.html"},"modified":"2022-06-17T13:09:00","modified_gmt":"2022-06-17T16:09:00","slug":"tst-com-base-apenas-em-laudo-agente-comunitaria-de-saude-nao-recebera-adicional-de-insalubridade","status":"publish","type":"post","link":"https:\/\/mhcalculos.com.br\/noticias\/area\/trabalhista\/tst-com-base-apenas-em-laudo-agente-comunitaria-de-saude-nao-recebera-adicional-de-insalubridade.html","title":{"rendered":"TST: Com base apenas em laudo, agente comunit\u00e1ria de sa\u00fade n\u00e3o receber\u00e1 adicional de insalubridade\u00a0"},"content":{"rendered":"<p><br \/>\n<\/p>\n<p><em><\/p>\n<p>A atividade n\u00e3o est\u00e1 prevista como insalubre nas normas regulamentadoras<\/p>\n<p><\/em><\/p>\n<p>        <a class=\"share-facebook\" href=\"https:\/\/www.facebook.com\/sharer.php?u=https:\/\/www.tst.jus.br\/-\/agente-comunit%C3%A1ria-de-sa%C3%BAde-de-munic%C3%ADpio-do-rs-n%C3%A3o-tem-direito-a-adicional-de-insalubridade%C2%A0\" target=\"_blank\" rel=\"noopener\"><\/a><br \/>\n        <a class=\"share-twitter\" href=\"http:\/\/twitter.com\/intent\/tweet?text=Com base apenas em laudo, agente comunit\u00e1ria de sa\u00fade n\u00e3o receber\u00e1 adicional de insalubridade\u00a0%0AVeja%20mais%20em:&amp;url=https:\/\/www.tst.jus.br\/-\/agente-comunit%C3%A1ria-de-sa%C3%BAde-de-munic%C3%ADpio-do-rs-n%C3%A3o-tem-direito-a-adicional-de-insalubridade%C2%A0\" target=\"_blank\" rel=\"noopener\"><\/a><br \/>\n        <a class=\"share-linkedin\" href=\"https:\/\/www.linkedin.com\/shareArticle?mini=true&amp;url=https:\/\/www.tst.jus.br\/-\/agente-comunit%C3%A1ria-de-sa%C3%BAde-de-munic%C3%ADpio-do-rs-n%C3%A3o-tem-direito-a-adicional-de-insalubridade%C2%A0&amp;title=Com base apenas em laudo, agente comunit\u00e1ria de sa\u00fade n\u00e3o receber\u00e1 adicional de insalubridade\u00a0\" target=\"_blank\" rel=\"noopener\"><\/a><br \/>\n        <a class=\"share-whatsapp\" href=\"https:\/\/web.whatsapp.com\/send?text=https:\/\/www.tst.jus.br\/-\/agente-comunit%C3%A1ria-de-sa%C3%BAde-de-munic%C3%ADpio-do-rs-n%C3%A3o-tem-direito-a-adicional-de-insalubridade%C2%A0\" target=\"_blank\" rel=\"noopener\"><\/a><br \/>\n        <a class=\"share-googleplus\" href=\"https:\/\/plus.google.com\/share?url=https:\/\/www.tst.jus.br\/-\/agente-comunit%C3%A1ria-de-sa%C3%BAde-de-munic%C3%ADpio-do-rs-n%C3%A3o-tem-direito-a-adicional-de-insalubridade%C2%A0\" target=\"_blank\" rel=\"noopener\"><\/a><\/p>\n<p>                <\/p>\n<p>Ministro Breno Medeiros<\/p>\n<p>                    <a class=\"share-facebook\" href=\"https:\/\/www.facebook.com\/sharer.php?u=https:\/\/www.tst.jus.br\/-\/agente-comunit%C3%A1ria-de-sa%C3%BAde-de-munic%C3%ADpio-do-rs-n%C3%A3o-tem-direito-a-adicional-de-insalubridade%C2%A0\" target=\"_blank\" rel=\"noopener\"><\/a><br \/>\n                    <a class=\"share-twitter\" href=\"http:\/\/twitter.com\/intent\/tweet?text=Com base apenas em laudo, agente comunit\u00e1ria de sa\u00fade n\u00e3o receber\u00e1 adicional de insalubridade\u00a0%0AVeja%20mais%20em:&amp;url=https:\/\/www.tst.jus.br\/-\/agente-comunit%C3%A1ria-de-sa%C3%BAde-de-munic%C3%ADpio-do-rs-n%C3%A3o-tem-direito-a-adicional-de-insalubridade%C2%A0\" target=\"_blank\" rel=\"noopener\"><\/a><br \/>\n                    <a class=\"share-linkedin\" href=\"https:\/\/www.linkedin.com\/shareArticle?mini=true&amp;url=https:\/\/www.tst.jus.br\/-\/agente-comunit%C3%A1ria-de-sa%C3%BAde-de-munic%C3%ADpio-do-rs-n%C3%A3o-tem-direito-a-adicional-de-insalubridade%C2%A0&amp;title=Com base apenas em laudo, agente comunit\u00e1ria de sa\u00fade n\u00e3o receber\u00e1 adicional de insalubridade\u00a0\" target=\"_blank\" rel=\"noopener\"><\/a><br \/>\n                    <a class=\"share-whatsapp\" href=\"https:\/\/web.whatsapp.com\/send?text=https:\/\/www.tst.jus.br\/-\/agente-comunit%C3%A1ria-de-sa%C3%BAde-de-munic%C3%ADpio-do-rs-n%C3%A3o-tem-direito-a-adicional-de-insalubridade%C2%A0\" target=\"_blank\" rel=\"noopener\"><\/a><br \/>\n                    <a class=\"share-googleplus\" href=\"https:\/\/plus.google.com\/share?url=https:\/\/www.tst.jus.br\/-\/agente-comunit%C3%A1ria-de-sa%C3%BAde-de-munic%C3%ADpio-do-rs-n%C3%A3o-tem-direito-a-adicional-de-insalubridade%C2%A0\" target=\"_blank\" rel=\"noopener\"><\/a><\/p>\n<p>17\/06\/22 &#8211;&nbsp;A Quinta Turma do Tribunal Superior do Trabalho isentou o Munic\u00edpio de Serafina Correa (RS) do pagamento do adicional de insalubridade a uma agente comunit\u00e1ria de sa\u00fade. O colegiado seguiu a jurisprud\u00eancia do TST de que n\u00e3o basta a constata\u00e7\u00e3o da insalubridade por laudo pericial para garantir o direito \u00e0 parcela: \u00e9 necess\u00e1rio, tamb\u00e9m, que a atividade seja classificada como insalubre na rela\u00e7\u00e3o oficial elaborada pelo Minist\u00e9rio do Trabalho, o que n\u00e3o \u00e9 o caso.<\/p>\n<h4>Contato com doen\u00e7as<\/h4>\n<p>O ju\u00edzo de primeiro grau havia indeferido o pedido, mas o Tribunal Regional do Trabalho da 4\u00aa Regi\u00e3o (RS) reformou a senten\u00e7a e deferiu o adicional em grau m\u00e9dio (20%), com base em laudo pericial que afirmou que a trabalhadora tinha contato di\u00e1rio e frequente com pacientes e material infecto-contagiante. Segundo o perito, ela estava exposta a agentes biol\u00f3gicos nocivos, em condi\u00e7\u00f5es similares \u00e0s encontradas em estabelecimentos de sa\u00fade.<\/p>\n<h4>Jurisprud\u00eancia do TST<\/h4>\n<p>O relator do recurso de revista do munic\u00edpio, ministro Breno Medeiros, destacou que, ap\u00f3s o julgamento do tema pela Subse\u00e7\u00e3o I Especializada em Diss\u00eddios Individuais (SDI-1), em 2016 (E-RR-2070008.2009.5.04.0231), a jurisprud\u00eancia do TST firmou-se no sentido de que as atividades de agentes comunit\u00e1rios de sa\u00fade, por n\u00e3o se assemelharem \u00e0s desenvolvidas em hospitais ou outros estabelecimentos de sa\u00fade, n\u00e3o est\u00e3o inseridas no Anexo 14 da<a href=\"https:\/\/www.gov.br\/trabalho-e-previdencia\/pt-br\/composicao\/orgaos-especificos\/secretaria-de-trabalho\/inspecao\/seguranca-e-saude-no-trabalho\/normas-regulamentadoras\/nr-15-anexo-14.pdf\" target=\"_blank\" rel=\"noopener\"> Norma Regulamentadora (NR) 15<\/a> do Minist\u00e9rio do Trabalho e, portanto, n\u00e3o justificam o pagamento do adicional de insalubridade. Esse entendimento est\u00e1 disposto na <a href=\"https:\/\/www3.tst.jus.br\/jurisprudencia\/Sumulas_com_indice\/Sumulas_Ind_401_450.html#SUM-448\" target=\"_blank\" rel=\"noopener\">S\u00famula 448<\/a> do TST, que trata da limpeza de instala\u00e7\u00f5es sanit\u00e1rias.<\/p>\n<h4>Altera\u00e7\u00e3o legislativa<\/h4>\n<p>Breno Medeiros explicou que a <a href=\"http:\/\/www.planalto.gov.br\/ccivil_03\/_ato2015-2018\/2016\/lei\/l13342.htm\" target=\"_blank\" rel=\"noopener\">Lei 13.342\/2016<\/a>, que trata de benef\u00edcios trabalhistas e previdenci\u00e1rios de agentes comunit\u00e1rios de sa\u00fade, alterou a Lei 11.350\/2006 para prever que o exerc\u00edcio de trabalho de forma habitual e permanente em condi\u00e7\u00f5es insalubres, acima dos limites de toler\u00e2ncia estabelecidos pelo Minist\u00e9rio do Trabalho, assegura aos agentes de a percep\u00e7\u00e3o de adicional de insalubridade. Contudo, na sua avalia\u00e7\u00e3o, isso n\u00e3o modifica o entendimento do TST.&nbsp;<\/p>\n<p>Segundo o relator, essa altera\u00e7\u00e3o legislativa n\u00e3o afastou a necessidade de constata\u00e7\u00e3o de trabalho em condi\u00e7\u00f5es insalubres e a previs\u00e3o da atividade como insalubre em norma regulamentadora. No caso, havia apenas a conclus\u00e3o do laudo, e, na avalia\u00e7\u00e3o do relator, n\u00e3o se pode, mesmo por analogia, equiparar visitas domiciliares com o ambiente hospitalar.&nbsp;<\/p>\n<p>A decis\u00e3o foi un\u00e2nime.<\/p>\n<p>(LT\/CF)<\/p>\n<p>Processo: <a href=\"https:\/\/consultaprocessual.tst.jus.br\/consultaProcessual\/consultaTstNumUnica.do;jsessionid=MH_sAeCLElQu8JIBNBI0t9bB7Pgs_stz1UWKPIKX.consultaprocessual-17-6rg6h?conscsjt=&amp;numeroTst=21788&amp;digitoTst=98&amp;anoTst=2017&amp;orgaoTst=5&amp;tribunalTst=04&amp;varaTst=0661&amp;consulta=Consultar\" target=\"_blank\" rel=\"noopener\">RR-21788-98.2017.5.04.0661<\/a><\/p>\n<p>O TST tem oito Turmas, cada uma composta de tr\u00eas ministros, com a atribui\u00e7\u00e3o de analisar recursos de revista, agravos, agravos de instrumento, agravos regimentais e recursos ordin\u00e1rios em a\u00e7\u00e3o cautelar. Das decis\u00f5es das Turmas, a parte ainda pode, em alguns casos, recorrer \u00e0 Subse\u00e7\u00e3o I Especializada em Diss\u00eddios Individuais (SDI-1).<\/p>\n<p>Esta mat\u00e9ria tem cunho meramente informativo.<br \/>\nPermitida a reprodu\u00e7\u00e3o mediante cita\u00e7\u00e3o da fonte.<br \/>\nSecretaria de Comunica\u00e7\u00e3o Social<br \/>\n<a href=\"http:\/\/www.tst.jus.br\" target=\"_blank\" rel=\"noopener\">Tribunal Superior do Trabalho<\/a><br \/>\nTel. (61) 3043-4907&nbsp;<br \/>\n<a href=\"mailto:secom@tst.jus.br\" target=\"_blank\" rel=\"noopener\">secom@tst.jus.br<\/a><\/p>\n<p>    $(&#8216;#lightbox-hxjg_ .slider-gallery-wrapper img&#8217;).hover(<br \/>\n    function() {<br \/>\n        const $text=$($($(this).parent()).next());<br \/>\n        $text.hasClass(&#8216;inside-description&#8217;) &amp;&amp; $text.fadeTo( &#8220;slow&#8221; , 0);<br \/>\n    }, function() {<br \/>\n        const $text=$($($(this).parent()).next());<br \/>\n        $text.hasClass(&#8216;inside-description&#8217;) &amp;&amp; $text.fadeTo( &#8220;slow&#8221; , 1);<br \/>\n    }<br \/>\n    );<br \/>\n    $(document).ready(function() {<br \/>\n        var hxjg_autoplaying=false;<br \/>\n        var hxjg_showingLightbox=false;<br \/>\n        const hxjg_playPauseControllers=&#8221;#slider-hxjg_-playpause, #slider-hxjg_-lightbox-playpause&#8221;;<br \/>\n        $(&#8220;#slider-hxjg_&#8221;).slick({<br \/>\n            slidesToShow: 1,<br \/>\n            slidesToScroll: 1,<br \/>\n            autoplay: hxjg_autoplaying,<br \/>\n            swipeToSlide: false,<br \/>\n            centerMode: false,<br \/>\n            autoplaySpeed: 3000,<br \/>\n            focusOnSelect: true,<br \/>\n            prevArrow:<br \/>\n            &#8221;,<br \/>\n            nextArrow:<br \/>\n            &#8221;,<br \/>\n            centerPadding: &#8220;60px&#8221;,<br \/>\n            responsive: [<br \/>\n                {<br \/>\n                    breakpoint: 767.98,<br \/>\n                    settings: {<br \/>\n                        slidesToShow: 3,<br \/>\n                        adaptiveHeight: true<br \/>\n                    }<br \/>\n                }<br \/>\n            ]<br \/>\n        });<br \/>\n        $(&#8220;#slider-hxjg_&#8221;).slickLightbox({<br \/>\n            src: &#8216;src&#8217;,<br \/>\n            itemSelector: &#8216;.galery-image .multimidia-wrapper img&#8217;,<br \/>\n            caption:&#8217;caption&#8217;<br \/>\n        });<br \/>\n    });<br \/>\n<script async src=\"https:\/\/platform.twitter.com\/widgets.js\" charset=\"utf-8\"><\/script><br \/>\n<br \/><i>Com informa\u00e7\u00f5es da assessoria de imprensa do TST.<\/i><br \/>\n<br \/><a href=\"https:\/\/www.tst.jus.br\/web\/guest\/noticias?p_p_id=89Dk&#038;p_p_lifecycle=0&#038;refererPlid=10730&#038;_89Dk_groupId=10157&#038;_89Dk_articleId=30861242\">Fonte<\/a><br \/>\n<br \/><\/p>\n","protected":false},"excerpt":{"rendered":"<p>A atividade n\u00e3o est\u00e1 prevista como insalubre nas normas regulamentadoras Ministro Breno Medeiros 17\/06\/22 &#8211;&nbsp;A Quinta Turma do Tribunal Superior do Trabalho isentou o Munic\u00edpio de Serafina Correa (RS) do pagamento do adicional de insalubridade a uma agente comunit\u00e1ria de sa\u00fade. O colegiado seguiu a jurisprud\u00eancia do TST de que n\u00e3o basta a constata\u00e7\u00e3o da [&hellip;]<\/p>\n","protected":false},"author":3063,"featured_media":11353,"comment_status":"open","ping_status":"open","sticky":false,"template":"","format":"standard","meta":{"footnotes":""},"categories":[3,21],"tags":[33,216,9,12,217,215],"class_list":{"0":"post-11352","1":"post","2":"type-post","3":"status-publish","4":"format-standard","5":"has-post-thumbnail","7":"category-trabalhista","8":"category-tst","9":"tag-calculos-trabalhistas","10":"tag-direito-trabalhista","11":"tag-pericia","12":"tag-perito","13":"tag-trabalho","14":"tag-tst"},"yoast_head":"<!-- This site is optimized with the Yoast SEO plugin v27.2 - https:\/\/yoast.com\/product\/yoast-seo-wordpress\/ -->\n<title>TST: Com base apenas em laudo, agente comunit\u00e1ria de sa\u00fade n\u00e3o receber\u00e1 adicional de insalubridade\u00a0 | Portal de Not\u00edcias<\/title>\n<meta name=\"robots\" content=\"index, follow, max-snippet:-1, max-image-preview:large, max-video-preview:-1\" \/>\n<link rel=\"canonical\" href=\"https:\/\/mhcalculos.com.br\/noticias\/area\/trabalhista\/tst-com-base-apenas-em-laudo-agente-comunitaria-de-saude-nao-recebera-adicional-de-insalubridade.html\" \/>\n<meta property=\"og:locale\" content=\"pt_BR\" \/>\n<meta property=\"og:type\" content=\"article\" \/>\n<meta property=\"og:title\" content=\"TST: Com base apenas em laudo, agente comunit\u00e1ria de sa\u00fade n\u00e3o receber\u00e1 adicional de insalubridade\u00a0 | Portal de Not\u00edcias\" \/>\n<meta property=\"og:description\" content=\"A atividade n\u00e3o est\u00e1 prevista como insalubre nas normas regulamentadoras Ministro Breno Medeiros 17\/06\/22 &#8211;&nbsp;A Quinta Turma do Tribunal Superior do Trabalho isentou o Munic\u00edpio de Serafina Correa (RS) do pagamento do adicional de insalubridade a uma agente comunit\u00e1ria de sa\u00fade. O colegiado seguiu a jurisprud\u00eancia do TST de que n\u00e3o basta a constata\u00e7\u00e3o da [&hellip;]\" \/>\n<meta property=\"og:url\" content=\"https:\/\/mhcalculos.com.br\/noticias\/area\/trabalhista\/tst-com-base-apenas-em-laudo-agente-comunitaria-de-saude-nao-recebera-adicional-de-insalubridade.html\" \/>\n<meta property=\"og:site_name\" content=\"Portal de Not\u00edcias\" \/>\n<meta property=\"article:published_time\" content=\"2022-06-17T16:09:00+00:00\" \/>\n<meta property=\"og:image\" content=\"https:\/\/mhcalculos.com.br\/noticias\/wp-content\/uploads\/sites\/2\/2022\/06\/1655561112_judiciario-0030.jpg\" \/>\n\t<meta property=\"og:image:width\" content=\"2000\" \/>\n\t<meta property=\"og:image:height\" content=\"800\" \/>\n\t<meta property=\"og:image:type\" content=\"image\/jpeg\" \/>\n<meta name=\"author\" content=\"Equipe MH\" \/>\n<meta name=\"twitter:card\" content=\"summary_large_image\" \/>\n<meta name=\"twitter:label1\" content=\"Escrito por\" \/>\n\t<meta name=\"twitter:data1\" content=\"Equipe MH\" \/>\n\t<meta name=\"twitter:label2\" content=\"Est. tempo de leitura\" \/>\n\t<meta name=\"twitter:data2\" content=\"3 minutos\" \/>\n<script type=\"application\/ld+json\" class=\"yoast-schema-graph\">{\"@context\":\"https:\/\/schema.org\",\"@graph\":[{\"@type\":\"Article\",\"@id\":\"https:\/\/mhcalculos.com.br\/noticias\/area\/trabalhista\/tst-com-base-apenas-em-laudo-agente-comunitaria-de-saude-nao-recebera-adicional-de-insalubridade.html#article\",\"isPartOf\":{\"@id\":\"https:\/\/mhcalculos.com.br\/noticias\/area\/trabalhista\/tst-com-base-apenas-em-laudo-agente-comunitaria-de-saude-nao-recebera-adicional-de-insalubridade.html\"},\"author\":{\"name\":\"Equipe MH\",\"@id\":\"https:\/\/mhcalculos.com.br\/noticias\/#\/schema\/person\/88d1c34bf72dc779ea14a5a6b8e0ae8d\"},\"headline\":\"TST: Com base apenas em laudo, agente comunit\u00e1ria de sa\u00fade n\u00e3o receber\u00e1 adicional de insalubridade\u00a0\",\"datePublished\":\"2022-06-17T16:09:00+00:00\",\"mainEntityOfPage\":{\"@id\":\"https:\/\/mhcalculos.com.br\/noticias\/area\/trabalhista\/tst-com-base-apenas-em-laudo-agente-comunitaria-de-saude-nao-recebera-adicional-de-insalubridade.html\"},\"wordCount\":651,\"commentCount\":0,\"image\":{\"@id\":\"https:\/\/mhcalculos.com.br\/noticias\/area\/trabalhista\/tst-com-base-apenas-em-laudo-agente-comunitaria-de-saude-nao-recebera-adicional-de-insalubridade.html#primaryimage\"},\"thumbnailUrl\":\"https:\/\/mhcalculos.com.br\/noticias\/wp-content\/uploads\/sites\/2\/2022\/06\/1655561112_judiciario-0030.jpg\",\"keywords\":[\"c\u00e1lculos trabalhistas\",\"direito trabalhista\",\"per\u00edcia\",\"perito\",\"trabalho\",\"TST\"],\"articleSection\":[\"Direito Trabalhista\",\"TST\"],\"inLanguage\":\"pt-BR\",\"potentialAction\":[{\"@type\":\"CommentAction\",\"name\":\"Comment\",\"target\":[\"https:\/\/mhcalculos.com.br\/noticias\/area\/trabalhista\/tst-com-base-apenas-em-laudo-agente-comunitaria-de-saude-nao-recebera-adicional-de-insalubridade.html#respond\"]}]},{\"@type\":\"WebPage\",\"@id\":\"https:\/\/mhcalculos.com.br\/noticias\/area\/trabalhista\/tst-com-base-apenas-em-laudo-agente-comunitaria-de-saude-nao-recebera-adicional-de-insalubridade.html\",\"url\":\"https:\/\/mhcalculos.com.br\/noticias\/area\/trabalhista\/tst-com-base-apenas-em-laudo-agente-comunitaria-de-saude-nao-recebera-adicional-de-insalubridade.html\",\"name\":\"TST: Com base apenas em laudo, agente comunit\u00e1ria de sa\u00fade n\u00e3o receber\u00e1 adicional de insalubridade\u00a0 | Portal de Not\u00edcias\",\"isPartOf\":{\"@id\":\"https:\/\/mhcalculos.com.br\/noticias\/#website\"},\"primaryImageOfPage\":{\"@id\":\"https:\/\/mhcalculos.com.br\/noticias\/area\/trabalhista\/tst-com-base-apenas-em-laudo-agente-comunitaria-de-saude-nao-recebera-adicional-de-insalubridade.html#primaryimage\"},\"image\":{\"@id\":\"https:\/\/mhcalculos.com.br\/noticias\/area\/trabalhista\/tst-com-base-apenas-em-laudo-agente-comunitaria-de-saude-nao-recebera-adicional-de-insalubridade.html#primaryimage\"},\"thumbnailUrl\":\"https:\/\/mhcalculos.com.br\/noticias\/wp-content\/uploads\/sites\/2\/2022\/06\/1655561112_judiciario-0030.jpg\",\"datePublished\":\"2022-06-17T16:09:00+00:00\",\"author\":{\"@id\":\"https:\/\/mhcalculos.com.br\/noticias\/#\/schema\/person\/88d1c34bf72dc779ea14a5a6b8e0ae8d\"},\"breadcrumb\":{\"@id\":\"https:\/\/mhcalculos.com.br\/noticias\/area\/trabalhista\/tst-com-base-apenas-em-laudo-agente-comunitaria-de-saude-nao-recebera-adicional-de-insalubridade.html#breadcrumb\"},\"inLanguage\":\"pt-BR\",\"potentialAction\":[{\"@type\":\"ReadAction\",\"target\":[\"https:\/\/mhcalculos.com.br\/noticias\/area\/trabalhista\/tst-com-base-apenas-em-laudo-agente-comunitaria-de-saude-nao-recebera-adicional-de-insalubridade.html\"]}]},{\"@type\":\"ImageObject\",\"inLanguage\":\"pt-BR\",\"@id\":\"https:\/\/mhcalculos.com.br\/noticias\/area\/trabalhista\/tst-com-base-apenas-em-laudo-agente-comunitaria-de-saude-nao-recebera-adicional-de-insalubridade.html#primaryimage\",\"url\":\"https:\/\/mhcalculos.com.br\/noticias\/wp-content\/uploads\/sites\/2\/2022\/06\/1655561112_judiciario-0030.jpg\",\"contentUrl\":\"https:\/\/mhcalculos.com.br\/noticias\/wp-content\/uploads\/sites\/2\/2022\/06\/1655561112_judiciario-0030.jpg\",\"width\":2000,\"height\":800},{\"@type\":\"BreadcrumbList\",\"@id\":\"https:\/\/mhcalculos.com.br\/noticias\/area\/trabalhista\/tst-com-base-apenas-em-laudo-agente-comunitaria-de-saude-nao-recebera-adicional-de-insalubridade.html#breadcrumb\",\"itemListElement\":[{\"@type\":\"ListItem\",\"position\":1,\"name\":\"In\u00edcio\",\"item\":\"https:\/\/mhcalculos.com.br\/noticias\/\"},{\"@type\":\"ListItem\",\"position\":2,\"name\":\"TST: Com base apenas em laudo, agente comunit\u00e1ria de sa\u00fade n\u00e3o receber\u00e1 adicional de insalubridade\u00a0\"}]},{\"@type\":\"WebSite\",\"@id\":\"https:\/\/mhcalculos.com.br\/noticias\/#website\",\"url\":\"https:\/\/mhcalculos.com.br\/noticias\/\",\"name\":\"Portal de Not\u00edcias\",\"description\":\"Not\u00edcias e Jurisprud\u00eancia\",\"potentialAction\":[{\"@type\":\"SearchAction\",\"target\":{\"@type\":\"EntryPoint\",\"urlTemplate\":\"https:\/\/mhcalculos.com.br\/noticias\/?s={search_term_string}\"},\"query-input\":{\"@type\":\"PropertyValueSpecification\",\"valueRequired\":true,\"valueName\":\"search_term_string\"}}],\"inLanguage\":\"pt-BR\"},{\"@type\":\"Person\",\"@id\":\"https:\/\/mhcalculos.com.br\/noticias\/#\/schema\/person\/88d1c34bf72dc779ea14a5a6b8e0ae8d\",\"name\":\"Equipe MH\",\"image\":{\"@type\":\"ImageObject\",\"inLanguage\":\"pt-BR\",\"@id\":\"https:\/\/secure.gravatar.com\/avatar\/de1c686c2ecc9c5a3f327e3431d819eb39f8f05d4e1045f5a1caad6daaba987f?s=96&d=mm&r=g\",\"url\":\"https:\/\/secure.gravatar.com\/avatar\/de1c686c2ecc9c5a3f327e3431d819eb39f8f05d4e1045f5a1caad6daaba987f?s=96&d=mm&r=g\",\"contentUrl\":\"https:\/\/secure.gravatar.com\/avatar\/de1c686c2ecc9c5a3f327e3431d819eb39f8f05d4e1045f5a1caad6daaba987f?s=96&d=mm&r=g\",\"caption\":\"Equipe MH\"}}]}<\/script>\n<!-- \/ Yoast SEO plugin. -->","yoast_head_json":{"title":"TST: Com base apenas em laudo, agente comunit\u00e1ria de sa\u00fade n\u00e3o receber\u00e1 adicional de insalubridade\u00a0 | Portal de Not\u00edcias","robots":{"index":"index","follow":"follow","max-snippet":"max-snippet:-1","max-image-preview":"max-image-preview:large","max-video-preview":"max-video-preview:-1"},"canonical":"https:\/\/mhcalculos.com.br\/noticias\/area\/trabalhista\/tst-com-base-apenas-em-laudo-agente-comunitaria-de-saude-nao-recebera-adicional-de-insalubridade.html","og_locale":"pt_BR","og_type":"article","og_title":"TST: Com base apenas em laudo, agente comunit\u00e1ria de sa\u00fade n\u00e3o receber\u00e1 adicional de insalubridade\u00a0 | Portal de Not\u00edcias","og_description":"A atividade n\u00e3o est\u00e1 prevista como insalubre nas normas regulamentadoras Ministro Breno Medeiros 17\/06\/22 &#8211;&nbsp;A Quinta Turma do Tribunal Superior do Trabalho isentou o Munic\u00edpio de Serafina Correa (RS) do pagamento do adicional de insalubridade a uma agente comunit\u00e1ria de sa\u00fade. O colegiado seguiu a jurisprud\u00eancia do TST de que n\u00e3o basta a constata\u00e7\u00e3o da [&hellip;]","og_url":"https:\/\/mhcalculos.com.br\/noticias\/area\/trabalhista\/tst-com-base-apenas-em-laudo-agente-comunitaria-de-saude-nao-recebera-adicional-de-insalubridade.html","og_site_name":"Portal de Not\u00edcias","article_published_time":"2022-06-17T16:09:00+00:00","og_image":[{"width":2000,"height":800,"url":"https:\/\/mhcalculos.com.br\/noticias\/wp-content\/uploads\/sites\/2\/2022\/06\/1655561112_judiciario-0030.jpg","type":"image\/jpeg"}],"author":"Equipe MH","twitter_card":"summary_large_image","twitter_misc":{"Escrito por":"Equipe MH","Est. tempo de leitura":"3 minutos"},"schema":{"@context":"https:\/\/schema.org","@graph":[{"@type":"Article","@id":"https:\/\/mhcalculos.com.br\/noticias\/area\/trabalhista\/tst-com-base-apenas-em-laudo-agente-comunitaria-de-saude-nao-recebera-adicional-de-insalubridade.html#article","isPartOf":{"@id":"https:\/\/mhcalculos.com.br\/noticias\/area\/trabalhista\/tst-com-base-apenas-em-laudo-agente-comunitaria-de-saude-nao-recebera-adicional-de-insalubridade.html"},"author":{"name":"Equipe MH","@id":"https:\/\/mhcalculos.com.br\/noticias\/#\/schema\/person\/88d1c34bf72dc779ea14a5a6b8e0ae8d"},"headline":"TST: Com base apenas em laudo, agente comunit\u00e1ria de sa\u00fade n\u00e3o receber\u00e1 adicional de insalubridade\u00a0","datePublished":"2022-06-17T16:09:00+00:00","mainEntityOfPage":{"@id":"https:\/\/mhcalculos.com.br\/noticias\/area\/trabalhista\/tst-com-base-apenas-em-laudo-agente-comunitaria-de-saude-nao-recebera-adicional-de-insalubridade.html"},"wordCount":651,"commentCount":0,"image":{"@id":"https:\/\/mhcalculos.com.br\/noticias\/area\/trabalhista\/tst-com-base-apenas-em-laudo-agente-comunitaria-de-saude-nao-recebera-adicional-de-insalubridade.html#primaryimage"},"thumbnailUrl":"https:\/\/mhcalculos.com.br\/noticias\/wp-content\/uploads\/sites\/2\/2022\/06\/1655561112_judiciario-0030.jpg","keywords":["c\u00e1lculos trabalhistas","direito trabalhista","per\u00edcia","perito","trabalho","TST"],"articleSection":["Direito Trabalhista","TST"],"inLanguage":"pt-BR","potentialAction":[{"@type":"CommentAction","name":"Comment","target":["https:\/\/mhcalculos.com.br\/noticias\/area\/trabalhista\/tst-com-base-apenas-em-laudo-agente-comunitaria-de-saude-nao-recebera-adicional-de-insalubridade.html#respond"]}]},{"@type":"WebPage","@id":"https:\/\/mhcalculos.com.br\/noticias\/area\/trabalhista\/tst-com-base-apenas-em-laudo-agente-comunitaria-de-saude-nao-recebera-adicional-de-insalubridade.html","url":"https:\/\/mhcalculos.com.br\/noticias\/area\/trabalhista\/tst-com-base-apenas-em-laudo-agente-comunitaria-de-saude-nao-recebera-adicional-de-insalubridade.html","name":"TST: Com base apenas em laudo, agente comunit\u00e1ria de sa\u00fade n\u00e3o receber\u00e1 adicional de insalubridade\u00a0 | Portal de Not\u00edcias","isPartOf":{"@id":"https:\/\/mhcalculos.com.br\/noticias\/#website"},"primaryImageOfPage":{"@id":"https:\/\/mhcalculos.com.br\/noticias\/area\/trabalhista\/tst-com-base-apenas-em-laudo-agente-comunitaria-de-saude-nao-recebera-adicional-de-insalubridade.html#primaryimage"},"image":{"@id":"https:\/\/mhcalculos.com.br\/noticias\/area\/trabalhista\/tst-com-base-apenas-em-laudo-agente-comunitaria-de-saude-nao-recebera-adicional-de-insalubridade.html#primaryimage"},"thumbnailUrl":"https:\/\/mhcalculos.com.br\/noticias\/wp-content\/uploads\/sites\/2\/2022\/06\/1655561112_judiciario-0030.jpg","datePublished":"2022-06-17T16:09:00+00:00","author":{"@id":"https:\/\/mhcalculos.com.br\/noticias\/#\/schema\/person\/88d1c34bf72dc779ea14a5a6b8e0ae8d"},"breadcrumb":{"@id":"https:\/\/mhcalculos.com.br\/noticias\/area\/trabalhista\/tst-com-base-apenas-em-laudo-agente-comunitaria-de-saude-nao-recebera-adicional-de-insalubridade.html#breadcrumb"},"inLanguage":"pt-BR","potentialAction":[{"@type":"ReadAction","target":["https:\/\/mhcalculos.com.br\/noticias\/area\/trabalhista\/tst-com-base-apenas-em-laudo-agente-comunitaria-de-saude-nao-recebera-adicional-de-insalubridade.html"]}]},{"@type":"ImageObject","inLanguage":"pt-BR","@id":"https:\/\/mhcalculos.com.br\/noticias\/area\/trabalhista\/tst-com-base-apenas-em-laudo-agente-comunitaria-de-saude-nao-recebera-adicional-de-insalubridade.html#primaryimage","url":"https:\/\/mhcalculos.com.br\/noticias\/wp-content\/uploads\/sites\/2\/2022\/06\/1655561112_judiciario-0030.jpg","contentUrl":"https:\/\/mhcalculos.com.br\/noticias\/wp-content\/uploads\/sites\/2\/2022\/06\/1655561112_judiciario-0030.jpg","width":2000,"height":800},{"@type":"BreadcrumbList","@id":"https:\/\/mhcalculos.com.br\/noticias\/area\/trabalhista\/tst-com-base-apenas-em-laudo-agente-comunitaria-de-saude-nao-recebera-adicional-de-insalubridade.html#breadcrumb","itemListElement":[{"@type":"ListItem","position":1,"name":"In\u00edcio","item":"https:\/\/mhcalculos.com.br\/noticias\/"},{"@type":"ListItem","position":2,"name":"TST: Com base apenas em laudo, agente comunit\u00e1ria de sa\u00fade n\u00e3o receber\u00e1 adicional de insalubridade\u00a0"}]},{"@type":"WebSite","@id":"https:\/\/mhcalculos.com.br\/noticias\/#website","url":"https:\/\/mhcalculos.com.br\/noticias\/","name":"Portal de Not\u00edcias","description":"Not\u00edcias e Jurisprud\u00eancia","potentialAction":[{"@type":"SearchAction","target":{"@type":"EntryPoint","urlTemplate":"https:\/\/mhcalculos.com.br\/noticias\/?s={search_term_string}"},"query-input":{"@type":"PropertyValueSpecification","valueRequired":true,"valueName":"search_term_string"}}],"inLanguage":"pt-BR"},{"@type":"Person","@id":"https:\/\/mhcalculos.com.br\/noticias\/#\/schema\/person\/88d1c34bf72dc779ea14a5a6b8e0ae8d","name":"Equipe MH","image":{"@type":"ImageObject","inLanguage":"pt-BR","@id":"https:\/\/secure.gravatar.com\/avatar\/de1c686c2ecc9c5a3f327e3431d819eb39f8f05d4e1045f5a1caad6daaba987f?s=96&d=mm&r=g","url":"https:\/\/secure.gravatar.com\/avatar\/de1c686c2ecc9c5a3f327e3431d819eb39f8f05d4e1045f5a1caad6daaba987f?s=96&d=mm&r=g","contentUrl":"https:\/\/secure.gravatar.com\/avatar\/de1c686c2ecc9c5a3f327e3431d819eb39f8f05d4e1045f5a1caad6daaba987f?s=96&d=mm&r=g","caption":"Equipe MH"}}]}},"_links":{"self":[{"href":"https:\/\/mhcalculos.com.br\/noticias\/wp-json\/wp\/v2\/posts\/11352","targetHints":{"allow":["GET"]}}],"collection":[{"href":"https:\/\/mhcalculos.com.br\/noticias\/wp-json\/wp\/v2\/posts"}],"about":[{"href":"https:\/\/mhcalculos.com.br\/noticias\/wp-json\/wp\/v2\/types\/post"}],"author":[{"embeddable":true,"href":"https:\/\/mhcalculos.com.br\/noticias\/wp-json\/wp\/v2\/users\/3063"}],"replies":[{"embeddable":true,"href":"https:\/\/mhcalculos.com.br\/noticias\/wp-json\/wp\/v2\/comments?post=11352"}],"version-history":[{"count":0,"href":"https:\/\/mhcalculos.com.br\/noticias\/wp-json\/wp\/v2\/posts\/11352\/revisions"}],"wp:featuredmedia":[{"embeddable":true,"href":"https:\/\/mhcalculos.com.br\/noticias\/wp-json\/wp\/v2\/media\/11353"}],"wp:attachment":[{"href":"https:\/\/mhcalculos.com.br\/noticias\/wp-json\/wp\/v2\/media?parent=11352"}],"wp:term":[{"taxonomy":"category","embeddable":true,"href":"https:\/\/mhcalculos.com.br\/noticias\/wp-json\/wp\/v2\/categories?post=11352"},{"taxonomy":"post_tag","embeddable":true,"href":"https:\/\/mhcalculos.com.br\/noticias\/wp-json\/wp\/v2\/tags?post=11352"}],"curies":[{"name":"wp","href":"https:\/\/api.w.org\/{rel}","templated":true}]}}