{"id":11071,"date":"2022-04-01T08:00:00","date_gmt":"2022-04-01T11:00:00","guid":{"rendered":"https:\/\/mhcalculos.com.br\/noticias\/area\/trabalhista\/tst-frigorifico-indenizara-empregado-que-tinha-de-circular-em-trajes-intimos-em-barreira-sanitaria.html"},"modified":"2022-04-01T08:00:00","modified_gmt":"2022-04-01T11:00:00","slug":"tst-frigorifico-indenizara-empregado-que-tinha-de-circular-em-trajes-intimos-em-barreira-sanitaria","status":"publish","type":"post","link":"https:\/\/mhcalculos.com.br\/noticias\/area\/trabalhista\/tst-frigorifico-indenizara-empregado-que-tinha-de-circular-em-trajes-intimos-em-barreira-sanitaria.html","title":{"rendered":"TST: Frigor\u00edfico indenizar\u00e1 empregado que tinha de circular em trajes \u00edntimos em barreira sanit\u00e1ria\u00a0"},"content":{"rendered":"<p><br \/>\n<\/p>\n<p><em><\/p>\n<p>A empresa foi considerada negligente em rela\u00e7\u00e3o aos cuidados para preservar a intimidade do empregado&nbsp;<\/p>\n<p><\/em><\/p>\n<p>        <a class=\"share-facebook\" href=\"https:\/\/www.facebook.com\/sharer.php?u=https:\/\/www.tst.jus.br\/-\/frigor%C3%ADfico-indenizar%C3%A1-empregado-que-tinha-de-circular-em-trajes-%C3%ADntimos-em-barreira-sanit%C3%A1ria%C2%A0\" target=\"_blank\" rel=\"noopener\"><\/a><br \/>\n        <a class=\"share-twitter\" href=\"http:\/\/twitter.com\/intent\/tweet?text=Frigor\u00edfico indenizar\u00e1 empregado que tinha de circular em trajes \u00edntimos em barreira sanit\u00e1ria\u00a0%0AVeja%20mais%20em:&amp;url=https:\/\/www.tst.jus.br\/-\/frigor%C3%ADfico-indenizar%C3%A1-empregado-que-tinha-de-circular-em-trajes-%C3%ADntimos-em-barreira-sanit%C3%A1ria%C2%A0\" target=\"_blank\" rel=\"noopener\"><\/a><br \/>\n        <a class=\"share-linkedin\" href=\"https:\/\/www.linkedin.com\/shareArticle?mini=true&amp;url=https:\/\/www.tst.jus.br\/-\/frigor%C3%ADfico-indenizar%C3%A1-empregado-que-tinha-de-circular-em-trajes-%C3%ADntimos-em-barreira-sanit%C3%A1ria%C2%A0&amp;title=Frigor\u00edfico indenizar\u00e1 empregado que tinha de circular em trajes \u00edntimos em barreira sanit\u00e1ria\u00a0\" target=\"_blank\" rel=\"noopener\"><\/a><br \/>\n        <a class=\"share-whatsapp\" href=\"https:\/\/web.whatsapp.com\/send?text=https:\/\/www.tst.jus.br\/-\/frigor%C3%ADfico-indenizar%C3%A1-empregado-que-tinha-de-circular-em-trajes-%C3%ADntimos-em-barreira-sanit%C3%A1ria%C2%A0\" target=\"_blank\" rel=\"noopener\"><\/a><br \/>\n        <a class=\"share-googleplus\" href=\"https:\/\/plus.google.com\/share?url=https:\/\/www.tst.jus.br\/-\/frigor%C3%ADfico-indenizar%C3%A1-empregado-que-tinha-de-circular-em-trajes-%C3%ADntimos-em-barreira-sanit%C3%A1ria%C2%A0\" target=\"_blank\" rel=\"noopener\"><\/a><\/p>\n<p>                <\/p>\n<p>Ministro Agra Belmonte<\/p>\n<p>                    <a class=\"share-facebook\" href=\"https:\/\/www.facebook.com\/sharer.php?u=https:\/\/www.tst.jus.br\/-\/frigor%C3%ADfico-indenizar%C3%A1-empregado-que-tinha-de-circular-em-trajes-%C3%ADntimos-em-barreira-sanit%C3%A1ria%C2%A0\" target=\"_blank\" rel=\"noopener\"><\/a><br \/>\n                    <a class=\"share-twitter\" href=\"http:\/\/twitter.com\/intent\/tweet?text=Frigor\u00edfico indenizar\u00e1 empregado que tinha de circular em trajes \u00edntimos em barreira sanit\u00e1ria\u00a0%0AVeja%20mais%20em:&amp;url=https:\/\/www.tst.jus.br\/-\/frigor%C3%ADfico-indenizar%C3%A1-empregado-que-tinha-de-circular-em-trajes-%C3%ADntimos-em-barreira-sanit%C3%A1ria%C2%A0\" target=\"_blank\" rel=\"noopener\"><\/a><br \/>\n                    <a class=\"share-linkedin\" href=\"https:\/\/www.linkedin.com\/shareArticle?mini=true&amp;url=https:\/\/www.tst.jus.br\/-\/frigor%C3%ADfico-indenizar%C3%A1-empregado-que-tinha-de-circular-em-trajes-%C3%ADntimos-em-barreira-sanit%C3%A1ria%C2%A0&amp;title=Frigor\u00edfico indenizar\u00e1 empregado que tinha de circular em trajes \u00edntimos em barreira sanit\u00e1ria\u00a0\" target=\"_blank\" rel=\"noopener\"><\/a><br \/>\n                    <a class=\"share-whatsapp\" href=\"https:\/\/web.whatsapp.com\/send?text=https:\/\/www.tst.jus.br\/-\/frigor%C3%ADfico-indenizar%C3%A1-empregado-que-tinha-de-circular-em-trajes-%C3%ADntimos-em-barreira-sanit%C3%A1ria%C2%A0\" target=\"_blank\" rel=\"noopener\"><\/a><br \/>\n                    <a class=\"share-googleplus\" href=\"https:\/\/plus.google.com\/share?url=https:\/\/www.tst.jus.br\/-\/frigor%C3%ADfico-indenizar%C3%A1-empregado-que-tinha-de-circular-em-trajes-%C3%ADntimos-em-barreira-sanit%C3%A1ria%C2%A0\" target=\"_blank\" rel=\"noopener\"><\/a><\/p>\n<p>01\/04\/22 &#8211; A Terceira Turma do Tribunal Superior do Trabalho condenou a Seara Alimentos Ltda. a pagar indeniza\u00e7\u00e3o a um auxiliar de produ\u00e7\u00e3o que tinha de circular em trajes \u00edntimos diante de colegas de trabalho, durante a troca de uniforme, em procedimento conhecido como barreira sanit\u00e1ria. Para o colegiado, a empresa foi negligente ao n\u00e3o providenciar medidas como a instala\u00e7\u00e3o de portas nos vesti\u00e1rios, a fim de preservar direitos fundamentais ligados \u00e0 privacidade do empregado.<\/p>\n<h4>Intimidade<\/h4>\n<p>Na reclama\u00e7\u00e3o trabalhista, o auxiliar de produ\u00e7\u00e3o disse que os vesti\u00e1rios tinha duas \u00e1reas distintas (uma \u201csuja\u201d e outra \u201climpa\u201d) e, entre uma e outra, precisava transitar por cerca de 10 metros em trajes \u00edntimos. Al\u00e9m de gerar chacota de colegas, ele alegou que a situa\u00e7\u00e3o violava sua intimidade.<\/p>\n<h4>Interesse p\u00fablico<\/h4>\n<p>O ju\u00edzo de primeiro grau julgou improcedente o pedido de indeniza\u00e7\u00e3o, por entender que a exist\u00eancia das \u00e1reas dentro dos vesti\u00e1rios \u00e9 imposi\u00e7\u00e3o p\u00fablica, em raz\u00e3o de quest\u00f5es ligadas \u00e0 higiene, por se tratar de um complexo agroindustrial. Segundo a senten\u00e7a, o interesse p\u00fablico deve prevalecer sobre o particular.<\/p>\n<p>O Tribunal Regional do Trabalho da 12\u00aa Regi\u00e3o (SC) manteve o entendimento de que n\u00e3o h\u00e1 ofensa moral na exig\u00eancia da Seara de que seus empregados troquem de roupa em vesti\u00e1rio coletivo, na presen\u00e7a dos colegas do mesmo sexo, antes de vestirem o uniforme para o ingresso na \u00e1rea de trabalho.&nbsp;<\/p>\n<h4>Neglig\u00eancia e responsabiliza\u00e7\u00e3o<\/h4>\n<p>O relator do recurso de revista do auxiliar de produ\u00e7\u00e3o, ministro Agra Belmonte, assinalou que, em regra, a mera submiss\u00e3o dos empregados \u00e0 higieniza\u00e7\u00e3o e \u00e0 troca de uniforme na barreira sanit\u00e1ria n\u00e3o constitui, por si s\u00f3, raz\u00e3o para o reconhecimento de ofensa moral. No entanto, as empresas devem cercar-se de todos os cuidados necess\u00e1rios \u00e0 preserva\u00e7\u00e3o dos direitos fundamentais dos trabalhadores, adotando medidas preventivas, como, por exemplo, a instala\u00e7\u00e3o de portas nos vesti\u00e1rios. Do contr\u00e1rio, devem ser responsabilizadas em casos de condutas negligentes que resultem na desnecess\u00e1ria exposi\u00e7\u00e3o f\u00edsica de seus colaboradores.&nbsp;<\/p>\n<p>Por unanimidade, a Turma acolheu o recurso e condenou a empresa ao pagamento de indeniza\u00e7\u00e3o no valor de R$ 5 mil.<\/p>\n<p>(GL\/CF)<\/p>\n<p>Processo: <a href=\"https:\/\/consultaprocessual.tst.jus.br\/consultaProcessual\/consultaTstNumUnica.do?consulta=Consultar&amp;conscsjt=&amp;numeroTst=1953&amp;digitoTst=24&amp;anoTst=2017&amp;orgaoTst=5&amp;tribunalTst=12&amp;varaTst=0008&amp;submit=Consultar\" target=\"_blank\" rel=\"noopener\">RR-1953-24.2017.5.12.0008<\/a><\/p>\n<p>O TST tem oito Turmas, cada uma composta por tr\u00eas ministros, com a atribui\u00e7\u00e3o de analisar recursos de revista, agravos, agravos de instrumento, agravos regimentais e recursos ordin\u00e1rios em a\u00e7\u00e3o cautelar. Das decis\u00f5es das Turmas, a parte ainda pode, em alguns casos, recorrer \u00e0 Subse\u00e7\u00e3o I Especializada em Diss\u00eddios Individuais (SDI-1).<\/p>\n<p>Esta mat\u00e9ria tem car\u00e1ter informativo, sem cunho oficial.<br \/>\nPermitida a reprodu\u00e7\u00e3o mediante cita\u00e7\u00e3o da fonte.<br \/>\nSecretaria de Comunica\u00e7\u00e3o Social<br \/>\n<a href=\"http:\/\/www.tst.jus.br\" target=\"_blank\" rel=\"noopener\">Tribunal Superior do Trabalho<\/a><br \/>\nTel. (61) 3043-4907<br \/>\n<a href=\"mailto:secom@tst.jus.br\" target=\"\" rel=\"noopener\">secom@tst.jus.br<\/a><\/p>\n<p>    $(&#8216;#lightbox-eynu_ .slider-gallery-wrapper img&#8217;).hover(<br \/>\n    function() {<br \/>\n        const $text=$($($(this).parent()).next());<br \/>\n        $text.hasClass(&#8216;inside-description&#8217;) &amp;&amp; $text.fadeTo( &#8220;slow&#8221; , 0);<br \/>\n    }, function() {<br \/>\n        const $text=$($($(this).parent()).next());<br \/>\n        $text.hasClass(&#8216;inside-description&#8217;) &amp;&amp; $text.fadeTo( &#8220;slow&#8221; , 1);<br \/>\n    }<br \/>\n    );<br \/>\n    $(document).ready(function() {<br \/>\n        var eynu_autoplaying=false;<br \/>\n        var eynu_showingLightbox=false;<br \/>\n        const eynu_playPauseControllers=&#8221;#slider-eynu_-playpause, #slider-eynu_-lightbox-playpause&#8221;;<br \/>\n        $(&#8220;#slider-eynu_&#8221;).slick({<br \/>\n            slidesToShow: 1,<br \/>\n            slidesToScroll: 1,<br \/>\n            autoplay: eynu_autoplaying,<br \/>\n            swipeToSlide: false,<br \/>\n            centerMode: false,<br \/>\n            autoplaySpeed: 3000,<br \/>\n            focusOnSelect: true,<br \/>\n            prevArrow:<br \/>\n            &#8221;,<br \/>\n            nextArrow:<br \/>\n            &#8221;,<br \/>\n            centerPadding: &#8220;60px&#8221;,<br \/>\n            responsive: [<br \/>\n                {<br \/>\n                    breakpoint: 767.98,<br \/>\n                    settings: {<br \/>\n                        slidesToShow: 3,<br \/>\n                        adaptiveHeight: true<br \/>\n                    }<br \/>\n                }<br \/>\n            ]<br \/>\n        });<br \/>\n        $(&#8220;#slider-eynu_&#8221;).slickLightbox({<br \/>\n            src: &#8216;src&#8217;,<br \/>\n            itemSelector: &#8216;.galery-image .multimidia-wrapper img&#8217;,<br \/>\n            caption:&#8217;caption&#8217;<br \/>\n        });<br \/>\n    });<br \/>\n<script async src=\"https:\/\/platform.twitter.com\/widgets.js\" charset=\"utf-8\"><\/script><br \/>\n<br \/><i>Com informa\u00e7\u00f5es da assessoria de imprensa do TST.<\/i><br \/>\n<br \/><a href=\"https:\/\/www.tst.jus.br\/web\/guest\/noticias?p_p_id=89Dk&#038;p_p_lifecycle=0&#038;refererPlid=10730&#038;_89Dk_groupId=10157&#038;_89Dk_articleId=29829695\">Fonte<\/a><br \/>\n<br \/><\/p>\n","protected":false},"excerpt":{"rendered":"<p>A empresa foi considerada negligente em rela\u00e7\u00e3o aos cuidados para preservar a intimidade do empregado&nbsp; Ministro Agra Belmonte 01\/04\/22 &#8211; A Terceira Turma do Tribunal Superior do Trabalho condenou a Seara Alimentos Ltda. a pagar indeniza\u00e7\u00e3o a um auxiliar de produ\u00e7\u00e3o que tinha de circular em trajes \u00edntimos diante de colegas de trabalho, durante a [&hellip;]<\/p>\n","protected":false},"author":3063,"featured_media":11072,"comment_status":"open","ping_status":"open","sticky":false,"template":"","format":"standard","meta":{"footnotes":""},"categories":[3,21],"tags":[33,216,9,12,217,215],"class_list":{"0":"post-11071","1":"post","2":"type-post","3":"status-publish","4":"format-standard","5":"has-post-thumbnail","7":"category-trabalhista","8":"category-tst","9":"tag-calculos-trabalhistas","10":"tag-direito-trabalhista","11":"tag-pericia","12":"tag-perito","13":"tag-trabalho","14":"tag-tst"},"yoast_head":"<!-- This site is optimized with the Yoast SEO plugin v27.2 - https:\/\/yoast.com\/product\/yoast-seo-wordpress\/ -->\n<title>TST: Frigor\u00edfico indenizar\u00e1 empregado que tinha de circular em trajes \u00edntimos em barreira sanit\u00e1ria\u00a0 | Portal de Not\u00edcias<\/title>\n<meta name=\"robots\" content=\"index, follow, max-snippet:-1, max-image-preview:large, max-video-preview:-1\" \/>\n<link rel=\"canonical\" href=\"https:\/\/mhcalculos.com.br\/noticias\/area\/trabalhista\/tst-frigorifico-indenizara-empregado-que-tinha-de-circular-em-trajes-intimos-em-barreira-sanitaria.html\" \/>\n<meta property=\"og:locale\" content=\"pt_BR\" \/>\n<meta property=\"og:type\" content=\"article\" \/>\n<meta property=\"og:title\" content=\"TST: Frigor\u00edfico indenizar\u00e1 empregado que tinha de circular em trajes \u00edntimos em barreira sanit\u00e1ria\u00a0 | Portal de Not\u00edcias\" \/>\n<meta property=\"og:description\" content=\"A empresa foi considerada negligente em rela\u00e7\u00e3o aos cuidados para preservar a intimidade do empregado&nbsp; Ministro Agra Belmonte 01\/04\/22 &#8211; A Terceira Turma do Tribunal Superior do Trabalho condenou a Seara Alimentos Ltda. a pagar indeniza\u00e7\u00e3o a um auxiliar de produ\u00e7\u00e3o que tinha de circular em trajes \u00edntimos diante de colegas de trabalho, durante a [&hellip;]\" \/>\n<meta property=\"og:url\" content=\"https:\/\/mhcalculos.com.br\/noticias\/area\/trabalhista\/tst-frigorifico-indenizara-empregado-que-tinha-de-circular-em-trajes-intimos-em-barreira-sanitaria.html\" \/>\n<meta property=\"og:site_name\" content=\"Portal de Not\u00edcias\" \/>\n<meta property=\"article:published_time\" content=\"2022-04-01T11:00:00+00:00\" \/>\n<meta property=\"og:image\" content=\"https:\/\/mhcalculos.com.br\/noticias\/wp-content\/uploads\/sites\/2\/2022\/04\/judiciario-0037.jpg\" \/>\n\t<meta property=\"og:image:width\" content=\"2000\" \/>\n\t<meta property=\"og:image:height\" content=\"800\" \/>\n\t<meta property=\"og:image:type\" content=\"image\/jpeg\" \/>\n<meta name=\"author\" content=\"Equipe MH\" \/>\n<meta name=\"twitter:card\" content=\"summary_large_image\" \/>\n<meta name=\"twitter:label1\" content=\"Escrito por\" \/>\n\t<meta name=\"twitter:data1\" content=\"Equipe MH\" \/>\n\t<meta name=\"twitter:label2\" content=\"Est. tempo de leitura\" \/>\n\t<meta name=\"twitter:data2\" content=\"3 minutos\" \/>\n<script type=\"application\/ld+json\" class=\"yoast-schema-graph\">{\"@context\":\"https:\/\/schema.org\",\"@graph\":[{\"@type\":\"Article\",\"@id\":\"https:\/\/mhcalculos.com.br\/noticias\/area\/trabalhista\/tst-frigorifico-indenizara-empregado-que-tinha-de-circular-em-trajes-intimos-em-barreira-sanitaria.html#article\",\"isPartOf\":{\"@id\":\"https:\/\/mhcalculos.com.br\/noticias\/area\/trabalhista\/tst-frigorifico-indenizara-empregado-que-tinha-de-circular-em-trajes-intimos-em-barreira-sanitaria.html\"},\"author\":{\"name\":\"Equipe MH\",\"@id\":\"https:\/\/mhcalculos.com.br\/noticias\/#\/schema\/person\/88d1c34bf72dc779ea14a5a6b8e0ae8d\"},\"headline\":\"TST: Frigor\u00edfico indenizar\u00e1 empregado que tinha de circular em trajes \u00edntimos em barreira sanit\u00e1ria\u00a0\",\"datePublished\":\"2022-04-01T11:00:00+00:00\",\"mainEntityOfPage\":{\"@id\":\"https:\/\/mhcalculos.com.br\/noticias\/area\/trabalhista\/tst-frigorifico-indenizara-empregado-que-tinha-de-circular-em-trajes-intimos-em-barreira-sanitaria.html\"},\"wordCount\":608,\"commentCount\":0,\"image\":{\"@id\":\"https:\/\/mhcalculos.com.br\/noticias\/area\/trabalhista\/tst-frigorifico-indenizara-empregado-que-tinha-de-circular-em-trajes-intimos-em-barreira-sanitaria.html#primaryimage\"},\"thumbnailUrl\":\"https:\/\/mhcalculos.com.br\/noticias\/wp-content\/uploads\/sites\/2\/2022\/04\/judiciario-0037.jpg\",\"keywords\":[\"c\u00e1lculos trabalhistas\",\"direito trabalhista\",\"per\u00edcia\",\"perito\",\"trabalho\",\"TST\"],\"articleSection\":[\"Direito Trabalhista\",\"TST\"],\"inLanguage\":\"pt-BR\",\"potentialAction\":[{\"@type\":\"CommentAction\",\"name\":\"Comment\",\"target\":[\"https:\/\/mhcalculos.com.br\/noticias\/area\/trabalhista\/tst-frigorifico-indenizara-empregado-que-tinha-de-circular-em-trajes-intimos-em-barreira-sanitaria.html#respond\"]}]},{\"@type\":\"WebPage\",\"@id\":\"https:\/\/mhcalculos.com.br\/noticias\/area\/trabalhista\/tst-frigorifico-indenizara-empregado-que-tinha-de-circular-em-trajes-intimos-em-barreira-sanitaria.html\",\"url\":\"https:\/\/mhcalculos.com.br\/noticias\/area\/trabalhista\/tst-frigorifico-indenizara-empregado-que-tinha-de-circular-em-trajes-intimos-em-barreira-sanitaria.html\",\"name\":\"TST: Frigor\u00edfico indenizar\u00e1 empregado que tinha de circular em trajes \u00edntimos em barreira sanit\u00e1ria\u00a0 | Portal de Not\u00edcias\",\"isPartOf\":{\"@id\":\"https:\/\/mhcalculos.com.br\/noticias\/#website\"},\"primaryImageOfPage\":{\"@id\":\"https:\/\/mhcalculos.com.br\/noticias\/area\/trabalhista\/tst-frigorifico-indenizara-empregado-que-tinha-de-circular-em-trajes-intimos-em-barreira-sanitaria.html#primaryimage\"},\"image\":{\"@id\":\"https:\/\/mhcalculos.com.br\/noticias\/area\/trabalhista\/tst-frigorifico-indenizara-empregado-que-tinha-de-circular-em-trajes-intimos-em-barreira-sanitaria.html#primaryimage\"},\"thumbnailUrl\":\"https:\/\/mhcalculos.com.br\/noticias\/wp-content\/uploads\/sites\/2\/2022\/04\/judiciario-0037.jpg\",\"datePublished\":\"2022-04-01T11:00:00+00:00\",\"author\":{\"@id\":\"https:\/\/mhcalculos.com.br\/noticias\/#\/schema\/person\/88d1c34bf72dc779ea14a5a6b8e0ae8d\"},\"breadcrumb\":{\"@id\":\"https:\/\/mhcalculos.com.br\/noticias\/area\/trabalhista\/tst-frigorifico-indenizara-empregado-que-tinha-de-circular-em-trajes-intimos-em-barreira-sanitaria.html#breadcrumb\"},\"inLanguage\":\"pt-BR\",\"potentialAction\":[{\"@type\":\"ReadAction\",\"target\":[\"https:\/\/mhcalculos.com.br\/noticias\/area\/trabalhista\/tst-frigorifico-indenizara-empregado-que-tinha-de-circular-em-trajes-intimos-em-barreira-sanitaria.html\"]}]},{\"@type\":\"ImageObject\",\"inLanguage\":\"pt-BR\",\"@id\":\"https:\/\/mhcalculos.com.br\/noticias\/area\/trabalhista\/tst-frigorifico-indenizara-empregado-que-tinha-de-circular-em-trajes-intimos-em-barreira-sanitaria.html#primaryimage\",\"url\":\"https:\/\/mhcalculos.com.br\/noticias\/wp-content\/uploads\/sites\/2\/2022\/04\/judiciario-0037.jpg\",\"contentUrl\":\"https:\/\/mhcalculos.com.br\/noticias\/wp-content\/uploads\/sites\/2\/2022\/04\/judiciario-0037.jpg\",\"width\":2000,\"height\":800},{\"@type\":\"BreadcrumbList\",\"@id\":\"https:\/\/mhcalculos.com.br\/noticias\/area\/trabalhista\/tst-frigorifico-indenizara-empregado-que-tinha-de-circular-em-trajes-intimos-em-barreira-sanitaria.html#breadcrumb\",\"itemListElement\":[{\"@type\":\"ListItem\",\"position\":1,\"name\":\"In\u00edcio\",\"item\":\"https:\/\/mhcalculos.com.br\/noticias\/\"},{\"@type\":\"ListItem\",\"position\":2,\"name\":\"TST: Frigor\u00edfico indenizar\u00e1 empregado que tinha de circular em trajes \u00edntimos em barreira sanit\u00e1ria\u00a0\"}]},{\"@type\":\"WebSite\",\"@id\":\"https:\/\/mhcalculos.com.br\/noticias\/#website\",\"url\":\"https:\/\/mhcalculos.com.br\/noticias\/\",\"name\":\"Portal de Not\u00edcias\",\"description\":\"Not\u00edcias e Jurisprud\u00eancia\",\"potentialAction\":[{\"@type\":\"SearchAction\",\"target\":{\"@type\":\"EntryPoint\",\"urlTemplate\":\"https:\/\/mhcalculos.com.br\/noticias\/?s={search_term_string}\"},\"query-input\":{\"@type\":\"PropertyValueSpecification\",\"valueRequired\":true,\"valueName\":\"search_term_string\"}}],\"inLanguage\":\"pt-BR\"},{\"@type\":\"Person\",\"@id\":\"https:\/\/mhcalculos.com.br\/noticias\/#\/schema\/person\/88d1c34bf72dc779ea14a5a6b8e0ae8d\",\"name\":\"Equipe MH\",\"image\":{\"@type\":\"ImageObject\",\"inLanguage\":\"pt-BR\",\"@id\":\"https:\/\/secure.gravatar.com\/avatar\/de1c686c2ecc9c5a3f327e3431d819eb39f8f05d4e1045f5a1caad6daaba987f?s=96&d=mm&r=g\",\"url\":\"https:\/\/secure.gravatar.com\/avatar\/de1c686c2ecc9c5a3f327e3431d819eb39f8f05d4e1045f5a1caad6daaba987f?s=96&d=mm&r=g\",\"contentUrl\":\"https:\/\/secure.gravatar.com\/avatar\/de1c686c2ecc9c5a3f327e3431d819eb39f8f05d4e1045f5a1caad6daaba987f?s=96&d=mm&r=g\",\"caption\":\"Equipe MH\"}}]}<\/script>\n<!-- \/ Yoast SEO plugin. -->","yoast_head_json":{"title":"TST: Frigor\u00edfico indenizar\u00e1 empregado que tinha de circular em trajes \u00edntimos em barreira sanit\u00e1ria\u00a0 | Portal de Not\u00edcias","robots":{"index":"index","follow":"follow","max-snippet":"max-snippet:-1","max-image-preview":"max-image-preview:large","max-video-preview":"max-video-preview:-1"},"canonical":"https:\/\/mhcalculos.com.br\/noticias\/area\/trabalhista\/tst-frigorifico-indenizara-empregado-que-tinha-de-circular-em-trajes-intimos-em-barreira-sanitaria.html","og_locale":"pt_BR","og_type":"article","og_title":"TST: Frigor\u00edfico indenizar\u00e1 empregado que tinha de circular em trajes \u00edntimos em barreira sanit\u00e1ria\u00a0 | Portal de Not\u00edcias","og_description":"A empresa foi considerada negligente em rela\u00e7\u00e3o aos cuidados para preservar a intimidade do empregado&nbsp; Ministro Agra Belmonte 01\/04\/22 &#8211; A Terceira Turma do Tribunal Superior do Trabalho condenou a Seara Alimentos Ltda. a pagar indeniza\u00e7\u00e3o a um auxiliar de produ\u00e7\u00e3o que tinha de circular em trajes \u00edntimos diante de colegas de trabalho, durante a [&hellip;]","og_url":"https:\/\/mhcalculos.com.br\/noticias\/area\/trabalhista\/tst-frigorifico-indenizara-empregado-que-tinha-de-circular-em-trajes-intimos-em-barreira-sanitaria.html","og_site_name":"Portal de Not\u00edcias","article_published_time":"2022-04-01T11:00:00+00:00","og_image":[{"width":2000,"height":800,"url":"https:\/\/mhcalculos.com.br\/noticias\/wp-content\/uploads\/sites\/2\/2022\/04\/judiciario-0037.jpg","type":"image\/jpeg"}],"author":"Equipe MH","twitter_card":"summary_large_image","twitter_misc":{"Escrito por":"Equipe MH","Est. tempo de leitura":"3 minutos"},"schema":{"@context":"https:\/\/schema.org","@graph":[{"@type":"Article","@id":"https:\/\/mhcalculos.com.br\/noticias\/area\/trabalhista\/tst-frigorifico-indenizara-empregado-que-tinha-de-circular-em-trajes-intimos-em-barreira-sanitaria.html#article","isPartOf":{"@id":"https:\/\/mhcalculos.com.br\/noticias\/area\/trabalhista\/tst-frigorifico-indenizara-empregado-que-tinha-de-circular-em-trajes-intimos-em-barreira-sanitaria.html"},"author":{"name":"Equipe MH","@id":"https:\/\/mhcalculos.com.br\/noticias\/#\/schema\/person\/88d1c34bf72dc779ea14a5a6b8e0ae8d"},"headline":"TST: Frigor\u00edfico indenizar\u00e1 empregado que tinha de circular em trajes \u00edntimos em barreira sanit\u00e1ria\u00a0","datePublished":"2022-04-01T11:00:00+00:00","mainEntityOfPage":{"@id":"https:\/\/mhcalculos.com.br\/noticias\/area\/trabalhista\/tst-frigorifico-indenizara-empregado-que-tinha-de-circular-em-trajes-intimos-em-barreira-sanitaria.html"},"wordCount":608,"commentCount":0,"image":{"@id":"https:\/\/mhcalculos.com.br\/noticias\/area\/trabalhista\/tst-frigorifico-indenizara-empregado-que-tinha-de-circular-em-trajes-intimos-em-barreira-sanitaria.html#primaryimage"},"thumbnailUrl":"https:\/\/mhcalculos.com.br\/noticias\/wp-content\/uploads\/sites\/2\/2022\/04\/judiciario-0037.jpg","keywords":["c\u00e1lculos trabalhistas","direito trabalhista","per\u00edcia","perito","trabalho","TST"],"articleSection":["Direito Trabalhista","TST"],"inLanguage":"pt-BR","potentialAction":[{"@type":"CommentAction","name":"Comment","target":["https:\/\/mhcalculos.com.br\/noticias\/area\/trabalhista\/tst-frigorifico-indenizara-empregado-que-tinha-de-circular-em-trajes-intimos-em-barreira-sanitaria.html#respond"]}]},{"@type":"WebPage","@id":"https:\/\/mhcalculos.com.br\/noticias\/area\/trabalhista\/tst-frigorifico-indenizara-empregado-que-tinha-de-circular-em-trajes-intimos-em-barreira-sanitaria.html","url":"https:\/\/mhcalculos.com.br\/noticias\/area\/trabalhista\/tst-frigorifico-indenizara-empregado-que-tinha-de-circular-em-trajes-intimos-em-barreira-sanitaria.html","name":"TST: Frigor\u00edfico indenizar\u00e1 empregado que tinha de circular em trajes \u00edntimos em barreira sanit\u00e1ria\u00a0 | Portal de Not\u00edcias","isPartOf":{"@id":"https:\/\/mhcalculos.com.br\/noticias\/#website"},"primaryImageOfPage":{"@id":"https:\/\/mhcalculos.com.br\/noticias\/area\/trabalhista\/tst-frigorifico-indenizara-empregado-que-tinha-de-circular-em-trajes-intimos-em-barreira-sanitaria.html#primaryimage"},"image":{"@id":"https:\/\/mhcalculos.com.br\/noticias\/area\/trabalhista\/tst-frigorifico-indenizara-empregado-que-tinha-de-circular-em-trajes-intimos-em-barreira-sanitaria.html#primaryimage"},"thumbnailUrl":"https:\/\/mhcalculos.com.br\/noticias\/wp-content\/uploads\/sites\/2\/2022\/04\/judiciario-0037.jpg","datePublished":"2022-04-01T11:00:00+00:00","author":{"@id":"https:\/\/mhcalculos.com.br\/noticias\/#\/schema\/person\/88d1c34bf72dc779ea14a5a6b8e0ae8d"},"breadcrumb":{"@id":"https:\/\/mhcalculos.com.br\/noticias\/area\/trabalhista\/tst-frigorifico-indenizara-empregado-que-tinha-de-circular-em-trajes-intimos-em-barreira-sanitaria.html#breadcrumb"},"inLanguage":"pt-BR","potentialAction":[{"@type":"ReadAction","target":["https:\/\/mhcalculos.com.br\/noticias\/area\/trabalhista\/tst-frigorifico-indenizara-empregado-que-tinha-de-circular-em-trajes-intimos-em-barreira-sanitaria.html"]}]},{"@type":"ImageObject","inLanguage":"pt-BR","@id":"https:\/\/mhcalculos.com.br\/noticias\/area\/trabalhista\/tst-frigorifico-indenizara-empregado-que-tinha-de-circular-em-trajes-intimos-em-barreira-sanitaria.html#primaryimage","url":"https:\/\/mhcalculos.com.br\/noticias\/wp-content\/uploads\/sites\/2\/2022\/04\/judiciario-0037.jpg","contentUrl":"https:\/\/mhcalculos.com.br\/noticias\/wp-content\/uploads\/sites\/2\/2022\/04\/judiciario-0037.jpg","width":2000,"height":800},{"@type":"BreadcrumbList","@id":"https:\/\/mhcalculos.com.br\/noticias\/area\/trabalhista\/tst-frigorifico-indenizara-empregado-que-tinha-de-circular-em-trajes-intimos-em-barreira-sanitaria.html#breadcrumb","itemListElement":[{"@type":"ListItem","position":1,"name":"In\u00edcio","item":"https:\/\/mhcalculos.com.br\/noticias\/"},{"@type":"ListItem","position":2,"name":"TST: Frigor\u00edfico indenizar\u00e1 empregado que tinha de circular em trajes \u00edntimos em barreira sanit\u00e1ria\u00a0"}]},{"@type":"WebSite","@id":"https:\/\/mhcalculos.com.br\/noticias\/#website","url":"https:\/\/mhcalculos.com.br\/noticias\/","name":"Portal de Not\u00edcias","description":"Not\u00edcias e Jurisprud\u00eancia","potentialAction":[{"@type":"SearchAction","target":{"@type":"EntryPoint","urlTemplate":"https:\/\/mhcalculos.com.br\/noticias\/?s={search_term_string}"},"query-input":{"@type":"PropertyValueSpecification","valueRequired":true,"valueName":"search_term_string"}}],"inLanguage":"pt-BR"},{"@type":"Person","@id":"https:\/\/mhcalculos.com.br\/noticias\/#\/schema\/person\/88d1c34bf72dc779ea14a5a6b8e0ae8d","name":"Equipe MH","image":{"@type":"ImageObject","inLanguage":"pt-BR","@id":"https:\/\/secure.gravatar.com\/avatar\/de1c686c2ecc9c5a3f327e3431d819eb39f8f05d4e1045f5a1caad6daaba987f?s=96&d=mm&r=g","url":"https:\/\/secure.gravatar.com\/avatar\/de1c686c2ecc9c5a3f327e3431d819eb39f8f05d4e1045f5a1caad6daaba987f?s=96&d=mm&r=g","contentUrl":"https:\/\/secure.gravatar.com\/avatar\/de1c686c2ecc9c5a3f327e3431d819eb39f8f05d4e1045f5a1caad6daaba987f?s=96&d=mm&r=g","caption":"Equipe MH"}}]}},"_links":{"self":[{"href":"https:\/\/mhcalculos.com.br\/noticias\/wp-json\/wp\/v2\/posts\/11071","targetHints":{"allow":["GET"]}}],"collection":[{"href":"https:\/\/mhcalculos.com.br\/noticias\/wp-json\/wp\/v2\/posts"}],"about":[{"href":"https:\/\/mhcalculos.com.br\/noticias\/wp-json\/wp\/v2\/types\/post"}],"author":[{"embeddable":true,"href":"https:\/\/mhcalculos.com.br\/noticias\/wp-json\/wp\/v2\/users\/3063"}],"replies":[{"embeddable":true,"href":"https:\/\/mhcalculos.com.br\/noticias\/wp-json\/wp\/v2\/comments?post=11071"}],"version-history":[{"count":0,"href":"https:\/\/mhcalculos.com.br\/noticias\/wp-json\/wp\/v2\/posts\/11071\/revisions"}],"wp:featuredmedia":[{"embeddable":true,"href":"https:\/\/mhcalculos.com.br\/noticias\/wp-json\/wp\/v2\/media\/11072"}],"wp:attachment":[{"href":"https:\/\/mhcalculos.com.br\/noticias\/wp-json\/wp\/v2\/media?parent=11071"}],"wp:term":[{"taxonomy":"category","embeddable":true,"href":"https:\/\/mhcalculos.com.br\/noticias\/wp-json\/wp\/v2\/categories?post=11071"},{"taxonomy":"post_tag","embeddable":true,"href":"https:\/\/mhcalculos.com.br\/noticias\/wp-json\/wp\/v2\/tags?post=11071"}],"curies":[{"name":"wp","href":"https:\/\/api.w.org\/{rel}","templated":true}]}}