{"id":11059,"date":"2022-03-30T22:05:10","date_gmt":"2022-03-31T01:05:10","guid":{"rendered":"https:\/\/mhcalculos.com.br\/noticias\/area\/previdenciario\/trf4-dialogo-judicial-entre-brasil-e-eua-sobre-direito-ambiental-e-tema-da-nova-edicao-eletronica-30-03-2022.html"},"modified":"2022-03-30T22:05:10","modified_gmt":"2022-03-31T01:05:10","slug":"trf4-dialogo-judicial-entre-brasil-e-eua-sobre-direito-ambiental-e-tema-da-nova-edicao-eletronica-30-03-2022","status":"publish","type":"post","link":"https:\/\/mhcalculos.com.br\/noticias\/area\/previdenciario\/trf4-dialogo-judicial-entre-brasil-e-eua-sobre-direito-ambiental-e-tema-da-nova-edicao-eletronica-30-03-2022.html","title":{"rendered":"TRF4: Di\u00e1logo judicial entre Brasil e EUA sobre Direito Ambiental \u00e9 tema da nova edi\u00e7\u00e3o eletr\u00f4nica (30\/03\/2022)"},"content":{"rendered":"<p><br \/>\n<\/p>\n<p>A Revista da Escola da Magistratura do Tribunal Regional Federal da 4\u00aa Regi\u00e3o (Emagis\/TRF4) n\u00ba 20 foi lan\u00e7ada hoje (30\/3). A nova edi\u00e7\u00e3o destaca o artigo &ldquo;Transjudicialismo ambiental: di\u00e1logo judicial transnacional nas cortes constitucionais do Brasil e dos EUA&rdquo;, de autoria do juiz federal Daniel Raupp. A partir deste n\u00famero, a publica\u00e7\u00e3o passa a ser produzida exclusivamente em meio digital.<a href=\"https:\/\/www.trf4.jus.br\/trf4\/controlador.php?acao=pagina_visualizar&amp;id_pagina=1336\" target=\"_blank\" rel=\"noopener\"> Clique aqui<\/a> para acessar a edi\u00e7\u00e3o na \u00edntegra.<\/p>\n<p>O texto de Raupp examina a exist\u00eancia, os desdobramentos e a pr\u00e1tica do chamado &ldquo;transjudicialismo ambiental&rdquo; nas supremas cortes dos dois pa\u00edses. &ldquo;Para tanto, discorre sobre os fen\u00f4menos da transnacionalidade e do direito transnacional no surgimento do di\u00e1logo transjudicial; descreve o significado de comunica\u00e7\u00e3o transjudicial e sua contribui\u00e7\u00e3o para o aprimoramento do processo de tomada de decis\u00e3o; analisa o transjudicialismo no campo do direito ambiental; e investiga o uso de fontes estrangeiras em decis\u00f5es do STF e da Suprema Corte dos EUA&rdquo;, resume o magistrado.<\/p>\n<p>&ldquo;O dano ambiental n\u00e3o respeita fronteiras geogr\u00e1ficas&rdquo;, salienta o autor. &ldquo;Uma prote\u00e7\u00e3o ambiental efetiva depende muitas vezes da coopera\u00e7\u00e3o de diversos atores, estatais e n\u00e3o estatais. Nesse sentido, uma jurisdi\u00e7\u00e3o ambiental de qualidade e o implemento concreto de decis\u00f5es judiciais passam pelo di\u00e1logo judicial transnacional, na busca de melhores decis\u00f5es para problemas comuns da humanidade&rdquo;, ele ressalta.<\/p>\n<p>A nova edi\u00e7\u00e3o da revista traz no total 12 textos sobre temas jur\u00eddicos diversificados. O peri\u00f3dico quadrimestral, editado pela Emagis\u00a0do TRF4, foi lan\u00e7ado em 2014 com o objetivo de contribuir para o aprimoramento permanente dos ju\u00edzes federais e dos demais operadores do Direito.<\/p>\n<p><strong>Artigos da edi\u00e7\u00e3o n\u00ba 20:<\/strong><\/p>\n<p>Direito \u00e0 morte digna<\/p>\n<p><em>Reis Friede<\/em><\/p>\n<p>A norma de direito intergeracional clim\u00e1tico. A prote\u00e7\u00e3o contra mudan\u00e7as clim\u00e1ticas como norma constitucional e constitutiva do Estado<\/p>\n<p><em>Luciana Bauer<\/em><\/p>\n<p>Levando os conceitos a s\u00e9rio: processo estrutural, processo coletivo, processo estrat\u00e9gico e suas diferen\u00e7as<\/p>\n<p><em>Edilson Vitorelli<\/em><\/p>\n<p>Transjudicialismo ambiental: di\u00e1logo judicial transnacional nas cortes constitucionais do Brasil e dos EUA<\/p>\n<p><em>Daniel Raupp<\/em><\/p>\n<p>Cess\u00e3o de contratos de concess\u00f5es p\u00fablicas<\/p>\n<p><em>Tha\u00eds Mar\u00e7al e Caio Mac\u00eado<\/em><\/p>\n<p>Decis\u00f5es monocr\u00e1ticas nos tribunais: exce\u00e7\u00e3o ou regra?<\/p>\n<p><em>Oscar Valente Cardoso<\/em><\/p>\n<p>A rela\u00e7\u00e3o dos direitos da personalidade com os direitos fundamentais e os direitos humanos<\/p>\n<p><em>Leonardo Estevam de Assis Zanini e Odete Novais Carneiro Queiroz<\/em><\/p>\n<p>Direito ao aborto no Brasil: discuss\u00e3o te\u00f3rica e pr\u00e1tica<\/p>\n<p><em>Diogo Edele Pimentel<\/em><\/p>\n<p>O problema do livre convencimento motivado<\/p>\n<p><em>C\u00e1ssio Benvenutti de Castro<\/em><\/p>\n<p>A falsifica\u00e7\u00e3o de obras de arte: reflex\u00f5es a partir do document\u00e1rio &ldquo;Beltracchi: The art of forgery&rdquo;<\/p>\n<p><em>Lisiane Feiten Wingert Ody<\/em><\/p>\n<p>O contradit\u00f3rio substancial e a fundamenta\u00e7\u00e3o das decis\u00f5es nos juizados especiais c\u00edveis<\/p>\n<p><em>Pablo Vianna Roland<\/em><\/p>\n<p>O novo requisito et\u00e1rio da aposentadoria especial: an\u00e1lise da inconstitucionalidade e da inconvencionalidade na perspectiva dos direitos humanos<\/p>\n<p><em>Karem Brand\u00e3o<\/em><\/p>\n<p><em>Fonte: Emagis\/TRF4<\/em><\/p>\n<p><br \/> (Imagem: Emagis\/TRF4)<\/p>\n<p><i>Com informa\u00e7\u00f5es da assessoria de imprensa do TRF4.<\/i><br \/>\n<br \/><a href=\"http:\/\/www2.trf4.jus.br\/trf4\/controlador.php?acao=noticia_visualizar&#038;id_noticia=16425\">Fonte<\/a><br \/>\n<br \/><\/p>\n","protected":false},"excerpt":{"rendered":"<p>A Revista da Escola da Magistratura do Tribunal Regional Federal da 4\u00aa Regi\u00e3o (Emagis\/TRF4) n\u00ba 20 foi lan\u00e7ada hoje (30\/3). A nova edi\u00e7\u00e3o destaca o artigo &ldquo;Transjudicialismo ambiental: di\u00e1logo judicial transnacional nas cortes constitucionais do Brasil e dos EUA&rdquo;, de autoria do juiz federal Daniel Raupp. A partir deste n\u00famero, a publica\u00e7\u00e3o passa a ser [&hellip;]<\/p>\n","protected":false},"author":3063,"featured_media":11060,"comment_status":"open","ping_status":"open","sticky":false,"template":"","format":"standard","meta":{"footnotes":""},"categories":[5,6],"tags":[11,10,8,13,9,12,17],"class_list":{"0":"post-11059","1":"post","2":"type-post","3":"status-publish","4":"format-standard","5":"has-post-thumbnail","7":"category-previdenciario","8":"category-trf4","9":"tag-aposentadoria","10":"tag-calculos-previdenciarios","11":"tag-direito-previdenciario","12":"tag-inss","13":"tag-pericia","14":"tag-perito","15":"tag-trf4"},"yoast_head":"<!-- This site is optimized with the Yoast SEO plugin v27.2 - https:\/\/yoast.com\/product\/yoast-seo-wordpress\/ -->\n<title>TRF4: Di\u00e1logo judicial entre Brasil e EUA sobre Direito Ambiental \u00e9 tema da nova edi\u00e7\u00e3o eletr\u00f4nica (30\/03\/2022) | Portal de Not\u00edcias<\/title>\n<meta name=\"robots\" content=\"index, follow, max-snippet:-1, max-image-preview:large, max-video-preview:-1\" \/>\n<link rel=\"canonical\" href=\"https:\/\/mhcalculos.com.br\/noticias\/area\/previdenciario\/trf4-dialogo-judicial-entre-brasil-e-eua-sobre-direito-ambiental-e-tema-da-nova-edicao-eletronica-30-03-2022.html\" \/>\n<meta property=\"og:locale\" content=\"pt_BR\" \/>\n<meta property=\"og:type\" content=\"article\" \/>\n<meta property=\"og:title\" content=\"TRF4: Di\u00e1logo judicial entre Brasil e EUA sobre Direito Ambiental \u00e9 tema da nova edi\u00e7\u00e3o eletr\u00f4nica (30\/03\/2022) | Portal de Not\u00edcias\" \/>\n<meta property=\"og:description\" content=\"A Revista da Escola da Magistratura do Tribunal Regional Federal da 4\u00aa Regi\u00e3o (Emagis\/TRF4) n\u00ba 20 foi lan\u00e7ada hoje (30\/3). A nova edi\u00e7\u00e3o destaca o artigo &ldquo;Transjudicialismo ambiental: di\u00e1logo judicial transnacional nas cortes constitucionais do Brasil e dos EUA&rdquo;, de autoria do juiz federal Daniel Raupp. A partir deste n\u00famero, a publica\u00e7\u00e3o passa a ser [&hellip;]\" \/>\n<meta property=\"og:url\" content=\"https:\/\/mhcalculos.com.br\/noticias\/area\/previdenciario\/trf4-dialogo-judicial-entre-brasil-e-eua-sobre-direito-ambiental-e-tema-da-nova-edicao-eletronica-30-03-2022.html\" \/>\n<meta property=\"og:site_name\" content=\"Portal de Not\u00edcias\" \/>\n<meta property=\"article:published_time\" content=\"2022-03-31T01:05:10+00:00\" \/>\n<meta property=\"og:image\" content=\"https:\/\/mhcalculos.com.br\/noticias\/wp-content\/uploads\/sites\/2\/2022\/03\/judiciario-0032.jpg\" \/>\n\t<meta property=\"og:image:width\" content=\"2000\" \/>\n\t<meta property=\"og:image:height\" content=\"800\" \/>\n\t<meta property=\"og:image:type\" content=\"image\/jpeg\" \/>\n<meta name=\"author\" content=\"Equipe MH\" \/>\n<meta name=\"twitter:card\" content=\"summary_large_image\" \/>\n<meta name=\"twitter:label1\" content=\"Escrito por\" \/>\n\t<meta name=\"twitter:data1\" content=\"Equipe MH\" \/>\n\t<meta name=\"twitter:label2\" content=\"Est. tempo de leitura\" \/>\n\t<meta name=\"twitter:data2\" content=\"3 minutos\" \/>\n<script type=\"application\/ld+json\" class=\"yoast-schema-graph\">{\"@context\":\"https:\/\/schema.org\",\"@graph\":[{\"@type\":\"Article\",\"@id\":\"https:\/\/mhcalculos.com.br\/noticias\/area\/previdenciario\/trf4-dialogo-judicial-entre-brasil-e-eua-sobre-direito-ambiental-e-tema-da-nova-edicao-eletronica-30-03-2022.html#article\",\"isPartOf\":{\"@id\":\"https:\/\/mhcalculos.com.br\/noticias\/area\/previdenciario\/trf4-dialogo-judicial-entre-brasil-e-eua-sobre-direito-ambiental-e-tema-da-nova-edicao-eletronica-30-03-2022.html\"},\"author\":{\"name\":\"Equipe MH\",\"@id\":\"https:\/\/mhcalculos.com.br\/noticias\/#\/schema\/person\/88d1c34bf72dc779ea14a5a6b8e0ae8d\"},\"headline\":\"TRF4: Di\u00e1logo judicial entre Brasil e EUA sobre Direito Ambiental \u00e9 tema da nova edi\u00e7\u00e3o eletr\u00f4nica (30\/03\/2022)\",\"datePublished\":\"2022-03-31T01:05:10+00:00\",\"mainEntityOfPage\":{\"@id\":\"https:\/\/mhcalculos.com.br\/noticias\/area\/previdenciario\/trf4-dialogo-judicial-entre-brasil-e-eua-sobre-direito-ambiental-e-tema-da-nova-edicao-eletronica-30-03-2022.html\"},\"wordCount\":543,\"commentCount\":0,\"image\":{\"@id\":\"https:\/\/mhcalculos.com.br\/noticias\/area\/previdenciario\/trf4-dialogo-judicial-entre-brasil-e-eua-sobre-direito-ambiental-e-tema-da-nova-edicao-eletronica-30-03-2022.html#primaryimage\"},\"thumbnailUrl\":\"https:\/\/mhcalculos.com.br\/noticias\/wp-content\/uploads\/sites\/2\/2022\/03\/judiciario-0032.jpg\",\"keywords\":[\"aposentadoria\",\"c\u00e1lculos previdenci\u00e1rios\",\"direito previdenci\u00e1rio\",\"inss\",\"per\u00edcia\",\"perito\",\"trf4\"],\"articleSection\":[\"Direito Previdenci\u00e1rio\",\"TRF4\"],\"inLanguage\":\"pt-BR\",\"potentialAction\":[{\"@type\":\"CommentAction\",\"name\":\"Comment\",\"target\":[\"https:\/\/mhcalculos.com.br\/noticias\/area\/previdenciario\/trf4-dialogo-judicial-entre-brasil-e-eua-sobre-direito-ambiental-e-tema-da-nova-edicao-eletronica-30-03-2022.html#respond\"]}]},{\"@type\":\"WebPage\",\"@id\":\"https:\/\/mhcalculos.com.br\/noticias\/area\/previdenciario\/trf4-dialogo-judicial-entre-brasil-e-eua-sobre-direito-ambiental-e-tema-da-nova-edicao-eletronica-30-03-2022.html\",\"url\":\"https:\/\/mhcalculos.com.br\/noticias\/area\/previdenciario\/trf4-dialogo-judicial-entre-brasil-e-eua-sobre-direito-ambiental-e-tema-da-nova-edicao-eletronica-30-03-2022.html\",\"name\":\"TRF4: Di\u00e1logo judicial entre Brasil e EUA sobre Direito Ambiental \u00e9 tema da nova edi\u00e7\u00e3o eletr\u00f4nica (30\/03\/2022) | Portal de Not\u00edcias\",\"isPartOf\":{\"@id\":\"https:\/\/mhcalculos.com.br\/noticias\/#website\"},\"primaryImageOfPage\":{\"@id\":\"https:\/\/mhcalculos.com.br\/noticias\/area\/previdenciario\/trf4-dialogo-judicial-entre-brasil-e-eua-sobre-direito-ambiental-e-tema-da-nova-edicao-eletronica-30-03-2022.html#primaryimage\"},\"image\":{\"@id\":\"https:\/\/mhcalculos.com.br\/noticias\/area\/previdenciario\/trf4-dialogo-judicial-entre-brasil-e-eua-sobre-direito-ambiental-e-tema-da-nova-edicao-eletronica-30-03-2022.html#primaryimage\"},\"thumbnailUrl\":\"https:\/\/mhcalculos.com.br\/noticias\/wp-content\/uploads\/sites\/2\/2022\/03\/judiciario-0032.jpg\",\"datePublished\":\"2022-03-31T01:05:10+00:00\",\"author\":{\"@id\":\"https:\/\/mhcalculos.com.br\/noticias\/#\/schema\/person\/88d1c34bf72dc779ea14a5a6b8e0ae8d\"},\"breadcrumb\":{\"@id\":\"https:\/\/mhcalculos.com.br\/noticias\/area\/previdenciario\/trf4-dialogo-judicial-entre-brasil-e-eua-sobre-direito-ambiental-e-tema-da-nova-edicao-eletronica-30-03-2022.html#breadcrumb\"},\"inLanguage\":\"pt-BR\",\"potentialAction\":[{\"@type\":\"ReadAction\",\"target\":[\"https:\/\/mhcalculos.com.br\/noticias\/area\/previdenciario\/trf4-dialogo-judicial-entre-brasil-e-eua-sobre-direito-ambiental-e-tema-da-nova-edicao-eletronica-30-03-2022.html\"]}]},{\"@type\":\"ImageObject\",\"inLanguage\":\"pt-BR\",\"@id\":\"https:\/\/mhcalculos.com.br\/noticias\/area\/previdenciario\/trf4-dialogo-judicial-entre-brasil-e-eua-sobre-direito-ambiental-e-tema-da-nova-edicao-eletronica-30-03-2022.html#primaryimage\",\"url\":\"https:\/\/mhcalculos.com.br\/noticias\/wp-content\/uploads\/sites\/2\/2022\/03\/judiciario-0032.jpg\",\"contentUrl\":\"https:\/\/mhcalculos.com.br\/noticias\/wp-content\/uploads\/sites\/2\/2022\/03\/judiciario-0032.jpg\",\"width\":2000,\"height\":800},{\"@type\":\"BreadcrumbList\",\"@id\":\"https:\/\/mhcalculos.com.br\/noticias\/area\/previdenciario\/trf4-dialogo-judicial-entre-brasil-e-eua-sobre-direito-ambiental-e-tema-da-nova-edicao-eletronica-30-03-2022.html#breadcrumb\",\"itemListElement\":[{\"@type\":\"ListItem\",\"position\":1,\"name\":\"In\u00edcio\",\"item\":\"https:\/\/mhcalculos.com.br\/noticias\/\"},{\"@type\":\"ListItem\",\"position\":2,\"name\":\"TRF4: Di\u00e1logo judicial entre Brasil e EUA sobre Direito Ambiental \u00e9 tema da nova edi\u00e7\u00e3o eletr\u00f4nica (30\/03\/2022)\"}]},{\"@type\":\"WebSite\",\"@id\":\"https:\/\/mhcalculos.com.br\/noticias\/#website\",\"url\":\"https:\/\/mhcalculos.com.br\/noticias\/\",\"name\":\"Portal de Not\u00edcias\",\"description\":\"Not\u00edcias e Jurisprud\u00eancia\",\"potentialAction\":[{\"@type\":\"SearchAction\",\"target\":{\"@type\":\"EntryPoint\",\"urlTemplate\":\"https:\/\/mhcalculos.com.br\/noticias\/?s={search_term_string}\"},\"query-input\":{\"@type\":\"PropertyValueSpecification\",\"valueRequired\":true,\"valueName\":\"search_term_string\"}}],\"inLanguage\":\"pt-BR\"},{\"@type\":\"Person\",\"@id\":\"https:\/\/mhcalculos.com.br\/noticias\/#\/schema\/person\/88d1c34bf72dc779ea14a5a6b8e0ae8d\",\"name\":\"Equipe MH\",\"image\":{\"@type\":\"ImageObject\",\"inLanguage\":\"pt-BR\",\"@id\":\"https:\/\/secure.gravatar.com\/avatar\/de1c686c2ecc9c5a3f327e3431d819eb39f8f05d4e1045f5a1caad6daaba987f?s=96&d=mm&r=g\",\"url\":\"https:\/\/secure.gravatar.com\/avatar\/de1c686c2ecc9c5a3f327e3431d819eb39f8f05d4e1045f5a1caad6daaba987f?s=96&d=mm&r=g\",\"contentUrl\":\"https:\/\/secure.gravatar.com\/avatar\/de1c686c2ecc9c5a3f327e3431d819eb39f8f05d4e1045f5a1caad6daaba987f?s=96&d=mm&r=g\",\"caption\":\"Equipe MH\"}}]}<\/script>\n<!-- \/ Yoast SEO plugin. -->","yoast_head_json":{"title":"TRF4: Di\u00e1logo judicial entre Brasil e EUA sobre Direito Ambiental \u00e9 tema da nova edi\u00e7\u00e3o eletr\u00f4nica (30\/03\/2022) | Portal de Not\u00edcias","robots":{"index":"index","follow":"follow","max-snippet":"max-snippet:-1","max-image-preview":"max-image-preview:large","max-video-preview":"max-video-preview:-1"},"canonical":"https:\/\/mhcalculos.com.br\/noticias\/area\/previdenciario\/trf4-dialogo-judicial-entre-brasil-e-eua-sobre-direito-ambiental-e-tema-da-nova-edicao-eletronica-30-03-2022.html","og_locale":"pt_BR","og_type":"article","og_title":"TRF4: Di\u00e1logo judicial entre Brasil e EUA sobre Direito Ambiental \u00e9 tema da nova edi\u00e7\u00e3o eletr\u00f4nica (30\/03\/2022) | Portal de Not\u00edcias","og_description":"A Revista da Escola da Magistratura do Tribunal Regional Federal da 4\u00aa Regi\u00e3o (Emagis\/TRF4) n\u00ba 20 foi lan\u00e7ada hoje (30\/3). A nova edi\u00e7\u00e3o destaca o artigo &ldquo;Transjudicialismo ambiental: di\u00e1logo judicial transnacional nas cortes constitucionais do Brasil e dos EUA&rdquo;, de autoria do juiz federal Daniel Raupp. A partir deste n\u00famero, a publica\u00e7\u00e3o passa a ser [&hellip;]","og_url":"https:\/\/mhcalculos.com.br\/noticias\/area\/previdenciario\/trf4-dialogo-judicial-entre-brasil-e-eua-sobre-direito-ambiental-e-tema-da-nova-edicao-eletronica-30-03-2022.html","og_site_name":"Portal de Not\u00edcias","article_published_time":"2022-03-31T01:05:10+00:00","og_image":[{"width":2000,"height":800,"url":"https:\/\/mhcalculos.com.br\/noticias\/wp-content\/uploads\/sites\/2\/2022\/03\/judiciario-0032.jpg","type":"image\/jpeg"}],"author":"Equipe MH","twitter_card":"summary_large_image","twitter_misc":{"Escrito por":"Equipe MH","Est. tempo de leitura":"3 minutos"},"schema":{"@context":"https:\/\/schema.org","@graph":[{"@type":"Article","@id":"https:\/\/mhcalculos.com.br\/noticias\/area\/previdenciario\/trf4-dialogo-judicial-entre-brasil-e-eua-sobre-direito-ambiental-e-tema-da-nova-edicao-eletronica-30-03-2022.html#article","isPartOf":{"@id":"https:\/\/mhcalculos.com.br\/noticias\/area\/previdenciario\/trf4-dialogo-judicial-entre-brasil-e-eua-sobre-direito-ambiental-e-tema-da-nova-edicao-eletronica-30-03-2022.html"},"author":{"name":"Equipe MH","@id":"https:\/\/mhcalculos.com.br\/noticias\/#\/schema\/person\/88d1c34bf72dc779ea14a5a6b8e0ae8d"},"headline":"TRF4: Di\u00e1logo judicial entre Brasil e EUA sobre Direito Ambiental \u00e9 tema da nova edi\u00e7\u00e3o eletr\u00f4nica (30\/03\/2022)","datePublished":"2022-03-31T01:05:10+00:00","mainEntityOfPage":{"@id":"https:\/\/mhcalculos.com.br\/noticias\/area\/previdenciario\/trf4-dialogo-judicial-entre-brasil-e-eua-sobre-direito-ambiental-e-tema-da-nova-edicao-eletronica-30-03-2022.html"},"wordCount":543,"commentCount":0,"image":{"@id":"https:\/\/mhcalculos.com.br\/noticias\/area\/previdenciario\/trf4-dialogo-judicial-entre-brasil-e-eua-sobre-direito-ambiental-e-tema-da-nova-edicao-eletronica-30-03-2022.html#primaryimage"},"thumbnailUrl":"https:\/\/mhcalculos.com.br\/noticias\/wp-content\/uploads\/sites\/2\/2022\/03\/judiciario-0032.jpg","keywords":["aposentadoria","c\u00e1lculos previdenci\u00e1rios","direito previdenci\u00e1rio","inss","per\u00edcia","perito","trf4"],"articleSection":["Direito Previdenci\u00e1rio","TRF4"],"inLanguage":"pt-BR","potentialAction":[{"@type":"CommentAction","name":"Comment","target":["https:\/\/mhcalculos.com.br\/noticias\/area\/previdenciario\/trf4-dialogo-judicial-entre-brasil-e-eua-sobre-direito-ambiental-e-tema-da-nova-edicao-eletronica-30-03-2022.html#respond"]}]},{"@type":"WebPage","@id":"https:\/\/mhcalculos.com.br\/noticias\/area\/previdenciario\/trf4-dialogo-judicial-entre-brasil-e-eua-sobre-direito-ambiental-e-tema-da-nova-edicao-eletronica-30-03-2022.html","url":"https:\/\/mhcalculos.com.br\/noticias\/area\/previdenciario\/trf4-dialogo-judicial-entre-brasil-e-eua-sobre-direito-ambiental-e-tema-da-nova-edicao-eletronica-30-03-2022.html","name":"TRF4: Di\u00e1logo judicial entre Brasil e EUA sobre Direito Ambiental \u00e9 tema da nova edi\u00e7\u00e3o eletr\u00f4nica (30\/03\/2022) | Portal de Not\u00edcias","isPartOf":{"@id":"https:\/\/mhcalculos.com.br\/noticias\/#website"},"primaryImageOfPage":{"@id":"https:\/\/mhcalculos.com.br\/noticias\/area\/previdenciario\/trf4-dialogo-judicial-entre-brasil-e-eua-sobre-direito-ambiental-e-tema-da-nova-edicao-eletronica-30-03-2022.html#primaryimage"},"image":{"@id":"https:\/\/mhcalculos.com.br\/noticias\/area\/previdenciario\/trf4-dialogo-judicial-entre-brasil-e-eua-sobre-direito-ambiental-e-tema-da-nova-edicao-eletronica-30-03-2022.html#primaryimage"},"thumbnailUrl":"https:\/\/mhcalculos.com.br\/noticias\/wp-content\/uploads\/sites\/2\/2022\/03\/judiciario-0032.jpg","datePublished":"2022-03-31T01:05:10+00:00","author":{"@id":"https:\/\/mhcalculos.com.br\/noticias\/#\/schema\/person\/88d1c34bf72dc779ea14a5a6b8e0ae8d"},"breadcrumb":{"@id":"https:\/\/mhcalculos.com.br\/noticias\/area\/previdenciario\/trf4-dialogo-judicial-entre-brasil-e-eua-sobre-direito-ambiental-e-tema-da-nova-edicao-eletronica-30-03-2022.html#breadcrumb"},"inLanguage":"pt-BR","potentialAction":[{"@type":"ReadAction","target":["https:\/\/mhcalculos.com.br\/noticias\/area\/previdenciario\/trf4-dialogo-judicial-entre-brasil-e-eua-sobre-direito-ambiental-e-tema-da-nova-edicao-eletronica-30-03-2022.html"]}]},{"@type":"ImageObject","inLanguage":"pt-BR","@id":"https:\/\/mhcalculos.com.br\/noticias\/area\/previdenciario\/trf4-dialogo-judicial-entre-brasil-e-eua-sobre-direito-ambiental-e-tema-da-nova-edicao-eletronica-30-03-2022.html#primaryimage","url":"https:\/\/mhcalculos.com.br\/noticias\/wp-content\/uploads\/sites\/2\/2022\/03\/judiciario-0032.jpg","contentUrl":"https:\/\/mhcalculos.com.br\/noticias\/wp-content\/uploads\/sites\/2\/2022\/03\/judiciario-0032.jpg","width":2000,"height":800},{"@type":"BreadcrumbList","@id":"https:\/\/mhcalculos.com.br\/noticias\/area\/previdenciario\/trf4-dialogo-judicial-entre-brasil-e-eua-sobre-direito-ambiental-e-tema-da-nova-edicao-eletronica-30-03-2022.html#breadcrumb","itemListElement":[{"@type":"ListItem","position":1,"name":"In\u00edcio","item":"https:\/\/mhcalculos.com.br\/noticias\/"},{"@type":"ListItem","position":2,"name":"TRF4: Di\u00e1logo judicial entre Brasil e EUA sobre Direito Ambiental \u00e9 tema da nova edi\u00e7\u00e3o eletr\u00f4nica (30\/03\/2022)"}]},{"@type":"WebSite","@id":"https:\/\/mhcalculos.com.br\/noticias\/#website","url":"https:\/\/mhcalculos.com.br\/noticias\/","name":"Portal de Not\u00edcias","description":"Not\u00edcias e Jurisprud\u00eancia","potentialAction":[{"@type":"SearchAction","target":{"@type":"EntryPoint","urlTemplate":"https:\/\/mhcalculos.com.br\/noticias\/?s={search_term_string}"},"query-input":{"@type":"PropertyValueSpecification","valueRequired":true,"valueName":"search_term_string"}}],"inLanguage":"pt-BR"},{"@type":"Person","@id":"https:\/\/mhcalculos.com.br\/noticias\/#\/schema\/person\/88d1c34bf72dc779ea14a5a6b8e0ae8d","name":"Equipe MH","image":{"@type":"ImageObject","inLanguage":"pt-BR","@id":"https:\/\/secure.gravatar.com\/avatar\/de1c686c2ecc9c5a3f327e3431d819eb39f8f05d4e1045f5a1caad6daaba987f?s=96&d=mm&r=g","url":"https:\/\/secure.gravatar.com\/avatar\/de1c686c2ecc9c5a3f327e3431d819eb39f8f05d4e1045f5a1caad6daaba987f?s=96&d=mm&r=g","contentUrl":"https:\/\/secure.gravatar.com\/avatar\/de1c686c2ecc9c5a3f327e3431d819eb39f8f05d4e1045f5a1caad6daaba987f?s=96&d=mm&r=g","caption":"Equipe MH"}}]}},"_links":{"self":[{"href":"https:\/\/mhcalculos.com.br\/noticias\/wp-json\/wp\/v2\/posts\/11059","targetHints":{"allow":["GET"]}}],"collection":[{"href":"https:\/\/mhcalculos.com.br\/noticias\/wp-json\/wp\/v2\/posts"}],"about":[{"href":"https:\/\/mhcalculos.com.br\/noticias\/wp-json\/wp\/v2\/types\/post"}],"author":[{"embeddable":true,"href":"https:\/\/mhcalculos.com.br\/noticias\/wp-json\/wp\/v2\/users\/3063"}],"replies":[{"embeddable":true,"href":"https:\/\/mhcalculos.com.br\/noticias\/wp-json\/wp\/v2\/comments?post=11059"}],"version-history":[{"count":0,"href":"https:\/\/mhcalculos.com.br\/noticias\/wp-json\/wp\/v2\/posts\/11059\/revisions"}],"wp:featuredmedia":[{"embeddable":true,"href":"https:\/\/mhcalculos.com.br\/noticias\/wp-json\/wp\/v2\/media\/11060"}],"wp:attachment":[{"href":"https:\/\/mhcalculos.com.br\/noticias\/wp-json\/wp\/v2\/media?parent=11059"}],"wp:term":[{"taxonomy":"category","embeddable":true,"href":"https:\/\/mhcalculos.com.br\/noticias\/wp-json\/wp\/v2\/categories?post=11059"},{"taxonomy":"post_tag","embeddable":true,"href":"https:\/\/mhcalculos.com.br\/noticias\/wp-json\/wp\/v2\/tags?post=11059"}],"curies":[{"name":"wp","href":"https:\/\/api.w.org\/{rel}","templated":true}]}}