{"id":11047,"date":"2022-03-28T08:49:00","date_gmt":"2022-03-28T11:49:00","guid":{"rendered":"https:\/\/mhcalculos.com.br\/noticias\/area\/trabalhista\/tst-afastada-prescricao-bienal-de-execucao-individual-de-sentenca-coletiva.html"},"modified":"2022-03-28T08:49:00","modified_gmt":"2022-03-28T11:49:00","slug":"tst-afastada-prescricao-bienal-de-execucao-individual-de-sentenca-coletiva","status":"publish","type":"post","link":"https:\/\/mhcalculos.com.br\/noticias\/area\/trabalhista\/tst-afastada-prescricao-bienal-de-execucao-individual-de-sentenca-coletiva.html","title":{"rendered":"TST: Afastada prescri\u00e7\u00e3o bienal de execu\u00e7\u00e3o individual de senten\u00e7a coletiva"},"content":{"rendered":"<p><br \/>\n<\/p>\n<p><em><\/p>\n<p>Para a 1\u00aa Turma, a prescri\u00e7\u00e3o aplic\u00e1vel, nessas situa\u00e7\u00f5es, \u00e9 a quinquenal.&nbsp;<\/p>\n<p><\/em><\/p>\n<p>        <a class=\"share-facebook\" href=\"https:\/\/www.facebook.com\/sharer.php?u=https:\/\/www.tst.jus.br\/-\/afastada-prescri%C3%A7%C3%A3o-bienal-de-execu%C3%A7%C3%A3o-individual-de-senten%C3%A7a-coletiva\" target=\"_blank\" rel=\"noopener\"><\/a><br \/>\n        <a class=\"share-twitter\" href=\"http:\/\/twitter.com\/intent\/tweet?text=Afastada prescri\u00e7\u00e3o bienal de execu\u00e7\u00e3o individual de senten\u00e7a coletiva%0AVeja%20mais%20em:&amp;url=https:\/\/www.tst.jus.br\/-\/afastada-prescri%C3%A7%C3%A3o-bienal-de-execu%C3%A7%C3%A3o-individual-de-senten%C3%A7a-coletiva\" target=\"_blank\" rel=\"noopener\"><\/a><br \/>\n        <a class=\"share-linkedin\" href=\"https:\/\/www.linkedin.com\/shareArticle?mini=true&amp;url=https:\/\/www.tst.jus.br\/-\/afastada-prescri%C3%A7%C3%A3o-bienal-de-execu%C3%A7%C3%A3o-individual-de-senten%C3%A7a-coletiva&amp;title=Afastada prescri\u00e7\u00e3o bienal de execu\u00e7\u00e3o individual de senten\u00e7a coletiva\" target=\"_blank\" rel=\"noopener\"><\/a><br \/>\n        <a class=\"share-whatsapp\" href=\"https:\/\/web.whatsapp.com\/send?text=https:\/\/www.tst.jus.br\/-\/afastada-prescri%C3%A7%C3%A3o-bienal-de-execu%C3%A7%C3%A3o-individual-de-senten%C3%A7a-coletiva\" target=\"_blank\" rel=\"noopener\"><\/a><br \/>\n        <a class=\"share-googleplus\" href=\"https:\/\/plus.google.com\/share?url=https:\/\/www.tst.jus.br\/-\/afastada-prescri%C3%A7%C3%A3o-bienal-de-execu%C3%A7%C3%A3o-individual-de-senten%C3%A7a-coletiva\" target=\"_blank\" rel=\"noopener\"><\/a><\/p>\n<p>                <\/p>\n<p>                    <a class=\"share-facebook\" href=\"https:\/\/www.facebook.com\/sharer.php?u=https:\/\/www.tst.jus.br\/-\/afastada-prescri%C3%A7%C3%A3o-bienal-de-execu%C3%A7%C3%A3o-individual-de-senten%C3%A7a-coletiva\" target=\"_blank\" rel=\"noopener\"><\/a><br \/>\n                    <a class=\"share-twitter\" href=\"http:\/\/twitter.com\/intent\/tweet?text=Afastada prescri\u00e7\u00e3o bienal de execu\u00e7\u00e3o individual de senten\u00e7a coletiva%0AVeja%20mais%20em:&amp;url=https:\/\/www.tst.jus.br\/-\/afastada-prescri%C3%A7%C3%A3o-bienal-de-execu%C3%A7%C3%A3o-individual-de-senten%C3%A7a-coletiva\" target=\"_blank\" rel=\"noopener\"><\/a><br \/>\n                    <a class=\"share-linkedin\" href=\"https:\/\/www.linkedin.com\/shareArticle?mini=true&amp;url=https:\/\/www.tst.jus.br\/-\/afastada-prescri%C3%A7%C3%A3o-bienal-de-execu%C3%A7%C3%A3o-individual-de-senten%C3%A7a-coletiva&amp;title=Afastada prescri\u00e7\u00e3o bienal de execu\u00e7\u00e3o individual de senten\u00e7a coletiva\" target=\"_blank\" rel=\"noopener\"><\/a><br \/>\n                    <a class=\"share-whatsapp\" href=\"https:\/\/web.whatsapp.com\/send?text=https:\/\/www.tst.jus.br\/-\/afastada-prescri%C3%A7%C3%A3o-bienal-de-execu%C3%A7%C3%A3o-individual-de-senten%C3%A7a-coletiva\" target=\"_blank\" rel=\"noopener\"><\/a><br \/>\n                    <a class=\"share-googleplus\" href=\"https:\/\/plus.google.com\/share?url=https:\/\/www.tst.jus.br\/-\/afastada-prescri%C3%A7%C3%A3o-bienal-de-execu%C3%A7%C3%A3o-individual-de-senten%C3%A7a-coletiva\" target=\"_blank\" rel=\"noopener\"><\/a><\/p>\n<p>28\/3\/22 &#8211;&nbsp;A &nbsp;Primeira &nbsp;Turma do Tribunal Superior do Trabalho afastou a prescri\u00e7\u00e3o bienal de uma a\u00e7\u00e3o de execu\u00e7\u00e3o individual de senten\u00e7a coletiva definitiva, proposta por um advogado aposentado da Petr\u00f3leo Brasileiro S.A. (Petrobras) de Vit\u00f3ria (ES). Para o colegiado, o prazo para ajuizar esse tipo de a\u00e7\u00e3o \u00e9 de cinco anos a partir da data do tr\u00e2nsito em julgado da senten\u00e7a coletiva.<\/p>\n<h4>Discuss\u00e3o previdenci\u00e1ria<\/h4>\n<p>O aposentado ajuizou a a\u00e7\u00e3o de execu\u00e7\u00e3o individual em abril de 2019, com amparo em a\u00e7\u00e3o coletiva que teve senten\u00e7a definitiva proferida em 9\/5\/2016. O objeto da a\u00e7\u00e3o fora a inclus\u00e3o de vantagem pessoal na base de c\u00e1lculo dos valores do benef\u00edcio previdenci\u00e1rio, pactuado entre os trabalhadores da Petrobras e a Funda\u00e7\u00e3o Petrobras de Seguridade Social (Petros).<\/p>\n<h4>Prescri\u00e7\u00e3o bienal<\/h4>\n<p>O Tribunal Regional do Trabalho da 17\u00aa Regi\u00e3o (ES) manteve a senten\u00e7a que havia extinguido o processo em raz\u00e3o da prescri\u00e7\u00e3o. Para o TRT, a prescri\u00e7\u00e3o aplic\u00e1vel \u00e0 execu\u00e7\u00e3o &nbsp;individual da senten\u00e7a gen\u00e9rica da a\u00e7\u00e3o coletiva seria a mesma do ajuizamento da reclama\u00e7\u00e3o trabalhista, de dois anos. Assim, o empregado havia perdido o prazo para propor a execu\u00e7\u00e3o, pois havia ajuizado a a\u00e7\u00e3o mais de dois anos depois do tr\u00e2nsito em julgado da senten\u00e7a.&nbsp;<\/p>\n<h4>Prescri\u00e7\u00e3o quinquenal<\/h4>\n<p><img decoding=\"async\" data-fileentryid=\"29703719\" data-src=\"\/documents\/10157\/2374827\/Amaury+Rodrigues.JPG\/8e0505a2-5665-ba05-5e8d-38372a3a8e4a?t=1648468860577&amp;imagePreview=1\" src=\"data:image\/svg+xml;base64,PHN2ZyB3aWR0aD0iMSIgaGVpZ2h0PSIxIiB4bWxucz0iaHR0cDovL3d3dy53My5vcmcvMjAwMC9zdmciPjwvc3ZnPg==\" class=\"lazyload\" \/><\/p>\n<p>O relator do recurso de revista do aposentado, ministro Amaury Rodrigues, destacou que, de acordo com a jurisprud\u00eancia do TST, o prazo prescricional para execu\u00e7\u00e3o individual de senten\u00e7a coletiva \u00e9 quinquenal, contado a partir da data do tr\u00e2nsito em julgado do t\u00edtulo executivo judicial. De acordo com esse entendimento, o direito de a\u00e7\u00e3o do aposentado n\u00e3o estava prescrito, uma vez que ainda n\u00e3o havia transcorrido o prazo de cinco anos da senten\u00e7a definitiva da a\u00e7\u00e3o coletiva quando ela foi apresentada. Por consequ\u00eancia, o processo retornar\u00e1 \u00e0 Vara do Trabalho de origem para prosseguir a execu\u00e7\u00e3o.&nbsp;<\/p>\n<p>A decis\u00e3o foi un\u00e2nime e, ap\u00f3s a sua publica\u00e7\u00e3o, a Petros interp\u00f4s embargos, ainda n\u00e3o julgados, \u00e0 Subse\u00e7\u00e3o I Especializada em Diss\u00eddios Individuais (SDI-1), \u00f3rg\u00e3o uniformizador da jurisprud\u00eancia do TST.<\/p>\n<p>(LF\/CF)<\/p>\n<p>Processo: <a href=\"http:\/\/aplicacao4.tst.jus.br\/consultaProcessual\/resumoForm.do?consulta=1&amp;numeroInt=238597&amp;anoInt=2020\" target=\"_blank\" rel=\"noopener\">Ag-AIRR-343-33.2019.5.17.0001<\/a><\/p>\n<p>O TST tem oito Turmas, cada uma composta por tr\u00eas ministros, com a atribui\u00e7\u00e3o de analisar recursos de revista, agravos, agravos de instrumento, agravos regimentais e recursos ordin\u00e1rios em a\u00e7\u00e3o cautelar. Das decis\u00f5es das Turmas, a parte ainda pode, em alguns casos, recorrer \u00e0 Subse\u00e7\u00e3o I Especializada em Diss\u00eddios Individuais (SDI-1).<\/p>\n<p>Esta mat\u00e9ria tem cunho meramente informativo.<br \/>\nPermitida a reprodu\u00e7\u00e3o mediante cita\u00e7\u00e3o da fonte.<br \/>\nSecretaria de Comunica\u00e7\u00e3o Social<br \/>\n<a href=\"http:\/\/www.tst.jus.br\" target=\"_blank\" rel=\"noopener\">Tribunal Superior do Trabalho<\/a><br \/>\nTel. (61) 3043-4907<br \/>\n<a href=\"mailto:secom@tst.jus.br\" target=\"\" rel=\"noopener\">secom@tst.jus.br<\/a><\/p>\n<p>    $(&#8216;#lightbox-wjrz_ .slider-gallery-wrapper img&#8217;).hover(<br \/>\n    function() {<br \/>\n        const $text=$($($(this).parent()).next());<br \/>\n        $text.hasClass(&#8216;inside-description&#8217;) &amp;&amp; $text.fadeTo( &#8220;slow&#8221; , 0);<br \/>\n    }, function() {<br \/>\n        const $text=$($($(this).parent()).next());<br \/>\n        $text.hasClass(&#8216;inside-description&#8217;) &amp;&amp; $text.fadeTo( &#8220;slow&#8221; , 1);<br \/>\n    }<br \/>\n    );<br \/>\n    $(document).ready(function() {<br \/>\n        var wjrz_autoplaying=false;<br \/>\n        var wjrz_showingLightbox=false;<br \/>\n        const wjrz_playPauseControllers=&#8221;#slider-wjrz_-playpause, #slider-wjrz_-lightbox-playpause&#8221;;<br \/>\n        $(&#8220;#slider-wjrz_&#8221;).slick({<br \/>\n            slidesToShow: 1,<br \/>\n            slidesToScroll: 1,<br \/>\n            autoplay: wjrz_autoplaying,<br \/>\n            swipeToSlide: false,<br \/>\n            centerMode: false,<br \/>\n            autoplaySpeed: 3000,<br \/>\n            focusOnSelect: true,<br \/>\n            prevArrow:<br \/>\n            &#8221;,<br \/>\n            nextArrow:<br \/>\n            &#8221;,<br \/>\n            centerPadding: &#8220;60px&#8221;,<br \/>\n            responsive: [<br \/>\n                {<br \/>\n                    breakpoint: 767.98,<br \/>\n                    settings: {<br \/>\n                        slidesToShow: 3,<br \/>\n                        adaptiveHeight: true<br \/>\n                    }<br \/>\n                }<br \/>\n            ]<br \/>\n        });<br \/>\n        $(&#8220;#slider-wjrz_&#8221;).slickLightbox({<br \/>\n            src: &#8216;src&#8217;,<br \/>\n            itemSelector: &#8216;.galery-image .multimidia-wrapper img&#8217;,<br \/>\n            caption:&#8217;caption&#8217;<br \/>\n        });<br \/>\n    });<br \/>\n<script async src=\"https:\/\/platform.twitter.com\/widgets.js\" charset=\"utf-8\"><\/script><br \/>\n<br \/><i>Com informa\u00e7\u00f5es da assessoria de imprensa do TST.<\/i><br \/>\n<br \/><a href=\"https:\/\/www.tst.jus.br\/web\/guest\/noticias?p_p_id=89Dk&#038;p_p_lifecycle=0&#038;refererPlid=10730&#038;_89Dk_groupId=10157&#038;_89Dk_articleId=29703732\">Fonte<\/a><br \/>\n<br \/><\/p>\n","protected":false},"excerpt":{"rendered":"<p>Para a 1\u00aa Turma, a prescri\u00e7\u00e3o aplic\u00e1vel, nessas situa\u00e7\u00f5es, \u00e9 a quinquenal.&nbsp; 28\/3\/22 &#8211;&nbsp;A &nbsp;Primeira &nbsp;Turma do Tribunal Superior do Trabalho afastou a prescri\u00e7\u00e3o bienal de uma a\u00e7\u00e3o de execu\u00e7\u00e3o individual de senten\u00e7a coletiva definitiva, proposta por um advogado aposentado da Petr\u00f3leo Brasileiro S.A. (Petrobras) de Vit\u00f3ria (ES). Para o colegiado, o prazo para ajuizar [&hellip;]<\/p>\n","protected":false},"author":3063,"featured_media":11048,"comment_status":"open","ping_status":"open","sticky":false,"template":"","format":"standard","meta":{"footnotes":""},"categories":[3,21],"tags":[33,216,9,12,217,215],"class_list":{"0":"post-11047","1":"post","2":"type-post","3":"status-publish","4":"format-standard","5":"has-post-thumbnail","7":"category-trabalhista","8":"category-tst","9":"tag-calculos-trabalhistas","10":"tag-direito-trabalhista","11":"tag-pericia","12":"tag-perito","13":"tag-trabalho","14":"tag-tst"},"yoast_head":"<!-- This site is optimized with the Yoast SEO plugin v27.2 - https:\/\/yoast.com\/product\/yoast-seo-wordpress\/ -->\n<title>TST: Afastada prescri\u00e7\u00e3o bienal de execu\u00e7\u00e3o individual de senten\u00e7a coletiva | Portal de Not\u00edcias<\/title>\n<meta name=\"robots\" content=\"index, follow, max-snippet:-1, max-image-preview:large, max-video-preview:-1\" \/>\n<link rel=\"canonical\" href=\"https:\/\/mhcalculos.com.br\/noticias\/area\/trabalhista\/tst-afastada-prescricao-bienal-de-execucao-individual-de-sentenca-coletiva.html\" \/>\n<meta property=\"og:locale\" content=\"pt_BR\" \/>\n<meta property=\"og:type\" content=\"article\" \/>\n<meta property=\"og:title\" content=\"TST: Afastada prescri\u00e7\u00e3o bienal de execu\u00e7\u00e3o individual de senten\u00e7a coletiva | Portal de Not\u00edcias\" \/>\n<meta property=\"og:description\" content=\"Para a 1\u00aa Turma, a prescri\u00e7\u00e3o aplic\u00e1vel, nessas situa\u00e7\u00f5es, \u00e9 a quinquenal.&nbsp; 28\/3\/22 &#8211;&nbsp;A &nbsp;Primeira &nbsp;Turma do Tribunal Superior do Trabalho afastou a prescri\u00e7\u00e3o bienal de uma a\u00e7\u00e3o de execu\u00e7\u00e3o individual de senten\u00e7a coletiva definitiva, proposta por um advogado aposentado da Petr\u00f3leo Brasileiro S.A. (Petrobras) de Vit\u00f3ria (ES). Para o colegiado, o prazo para ajuizar [&hellip;]\" \/>\n<meta property=\"og:url\" content=\"https:\/\/mhcalculos.com.br\/noticias\/area\/trabalhista\/tst-afastada-prescricao-bienal-de-execucao-individual-de-sentenca-coletiva.html\" \/>\n<meta property=\"og:site_name\" content=\"Portal de Not\u00edcias\" \/>\n<meta property=\"article:published_time\" content=\"2022-03-28T11:49:00+00:00\" \/>\n<meta property=\"og:image\" content=\"https:\/\/mhcalculos.com.br\/noticias\/wp-content\/uploads\/sites\/2\/2022\/03\/1648523111_judiciario-0006.jpg\" \/>\n\t<meta property=\"og:image:width\" content=\"2000\" \/>\n\t<meta property=\"og:image:height\" content=\"800\" \/>\n\t<meta property=\"og:image:type\" content=\"image\/jpeg\" \/>\n<meta name=\"author\" content=\"Equipe MH\" \/>\n<meta name=\"twitter:card\" content=\"summary_large_image\" \/>\n<meta name=\"twitter:label1\" content=\"Escrito por\" \/>\n\t<meta name=\"twitter:data1\" content=\"Equipe MH\" \/>\n\t<meta name=\"twitter:label2\" content=\"Est. tempo de leitura\" \/>\n\t<meta name=\"twitter:data2\" content=\"3 minutos\" \/>\n<script type=\"application\/ld+json\" class=\"yoast-schema-graph\">{\"@context\":\"https:\/\/schema.org\",\"@graph\":[{\"@type\":\"Article\",\"@id\":\"https:\/\/mhcalculos.com.br\/noticias\/area\/trabalhista\/tst-afastada-prescricao-bienal-de-execucao-individual-de-sentenca-coletiva.html#article\",\"isPartOf\":{\"@id\":\"https:\/\/mhcalculos.com.br\/noticias\/area\/trabalhista\/tst-afastada-prescricao-bienal-de-execucao-individual-de-sentenca-coletiva.html\"},\"author\":{\"name\":\"Equipe MH\",\"@id\":\"https:\/\/mhcalculos.com.br\/noticias\/#\/schema\/person\/88d1c34bf72dc779ea14a5a6b8e0ae8d\"},\"headline\":\"TST: Afastada prescri\u00e7\u00e3o bienal de execu\u00e7\u00e3o individual de senten\u00e7a coletiva\",\"datePublished\":\"2022-03-28T11:49:00+00:00\",\"mainEntityOfPage\":{\"@id\":\"https:\/\/mhcalculos.com.br\/noticias\/area\/trabalhista\/tst-afastada-prescricao-bienal-de-execucao-individual-de-sentenca-coletiva.html\"},\"wordCount\":599,\"commentCount\":0,\"image\":{\"@id\":\"https:\/\/mhcalculos.com.br\/noticias\/area\/trabalhista\/tst-afastada-prescricao-bienal-de-execucao-individual-de-sentenca-coletiva.html#primaryimage\"},\"thumbnailUrl\":\"https:\/\/mhcalculos.com.br\/noticias\/wp-content\/uploads\/sites\/2\/2022\/03\/1648523111_judiciario-0006.jpg\",\"keywords\":[\"c\u00e1lculos trabalhistas\",\"direito trabalhista\",\"per\u00edcia\",\"perito\",\"trabalho\",\"TST\"],\"articleSection\":[\"Direito Trabalhista\",\"TST\"],\"inLanguage\":\"pt-BR\",\"potentialAction\":[{\"@type\":\"CommentAction\",\"name\":\"Comment\",\"target\":[\"https:\/\/mhcalculos.com.br\/noticias\/area\/trabalhista\/tst-afastada-prescricao-bienal-de-execucao-individual-de-sentenca-coletiva.html#respond\"]}]},{\"@type\":\"WebPage\",\"@id\":\"https:\/\/mhcalculos.com.br\/noticias\/area\/trabalhista\/tst-afastada-prescricao-bienal-de-execucao-individual-de-sentenca-coletiva.html\",\"url\":\"https:\/\/mhcalculos.com.br\/noticias\/area\/trabalhista\/tst-afastada-prescricao-bienal-de-execucao-individual-de-sentenca-coletiva.html\",\"name\":\"TST: Afastada prescri\u00e7\u00e3o bienal de execu\u00e7\u00e3o individual de senten\u00e7a coletiva | Portal de Not\u00edcias\",\"isPartOf\":{\"@id\":\"https:\/\/mhcalculos.com.br\/noticias\/#website\"},\"primaryImageOfPage\":{\"@id\":\"https:\/\/mhcalculos.com.br\/noticias\/area\/trabalhista\/tst-afastada-prescricao-bienal-de-execucao-individual-de-sentenca-coletiva.html#primaryimage\"},\"image\":{\"@id\":\"https:\/\/mhcalculos.com.br\/noticias\/area\/trabalhista\/tst-afastada-prescricao-bienal-de-execucao-individual-de-sentenca-coletiva.html#primaryimage\"},\"thumbnailUrl\":\"https:\/\/mhcalculos.com.br\/noticias\/wp-content\/uploads\/sites\/2\/2022\/03\/1648523111_judiciario-0006.jpg\",\"datePublished\":\"2022-03-28T11:49:00+00:00\",\"author\":{\"@id\":\"https:\/\/mhcalculos.com.br\/noticias\/#\/schema\/person\/88d1c34bf72dc779ea14a5a6b8e0ae8d\"},\"breadcrumb\":{\"@id\":\"https:\/\/mhcalculos.com.br\/noticias\/area\/trabalhista\/tst-afastada-prescricao-bienal-de-execucao-individual-de-sentenca-coletiva.html#breadcrumb\"},\"inLanguage\":\"pt-BR\",\"potentialAction\":[{\"@type\":\"ReadAction\",\"target\":[\"https:\/\/mhcalculos.com.br\/noticias\/area\/trabalhista\/tst-afastada-prescricao-bienal-de-execucao-individual-de-sentenca-coletiva.html\"]}]},{\"@type\":\"ImageObject\",\"inLanguage\":\"pt-BR\",\"@id\":\"https:\/\/mhcalculos.com.br\/noticias\/area\/trabalhista\/tst-afastada-prescricao-bienal-de-execucao-individual-de-sentenca-coletiva.html#primaryimage\",\"url\":\"https:\/\/mhcalculos.com.br\/noticias\/wp-content\/uploads\/sites\/2\/2022\/03\/1648523111_judiciario-0006.jpg\",\"contentUrl\":\"https:\/\/mhcalculos.com.br\/noticias\/wp-content\/uploads\/sites\/2\/2022\/03\/1648523111_judiciario-0006.jpg\",\"width\":2000,\"height\":800},{\"@type\":\"BreadcrumbList\",\"@id\":\"https:\/\/mhcalculos.com.br\/noticias\/area\/trabalhista\/tst-afastada-prescricao-bienal-de-execucao-individual-de-sentenca-coletiva.html#breadcrumb\",\"itemListElement\":[{\"@type\":\"ListItem\",\"position\":1,\"name\":\"In\u00edcio\",\"item\":\"https:\/\/mhcalculos.com.br\/noticias\/\"},{\"@type\":\"ListItem\",\"position\":2,\"name\":\"TST: Afastada prescri\u00e7\u00e3o bienal de execu\u00e7\u00e3o individual de senten\u00e7a coletiva\"}]},{\"@type\":\"WebSite\",\"@id\":\"https:\/\/mhcalculos.com.br\/noticias\/#website\",\"url\":\"https:\/\/mhcalculos.com.br\/noticias\/\",\"name\":\"Portal de Not\u00edcias\",\"description\":\"Not\u00edcias e Jurisprud\u00eancia\",\"potentialAction\":[{\"@type\":\"SearchAction\",\"target\":{\"@type\":\"EntryPoint\",\"urlTemplate\":\"https:\/\/mhcalculos.com.br\/noticias\/?s={search_term_string}\"},\"query-input\":{\"@type\":\"PropertyValueSpecification\",\"valueRequired\":true,\"valueName\":\"search_term_string\"}}],\"inLanguage\":\"pt-BR\"},{\"@type\":\"Person\",\"@id\":\"https:\/\/mhcalculos.com.br\/noticias\/#\/schema\/person\/88d1c34bf72dc779ea14a5a6b8e0ae8d\",\"name\":\"Equipe MH\",\"image\":{\"@type\":\"ImageObject\",\"inLanguage\":\"pt-BR\",\"@id\":\"https:\/\/secure.gravatar.com\/avatar\/de1c686c2ecc9c5a3f327e3431d819eb39f8f05d4e1045f5a1caad6daaba987f?s=96&d=mm&r=g\",\"url\":\"https:\/\/secure.gravatar.com\/avatar\/de1c686c2ecc9c5a3f327e3431d819eb39f8f05d4e1045f5a1caad6daaba987f?s=96&d=mm&r=g\",\"contentUrl\":\"https:\/\/secure.gravatar.com\/avatar\/de1c686c2ecc9c5a3f327e3431d819eb39f8f05d4e1045f5a1caad6daaba987f?s=96&d=mm&r=g\",\"caption\":\"Equipe MH\"}}]}<\/script>\n<!-- \/ Yoast SEO plugin. -->","yoast_head_json":{"title":"TST: Afastada prescri\u00e7\u00e3o bienal de execu\u00e7\u00e3o individual de senten\u00e7a coletiva | Portal de Not\u00edcias","robots":{"index":"index","follow":"follow","max-snippet":"max-snippet:-1","max-image-preview":"max-image-preview:large","max-video-preview":"max-video-preview:-1"},"canonical":"https:\/\/mhcalculos.com.br\/noticias\/area\/trabalhista\/tst-afastada-prescricao-bienal-de-execucao-individual-de-sentenca-coletiva.html","og_locale":"pt_BR","og_type":"article","og_title":"TST: Afastada prescri\u00e7\u00e3o bienal de execu\u00e7\u00e3o individual de senten\u00e7a coletiva | Portal de Not\u00edcias","og_description":"Para a 1\u00aa Turma, a prescri\u00e7\u00e3o aplic\u00e1vel, nessas situa\u00e7\u00f5es, \u00e9 a quinquenal.&nbsp; 28\/3\/22 &#8211;&nbsp;A &nbsp;Primeira &nbsp;Turma do Tribunal Superior do Trabalho afastou a prescri\u00e7\u00e3o bienal de uma a\u00e7\u00e3o de execu\u00e7\u00e3o individual de senten\u00e7a coletiva definitiva, proposta por um advogado aposentado da Petr\u00f3leo Brasileiro S.A. (Petrobras) de Vit\u00f3ria (ES). Para o colegiado, o prazo para ajuizar [&hellip;]","og_url":"https:\/\/mhcalculos.com.br\/noticias\/area\/trabalhista\/tst-afastada-prescricao-bienal-de-execucao-individual-de-sentenca-coletiva.html","og_site_name":"Portal de Not\u00edcias","article_published_time":"2022-03-28T11:49:00+00:00","og_image":[{"width":2000,"height":800,"url":"https:\/\/mhcalculos.com.br\/noticias\/wp-content\/uploads\/sites\/2\/2022\/03\/1648523111_judiciario-0006.jpg","type":"image\/jpeg"}],"author":"Equipe MH","twitter_card":"summary_large_image","twitter_misc":{"Escrito por":"Equipe MH","Est. tempo de leitura":"3 minutos"},"schema":{"@context":"https:\/\/schema.org","@graph":[{"@type":"Article","@id":"https:\/\/mhcalculos.com.br\/noticias\/area\/trabalhista\/tst-afastada-prescricao-bienal-de-execucao-individual-de-sentenca-coletiva.html#article","isPartOf":{"@id":"https:\/\/mhcalculos.com.br\/noticias\/area\/trabalhista\/tst-afastada-prescricao-bienal-de-execucao-individual-de-sentenca-coletiva.html"},"author":{"name":"Equipe MH","@id":"https:\/\/mhcalculos.com.br\/noticias\/#\/schema\/person\/88d1c34bf72dc779ea14a5a6b8e0ae8d"},"headline":"TST: Afastada prescri\u00e7\u00e3o bienal de execu\u00e7\u00e3o individual de senten\u00e7a coletiva","datePublished":"2022-03-28T11:49:00+00:00","mainEntityOfPage":{"@id":"https:\/\/mhcalculos.com.br\/noticias\/area\/trabalhista\/tst-afastada-prescricao-bienal-de-execucao-individual-de-sentenca-coletiva.html"},"wordCount":599,"commentCount":0,"image":{"@id":"https:\/\/mhcalculos.com.br\/noticias\/area\/trabalhista\/tst-afastada-prescricao-bienal-de-execucao-individual-de-sentenca-coletiva.html#primaryimage"},"thumbnailUrl":"https:\/\/mhcalculos.com.br\/noticias\/wp-content\/uploads\/sites\/2\/2022\/03\/1648523111_judiciario-0006.jpg","keywords":["c\u00e1lculos trabalhistas","direito trabalhista","per\u00edcia","perito","trabalho","TST"],"articleSection":["Direito Trabalhista","TST"],"inLanguage":"pt-BR","potentialAction":[{"@type":"CommentAction","name":"Comment","target":["https:\/\/mhcalculos.com.br\/noticias\/area\/trabalhista\/tst-afastada-prescricao-bienal-de-execucao-individual-de-sentenca-coletiva.html#respond"]}]},{"@type":"WebPage","@id":"https:\/\/mhcalculos.com.br\/noticias\/area\/trabalhista\/tst-afastada-prescricao-bienal-de-execucao-individual-de-sentenca-coletiva.html","url":"https:\/\/mhcalculos.com.br\/noticias\/area\/trabalhista\/tst-afastada-prescricao-bienal-de-execucao-individual-de-sentenca-coletiva.html","name":"TST: Afastada prescri\u00e7\u00e3o bienal de execu\u00e7\u00e3o individual de senten\u00e7a coletiva | Portal de Not\u00edcias","isPartOf":{"@id":"https:\/\/mhcalculos.com.br\/noticias\/#website"},"primaryImageOfPage":{"@id":"https:\/\/mhcalculos.com.br\/noticias\/area\/trabalhista\/tst-afastada-prescricao-bienal-de-execucao-individual-de-sentenca-coletiva.html#primaryimage"},"image":{"@id":"https:\/\/mhcalculos.com.br\/noticias\/area\/trabalhista\/tst-afastada-prescricao-bienal-de-execucao-individual-de-sentenca-coletiva.html#primaryimage"},"thumbnailUrl":"https:\/\/mhcalculos.com.br\/noticias\/wp-content\/uploads\/sites\/2\/2022\/03\/1648523111_judiciario-0006.jpg","datePublished":"2022-03-28T11:49:00+00:00","author":{"@id":"https:\/\/mhcalculos.com.br\/noticias\/#\/schema\/person\/88d1c34bf72dc779ea14a5a6b8e0ae8d"},"breadcrumb":{"@id":"https:\/\/mhcalculos.com.br\/noticias\/area\/trabalhista\/tst-afastada-prescricao-bienal-de-execucao-individual-de-sentenca-coletiva.html#breadcrumb"},"inLanguage":"pt-BR","potentialAction":[{"@type":"ReadAction","target":["https:\/\/mhcalculos.com.br\/noticias\/area\/trabalhista\/tst-afastada-prescricao-bienal-de-execucao-individual-de-sentenca-coletiva.html"]}]},{"@type":"ImageObject","inLanguage":"pt-BR","@id":"https:\/\/mhcalculos.com.br\/noticias\/area\/trabalhista\/tst-afastada-prescricao-bienal-de-execucao-individual-de-sentenca-coletiva.html#primaryimage","url":"https:\/\/mhcalculos.com.br\/noticias\/wp-content\/uploads\/sites\/2\/2022\/03\/1648523111_judiciario-0006.jpg","contentUrl":"https:\/\/mhcalculos.com.br\/noticias\/wp-content\/uploads\/sites\/2\/2022\/03\/1648523111_judiciario-0006.jpg","width":2000,"height":800},{"@type":"BreadcrumbList","@id":"https:\/\/mhcalculos.com.br\/noticias\/area\/trabalhista\/tst-afastada-prescricao-bienal-de-execucao-individual-de-sentenca-coletiva.html#breadcrumb","itemListElement":[{"@type":"ListItem","position":1,"name":"In\u00edcio","item":"https:\/\/mhcalculos.com.br\/noticias\/"},{"@type":"ListItem","position":2,"name":"TST: Afastada prescri\u00e7\u00e3o bienal de execu\u00e7\u00e3o individual de senten\u00e7a coletiva"}]},{"@type":"WebSite","@id":"https:\/\/mhcalculos.com.br\/noticias\/#website","url":"https:\/\/mhcalculos.com.br\/noticias\/","name":"Portal de Not\u00edcias","description":"Not\u00edcias e Jurisprud\u00eancia","potentialAction":[{"@type":"SearchAction","target":{"@type":"EntryPoint","urlTemplate":"https:\/\/mhcalculos.com.br\/noticias\/?s={search_term_string}"},"query-input":{"@type":"PropertyValueSpecification","valueRequired":true,"valueName":"search_term_string"}}],"inLanguage":"pt-BR"},{"@type":"Person","@id":"https:\/\/mhcalculos.com.br\/noticias\/#\/schema\/person\/88d1c34bf72dc779ea14a5a6b8e0ae8d","name":"Equipe MH","image":{"@type":"ImageObject","inLanguage":"pt-BR","@id":"https:\/\/secure.gravatar.com\/avatar\/de1c686c2ecc9c5a3f327e3431d819eb39f8f05d4e1045f5a1caad6daaba987f?s=96&d=mm&r=g","url":"https:\/\/secure.gravatar.com\/avatar\/de1c686c2ecc9c5a3f327e3431d819eb39f8f05d4e1045f5a1caad6daaba987f?s=96&d=mm&r=g","contentUrl":"https:\/\/secure.gravatar.com\/avatar\/de1c686c2ecc9c5a3f327e3431d819eb39f8f05d4e1045f5a1caad6daaba987f?s=96&d=mm&r=g","caption":"Equipe MH"}}]}},"_links":{"self":[{"href":"https:\/\/mhcalculos.com.br\/noticias\/wp-json\/wp\/v2\/posts\/11047","targetHints":{"allow":["GET"]}}],"collection":[{"href":"https:\/\/mhcalculos.com.br\/noticias\/wp-json\/wp\/v2\/posts"}],"about":[{"href":"https:\/\/mhcalculos.com.br\/noticias\/wp-json\/wp\/v2\/types\/post"}],"author":[{"embeddable":true,"href":"https:\/\/mhcalculos.com.br\/noticias\/wp-json\/wp\/v2\/users\/3063"}],"replies":[{"embeddable":true,"href":"https:\/\/mhcalculos.com.br\/noticias\/wp-json\/wp\/v2\/comments?post=11047"}],"version-history":[{"count":0,"href":"https:\/\/mhcalculos.com.br\/noticias\/wp-json\/wp\/v2\/posts\/11047\/revisions"}],"wp:featuredmedia":[{"embeddable":true,"href":"https:\/\/mhcalculos.com.br\/noticias\/wp-json\/wp\/v2\/media\/11048"}],"wp:attachment":[{"href":"https:\/\/mhcalculos.com.br\/noticias\/wp-json\/wp\/v2\/media?parent=11047"}],"wp:term":[{"taxonomy":"category","embeddable":true,"href":"https:\/\/mhcalculos.com.br\/noticias\/wp-json\/wp\/v2\/categories?post=11047"},{"taxonomy":"post_tag","embeddable":true,"href":"https:\/\/mhcalculos.com.br\/noticias\/wp-json\/wp\/v2\/tags?post=11047"}],"curies":[{"name":"wp","href":"https:\/\/api.w.org\/{rel}","templated":true}]}}