{"id":11006,"date":"2022-03-17T19:15:00","date_gmt":"2022-03-17T22:15:00","guid":{"rendered":"https:\/\/mhcalculos.com.br\/noticias\/area\/trabalhista\/tst-eletrobras-ministro-agra-belmonte-apresenta-proposta-sobre-plano-de-saude-e-plr.html"},"modified":"2022-03-17T19:15:00","modified_gmt":"2022-03-17T22:15:00","slug":"tst-eletrobras-ministro-agra-belmonte-apresenta-proposta-sobre-plano-de-saude-e-plr","status":"publish","type":"post","link":"https:\/\/mhcalculos.com.br\/noticias\/area\/trabalhista\/tst-eletrobras-ministro-agra-belmonte-apresenta-proposta-sobre-plano-de-saude-e-plr.html","title":{"rendered":"TST: Eletrobras: Ministro Agra Belmonte apresenta proposta sobre plano de sa\u00fade e PLR"},"content":{"rendered":"<p><br \/>\n<\/p>\n<p><em><\/em><\/p>\n<p>        <a class=\"share-facebook\" href=\"https:\/\/www.facebook.com\/sharer.php?u=https:\/\/www.tst.jus.br\/-\/eletrobras-ministro-agra-belmonte-apresenta-proposta-sobre-plano-de-sa%C3%BAde-e-plr\" target=\"_blank\" rel=\"noopener\"><\/a><br \/>\n        <a class=\"share-twitter\" href=\"http:\/\/twitter.com\/intent\/tweet?text=Eletrobras: Ministro Agra Belmonte apresenta proposta sobre plano de sa\u00fade e PLR%0AVeja%20mais%20em:&amp;url=https:\/\/www.tst.jus.br\/-\/eletrobras-ministro-agra-belmonte-apresenta-proposta-sobre-plano-de-sa%C3%BAde-e-plr\" target=\"_blank\" rel=\"noopener\"><\/a><br \/>\n        <a class=\"share-linkedin\" href=\"https:\/\/www.linkedin.com\/shareArticle?mini=true&amp;url=https:\/\/www.tst.jus.br\/-\/eletrobras-ministro-agra-belmonte-apresenta-proposta-sobre-plano-de-sa%C3%BAde-e-plr&amp;title=Eletrobras: Ministro Agra Belmonte apresenta proposta sobre plano de sa\u00fade e PLR\" target=\"_blank\" rel=\"noopener\"><\/a><br \/>\n        <a class=\"share-whatsapp\" href=\"https:\/\/web.whatsapp.com\/send?text=https:\/\/www.tst.jus.br\/-\/eletrobras-ministro-agra-belmonte-apresenta-proposta-sobre-plano-de-sa%C3%BAde-e-plr\" target=\"_blank\" rel=\"noopener\"><\/a><br \/>\n        <a class=\"share-googleplus\" href=\"https:\/\/plus.google.com\/share?url=https:\/\/www.tst.jus.br\/-\/eletrobras-ministro-agra-belmonte-apresenta-proposta-sobre-plano-de-sa%C3%BAde-e-plr\" target=\"_blank\" rel=\"noopener\"><\/a><\/p>\n<p>                <\/p>\n<p>Ministro Agra Belmonte e participantes da audi\u00eancia de concilia\u00e7\u00e3o<\/p>\n<p>                    <a class=\"share-facebook\" href=\"https:\/\/www.facebook.com\/sharer.php?u=https:\/\/www.tst.jus.br\/-\/eletrobras-ministro-agra-belmonte-apresenta-proposta-sobre-plano-de-sa%C3%BAde-e-plr\" target=\"_blank\" rel=\"noopener\"><\/a><br \/>\n                    <a class=\"share-twitter\" href=\"http:\/\/twitter.com\/intent\/tweet?text=Eletrobras: Ministro Agra Belmonte apresenta proposta sobre plano de sa\u00fade e PLR%0AVeja%20mais%20em:&amp;url=https:\/\/www.tst.jus.br\/-\/eletrobras-ministro-agra-belmonte-apresenta-proposta-sobre-plano-de-sa%C3%BAde-e-plr\" target=\"_blank\" rel=\"noopener\"><\/a><br \/>\n                    <a class=\"share-linkedin\" href=\"https:\/\/www.linkedin.com\/shareArticle?mini=true&amp;url=https:\/\/www.tst.jus.br\/-\/eletrobras-ministro-agra-belmonte-apresenta-proposta-sobre-plano-de-sa%C3%BAde-e-plr&amp;title=Eletrobras: Ministro Agra Belmonte apresenta proposta sobre plano de sa\u00fade e PLR\" target=\"_blank\" rel=\"noopener\"><\/a><br \/>\n                    <a class=\"share-whatsapp\" href=\"https:\/\/web.whatsapp.com\/send?text=https:\/\/www.tst.jus.br\/-\/eletrobras-ministro-agra-belmonte-apresenta-proposta-sobre-plano-de-sa%C3%BAde-e-plr\" target=\"_blank\" rel=\"noopener\"><\/a><br \/>\n                    <a class=\"share-googleplus\" href=\"https:\/\/plus.google.com\/share?url=https:\/\/www.tst.jus.br\/-\/eletrobras-ministro-agra-belmonte-apresenta-proposta-sobre-plano-de-sa%C3%BAde-e-plr\" target=\"_blank\" rel=\"noopener\"><\/a><\/p>\n<p>17\/03\/22 &#8211; Em audi\u00eancia de concilia\u00e7\u00e3o realizada nesta quinta-feira (17), na modalidade telepresencial, o ministro Agra Belmonte, do Tribunal Superior do Trabalho, apresentou proposta de acordo para resolver o impasse entre a Eletrobras e os empregados das centrais el\u00e9tricas quanto ao custeio e \u00e0 cobertura do plano de sa\u00fade e a Participa\u00e7\u00e3o nos Lucros e Resultados (PLR).<\/p>\n<h4>Plano de Sa\u00fade<\/h4>\n<p>Entre outros pontos, a proposta prev\u00ea o modelo denominado \u201cPlano P\u00f3s-Pagamento Contributivo\u201d e a cobran\u00e7a do Benef\u00edcio de Assist\u00eancia \u00e0 Sa\u00fade por benefici\u00e1rio (titular ou dependente) segundo tabelas definidas, al\u00e9m da concess\u00e3o do benef\u00edcio para os titulares e os respectivos dependentes (filhos e filhas naturais e\/ou adotivos, c\u00f4njuges ou companheiras em uni\u00e3o est\u00e1vel, inclusive do mesmo sexo).&nbsp;<\/p>\n<p>O custeio das despesas ser\u00e1 feito com a participa\u00e7\u00e3o da empresa e dos benefici\u00e1rios, e fica autorizada a cria\u00e7\u00e3o de Comiss\u00e3o Parit\u00e1ria Permanente de Sa\u00fade. &nbsp;<\/p>\n<h4>PLR<\/h4>\n<p>Em rela\u00e7\u00e3o \u00e0 parcela, a proposta objetiva a manuten\u00e7\u00e3o do crit\u00e9rio adotado na PLR 2020 quanto \u00e0 apura\u00e7\u00e3o apenas em rela\u00e7\u00e3o aos lucros, a distribui\u00e7\u00e3o 50\/50 e a incorpora\u00e7\u00e3o do limite de teto de pagamento ao m\u00e1ximo de R$ 70 mil<\/p>\n<h4>Home care<\/h4>\n<p>Ficou acordado, na audi\u00eancia, que uma proposta em rela\u00e7\u00e3o \u00e0 manuten\u00e7\u00e3o do atendimento domiciliar (home care) ser\u00e1 enviada pela empresa ao ministro, para que o documento seja encaminhado aos trabalhadores para avalia\u00e7\u00e3o.&nbsp;<\/p>\n<h4>Dias parados&nbsp;<\/h4>\n<p>Em rela\u00e7\u00e3o aos dias parados na greve ocorrida entre janeiro e fevereiro de 2022, a empresa se comprometeu a n\u00e3o descont\u00e1-los. Eles dever\u00e3o ser pagos ou compensados, com a condi\u00e7\u00e3o que a atual greve cesse hoje (17).&nbsp;<\/p>\n<h4>Julgamento<\/h4>\n<p>Ao final, o ministro disse que est\u00e1 aberto para o recebimento da resposta sobre a aceita\u00e7\u00e3o da proposta at\u00e9 22\/3 e que j\u00e1 deu andamento ao diss\u00eddio de greve, remetendo os autos ao Minist\u00e9rio P\u00fablico do Trabalho (MPT) para parecer. Caso n\u00e3o ocorra um acordo, ele solicitar\u00e1 uma sess\u00e3o extraordin\u00e1ria da Se\u00e7\u00e3o Especializada em Diss\u00eddios Coletivos (SDC), para julgamento do feito.&nbsp;<\/p>\n<p>(DA\/CF)<\/p>\n<p>Processos: <a href=\"https:\/\/pje.tst.jus.br\/consultaprocessual\/detalhe-processo\/1000039-86.2022.5.00.0000\/3#3dcb54f\" target=\"_blank\" rel=\"noopener\">DCG-1000039-86.2022.5.00.0000<\/a>,&nbsp;<a href=\"https:\/\/pje.tst.jus.br\/consultaprocessual\/detalhe-processo\/1000051-03.2022.5.00.0000\/3#be90d8c\" target=\"_blank\" rel=\"noopener\">DCG-1000051-03.2022.5.00.0000<\/a>, <a href=\"https:\/\/pje.tst.jus.br\/consultaprocessual\/detalhe-processo\/1000012-06.2022.5.00.0000\/3#47c02c0\" target=\"_blank\" rel=\"noopener\">DCG-1000012-06.2022.5.00.0000<\/a>,&nbsp;<a href=\"https:\/\/pje.tst.jus.br\/consultaprocessual\/detalhe-processo\/1000024-20.2022.5.00.0000\/3#c40614e\" target=\"_blank\" rel=\"noopener\">DCG-1000024-20.2022.5.00.0000<\/a> e&nbsp;<a href=\"https:\/\/pje.tst.jus.br\/consultaprocessual\/detalhe-processo\/1001418-96.2021.5.00.0000\/3#71010fd\" target=\"_blank\" rel=\"noopener\">DCG-1001418-96.2021.5.00.0000<\/a><\/p>\n<p>    $(&#8216;#lightbox-urel_ .slider-gallery-wrapper img&#8217;).hover(<br \/>\n    function() {<br \/>\n        const $text=$($($(this).parent()).next());<br \/>\n        $text.hasClass(&#8216;inside-description&#8217;) &amp;&amp; $text.fadeTo( &#8220;slow&#8221; , 0);<br \/>\n    }, function() {<br \/>\n        const $text=$($($(this).parent()).next());<br \/>\n        $text.hasClass(&#8216;inside-description&#8217;) &amp;&amp; $text.fadeTo( &#8220;slow&#8221; , 1);<br \/>\n    }<br \/>\n    );<br \/>\n    $(document).ready(function() {<br \/>\n        var urel_autoplaying=false;<br \/>\n        var urel_showingLightbox=false;<br \/>\n        const urel_playPauseControllers=&#8221;#slider-urel_-playpause, #slider-urel_-lightbox-playpause&#8221;;<br \/>\n        $(&#8220;#slider-urel_&#8221;).slick({<br \/>\n            slidesToShow: 1,<br \/>\n            slidesToScroll: 1,<br \/>\n            autoplay: urel_autoplaying,<br \/>\n            swipeToSlide: false,<br \/>\n            centerMode: false,<br \/>\n            autoplaySpeed: 3000,<br \/>\n            focusOnSelect: true,<br \/>\n            prevArrow:<br \/>\n            &#8221;,<br \/>\n            nextArrow:<br \/>\n            &#8221;,<br \/>\n            centerPadding: &#8220;60px&#8221;,<br \/>\n            responsive: [<br \/>\n                {<br \/>\n                    breakpoint: 767.98,<br \/>\n                    settings: {<br \/>\n                        slidesToShow: 3,<br \/>\n                        adaptiveHeight: true<br \/>\n                    }<br \/>\n                }<br \/>\n            ]<br \/>\n        });<br \/>\n        $(&#8220;#slider-urel_&#8221;).slickLightbox({<br \/>\n            src: &#8216;src&#8217;,<br \/>\n            itemSelector: &#8216;.galery-image .multimidia-wrapper img&#8217;,<br \/>\n            caption:&#8217;caption&#8217;<br \/>\n        });<br \/>\n    });<br \/>\n<script async src=\"https:\/\/platform.twitter.com\/widgets.js\" charset=\"utf-8\"><\/script><br \/>\n<br \/><i>Com informa\u00e7\u00f5es da assessoria de imprensa do TST.<\/i><br \/>\n<br \/><a href=\"https:\/\/www.tst.jus.br\/web\/guest\/noticias?p_p_id=89Dk&#038;p_p_lifecycle=0&#038;refererPlid=10730&#038;_89Dk_groupId=10157&#038;_89Dk_articleId=29360447\">Fonte<\/a><br \/>\n<br \/><\/p>\n","protected":false},"excerpt":{"rendered":"<p>Ministro Agra Belmonte e participantes da audi\u00eancia de concilia\u00e7\u00e3o 17\/03\/22 &#8211; Em audi\u00eancia de concilia\u00e7\u00e3o realizada nesta quinta-feira (17), na modalidade telepresencial, o ministro Agra Belmonte, do Tribunal Superior do Trabalho, apresentou proposta de acordo para resolver o impasse entre a Eletrobras e os empregados das centrais el\u00e9tricas quanto ao custeio e \u00e0 cobertura do [&hellip;]<\/p>\n","protected":false},"author":3063,"featured_media":11007,"comment_status":"open","ping_status":"open","sticky":false,"template":"","format":"standard","meta":{"footnotes":""},"categories":[3,21],"tags":[33,216,9,12,217,215],"class_list":{"0":"post-11006","1":"post","2":"type-post","3":"status-publish","4":"format-standard","5":"has-post-thumbnail","7":"category-trabalhista","8":"category-tst","9":"tag-calculos-trabalhistas","10":"tag-direito-trabalhista","11":"tag-pericia","12":"tag-perito","13":"tag-trabalho","14":"tag-tst"},"yoast_head":"<!-- This site is optimized with the Yoast SEO plugin v27.2 - https:\/\/yoast.com\/product\/yoast-seo-wordpress\/ -->\n<title>TST: Eletrobras: Ministro Agra Belmonte apresenta proposta sobre plano de sa\u00fade e PLR | Portal de Not\u00edcias<\/title>\n<meta name=\"robots\" content=\"index, follow, max-snippet:-1, max-image-preview:large, max-video-preview:-1\" \/>\n<link rel=\"canonical\" href=\"https:\/\/mhcalculos.com.br\/noticias\/area\/trabalhista\/tst-eletrobras-ministro-agra-belmonte-apresenta-proposta-sobre-plano-de-saude-e-plr.html\" \/>\n<meta property=\"og:locale\" content=\"pt_BR\" \/>\n<meta property=\"og:type\" content=\"article\" \/>\n<meta property=\"og:title\" content=\"TST: Eletrobras: Ministro Agra Belmonte apresenta proposta sobre plano de sa\u00fade e PLR | Portal de Not\u00edcias\" \/>\n<meta property=\"og:description\" content=\"Ministro Agra Belmonte e participantes da audi\u00eancia de concilia\u00e7\u00e3o 17\/03\/22 &#8211; Em audi\u00eancia de concilia\u00e7\u00e3o realizada nesta quinta-feira (17), na modalidade telepresencial, o ministro Agra Belmonte, do Tribunal Superior do Trabalho, apresentou proposta de acordo para resolver o impasse entre a Eletrobras e os empregados das centrais el\u00e9tricas quanto ao custeio e \u00e0 cobertura do [&hellip;]\" \/>\n<meta property=\"og:url\" content=\"https:\/\/mhcalculos.com.br\/noticias\/area\/trabalhista\/tst-eletrobras-ministro-agra-belmonte-apresenta-proposta-sobre-plano-de-saude-e-plr.html\" \/>\n<meta property=\"og:site_name\" content=\"Portal de Not\u00edcias\" \/>\n<meta property=\"article:published_time\" content=\"2022-03-17T22:15:00+00:00\" \/>\n<meta property=\"og:image\" content=\"https:\/\/mhcalculos.com.br\/noticias\/wp-content\/uploads\/sites\/2\/2022\/03\/trabalhista-0048.jpg\" \/>\n\t<meta property=\"og:image:width\" content=\"2000\" \/>\n\t<meta property=\"og:image:height\" content=\"800\" \/>\n\t<meta property=\"og:image:type\" content=\"image\/jpeg\" \/>\n<meta name=\"author\" content=\"Equipe MH\" \/>\n<meta name=\"twitter:card\" content=\"summary_large_image\" \/>\n<meta name=\"twitter:label1\" content=\"Escrito por\" \/>\n\t<meta name=\"twitter:data1\" content=\"Equipe MH\" \/>\n\t<meta name=\"twitter:label2\" content=\"Est. tempo de leitura\" \/>\n\t<meta name=\"twitter:data2\" content=\"2 minutos\" \/>\n<script type=\"application\/ld+json\" class=\"yoast-schema-graph\">{\"@context\":\"https:\/\/schema.org\",\"@graph\":[{\"@type\":\"Article\",\"@id\":\"https:\/\/mhcalculos.com.br\/noticias\/area\/trabalhista\/tst-eletrobras-ministro-agra-belmonte-apresenta-proposta-sobre-plano-de-saude-e-plr.html#article\",\"isPartOf\":{\"@id\":\"https:\/\/mhcalculos.com.br\/noticias\/area\/trabalhista\/tst-eletrobras-ministro-agra-belmonte-apresenta-proposta-sobre-plano-de-saude-e-plr.html\"},\"author\":{\"name\":\"Equipe MH\",\"@id\":\"https:\/\/mhcalculos.com.br\/noticias\/#\/schema\/person\/88d1c34bf72dc779ea14a5a6b8e0ae8d\"},\"headline\":\"TST: Eletrobras: Ministro Agra Belmonte apresenta proposta sobre plano de sa\u00fade e PLR\",\"datePublished\":\"2022-03-17T22:15:00+00:00\",\"mainEntityOfPage\":{\"@id\":\"https:\/\/mhcalculos.com.br\/noticias\/area\/trabalhista\/tst-eletrobras-ministro-agra-belmonte-apresenta-proposta-sobre-plano-de-saude-e-plr.html\"},\"wordCount\":501,\"commentCount\":0,\"image\":{\"@id\":\"https:\/\/mhcalculos.com.br\/noticias\/area\/trabalhista\/tst-eletrobras-ministro-agra-belmonte-apresenta-proposta-sobre-plano-de-saude-e-plr.html#primaryimage\"},\"thumbnailUrl\":\"https:\/\/mhcalculos.com.br\/noticias\/wp-content\/uploads\/sites\/2\/2022\/03\/trabalhista-0048.jpg\",\"keywords\":[\"c\u00e1lculos trabalhistas\",\"direito trabalhista\",\"per\u00edcia\",\"perito\",\"trabalho\",\"TST\"],\"articleSection\":[\"Direito Trabalhista\",\"TST\"],\"inLanguage\":\"pt-BR\",\"potentialAction\":[{\"@type\":\"CommentAction\",\"name\":\"Comment\",\"target\":[\"https:\/\/mhcalculos.com.br\/noticias\/area\/trabalhista\/tst-eletrobras-ministro-agra-belmonte-apresenta-proposta-sobre-plano-de-saude-e-plr.html#respond\"]}]},{\"@type\":\"WebPage\",\"@id\":\"https:\/\/mhcalculos.com.br\/noticias\/area\/trabalhista\/tst-eletrobras-ministro-agra-belmonte-apresenta-proposta-sobre-plano-de-saude-e-plr.html\",\"url\":\"https:\/\/mhcalculos.com.br\/noticias\/area\/trabalhista\/tst-eletrobras-ministro-agra-belmonte-apresenta-proposta-sobre-plano-de-saude-e-plr.html\",\"name\":\"TST: Eletrobras: Ministro Agra Belmonte apresenta proposta sobre plano de sa\u00fade e PLR | Portal de Not\u00edcias\",\"isPartOf\":{\"@id\":\"https:\/\/mhcalculos.com.br\/noticias\/#website\"},\"primaryImageOfPage\":{\"@id\":\"https:\/\/mhcalculos.com.br\/noticias\/area\/trabalhista\/tst-eletrobras-ministro-agra-belmonte-apresenta-proposta-sobre-plano-de-saude-e-plr.html#primaryimage\"},\"image\":{\"@id\":\"https:\/\/mhcalculos.com.br\/noticias\/area\/trabalhista\/tst-eletrobras-ministro-agra-belmonte-apresenta-proposta-sobre-plano-de-saude-e-plr.html#primaryimage\"},\"thumbnailUrl\":\"https:\/\/mhcalculos.com.br\/noticias\/wp-content\/uploads\/sites\/2\/2022\/03\/trabalhista-0048.jpg\",\"datePublished\":\"2022-03-17T22:15:00+00:00\",\"author\":{\"@id\":\"https:\/\/mhcalculos.com.br\/noticias\/#\/schema\/person\/88d1c34bf72dc779ea14a5a6b8e0ae8d\"},\"breadcrumb\":{\"@id\":\"https:\/\/mhcalculos.com.br\/noticias\/area\/trabalhista\/tst-eletrobras-ministro-agra-belmonte-apresenta-proposta-sobre-plano-de-saude-e-plr.html#breadcrumb\"},\"inLanguage\":\"pt-BR\",\"potentialAction\":[{\"@type\":\"ReadAction\",\"target\":[\"https:\/\/mhcalculos.com.br\/noticias\/area\/trabalhista\/tst-eletrobras-ministro-agra-belmonte-apresenta-proposta-sobre-plano-de-saude-e-plr.html\"]}]},{\"@type\":\"ImageObject\",\"inLanguage\":\"pt-BR\",\"@id\":\"https:\/\/mhcalculos.com.br\/noticias\/area\/trabalhista\/tst-eletrobras-ministro-agra-belmonte-apresenta-proposta-sobre-plano-de-saude-e-plr.html#primaryimage\",\"url\":\"https:\/\/mhcalculos.com.br\/noticias\/wp-content\/uploads\/sites\/2\/2022\/03\/trabalhista-0048.jpg\",\"contentUrl\":\"https:\/\/mhcalculos.com.br\/noticias\/wp-content\/uploads\/sites\/2\/2022\/03\/trabalhista-0048.jpg\",\"width\":2000,\"height\":800},{\"@type\":\"BreadcrumbList\",\"@id\":\"https:\/\/mhcalculos.com.br\/noticias\/area\/trabalhista\/tst-eletrobras-ministro-agra-belmonte-apresenta-proposta-sobre-plano-de-saude-e-plr.html#breadcrumb\",\"itemListElement\":[{\"@type\":\"ListItem\",\"position\":1,\"name\":\"In\u00edcio\",\"item\":\"https:\/\/mhcalculos.com.br\/noticias\/\"},{\"@type\":\"ListItem\",\"position\":2,\"name\":\"TST: Eletrobras: Ministro Agra Belmonte apresenta proposta sobre plano de sa\u00fade e PLR\"}]},{\"@type\":\"WebSite\",\"@id\":\"https:\/\/mhcalculos.com.br\/noticias\/#website\",\"url\":\"https:\/\/mhcalculos.com.br\/noticias\/\",\"name\":\"Portal de Not\u00edcias\",\"description\":\"Not\u00edcias e Jurisprud\u00eancia\",\"potentialAction\":[{\"@type\":\"SearchAction\",\"target\":{\"@type\":\"EntryPoint\",\"urlTemplate\":\"https:\/\/mhcalculos.com.br\/noticias\/?s={search_term_string}\"},\"query-input\":{\"@type\":\"PropertyValueSpecification\",\"valueRequired\":true,\"valueName\":\"search_term_string\"}}],\"inLanguage\":\"pt-BR\"},{\"@type\":\"Person\",\"@id\":\"https:\/\/mhcalculos.com.br\/noticias\/#\/schema\/person\/88d1c34bf72dc779ea14a5a6b8e0ae8d\",\"name\":\"Equipe MH\",\"image\":{\"@type\":\"ImageObject\",\"inLanguage\":\"pt-BR\",\"@id\":\"https:\/\/secure.gravatar.com\/avatar\/de1c686c2ecc9c5a3f327e3431d819eb39f8f05d4e1045f5a1caad6daaba987f?s=96&d=mm&r=g\",\"url\":\"https:\/\/secure.gravatar.com\/avatar\/de1c686c2ecc9c5a3f327e3431d819eb39f8f05d4e1045f5a1caad6daaba987f?s=96&d=mm&r=g\",\"contentUrl\":\"https:\/\/secure.gravatar.com\/avatar\/de1c686c2ecc9c5a3f327e3431d819eb39f8f05d4e1045f5a1caad6daaba987f?s=96&d=mm&r=g\",\"caption\":\"Equipe MH\"}}]}<\/script>\n<!-- \/ Yoast SEO plugin. -->","yoast_head_json":{"title":"TST: Eletrobras: Ministro Agra Belmonte apresenta proposta sobre plano de sa\u00fade e PLR | Portal de Not\u00edcias","robots":{"index":"index","follow":"follow","max-snippet":"max-snippet:-1","max-image-preview":"max-image-preview:large","max-video-preview":"max-video-preview:-1"},"canonical":"https:\/\/mhcalculos.com.br\/noticias\/area\/trabalhista\/tst-eletrobras-ministro-agra-belmonte-apresenta-proposta-sobre-plano-de-saude-e-plr.html","og_locale":"pt_BR","og_type":"article","og_title":"TST: Eletrobras: Ministro Agra Belmonte apresenta proposta sobre plano de sa\u00fade e PLR | Portal de Not\u00edcias","og_description":"Ministro Agra Belmonte e participantes da audi\u00eancia de concilia\u00e7\u00e3o 17\/03\/22 &#8211; Em audi\u00eancia de concilia\u00e7\u00e3o realizada nesta quinta-feira (17), na modalidade telepresencial, o ministro Agra Belmonte, do Tribunal Superior do Trabalho, apresentou proposta de acordo para resolver o impasse entre a Eletrobras e os empregados das centrais el\u00e9tricas quanto ao custeio e \u00e0 cobertura do [&hellip;]","og_url":"https:\/\/mhcalculos.com.br\/noticias\/area\/trabalhista\/tst-eletrobras-ministro-agra-belmonte-apresenta-proposta-sobre-plano-de-saude-e-plr.html","og_site_name":"Portal de Not\u00edcias","article_published_time":"2022-03-17T22:15:00+00:00","og_image":[{"width":2000,"height":800,"url":"https:\/\/mhcalculos.com.br\/noticias\/wp-content\/uploads\/sites\/2\/2022\/03\/trabalhista-0048.jpg","type":"image\/jpeg"}],"author":"Equipe MH","twitter_card":"summary_large_image","twitter_misc":{"Escrito por":"Equipe MH","Est. tempo de leitura":"2 minutos"},"schema":{"@context":"https:\/\/schema.org","@graph":[{"@type":"Article","@id":"https:\/\/mhcalculos.com.br\/noticias\/area\/trabalhista\/tst-eletrobras-ministro-agra-belmonte-apresenta-proposta-sobre-plano-de-saude-e-plr.html#article","isPartOf":{"@id":"https:\/\/mhcalculos.com.br\/noticias\/area\/trabalhista\/tst-eletrobras-ministro-agra-belmonte-apresenta-proposta-sobre-plano-de-saude-e-plr.html"},"author":{"name":"Equipe MH","@id":"https:\/\/mhcalculos.com.br\/noticias\/#\/schema\/person\/88d1c34bf72dc779ea14a5a6b8e0ae8d"},"headline":"TST: Eletrobras: Ministro Agra Belmonte apresenta proposta sobre plano de sa\u00fade e PLR","datePublished":"2022-03-17T22:15:00+00:00","mainEntityOfPage":{"@id":"https:\/\/mhcalculos.com.br\/noticias\/area\/trabalhista\/tst-eletrobras-ministro-agra-belmonte-apresenta-proposta-sobre-plano-de-saude-e-plr.html"},"wordCount":501,"commentCount":0,"image":{"@id":"https:\/\/mhcalculos.com.br\/noticias\/area\/trabalhista\/tst-eletrobras-ministro-agra-belmonte-apresenta-proposta-sobre-plano-de-saude-e-plr.html#primaryimage"},"thumbnailUrl":"https:\/\/mhcalculos.com.br\/noticias\/wp-content\/uploads\/sites\/2\/2022\/03\/trabalhista-0048.jpg","keywords":["c\u00e1lculos trabalhistas","direito trabalhista","per\u00edcia","perito","trabalho","TST"],"articleSection":["Direito Trabalhista","TST"],"inLanguage":"pt-BR","potentialAction":[{"@type":"CommentAction","name":"Comment","target":["https:\/\/mhcalculos.com.br\/noticias\/area\/trabalhista\/tst-eletrobras-ministro-agra-belmonte-apresenta-proposta-sobre-plano-de-saude-e-plr.html#respond"]}]},{"@type":"WebPage","@id":"https:\/\/mhcalculos.com.br\/noticias\/area\/trabalhista\/tst-eletrobras-ministro-agra-belmonte-apresenta-proposta-sobre-plano-de-saude-e-plr.html","url":"https:\/\/mhcalculos.com.br\/noticias\/area\/trabalhista\/tst-eletrobras-ministro-agra-belmonte-apresenta-proposta-sobre-plano-de-saude-e-plr.html","name":"TST: Eletrobras: Ministro Agra Belmonte apresenta proposta sobre plano de sa\u00fade e PLR | Portal de Not\u00edcias","isPartOf":{"@id":"https:\/\/mhcalculos.com.br\/noticias\/#website"},"primaryImageOfPage":{"@id":"https:\/\/mhcalculos.com.br\/noticias\/area\/trabalhista\/tst-eletrobras-ministro-agra-belmonte-apresenta-proposta-sobre-plano-de-saude-e-plr.html#primaryimage"},"image":{"@id":"https:\/\/mhcalculos.com.br\/noticias\/area\/trabalhista\/tst-eletrobras-ministro-agra-belmonte-apresenta-proposta-sobre-plano-de-saude-e-plr.html#primaryimage"},"thumbnailUrl":"https:\/\/mhcalculos.com.br\/noticias\/wp-content\/uploads\/sites\/2\/2022\/03\/trabalhista-0048.jpg","datePublished":"2022-03-17T22:15:00+00:00","author":{"@id":"https:\/\/mhcalculos.com.br\/noticias\/#\/schema\/person\/88d1c34bf72dc779ea14a5a6b8e0ae8d"},"breadcrumb":{"@id":"https:\/\/mhcalculos.com.br\/noticias\/area\/trabalhista\/tst-eletrobras-ministro-agra-belmonte-apresenta-proposta-sobre-plano-de-saude-e-plr.html#breadcrumb"},"inLanguage":"pt-BR","potentialAction":[{"@type":"ReadAction","target":["https:\/\/mhcalculos.com.br\/noticias\/area\/trabalhista\/tst-eletrobras-ministro-agra-belmonte-apresenta-proposta-sobre-plano-de-saude-e-plr.html"]}]},{"@type":"ImageObject","inLanguage":"pt-BR","@id":"https:\/\/mhcalculos.com.br\/noticias\/area\/trabalhista\/tst-eletrobras-ministro-agra-belmonte-apresenta-proposta-sobre-plano-de-saude-e-plr.html#primaryimage","url":"https:\/\/mhcalculos.com.br\/noticias\/wp-content\/uploads\/sites\/2\/2022\/03\/trabalhista-0048.jpg","contentUrl":"https:\/\/mhcalculos.com.br\/noticias\/wp-content\/uploads\/sites\/2\/2022\/03\/trabalhista-0048.jpg","width":2000,"height":800},{"@type":"BreadcrumbList","@id":"https:\/\/mhcalculos.com.br\/noticias\/area\/trabalhista\/tst-eletrobras-ministro-agra-belmonte-apresenta-proposta-sobre-plano-de-saude-e-plr.html#breadcrumb","itemListElement":[{"@type":"ListItem","position":1,"name":"In\u00edcio","item":"https:\/\/mhcalculos.com.br\/noticias\/"},{"@type":"ListItem","position":2,"name":"TST: Eletrobras: Ministro Agra Belmonte apresenta proposta sobre plano de sa\u00fade e PLR"}]},{"@type":"WebSite","@id":"https:\/\/mhcalculos.com.br\/noticias\/#website","url":"https:\/\/mhcalculos.com.br\/noticias\/","name":"Portal de Not\u00edcias","description":"Not\u00edcias e Jurisprud\u00eancia","potentialAction":[{"@type":"SearchAction","target":{"@type":"EntryPoint","urlTemplate":"https:\/\/mhcalculos.com.br\/noticias\/?s={search_term_string}"},"query-input":{"@type":"PropertyValueSpecification","valueRequired":true,"valueName":"search_term_string"}}],"inLanguage":"pt-BR"},{"@type":"Person","@id":"https:\/\/mhcalculos.com.br\/noticias\/#\/schema\/person\/88d1c34bf72dc779ea14a5a6b8e0ae8d","name":"Equipe MH","image":{"@type":"ImageObject","inLanguage":"pt-BR","@id":"https:\/\/secure.gravatar.com\/avatar\/de1c686c2ecc9c5a3f327e3431d819eb39f8f05d4e1045f5a1caad6daaba987f?s=96&d=mm&r=g","url":"https:\/\/secure.gravatar.com\/avatar\/de1c686c2ecc9c5a3f327e3431d819eb39f8f05d4e1045f5a1caad6daaba987f?s=96&d=mm&r=g","contentUrl":"https:\/\/secure.gravatar.com\/avatar\/de1c686c2ecc9c5a3f327e3431d819eb39f8f05d4e1045f5a1caad6daaba987f?s=96&d=mm&r=g","caption":"Equipe MH"}}]}},"_links":{"self":[{"href":"https:\/\/mhcalculos.com.br\/noticias\/wp-json\/wp\/v2\/posts\/11006","targetHints":{"allow":["GET"]}}],"collection":[{"href":"https:\/\/mhcalculos.com.br\/noticias\/wp-json\/wp\/v2\/posts"}],"about":[{"href":"https:\/\/mhcalculos.com.br\/noticias\/wp-json\/wp\/v2\/types\/post"}],"author":[{"embeddable":true,"href":"https:\/\/mhcalculos.com.br\/noticias\/wp-json\/wp\/v2\/users\/3063"}],"replies":[{"embeddable":true,"href":"https:\/\/mhcalculos.com.br\/noticias\/wp-json\/wp\/v2\/comments?post=11006"}],"version-history":[{"count":0,"href":"https:\/\/mhcalculos.com.br\/noticias\/wp-json\/wp\/v2\/posts\/11006\/revisions"}],"wp:featuredmedia":[{"embeddable":true,"href":"https:\/\/mhcalculos.com.br\/noticias\/wp-json\/wp\/v2\/media\/11007"}],"wp:attachment":[{"href":"https:\/\/mhcalculos.com.br\/noticias\/wp-json\/wp\/v2\/media?parent=11006"}],"wp:term":[{"taxonomy":"category","embeddable":true,"href":"https:\/\/mhcalculos.com.br\/noticias\/wp-json\/wp\/v2\/categories?post=11006"},{"taxonomy":"post_tag","embeddable":true,"href":"https:\/\/mhcalculos.com.br\/noticias\/wp-json\/wp\/v2\/tags?post=11006"}],"curies":[{"name":"wp","href":"https:\/\/api.w.org\/{rel}","templated":true}]}}