{"id":11004,"date":"2022-03-17T09:53:00","date_gmt":"2022-03-17T12:53:00","guid":{"rendered":"https:\/\/mhcalculos.com.br\/noticias\/area\/trabalhista\/tst-motorista-nao-tera-direito-a-adicional-por-ajudar-a-descarregar-caminhao.html"},"modified":"2022-03-17T09:53:00","modified_gmt":"2022-03-17T12:53:00","slug":"tst-motorista-nao-tera-direito-a-adicional-por-ajudar-a-descarregar-caminhao","status":"publish","type":"post","link":"https:\/\/mhcalculos.com.br\/noticias\/area\/trabalhista\/tst-motorista-nao-tera-direito-a-adicional-por-ajudar-a-descarregar-caminhao.html","title":{"rendered":"TST: Motorista n\u00e3o ter\u00e1 direito a adicional por ajudar a descarregar caminh\u00e3o"},"content":{"rendered":"<p><br \/>\n<\/p>\n<p><em><\/p>\n<p>Para a 2\u00aa Turma, a jurisprud\u00eancia vem entendendo que as atividades s\u00e3o compat\u00edveis entre si<\/p>\n<p><\/em><\/p>\n<p>        <a class=\"share-facebook\" href=\"https:\/\/www.facebook.com\/sharer.php?u=https:\/\/www.tst.jus.br\/-\/motorista-n%C3%A3o-ter%C3%A1-direito-a-adicional-por-ajudar-a-descarregar-caminh%C3%A3o\" target=\"_blank\" rel=\"noopener\"><\/a><br \/>\n        <a class=\"share-twitter\" href=\"http:\/\/twitter.com\/intent\/tweet?text=Motorista n\u00e3o ter\u00e1 direito a adicional por ajudar a descarregar caminh\u00e3o%0AVeja%20mais%20em:&amp;url=https:\/\/www.tst.jus.br\/-\/motorista-n%C3%A3o-ter%C3%A1-direito-a-adicional-por-ajudar-a-descarregar-caminh%C3%A3o\" target=\"_blank\" rel=\"noopener\"><\/a><br \/>\n        <a class=\"share-linkedin\" href=\"https:\/\/www.linkedin.com\/shareArticle?mini=true&amp;url=https:\/\/www.tst.jus.br\/-\/motorista-n%C3%A3o-ter%C3%A1-direito-a-adicional-por-ajudar-a-descarregar-caminh%C3%A3o&amp;title=Motorista n\u00e3o ter\u00e1 direito a adicional por ajudar a descarregar caminh\u00e3o\" target=\"_blank\" rel=\"noopener\"><\/a><br \/>\n        <a class=\"share-whatsapp\" href=\"https:\/\/web.whatsapp.com\/send?text=https:\/\/www.tst.jus.br\/-\/motorista-n%C3%A3o-ter%C3%A1-direito-a-adicional-por-ajudar-a-descarregar-caminh%C3%A3o\" target=\"_blank\" rel=\"noopener\"><\/a><br \/>\n        <a class=\"share-googleplus\" href=\"https:\/\/plus.google.com\/share?url=https:\/\/www.tst.jus.br\/-\/motorista-n%C3%A3o-ter%C3%A1-direito-a-adicional-por-ajudar-a-descarregar-caminh%C3%A3o\" target=\"_blank\" rel=\"noopener\"><\/a><\/p>\n<p>                <\/p>\n<p>Detalhe de parte traseira de caminh\u00f5es de carga<\/p>\n<p>                    <a class=\"share-facebook\" href=\"https:\/\/www.facebook.com\/sharer.php?u=https:\/\/www.tst.jus.br\/-\/motorista-n%C3%A3o-ter%C3%A1-direito-a-adicional-por-ajudar-a-descarregar-caminh%C3%A3o\" target=\"_blank\" rel=\"noopener\"><\/a><br \/>\n                    <a class=\"share-twitter\" href=\"http:\/\/twitter.com\/intent\/tweet?text=Motorista n\u00e3o ter\u00e1 direito a adicional por ajudar a descarregar caminh\u00e3o%0AVeja%20mais%20em:&amp;url=https:\/\/www.tst.jus.br\/-\/motorista-n%C3%A3o-ter%C3%A1-direito-a-adicional-por-ajudar-a-descarregar-caminh%C3%A3o\" target=\"_blank\" rel=\"noopener\"><\/a><br \/>\n                    <a class=\"share-linkedin\" href=\"https:\/\/www.linkedin.com\/shareArticle?mini=true&amp;url=https:\/\/www.tst.jus.br\/-\/motorista-n%C3%A3o-ter%C3%A1-direito-a-adicional-por-ajudar-a-descarregar-caminh%C3%A3o&amp;title=Motorista n\u00e3o ter\u00e1 direito a adicional por ajudar a descarregar caminh\u00e3o\" target=\"_blank\" rel=\"noopener\"><\/a><br \/>\n                    <a class=\"share-whatsapp\" href=\"https:\/\/web.whatsapp.com\/send?text=https:\/\/www.tst.jus.br\/-\/motorista-n%C3%A3o-ter%C3%A1-direito-a-adicional-por-ajudar-a-descarregar-caminh%C3%A3o\" target=\"_blank\" rel=\"noopener\"><\/a><br \/>\n                    <a class=\"share-googleplus\" href=\"https:\/\/plus.google.com\/share?url=https:\/\/www.tst.jus.br\/-\/motorista-n%C3%A3o-ter%C3%A1-direito-a-adicional-por-ajudar-a-descarregar-caminh%C3%A3o\" target=\"_blank\" rel=\"noopener\"><\/a><\/p>\n<p>17\/03\/22 &#8211; A Segunda Turma do Tribunal Superior do Trabalho acolheu o recurso da Expresso S\u00e3o Miguel Ltda., de S\u00e3o Leopoldo (RS), para excluir sua condena\u00e7\u00e3o ao pagamento de adicional a um motorista por ac\u00famulo de fun\u00e7\u00f5es. O empregado alegava que, al\u00e9m de motorista, trabalhava como ajudante. Por unanimidade, por\u00e9m, o colegiado entendeu que as tarefas s\u00e3o compat\u00edveis entre si.<\/p>\n<h4>Altera\u00e7\u00e3o de contrato<\/h4>\n<p>Na a\u00e7\u00e3o trabalhista, ajuizada em dezembro de 2015, o motorista disse que dirigia caminh\u00e3o truck realizando entrega e coleta de mercadorias, como eletrodom\u00e9sticos, m\u00f3veis e pe\u00e7as automotivas, e ainda tinha de ajudar no descarregamento. Ele acusava a empresa de ter alterado o contrato de forma unilateral, caracterizando desvio de fun\u00e7\u00e3o, pois essas tarefas n\u00e3o eram desempenhadas anteriormente.<\/p>\n<h4>Ordem de servi\u00e7o<\/h4>\n<p>Por sua vez, a empresa disse que o empregado fora contratado como motorista e sempre exercera essa fun\u00e7\u00e3o. Segundo a Expresso, a tarefa de auxiliar o carregamento e o descarregamento do caminh\u00e3o est\u00e1&nbsp;inserida&nbsp;na fun\u00e7\u00e3o de motorista e era de total conhecimento do empregado quando da contrata\u00e7\u00e3o.<\/p>\n<h4>Incompat\u00edvel<\/h4>\n<p>O ju\u00edzo da 1\u00aa Vara do Trabalho de S\u00e3o Leopoldo (RS) julgou o pedido&nbsp;improcedente, mas a senten\u00e7a foi reformada pelo Tribunal Regional do Trabalho da 4\u00aa Regi\u00e3o (RS), que deferiu as diferen\u00e7as salariais por entender que a atividade de motorista \u00e9 incompat\u00edvel com a fun\u00e7\u00e3o de auxiliar de carga e descarga. Para o TRT, a Expresso havia descumprido a lei, ao n\u00e3o contratar trabalhadores espec\u00edficos para essa fun\u00e7\u00e3o.<\/p>\n<h4>Jurisprud\u00eancia<\/h4>\n<p><img decoding=\"async\" data-fileentryid=\"29360099\" data-src=\"\/documents\/10157\/2374827\/Maria+Helena+Mallmann.jpg\/3e6c9027-072e-275c-e1a0-79ab35e4269f?t=1647547451296&amp;imagePreview=1\" src=\"data:image\/svg+xml;base64,PHN2ZyB3aWR0aD0iMSIgaGVpZ2h0PSIxIiB4bWxucz0iaHR0cDovL3d3dy53My5vcmcvMjAwMC9zdmciPjwvc3ZnPg==\" class=\"lazyload\" \/><\/p>\n<p>A relatora do recurso de revista da Expresso, ministra Maria Helena Mallmann, acolheu a tese da empresa de que as atividades de motorista e ajudante s\u00e3o complementares, e n\u00e3o distintas. Segundo a ministra, a jurisprud\u00eancia do TST vem entendendo que elas s\u00e3o compat\u00edveis entre si, o que afasta o direito ao plus salarial por ac\u00famulo de fun\u00e7\u00f5es.<\/p>\n<p>Em seu voto, a relatora citou, tamb\u00e9m, o artigo 456, par\u00e1grafo \u00fanico, da CLT, que diz que, na falta de prova ou de cl\u00e1usula expressa, se entende que \u201co empregado se obrigou a todo e qualquer servi\u00e7o compat\u00edvel com a sua condi\u00e7\u00e3o pessoal&#8221;.<\/p>\n<p>A decis\u00e3o foi un\u00e2nime.<\/p>\n<p>(RR\/CF)<\/p>\n<p>Processo: <a href=\"http:\/\/aplicacao4.tst.jus.br\/consultaProcessual\/consultaTstNumUnica.do?consulta=Consultar&amp;conscsjt=&amp;numeroTst=21878&amp;digitoTst=97&amp;anoTst=2015&amp;orgaoTst=5&amp;tribunalTst=04&amp;varaTst=0331&amp;submit=Consultar\" target=\"_blank\" rel=\"noopener\">RR-21878-97.2015.5.04.0331<\/a><\/p>\n<p>O TST tem oito Turmas, cada uma composta por tr\u00eas ministros, com a atribui\u00e7\u00e3o de analisar recursos de revista, agravos, agravos de instrumento, agravos regimentais e recursos ordin\u00e1rios em a\u00e7\u00e3o cautelar. Das decis\u00f5es das Turmas, a parte ainda pode, em alguns casos, recorrer \u00e0 Subse\u00e7\u00e3o I Especializada em Diss\u00eddios Individuais (SDI-1).<\/p>\n<p>Esta mat\u00e9ria tem cunho meramente informativo.<br \/>\nPermitida a reprodu\u00e7\u00e3o mediante cita\u00e7\u00e3o da fonte.<br \/>\nSecretaria de Comunica\u00e7\u00e3o Social<br \/>\n<a href=\"http:\/\/www.tst.jus.br\" target=\"_blank\" rel=\"noopener\">Tribunal Superior do Trabalho<\/a><br \/>\nTel. (61) 3043-4907<br \/>\n<a href=\"mailto:secom@tst.jus.br\" target=\"\" rel=\"noopener\">secom@tst.jus.br<\/a>&nbsp;&nbsp;<br \/>\n&nbsp;<\/p>\n<p>    $(&#8216;#lightbox-uruq_ .slider-gallery-wrapper img&#8217;).hover(<br \/>\n    function() {<br \/>\n        const $text=$($($(this).parent()).next());<br \/>\n        $text.hasClass(&#8216;inside-description&#8217;) &amp;&amp; $text.fadeTo( &#8220;slow&#8221; , 0);<br \/>\n    }, function() {<br \/>\n        const $text=$($($(this).parent()).next());<br \/>\n        $text.hasClass(&#8216;inside-description&#8217;) &amp;&amp; $text.fadeTo( &#8220;slow&#8221; , 1);<br \/>\n    }<br \/>\n    );<br \/>\n    $(document).ready(function() {<br \/>\n        var uruq_autoplaying=false;<br \/>\n        var uruq_showingLightbox=false;<br \/>\n        const uruq_playPauseControllers=&#8221;#slider-uruq_-playpause, #slider-uruq_-lightbox-playpause&#8221;;<br \/>\n        $(&#8220;#slider-uruq_&#8221;).slick({<br \/>\n            slidesToShow: 1,<br \/>\n            slidesToScroll: 1,<br \/>\n            autoplay: uruq_autoplaying,<br \/>\n            swipeToSlide: false,<br \/>\n            centerMode: false,<br \/>\n            autoplaySpeed: 3000,<br \/>\n            focusOnSelect: true,<br \/>\n            prevArrow:<br \/>\n            &#8221;,<br \/>\n            nextArrow:<br \/>\n            &#8221;,<br \/>\n            centerPadding: &#8220;60px&#8221;,<br \/>\n            responsive: [<br \/>\n                {<br \/>\n                    breakpoint: 767.98,<br \/>\n                    settings: {<br \/>\n                        slidesToShow: 3,<br \/>\n                        adaptiveHeight: true<br \/>\n                    }<br \/>\n                }<br \/>\n            ]<br \/>\n        });<br \/>\n        $(&#8220;#slider-uruq_&#8221;).slickLightbox({<br \/>\n            src: &#8216;src&#8217;,<br \/>\n            itemSelector: &#8216;.galery-image .multimidia-wrapper img&#8217;,<br \/>\n            caption:&#8217;caption&#8217;<br \/>\n        });<br \/>\n    });<br \/>\n<script async src=\"https:\/\/platform.twitter.com\/widgets.js\" charset=\"utf-8\"><\/script><br \/>\n<br \/><i>Com informa\u00e7\u00f5es da assessoria de imprensa do TST.<\/i><br \/>\n<br \/><a href=\"https:\/\/www.tst.jus.br\/web\/guest\/noticias?p_p_id=89Dk&#038;p_p_lifecycle=0&#038;refererPlid=10730&#038;_89Dk_groupId=10157&#038;_89Dk_articleId=29358390\">Fonte<\/a><br \/>\n<br \/><\/p>\n","protected":false},"excerpt":{"rendered":"<p>Para a 2\u00aa Turma, a jurisprud\u00eancia vem entendendo que as atividades s\u00e3o compat\u00edveis entre si Detalhe de parte traseira de caminh\u00f5es de carga 17\/03\/22 &#8211; A Segunda Turma do Tribunal Superior do Trabalho acolheu o recurso da Expresso S\u00e3o Miguel Ltda., de S\u00e3o Leopoldo (RS), para excluir sua condena\u00e7\u00e3o ao pagamento de adicional a um [&hellip;]<\/p>\n","protected":false},"author":3063,"featured_media":11005,"comment_status":"open","ping_status":"open","sticky":false,"template":"","format":"standard","meta":{"footnotes":""},"categories":[3,21],"tags":[33,216,9,12,217,215],"class_list":{"0":"post-11004","1":"post","2":"type-post","3":"status-publish","4":"format-standard","5":"has-post-thumbnail","7":"category-trabalhista","8":"category-tst","9":"tag-calculos-trabalhistas","10":"tag-direito-trabalhista","11":"tag-pericia","12":"tag-perito","13":"tag-trabalho","14":"tag-tst"},"yoast_head":"<!-- This site is optimized with the Yoast SEO plugin v27.2 - https:\/\/yoast.com\/product\/yoast-seo-wordpress\/ -->\n<title>TST: Motorista n\u00e3o ter\u00e1 direito a adicional por ajudar a descarregar caminh\u00e3o | Portal de Not\u00edcias<\/title>\n<meta name=\"robots\" content=\"index, follow, max-snippet:-1, max-image-preview:large, max-video-preview:-1\" \/>\n<link rel=\"canonical\" href=\"https:\/\/mhcalculos.com.br\/noticias\/area\/trabalhista\/tst-motorista-nao-tera-direito-a-adicional-por-ajudar-a-descarregar-caminhao.html\" \/>\n<meta property=\"og:locale\" content=\"pt_BR\" \/>\n<meta property=\"og:type\" content=\"article\" \/>\n<meta property=\"og:title\" content=\"TST: Motorista n\u00e3o ter\u00e1 direito a adicional por ajudar a descarregar caminh\u00e3o | Portal de Not\u00edcias\" \/>\n<meta property=\"og:description\" content=\"Para a 2\u00aa Turma, a jurisprud\u00eancia vem entendendo que as atividades s\u00e3o compat\u00edveis entre si Detalhe de parte traseira de caminh\u00f5es de carga 17\/03\/22 &#8211; A Segunda Turma do Tribunal Superior do Trabalho acolheu o recurso da Expresso S\u00e3o Miguel Ltda., de S\u00e3o Leopoldo (RS), para excluir sua condena\u00e7\u00e3o ao pagamento de adicional a um [&hellip;]\" \/>\n<meta property=\"og:url\" content=\"https:\/\/mhcalculos.com.br\/noticias\/area\/trabalhista\/tst-motorista-nao-tera-direito-a-adicional-por-ajudar-a-descarregar-caminhao.html\" \/>\n<meta property=\"og:site_name\" content=\"Portal de Not\u00edcias\" \/>\n<meta property=\"article:published_time\" content=\"2022-03-17T12:53:00+00:00\" \/>\n<meta property=\"og:image\" content=\"https:\/\/mhcalculos.com.br\/noticias\/wp-content\/uploads\/sites\/2\/2022\/03\/trabalhista-0036.jpg\" \/>\n\t<meta property=\"og:image:width\" content=\"2000\" \/>\n\t<meta property=\"og:image:height\" content=\"800\" \/>\n\t<meta property=\"og:image:type\" content=\"image\/jpeg\" \/>\n<meta name=\"author\" content=\"Equipe MH\" \/>\n<meta name=\"twitter:card\" content=\"summary_large_image\" \/>\n<meta name=\"twitter:label1\" content=\"Escrito por\" \/>\n\t<meta name=\"twitter:data1\" content=\"Equipe MH\" \/>\n\t<meta name=\"twitter:label2\" content=\"Est. tempo de leitura\" \/>\n\t<meta name=\"twitter:data2\" content=\"3 minutos\" \/>\n<script type=\"application\/ld+json\" class=\"yoast-schema-graph\">{\"@context\":\"https:\/\/schema.org\",\"@graph\":[{\"@type\":\"Article\",\"@id\":\"https:\/\/mhcalculos.com.br\/noticias\/area\/trabalhista\/tst-motorista-nao-tera-direito-a-adicional-por-ajudar-a-descarregar-caminhao.html#article\",\"isPartOf\":{\"@id\":\"https:\/\/mhcalculos.com.br\/noticias\/area\/trabalhista\/tst-motorista-nao-tera-direito-a-adicional-por-ajudar-a-descarregar-caminhao.html\"},\"author\":{\"name\":\"Equipe MH\",\"@id\":\"https:\/\/mhcalculos.com.br\/noticias\/#\/schema\/person\/88d1c34bf72dc779ea14a5a6b8e0ae8d\"},\"headline\":\"TST: Motorista n\u00e3o ter\u00e1 direito a adicional por ajudar a descarregar caminh\u00e3o\",\"datePublished\":\"2022-03-17T12:53:00+00:00\",\"mainEntityOfPage\":{\"@id\":\"https:\/\/mhcalculos.com.br\/noticias\/area\/trabalhista\/tst-motorista-nao-tera-direito-a-adicional-por-ajudar-a-descarregar-caminhao.html\"},\"wordCount\":624,\"commentCount\":0,\"image\":{\"@id\":\"https:\/\/mhcalculos.com.br\/noticias\/area\/trabalhista\/tst-motorista-nao-tera-direito-a-adicional-por-ajudar-a-descarregar-caminhao.html#primaryimage\"},\"thumbnailUrl\":\"https:\/\/mhcalculos.com.br\/noticias\/wp-content\/uploads\/sites\/2\/2022\/03\/trabalhista-0036.jpg\",\"keywords\":[\"c\u00e1lculos trabalhistas\",\"direito trabalhista\",\"per\u00edcia\",\"perito\",\"trabalho\",\"TST\"],\"articleSection\":[\"Direito Trabalhista\",\"TST\"],\"inLanguage\":\"pt-BR\",\"potentialAction\":[{\"@type\":\"CommentAction\",\"name\":\"Comment\",\"target\":[\"https:\/\/mhcalculos.com.br\/noticias\/area\/trabalhista\/tst-motorista-nao-tera-direito-a-adicional-por-ajudar-a-descarregar-caminhao.html#respond\"]}]},{\"@type\":\"WebPage\",\"@id\":\"https:\/\/mhcalculos.com.br\/noticias\/area\/trabalhista\/tst-motorista-nao-tera-direito-a-adicional-por-ajudar-a-descarregar-caminhao.html\",\"url\":\"https:\/\/mhcalculos.com.br\/noticias\/area\/trabalhista\/tst-motorista-nao-tera-direito-a-adicional-por-ajudar-a-descarregar-caminhao.html\",\"name\":\"TST: Motorista n\u00e3o ter\u00e1 direito a adicional por ajudar a descarregar caminh\u00e3o | Portal de Not\u00edcias\",\"isPartOf\":{\"@id\":\"https:\/\/mhcalculos.com.br\/noticias\/#website\"},\"primaryImageOfPage\":{\"@id\":\"https:\/\/mhcalculos.com.br\/noticias\/area\/trabalhista\/tst-motorista-nao-tera-direito-a-adicional-por-ajudar-a-descarregar-caminhao.html#primaryimage\"},\"image\":{\"@id\":\"https:\/\/mhcalculos.com.br\/noticias\/area\/trabalhista\/tst-motorista-nao-tera-direito-a-adicional-por-ajudar-a-descarregar-caminhao.html#primaryimage\"},\"thumbnailUrl\":\"https:\/\/mhcalculos.com.br\/noticias\/wp-content\/uploads\/sites\/2\/2022\/03\/trabalhista-0036.jpg\",\"datePublished\":\"2022-03-17T12:53:00+00:00\",\"author\":{\"@id\":\"https:\/\/mhcalculos.com.br\/noticias\/#\/schema\/person\/88d1c34bf72dc779ea14a5a6b8e0ae8d\"},\"breadcrumb\":{\"@id\":\"https:\/\/mhcalculos.com.br\/noticias\/area\/trabalhista\/tst-motorista-nao-tera-direito-a-adicional-por-ajudar-a-descarregar-caminhao.html#breadcrumb\"},\"inLanguage\":\"pt-BR\",\"potentialAction\":[{\"@type\":\"ReadAction\",\"target\":[\"https:\/\/mhcalculos.com.br\/noticias\/area\/trabalhista\/tst-motorista-nao-tera-direito-a-adicional-por-ajudar-a-descarregar-caminhao.html\"]}]},{\"@type\":\"ImageObject\",\"inLanguage\":\"pt-BR\",\"@id\":\"https:\/\/mhcalculos.com.br\/noticias\/area\/trabalhista\/tst-motorista-nao-tera-direito-a-adicional-por-ajudar-a-descarregar-caminhao.html#primaryimage\",\"url\":\"https:\/\/mhcalculos.com.br\/noticias\/wp-content\/uploads\/sites\/2\/2022\/03\/trabalhista-0036.jpg\",\"contentUrl\":\"https:\/\/mhcalculos.com.br\/noticias\/wp-content\/uploads\/sites\/2\/2022\/03\/trabalhista-0036.jpg\",\"width\":2000,\"height\":800},{\"@type\":\"BreadcrumbList\",\"@id\":\"https:\/\/mhcalculos.com.br\/noticias\/area\/trabalhista\/tst-motorista-nao-tera-direito-a-adicional-por-ajudar-a-descarregar-caminhao.html#breadcrumb\",\"itemListElement\":[{\"@type\":\"ListItem\",\"position\":1,\"name\":\"In\u00edcio\",\"item\":\"https:\/\/mhcalculos.com.br\/noticias\/\"},{\"@type\":\"ListItem\",\"position\":2,\"name\":\"TST: Motorista n\u00e3o ter\u00e1 direito a adicional por ajudar a descarregar caminh\u00e3o\"}]},{\"@type\":\"WebSite\",\"@id\":\"https:\/\/mhcalculos.com.br\/noticias\/#website\",\"url\":\"https:\/\/mhcalculos.com.br\/noticias\/\",\"name\":\"Portal de Not\u00edcias\",\"description\":\"Not\u00edcias e Jurisprud\u00eancia\",\"potentialAction\":[{\"@type\":\"SearchAction\",\"target\":{\"@type\":\"EntryPoint\",\"urlTemplate\":\"https:\/\/mhcalculos.com.br\/noticias\/?s={search_term_string}\"},\"query-input\":{\"@type\":\"PropertyValueSpecification\",\"valueRequired\":true,\"valueName\":\"search_term_string\"}}],\"inLanguage\":\"pt-BR\"},{\"@type\":\"Person\",\"@id\":\"https:\/\/mhcalculos.com.br\/noticias\/#\/schema\/person\/88d1c34bf72dc779ea14a5a6b8e0ae8d\",\"name\":\"Equipe MH\",\"image\":{\"@type\":\"ImageObject\",\"inLanguage\":\"pt-BR\",\"@id\":\"https:\/\/secure.gravatar.com\/avatar\/de1c686c2ecc9c5a3f327e3431d819eb39f8f05d4e1045f5a1caad6daaba987f?s=96&d=mm&r=g\",\"url\":\"https:\/\/secure.gravatar.com\/avatar\/de1c686c2ecc9c5a3f327e3431d819eb39f8f05d4e1045f5a1caad6daaba987f?s=96&d=mm&r=g\",\"contentUrl\":\"https:\/\/secure.gravatar.com\/avatar\/de1c686c2ecc9c5a3f327e3431d819eb39f8f05d4e1045f5a1caad6daaba987f?s=96&d=mm&r=g\",\"caption\":\"Equipe MH\"}}]}<\/script>\n<!-- \/ Yoast SEO plugin. -->","yoast_head_json":{"title":"TST: Motorista n\u00e3o ter\u00e1 direito a adicional por ajudar a descarregar caminh\u00e3o | Portal de Not\u00edcias","robots":{"index":"index","follow":"follow","max-snippet":"max-snippet:-1","max-image-preview":"max-image-preview:large","max-video-preview":"max-video-preview:-1"},"canonical":"https:\/\/mhcalculos.com.br\/noticias\/area\/trabalhista\/tst-motorista-nao-tera-direito-a-adicional-por-ajudar-a-descarregar-caminhao.html","og_locale":"pt_BR","og_type":"article","og_title":"TST: Motorista n\u00e3o ter\u00e1 direito a adicional por ajudar a descarregar caminh\u00e3o | Portal de Not\u00edcias","og_description":"Para a 2\u00aa Turma, a jurisprud\u00eancia vem entendendo que as atividades s\u00e3o compat\u00edveis entre si Detalhe de parte traseira de caminh\u00f5es de carga 17\/03\/22 &#8211; A Segunda Turma do Tribunal Superior do Trabalho acolheu o recurso da Expresso S\u00e3o Miguel Ltda., de S\u00e3o Leopoldo (RS), para excluir sua condena\u00e7\u00e3o ao pagamento de adicional a um [&hellip;]","og_url":"https:\/\/mhcalculos.com.br\/noticias\/area\/trabalhista\/tst-motorista-nao-tera-direito-a-adicional-por-ajudar-a-descarregar-caminhao.html","og_site_name":"Portal de Not\u00edcias","article_published_time":"2022-03-17T12:53:00+00:00","og_image":[{"width":2000,"height":800,"url":"https:\/\/mhcalculos.com.br\/noticias\/wp-content\/uploads\/sites\/2\/2022\/03\/trabalhista-0036.jpg","type":"image\/jpeg"}],"author":"Equipe MH","twitter_card":"summary_large_image","twitter_misc":{"Escrito por":"Equipe MH","Est. tempo de leitura":"3 minutos"},"schema":{"@context":"https:\/\/schema.org","@graph":[{"@type":"Article","@id":"https:\/\/mhcalculos.com.br\/noticias\/area\/trabalhista\/tst-motorista-nao-tera-direito-a-adicional-por-ajudar-a-descarregar-caminhao.html#article","isPartOf":{"@id":"https:\/\/mhcalculos.com.br\/noticias\/area\/trabalhista\/tst-motorista-nao-tera-direito-a-adicional-por-ajudar-a-descarregar-caminhao.html"},"author":{"name":"Equipe MH","@id":"https:\/\/mhcalculos.com.br\/noticias\/#\/schema\/person\/88d1c34bf72dc779ea14a5a6b8e0ae8d"},"headline":"TST: Motorista n\u00e3o ter\u00e1 direito a adicional por ajudar a descarregar caminh\u00e3o","datePublished":"2022-03-17T12:53:00+00:00","mainEntityOfPage":{"@id":"https:\/\/mhcalculos.com.br\/noticias\/area\/trabalhista\/tst-motorista-nao-tera-direito-a-adicional-por-ajudar-a-descarregar-caminhao.html"},"wordCount":624,"commentCount":0,"image":{"@id":"https:\/\/mhcalculos.com.br\/noticias\/area\/trabalhista\/tst-motorista-nao-tera-direito-a-adicional-por-ajudar-a-descarregar-caminhao.html#primaryimage"},"thumbnailUrl":"https:\/\/mhcalculos.com.br\/noticias\/wp-content\/uploads\/sites\/2\/2022\/03\/trabalhista-0036.jpg","keywords":["c\u00e1lculos trabalhistas","direito trabalhista","per\u00edcia","perito","trabalho","TST"],"articleSection":["Direito Trabalhista","TST"],"inLanguage":"pt-BR","potentialAction":[{"@type":"CommentAction","name":"Comment","target":["https:\/\/mhcalculos.com.br\/noticias\/area\/trabalhista\/tst-motorista-nao-tera-direito-a-adicional-por-ajudar-a-descarregar-caminhao.html#respond"]}]},{"@type":"WebPage","@id":"https:\/\/mhcalculos.com.br\/noticias\/area\/trabalhista\/tst-motorista-nao-tera-direito-a-adicional-por-ajudar-a-descarregar-caminhao.html","url":"https:\/\/mhcalculos.com.br\/noticias\/area\/trabalhista\/tst-motorista-nao-tera-direito-a-adicional-por-ajudar-a-descarregar-caminhao.html","name":"TST: Motorista n\u00e3o ter\u00e1 direito a adicional por ajudar a descarregar caminh\u00e3o | Portal de Not\u00edcias","isPartOf":{"@id":"https:\/\/mhcalculos.com.br\/noticias\/#website"},"primaryImageOfPage":{"@id":"https:\/\/mhcalculos.com.br\/noticias\/area\/trabalhista\/tst-motorista-nao-tera-direito-a-adicional-por-ajudar-a-descarregar-caminhao.html#primaryimage"},"image":{"@id":"https:\/\/mhcalculos.com.br\/noticias\/area\/trabalhista\/tst-motorista-nao-tera-direito-a-adicional-por-ajudar-a-descarregar-caminhao.html#primaryimage"},"thumbnailUrl":"https:\/\/mhcalculos.com.br\/noticias\/wp-content\/uploads\/sites\/2\/2022\/03\/trabalhista-0036.jpg","datePublished":"2022-03-17T12:53:00+00:00","author":{"@id":"https:\/\/mhcalculos.com.br\/noticias\/#\/schema\/person\/88d1c34bf72dc779ea14a5a6b8e0ae8d"},"breadcrumb":{"@id":"https:\/\/mhcalculos.com.br\/noticias\/area\/trabalhista\/tst-motorista-nao-tera-direito-a-adicional-por-ajudar-a-descarregar-caminhao.html#breadcrumb"},"inLanguage":"pt-BR","potentialAction":[{"@type":"ReadAction","target":["https:\/\/mhcalculos.com.br\/noticias\/area\/trabalhista\/tst-motorista-nao-tera-direito-a-adicional-por-ajudar-a-descarregar-caminhao.html"]}]},{"@type":"ImageObject","inLanguage":"pt-BR","@id":"https:\/\/mhcalculos.com.br\/noticias\/area\/trabalhista\/tst-motorista-nao-tera-direito-a-adicional-por-ajudar-a-descarregar-caminhao.html#primaryimage","url":"https:\/\/mhcalculos.com.br\/noticias\/wp-content\/uploads\/sites\/2\/2022\/03\/trabalhista-0036.jpg","contentUrl":"https:\/\/mhcalculos.com.br\/noticias\/wp-content\/uploads\/sites\/2\/2022\/03\/trabalhista-0036.jpg","width":2000,"height":800},{"@type":"BreadcrumbList","@id":"https:\/\/mhcalculos.com.br\/noticias\/area\/trabalhista\/tst-motorista-nao-tera-direito-a-adicional-por-ajudar-a-descarregar-caminhao.html#breadcrumb","itemListElement":[{"@type":"ListItem","position":1,"name":"In\u00edcio","item":"https:\/\/mhcalculos.com.br\/noticias\/"},{"@type":"ListItem","position":2,"name":"TST: Motorista n\u00e3o ter\u00e1 direito a adicional por ajudar a descarregar caminh\u00e3o"}]},{"@type":"WebSite","@id":"https:\/\/mhcalculos.com.br\/noticias\/#website","url":"https:\/\/mhcalculos.com.br\/noticias\/","name":"Portal de Not\u00edcias","description":"Not\u00edcias e Jurisprud\u00eancia","potentialAction":[{"@type":"SearchAction","target":{"@type":"EntryPoint","urlTemplate":"https:\/\/mhcalculos.com.br\/noticias\/?s={search_term_string}"},"query-input":{"@type":"PropertyValueSpecification","valueRequired":true,"valueName":"search_term_string"}}],"inLanguage":"pt-BR"},{"@type":"Person","@id":"https:\/\/mhcalculos.com.br\/noticias\/#\/schema\/person\/88d1c34bf72dc779ea14a5a6b8e0ae8d","name":"Equipe MH","image":{"@type":"ImageObject","inLanguage":"pt-BR","@id":"https:\/\/secure.gravatar.com\/avatar\/de1c686c2ecc9c5a3f327e3431d819eb39f8f05d4e1045f5a1caad6daaba987f?s=96&d=mm&r=g","url":"https:\/\/secure.gravatar.com\/avatar\/de1c686c2ecc9c5a3f327e3431d819eb39f8f05d4e1045f5a1caad6daaba987f?s=96&d=mm&r=g","contentUrl":"https:\/\/secure.gravatar.com\/avatar\/de1c686c2ecc9c5a3f327e3431d819eb39f8f05d4e1045f5a1caad6daaba987f?s=96&d=mm&r=g","caption":"Equipe MH"}}]}},"_links":{"self":[{"href":"https:\/\/mhcalculos.com.br\/noticias\/wp-json\/wp\/v2\/posts\/11004","targetHints":{"allow":["GET"]}}],"collection":[{"href":"https:\/\/mhcalculos.com.br\/noticias\/wp-json\/wp\/v2\/posts"}],"about":[{"href":"https:\/\/mhcalculos.com.br\/noticias\/wp-json\/wp\/v2\/types\/post"}],"author":[{"embeddable":true,"href":"https:\/\/mhcalculos.com.br\/noticias\/wp-json\/wp\/v2\/users\/3063"}],"replies":[{"embeddable":true,"href":"https:\/\/mhcalculos.com.br\/noticias\/wp-json\/wp\/v2\/comments?post=11004"}],"version-history":[{"count":0,"href":"https:\/\/mhcalculos.com.br\/noticias\/wp-json\/wp\/v2\/posts\/11004\/revisions"}],"wp:featuredmedia":[{"embeddable":true,"href":"https:\/\/mhcalculos.com.br\/noticias\/wp-json\/wp\/v2\/media\/11005"}],"wp:attachment":[{"href":"https:\/\/mhcalculos.com.br\/noticias\/wp-json\/wp\/v2\/media?parent=11004"}],"wp:term":[{"taxonomy":"category","embeddable":true,"href":"https:\/\/mhcalculos.com.br\/noticias\/wp-json\/wp\/v2\/categories?post=11004"},{"taxonomy":"post_tag","embeddable":true,"href":"https:\/\/mhcalculos.com.br\/noticias\/wp-json\/wp\/v2\/tags?post=11004"}],"curies":[{"name":"wp","href":"https:\/\/api.w.org\/{rel}","templated":true}]}}