{"id":10992,"date":"2022-03-15T07:59:00","date_gmt":"2022-03-15T10:59:00","guid":{"rendered":"https:\/\/mhcalculos.com.br\/noticias\/area\/trabalhista\/tst-empresas-de-vigilancia-de-ms-nao-podem-aplicar-jornada-em-regime-de-tempo-parcial.html"},"modified":"2022-03-15T07:59:00","modified_gmt":"2022-03-15T10:59:00","slug":"tst-empresas-de-vigilancia-de-ms-nao-podem-aplicar-jornada-em-regime-de-tempo-parcial","status":"publish","type":"post","link":"https:\/\/mhcalculos.com.br\/noticias\/area\/trabalhista\/tst-empresas-de-vigilancia-de-ms-nao-podem-aplicar-jornada-em-regime-de-tempo-parcial.html","title":{"rendered":"TST: Empresas de vigil\u00e2ncia de MS n\u00e3o podem aplicar jornada em regime de tempo parcial\u00a0"},"content":{"rendered":"<p><br \/>\n<\/p>\n<p><em><\/p>\n<p>N\u00e3o h\u00e1 previs\u00e3o nas normas coletivas da categoria.&nbsp;<\/p>\n<p><\/em><\/p>\n<p>        <a class=\"share-facebook\" href=\"https:\/\/www.facebook.com\/sharer.php?u=https:\/\/www.tst.jus.br\/-\/empresas-de-vigil%C3%A2ncia-de-ms-n%C3%A3o-n%C3%A3o-podem-aplicar-jornada-em-regime-de-tempo-parcial%C2%A0\" target=\"_blank\" rel=\"noopener\"><\/a><br \/>\n        <a class=\"share-twitter\" href=\"http:\/\/twitter.com\/intent\/tweet?text=Empresas de vigil\u00e2ncia de MS n\u00e3o podem aplicar jornada em regime de tempo parcial\u00a0%0AVeja%20mais%20em:&amp;url=https:\/\/www.tst.jus.br\/-\/empresas-de-vigil%C3%A2ncia-de-ms-n%C3%A3o-n%C3%A3o-podem-aplicar-jornada-em-regime-de-tempo-parcial%C2%A0\" target=\"_blank\" rel=\"noopener\"><\/a><br \/>\n        <a class=\"share-linkedin\" href=\"https:\/\/www.linkedin.com\/shareArticle?mini=true&amp;url=https:\/\/www.tst.jus.br\/-\/empresas-de-vigil%C3%A2ncia-de-ms-n%C3%A3o-n%C3%A3o-podem-aplicar-jornada-em-regime-de-tempo-parcial%C2%A0&amp;title=Empresas de vigil\u00e2ncia de MS n\u00e3o podem aplicar jornada em regime de tempo parcial\u00a0\" target=\"_blank\" rel=\"noopener\"><\/a><br \/>\n        <a class=\"share-whatsapp\" href=\"https:\/\/web.whatsapp.com\/send?text=https:\/\/www.tst.jus.br\/-\/empresas-de-vigil%C3%A2ncia-de-ms-n%C3%A3o-n%C3%A3o-podem-aplicar-jornada-em-regime-de-tempo-parcial%C2%A0\" target=\"_blank\" rel=\"noopener\"><\/a><br \/>\n        <a class=\"share-googleplus\" href=\"https:\/\/plus.google.com\/share?url=https:\/\/www.tst.jus.br\/-\/empresas-de-vigil%C3%A2ncia-de-ms-n%C3%A3o-n%C3%A3o-podem-aplicar-jornada-em-regime-de-tempo-parcial%C2%A0\" target=\"_blank\" rel=\"noopener\"><\/a><\/p>\n<p>                <\/p>\n<p>                    <a class=\"share-facebook\" href=\"https:\/\/www.facebook.com\/sharer.php?u=https:\/\/www.tst.jus.br\/-\/empresas-de-vigil%C3%A2ncia-de-ms-n%C3%A3o-n%C3%A3o-podem-aplicar-jornada-em-regime-de-tempo-parcial%C2%A0\" target=\"_blank\" rel=\"noopener\"><\/a><br \/>\n                    <a class=\"share-twitter\" href=\"http:\/\/twitter.com\/intent\/tweet?text=Empresas de vigil\u00e2ncia de MS n\u00e3o podem aplicar jornada em regime de tempo parcial\u00a0%0AVeja%20mais%20em:&amp;url=https:\/\/www.tst.jus.br\/-\/empresas-de-vigil%C3%A2ncia-de-ms-n%C3%A3o-n%C3%A3o-podem-aplicar-jornada-em-regime-de-tempo-parcial%C2%A0\" target=\"_blank\" rel=\"noopener\"><\/a><br \/>\n                    <a class=\"share-linkedin\" href=\"https:\/\/www.linkedin.com\/shareArticle?mini=true&amp;url=https:\/\/www.tst.jus.br\/-\/empresas-de-vigil%C3%A2ncia-de-ms-n%C3%A3o-n%C3%A3o-podem-aplicar-jornada-em-regime-de-tempo-parcial%C2%A0&amp;title=Empresas de vigil\u00e2ncia de MS n\u00e3o podem aplicar jornada em regime de tempo parcial\u00a0\" target=\"_blank\" rel=\"noopener\"><\/a><br \/>\n                    <a class=\"share-whatsapp\" href=\"https:\/\/web.whatsapp.com\/send?text=https:\/\/www.tst.jus.br\/-\/empresas-de-vigil%C3%A2ncia-de-ms-n%C3%A3o-n%C3%A3o-podem-aplicar-jornada-em-regime-de-tempo-parcial%C2%A0\" target=\"_blank\" rel=\"noopener\"><\/a><br \/>\n                    <a class=\"share-googleplus\" href=\"https:\/\/plus.google.com\/share?url=https:\/\/www.tst.jus.br\/-\/empresas-de-vigil%C3%A2ncia-de-ms-n%C3%A3o-n%C3%A3o-podem-aplicar-jornada-em-regime-de-tempo-parcial%C2%A0\" target=\"_blank\" rel=\"noopener\"><\/a><\/p>\n<p>15\/03\/22 &#8211;&nbsp;A Se\u00e7\u00e3o Especializada em Diss\u00eddios Coletivos (SDC) do Tribunal Superior do Trabalho rejeitou o pedido do Sindicato das Empresas de Vigil\u00e2ncia, Seguran\u00e7a e Transporte de Valores do Estado de Mato Grosso do Sul de ado\u00e7\u00e3o de jornada de trabalho em regime de tempo parcial para os vigilantes patrimoniais do estado. Segundo o colegiado, devem ser consideradas v\u00e1lidas apenas as jornadas discriminadas, de forma expressa, nas conven\u00e7\u00f5es coletivas da categoria.<\/p>\n<h4>Interpreta\u00e7\u00e3o de cl\u00e1usula coletiva<\/h4>\n<p>Tr\u00eas sindicatos representantes da categoria no estado ajuizaram diss\u00eddio coletivo para definir a interpreta\u00e7\u00e3o correta da cl\u00e1usula das conven\u00e7\u00f5es coletivas de trabalho de 2020\/2022, firmadas com o sindicato patronal, que autorizavam jornadas de trabalho com escalas de 12&#215;36, 7&#215;7, 15&#215;15, 6&#215;1 e 5&#215;2, com o limite de 8 horas e 48 minutos di\u00e1rios e 44 horas semanais.&nbsp;<\/p>\n<p>O impasse em rela\u00e7\u00e3o \u00e0 jornada teve in\u00edcio quando a Security Seguran\u00e7a venceu uma licita\u00e7\u00e3o do Banco do Brasil para presta\u00e7\u00e3o de servi\u00e7os no estado, mediante edital que previa o regime de tempo parcial, de 20 ou 30 horas semanais. Segundo as entidades representativas da categoria, as empresas, para concorrerem \u00e0 licita\u00e7\u00e3o, passaram a praticar jornadas prejudiciais aos trabalhadores, contr\u00e1rias \u00e0s previstas na conven\u00e7\u00e3o coletiva.<\/p>\n<p>O sindicato que representa as empresas, por sua vez, defendeu que a cl\u00e1usula da conven\u00e7\u00e3o coletiva n\u00e3o vedava a ado\u00e7\u00e3o da jornada em regime de tempo parcial, que, por sua vez, \u00e9 autorizada no artigo 58-A da <a href=\"http:\/\/www.planalto.gov.br\/ccivil_03\/decreto-lei\/del5452.htm\" target=\"_blank\" rel=\"noopener\">CLT<\/a>.<\/p>\n<h4>Jornada discriminada<\/h4>\n<p>O Tribunal Regional do Trabalho da 24\u00aa Regi\u00e3o (MS) considerou v\u00e1lidas apenas as jornadas de trabalho expressamente discriminadas nas conven\u00e7\u00f5es coletivas. Para o TRT, a inten\u00e7\u00e3o da norma foi, rigorosamente, afastar a jornada de trabalho em regime de tempo parcial para os vigilantes, do contr\u00e1rio, a categoria n\u00e3o teria recusado a sua inclus\u00e3o em duas oportunidades.&nbsp;<\/p>\n<h4>Interven\u00e7\u00e3o m\u00ednima<\/h4>\n<p>A relatora do recurso do sindicato das empresas, ministra Dela\u00edde Miranda Arantes, explicou que, no exame das conven\u00e7\u00f5es ou dos acordos coletivos, a Justi\u00e7a do Trabalho deve seguir o princ\u00edpio da interven\u00e7\u00e3o m\u00ednima na autonomia da vontade das partes. &nbsp;Diante de uma norma coletiva com v\u00e1rias interpreta\u00e7\u00f5es poss\u00edveis, o julgador deve dar prefer\u00eancia \u00e0 que mais se aproxima da verdadeira inten\u00e7\u00e3o das partes na fase de negocia\u00e7\u00e3o.&nbsp;<\/p>\n<p>No caso, ela observou que o sindicato das empresas prop\u00f4s, por mais de uma vez, durante as negocia\u00e7\u00f5es, a inclus\u00e3o de autoriza\u00e7\u00e3o para a jornada parcial, o que sempre fora recha\u00e7ado pelos sindicatos profissionais. Nessas condi\u00e7\u00f5es, o objetivo da cl\u00e1usula foi restringir as jornadas aplic\u00e1veis aos vigilantes, autorizando somente os regimes nela previstos.&nbsp;<\/p>\n<p>Por fim, a ministra destacou que a Reforma Trabalhista (<a href=\"http:\/\/www.planalto.gov.br\/ccivil_03\/_Ato2015-2018\/2017\/Lei\/L13467.htm\" target=\"_blank\" rel=\"noopener\">Lei 13.467\/2017<\/a>) estabeleceu a preval\u00eancia das normas coletivas negociadas sobre as normas previstas em lei, em particular quando se tratar de jornada de trabalho, desde que observados os limites da Constitui\u00e7\u00e3o Federal. \u201cAinda que a lei preveja jornadas distintas das discriminadas no instrumento normativo, &nbsp;como \u00e9 o caso do regime de tempo parcial, a sua aplica\u00e7\u00e3o, no caso, \u00e9 juridicamente inv\u00e1lida, diante do que expressamente acordaram as partes em conven\u00e7\u00e3o coletiva de trabalho\u201d, concluiu.<\/p>\n<p>A decis\u00e3o foi un\u00e2nime.&nbsp;<\/p>\n<p>(LF\/CF)<\/p>\n<p>Processo: <a href=\"http:\/\/aplicacao4.tst.jus.br\/consultaProcessual\/resumoForm.do?consulta=1&amp;numeroInt=147257&amp;anoInt=2021\" target=\"_blank\" rel=\"noopener\">ROT-24517-80.2020.5.24.0000<\/a><\/p>\n<p>A Se\u00e7\u00e3o Especializada em Diss\u00eddios Coletivos \u00e9 composta de nove ministros. S\u00e3o necess\u00e1rios pelo menos cinco ministros para o julgamento de diss\u00eddios coletivos de natureza econ\u00f4mica e jur\u00eddica, recursos contra decis\u00f5es dos TRTs em diss\u00eddios coletivos, embargos infringentes e agravos de instrumento, al\u00e9m de revis\u00e3o de suas pr\u00f3prias senten\u00e7as e homologa\u00e7\u00e3o das concilia\u00e7\u00f5es feitas nos diss\u00eddios coletivos.<\/p>\n<p>Esta mat\u00e9ria tem cunho meramente informativo.<br \/>\nPermitida a reprodu\u00e7\u00e3o mediante cita\u00e7\u00e3o da fonte.<br \/>\nSecretaria de Comunica\u00e7\u00e3o Social<br \/>\n<a href=\"http:\/\/www.tst.jus.br\" target=\"_blank\" rel=\"noopener\">Tribunal Superior do Trabalho<\/a><br \/>\nTel. (61) 3043-4907<br \/>\n<a href=\"mailto:secom@tst.jus.br\" target=\"\" rel=\"noopener\">secom@tst.jus.br<\/a><\/p>\n<p>    $(&#8216;#lightbox-ndxh_ .slider-gallery-wrapper img&#8217;).hover(<br \/>\n    function() {<br \/>\n        const $text=$($($(this).parent()).next());<br \/>\n        $text.hasClass(&#8216;inside-description&#8217;) &amp;&amp; $text.fadeTo( &#8220;slow&#8221; , 0);<br \/>\n    }, function() {<br \/>\n        const $text=$($($(this).parent()).next());<br \/>\n        $text.hasClass(&#8216;inside-description&#8217;) &amp;&amp; $text.fadeTo( &#8220;slow&#8221; , 1);<br \/>\n    }<br \/>\n    );<br \/>\n    $(document).ready(function() {<br \/>\n        var ndxh_autoplaying=false;<br \/>\n        var ndxh_showingLightbox=false;<br \/>\n        const ndxh_playPauseControllers=&#8221;#slider-ndxh_-playpause, #slider-ndxh_-lightbox-playpause&#8221;;<br \/>\n        $(&#8220;#slider-ndxh_&#8221;).slick({<br \/>\n            slidesToShow: 1,<br \/>\n            slidesToScroll: 1,<br \/>\n            autoplay: ndxh_autoplaying,<br \/>\n            swipeToSlide: false,<br \/>\n            centerMode: false,<br \/>\n            autoplaySpeed: 3000,<br \/>\n            focusOnSelect: true,<br \/>\n            prevArrow:<br \/>\n            &#8221;,<br \/>\n            nextArrow:<br \/>\n            &#8221;,<br \/>\n            centerPadding: &#8220;60px&#8221;,<br \/>\n            responsive: [<br \/>\n                {<br \/>\n                    breakpoint: 767.98,<br \/>\n                    settings: {<br \/>\n                        slidesToShow: 3,<br \/>\n                        adaptiveHeight: true<br \/>\n                    }<br \/>\n                }<br \/>\n            ]<br \/>\n        });<br \/>\n        $(&#8220;#slider-ndxh_&#8221;).slickLightbox({<br \/>\n            src: &#8216;src&#8217;,<br \/>\n            itemSelector: &#8216;.galery-image .multimidia-wrapper img&#8217;,<br \/>\n            caption:&#8217;caption&#8217;<br \/>\n        });<br \/>\n    });<br \/>\n<script async src=\"https:\/\/platform.twitter.com\/widgets.js\" charset=\"utf-8\"><\/script><br \/>\n<br \/><i>Com informa\u00e7\u00f5es da assessoria de imprensa do TST.<\/i><br \/>\n<br \/><a href=\"https:\/\/www.tst.jus.br\/web\/guest\/noticias?p_p_id=89Dk&#038;p_p_lifecycle=0&#038;refererPlid=10730&#038;_89Dk_groupId=10157&#038;_89Dk_articleId=29351201\">Fonte<\/a><br \/>\n<br \/><\/p>\n","protected":false},"excerpt":{"rendered":"<p>N\u00e3o h\u00e1 previs\u00e3o nas normas coletivas da categoria.&nbsp; 15\/03\/22 &#8211;&nbsp;A Se\u00e7\u00e3o Especializada em Diss\u00eddios Coletivos (SDC) do Tribunal Superior do Trabalho rejeitou o pedido do Sindicato das Empresas de Vigil\u00e2ncia, Seguran\u00e7a e Transporte de Valores do Estado de Mato Grosso do Sul de ado\u00e7\u00e3o de jornada de trabalho em regime de tempo parcial para os [&hellip;]<\/p>\n","protected":false},"author":3063,"featured_media":10993,"comment_status":"open","ping_status":"open","sticky":false,"template":"","format":"standard","meta":{"footnotes":""},"categories":[3,21],"tags":[33,216,9,12,217,215],"class_list":{"0":"post-10992","1":"post","2":"type-post","3":"status-publish","4":"format-standard","5":"has-post-thumbnail","7":"category-trabalhista","8":"category-tst","9":"tag-calculos-trabalhistas","10":"tag-direito-trabalhista","11":"tag-pericia","12":"tag-perito","13":"tag-trabalho","14":"tag-tst"},"yoast_head":"<!-- This site is optimized with the Yoast SEO plugin v27.2 - https:\/\/yoast.com\/product\/yoast-seo-wordpress\/ -->\n<title>TST: Empresas de vigil\u00e2ncia de MS n\u00e3o podem aplicar jornada em regime de tempo parcial\u00a0 | Portal de Not\u00edcias<\/title>\n<meta name=\"robots\" content=\"index, follow, max-snippet:-1, max-image-preview:large, max-video-preview:-1\" \/>\n<link rel=\"canonical\" href=\"https:\/\/mhcalculos.com.br\/noticias\/area\/trabalhista\/tst-empresas-de-vigilancia-de-ms-nao-podem-aplicar-jornada-em-regime-de-tempo-parcial.html\" \/>\n<meta property=\"og:locale\" content=\"pt_BR\" \/>\n<meta property=\"og:type\" content=\"article\" \/>\n<meta property=\"og:title\" content=\"TST: Empresas de vigil\u00e2ncia de MS n\u00e3o podem aplicar jornada em regime de tempo parcial\u00a0 | Portal de Not\u00edcias\" \/>\n<meta property=\"og:description\" content=\"N\u00e3o h\u00e1 previs\u00e3o nas normas coletivas da categoria.&nbsp; 15\/03\/22 &#8211;&nbsp;A Se\u00e7\u00e3o Especializada em Diss\u00eddios Coletivos (SDC) do Tribunal Superior do Trabalho rejeitou o pedido do Sindicato das Empresas de Vigil\u00e2ncia, Seguran\u00e7a e Transporte de Valores do Estado de Mato Grosso do Sul de ado\u00e7\u00e3o de jornada de trabalho em regime de tempo parcial para os [&hellip;]\" \/>\n<meta property=\"og:url\" content=\"https:\/\/mhcalculos.com.br\/noticias\/area\/trabalhista\/tst-empresas-de-vigilancia-de-ms-nao-podem-aplicar-jornada-em-regime-de-tempo-parcial.html\" \/>\n<meta property=\"og:site_name\" content=\"Portal de Not\u00edcias\" \/>\n<meta property=\"article:published_time\" content=\"2022-03-15T10:59:00+00:00\" \/>\n<meta property=\"og:image\" content=\"https:\/\/mhcalculos.com.br\/noticias\/wp-content\/uploads\/sites\/2\/2022\/03\/judiciario-0019.jpg\" \/>\n\t<meta property=\"og:image:width\" content=\"2000\" \/>\n\t<meta property=\"og:image:height\" content=\"800\" \/>\n\t<meta property=\"og:image:type\" content=\"image\/jpeg\" \/>\n<meta name=\"author\" content=\"Equipe MH\" \/>\n<meta name=\"twitter:card\" content=\"summary_large_image\" \/>\n<meta name=\"twitter:label1\" content=\"Escrito por\" \/>\n\t<meta name=\"twitter:data1\" content=\"Equipe MH\" \/>\n\t<meta name=\"twitter:label2\" content=\"Est. tempo de leitura\" \/>\n\t<meta name=\"twitter:data2\" content=\"4 minutos\" \/>\n<script type=\"application\/ld+json\" class=\"yoast-schema-graph\">{\"@context\":\"https:\/\/schema.org\",\"@graph\":[{\"@type\":\"Article\",\"@id\":\"https:\/\/mhcalculos.com.br\/noticias\/area\/trabalhista\/tst-empresas-de-vigilancia-de-ms-nao-podem-aplicar-jornada-em-regime-de-tempo-parcial.html#article\",\"isPartOf\":{\"@id\":\"https:\/\/mhcalculos.com.br\/noticias\/area\/trabalhista\/tst-empresas-de-vigilancia-de-ms-nao-podem-aplicar-jornada-em-regime-de-tempo-parcial.html\"},\"author\":{\"name\":\"Equipe MH\",\"@id\":\"https:\/\/mhcalculos.com.br\/noticias\/#\/schema\/person\/88d1c34bf72dc779ea14a5a6b8e0ae8d\"},\"headline\":\"TST: Empresas de vigil\u00e2ncia de MS n\u00e3o podem aplicar jornada em regime de tempo parcial\u00a0\",\"datePublished\":\"2022-03-15T10:59:00+00:00\",\"mainEntityOfPage\":{\"@id\":\"https:\/\/mhcalculos.com.br\/noticias\/area\/trabalhista\/tst-empresas-de-vigilancia-de-ms-nao-podem-aplicar-jornada-em-regime-de-tempo-parcial.html\"},\"wordCount\":791,\"commentCount\":0,\"image\":{\"@id\":\"https:\/\/mhcalculos.com.br\/noticias\/area\/trabalhista\/tst-empresas-de-vigilancia-de-ms-nao-podem-aplicar-jornada-em-regime-de-tempo-parcial.html#primaryimage\"},\"thumbnailUrl\":\"https:\/\/mhcalculos.com.br\/noticias\/wp-content\/uploads\/sites\/2\/2022\/03\/judiciario-0019.jpg\",\"keywords\":[\"c\u00e1lculos trabalhistas\",\"direito trabalhista\",\"per\u00edcia\",\"perito\",\"trabalho\",\"TST\"],\"articleSection\":[\"Direito Trabalhista\",\"TST\"],\"inLanguage\":\"pt-BR\",\"potentialAction\":[{\"@type\":\"CommentAction\",\"name\":\"Comment\",\"target\":[\"https:\/\/mhcalculos.com.br\/noticias\/area\/trabalhista\/tst-empresas-de-vigilancia-de-ms-nao-podem-aplicar-jornada-em-regime-de-tempo-parcial.html#respond\"]}]},{\"@type\":\"WebPage\",\"@id\":\"https:\/\/mhcalculos.com.br\/noticias\/area\/trabalhista\/tst-empresas-de-vigilancia-de-ms-nao-podem-aplicar-jornada-em-regime-de-tempo-parcial.html\",\"url\":\"https:\/\/mhcalculos.com.br\/noticias\/area\/trabalhista\/tst-empresas-de-vigilancia-de-ms-nao-podem-aplicar-jornada-em-regime-de-tempo-parcial.html\",\"name\":\"TST: Empresas de vigil\u00e2ncia de MS n\u00e3o podem aplicar jornada em regime de tempo parcial\u00a0 | Portal de Not\u00edcias\",\"isPartOf\":{\"@id\":\"https:\/\/mhcalculos.com.br\/noticias\/#website\"},\"primaryImageOfPage\":{\"@id\":\"https:\/\/mhcalculos.com.br\/noticias\/area\/trabalhista\/tst-empresas-de-vigilancia-de-ms-nao-podem-aplicar-jornada-em-regime-de-tempo-parcial.html#primaryimage\"},\"image\":{\"@id\":\"https:\/\/mhcalculos.com.br\/noticias\/area\/trabalhista\/tst-empresas-de-vigilancia-de-ms-nao-podem-aplicar-jornada-em-regime-de-tempo-parcial.html#primaryimage\"},\"thumbnailUrl\":\"https:\/\/mhcalculos.com.br\/noticias\/wp-content\/uploads\/sites\/2\/2022\/03\/judiciario-0019.jpg\",\"datePublished\":\"2022-03-15T10:59:00+00:00\",\"author\":{\"@id\":\"https:\/\/mhcalculos.com.br\/noticias\/#\/schema\/person\/88d1c34bf72dc779ea14a5a6b8e0ae8d\"},\"breadcrumb\":{\"@id\":\"https:\/\/mhcalculos.com.br\/noticias\/area\/trabalhista\/tst-empresas-de-vigilancia-de-ms-nao-podem-aplicar-jornada-em-regime-de-tempo-parcial.html#breadcrumb\"},\"inLanguage\":\"pt-BR\",\"potentialAction\":[{\"@type\":\"ReadAction\",\"target\":[\"https:\/\/mhcalculos.com.br\/noticias\/area\/trabalhista\/tst-empresas-de-vigilancia-de-ms-nao-podem-aplicar-jornada-em-regime-de-tempo-parcial.html\"]}]},{\"@type\":\"ImageObject\",\"inLanguage\":\"pt-BR\",\"@id\":\"https:\/\/mhcalculos.com.br\/noticias\/area\/trabalhista\/tst-empresas-de-vigilancia-de-ms-nao-podem-aplicar-jornada-em-regime-de-tempo-parcial.html#primaryimage\",\"url\":\"https:\/\/mhcalculos.com.br\/noticias\/wp-content\/uploads\/sites\/2\/2022\/03\/judiciario-0019.jpg\",\"contentUrl\":\"https:\/\/mhcalculos.com.br\/noticias\/wp-content\/uploads\/sites\/2\/2022\/03\/judiciario-0019.jpg\",\"width\":2000,\"height\":800},{\"@type\":\"BreadcrumbList\",\"@id\":\"https:\/\/mhcalculos.com.br\/noticias\/area\/trabalhista\/tst-empresas-de-vigilancia-de-ms-nao-podem-aplicar-jornada-em-regime-de-tempo-parcial.html#breadcrumb\",\"itemListElement\":[{\"@type\":\"ListItem\",\"position\":1,\"name\":\"In\u00edcio\",\"item\":\"https:\/\/mhcalculos.com.br\/noticias\/\"},{\"@type\":\"ListItem\",\"position\":2,\"name\":\"TST: Empresas de vigil\u00e2ncia de MS n\u00e3o podem aplicar jornada em regime de tempo parcial\u00a0\"}]},{\"@type\":\"WebSite\",\"@id\":\"https:\/\/mhcalculos.com.br\/noticias\/#website\",\"url\":\"https:\/\/mhcalculos.com.br\/noticias\/\",\"name\":\"Portal de Not\u00edcias\",\"description\":\"Not\u00edcias e Jurisprud\u00eancia\",\"potentialAction\":[{\"@type\":\"SearchAction\",\"target\":{\"@type\":\"EntryPoint\",\"urlTemplate\":\"https:\/\/mhcalculos.com.br\/noticias\/?s={search_term_string}\"},\"query-input\":{\"@type\":\"PropertyValueSpecification\",\"valueRequired\":true,\"valueName\":\"search_term_string\"}}],\"inLanguage\":\"pt-BR\"},{\"@type\":\"Person\",\"@id\":\"https:\/\/mhcalculos.com.br\/noticias\/#\/schema\/person\/88d1c34bf72dc779ea14a5a6b8e0ae8d\",\"name\":\"Equipe MH\",\"image\":{\"@type\":\"ImageObject\",\"inLanguage\":\"pt-BR\",\"@id\":\"https:\/\/secure.gravatar.com\/avatar\/de1c686c2ecc9c5a3f327e3431d819eb39f8f05d4e1045f5a1caad6daaba987f?s=96&d=mm&r=g\",\"url\":\"https:\/\/secure.gravatar.com\/avatar\/de1c686c2ecc9c5a3f327e3431d819eb39f8f05d4e1045f5a1caad6daaba987f?s=96&d=mm&r=g\",\"contentUrl\":\"https:\/\/secure.gravatar.com\/avatar\/de1c686c2ecc9c5a3f327e3431d819eb39f8f05d4e1045f5a1caad6daaba987f?s=96&d=mm&r=g\",\"caption\":\"Equipe MH\"}}]}<\/script>\n<!-- \/ Yoast SEO plugin. -->","yoast_head_json":{"title":"TST: Empresas de vigil\u00e2ncia de MS n\u00e3o podem aplicar jornada em regime de tempo parcial\u00a0 | Portal de Not\u00edcias","robots":{"index":"index","follow":"follow","max-snippet":"max-snippet:-1","max-image-preview":"max-image-preview:large","max-video-preview":"max-video-preview:-1"},"canonical":"https:\/\/mhcalculos.com.br\/noticias\/area\/trabalhista\/tst-empresas-de-vigilancia-de-ms-nao-podem-aplicar-jornada-em-regime-de-tempo-parcial.html","og_locale":"pt_BR","og_type":"article","og_title":"TST: Empresas de vigil\u00e2ncia de MS n\u00e3o podem aplicar jornada em regime de tempo parcial\u00a0 | Portal de Not\u00edcias","og_description":"N\u00e3o h\u00e1 previs\u00e3o nas normas coletivas da categoria.&nbsp; 15\/03\/22 &#8211;&nbsp;A Se\u00e7\u00e3o Especializada em Diss\u00eddios Coletivos (SDC) do Tribunal Superior do Trabalho rejeitou o pedido do Sindicato das Empresas de Vigil\u00e2ncia, Seguran\u00e7a e Transporte de Valores do Estado de Mato Grosso do Sul de ado\u00e7\u00e3o de jornada de trabalho em regime de tempo parcial para os [&hellip;]","og_url":"https:\/\/mhcalculos.com.br\/noticias\/area\/trabalhista\/tst-empresas-de-vigilancia-de-ms-nao-podem-aplicar-jornada-em-regime-de-tempo-parcial.html","og_site_name":"Portal de Not\u00edcias","article_published_time":"2022-03-15T10:59:00+00:00","og_image":[{"width":2000,"height":800,"url":"https:\/\/mhcalculos.com.br\/noticias\/wp-content\/uploads\/sites\/2\/2022\/03\/judiciario-0019.jpg","type":"image\/jpeg"}],"author":"Equipe MH","twitter_card":"summary_large_image","twitter_misc":{"Escrito por":"Equipe MH","Est. tempo de leitura":"4 minutos"},"schema":{"@context":"https:\/\/schema.org","@graph":[{"@type":"Article","@id":"https:\/\/mhcalculos.com.br\/noticias\/area\/trabalhista\/tst-empresas-de-vigilancia-de-ms-nao-podem-aplicar-jornada-em-regime-de-tempo-parcial.html#article","isPartOf":{"@id":"https:\/\/mhcalculos.com.br\/noticias\/area\/trabalhista\/tst-empresas-de-vigilancia-de-ms-nao-podem-aplicar-jornada-em-regime-de-tempo-parcial.html"},"author":{"name":"Equipe MH","@id":"https:\/\/mhcalculos.com.br\/noticias\/#\/schema\/person\/88d1c34bf72dc779ea14a5a6b8e0ae8d"},"headline":"TST: Empresas de vigil\u00e2ncia de MS n\u00e3o podem aplicar jornada em regime de tempo parcial\u00a0","datePublished":"2022-03-15T10:59:00+00:00","mainEntityOfPage":{"@id":"https:\/\/mhcalculos.com.br\/noticias\/area\/trabalhista\/tst-empresas-de-vigilancia-de-ms-nao-podem-aplicar-jornada-em-regime-de-tempo-parcial.html"},"wordCount":791,"commentCount":0,"image":{"@id":"https:\/\/mhcalculos.com.br\/noticias\/area\/trabalhista\/tst-empresas-de-vigilancia-de-ms-nao-podem-aplicar-jornada-em-regime-de-tempo-parcial.html#primaryimage"},"thumbnailUrl":"https:\/\/mhcalculos.com.br\/noticias\/wp-content\/uploads\/sites\/2\/2022\/03\/judiciario-0019.jpg","keywords":["c\u00e1lculos trabalhistas","direito trabalhista","per\u00edcia","perito","trabalho","TST"],"articleSection":["Direito Trabalhista","TST"],"inLanguage":"pt-BR","potentialAction":[{"@type":"CommentAction","name":"Comment","target":["https:\/\/mhcalculos.com.br\/noticias\/area\/trabalhista\/tst-empresas-de-vigilancia-de-ms-nao-podem-aplicar-jornada-em-regime-de-tempo-parcial.html#respond"]}]},{"@type":"WebPage","@id":"https:\/\/mhcalculos.com.br\/noticias\/area\/trabalhista\/tst-empresas-de-vigilancia-de-ms-nao-podem-aplicar-jornada-em-regime-de-tempo-parcial.html","url":"https:\/\/mhcalculos.com.br\/noticias\/area\/trabalhista\/tst-empresas-de-vigilancia-de-ms-nao-podem-aplicar-jornada-em-regime-de-tempo-parcial.html","name":"TST: Empresas de vigil\u00e2ncia de MS n\u00e3o podem aplicar jornada em regime de tempo parcial\u00a0 | Portal de Not\u00edcias","isPartOf":{"@id":"https:\/\/mhcalculos.com.br\/noticias\/#website"},"primaryImageOfPage":{"@id":"https:\/\/mhcalculos.com.br\/noticias\/area\/trabalhista\/tst-empresas-de-vigilancia-de-ms-nao-podem-aplicar-jornada-em-regime-de-tempo-parcial.html#primaryimage"},"image":{"@id":"https:\/\/mhcalculos.com.br\/noticias\/area\/trabalhista\/tst-empresas-de-vigilancia-de-ms-nao-podem-aplicar-jornada-em-regime-de-tempo-parcial.html#primaryimage"},"thumbnailUrl":"https:\/\/mhcalculos.com.br\/noticias\/wp-content\/uploads\/sites\/2\/2022\/03\/judiciario-0019.jpg","datePublished":"2022-03-15T10:59:00+00:00","author":{"@id":"https:\/\/mhcalculos.com.br\/noticias\/#\/schema\/person\/88d1c34bf72dc779ea14a5a6b8e0ae8d"},"breadcrumb":{"@id":"https:\/\/mhcalculos.com.br\/noticias\/area\/trabalhista\/tst-empresas-de-vigilancia-de-ms-nao-podem-aplicar-jornada-em-regime-de-tempo-parcial.html#breadcrumb"},"inLanguage":"pt-BR","potentialAction":[{"@type":"ReadAction","target":["https:\/\/mhcalculos.com.br\/noticias\/area\/trabalhista\/tst-empresas-de-vigilancia-de-ms-nao-podem-aplicar-jornada-em-regime-de-tempo-parcial.html"]}]},{"@type":"ImageObject","inLanguage":"pt-BR","@id":"https:\/\/mhcalculos.com.br\/noticias\/area\/trabalhista\/tst-empresas-de-vigilancia-de-ms-nao-podem-aplicar-jornada-em-regime-de-tempo-parcial.html#primaryimage","url":"https:\/\/mhcalculos.com.br\/noticias\/wp-content\/uploads\/sites\/2\/2022\/03\/judiciario-0019.jpg","contentUrl":"https:\/\/mhcalculos.com.br\/noticias\/wp-content\/uploads\/sites\/2\/2022\/03\/judiciario-0019.jpg","width":2000,"height":800},{"@type":"BreadcrumbList","@id":"https:\/\/mhcalculos.com.br\/noticias\/area\/trabalhista\/tst-empresas-de-vigilancia-de-ms-nao-podem-aplicar-jornada-em-regime-de-tempo-parcial.html#breadcrumb","itemListElement":[{"@type":"ListItem","position":1,"name":"In\u00edcio","item":"https:\/\/mhcalculos.com.br\/noticias\/"},{"@type":"ListItem","position":2,"name":"TST: Empresas de vigil\u00e2ncia de MS n\u00e3o podem aplicar jornada em regime de tempo parcial\u00a0"}]},{"@type":"WebSite","@id":"https:\/\/mhcalculos.com.br\/noticias\/#website","url":"https:\/\/mhcalculos.com.br\/noticias\/","name":"Portal de Not\u00edcias","description":"Not\u00edcias e Jurisprud\u00eancia","potentialAction":[{"@type":"SearchAction","target":{"@type":"EntryPoint","urlTemplate":"https:\/\/mhcalculos.com.br\/noticias\/?s={search_term_string}"},"query-input":{"@type":"PropertyValueSpecification","valueRequired":true,"valueName":"search_term_string"}}],"inLanguage":"pt-BR"},{"@type":"Person","@id":"https:\/\/mhcalculos.com.br\/noticias\/#\/schema\/person\/88d1c34bf72dc779ea14a5a6b8e0ae8d","name":"Equipe MH","image":{"@type":"ImageObject","inLanguage":"pt-BR","@id":"https:\/\/secure.gravatar.com\/avatar\/de1c686c2ecc9c5a3f327e3431d819eb39f8f05d4e1045f5a1caad6daaba987f?s=96&d=mm&r=g","url":"https:\/\/secure.gravatar.com\/avatar\/de1c686c2ecc9c5a3f327e3431d819eb39f8f05d4e1045f5a1caad6daaba987f?s=96&d=mm&r=g","contentUrl":"https:\/\/secure.gravatar.com\/avatar\/de1c686c2ecc9c5a3f327e3431d819eb39f8f05d4e1045f5a1caad6daaba987f?s=96&d=mm&r=g","caption":"Equipe MH"}}]}},"_links":{"self":[{"href":"https:\/\/mhcalculos.com.br\/noticias\/wp-json\/wp\/v2\/posts\/10992","targetHints":{"allow":["GET"]}}],"collection":[{"href":"https:\/\/mhcalculos.com.br\/noticias\/wp-json\/wp\/v2\/posts"}],"about":[{"href":"https:\/\/mhcalculos.com.br\/noticias\/wp-json\/wp\/v2\/types\/post"}],"author":[{"embeddable":true,"href":"https:\/\/mhcalculos.com.br\/noticias\/wp-json\/wp\/v2\/users\/3063"}],"replies":[{"embeddable":true,"href":"https:\/\/mhcalculos.com.br\/noticias\/wp-json\/wp\/v2\/comments?post=10992"}],"version-history":[{"count":0,"href":"https:\/\/mhcalculos.com.br\/noticias\/wp-json\/wp\/v2\/posts\/10992\/revisions"}],"wp:featuredmedia":[{"embeddable":true,"href":"https:\/\/mhcalculos.com.br\/noticias\/wp-json\/wp\/v2\/media\/10993"}],"wp:attachment":[{"href":"https:\/\/mhcalculos.com.br\/noticias\/wp-json\/wp\/v2\/media?parent=10992"}],"wp:term":[{"taxonomy":"category","embeddable":true,"href":"https:\/\/mhcalculos.com.br\/noticias\/wp-json\/wp\/v2\/categories?post=10992"},{"taxonomy":"post_tag","embeddable":true,"href":"https:\/\/mhcalculos.com.br\/noticias\/wp-json\/wp\/v2\/tags?post=10992"}],"curies":[{"name":"wp","href":"https:\/\/api.w.org\/{rel}","templated":true}]}}