{"id":10980,"date":"2022-03-12T12:05:05","date_gmt":"2022-03-12T15:05:05","guid":{"rendered":"https:\/\/mhcalculos.com.br\/noticias\/area\/previdenciario\/trf4-inss-deve-restabelecer-beneficio-assistencial-para-jovem-com-hidrocefalia-e-tumor-cerebral-10-03-2022.html"},"modified":"2022-03-12T12:05:05","modified_gmt":"2022-03-12T15:05:05","slug":"trf4-inss-deve-restabelecer-beneficio-assistencial-para-jovem-com-hidrocefalia-e-tumor-cerebral-10-03-2022","status":"publish","type":"post","link":"https:\/\/mhcalculos.com.br\/noticias\/area\/previdenciario\/trf4-inss-deve-restabelecer-beneficio-assistencial-para-jovem-com-hidrocefalia-e-tumor-cerebral-10-03-2022.html","title":{"rendered":"TRF4: INSS deve restabelecer benef\u00edcio assistencial para jovem com hidrocefalia e tumor cerebral (10\/03\/2022)"},"content":{"rendered":"<p><br \/>\n<\/p>\n<p>O Instituto Nacional do Seguro Social (INSS) deve restabelecer, no prazo de 15 dias, o pagamento de benef\u00edcio assistencial \u00e0 pessoa com defici\u00eancia para um homem de 19 anos, morador de Santa Helena (PR), que tem um tumor cerebral e hidrocefalia. O benef\u00edcio havia sido suspenso pois o segurado n\u00e3o recebeu correspond\u00eancia da autarquia solicitando esclarecimentos sobre a renda familiar devido ao fato de os Correios n\u00e3o realizarem entregas no bairro em que o jovem reside. A decis\u00e3o foi proferida na ter\u00e7a-feira (8\/3) pela desembargadora Cl\u00e1udia Cristina Cristofani do Tribunal Regional Federal da 4\u00aa Regi\u00e3o (TRF4).<\/p>\n<p>De acordo com o INSS, foi encontrada uma irregularidade na concess\u00e3o do benef\u00edcio, pois a renda familiar <em>per capita\u00a0<\/em>teria ultrapassado o limite previsto de um quarto do sal\u00e1rio m\u00ednimo. O Instituto enviou aviso para a fam\u00edlia do benefici\u00e1rio, requisitando informa\u00e7\u00f5es sobre a renda e comprovantes de despesas.<\/p>\n<p>Segundo a m\u00e3e do segurado, que o representou no processo, n\u00e3o \u00e9 feita a distribui\u00e7\u00e3o de correspond\u00eancias na \u00e1rea em que moram, j\u00e1 que\u00a0o bairro, localizado na periferia da cidade, n\u00e3o estaria cadastrado no sistema dos Correios. Dessa forma, a fam\u00edlia n\u00e3o recebeu o aviso, ocasionando a suspens\u00e3o dos pagamentos. A genitora tomou conhecimento do fato quando foi ao banco e n\u00e3o conseguiu sacar o valor do benef\u00edcio.<\/p>\n<p>Foi ajuizada a\u00e7\u00e3o na 22\u00aa Vara Federal de Curitiba, pleiteando, em tutela de urg\u00eancia, o restabelecimento do benef\u00edcio, mas o ju\u00edzo indeferiu a liminar.<\/p>\n<p>Os autores recorreram ao TRF4. A relatora do caso, desembargadora Cristofani, deu provimento ao recurso, determinando que o INSS deve voltar a pagar o benef\u00edcio no prazo de 15 dias, contados a partir da intima\u00e7\u00e3o da decis\u00e3o, sob pena de multa di\u00e1ria de R$ 100.<\/p>\n<p>A magistrada destacou que o limite de renda familiar por pessoa n\u00e3o \u00e9 crit\u00e9rio absoluto para a concess\u00e3o do benef\u00edcio, ressaltando que &ldquo;devem ser analisadas as diversas informa\u00e7\u00f5es sobre o contexto socioecon\u00f4mico constantes de laudos, documentos e demais provas&rdquo;.<\/p>\n<p>Cristofani apontou que &#8220;o Supremo Tribunal Federal j\u00e1 estabeleceu que o crit\u00e9rio legal de renda familiar <em>per capita<\/em> inferior a um quarto do sal\u00e1rio m\u00ednimo encontra-se defasado para caracterizar a situa\u00e7\u00e3o de miserabilidade, n\u00e3o se configurando, portanto, como a \u00fanica forma de aferir a incapacidade da pessoa para prover sua pr\u00f3pria manuten\u00e7\u00e3o ou t\u00ea-la provida pela\u00a0fam\u00edlia&#8221;.<\/p>\n<p><br \/> (Foto: Ag\u00eancia Senado)<\/p>\n<p><i>Com informa\u00e7\u00f5es da assessoria de imprensa do TRF4.<\/i><br \/>\n<br \/><a href=\"http:\/\/www2.trf4.jus.br\/trf4\/controlador.php?acao=noticia_visualizar&#038;id_noticia=16380\">Fonte<\/a><br \/>\n<br \/><\/p>\n","protected":false},"excerpt":{"rendered":"<p>O Instituto Nacional do Seguro Social (INSS) deve restabelecer, no prazo de 15 dias, o pagamento de benef\u00edcio assistencial \u00e0 pessoa com defici\u00eancia para um homem de 19 anos, morador de Santa Helena (PR), que tem um tumor cerebral e hidrocefalia. O benef\u00edcio havia sido suspenso pois o segurado n\u00e3o recebeu correspond\u00eancia da autarquia solicitando [&hellip;]<\/p>\n","protected":false},"author":3063,"featured_media":10981,"comment_status":"open","ping_status":"open","sticky":false,"template":"","format":"standard","meta":{"footnotes":""},"categories":[5,6],"tags":[11,10,8,13,9,12,17],"class_list":{"0":"post-10980","1":"post","2":"type-post","3":"status-publish","4":"format-standard","5":"has-post-thumbnail","7":"category-previdenciario","8":"category-trf4","9":"tag-aposentadoria","10":"tag-calculos-previdenciarios","11":"tag-direito-previdenciario","12":"tag-inss","13":"tag-pericia","14":"tag-perito","15":"tag-trf4"},"yoast_head":"<!-- This site is optimized with the Yoast SEO plugin v27.2 - https:\/\/yoast.com\/product\/yoast-seo-wordpress\/ -->\n<title>TRF4: INSS deve restabelecer benef\u00edcio assistencial para jovem com hidrocefalia e tumor cerebral (10\/03\/2022) | Portal de Not\u00edcias<\/title>\n<meta name=\"robots\" content=\"index, follow, max-snippet:-1, max-image-preview:large, max-video-preview:-1\" \/>\n<link rel=\"canonical\" href=\"https:\/\/mhcalculos.com.br\/noticias\/area\/previdenciario\/trf4-inss-deve-restabelecer-beneficio-assistencial-para-jovem-com-hidrocefalia-e-tumor-cerebral-10-03-2022.html\" \/>\n<meta property=\"og:locale\" content=\"pt_BR\" \/>\n<meta property=\"og:type\" content=\"article\" \/>\n<meta property=\"og:title\" content=\"TRF4: INSS deve restabelecer benef\u00edcio assistencial para jovem com hidrocefalia e tumor cerebral (10\/03\/2022) | Portal de Not\u00edcias\" \/>\n<meta property=\"og:description\" content=\"O Instituto Nacional do Seguro Social (INSS) deve restabelecer, no prazo de 15 dias, o pagamento de benef\u00edcio assistencial \u00e0 pessoa com defici\u00eancia para um homem de 19 anos, morador de Santa Helena (PR), que tem um tumor cerebral e hidrocefalia. O benef\u00edcio havia sido suspenso pois o segurado n\u00e3o recebeu correspond\u00eancia da autarquia solicitando [&hellip;]\" \/>\n<meta property=\"og:url\" content=\"https:\/\/mhcalculos.com.br\/noticias\/area\/previdenciario\/trf4-inss-deve-restabelecer-beneficio-assistencial-para-jovem-com-hidrocefalia-e-tumor-cerebral-10-03-2022.html\" \/>\n<meta property=\"og:site_name\" content=\"Portal de Not\u00edcias\" \/>\n<meta property=\"article:published_time\" content=\"2022-03-12T15:05:05+00:00\" \/>\n<meta property=\"og:image\" content=\"https:\/\/mhcalculos.com.br\/noticias\/wp-content\/uploads\/sites\/2\/2022\/03\/judiciario-0013.jpg\" \/>\n\t<meta property=\"og:image:width\" content=\"2000\" \/>\n\t<meta property=\"og:image:height\" content=\"800\" \/>\n\t<meta property=\"og:image:type\" content=\"image\/jpeg\" \/>\n<meta name=\"author\" content=\"Equipe MH\" \/>\n<meta name=\"twitter:card\" content=\"summary_large_image\" \/>\n<meta name=\"twitter:label1\" content=\"Escrito por\" \/>\n\t<meta name=\"twitter:data1\" content=\"Equipe MH\" \/>\n\t<meta name=\"twitter:label2\" content=\"Est. tempo de leitura\" \/>\n\t<meta name=\"twitter:data2\" content=\"2 minutos\" \/>\n<script type=\"application\/ld+json\" class=\"yoast-schema-graph\">{\"@context\":\"https:\/\/schema.org\",\"@graph\":[{\"@type\":\"Article\",\"@id\":\"https:\/\/mhcalculos.com.br\/noticias\/area\/previdenciario\/trf4-inss-deve-restabelecer-beneficio-assistencial-para-jovem-com-hidrocefalia-e-tumor-cerebral-10-03-2022.html#article\",\"isPartOf\":{\"@id\":\"https:\/\/mhcalculos.com.br\/noticias\/area\/previdenciario\/trf4-inss-deve-restabelecer-beneficio-assistencial-para-jovem-com-hidrocefalia-e-tumor-cerebral-10-03-2022.html\"},\"author\":{\"name\":\"Equipe MH\",\"@id\":\"https:\/\/mhcalculos.com.br\/noticias\/#\/schema\/person\/88d1c34bf72dc779ea14a5a6b8e0ae8d\"},\"headline\":\"TRF4: INSS deve restabelecer benef\u00edcio assistencial para jovem com hidrocefalia e tumor cerebral (10\/03\/2022)\",\"datePublished\":\"2022-03-12T15:05:05+00:00\",\"mainEntityOfPage\":{\"@id\":\"https:\/\/mhcalculos.com.br\/noticias\/area\/previdenciario\/trf4-inss-deve-restabelecer-beneficio-assistencial-para-jovem-com-hidrocefalia-e-tumor-cerebral-10-03-2022.html\"},\"wordCount\":450,\"commentCount\":0,\"image\":{\"@id\":\"https:\/\/mhcalculos.com.br\/noticias\/area\/previdenciario\/trf4-inss-deve-restabelecer-beneficio-assistencial-para-jovem-com-hidrocefalia-e-tumor-cerebral-10-03-2022.html#primaryimage\"},\"thumbnailUrl\":\"https:\/\/mhcalculos.com.br\/noticias\/wp-content\/uploads\/sites\/2\/2022\/03\/judiciario-0013.jpg\",\"keywords\":[\"aposentadoria\",\"c\u00e1lculos previdenci\u00e1rios\",\"direito previdenci\u00e1rio\",\"inss\",\"per\u00edcia\",\"perito\",\"trf4\"],\"articleSection\":[\"Direito Previdenci\u00e1rio\",\"TRF4\"],\"inLanguage\":\"pt-BR\",\"potentialAction\":[{\"@type\":\"CommentAction\",\"name\":\"Comment\",\"target\":[\"https:\/\/mhcalculos.com.br\/noticias\/area\/previdenciario\/trf4-inss-deve-restabelecer-beneficio-assistencial-para-jovem-com-hidrocefalia-e-tumor-cerebral-10-03-2022.html#respond\"]}]},{\"@type\":\"WebPage\",\"@id\":\"https:\/\/mhcalculos.com.br\/noticias\/area\/previdenciario\/trf4-inss-deve-restabelecer-beneficio-assistencial-para-jovem-com-hidrocefalia-e-tumor-cerebral-10-03-2022.html\",\"url\":\"https:\/\/mhcalculos.com.br\/noticias\/area\/previdenciario\/trf4-inss-deve-restabelecer-beneficio-assistencial-para-jovem-com-hidrocefalia-e-tumor-cerebral-10-03-2022.html\",\"name\":\"TRF4: INSS deve restabelecer benef\u00edcio assistencial para jovem com hidrocefalia e tumor cerebral (10\/03\/2022) | Portal de Not\u00edcias\",\"isPartOf\":{\"@id\":\"https:\/\/mhcalculos.com.br\/noticias\/#website\"},\"primaryImageOfPage\":{\"@id\":\"https:\/\/mhcalculos.com.br\/noticias\/area\/previdenciario\/trf4-inss-deve-restabelecer-beneficio-assistencial-para-jovem-com-hidrocefalia-e-tumor-cerebral-10-03-2022.html#primaryimage\"},\"image\":{\"@id\":\"https:\/\/mhcalculos.com.br\/noticias\/area\/previdenciario\/trf4-inss-deve-restabelecer-beneficio-assistencial-para-jovem-com-hidrocefalia-e-tumor-cerebral-10-03-2022.html#primaryimage\"},\"thumbnailUrl\":\"https:\/\/mhcalculos.com.br\/noticias\/wp-content\/uploads\/sites\/2\/2022\/03\/judiciario-0013.jpg\",\"datePublished\":\"2022-03-12T15:05:05+00:00\",\"author\":{\"@id\":\"https:\/\/mhcalculos.com.br\/noticias\/#\/schema\/person\/88d1c34bf72dc779ea14a5a6b8e0ae8d\"},\"breadcrumb\":{\"@id\":\"https:\/\/mhcalculos.com.br\/noticias\/area\/previdenciario\/trf4-inss-deve-restabelecer-beneficio-assistencial-para-jovem-com-hidrocefalia-e-tumor-cerebral-10-03-2022.html#breadcrumb\"},\"inLanguage\":\"pt-BR\",\"potentialAction\":[{\"@type\":\"ReadAction\",\"target\":[\"https:\/\/mhcalculos.com.br\/noticias\/area\/previdenciario\/trf4-inss-deve-restabelecer-beneficio-assistencial-para-jovem-com-hidrocefalia-e-tumor-cerebral-10-03-2022.html\"]}]},{\"@type\":\"ImageObject\",\"inLanguage\":\"pt-BR\",\"@id\":\"https:\/\/mhcalculos.com.br\/noticias\/area\/previdenciario\/trf4-inss-deve-restabelecer-beneficio-assistencial-para-jovem-com-hidrocefalia-e-tumor-cerebral-10-03-2022.html#primaryimage\",\"url\":\"https:\/\/mhcalculos.com.br\/noticias\/wp-content\/uploads\/sites\/2\/2022\/03\/judiciario-0013.jpg\",\"contentUrl\":\"https:\/\/mhcalculos.com.br\/noticias\/wp-content\/uploads\/sites\/2\/2022\/03\/judiciario-0013.jpg\",\"width\":2000,\"height\":800},{\"@type\":\"BreadcrumbList\",\"@id\":\"https:\/\/mhcalculos.com.br\/noticias\/area\/previdenciario\/trf4-inss-deve-restabelecer-beneficio-assistencial-para-jovem-com-hidrocefalia-e-tumor-cerebral-10-03-2022.html#breadcrumb\",\"itemListElement\":[{\"@type\":\"ListItem\",\"position\":1,\"name\":\"In\u00edcio\",\"item\":\"https:\/\/mhcalculos.com.br\/noticias\/\"},{\"@type\":\"ListItem\",\"position\":2,\"name\":\"TRF4: INSS deve restabelecer benef\u00edcio assistencial para jovem com hidrocefalia e tumor cerebral (10\/03\/2022)\"}]},{\"@type\":\"WebSite\",\"@id\":\"https:\/\/mhcalculos.com.br\/noticias\/#website\",\"url\":\"https:\/\/mhcalculos.com.br\/noticias\/\",\"name\":\"Portal de Not\u00edcias\",\"description\":\"Not\u00edcias e Jurisprud\u00eancia\",\"potentialAction\":[{\"@type\":\"SearchAction\",\"target\":{\"@type\":\"EntryPoint\",\"urlTemplate\":\"https:\/\/mhcalculos.com.br\/noticias\/?s={search_term_string}\"},\"query-input\":{\"@type\":\"PropertyValueSpecification\",\"valueRequired\":true,\"valueName\":\"search_term_string\"}}],\"inLanguage\":\"pt-BR\"},{\"@type\":\"Person\",\"@id\":\"https:\/\/mhcalculos.com.br\/noticias\/#\/schema\/person\/88d1c34bf72dc779ea14a5a6b8e0ae8d\",\"name\":\"Equipe MH\",\"image\":{\"@type\":\"ImageObject\",\"inLanguage\":\"pt-BR\",\"@id\":\"https:\/\/secure.gravatar.com\/avatar\/de1c686c2ecc9c5a3f327e3431d819eb39f8f05d4e1045f5a1caad6daaba987f?s=96&d=mm&r=g\",\"url\":\"https:\/\/secure.gravatar.com\/avatar\/de1c686c2ecc9c5a3f327e3431d819eb39f8f05d4e1045f5a1caad6daaba987f?s=96&d=mm&r=g\",\"contentUrl\":\"https:\/\/secure.gravatar.com\/avatar\/de1c686c2ecc9c5a3f327e3431d819eb39f8f05d4e1045f5a1caad6daaba987f?s=96&d=mm&r=g\",\"caption\":\"Equipe MH\"}}]}<\/script>\n<!-- \/ Yoast SEO plugin. -->","yoast_head_json":{"title":"TRF4: INSS deve restabelecer benef\u00edcio assistencial para jovem com hidrocefalia e tumor cerebral (10\/03\/2022) | Portal de Not\u00edcias","robots":{"index":"index","follow":"follow","max-snippet":"max-snippet:-1","max-image-preview":"max-image-preview:large","max-video-preview":"max-video-preview:-1"},"canonical":"https:\/\/mhcalculos.com.br\/noticias\/area\/previdenciario\/trf4-inss-deve-restabelecer-beneficio-assistencial-para-jovem-com-hidrocefalia-e-tumor-cerebral-10-03-2022.html","og_locale":"pt_BR","og_type":"article","og_title":"TRF4: INSS deve restabelecer benef\u00edcio assistencial para jovem com hidrocefalia e tumor cerebral (10\/03\/2022) | Portal de Not\u00edcias","og_description":"O Instituto Nacional do Seguro Social (INSS) deve restabelecer, no prazo de 15 dias, o pagamento de benef\u00edcio assistencial \u00e0 pessoa com defici\u00eancia para um homem de 19 anos, morador de Santa Helena (PR), que tem um tumor cerebral e hidrocefalia. O benef\u00edcio havia sido suspenso pois o segurado n\u00e3o recebeu correspond\u00eancia da autarquia solicitando [&hellip;]","og_url":"https:\/\/mhcalculos.com.br\/noticias\/area\/previdenciario\/trf4-inss-deve-restabelecer-beneficio-assistencial-para-jovem-com-hidrocefalia-e-tumor-cerebral-10-03-2022.html","og_site_name":"Portal de Not\u00edcias","article_published_time":"2022-03-12T15:05:05+00:00","og_image":[{"width":2000,"height":800,"url":"https:\/\/mhcalculos.com.br\/noticias\/wp-content\/uploads\/sites\/2\/2022\/03\/judiciario-0013.jpg","type":"image\/jpeg"}],"author":"Equipe MH","twitter_card":"summary_large_image","twitter_misc":{"Escrito por":"Equipe MH","Est. tempo de leitura":"2 minutos"},"schema":{"@context":"https:\/\/schema.org","@graph":[{"@type":"Article","@id":"https:\/\/mhcalculos.com.br\/noticias\/area\/previdenciario\/trf4-inss-deve-restabelecer-beneficio-assistencial-para-jovem-com-hidrocefalia-e-tumor-cerebral-10-03-2022.html#article","isPartOf":{"@id":"https:\/\/mhcalculos.com.br\/noticias\/area\/previdenciario\/trf4-inss-deve-restabelecer-beneficio-assistencial-para-jovem-com-hidrocefalia-e-tumor-cerebral-10-03-2022.html"},"author":{"name":"Equipe MH","@id":"https:\/\/mhcalculos.com.br\/noticias\/#\/schema\/person\/88d1c34bf72dc779ea14a5a6b8e0ae8d"},"headline":"TRF4: INSS deve restabelecer benef\u00edcio assistencial para jovem com hidrocefalia e tumor cerebral (10\/03\/2022)","datePublished":"2022-03-12T15:05:05+00:00","mainEntityOfPage":{"@id":"https:\/\/mhcalculos.com.br\/noticias\/area\/previdenciario\/trf4-inss-deve-restabelecer-beneficio-assistencial-para-jovem-com-hidrocefalia-e-tumor-cerebral-10-03-2022.html"},"wordCount":450,"commentCount":0,"image":{"@id":"https:\/\/mhcalculos.com.br\/noticias\/area\/previdenciario\/trf4-inss-deve-restabelecer-beneficio-assistencial-para-jovem-com-hidrocefalia-e-tumor-cerebral-10-03-2022.html#primaryimage"},"thumbnailUrl":"https:\/\/mhcalculos.com.br\/noticias\/wp-content\/uploads\/sites\/2\/2022\/03\/judiciario-0013.jpg","keywords":["aposentadoria","c\u00e1lculos previdenci\u00e1rios","direito previdenci\u00e1rio","inss","per\u00edcia","perito","trf4"],"articleSection":["Direito Previdenci\u00e1rio","TRF4"],"inLanguage":"pt-BR","potentialAction":[{"@type":"CommentAction","name":"Comment","target":["https:\/\/mhcalculos.com.br\/noticias\/area\/previdenciario\/trf4-inss-deve-restabelecer-beneficio-assistencial-para-jovem-com-hidrocefalia-e-tumor-cerebral-10-03-2022.html#respond"]}]},{"@type":"WebPage","@id":"https:\/\/mhcalculos.com.br\/noticias\/area\/previdenciario\/trf4-inss-deve-restabelecer-beneficio-assistencial-para-jovem-com-hidrocefalia-e-tumor-cerebral-10-03-2022.html","url":"https:\/\/mhcalculos.com.br\/noticias\/area\/previdenciario\/trf4-inss-deve-restabelecer-beneficio-assistencial-para-jovem-com-hidrocefalia-e-tumor-cerebral-10-03-2022.html","name":"TRF4: INSS deve restabelecer benef\u00edcio assistencial para jovem com hidrocefalia e tumor cerebral (10\/03\/2022) | Portal de Not\u00edcias","isPartOf":{"@id":"https:\/\/mhcalculos.com.br\/noticias\/#website"},"primaryImageOfPage":{"@id":"https:\/\/mhcalculos.com.br\/noticias\/area\/previdenciario\/trf4-inss-deve-restabelecer-beneficio-assistencial-para-jovem-com-hidrocefalia-e-tumor-cerebral-10-03-2022.html#primaryimage"},"image":{"@id":"https:\/\/mhcalculos.com.br\/noticias\/area\/previdenciario\/trf4-inss-deve-restabelecer-beneficio-assistencial-para-jovem-com-hidrocefalia-e-tumor-cerebral-10-03-2022.html#primaryimage"},"thumbnailUrl":"https:\/\/mhcalculos.com.br\/noticias\/wp-content\/uploads\/sites\/2\/2022\/03\/judiciario-0013.jpg","datePublished":"2022-03-12T15:05:05+00:00","author":{"@id":"https:\/\/mhcalculos.com.br\/noticias\/#\/schema\/person\/88d1c34bf72dc779ea14a5a6b8e0ae8d"},"breadcrumb":{"@id":"https:\/\/mhcalculos.com.br\/noticias\/area\/previdenciario\/trf4-inss-deve-restabelecer-beneficio-assistencial-para-jovem-com-hidrocefalia-e-tumor-cerebral-10-03-2022.html#breadcrumb"},"inLanguage":"pt-BR","potentialAction":[{"@type":"ReadAction","target":["https:\/\/mhcalculos.com.br\/noticias\/area\/previdenciario\/trf4-inss-deve-restabelecer-beneficio-assistencial-para-jovem-com-hidrocefalia-e-tumor-cerebral-10-03-2022.html"]}]},{"@type":"ImageObject","inLanguage":"pt-BR","@id":"https:\/\/mhcalculos.com.br\/noticias\/area\/previdenciario\/trf4-inss-deve-restabelecer-beneficio-assistencial-para-jovem-com-hidrocefalia-e-tumor-cerebral-10-03-2022.html#primaryimage","url":"https:\/\/mhcalculos.com.br\/noticias\/wp-content\/uploads\/sites\/2\/2022\/03\/judiciario-0013.jpg","contentUrl":"https:\/\/mhcalculos.com.br\/noticias\/wp-content\/uploads\/sites\/2\/2022\/03\/judiciario-0013.jpg","width":2000,"height":800},{"@type":"BreadcrumbList","@id":"https:\/\/mhcalculos.com.br\/noticias\/area\/previdenciario\/trf4-inss-deve-restabelecer-beneficio-assistencial-para-jovem-com-hidrocefalia-e-tumor-cerebral-10-03-2022.html#breadcrumb","itemListElement":[{"@type":"ListItem","position":1,"name":"In\u00edcio","item":"https:\/\/mhcalculos.com.br\/noticias\/"},{"@type":"ListItem","position":2,"name":"TRF4: INSS deve restabelecer benef\u00edcio assistencial para jovem com hidrocefalia e tumor cerebral (10\/03\/2022)"}]},{"@type":"WebSite","@id":"https:\/\/mhcalculos.com.br\/noticias\/#website","url":"https:\/\/mhcalculos.com.br\/noticias\/","name":"Portal de Not\u00edcias","description":"Not\u00edcias e Jurisprud\u00eancia","potentialAction":[{"@type":"SearchAction","target":{"@type":"EntryPoint","urlTemplate":"https:\/\/mhcalculos.com.br\/noticias\/?s={search_term_string}"},"query-input":{"@type":"PropertyValueSpecification","valueRequired":true,"valueName":"search_term_string"}}],"inLanguage":"pt-BR"},{"@type":"Person","@id":"https:\/\/mhcalculos.com.br\/noticias\/#\/schema\/person\/88d1c34bf72dc779ea14a5a6b8e0ae8d","name":"Equipe MH","image":{"@type":"ImageObject","inLanguage":"pt-BR","@id":"https:\/\/secure.gravatar.com\/avatar\/de1c686c2ecc9c5a3f327e3431d819eb39f8f05d4e1045f5a1caad6daaba987f?s=96&d=mm&r=g","url":"https:\/\/secure.gravatar.com\/avatar\/de1c686c2ecc9c5a3f327e3431d819eb39f8f05d4e1045f5a1caad6daaba987f?s=96&d=mm&r=g","contentUrl":"https:\/\/secure.gravatar.com\/avatar\/de1c686c2ecc9c5a3f327e3431d819eb39f8f05d4e1045f5a1caad6daaba987f?s=96&d=mm&r=g","caption":"Equipe MH"}}]}},"_links":{"self":[{"href":"https:\/\/mhcalculos.com.br\/noticias\/wp-json\/wp\/v2\/posts\/10980","targetHints":{"allow":["GET"]}}],"collection":[{"href":"https:\/\/mhcalculos.com.br\/noticias\/wp-json\/wp\/v2\/posts"}],"about":[{"href":"https:\/\/mhcalculos.com.br\/noticias\/wp-json\/wp\/v2\/types\/post"}],"author":[{"embeddable":true,"href":"https:\/\/mhcalculos.com.br\/noticias\/wp-json\/wp\/v2\/users\/3063"}],"replies":[{"embeddable":true,"href":"https:\/\/mhcalculos.com.br\/noticias\/wp-json\/wp\/v2\/comments?post=10980"}],"version-history":[{"count":0,"href":"https:\/\/mhcalculos.com.br\/noticias\/wp-json\/wp\/v2\/posts\/10980\/revisions"}],"wp:featuredmedia":[{"embeddable":true,"href":"https:\/\/mhcalculos.com.br\/noticias\/wp-json\/wp\/v2\/media\/10981"}],"wp:attachment":[{"href":"https:\/\/mhcalculos.com.br\/noticias\/wp-json\/wp\/v2\/media?parent=10980"}],"wp:term":[{"taxonomy":"category","embeddable":true,"href":"https:\/\/mhcalculos.com.br\/noticias\/wp-json\/wp\/v2\/categories?post=10980"},{"taxonomy":"post_tag","embeddable":true,"href":"https:\/\/mhcalculos.com.br\/noticias\/wp-json\/wp\/v2\/tags?post=10980"}],"curies":[{"name":"wp","href":"https:\/\/api.w.org\/{rel}","templated":true}]}}