{"id":10913,"date":"2022-02-25T09:53:00","date_gmt":"2022-02-25T12:53:00","guid":{"rendered":"https:\/\/mhcalculos.com.br\/noticias\/area\/trabalhista\/tst-tribunal-fara-estudos-sobre-impactos-da-reforma-trabalhista-na-justica-do-trabalho.html"},"modified":"2022-02-25T09:53:00","modified_gmt":"2022-02-25T12:53:00","slug":"tst-tribunal-fara-estudos-sobre-impactos-da-reforma-trabalhista-na-justica-do-trabalho","status":"publish","type":"post","link":"https:\/\/mhcalculos.com.br\/noticias\/area\/trabalhista\/tst-tribunal-fara-estudos-sobre-impactos-da-reforma-trabalhista-na-justica-do-trabalho.html","title":{"rendered":"TST: Tribunal&nbsp;far\u00e1 estudos sobre impactos da Reforma Trabalhista na Justi\u00e7a do Trabalho"},"content":{"rendered":"<p><br \/>\n<\/p>\n<p><em><\/p>\n<p>O presidente do TST, ministro Emmanoel Pereira, criou um grupo de trabalho com essa finalidade<\/p>\n<p><\/em><\/p>\n<p>        <a class=\"share-facebook\" href=\"https:\/\/www.facebook.com\/sharer.php?u=http:\/\/www.tst.jus.br\/-\/tst-far%C3%A1-estudos-sobre-impactos-da-reforma-trabalhista-na-justi%C3%A7a-do-trabalho\" target=\"_blank\" rel=\"noopener\"><\/a><br \/>\n        <a class=\"share-twitter\" href=\"http:\/\/twitter.com\/intent\/tweet?text=TST far\u00e1 estudos sobre impactos da Reforma Trabalhista na Justi\u00e7a do Trabalho%0AVeja%20mais%20em:&amp;url=http:\/\/www.tst.jus.br\/-\/tst-far%C3%A1-estudos-sobre-impactos-da-reforma-trabalhista-na-justi%C3%A7a-do-trabalho\" target=\"_blank\" rel=\"noopener\"><\/a><br \/>\n        <a class=\"share-linkedin\" href=\"https:\/\/www.linkedin.com\/shareArticle?mini=true&amp;url=http:\/\/www.tst.jus.br\/-\/tst-far%C3%A1-estudos-sobre-impactos-da-reforma-trabalhista-na-justi%C3%A7a-do-trabalho&amp;title=TST far\u00e1 estudos sobre impactos da Reforma Trabalhista na Justi\u00e7a do Trabalho\" target=\"_blank\" rel=\"noopener\"><\/a><br \/>\n        <a class=\"share-whatsapp\" href=\"https:\/\/web.whatsapp.com\/send?text=http:\/\/www.tst.jus.br\/-\/tst-far%C3%A1-estudos-sobre-impactos-da-reforma-trabalhista-na-justi%C3%A7a-do-trabalho\" target=\"_blank\" rel=\"noopener\"><\/a><br \/>\n        <a class=\"share-googleplus\" href=\"https:\/\/plus.google.com\/share?url=http:\/\/www.tst.jus.br\/-\/tst-far%C3%A1-estudos-sobre-impactos-da-reforma-trabalhista-na-justi%C3%A7a-do-trabalho\" target=\"_blank\" rel=\"noopener\"><\/a><\/p>\n<p>                <\/p>\n<p>Fachada lateral do edif\u00edcio-sede do TST e do CSJT<\/p>\n<p>                    <a class=\"share-facebook\" href=\"https:\/\/www.facebook.com\/sharer.php?u=http:\/\/www.tst.jus.br\/-\/tst-far%C3%A1-estudos-sobre-impactos-da-reforma-trabalhista-na-justi%C3%A7a-do-trabalho\" target=\"_blank\" rel=\"noopener\"><\/a><br \/>\n                    <a class=\"share-twitter\" href=\"http:\/\/twitter.com\/intent\/tweet?text=TST far\u00e1 estudos sobre impactos da Reforma Trabalhista na Justi\u00e7a do Trabalho%0AVeja%20mais%20em:&amp;url=http:\/\/www.tst.jus.br\/-\/tst-far%C3%A1-estudos-sobre-impactos-da-reforma-trabalhista-na-justi%C3%A7a-do-trabalho\" target=\"_blank\" rel=\"noopener\"><\/a><br \/>\n                    <a class=\"share-linkedin\" href=\"https:\/\/www.linkedin.com\/shareArticle?mini=true&amp;url=http:\/\/www.tst.jus.br\/-\/tst-far%C3%A1-estudos-sobre-impactos-da-reforma-trabalhista-na-justi%C3%A7a-do-trabalho&amp;title=TST far\u00e1 estudos sobre impactos da Reforma Trabalhista na Justi\u00e7a do Trabalho\" target=\"_blank\" rel=\"noopener\"><\/a><br \/>\n                    <a class=\"share-whatsapp\" href=\"https:\/\/web.whatsapp.com\/send?text=http:\/\/www.tst.jus.br\/-\/tst-far%C3%A1-estudos-sobre-impactos-da-reforma-trabalhista-na-justi%C3%A7a-do-trabalho\" target=\"_blank\" rel=\"noopener\"><\/a><br \/>\n                    <a class=\"share-googleplus\" href=\"https:\/\/plus.google.com\/share?url=http:\/\/www.tst.jus.br\/-\/tst-far%C3%A1-estudos-sobre-impactos-da-reforma-trabalhista-na-justi%C3%A7a-do-trabalho\" target=\"_blank\" rel=\"noopener\"><\/a><\/p>\n<p>25\/02\/22 &#8211; O presidente do Tribunal Superior do Trabalho e do Conselho Superior da Justi\u00e7a do Trabalho, ministro Emmanoel Pereira, assinou nesta quinta-feira (24), ato que constituiu grupo de trabalho com o objetivo de realizar estudos sobre os impactos da Reforma Trabalhista (Lei 13.467\/2017) no \u00e2mbito da Justi\u00e7a do Trabalho. O grupo ter\u00e1 30 dias para apresentar a conclus\u00e3o dos trabalhos, que dever\u00e3o se desenvolver, preferencialmente, de forma telepresencial.<\/p>\n<p>No desenvolvimento de suas atividades, o grupo poder\u00e1 convidar pesquisadores, professores, estat\u00edsticos e representantes de entidades de classe, entre outros profissionais, para discuss\u00e3o e obten\u00e7\u00e3o de dados estat\u00edsticos e informa\u00e7\u00f5es \u00fateis e necess\u00e1rias para o atendimento dos seus objetivos.<\/p>\n<p>A medida considera, entre outros pontos, a necessidade de aprofundar os efeitos da mudan\u00e7a legislativa na Justi\u00e7a do Trabalho como meio de orientar a formula\u00e7\u00e3o e a execu\u00e7\u00e3o de suas pol\u00edticas p\u00fablicas. Leva em conta, tamb\u00e9m, a Resolu\u00e7\u00e3o 325\/2020 do Conselho Nacional de Justi\u00e7a (CNJ), que determina que a execu\u00e7\u00e3o da Estrat\u00e9gia Nacional do Poder Judici\u00e1rio para o sex\u00eanio 2021-2026 busque concretizar os Objetivos de Desenvolvimento Sustent\u00e1vel da Agenda 2030, aprovados pela Organiza\u00e7\u00e3o das Na\u00e7\u00f5es Unidas. O Objetivo 16 da Agenda trata do acesso \u00e0 justi\u00e7a por meio de institui\u00e7\u00f5es eficazes, respons\u00e1veis e inclusivas em todos os n\u00edveis. Ainda de acordo com o ato, um dos macrodesafios do Poder Judici\u00e1rio para esse per\u00edodo \u00e9 o \u201cfortalecimento da rela\u00e7\u00e3o institucional do Poder Judici\u00e1rio com a sociedade\u201d;<\/p>\n<p>O grupo de trabalho \u00e9 integrado pelo desembargador Paulo S\u00e9rgio Pimenta (18\u00aa Regi\u00e3o), pelo juiz do trabalho Saulo Tarc\u00edsio de Carvalho Fontes (16\u00aa Regi\u00e3o), pelo juiz auxiliar da Presid\u00eancia do TST Luciano Athayde Chaves, pelos ju\u00edzes auxiliares da Presid\u00eancia CSJT Rog\u00e9rio Neiva Pinheiro e Firmo Leal Neto, pelo secret\u00e1rio-geral da Presid\u00eancia do TST, Luiz Cl\u00e1udio Gon\u00e7alves, e pela secret\u00e1rio-geral da Presid\u00eancia CSJT, Carolina da Silva Ferreira.<\/p>\n<p>(CF)<br \/>\n&nbsp;<\/p>\n<p>    $(&#8216;#lightbox-urfg_ .slider-gallery-wrapper img&#8217;).hover(<br \/>\n    function() {<br \/>\n        const $text=$($($(this).parent()).next());<br \/>\n        $text.hasClass(&#8216;inside-description&#8217;) &amp;&amp; $text.fadeTo( &#8220;slow&#8221; , 0);<br \/>\n    }, function() {<br \/>\n        const $text=$($($(this).parent()).next());<br \/>\n        $text.hasClass(&#8216;inside-description&#8217;) &amp;&amp; $text.fadeTo( &#8220;slow&#8221; , 1);<br \/>\n    }<br \/>\n    );<br \/>\n    $(document).ready(function() {<br \/>\n        var urfg_autoplaying=false;<br \/>\n        var urfg_showingLightbox=false;<br \/>\n        const urfg_playPauseControllers=&#8221;#slider-urfg_-playpause, #slider-urfg_-lightbox-playpause&#8221;;<br \/>\n        $(&#8220;#slider-urfg_&#8221;).slick({<br \/>\n            slidesToShow: 1,<br \/>\n            slidesToScroll: 1,<br \/>\n            autoplay: urfg_autoplaying,<br \/>\n            swipeToSlide: false,<br \/>\n            centerMode: false,<br \/>\n            autoplaySpeed: 3000,<br \/>\n            focusOnSelect: true,<br \/>\n            prevArrow:<br \/>\n            &#8221;,<br \/>\n            nextArrow:<br \/>\n            &#8221;,<br \/>\n            centerPadding: &#8220;60px&#8221;,<br \/>\n            responsive: [<br \/>\n                {<br \/>\n                    breakpoint: 767.98,<br \/>\n                    settings: {<br \/>\n                        slidesToShow: 3,<br \/>\n                        adaptiveHeight: true<br \/>\n                    }<br \/>\n                }<br \/>\n            ]<br \/>\n        });<br \/>\n        $(&#8220;#slider-urfg_&#8221;).slickLightbox({<br \/>\n            src: &#8216;src&#8217;,<br \/>\n            itemSelector: &#8216;.galery-image .multimidia-wrapper img&#8217;,<br \/>\n            caption:&#8217;caption&#8217;<br \/>\n        });<br \/>\n    });<br \/>\n<script async src=\"https:\/\/platform.twitter.com\/widgets.js\" charset=\"utf-8\"><\/script><br \/>\n<br \/><i>Com informa\u00e7\u00f5es da assessoria de imprensa do TST.<\/i><br \/>\n<br \/><a href=\"http:\/\/www.tst.jus.br\/web\/guest\/noticias?p_p_id=89Dk&#038;p_p_lifecycle=0&#038;refererPlid=10730&#038;_89Dk_groupId=10157&#038;_89Dk_articleId=28313493\">Fonte<\/a><br \/>\n<br \/><\/p>\n","protected":false},"excerpt":{"rendered":"<p>O presidente do TST, ministro Emmanoel Pereira, criou um grupo de trabalho com essa finalidade Fachada lateral do edif\u00edcio-sede do TST e do CSJT 25\/02\/22 &#8211; O presidente do Tribunal Superior do Trabalho e do Conselho Superior da Justi\u00e7a do Trabalho, ministro Emmanoel Pereira, assinou nesta quinta-feira (24), ato que constituiu grupo de trabalho com [&hellip;]<\/p>\n","protected":false},"author":3063,"featured_media":10914,"comment_status":"open","ping_status":"open","sticky":false,"template":"","format":"standard","meta":{"footnotes":""},"categories":[3,21],"tags":[33,216,9,12,217,215],"class_list":{"0":"post-10913","1":"post","2":"type-post","3":"status-publish","4":"format-standard","5":"has-post-thumbnail","7":"category-trabalhista","8":"category-tst","9":"tag-calculos-trabalhistas","10":"tag-direito-trabalhista","11":"tag-pericia","12":"tag-perito","13":"tag-trabalho","14":"tag-tst"},"yoast_head":"<!-- This site is optimized with the Yoast SEO plugin v27.2 - https:\/\/yoast.com\/product\/yoast-seo-wordpress\/ -->\n<title>TST: Tribunal&nbsp;far\u00e1 estudos sobre impactos da Reforma Trabalhista na Justi\u00e7a do Trabalho | Portal de Not\u00edcias<\/title>\n<meta name=\"robots\" content=\"index, follow, max-snippet:-1, max-image-preview:large, max-video-preview:-1\" \/>\n<link rel=\"canonical\" href=\"https:\/\/mhcalculos.com.br\/noticias\/area\/trabalhista\/tst-tribunal-fara-estudos-sobre-impactos-da-reforma-trabalhista-na-justica-do-trabalho.html\" \/>\n<meta property=\"og:locale\" content=\"pt_BR\" \/>\n<meta property=\"og:type\" content=\"article\" \/>\n<meta property=\"og:title\" content=\"TST: Tribunal&nbsp;far\u00e1 estudos sobre impactos da Reforma Trabalhista na Justi\u00e7a do Trabalho | Portal de Not\u00edcias\" \/>\n<meta property=\"og:description\" content=\"O presidente do TST, ministro Emmanoel Pereira, criou um grupo de trabalho com essa finalidade Fachada lateral do edif\u00edcio-sede do TST e do CSJT 25\/02\/22 &#8211; O presidente do Tribunal Superior do Trabalho e do Conselho Superior da Justi\u00e7a do Trabalho, ministro Emmanoel Pereira, assinou nesta quinta-feira (24), ato que constituiu grupo de trabalho com [&hellip;]\" \/>\n<meta property=\"og:url\" content=\"https:\/\/mhcalculos.com.br\/noticias\/area\/trabalhista\/tst-tribunal-fara-estudos-sobre-impactos-da-reforma-trabalhista-na-justica-do-trabalho.html\" \/>\n<meta property=\"og:site_name\" content=\"Portal de Not\u00edcias\" \/>\n<meta property=\"article:published_time\" content=\"2022-02-25T12:53:00+00:00\" \/>\n<meta property=\"og:image\" content=\"https:\/\/mhcalculos.com.br\/noticias\/wp-content\/uploads\/sites\/2\/2022\/02\/1645902311_trabalhista-0017.jpg\" \/>\n\t<meta property=\"og:image:width\" content=\"2000\" \/>\n\t<meta property=\"og:image:height\" content=\"800\" \/>\n\t<meta property=\"og:image:type\" content=\"image\/jpeg\" \/>\n<meta name=\"author\" content=\"Equipe MH\" \/>\n<meta name=\"twitter:card\" content=\"summary_large_image\" \/>\n<meta name=\"twitter:label1\" content=\"Escrito por\" \/>\n\t<meta name=\"twitter:data1\" content=\"Equipe MH\" \/>\n\t<meta name=\"twitter:label2\" content=\"Est. tempo de leitura\" \/>\n\t<meta name=\"twitter:data2\" content=\"2 minutos\" \/>\n<script type=\"application\/ld+json\" class=\"yoast-schema-graph\">{\"@context\":\"https:\/\/schema.org\",\"@graph\":[{\"@type\":\"Article\",\"@id\":\"https:\/\/mhcalculos.com.br\/noticias\/area\/trabalhista\/tst-tribunal-fara-estudos-sobre-impactos-da-reforma-trabalhista-na-justica-do-trabalho.html#article\",\"isPartOf\":{\"@id\":\"https:\/\/mhcalculos.com.br\/noticias\/area\/trabalhista\/tst-tribunal-fara-estudos-sobre-impactos-da-reforma-trabalhista-na-justica-do-trabalho.html\"},\"author\":{\"name\":\"Equipe MH\",\"@id\":\"https:\/\/mhcalculos.com.br\/noticias\/#\/schema\/person\/88d1c34bf72dc779ea14a5a6b8e0ae8d\"},\"headline\":\"TST: Tribunal&nbsp;far\u00e1 estudos sobre impactos da Reforma Trabalhista na Justi\u00e7a do Trabalho\",\"datePublished\":\"2022-02-25T12:53:00+00:00\",\"mainEntityOfPage\":{\"@id\":\"https:\/\/mhcalculos.com.br\/noticias\/area\/trabalhista\/tst-tribunal-fara-estudos-sobre-impactos-da-reforma-trabalhista-na-justica-do-trabalho.html\"},\"wordCount\":473,\"commentCount\":0,\"image\":{\"@id\":\"https:\/\/mhcalculos.com.br\/noticias\/area\/trabalhista\/tst-tribunal-fara-estudos-sobre-impactos-da-reforma-trabalhista-na-justica-do-trabalho.html#primaryimage\"},\"thumbnailUrl\":\"https:\/\/mhcalculos.com.br\/noticias\/wp-content\/uploads\/sites\/2\/2022\/02\/1645902311_trabalhista-0017.jpg\",\"keywords\":[\"c\u00e1lculos trabalhistas\",\"direito trabalhista\",\"per\u00edcia\",\"perito\",\"trabalho\",\"TST\"],\"articleSection\":[\"Direito Trabalhista\",\"TST\"],\"inLanguage\":\"pt-BR\",\"potentialAction\":[{\"@type\":\"CommentAction\",\"name\":\"Comment\",\"target\":[\"https:\/\/mhcalculos.com.br\/noticias\/area\/trabalhista\/tst-tribunal-fara-estudos-sobre-impactos-da-reforma-trabalhista-na-justica-do-trabalho.html#respond\"]}]},{\"@type\":\"WebPage\",\"@id\":\"https:\/\/mhcalculos.com.br\/noticias\/area\/trabalhista\/tst-tribunal-fara-estudos-sobre-impactos-da-reforma-trabalhista-na-justica-do-trabalho.html\",\"url\":\"https:\/\/mhcalculos.com.br\/noticias\/area\/trabalhista\/tst-tribunal-fara-estudos-sobre-impactos-da-reforma-trabalhista-na-justica-do-trabalho.html\",\"name\":\"TST: Tribunal&nbsp;far\u00e1 estudos sobre impactos da Reforma Trabalhista na Justi\u00e7a do Trabalho | Portal de Not\u00edcias\",\"isPartOf\":{\"@id\":\"https:\/\/mhcalculos.com.br\/noticias\/#website\"},\"primaryImageOfPage\":{\"@id\":\"https:\/\/mhcalculos.com.br\/noticias\/area\/trabalhista\/tst-tribunal-fara-estudos-sobre-impactos-da-reforma-trabalhista-na-justica-do-trabalho.html#primaryimage\"},\"image\":{\"@id\":\"https:\/\/mhcalculos.com.br\/noticias\/area\/trabalhista\/tst-tribunal-fara-estudos-sobre-impactos-da-reforma-trabalhista-na-justica-do-trabalho.html#primaryimage\"},\"thumbnailUrl\":\"https:\/\/mhcalculos.com.br\/noticias\/wp-content\/uploads\/sites\/2\/2022\/02\/1645902311_trabalhista-0017.jpg\",\"datePublished\":\"2022-02-25T12:53:00+00:00\",\"author\":{\"@id\":\"https:\/\/mhcalculos.com.br\/noticias\/#\/schema\/person\/88d1c34bf72dc779ea14a5a6b8e0ae8d\"},\"breadcrumb\":{\"@id\":\"https:\/\/mhcalculos.com.br\/noticias\/area\/trabalhista\/tst-tribunal-fara-estudos-sobre-impactos-da-reforma-trabalhista-na-justica-do-trabalho.html#breadcrumb\"},\"inLanguage\":\"pt-BR\",\"potentialAction\":[{\"@type\":\"ReadAction\",\"target\":[\"https:\/\/mhcalculos.com.br\/noticias\/area\/trabalhista\/tst-tribunal-fara-estudos-sobre-impactos-da-reforma-trabalhista-na-justica-do-trabalho.html\"]}]},{\"@type\":\"ImageObject\",\"inLanguage\":\"pt-BR\",\"@id\":\"https:\/\/mhcalculos.com.br\/noticias\/area\/trabalhista\/tst-tribunal-fara-estudos-sobre-impactos-da-reforma-trabalhista-na-justica-do-trabalho.html#primaryimage\",\"url\":\"https:\/\/mhcalculos.com.br\/noticias\/wp-content\/uploads\/sites\/2\/2022\/02\/1645902311_trabalhista-0017.jpg\",\"contentUrl\":\"https:\/\/mhcalculos.com.br\/noticias\/wp-content\/uploads\/sites\/2\/2022\/02\/1645902311_trabalhista-0017.jpg\",\"width\":2000,\"height\":800},{\"@type\":\"BreadcrumbList\",\"@id\":\"https:\/\/mhcalculos.com.br\/noticias\/area\/trabalhista\/tst-tribunal-fara-estudos-sobre-impactos-da-reforma-trabalhista-na-justica-do-trabalho.html#breadcrumb\",\"itemListElement\":[{\"@type\":\"ListItem\",\"position\":1,\"name\":\"In\u00edcio\",\"item\":\"https:\/\/mhcalculos.com.br\/noticias\/\"},{\"@type\":\"ListItem\",\"position\":2,\"name\":\"TST: Tribunal&nbsp;far\u00e1 estudos sobre impactos da Reforma Trabalhista na Justi\u00e7a do Trabalho\"}]},{\"@type\":\"WebSite\",\"@id\":\"https:\/\/mhcalculos.com.br\/noticias\/#website\",\"url\":\"https:\/\/mhcalculos.com.br\/noticias\/\",\"name\":\"Portal de Not\u00edcias\",\"description\":\"Not\u00edcias e Jurisprud\u00eancia\",\"potentialAction\":[{\"@type\":\"SearchAction\",\"target\":{\"@type\":\"EntryPoint\",\"urlTemplate\":\"https:\/\/mhcalculos.com.br\/noticias\/?s={search_term_string}\"},\"query-input\":{\"@type\":\"PropertyValueSpecification\",\"valueRequired\":true,\"valueName\":\"search_term_string\"}}],\"inLanguage\":\"pt-BR\"},{\"@type\":\"Person\",\"@id\":\"https:\/\/mhcalculos.com.br\/noticias\/#\/schema\/person\/88d1c34bf72dc779ea14a5a6b8e0ae8d\",\"name\":\"Equipe MH\",\"image\":{\"@type\":\"ImageObject\",\"inLanguage\":\"pt-BR\",\"@id\":\"https:\/\/secure.gravatar.com\/avatar\/de1c686c2ecc9c5a3f327e3431d819eb39f8f05d4e1045f5a1caad6daaba987f?s=96&d=mm&r=g\",\"url\":\"https:\/\/secure.gravatar.com\/avatar\/de1c686c2ecc9c5a3f327e3431d819eb39f8f05d4e1045f5a1caad6daaba987f?s=96&d=mm&r=g\",\"contentUrl\":\"https:\/\/secure.gravatar.com\/avatar\/de1c686c2ecc9c5a3f327e3431d819eb39f8f05d4e1045f5a1caad6daaba987f?s=96&d=mm&r=g\",\"caption\":\"Equipe MH\"}}]}<\/script>\n<!-- \/ Yoast SEO plugin. -->","yoast_head_json":{"title":"TST: Tribunal&nbsp;far\u00e1 estudos sobre impactos da Reforma Trabalhista na Justi\u00e7a do Trabalho | Portal de Not\u00edcias","robots":{"index":"index","follow":"follow","max-snippet":"max-snippet:-1","max-image-preview":"max-image-preview:large","max-video-preview":"max-video-preview:-1"},"canonical":"https:\/\/mhcalculos.com.br\/noticias\/area\/trabalhista\/tst-tribunal-fara-estudos-sobre-impactos-da-reforma-trabalhista-na-justica-do-trabalho.html","og_locale":"pt_BR","og_type":"article","og_title":"TST: Tribunal&nbsp;far\u00e1 estudos sobre impactos da Reforma Trabalhista na Justi\u00e7a do Trabalho | Portal de Not\u00edcias","og_description":"O presidente do TST, ministro Emmanoel Pereira, criou um grupo de trabalho com essa finalidade Fachada lateral do edif\u00edcio-sede do TST e do CSJT 25\/02\/22 &#8211; O presidente do Tribunal Superior do Trabalho e do Conselho Superior da Justi\u00e7a do Trabalho, ministro Emmanoel Pereira, assinou nesta quinta-feira (24), ato que constituiu grupo de trabalho com [&hellip;]","og_url":"https:\/\/mhcalculos.com.br\/noticias\/area\/trabalhista\/tst-tribunal-fara-estudos-sobre-impactos-da-reforma-trabalhista-na-justica-do-trabalho.html","og_site_name":"Portal de Not\u00edcias","article_published_time":"2022-02-25T12:53:00+00:00","og_image":[{"width":2000,"height":800,"url":"https:\/\/mhcalculos.com.br\/noticias\/wp-content\/uploads\/sites\/2\/2022\/02\/1645902311_trabalhista-0017.jpg","type":"image\/jpeg"}],"author":"Equipe MH","twitter_card":"summary_large_image","twitter_misc":{"Escrito por":"Equipe MH","Est. tempo de leitura":"2 minutos"},"schema":{"@context":"https:\/\/schema.org","@graph":[{"@type":"Article","@id":"https:\/\/mhcalculos.com.br\/noticias\/area\/trabalhista\/tst-tribunal-fara-estudos-sobre-impactos-da-reforma-trabalhista-na-justica-do-trabalho.html#article","isPartOf":{"@id":"https:\/\/mhcalculos.com.br\/noticias\/area\/trabalhista\/tst-tribunal-fara-estudos-sobre-impactos-da-reforma-trabalhista-na-justica-do-trabalho.html"},"author":{"name":"Equipe MH","@id":"https:\/\/mhcalculos.com.br\/noticias\/#\/schema\/person\/88d1c34bf72dc779ea14a5a6b8e0ae8d"},"headline":"TST: Tribunal&nbsp;far\u00e1 estudos sobre impactos da Reforma Trabalhista na Justi\u00e7a do Trabalho","datePublished":"2022-02-25T12:53:00+00:00","mainEntityOfPage":{"@id":"https:\/\/mhcalculos.com.br\/noticias\/area\/trabalhista\/tst-tribunal-fara-estudos-sobre-impactos-da-reforma-trabalhista-na-justica-do-trabalho.html"},"wordCount":473,"commentCount":0,"image":{"@id":"https:\/\/mhcalculos.com.br\/noticias\/area\/trabalhista\/tst-tribunal-fara-estudos-sobre-impactos-da-reforma-trabalhista-na-justica-do-trabalho.html#primaryimage"},"thumbnailUrl":"https:\/\/mhcalculos.com.br\/noticias\/wp-content\/uploads\/sites\/2\/2022\/02\/1645902311_trabalhista-0017.jpg","keywords":["c\u00e1lculos trabalhistas","direito trabalhista","per\u00edcia","perito","trabalho","TST"],"articleSection":["Direito Trabalhista","TST"],"inLanguage":"pt-BR","potentialAction":[{"@type":"CommentAction","name":"Comment","target":["https:\/\/mhcalculos.com.br\/noticias\/area\/trabalhista\/tst-tribunal-fara-estudos-sobre-impactos-da-reforma-trabalhista-na-justica-do-trabalho.html#respond"]}]},{"@type":"WebPage","@id":"https:\/\/mhcalculos.com.br\/noticias\/area\/trabalhista\/tst-tribunal-fara-estudos-sobre-impactos-da-reforma-trabalhista-na-justica-do-trabalho.html","url":"https:\/\/mhcalculos.com.br\/noticias\/area\/trabalhista\/tst-tribunal-fara-estudos-sobre-impactos-da-reforma-trabalhista-na-justica-do-trabalho.html","name":"TST: Tribunal&nbsp;far\u00e1 estudos sobre impactos da Reforma Trabalhista na Justi\u00e7a do Trabalho | Portal de Not\u00edcias","isPartOf":{"@id":"https:\/\/mhcalculos.com.br\/noticias\/#website"},"primaryImageOfPage":{"@id":"https:\/\/mhcalculos.com.br\/noticias\/area\/trabalhista\/tst-tribunal-fara-estudos-sobre-impactos-da-reforma-trabalhista-na-justica-do-trabalho.html#primaryimage"},"image":{"@id":"https:\/\/mhcalculos.com.br\/noticias\/area\/trabalhista\/tst-tribunal-fara-estudos-sobre-impactos-da-reforma-trabalhista-na-justica-do-trabalho.html#primaryimage"},"thumbnailUrl":"https:\/\/mhcalculos.com.br\/noticias\/wp-content\/uploads\/sites\/2\/2022\/02\/1645902311_trabalhista-0017.jpg","datePublished":"2022-02-25T12:53:00+00:00","author":{"@id":"https:\/\/mhcalculos.com.br\/noticias\/#\/schema\/person\/88d1c34bf72dc779ea14a5a6b8e0ae8d"},"breadcrumb":{"@id":"https:\/\/mhcalculos.com.br\/noticias\/area\/trabalhista\/tst-tribunal-fara-estudos-sobre-impactos-da-reforma-trabalhista-na-justica-do-trabalho.html#breadcrumb"},"inLanguage":"pt-BR","potentialAction":[{"@type":"ReadAction","target":["https:\/\/mhcalculos.com.br\/noticias\/area\/trabalhista\/tst-tribunal-fara-estudos-sobre-impactos-da-reforma-trabalhista-na-justica-do-trabalho.html"]}]},{"@type":"ImageObject","inLanguage":"pt-BR","@id":"https:\/\/mhcalculos.com.br\/noticias\/area\/trabalhista\/tst-tribunal-fara-estudos-sobre-impactos-da-reforma-trabalhista-na-justica-do-trabalho.html#primaryimage","url":"https:\/\/mhcalculos.com.br\/noticias\/wp-content\/uploads\/sites\/2\/2022\/02\/1645902311_trabalhista-0017.jpg","contentUrl":"https:\/\/mhcalculos.com.br\/noticias\/wp-content\/uploads\/sites\/2\/2022\/02\/1645902311_trabalhista-0017.jpg","width":2000,"height":800},{"@type":"BreadcrumbList","@id":"https:\/\/mhcalculos.com.br\/noticias\/area\/trabalhista\/tst-tribunal-fara-estudos-sobre-impactos-da-reforma-trabalhista-na-justica-do-trabalho.html#breadcrumb","itemListElement":[{"@type":"ListItem","position":1,"name":"In\u00edcio","item":"https:\/\/mhcalculos.com.br\/noticias\/"},{"@type":"ListItem","position":2,"name":"TST: Tribunal&nbsp;far\u00e1 estudos sobre impactos da Reforma Trabalhista na Justi\u00e7a do Trabalho"}]},{"@type":"WebSite","@id":"https:\/\/mhcalculos.com.br\/noticias\/#website","url":"https:\/\/mhcalculos.com.br\/noticias\/","name":"Portal de Not\u00edcias","description":"Not\u00edcias e Jurisprud\u00eancia","potentialAction":[{"@type":"SearchAction","target":{"@type":"EntryPoint","urlTemplate":"https:\/\/mhcalculos.com.br\/noticias\/?s={search_term_string}"},"query-input":{"@type":"PropertyValueSpecification","valueRequired":true,"valueName":"search_term_string"}}],"inLanguage":"pt-BR"},{"@type":"Person","@id":"https:\/\/mhcalculos.com.br\/noticias\/#\/schema\/person\/88d1c34bf72dc779ea14a5a6b8e0ae8d","name":"Equipe MH","image":{"@type":"ImageObject","inLanguage":"pt-BR","@id":"https:\/\/secure.gravatar.com\/avatar\/de1c686c2ecc9c5a3f327e3431d819eb39f8f05d4e1045f5a1caad6daaba987f?s=96&d=mm&r=g","url":"https:\/\/secure.gravatar.com\/avatar\/de1c686c2ecc9c5a3f327e3431d819eb39f8f05d4e1045f5a1caad6daaba987f?s=96&d=mm&r=g","contentUrl":"https:\/\/secure.gravatar.com\/avatar\/de1c686c2ecc9c5a3f327e3431d819eb39f8f05d4e1045f5a1caad6daaba987f?s=96&d=mm&r=g","caption":"Equipe MH"}}]}},"_links":{"self":[{"href":"https:\/\/mhcalculos.com.br\/noticias\/wp-json\/wp\/v2\/posts\/10913","targetHints":{"allow":["GET"]}}],"collection":[{"href":"https:\/\/mhcalculos.com.br\/noticias\/wp-json\/wp\/v2\/posts"}],"about":[{"href":"https:\/\/mhcalculos.com.br\/noticias\/wp-json\/wp\/v2\/types\/post"}],"author":[{"embeddable":true,"href":"https:\/\/mhcalculos.com.br\/noticias\/wp-json\/wp\/v2\/users\/3063"}],"replies":[{"embeddable":true,"href":"https:\/\/mhcalculos.com.br\/noticias\/wp-json\/wp\/v2\/comments?post=10913"}],"version-history":[{"count":0,"href":"https:\/\/mhcalculos.com.br\/noticias\/wp-json\/wp\/v2\/posts\/10913\/revisions"}],"wp:featuredmedia":[{"embeddable":true,"href":"https:\/\/mhcalculos.com.br\/noticias\/wp-json\/wp\/v2\/media\/10914"}],"wp:attachment":[{"href":"https:\/\/mhcalculos.com.br\/noticias\/wp-json\/wp\/v2\/media?parent=10913"}],"wp:term":[{"taxonomy":"category","embeddable":true,"href":"https:\/\/mhcalculos.com.br\/noticias\/wp-json\/wp\/v2\/categories?post=10913"},{"taxonomy":"post_tag","embeddable":true,"href":"https:\/\/mhcalculos.com.br\/noticias\/wp-json\/wp\/v2\/tags?post=10913"}],"curies":[{"name":"wp","href":"https:\/\/api.w.org\/{rel}","templated":true}]}}