{"id":10898,"date":"2022-02-21T19:23:00","date_gmt":"2022-02-21T22:23:00","guid":{"rendered":"https:\/\/mhcalculos.com.br\/noticias\/area\/trabalhista\/tst-nova-direcao-da-enamat-e-empossada-em-sessao-do-pleno-do-tst.html"},"modified":"2022-02-21T19:23:00","modified_gmt":"2022-02-21T22:23:00","slug":"tst-nova-direcao-da-enamat-e-empossada-em-sessao-do-pleno-do-tst","status":"publish","type":"post","link":"https:\/\/mhcalculos.com.br\/noticias\/area\/trabalhista\/tst-nova-direcao-da-enamat-e-empossada-em-sessao-do-pleno-do-tst.html","title":{"rendered":"TST: Nova dire\u00e7\u00e3o da Enamat \u00e9 empossada em sess\u00e3o do Pleno do TST"},"content":{"rendered":"<p><br \/>\n<\/p>\n<p><em><\/p>\n<p>Os ministros Aloysio Corr\u00eaa da Veiga e Douglas Alencar assumem, respectivamente, como diretor e vice-diretor da escola.<\/p>\n<p><\/em><\/p>\n<p>        <a class=\"share-facebook\" href=\"https:\/\/www.facebook.com\/sharer.php?u=http:\/\/www.tst.jus.br\/-\/nova-dire%C3%A7%C3%A3o-da-enamat-%C3%A9-empossada-em-sess%C3%A3o-do-pleno-do-tst\" target=\"_blank\" rel=\"noopener\"><\/a><br \/>\n        <a class=\"share-twitter\" href=\"http:\/\/twitter.com\/intent\/tweet?text=Nova dire\u00e7\u00e3o da Enamat \u00e9 empossada em sess\u00e3o do Pleno do TST%0AVeja%20mais%20em:&amp;url=http:\/\/www.tst.jus.br\/-\/nova-dire%C3%A7%C3%A3o-da-enamat-%C3%A9-empossada-em-sess%C3%A3o-do-pleno-do-tst\" target=\"_blank\" rel=\"noopener\"><\/a><br \/>\n        <a class=\"share-linkedin\" href=\"https:\/\/www.linkedin.com\/shareArticle?mini=true&amp;url=http:\/\/www.tst.jus.br\/-\/nova-dire%C3%A7%C3%A3o-da-enamat-%C3%A9-empossada-em-sess%C3%A3o-do-pleno-do-tst&amp;title=Nova dire\u00e7\u00e3o da Enamat \u00e9 empossada em sess\u00e3o do Pleno do TST\" target=\"_blank\" rel=\"noopener\"><\/a><br \/>\n        <a class=\"share-whatsapp\" href=\"https:\/\/web.whatsapp.com\/send?text=http:\/\/www.tst.jus.br\/-\/nova-dire%C3%A7%C3%A3o-da-enamat-%C3%A9-empossada-em-sess%C3%A3o-do-pleno-do-tst\" target=\"_blank\" rel=\"noopener\"><\/a><br \/>\n        <a class=\"share-googleplus\" href=\"https:\/\/plus.google.com\/share?url=http:\/\/www.tst.jus.br\/-\/nova-dire%C3%A7%C3%A3o-da-enamat-%C3%A9-empossada-em-sess%C3%A3o-do-pleno-do-tst\" target=\"_blank\" rel=\"noopener\"><\/a><\/p>\n<p>21\/02\/22 &#8211; O Pleno do Tribunal Superior do Trabalho (TST) deu posse, nesta segunda-feira (21), \u00e0 nova dire\u00e7\u00e3o da Escola Nacional de Forma\u00e7\u00e3o e Aperfei\u00e7oamento de Magistrados do Trabalho (Enamat) para o bi\u00eanio 2022\/2024. O ministro Aloysio Corr\u00eaa da Veiga e o ministro Douglas Alencar assumem, respectivamente, como diretor e vice-diretor da escola.<\/p>\n<p>O ministro Aloysio Corr\u00eaa da Veiga sucede a ministra Dora Maria da Costa, que dirigiu a Enamat no bi\u00eanio 2020-2022. O cargo de vice-diretor, agora ocupado pelo ministro Douglas Alencar Rodrigues, estava vago em decorr\u00eancia do <a href=\"https:\/\/www.tst.jus.br\/web\/guest\/-\/tst-lamenta-profundamente-falecimento-do-ministro-walmir-oliveira-da-costa\" target=\"_blank\" rel=\"noopener\">falecimento do ministro Walmir Oliveira da Costa<\/a>, no ano passado.<\/p>\n<p><strong>Ministro Aloysio Corr\u00eaa da Veiga<\/strong><\/p>\n<p>Nascido em Petr\u00f3polis (RJ), onde se formou em Direito pela Faculdade de Direito da Universidade Cat\u00f3lica de Petr\u00f3polis em 1974, o ministro ingressou na magistratura em 1981, como juiz do trabalho substituto. Em 1997, foi promovido, por merecimento, ao cargo de desembargador do TRT da 1\u00aa Regi\u00e3o (RJ) e, em 2004, tomou posse como ministro do TST, em vaga destinada \u00e0 magistratura. Comp\u00f4s o CNJ, como conselheiro, no bi\u00eanio 2017-2019, e, em 2018, foi designado corregedor nacional de Justi\u00e7a substituto. Exerceu o cargo de corregedor-geral da Justi\u00e7a do Trabalho no \u00faltimo bi\u00eanio (2020-2022), al\u00e9m de j\u00e1 ter sido diretor da Enamat de 2011 a 2013.<\/p>\n<p>Confira o<a href=\"http:\/\/www.tst.jus.br\/web\/guest\/ministros\/-\/asset_publisher\/vKn1\/content\/09-aloysio-correa-da-veiga?inheritRedirect=false&amp;redirect=http%3A%2F%2Fwww.tst.jus.br%2Fweb%2Fguest%2Fministros%3Fp_p_id%3D101_INSTANCE_vKn1%26p_p_lifecycle%3D0%26p_p_state%3Dnormal%26p_p_mode%3Dview%26p_p_col_id%3Dcolumn-2%26p_p_col_count%3D2\" target=\"_blank\" rel=\"noopener\"><strong> <\/strong>perfil completo do ministro<\/a>.<\/p>\n<p><strong>Ministro Douglas Alencar&nbsp;<\/strong><\/p>\n<p>O ministro Douglas Alencar Rodrigues nasceu em Goi\u00e2nia (GO), Bacharel em Direito pela Universidade de Bras\u00edlia (1989), foi aprovado em concurso p\u00fablico para ingresso na carreira da magistratura do trabalho realizado pelo TRT da 15\u00aa Regi\u00e3o, em 1990. Foi indicado pelo TST para compor o Conselho Nacional de Justi\u00e7a (CNJ) no bi\u00eanio 2005-2007 e tomou posse como ministro da em 22 de abril de 2014.<\/p>\n<p>Acesse o <a href=\"http:\/\/www.tst.jus.br\/web\/guest\/ministros\/-\/asset_publisher\/vKn1\/content\/id\/9078140?_com_liferay_asset_publisher_web_portlet_AssetPublisherPortlet_INSTANCE_vKn1_redirect=http%3A%2F%2Fwww.tst.jus.br%2Fweb%2Fguest%2Fministros%3Fp_p_id%3Dcom_liferay_asset_publisher_web_portlet_AssetPublisherPortlet_INSTANCE_vKn1%26p_p_lifecycle%3D0%26p_p_state%3Dnormal%26p_p_mode%3Dview%26_com_liferay_asset_publisher_web_portlet_AssetPublisherPortlet_INSTANCE_vKn1_cur%3D0%26p_r_p_resetCur%3Dfalse%26_com_liferay_asset_publisher_web_portlet_AssetPublisherPortlet_INSTANCE_vKn1_assetEntryId%3D9078140\" target=\"_blank\" rel=\"noopener\">perfil completo do ministro<\/a>.<\/p>\n<p><strong>Conselho Consultivo<\/strong><\/p>\n<p>O novo Conselho Consultivo da Enamat passa a ser composto pelos ministros Mauricio Godinho Delgado, Alexandre de Souza Agra Belmonte e Alexandre Luiz Ramos, pelos desembargadores Wanderley Godoy J\u00fanior, do Tribunal Regional do Trabalho da 12\u00aa Regi\u00e3o (SC), e Pedro In\u00e1cio da Silva, do TRT da 19\u00aa Regi\u00e3o (AL), e do juiz Francisco Pedro Juc\u00e1, do TRT-2 (SP).<\/p>\n<\/p>\n<p>(RR\/AJ)<\/p>\n<p>    $(&#8216;#lightbox-ylui_ .slider-gallery-wrapper img&#8217;).hover(<br \/>\n    function() {<br \/>\n        const $text=$($($(this).parent()).next());<br \/>\n        $text.hasClass(&#8216;inside-description&#8217;) &amp;&amp; $text.fadeTo( &#8220;slow&#8221; , 0);<br \/>\n    }, function() {<br \/>\n        const $text=$($($(this).parent()).next());<br \/>\n        $text.hasClass(&#8216;inside-description&#8217;) &amp;&amp; $text.fadeTo( &#8220;slow&#8221; , 1);<br \/>\n    }<br \/>\n    );<br \/>\n    $(document).ready(function() {<br \/>\n        var ylui_autoplaying=false;<br \/>\n        var ylui_showingLightbox=false;<br \/>\n        const ylui_playPauseControllers=&#8221;#slider-ylui_-playpause, #slider-ylui_-lightbox-playpause&#8221;;<br \/>\n        $(&#8220;#slider-ylui_&#8221;).slick({<br \/>\n            slidesToShow: 1,<br \/>\n            slidesToScroll: 1,<br \/>\n            autoplay: ylui_autoplaying,<br \/>\n            swipeToSlide: false,<br \/>\n            centerMode: false,<br \/>\n            autoplaySpeed: 3000,<br \/>\n            focusOnSelect: true,<br \/>\n            prevArrow:<br \/>\n            &#8221;,<br \/>\n            nextArrow:<br \/>\n            &#8221;,<br \/>\n            centerPadding: &#8220;60px&#8221;,<br \/>\n            responsive: [<br \/>\n                {<br \/>\n                    breakpoint: 767.98,<br \/>\n                    settings: {<br \/>\n                        slidesToShow: 3,<br \/>\n                        adaptiveHeight: true<br \/>\n                    }<br \/>\n                }<br \/>\n            ]<br \/>\n        });<br \/>\n        $(&#8220;#slider-ylui_&#8221;).slickLightbox({<br \/>\n            src: &#8216;src&#8217;,<br \/>\n            itemSelector: &#8216;.galery-image .multimidia-wrapper img&#8217;,<br \/>\n            caption:&#8217;caption&#8217;<br \/>\n        });<br \/>\n    });<br \/>\n<script async src=\"https:\/\/platform.twitter.com\/widgets.js\" charset=\"utf-8\"><\/script><br \/>\n<br \/><i>Com informa\u00e7\u00f5es da assessoria de imprensa do TST.<\/i><br \/>\n<br \/><a href=\"http:\/\/www.tst.jus.br\/web\/guest\/noticias?p_p_id=89Dk&#038;p_p_lifecycle=0&#038;refererPlid=10730&#038;_89Dk_groupId=10157&#038;_89Dk_articleId=28303593\">Fonte<\/a><br \/>\n<br \/><\/p>\n","protected":false},"excerpt":{"rendered":"<p>Os ministros Aloysio Corr\u00eaa da Veiga e Douglas Alencar assumem, respectivamente, como diretor e vice-diretor da escola. 21\/02\/22 &#8211; O Pleno do Tribunal Superior do Trabalho (TST) deu posse, nesta segunda-feira (21), \u00e0 nova dire\u00e7\u00e3o da Escola Nacional de Forma\u00e7\u00e3o e Aperfei\u00e7oamento de Magistrados do Trabalho (Enamat) para o bi\u00eanio 2022\/2024. O ministro Aloysio Corr\u00eaa [&hellip;]<\/p>\n","protected":false},"author":3063,"featured_media":10899,"comment_status":"open","ping_status":"open","sticky":false,"template":"","format":"standard","meta":{"footnotes":""},"categories":[3,21],"tags":[33,216,9,12,217,215],"class_list":{"0":"post-10898","1":"post","2":"type-post","3":"status-publish","4":"format-standard","5":"has-post-thumbnail","7":"category-trabalhista","8":"category-tst","9":"tag-calculos-trabalhistas","10":"tag-direito-trabalhista","11":"tag-pericia","12":"tag-perito","13":"tag-trabalho","14":"tag-tst"},"yoast_head":"<!-- This site is optimized with the Yoast SEO plugin v27.2 - https:\/\/yoast.com\/product\/yoast-seo-wordpress\/ -->\n<title>TST: Nova dire\u00e7\u00e3o da Enamat \u00e9 empossada em sess\u00e3o do Pleno do TST | Portal de Not\u00edcias<\/title>\n<meta name=\"robots\" content=\"index, follow, max-snippet:-1, max-image-preview:large, max-video-preview:-1\" \/>\n<link rel=\"canonical\" href=\"https:\/\/mhcalculos.com.br\/noticias\/area\/trabalhista\/tst-nova-direcao-da-enamat-e-empossada-em-sessao-do-pleno-do-tst.html\" \/>\n<meta property=\"og:locale\" content=\"pt_BR\" \/>\n<meta property=\"og:type\" content=\"article\" \/>\n<meta property=\"og:title\" content=\"TST: Nova dire\u00e7\u00e3o da Enamat \u00e9 empossada em sess\u00e3o do Pleno do TST | Portal de Not\u00edcias\" \/>\n<meta property=\"og:description\" content=\"Os ministros Aloysio Corr\u00eaa da Veiga e Douglas Alencar assumem, respectivamente, como diretor e vice-diretor da escola. 21\/02\/22 &#8211; O Pleno do Tribunal Superior do Trabalho (TST) deu posse, nesta segunda-feira (21), \u00e0 nova dire\u00e7\u00e3o da Escola Nacional de Forma\u00e7\u00e3o e Aperfei\u00e7oamento de Magistrados do Trabalho (Enamat) para o bi\u00eanio 2022\/2024. O ministro Aloysio Corr\u00eaa [&hellip;]\" \/>\n<meta property=\"og:url\" content=\"https:\/\/mhcalculos.com.br\/noticias\/area\/trabalhista\/tst-nova-direcao-da-enamat-e-empossada-em-sessao-do-pleno-do-tst.html\" \/>\n<meta property=\"og:site_name\" content=\"Portal de Not\u00edcias\" \/>\n<meta property=\"article:published_time\" content=\"2022-02-21T22:23:00+00:00\" \/>\n<meta property=\"og:image\" content=\"https:\/\/mhcalculos.com.br\/noticias\/wp-content\/uploads\/sites\/2\/2022\/02\/judiciario-0036.jpg\" \/>\n\t<meta property=\"og:image:width\" content=\"2000\" \/>\n\t<meta property=\"og:image:height\" content=\"800\" \/>\n\t<meta property=\"og:image:type\" content=\"image\/jpeg\" \/>\n<meta name=\"author\" content=\"Equipe MH\" \/>\n<meta name=\"twitter:card\" content=\"summary_large_image\" \/>\n<meta name=\"twitter:label1\" content=\"Escrito por\" \/>\n\t<meta name=\"twitter:data1\" content=\"Equipe MH\" \/>\n\t<meta name=\"twitter:label2\" content=\"Est. tempo de leitura\" \/>\n\t<meta name=\"twitter:data2\" content=\"2 minutos\" \/>\n<script type=\"application\/ld+json\" class=\"yoast-schema-graph\">{\"@context\":\"https:\/\/schema.org\",\"@graph\":[{\"@type\":\"Article\",\"@id\":\"https:\/\/mhcalculos.com.br\/noticias\/area\/trabalhista\/tst-nova-direcao-da-enamat-e-empossada-em-sessao-do-pleno-do-tst.html#article\",\"isPartOf\":{\"@id\":\"https:\/\/mhcalculos.com.br\/noticias\/area\/trabalhista\/tst-nova-direcao-da-enamat-e-empossada-em-sessao-do-pleno-do-tst.html\"},\"author\":{\"name\":\"Equipe MH\",\"@id\":\"https:\/\/mhcalculos.com.br\/noticias\/#\/schema\/person\/88d1c34bf72dc779ea14a5a6b8e0ae8d\"},\"headline\":\"TST: Nova dire\u00e7\u00e3o da Enamat \u00e9 empossada em sess\u00e3o do Pleno do TST\",\"datePublished\":\"2022-02-21T22:23:00+00:00\",\"mainEntityOfPage\":{\"@id\":\"https:\/\/mhcalculos.com.br\/noticias\/area\/trabalhista\/tst-nova-direcao-da-enamat-e-empossada-em-sessao-do-pleno-do-tst.html\"},\"wordCount\":489,\"commentCount\":0,\"image\":{\"@id\":\"https:\/\/mhcalculos.com.br\/noticias\/area\/trabalhista\/tst-nova-direcao-da-enamat-e-empossada-em-sessao-do-pleno-do-tst.html#primaryimage\"},\"thumbnailUrl\":\"https:\/\/mhcalculos.com.br\/noticias\/wp-content\/uploads\/sites\/2\/2022\/02\/judiciario-0036.jpg\",\"keywords\":[\"c\u00e1lculos trabalhistas\",\"direito trabalhista\",\"per\u00edcia\",\"perito\",\"trabalho\",\"TST\"],\"articleSection\":[\"Direito Trabalhista\",\"TST\"],\"inLanguage\":\"pt-BR\",\"potentialAction\":[{\"@type\":\"CommentAction\",\"name\":\"Comment\",\"target\":[\"https:\/\/mhcalculos.com.br\/noticias\/area\/trabalhista\/tst-nova-direcao-da-enamat-e-empossada-em-sessao-do-pleno-do-tst.html#respond\"]}]},{\"@type\":\"WebPage\",\"@id\":\"https:\/\/mhcalculos.com.br\/noticias\/area\/trabalhista\/tst-nova-direcao-da-enamat-e-empossada-em-sessao-do-pleno-do-tst.html\",\"url\":\"https:\/\/mhcalculos.com.br\/noticias\/area\/trabalhista\/tst-nova-direcao-da-enamat-e-empossada-em-sessao-do-pleno-do-tst.html\",\"name\":\"TST: Nova dire\u00e7\u00e3o da Enamat \u00e9 empossada em sess\u00e3o do Pleno do TST | Portal de Not\u00edcias\",\"isPartOf\":{\"@id\":\"https:\/\/mhcalculos.com.br\/noticias\/#website\"},\"primaryImageOfPage\":{\"@id\":\"https:\/\/mhcalculos.com.br\/noticias\/area\/trabalhista\/tst-nova-direcao-da-enamat-e-empossada-em-sessao-do-pleno-do-tst.html#primaryimage\"},\"image\":{\"@id\":\"https:\/\/mhcalculos.com.br\/noticias\/area\/trabalhista\/tst-nova-direcao-da-enamat-e-empossada-em-sessao-do-pleno-do-tst.html#primaryimage\"},\"thumbnailUrl\":\"https:\/\/mhcalculos.com.br\/noticias\/wp-content\/uploads\/sites\/2\/2022\/02\/judiciario-0036.jpg\",\"datePublished\":\"2022-02-21T22:23:00+00:00\",\"author\":{\"@id\":\"https:\/\/mhcalculos.com.br\/noticias\/#\/schema\/person\/88d1c34bf72dc779ea14a5a6b8e0ae8d\"},\"breadcrumb\":{\"@id\":\"https:\/\/mhcalculos.com.br\/noticias\/area\/trabalhista\/tst-nova-direcao-da-enamat-e-empossada-em-sessao-do-pleno-do-tst.html#breadcrumb\"},\"inLanguage\":\"pt-BR\",\"potentialAction\":[{\"@type\":\"ReadAction\",\"target\":[\"https:\/\/mhcalculos.com.br\/noticias\/area\/trabalhista\/tst-nova-direcao-da-enamat-e-empossada-em-sessao-do-pleno-do-tst.html\"]}]},{\"@type\":\"ImageObject\",\"inLanguage\":\"pt-BR\",\"@id\":\"https:\/\/mhcalculos.com.br\/noticias\/area\/trabalhista\/tst-nova-direcao-da-enamat-e-empossada-em-sessao-do-pleno-do-tst.html#primaryimage\",\"url\":\"https:\/\/mhcalculos.com.br\/noticias\/wp-content\/uploads\/sites\/2\/2022\/02\/judiciario-0036.jpg\",\"contentUrl\":\"https:\/\/mhcalculos.com.br\/noticias\/wp-content\/uploads\/sites\/2\/2022\/02\/judiciario-0036.jpg\",\"width\":2000,\"height\":800},{\"@type\":\"BreadcrumbList\",\"@id\":\"https:\/\/mhcalculos.com.br\/noticias\/area\/trabalhista\/tst-nova-direcao-da-enamat-e-empossada-em-sessao-do-pleno-do-tst.html#breadcrumb\",\"itemListElement\":[{\"@type\":\"ListItem\",\"position\":1,\"name\":\"In\u00edcio\",\"item\":\"https:\/\/mhcalculos.com.br\/noticias\/\"},{\"@type\":\"ListItem\",\"position\":2,\"name\":\"TST: Nova dire\u00e7\u00e3o da Enamat \u00e9 empossada em sess\u00e3o do Pleno do TST\"}]},{\"@type\":\"WebSite\",\"@id\":\"https:\/\/mhcalculos.com.br\/noticias\/#website\",\"url\":\"https:\/\/mhcalculos.com.br\/noticias\/\",\"name\":\"Portal de Not\u00edcias\",\"description\":\"Not\u00edcias e Jurisprud\u00eancia\",\"potentialAction\":[{\"@type\":\"SearchAction\",\"target\":{\"@type\":\"EntryPoint\",\"urlTemplate\":\"https:\/\/mhcalculos.com.br\/noticias\/?s={search_term_string}\"},\"query-input\":{\"@type\":\"PropertyValueSpecification\",\"valueRequired\":true,\"valueName\":\"search_term_string\"}}],\"inLanguage\":\"pt-BR\"},{\"@type\":\"Person\",\"@id\":\"https:\/\/mhcalculos.com.br\/noticias\/#\/schema\/person\/88d1c34bf72dc779ea14a5a6b8e0ae8d\",\"name\":\"Equipe MH\",\"image\":{\"@type\":\"ImageObject\",\"inLanguage\":\"pt-BR\",\"@id\":\"https:\/\/secure.gravatar.com\/avatar\/de1c686c2ecc9c5a3f327e3431d819eb39f8f05d4e1045f5a1caad6daaba987f?s=96&d=mm&r=g\",\"url\":\"https:\/\/secure.gravatar.com\/avatar\/de1c686c2ecc9c5a3f327e3431d819eb39f8f05d4e1045f5a1caad6daaba987f?s=96&d=mm&r=g\",\"contentUrl\":\"https:\/\/secure.gravatar.com\/avatar\/de1c686c2ecc9c5a3f327e3431d819eb39f8f05d4e1045f5a1caad6daaba987f?s=96&d=mm&r=g\",\"caption\":\"Equipe MH\"}}]}<\/script>\n<!-- \/ Yoast SEO plugin. -->","yoast_head_json":{"title":"TST: Nova dire\u00e7\u00e3o da Enamat \u00e9 empossada em sess\u00e3o do Pleno do TST | Portal de Not\u00edcias","robots":{"index":"index","follow":"follow","max-snippet":"max-snippet:-1","max-image-preview":"max-image-preview:large","max-video-preview":"max-video-preview:-1"},"canonical":"https:\/\/mhcalculos.com.br\/noticias\/area\/trabalhista\/tst-nova-direcao-da-enamat-e-empossada-em-sessao-do-pleno-do-tst.html","og_locale":"pt_BR","og_type":"article","og_title":"TST: Nova dire\u00e7\u00e3o da Enamat \u00e9 empossada em sess\u00e3o do Pleno do TST | Portal de Not\u00edcias","og_description":"Os ministros Aloysio Corr\u00eaa da Veiga e Douglas Alencar assumem, respectivamente, como diretor e vice-diretor da escola. 21\/02\/22 &#8211; O Pleno do Tribunal Superior do Trabalho (TST) deu posse, nesta segunda-feira (21), \u00e0 nova dire\u00e7\u00e3o da Escola Nacional de Forma\u00e7\u00e3o e Aperfei\u00e7oamento de Magistrados do Trabalho (Enamat) para o bi\u00eanio 2022\/2024. O ministro Aloysio Corr\u00eaa [&hellip;]","og_url":"https:\/\/mhcalculos.com.br\/noticias\/area\/trabalhista\/tst-nova-direcao-da-enamat-e-empossada-em-sessao-do-pleno-do-tst.html","og_site_name":"Portal de Not\u00edcias","article_published_time":"2022-02-21T22:23:00+00:00","og_image":[{"width":2000,"height":800,"url":"https:\/\/mhcalculos.com.br\/noticias\/wp-content\/uploads\/sites\/2\/2022\/02\/judiciario-0036.jpg","type":"image\/jpeg"}],"author":"Equipe MH","twitter_card":"summary_large_image","twitter_misc":{"Escrito por":"Equipe MH","Est. tempo de leitura":"2 minutos"},"schema":{"@context":"https:\/\/schema.org","@graph":[{"@type":"Article","@id":"https:\/\/mhcalculos.com.br\/noticias\/area\/trabalhista\/tst-nova-direcao-da-enamat-e-empossada-em-sessao-do-pleno-do-tst.html#article","isPartOf":{"@id":"https:\/\/mhcalculos.com.br\/noticias\/area\/trabalhista\/tst-nova-direcao-da-enamat-e-empossada-em-sessao-do-pleno-do-tst.html"},"author":{"name":"Equipe MH","@id":"https:\/\/mhcalculos.com.br\/noticias\/#\/schema\/person\/88d1c34bf72dc779ea14a5a6b8e0ae8d"},"headline":"TST: Nova dire\u00e7\u00e3o da Enamat \u00e9 empossada em sess\u00e3o do Pleno do TST","datePublished":"2022-02-21T22:23:00+00:00","mainEntityOfPage":{"@id":"https:\/\/mhcalculos.com.br\/noticias\/area\/trabalhista\/tst-nova-direcao-da-enamat-e-empossada-em-sessao-do-pleno-do-tst.html"},"wordCount":489,"commentCount":0,"image":{"@id":"https:\/\/mhcalculos.com.br\/noticias\/area\/trabalhista\/tst-nova-direcao-da-enamat-e-empossada-em-sessao-do-pleno-do-tst.html#primaryimage"},"thumbnailUrl":"https:\/\/mhcalculos.com.br\/noticias\/wp-content\/uploads\/sites\/2\/2022\/02\/judiciario-0036.jpg","keywords":["c\u00e1lculos trabalhistas","direito trabalhista","per\u00edcia","perito","trabalho","TST"],"articleSection":["Direito Trabalhista","TST"],"inLanguage":"pt-BR","potentialAction":[{"@type":"CommentAction","name":"Comment","target":["https:\/\/mhcalculos.com.br\/noticias\/area\/trabalhista\/tst-nova-direcao-da-enamat-e-empossada-em-sessao-do-pleno-do-tst.html#respond"]}]},{"@type":"WebPage","@id":"https:\/\/mhcalculos.com.br\/noticias\/area\/trabalhista\/tst-nova-direcao-da-enamat-e-empossada-em-sessao-do-pleno-do-tst.html","url":"https:\/\/mhcalculos.com.br\/noticias\/area\/trabalhista\/tst-nova-direcao-da-enamat-e-empossada-em-sessao-do-pleno-do-tst.html","name":"TST: Nova dire\u00e7\u00e3o da Enamat \u00e9 empossada em sess\u00e3o do Pleno do TST | Portal de Not\u00edcias","isPartOf":{"@id":"https:\/\/mhcalculos.com.br\/noticias\/#website"},"primaryImageOfPage":{"@id":"https:\/\/mhcalculos.com.br\/noticias\/area\/trabalhista\/tst-nova-direcao-da-enamat-e-empossada-em-sessao-do-pleno-do-tst.html#primaryimage"},"image":{"@id":"https:\/\/mhcalculos.com.br\/noticias\/area\/trabalhista\/tst-nova-direcao-da-enamat-e-empossada-em-sessao-do-pleno-do-tst.html#primaryimage"},"thumbnailUrl":"https:\/\/mhcalculos.com.br\/noticias\/wp-content\/uploads\/sites\/2\/2022\/02\/judiciario-0036.jpg","datePublished":"2022-02-21T22:23:00+00:00","author":{"@id":"https:\/\/mhcalculos.com.br\/noticias\/#\/schema\/person\/88d1c34bf72dc779ea14a5a6b8e0ae8d"},"breadcrumb":{"@id":"https:\/\/mhcalculos.com.br\/noticias\/area\/trabalhista\/tst-nova-direcao-da-enamat-e-empossada-em-sessao-do-pleno-do-tst.html#breadcrumb"},"inLanguage":"pt-BR","potentialAction":[{"@type":"ReadAction","target":["https:\/\/mhcalculos.com.br\/noticias\/area\/trabalhista\/tst-nova-direcao-da-enamat-e-empossada-em-sessao-do-pleno-do-tst.html"]}]},{"@type":"ImageObject","inLanguage":"pt-BR","@id":"https:\/\/mhcalculos.com.br\/noticias\/area\/trabalhista\/tst-nova-direcao-da-enamat-e-empossada-em-sessao-do-pleno-do-tst.html#primaryimage","url":"https:\/\/mhcalculos.com.br\/noticias\/wp-content\/uploads\/sites\/2\/2022\/02\/judiciario-0036.jpg","contentUrl":"https:\/\/mhcalculos.com.br\/noticias\/wp-content\/uploads\/sites\/2\/2022\/02\/judiciario-0036.jpg","width":2000,"height":800},{"@type":"BreadcrumbList","@id":"https:\/\/mhcalculos.com.br\/noticias\/area\/trabalhista\/tst-nova-direcao-da-enamat-e-empossada-em-sessao-do-pleno-do-tst.html#breadcrumb","itemListElement":[{"@type":"ListItem","position":1,"name":"In\u00edcio","item":"https:\/\/mhcalculos.com.br\/noticias\/"},{"@type":"ListItem","position":2,"name":"TST: Nova dire\u00e7\u00e3o da Enamat \u00e9 empossada em sess\u00e3o do Pleno do TST"}]},{"@type":"WebSite","@id":"https:\/\/mhcalculos.com.br\/noticias\/#website","url":"https:\/\/mhcalculos.com.br\/noticias\/","name":"Portal de Not\u00edcias","description":"Not\u00edcias e Jurisprud\u00eancia","potentialAction":[{"@type":"SearchAction","target":{"@type":"EntryPoint","urlTemplate":"https:\/\/mhcalculos.com.br\/noticias\/?s={search_term_string}"},"query-input":{"@type":"PropertyValueSpecification","valueRequired":true,"valueName":"search_term_string"}}],"inLanguage":"pt-BR"},{"@type":"Person","@id":"https:\/\/mhcalculos.com.br\/noticias\/#\/schema\/person\/88d1c34bf72dc779ea14a5a6b8e0ae8d","name":"Equipe MH","image":{"@type":"ImageObject","inLanguage":"pt-BR","@id":"https:\/\/secure.gravatar.com\/avatar\/de1c686c2ecc9c5a3f327e3431d819eb39f8f05d4e1045f5a1caad6daaba987f?s=96&d=mm&r=g","url":"https:\/\/secure.gravatar.com\/avatar\/de1c686c2ecc9c5a3f327e3431d819eb39f8f05d4e1045f5a1caad6daaba987f?s=96&d=mm&r=g","contentUrl":"https:\/\/secure.gravatar.com\/avatar\/de1c686c2ecc9c5a3f327e3431d819eb39f8f05d4e1045f5a1caad6daaba987f?s=96&d=mm&r=g","caption":"Equipe MH"}}]}},"_links":{"self":[{"href":"https:\/\/mhcalculos.com.br\/noticias\/wp-json\/wp\/v2\/posts\/10898","targetHints":{"allow":["GET"]}}],"collection":[{"href":"https:\/\/mhcalculos.com.br\/noticias\/wp-json\/wp\/v2\/posts"}],"about":[{"href":"https:\/\/mhcalculos.com.br\/noticias\/wp-json\/wp\/v2\/types\/post"}],"author":[{"embeddable":true,"href":"https:\/\/mhcalculos.com.br\/noticias\/wp-json\/wp\/v2\/users\/3063"}],"replies":[{"embeddable":true,"href":"https:\/\/mhcalculos.com.br\/noticias\/wp-json\/wp\/v2\/comments?post=10898"}],"version-history":[{"count":0,"href":"https:\/\/mhcalculos.com.br\/noticias\/wp-json\/wp\/v2\/posts\/10898\/revisions"}],"wp:featuredmedia":[{"embeddable":true,"href":"https:\/\/mhcalculos.com.br\/noticias\/wp-json\/wp\/v2\/media\/10899"}],"wp:attachment":[{"href":"https:\/\/mhcalculos.com.br\/noticias\/wp-json\/wp\/v2\/media?parent=10898"}],"wp:term":[{"taxonomy":"category","embeddable":true,"href":"https:\/\/mhcalculos.com.br\/noticias\/wp-json\/wp\/v2\/categories?post=10898"},{"taxonomy":"post_tag","embeddable":true,"href":"https:\/\/mhcalculos.com.br\/noticias\/wp-json\/wp\/v2\/tags?post=10898"}],"curies":[{"name":"wp","href":"https:\/\/api.w.org\/{rel}","templated":true}]}}