{"id":10895,"date":"2022-02-21T18:43:00","date_gmt":"2022-02-21T21:43:00","guid":{"rendered":"https:\/\/mhcalculos.com.br\/noticias\/area\/trabalhista\/tst-ministro-emmanoel-pereira-assume-a-presidencia-do-tribunal-e-do-csjt.html"},"modified":"2022-02-21T18:43:00","modified_gmt":"2022-02-21T21:43:00","slug":"tst-ministro-emmanoel-pereira-assume-a-presidencia-do-tribunal-e-do-csjt","status":"publish","type":"post","link":"https:\/\/mhcalculos.com.br\/noticias\/area\/trabalhista\/tst-ministro-emmanoel-pereira-assume-a-presidencia-do-tribunal-e-do-csjt.html","title":{"rendered":"TST: Ministro Emmanoel Pereira assume a presid\u00eancia do Tribunal&nbsp;e do CSJT"},"content":{"rendered":"<p><br \/>\n<\/p>\n<p>Veja os destaques dessa edi\u00e7\u00e3o:<\/p>\n<p>(00:52) A Subse\u00e7\u00e3o I Especializada em Diss\u00eddios Individuais do Tribunal Superior do Trabalho rejeitou um recurso da Caixa Econ\u00f4mica Federal por entender que sua interposi\u00e7\u00e3o se deu fora do prazo. Para a maioria do colegiado, a refer\u00eancia para a contagem do prazo recursal deve ser a publica\u00e7\u00e3o da decis\u00e3o no Di\u00e1rio Eletr\u00f4nico da Justi\u00e7a do Trabalho (DEJT), e n\u00e3o a intima\u00e7\u00e3o pelo Processo Judicial Eletr\u00f4nico (PJe).<\/p>\n<p>(05:18) A Segunda Turma do TST decidiu que um engenheiro respons\u00e1vel por obras n\u00e3o tem direito a horas extras. Na Justi\u00e7a, o engenheiro alegou que embora fosse o respons\u00e1vel pela execu\u00e7\u00e3o de algumas obras, n\u00e3o tinha poder de mando ou gest\u00e3o.<\/p>\n<p>(07:07) A Sexta Turma decidiu que a ind\u00fastria de cal\u00e7ados Arezzo dever\u00e1 pagar valores de lanches n\u00e3o fornecidos a um modelista. (08:30) Tinturaria dever\u00e1 pagar indeniza\u00e7\u00e3o por danos morais e est\u00e9ticos a um auxiliar v\u00edtima de acidente no primeiro dia de trabalho. A decis\u00e3o \u00e9 da S\u00e9tima Turma.<\/p>\n<p>(10:31) O Tribunal Pleno elaborou lista tr\u00edplice para vaga de ministro do TST destinada \u00e0 magistratura, decorrente da aposentadoria do ministro Alberto Bresciani. Comp\u00f5em a lista os desembargadores S\u00e9rgio Pinto Martins, Francisco Rossal de Ara\u00fajo e Wolney de Macedo Cordeiro.<\/p>\n<p>(13:04) A Corregedoria-geral da Justi\u00e7a do Trabalho, a Enamat e o Cefast realizaram o semin\u00e1rio \u201cPrecat\u00f3rios na Justi\u00e7a do Trabalho: atualidades e perspectivas\u201d.<\/p>\n<p>(14:00) O Ministro Emmanoel Pereira assumiu a presid\u00eancia do TST e do CSJT. A sess\u00e3o solene de posse da nova dire\u00e7\u00e3o foi realizada de forma h\u00edbrida e teve a participa\u00e7\u00e3o de autoridades dos tr\u00eas Poderes da Rep\u00fablica.<\/p>\n<p><i>Com informa\u00e7\u00f5es da assessoria de imprensa do TST.<\/i><br \/>\n<br \/><a href=\"http:\/\/www.tst.jus.br\/web\/guest\/noticias?p_p_id=89Dk&#038;p_p_lifecycle=0&#038;refererPlid=10730&#038;_89Dk_groupId=10157&#038;_89Dk_articleId=28303754\">Fonte<\/a><br \/>\n<br \/><\/p>\n","protected":false},"excerpt":{"rendered":"<p>Veja os destaques dessa edi\u00e7\u00e3o: (00:52) A Subse\u00e7\u00e3o I Especializada em Diss\u00eddios Individuais do Tribunal Superior do Trabalho rejeitou um recurso da Caixa Econ\u00f4mica Federal por entender que sua interposi\u00e7\u00e3o se deu fora do prazo. Para a maioria do colegiado, a refer\u00eancia para a contagem do prazo recursal deve ser a publica\u00e7\u00e3o da decis\u00e3o no [&hellip;]<\/p>\n","protected":false},"author":3063,"featured_media":10896,"comment_status":"open","ping_status":"open","sticky":false,"template":"","format":"standard","meta":{"footnotes":""},"categories":[3,21],"tags":[33,216,9,12,217,215],"class_list":{"0":"post-10895","1":"post","2":"type-post","3":"status-publish","4":"format-standard","5":"has-post-thumbnail","7":"category-trabalhista","8":"category-tst","9":"tag-calculos-trabalhistas","10":"tag-direito-trabalhista","11":"tag-pericia","12":"tag-perito","13":"tag-trabalho","14":"tag-tst"},"yoast_head":"<!-- This site is optimized with the Yoast SEO plugin v27.2 - https:\/\/yoast.com\/product\/yoast-seo-wordpress\/ -->\n<title>TST: Ministro Emmanoel Pereira assume a presid\u00eancia do Tribunal&nbsp;e do CSJT | Portal de Not\u00edcias<\/title>\n<meta name=\"robots\" content=\"index, follow, max-snippet:-1, max-image-preview:large, max-video-preview:-1\" \/>\n<link rel=\"canonical\" href=\"https:\/\/mhcalculos.com.br\/noticias\/area\/trabalhista\/tst-ministro-emmanoel-pereira-assume-a-presidencia-do-tribunal-e-do-csjt.html\" \/>\n<meta property=\"og:locale\" content=\"pt_BR\" \/>\n<meta property=\"og:type\" content=\"article\" \/>\n<meta property=\"og:title\" content=\"TST: Ministro Emmanoel Pereira assume a presid\u00eancia do Tribunal&nbsp;e do CSJT | Portal de Not\u00edcias\" \/>\n<meta property=\"og:description\" content=\"Veja os destaques dessa edi\u00e7\u00e3o: (00:52) A Subse\u00e7\u00e3o I Especializada em Diss\u00eddios Individuais do Tribunal Superior do Trabalho rejeitou um recurso da Caixa Econ\u00f4mica Federal por entender que sua interposi\u00e7\u00e3o se deu fora do prazo. Para a maioria do colegiado, a refer\u00eancia para a contagem do prazo recursal deve ser a publica\u00e7\u00e3o da decis\u00e3o no [&hellip;]\" \/>\n<meta property=\"og:url\" content=\"https:\/\/mhcalculos.com.br\/noticias\/area\/trabalhista\/tst-ministro-emmanoel-pereira-assume-a-presidencia-do-tribunal-e-do-csjt.html\" \/>\n<meta property=\"og:site_name\" content=\"Portal de Not\u00edcias\" \/>\n<meta property=\"article:published_time\" content=\"2022-02-21T21:43:00+00:00\" \/>\n<meta property=\"og:image\" content=\"https:\/\/mhcalculos.com.br\/noticias\/wp-content\/uploads\/sites\/2\/2022\/02\/judiciario-0021.jpg\" \/>\n\t<meta property=\"og:image:width\" content=\"2000\" \/>\n\t<meta property=\"og:image:height\" content=\"800\" \/>\n\t<meta property=\"og:image:type\" content=\"image\/jpeg\" \/>\n<meta name=\"author\" content=\"Equipe MH\" \/>\n<meta name=\"twitter:card\" content=\"summary_large_image\" \/>\n<meta name=\"twitter:label1\" content=\"Escrito por\" \/>\n\t<meta name=\"twitter:data1\" content=\"Equipe MH\" \/>\n\t<meta name=\"twitter:label2\" content=\"Est. tempo de leitura\" \/>\n\t<meta name=\"twitter:data2\" content=\"2 minutos\" \/>\n<script type=\"application\/ld+json\" class=\"yoast-schema-graph\">{\"@context\":\"https:\/\/schema.org\",\"@graph\":[{\"@type\":\"Article\",\"@id\":\"https:\/\/mhcalculos.com.br\/noticias\/area\/trabalhista\/tst-ministro-emmanoel-pereira-assume-a-presidencia-do-tribunal-e-do-csjt.html#article\",\"isPartOf\":{\"@id\":\"https:\/\/mhcalculos.com.br\/noticias\/area\/trabalhista\/tst-ministro-emmanoel-pereira-assume-a-presidencia-do-tribunal-e-do-csjt.html\"},\"author\":{\"name\":\"Equipe MH\",\"@id\":\"https:\/\/mhcalculos.com.br\/noticias\/#\/schema\/person\/88d1c34bf72dc779ea14a5a6b8e0ae8d\"},\"headline\":\"TST: Ministro Emmanoel Pereira assume a presid\u00eancia do Tribunal&nbsp;e do CSJT\",\"datePublished\":\"2022-02-21T21:43:00+00:00\",\"mainEntityOfPage\":{\"@id\":\"https:\/\/mhcalculos.com.br\/noticias\/area\/trabalhista\/tst-ministro-emmanoel-pereira-assume-a-presidencia-do-tribunal-e-do-csjt.html\"},\"wordCount\":321,\"commentCount\":0,\"image\":{\"@id\":\"https:\/\/mhcalculos.com.br\/noticias\/area\/trabalhista\/tst-ministro-emmanoel-pereira-assume-a-presidencia-do-tribunal-e-do-csjt.html#primaryimage\"},\"thumbnailUrl\":\"https:\/\/mhcalculos.com.br\/noticias\/wp-content\/uploads\/sites\/2\/2022\/02\/judiciario-0021.jpg\",\"keywords\":[\"c\u00e1lculos trabalhistas\",\"direito trabalhista\",\"per\u00edcia\",\"perito\",\"trabalho\",\"TST\"],\"articleSection\":[\"Direito Trabalhista\",\"TST\"],\"inLanguage\":\"pt-BR\",\"potentialAction\":[{\"@type\":\"CommentAction\",\"name\":\"Comment\",\"target\":[\"https:\/\/mhcalculos.com.br\/noticias\/area\/trabalhista\/tst-ministro-emmanoel-pereira-assume-a-presidencia-do-tribunal-e-do-csjt.html#respond\"]}]},{\"@type\":\"WebPage\",\"@id\":\"https:\/\/mhcalculos.com.br\/noticias\/area\/trabalhista\/tst-ministro-emmanoel-pereira-assume-a-presidencia-do-tribunal-e-do-csjt.html\",\"url\":\"https:\/\/mhcalculos.com.br\/noticias\/area\/trabalhista\/tst-ministro-emmanoel-pereira-assume-a-presidencia-do-tribunal-e-do-csjt.html\",\"name\":\"TST: Ministro Emmanoel Pereira assume a presid\u00eancia do Tribunal&nbsp;e do CSJT | Portal de Not\u00edcias\",\"isPartOf\":{\"@id\":\"https:\/\/mhcalculos.com.br\/noticias\/#website\"},\"primaryImageOfPage\":{\"@id\":\"https:\/\/mhcalculos.com.br\/noticias\/area\/trabalhista\/tst-ministro-emmanoel-pereira-assume-a-presidencia-do-tribunal-e-do-csjt.html#primaryimage\"},\"image\":{\"@id\":\"https:\/\/mhcalculos.com.br\/noticias\/area\/trabalhista\/tst-ministro-emmanoel-pereira-assume-a-presidencia-do-tribunal-e-do-csjt.html#primaryimage\"},\"thumbnailUrl\":\"https:\/\/mhcalculos.com.br\/noticias\/wp-content\/uploads\/sites\/2\/2022\/02\/judiciario-0021.jpg\",\"datePublished\":\"2022-02-21T21:43:00+00:00\",\"author\":{\"@id\":\"https:\/\/mhcalculos.com.br\/noticias\/#\/schema\/person\/88d1c34bf72dc779ea14a5a6b8e0ae8d\"},\"breadcrumb\":{\"@id\":\"https:\/\/mhcalculos.com.br\/noticias\/area\/trabalhista\/tst-ministro-emmanoel-pereira-assume-a-presidencia-do-tribunal-e-do-csjt.html#breadcrumb\"},\"inLanguage\":\"pt-BR\",\"potentialAction\":[{\"@type\":\"ReadAction\",\"target\":[\"https:\/\/mhcalculos.com.br\/noticias\/area\/trabalhista\/tst-ministro-emmanoel-pereira-assume-a-presidencia-do-tribunal-e-do-csjt.html\"]}]},{\"@type\":\"ImageObject\",\"inLanguage\":\"pt-BR\",\"@id\":\"https:\/\/mhcalculos.com.br\/noticias\/area\/trabalhista\/tst-ministro-emmanoel-pereira-assume-a-presidencia-do-tribunal-e-do-csjt.html#primaryimage\",\"url\":\"https:\/\/mhcalculos.com.br\/noticias\/wp-content\/uploads\/sites\/2\/2022\/02\/judiciario-0021.jpg\",\"contentUrl\":\"https:\/\/mhcalculos.com.br\/noticias\/wp-content\/uploads\/sites\/2\/2022\/02\/judiciario-0021.jpg\",\"width\":2000,\"height\":800},{\"@type\":\"BreadcrumbList\",\"@id\":\"https:\/\/mhcalculos.com.br\/noticias\/area\/trabalhista\/tst-ministro-emmanoel-pereira-assume-a-presidencia-do-tribunal-e-do-csjt.html#breadcrumb\",\"itemListElement\":[{\"@type\":\"ListItem\",\"position\":1,\"name\":\"In\u00edcio\",\"item\":\"https:\/\/mhcalculos.com.br\/noticias\/\"},{\"@type\":\"ListItem\",\"position\":2,\"name\":\"TST: Ministro Emmanoel Pereira assume a presid\u00eancia do Tribunal&nbsp;e do CSJT\"}]},{\"@type\":\"WebSite\",\"@id\":\"https:\/\/mhcalculos.com.br\/noticias\/#website\",\"url\":\"https:\/\/mhcalculos.com.br\/noticias\/\",\"name\":\"Portal de Not\u00edcias\",\"description\":\"Not\u00edcias e Jurisprud\u00eancia\",\"potentialAction\":[{\"@type\":\"SearchAction\",\"target\":{\"@type\":\"EntryPoint\",\"urlTemplate\":\"https:\/\/mhcalculos.com.br\/noticias\/?s={search_term_string}\"},\"query-input\":{\"@type\":\"PropertyValueSpecification\",\"valueRequired\":true,\"valueName\":\"search_term_string\"}}],\"inLanguage\":\"pt-BR\"},{\"@type\":\"Person\",\"@id\":\"https:\/\/mhcalculos.com.br\/noticias\/#\/schema\/person\/88d1c34bf72dc779ea14a5a6b8e0ae8d\",\"name\":\"Equipe MH\",\"image\":{\"@type\":\"ImageObject\",\"inLanguage\":\"pt-BR\",\"@id\":\"https:\/\/secure.gravatar.com\/avatar\/de1c686c2ecc9c5a3f327e3431d819eb39f8f05d4e1045f5a1caad6daaba987f?s=96&d=mm&r=g\",\"url\":\"https:\/\/secure.gravatar.com\/avatar\/de1c686c2ecc9c5a3f327e3431d819eb39f8f05d4e1045f5a1caad6daaba987f?s=96&d=mm&r=g\",\"contentUrl\":\"https:\/\/secure.gravatar.com\/avatar\/de1c686c2ecc9c5a3f327e3431d819eb39f8f05d4e1045f5a1caad6daaba987f?s=96&d=mm&r=g\",\"caption\":\"Equipe MH\"}}]}<\/script>\n<!-- \/ Yoast SEO plugin. -->","yoast_head_json":{"title":"TST: Ministro Emmanoel Pereira assume a presid\u00eancia do Tribunal&nbsp;e do CSJT | Portal de Not\u00edcias","robots":{"index":"index","follow":"follow","max-snippet":"max-snippet:-1","max-image-preview":"max-image-preview:large","max-video-preview":"max-video-preview:-1"},"canonical":"https:\/\/mhcalculos.com.br\/noticias\/area\/trabalhista\/tst-ministro-emmanoel-pereira-assume-a-presidencia-do-tribunal-e-do-csjt.html","og_locale":"pt_BR","og_type":"article","og_title":"TST: Ministro Emmanoel Pereira assume a presid\u00eancia do Tribunal&nbsp;e do CSJT | Portal de Not\u00edcias","og_description":"Veja os destaques dessa edi\u00e7\u00e3o: (00:52) A Subse\u00e7\u00e3o I Especializada em Diss\u00eddios Individuais do Tribunal Superior do Trabalho rejeitou um recurso da Caixa Econ\u00f4mica Federal por entender que sua interposi\u00e7\u00e3o se deu fora do prazo. Para a maioria do colegiado, a refer\u00eancia para a contagem do prazo recursal deve ser a publica\u00e7\u00e3o da decis\u00e3o no [&hellip;]","og_url":"https:\/\/mhcalculos.com.br\/noticias\/area\/trabalhista\/tst-ministro-emmanoel-pereira-assume-a-presidencia-do-tribunal-e-do-csjt.html","og_site_name":"Portal de Not\u00edcias","article_published_time":"2022-02-21T21:43:00+00:00","og_image":[{"width":2000,"height":800,"url":"https:\/\/mhcalculos.com.br\/noticias\/wp-content\/uploads\/sites\/2\/2022\/02\/judiciario-0021.jpg","type":"image\/jpeg"}],"author":"Equipe MH","twitter_card":"summary_large_image","twitter_misc":{"Escrito por":"Equipe MH","Est. tempo de leitura":"2 minutos"},"schema":{"@context":"https:\/\/schema.org","@graph":[{"@type":"Article","@id":"https:\/\/mhcalculos.com.br\/noticias\/area\/trabalhista\/tst-ministro-emmanoel-pereira-assume-a-presidencia-do-tribunal-e-do-csjt.html#article","isPartOf":{"@id":"https:\/\/mhcalculos.com.br\/noticias\/area\/trabalhista\/tst-ministro-emmanoel-pereira-assume-a-presidencia-do-tribunal-e-do-csjt.html"},"author":{"name":"Equipe MH","@id":"https:\/\/mhcalculos.com.br\/noticias\/#\/schema\/person\/88d1c34bf72dc779ea14a5a6b8e0ae8d"},"headline":"TST: Ministro Emmanoel Pereira assume a presid\u00eancia do Tribunal&nbsp;e do CSJT","datePublished":"2022-02-21T21:43:00+00:00","mainEntityOfPage":{"@id":"https:\/\/mhcalculos.com.br\/noticias\/area\/trabalhista\/tst-ministro-emmanoel-pereira-assume-a-presidencia-do-tribunal-e-do-csjt.html"},"wordCount":321,"commentCount":0,"image":{"@id":"https:\/\/mhcalculos.com.br\/noticias\/area\/trabalhista\/tst-ministro-emmanoel-pereira-assume-a-presidencia-do-tribunal-e-do-csjt.html#primaryimage"},"thumbnailUrl":"https:\/\/mhcalculos.com.br\/noticias\/wp-content\/uploads\/sites\/2\/2022\/02\/judiciario-0021.jpg","keywords":["c\u00e1lculos trabalhistas","direito trabalhista","per\u00edcia","perito","trabalho","TST"],"articleSection":["Direito Trabalhista","TST"],"inLanguage":"pt-BR","potentialAction":[{"@type":"CommentAction","name":"Comment","target":["https:\/\/mhcalculos.com.br\/noticias\/area\/trabalhista\/tst-ministro-emmanoel-pereira-assume-a-presidencia-do-tribunal-e-do-csjt.html#respond"]}]},{"@type":"WebPage","@id":"https:\/\/mhcalculos.com.br\/noticias\/area\/trabalhista\/tst-ministro-emmanoel-pereira-assume-a-presidencia-do-tribunal-e-do-csjt.html","url":"https:\/\/mhcalculos.com.br\/noticias\/area\/trabalhista\/tst-ministro-emmanoel-pereira-assume-a-presidencia-do-tribunal-e-do-csjt.html","name":"TST: Ministro Emmanoel Pereira assume a presid\u00eancia do Tribunal&nbsp;e do CSJT | Portal de Not\u00edcias","isPartOf":{"@id":"https:\/\/mhcalculos.com.br\/noticias\/#website"},"primaryImageOfPage":{"@id":"https:\/\/mhcalculos.com.br\/noticias\/area\/trabalhista\/tst-ministro-emmanoel-pereira-assume-a-presidencia-do-tribunal-e-do-csjt.html#primaryimage"},"image":{"@id":"https:\/\/mhcalculos.com.br\/noticias\/area\/trabalhista\/tst-ministro-emmanoel-pereira-assume-a-presidencia-do-tribunal-e-do-csjt.html#primaryimage"},"thumbnailUrl":"https:\/\/mhcalculos.com.br\/noticias\/wp-content\/uploads\/sites\/2\/2022\/02\/judiciario-0021.jpg","datePublished":"2022-02-21T21:43:00+00:00","author":{"@id":"https:\/\/mhcalculos.com.br\/noticias\/#\/schema\/person\/88d1c34bf72dc779ea14a5a6b8e0ae8d"},"breadcrumb":{"@id":"https:\/\/mhcalculos.com.br\/noticias\/area\/trabalhista\/tst-ministro-emmanoel-pereira-assume-a-presidencia-do-tribunal-e-do-csjt.html#breadcrumb"},"inLanguage":"pt-BR","potentialAction":[{"@type":"ReadAction","target":["https:\/\/mhcalculos.com.br\/noticias\/area\/trabalhista\/tst-ministro-emmanoel-pereira-assume-a-presidencia-do-tribunal-e-do-csjt.html"]}]},{"@type":"ImageObject","inLanguage":"pt-BR","@id":"https:\/\/mhcalculos.com.br\/noticias\/area\/trabalhista\/tst-ministro-emmanoel-pereira-assume-a-presidencia-do-tribunal-e-do-csjt.html#primaryimage","url":"https:\/\/mhcalculos.com.br\/noticias\/wp-content\/uploads\/sites\/2\/2022\/02\/judiciario-0021.jpg","contentUrl":"https:\/\/mhcalculos.com.br\/noticias\/wp-content\/uploads\/sites\/2\/2022\/02\/judiciario-0021.jpg","width":2000,"height":800},{"@type":"BreadcrumbList","@id":"https:\/\/mhcalculos.com.br\/noticias\/area\/trabalhista\/tst-ministro-emmanoel-pereira-assume-a-presidencia-do-tribunal-e-do-csjt.html#breadcrumb","itemListElement":[{"@type":"ListItem","position":1,"name":"In\u00edcio","item":"https:\/\/mhcalculos.com.br\/noticias\/"},{"@type":"ListItem","position":2,"name":"TST: Ministro Emmanoel Pereira assume a presid\u00eancia do Tribunal&nbsp;e do CSJT"}]},{"@type":"WebSite","@id":"https:\/\/mhcalculos.com.br\/noticias\/#website","url":"https:\/\/mhcalculos.com.br\/noticias\/","name":"Portal de Not\u00edcias","description":"Not\u00edcias e Jurisprud\u00eancia","potentialAction":[{"@type":"SearchAction","target":{"@type":"EntryPoint","urlTemplate":"https:\/\/mhcalculos.com.br\/noticias\/?s={search_term_string}"},"query-input":{"@type":"PropertyValueSpecification","valueRequired":true,"valueName":"search_term_string"}}],"inLanguage":"pt-BR"},{"@type":"Person","@id":"https:\/\/mhcalculos.com.br\/noticias\/#\/schema\/person\/88d1c34bf72dc779ea14a5a6b8e0ae8d","name":"Equipe MH","image":{"@type":"ImageObject","inLanguage":"pt-BR","@id":"https:\/\/secure.gravatar.com\/avatar\/de1c686c2ecc9c5a3f327e3431d819eb39f8f05d4e1045f5a1caad6daaba987f?s=96&d=mm&r=g","url":"https:\/\/secure.gravatar.com\/avatar\/de1c686c2ecc9c5a3f327e3431d819eb39f8f05d4e1045f5a1caad6daaba987f?s=96&d=mm&r=g","contentUrl":"https:\/\/secure.gravatar.com\/avatar\/de1c686c2ecc9c5a3f327e3431d819eb39f8f05d4e1045f5a1caad6daaba987f?s=96&d=mm&r=g","caption":"Equipe MH"}}]}},"_links":{"self":[{"href":"https:\/\/mhcalculos.com.br\/noticias\/wp-json\/wp\/v2\/posts\/10895","targetHints":{"allow":["GET"]}}],"collection":[{"href":"https:\/\/mhcalculos.com.br\/noticias\/wp-json\/wp\/v2\/posts"}],"about":[{"href":"https:\/\/mhcalculos.com.br\/noticias\/wp-json\/wp\/v2\/types\/post"}],"author":[{"embeddable":true,"href":"https:\/\/mhcalculos.com.br\/noticias\/wp-json\/wp\/v2\/users\/3063"}],"replies":[{"embeddable":true,"href":"https:\/\/mhcalculos.com.br\/noticias\/wp-json\/wp\/v2\/comments?post=10895"}],"version-history":[{"count":0,"href":"https:\/\/mhcalculos.com.br\/noticias\/wp-json\/wp\/v2\/posts\/10895\/revisions"}],"wp:featuredmedia":[{"embeddable":true,"href":"https:\/\/mhcalculos.com.br\/noticias\/wp-json\/wp\/v2\/media\/10896"}],"wp:attachment":[{"href":"https:\/\/mhcalculos.com.br\/noticias\/wp-json\/wp\/v2\/media?parent=10895"}],"wp:term":[{"taxonomy":"category","embeddable":true,"href":"https:\/\/mhcalculos.com.br\/noticias\/wp-json\/wp\/v2\/categories?post=10895"},{"taxonomy":"post_tag","embeddable":true,"href":"https:\/\/mhcalculos.com.br\/noticias\/wp-json\/wp\/v2\/tags?post=10895"}],"curies":[{"name":"wp","href":"https:\/\/api.w.org\/{rel}","templated":true}]}}