{"id":10889,"date":"2022-02-21T16:26:00","date_gmt":"2022-02-21T19:26:00","guid":{"rendered":"https:\/\/mhcalculos.com.br\/noticias\/area\/trabalhista\/tst-presidente-da-republica-indica-desembargador-sergio-pinto-martins-para-o-tst.html"},"modified":"2022-02-21T16:26:00","modified_gmt":"2022-02-21T19:26:00","slug":"tst-presidente-da-republica-indica-desembargador-sergio-pinto-martins-para-o-tst","status":"publish","type":"post","link":"https:\/\/mhcalculos.com.br\/noticias\/area\/trabalhista\/tst-presidente-da-republica-indica-desembargador-sergio-pinto-martins-para-o-tst.html","title":{"rendered":"TST: Presidente da Rep\u00fablica indica desembargador S\u00e9rgio Pinto Martins para o TST"},"content":{"rendered":"<p><br \/>\n<\/p>\n<p><em><\/p>\n<p>Ele dever\u00e1 ocupar a vaga aberta com a aposentadoria do ministro Alberto Bresciani.<\/p>\n<p><\/em><\/p>\n<p>        <a class=\"share-facebook\" href=\"https:\/\/www.facebook.com\/sharer.php?u=http:\/\/www.tst.jus.br\/-\/presidente-da-rep%C3%BAblica-indica-desembargador-s%C3%A9rgio-pinto-martins-para-o-tst\" target=\"_blank\" rel=\"noopener\"><\/a><br \/>\n        <a class=\"share-twitter\" href=\"http:\/\/twitter.com\/intent\/tweet?text=Presidente da Rep\u00fablica indica desembargador S\u00e9rgio Pinto Martins para o TST%0AVeja%20mais%20em:&amp;url=http:\/\/www.tst.jus.br\/-\/presidente-da-rep%C3%BAblica-indica-desembargador-s%C3%A9rgio-pinto-martins-para-o-tst\" target=\"_blank\" rel=\"noopener\"><\/a><br \/>\n        <a class=\"share-linkedin\" href=\"https:\/\/www.linkedin.com\/shareArticle?mini=true&amp;url=http:\/\/www.tst.jus.br\/-\/presidente-da-rep%C3%BAblica-indica-desembargador-s%C3%A9rgio-pinto-martins-para-o-tst&amp;title=Presidente da Rep\u00fablica indica desembargador S\u00e9rgio Pinto Martins para o TST\" target=\"_blank\" rel=\"noopener\"><\/a><br \/>\n        <a class=\"share-whatsapp\" href=\"https:\/\/web.whatsapp.com\/send?text=http:\/\/www.tst.jus.br\/-\/presidente-da-rep%C3%BAblica-indica-desembargador-s%C3%A9rgio-pinto-martins-para-o-tst\" target=\"_blank\" rel=\"noopener\"><\/a><br \/>\n        <a class=\"share-googleplus\" href=\"https:\/\/plus.google.com\/share?url=http:\/\/www.tst.jus.br\/-\/presidente-da-rep%C3%BAblica-indica-desembargador-s%C3%A9rgio-pinto-martins-para-o-tst\" target=\"_blank\" rel=\"noopener\"><\/a><\/p>\n<p>                <\/p>\n<p>Desembargador S\u00e9rgio Pinto Martins<\/p>\n<p>                    <a class=\"share-facebook\" href=\"https:\/\/www.facebook.com\/sharer.php?u=http:\/\/www.tst.jus.br\/-\/presidente-da-rep%C3%BAblica-indica-desembargador-s%C3%A9rgio-pinto-martins-para-o-tst\" target=\"_blank\" rel=\"noopener\"><\/a><br \/>\n                    <a class=\"share-twitter\" href=\"http:\/\/twitter.com\/intent\/tweet?text=Presidente da Rep\u00fablica indica desembargador S\u00e9rgio Pinto Martins para o TST%0AVeja%20mais%20em:&amp;url=http:\/\/www.tst.jus.br\/-\/presidente-da-rep%C3%BAblica-indica-desembargador-s%C3%A9rgio-pinto-martins-para-o-tst\" target=\"_blank\" rel=\"noopener\"><\/a><br \/>\n                    <a class=\"share-linkedin\" href=\"https:\/\/www.linkedin.com\/shareArticle?mini=true&amp;url=http:\/\/www.tst.jus.br\/-\/presidente-da-rep%C3%BAblica-indica-desembargador-s%C3%A9rgio-pinto-martins-para-o-tst&amp;title=Presidente da Rep\u00fablica indica desembargador S\u00e9rgio Pinto Martins para o TST\" target=\"_blank\" rel=\"noopener\"><\/a><br \/>\n                    <a class=\"share-whatsapp\" href=\"https:\/\/web.whatsapp.com\/send?text=http:\/\/www.tst.jus.br\/-\/presidente-da-rep%C3%BAblica-indica-desembargador-s%C3%A9rgio-pinto-martins-para-o-tst\" target=\"_blank\" rel=\"noopener\"><\/a><br \/>\n                    <a class=\"share-googleplus\" href=\"https:\/\/plus.google.com\/share?url=http:\/\/www.tst.jus.br\/-\/presidente-da-rep%C3%BAblica-indica-desembargador-s%C3%A9rgio-pinto-martins-para-o-tst\" target=\"_blank\" rel=\"noopener\"><\/a><\/p>\n<p>21\/02\/22 &#8211; O desembargador S\u00e9rgio Pinto Martins, do Tribunal Regional do Trabalho da 2\u00aa Regi\u00e3o (SP), foi indicado&nbsp;pelo presidente da Rep\u00fablica, Jair Bolsonaro, para o cargo de ministro do Tribunal Superior do Trabalho, na vaga aberta em decorr\u00eancia da aposentadoria do ministro Alberto Bresciani, em dezembro de 2021. A mensagem com a indica\u00e7\u00e3o foi publicada no Di\u00e1rio Oficial da Uni\u00e3o desta segunda-feira (21).<\/p>\n<p>De acordo com o artigo 111-A da Constitui\u00e7\u00e3o da Rep\u00fablica, o&nbsp;desembargador&nbsp;ser\u00e1 sabatinado&nbsp;pela Comiss\u00e3o de Constitui\u00e7\u00e3o, Justi\u00e7a e Cidadania do Senado Federal, e, posteriormente, sua indica\u00e7\u00e3o ser\u00e1 submetida ao Plen\u00e1rio do Senado.<\/p>\n<h3>Perfil<\/h3>\n<p>O desembargador S\u00e9rgio Pinto Martins tomou posse como juiz substituto no TRT da 2\u00aa Regi\u00e3o (SP) em 1990 e, em 1994, foi promovido, por merecimento, ao cargo de juiz titular. Em 2007, foi promovido, tamb\u00e9m por merecimento, ao cargo de desembargador do TRT da 2\u00aa Regi\u00e3o, onde dirigiu a Escola Judicial e, desde outubro de 2020, exerce o cargo de corregedor regional.<\/p>\n<p>(Secom\/TST)<\/p>\n<p>    $(&#8216;#lightbox-wjyq_ .slider-gallery-wrapper img&#8217;).hover(<br \/>\n    function() {<br \/>\n        const $text=$($($(this).parent()).next());<br \/>\n        $text.hasClass(&#8216;inside-description&#8217;) &amp;&amp; $text.fadeTo( &#8220;slow&#8221; , 0);<br \/>\n    }, function() {<br \/>\n        const $text=$($($(this).parent()).next());<br \/>\n        $text.hasClass(&#8216;inside-description&#8217;) &amp;&amp; $text.fadeTo( &#8220;slow&#8221; , 1);<br \/>\n    }<br \/>\n    );<br \/>\n    $(document).ready(function() {<br \/>\n        var wjyq_autoplaying=false;<br \/>\n        var wjyq_showingLightbox=false;<br \/>\n        const wjyq_playPauseControllers=&#8221;#slider-wjyq_-playpause, #slider-wjyq_-lightbox-playpause&#8221;;<br \/>\n        $(&#8220;#slider-wjyq_&#8221;).slick({<br \/>\n            slidesToShow: 1,<br \/>\n            slidesToScroll: 1,<br \/>\n            autoplay: wjyq_autoplaying,<br \/>\n            swipeToSlide: false,<br \/>\n            centerMode: false,<br \/>\n            autoplaySpeed: 3000,<br \/>\n            focusOnSelect: true,<br \/>\n            prevArrow:<br \/>\n            &#8221;,<br \/>\n            nextArrow:<br \/>\n            &#8221;,<br \/>\n            centerPadding: &#8220;60px&#8221;,<br \/>\n            responsive: [<br \/>\n                {<br \/>\n                    breakpoint: 767.98,<br \/>\n                    settings: {<br \/>\n                        slidesToShow: 3,<br \/>\n                        adaptiveHeight: true<br \/>\n                    }<br \/>\n                }<br \/>\n            ]<br \/>\n        });<br \/>\n        $(&#8220;#slider-wjyq_&#8221;).slickLightbox({<br \/>\n            src: &#8216;src&#8217;,<br \/>\n            itemSelector: &#8216;.galery-image .multimidia-wrapper img&#8217;,<br \/>\n            caption:&#8217;caption&#8217;<br \/>\n        });<br \/>\n    });<br \/>\n<script async src=\"https:\/\/platform.twitter.com\/widgets.js\" charset=\"utf-8\"><\/script><br \/>\n<br \/><i>Com informa\u00e7\u00f5es da assessoria de imprensa do TST.<\/i><br \/>\n<br \/><a href=\"http:\/\/www.tst.jus.br\/web\/guest\/noticias?p_p_id=89Dk&#038;p_p_lifecycle=0&#038;refererPlid=10730&#038;_89Dk_groupId=10157&#038;_89Dk_articleId=28303143\">Fonte<\/a><br \/>\n<br \/><\/p>\n","protected":false},"excerpt":{"rendered":"<p>Ele dever\u00e1 ocupar a vaga aberta com a aposentadoria do ministro Alberto Bresciani. Desembargador S\u00e9rgio Pinto Martins 21\/02\/22 &#8211; O desembargador S\u00e9rgio Pinto Martins, do Tribunal Regional do Trabalho da 2\u00aa Regi\u00e3o (SP), foi indicado&nbsp;pelo presidente da Rep\u00fablica, Jair Bolsonaro, para o cargo de ministro do Tribunal Superior do Trabalho, na vaga aberta em decorr\u00eancia [&hellip;]<\/p>\n","protected":false},"author":3063,"featured_media":10890,"comment_status":"open","ping_status":"open","sticky":false,"template":"","format":"standard","meta":{"footnotes":""},"categories":[3,21],"tags":[33,216,9,12,217,215],"class_list":{"0":"post-10889","1":"post","2":"type-post","3":"status-publish","4":"format-standard","5":"has-post-thumbnail","7":"category-trabalhista","8":"category-tst","9":"tag-calculos-trabalhistas","10":"tag-direito-trabalhista","11":"tag-pericia","12":"tag-perito","13":"tag-trabalho","14":"tag-tst"},"yoast_head":"<!-- This site is optimized with the Yoast SEO plugin v27.2 - https:\/\/yoast.com\/product\/yoast-seo-wordpress\/ -->\n<title>TST: Presidente da Rep\u00fablica indica desembargador S\u00e9rgio Pinto Martins para o TST | Portal de Not\u00edcias<\/title>\n<meta name=\"robots\" content=\"index, follow, max-snippet:-1, max-image-preview:large, max-video-preview:-1\" \/>\n<link rel=\"canonical\" href=\"https:\/\/mhcalculos.com.br\/noticias\/area\/trabalhista\/tst-presidente-da-republica-indica-desembargador-sergio-pinto-martins-para-o-tst.html\" \/>\n<meta property=\"og:locale\" content=\"pt_BR\" \/>\n<meta property=\"og:type\" content=\"article\" \/>\n<meta property=\"og:title\" content=\"TST: Presidente da Rep\u00fablica indica desembargador S\u00e9rgio Pinto Martins para o TST | Portal de Not\u00edcias\" \/>\n<meta property=\"og:description\" content=\"Ele dever\u00e1 ocupar a vaga aberta com a aposentadoria do ministro Alberto Bresciani. Desembargador S\u00e9rgio Pinto Martins 21\/02\/22 &#8211; O desembargador S\u00e9rgio Pinto Martins, do Tribunal Regional do Trabalho da 2\u00aa Regi\u00e3o (SP), foi indicado&nbsp;pelo presidente da Rep\u00fablica, Jair Bolsonaro, para o cargo de ministro do Tribunal Superior do Trabalho, na vaga aberta em decorr\u00eancia [&hellip;]\" \/>\n<meta property=\"og:url\" content=\"https:\/\/mhcalculos.com.br\/noticias\/area\/trabalhista\/tst-presidente-da-republica-indica-desembargador-sergio-pinto-martins-para-o-tst.html\" \/>\n<meta property=\"og:site_name\" content=\"Portal de Not\u00edcias\" \/>\n<meta property=\"article:published_time\" content=\"2022-02-21T19:26:00+00:00\" \/>\n<meta property=\"og:image\" content=\"https:\/\/mhcalculos.com.br\/noticias\/wp-content\/uploads\/sites\/2\/2022\/02\/judiciario-0014.jpg\" \/>\n\t<meta property=\"og:image:width\" content=\"2000\" \/>\n\t<meta property=\"og:image:height\" content=\"800\" \/>\n\t<meta property=\"og:image:type\" content=\"image\/jpeg\" \/>\n<meta name=\"author\" content=\"Equipe MH\" \/>\n<meta name=\"twitter:card\" content=\"summary_large_image\" \/>\n<meta name=\"twitter:label1\" content=\"Escrito por\" \/>\n\t<meta name=\"twitter:data1\" content=\"Equipe MH\" \/>\n\t<meta name=\"twitter:label2\" content=\"Est. tempo de leitura\" \/>\n\t<meta name=\"twitter:data2\" content=\"1 minuto\" \/>\n<script type=\"application\/ld+json\" class=\"yoast-schema-graph\">{\"@context\":\"https:\/\/schema.org\",\"@graph\":[{\"@type\":\"Article\",\"@id\":\"https:\/\/mhcalculos.com.br\/noticias\/area\/trabalhista\/tst-presidente-da-republica-indica-desembargador-sergio-pinto-martins-para-o-tst.html#article\",\"isPartOf\":{\"@id\":\"https:\/\/mhcalculos.com.br\/noticias\/area\/trabalhista\/tst-presidente-da-republica-indica-desembargador-sergio-pinto-martins-para-o-tst.html\"},\"author\":{\"name\":\"Equipe MH\",\"@id\":\"https:\/\/mhcalculos.com.br\/noticias\/#\/schema\/person\/88d1c34bf72dc779ea14a5a6b8e0ae8d\"},\"headline\":\"TST: Presidente da Rep\u00fablica indica desembargador S\u00e9rgio Pinto Martins para o TST\",\"datePublished\":\"2022-02-21T19:26:00+00:00\",\"mainEntityOfPage\":{\"@id\":\"https:\/\/mhcalculos.com.br\/noticias\/area\/trabalhista\/tst-presidente-da-republica-indica-desembargador-sergio-pinto-martins-para-o-tst.html\"},\"wordCount\":303,\"commentCount\":0,\"image\":{\"@id\":\"https:\/\/mhcalculos.com.br\/noticias\/area\/trabalhista\/tst-presidente-da-republica-indica-desembargador-sergio-pinto-martins-para-o-tst.html#primaryimage\"},\"thumbnailUrl\":\"https:\/\/mhcalculos.com.br\/noticias\/wp-content\/uploads\/sites\/2\/2022\/02\/judiciario-0014.jpg\",\"keywords\":[\"c\u00e1lculos trabalhistas\",\"direito trabalhista\",\"per\u00edcia\",\"perito\",\"trabalho\",\"TST\"],\"articleSection\":[\"Direito Trabalhista\",\"TST\"],\"inLanguage\":\"pt-BR\",\"potentialAction\":[{\"@type\":\"CommentAction\",\"name\":\"Comment\",\"target\":[\"https:\/\/mhcalculos.com.br\/noticias\/area\/trabalhista\/tst-presidente-da-republica-indica-desembargador-sergio-pinto-martins-para-o-tst.html#respond\"]}]},{\"@type\":\"WebPage\",\"@id\":\"https:\/\/mhcalculos.com.br\/noticias\/area\/trabalhista\/tst-presidente-da-republica-indica-desembargador-sergio-pinto-martins-para-o-tst.html\",\"url\":\"https:\/\/mhcalculos.com.br\/noticias\/area\/trabalhista\/tst-presidente-da-republica-indica-desembargador-sergio-pinto-martins-para-o-tst.html\",\"name\":\"TST: Presidente da Rep\u00fablica indica desembargador S\u00e9rgio Pinto Martins para o TST | Portal de Not\u00edcias\",\"isPartOf\":{\"@id\":\"https:\/\/mhcalculos.com.br\/noticias\/#website\"},\"primaryImageOfPage\":{\"@id\":\"https:\/\/mhcalculos.com.br\/noticias\/area\/trabalhista\/tst-presidente-da-republica-indica-desembargador-sergio-pinto-martins-para-o-tst.html#primaryimage\"},\"image\":{\"@id\":\"https:\/\/mhcalculos.com.br\/noticias\/area\/trabalhista\/tst-presidente-da-republica-indica-desembargador-sergio-pinto-martins-para-o-tst.html#primaryimage\"},\"thumbnailUrl\":\"https:\/\/mhcalculos.com.br\/noticias\/wp-content\/uploads\/sites\/2\/2022\/02\/judiciario-0014.jpg\",\"datePublished\":\"2022-02-21T19:26:00+00:00\",\"author\":{\"@id\":\"https:\/\/mhcalculos.com.br\/noticias\/#\/schema\/person\/88d1c34bf72dc779ea14a5a6b8e0ae8d\"},\"breadcrumb\":{\"@id\":\"https:\/\/mhcalculos.com.br\/noticias\/area\/trabalhista\/tst-presidente-da-republica-indica-desembargador-sergio-pinto-martins-para-o-tst.html#breadcrumb\"},\"inLanguage\":\"pt-BR\",\"potentialAction\":[{\"@type\":\"ReadAction\",\"target\":[\"https:\/\/mhcalculos.com.br\/noticias\/area\/trabalhista\/tst-presidente-da-republica-indica-desembargador-sergio-pinto-martins-para-o-tst.html\"]}]},{\"@type\":\"ImageObject\",\"inLanguage\":\"pt-BR\",\"@id\":\"https:\/\/mhcalculos.com.br\/noticias\/area\/trabalhista\/tst-presidente-da-republica-indica-desembargador-sergio-pinto-martins-para-o-tst.html#primaryimage\",\"url\":\"https:\/\/mhcalculos.com.br\/noticias\/wp-content\/uploads\/sites\/2\/2022\/02\/judiciario-0014.jpg\",\"contentUrl\":\"https:\/\/mhcalculos.com.br\/noticias\/wp-content\/uploads\/sites\/2\/2022\/02\/judiciario-0014.jpg\",\"width\":2000,\"height\":800},{\"@type\":\"BreadcrumbList\",\"@id\":\"https:\/\/mhcalculos.com.br\/noticias\/area\/trabalhista\/tst-presidente-da-republica-indica-desembargador-sergio-pinto-martins-para-o-tst.html#breadcrumb\",\"itemListElement\":[{\"@type\":\"ListItem\",\"position\":1,\"name\":\"In\u00edcio\",\"item\":\"https:\/\/mhcalculos.com.br\/noticias\/\"},{\"@type\":\"ListItem\",\"position\":2,\"name\":\"TST: Presidente da Rep\u00fablica indica desembargador S\u00e9rgio Pinto Martins para o TST\"}]},{\"@type\":\"WebSite\",\"@id\":\"https:\/\/mhcalculos.com.br\/noticias\/#website\",\"url\":\"https:\/\/mhcalculos.com.br\/noticias\/\",\"name\":\"Portal de Not\u00edcias\",\"description\":\"Not\u00edcias e Jurisprud\u00eancia\",\"potentialAction\":[{\"@type\":\"SearchAction\",\"target\":{\"@type\":\"EntryPoint\",\"urlTemplate\":\"https:\/\/mhcalculos.com.br\/noticias\/?s={search_term_string}\"},\"query-input\":{\"@type\":\"PropertyValueSpecification\",\"valueRequired\":true,\"valueName\":\"search_term_string\"}}],\"inLanguage\":\"pt-BR\"},{\"@type\":\"Person\",\"@id\":\"https:\/\/mhcalculos.com.br\/noticias\/#\/schema\/person\/88d1c34bf72dc779ea14a5a6b8e0ae8d\",\"name\":\"Equipe MH\",\"image\":{\"@type\":\"ImageObject\",\"inLanguage\":\"pt-BR\",\"@id\":\"https:\/\/secure.gravatar.com\/avatar\/de1c686c2ecc9c5a3f327e3431d819eb39f8f05d4e1045f5a1caad6daaba987f?s=96&d=mm&r=g\",\"url\":\"https:\/\/secure.gravatar.com\/avatar\/de1c686c2ecc9c5a3f327e3431d819eb39f8f05d4e1045f5a1caad6daaba987f?s=96&d=mm&r=g\",\"contentUrl\":\"https:\/\/secure.gravatar.com\/avatar\/de1c686c2ecc9c5a3f327e3431d819eb39f8f05d4e1045f5a1caad6daaba987f?s=96&d=mm&r=g\",\"caption\":\"Equipe MH\"}}]}<\/script>\n<!-- \/ Yoast SEO plugin. -->","yoast_head_json":{"title":"TST: Presidente da Rep\u00fablica indica desembargador S\u00e9rgio Pinto Martins para o TST | Portal de Not\u00edcias","robots":{"index":"index","follow":"follow","max-snippet":"max-snippet:-1","max-image-preview":"max-image-preview:large","max-video-preview":"max-video-preview:-1"},"canonical":"https:\/\/mhcalculos.com.br\/noticias\/area\/trabalhista\/tst-presidente-da-republica-indica-desembargador-sergio-pinto-martins-para-o-tst.html","og_locale":"pt_BR","og_type":"article","og_title":"TST: Presidente da Rep\u00fablica indica desembargador S\u00e9rgio Pinto Martins para o TST | Portal de Not\u00edcias","og_description":"Ele dever\u00e1 ocupar a vaga aberta com a aposentadoria do ministro Alberto Bresciani. Desembargador S\u00e9rgio Pinto Martins 21\/02\/22 &#8211; O desembargador S\u00e9rgio Pinto Martins, do Tribunal Regional do Trabalho da 2\u00aa Regi\u00e3o (SP), foi indicado&nbsp;pelo presidente da Rep\u00fablica, Jair Bolsonaro, para o cargo de ministro do Tribunal Superior do Trabalho, na vaga aberta em decorr\u00eancia [&hellip;]","og_url":"https:\/\/mhcalculos.com.br\/noticias\/area\/trabalhista\/tst-presidente-da-republica-indica-desembargador-sergio-pinto-martins-para-o-tst.html","og_site_name":"Portal de Not\u00edcias","article_published_time":"2022-02-21T19:26:00+00:00","og_image":[{"width":2000,"height":800,"url":"https:\/\/mhcalculos.com.br\/noticias\/wp-content\/uploads\/sites\/2\/2022\/02\/judiciario-0014.jpg","type":"image\/jpeg"}],"author":"Equipe MH","twitter_card":"summary_large_image","twitter_misc":{"Escrito por":"Equipe MH","Est. tempo de leitura":"1 minuto"},"schema":{"@context":"https:\/\/schema.org","@graph":[{"@type":"Article","@id":"https:\/\/mhcalculos.com.br\/noticias\/area\/trabalhista\/tst-presidente-da-republica-indica-desembargador-sergio-pinto-martins-para-o-tst.html#article","isPartOf":{"@id":"https:\/\/mhcalculos.com.br\/noticias\/area\/trabalhista\/tst-presidente-da-republica-indica-desembargador-sergio-pinto-martins-para-o-tst.html"},"author":{"name":"Equipe MH","@id":"https:\/\/mhcalculos.com.br\/noticias\/#\/schema\/person\/88d1c34bf72dc779ea14a5a6b8e0ae8d"},"headline":"TST: Presidente da Rep\u00fablica indica desembargador S\u00e9rgio Pinto Martins para o TST","datePublished":"2022-02-21T19:26:00+00:00","mainEntityOfPage":{"@id":"https:\/\/mhcalculos.com.br\/noticias\/area\/trabalhista\/tst-presidente-da-republica-indica-desembargador-sergio-pinto-martins-para-o-tst.html"},"wordCount":303,"commentCount":0,"image":{"@id":"https:\/\/mhcalculos.com.br\/noticias\/area\/trabalhista\/tst-presidente-da-republica-indica-desembargador-sergio-pinto-martins-para-o-tst.html#primaryimage"},"thumbnailUrl":"https:\/\/mhcalculos.com.br\/noticias\/wp-content\/uploads\/sites\/2\/2022\/02\/judiciario-0014.jpg","keywords":["c\u00e1lculos trabalhistas","direito trabalhista","per\u00edcia","perito","trabalho","TST"],"articleSection":["Direito Trabalhista","TST"],"inLanguage":"pt-BR","potentialAction":[{"@type":"CommentAction","name":"Comment","target":["https:\/\/mhcalculos.com.br\/noticias\/area\/trabalhista\/tst-presidente-da-republica-indica-desembargador-sergio-pinto-martins-para-o-tst.html#respond"]}]},{"@type":"WebPage","@id":"https:\/\/mhcalculos.com.br\/noticias\/area\/trabalhista\/tst-presidente-da-republica-indica-desembargador-sergio-pinto-martins-para-o-tst.html","url":"https:\/\/mhcalculos.com.br\/noticias\/area\/trabalhista\/tst-presidente-da-republica-indica-desembargador-sergio-pinto-martins-para-o-tst.html","name":"TST: Presidente da Rep\u00fablica indica desembargador S\u00e9rgio Pinto Martins para o TST | Portal de Not\u00edcias","isPartOf":{"@id":"https:\/\/mhcalculos.com.br\/noticias\/#website"},"primaryImageOfPage":{"@id":"https:\/\/mhcalculos.com.br\/noticias\/area\/trabalhista\/tst-presidente-da-republica-indica-desembargador-sergio-pinto-martins-para-o-tst.html#primaryimage"},"image":{"@id":"https:\/\/mhcalculos.com.br\/noticias\/area\/trabalhista\/tst-presidente-da-republica-indica-desembargador-sergio-pinto-martins-para-o-tst.html#primaryimage"},"thumbnailUrl":"https:\/\/mhcalculos.com.br\/noticias\/wp-content\/uploads\/sites\/2\/2022\/02\/judiciario-0014.jpg","datePublished":"2022-02-21T19:26:00+00:00","author":{"@id":"https:\/\/mhcalculos.com.br\/noticias\/#\/schema\/person\/88d1c34bf72dc779ea14a5a6b8e0ae8d"},"breadcrumb":{"@id":"https:\/\/mhcalculos.com.br\/noticias\/area\/trabalhista\/tst-presidente-da-republica-indica-desembargador-sergio-pinto-martins-para-o-tst.html#breadcrumb"},"inLanguage":"pt-BR","potentialAction":[{"@type":"ReadAction","target":["https:\/\/mhcalculos.com.br\/noticias\/area\/trabalhista\/tst-presidente-da-republica-indica-desembargador-sergio-pinto-martins-para-o-tst.html"]}]},{"@type":"ImageObject","inLanguage":"pt-BR","@id":"https:\/\/mhcalculos.com.br\/noticias\/area\/trabalhista\/tst-presidente-da-republica-indica-desembargador-sergio-pinto-martins-para-o-tst.html#primaryimage","url":"https:\/\/mhcalculos.com.br\/noticias\/wp-content\/uploads\/sites\/2\/2022\/02\/judiciario-0014.jpg","contentUrl":"https:\/\/mhcalculos.com.br\/noticias\/wp-content\/uploads\/sites\/2\/2022\/02\/judiciario-0014.jpg","width":2000,"height":800},{"@type":"BreadcrumbList","@id":"https:\/\/mhcalculos.com.br\/noticias\/area\/trabalhista\/tst-presidente-da-republica-indica-desembargador-sergio-pinto-martins-para-o-tst.html#breadcrumb","itemListElement":[{"@type":"ListItem","position":1,"name":"In\u00edcio","item":"https:\/\/mhcalculos.com.br\/noticias\/"},{"@type":"ListItem","position":2,"name":"TST: Presidente da Rep\u00fablica indica desembargador S\u00e9rgio Pinto Martins para o TST"}]},{"@type":"WebSite","@id":"https:\/\/mhcalculos.com.br\/noticias\/#website","url":"https:\/\/mhcalculos.com.br\/noticias\/","name":"Portal de Not\u00edcias","description":"Not\u00edcias e Jurisprud\u00eancia","potentialAction":[{"@type":"SearchAction","target":{"@type":"EntryPoint","urlTemplate":"https:\/\/mhcalculos.com.br\/noticias\/?s={search_term_string}"},"query-input":{"@type":"PropertyValueSpecification","valueRequired":true,"valueName":"search_term_string"}}],"inLanguage":"pt-BR"},{"@type":"Person","@id":"https:\/\/mhcalculos.com.br\/noticias\/#\/schema\/person\/88d1c34bf72dc779ea14a5a6b8e0ae8d","name":"Equipe MH","image":{"@type":"ImageObject","inLanguage":"pt-BR","@id":"https:\/\/secure.gravatar.com\/avatar\/de1c686c2ecc9c5a3f327e3431d819eb39f8f05d4e1045f5a1caad6daaba987f?s=96&d=mm&r=g","url":"https:\/\/secure.gravatar.com\/avatar\/de1c686c2ecc9c5a3f327e3431d819eb39f8f05d4e1045f5a1caad6daaba987f?s=96&d=mm&r=g","contentUrl":"https:\/\/secure.gravatar.com\/avatar\/de1c686c2ecc9c5a3f327e3431d819eb39f8f05d4e1045f5a1caad6daaba987f?s=96&d=mm&r=g","caption":"Equipe MH"}}]}},"_links":{"self":[{"href":"https:\/\/mhcalculos.com.br\/noticias\/wp-json\/wp\/v2\/posts\/10889","targetHints":{"allow":["GET"]}}],"collection":[{"href":"https:\/\/mhcalculos.com.br\/noticias\/wp-json\/wp\/v2\/posts"}],"about":[{"href":"https:\/\/mhcalculos.com.br\/noticias\/wp-json\/wp\/v2\/types\/post"}],"author":[{"embeddable":true,"href":"https:\/\/mhcalculos.com.br\/noticias\/wp-json\/wp\/v2\/users\/3063"}],"replies":[{"embeddable":true,"href":"https:\/\/mhcalculos.com.br\/noticias\/wp-json\/wp\/v2\/comments?post=10889"}],"version-history":[{"count":0,"href":"https:\/\/mhcalculos.com.br\/noticias\/wp-json\/wp\/v2\/posts\/10889\/revisions"}],"wp:featuredmedia":[{"embeddable":true,"href":"https:\/\/mhcalculos.com.br\/noticias\/wp-json\/wp\/v2\/media\/10890"}],"wp:attachment":[{"href":"https:\/\/mhcalculos.com.br\/noticias\/wp-json\/wp\/v2\/media?parent=10889"}],"wp:term":[{"taxonomy":"category","embeddable":true,"href":"https:\/\/mhcalculos.com.br\/noticias\/wp-json\/wp\/v2\/categories?post=10889"},{"taxonomy":"post_tag","embeddable":true,"href":"https:\/\/mhcalculos.com.br\/noticias\/wp-json\/wp\/v2\/tags?post=10889"}],"curies":[{"name":"wp","href":"https:\/\/api.w.org\/{rel}","templated":true}]}}