{"id":10802,"date":"2022-01-11T11:00:00","date_gmt":"2022-01-11T14:00:00","guid":{"rendered":"https:\/\/mhcalculos.com.br\/noticias\/area\/trabalhista\/tst-stf-reafirma-inconstitucionalidade-da-tr-para-correcao-monetaria-de-debitos-trabalhistas.html"},"modified":"2022-01-11T11:00:00","modified_gmt":"2022-01-11T14:00:00","slug":"tst-stf-reafirma-inconstitucionalidade-da-tr-para-correcao-monetaria-de-debitos-trabalhistas","status":"publish","type":"post","link":"https:\/\/mhcalculos.com.br\/noticias\/area\/trabalhista\/tst-stf-reafirma-inconstitucionalidade-da-tr-para-correcao-monetaria-de-debitos-trabalhistas.html","title":{"rendered":"TST: STF reafirma inconstitucionalidade da TR para corre\u00e7\u00e3o monet\u00e1ria de d\u00e9bitos trabalhistas"},"content":{"rendered":"<p><br \/>\n<\/p>\n<p><em><\/p>\n<p>At\u00e9 delibera\u00e7\u00e3o do Poder Legislativo, devem ser aplicados o IPCA-E, na fase pr\u00e9-judicial, e a taxa Selic, a partir do ajuizamento da a\u00e7\u00e3o.<\/p>\n<p><\/em><\/p>\n<p>        <a class=\"share-facebook\" href=\"https:\/\/www.facebook.com\/sharer.php?u=http:\/\/www.tst.jus.br\/-\/stf-reafirma-inconstitucionalidade-da-tr-para-corre%C3%A7%C3%A3o-monet%C3%A1ria-de-d%C3%A9bitos-trabalhistas\" target=\"_blank\" rel=\"noopener\"><\/a><br \/>\n        <a class=\"share-twitter\" href=\"http:\/\/twitter.com\/intent\/tweet?text=STF reafirma inconstitucionalidade da TR para corre\u00e7\u00e3o monet\u00e1ria de d\u00e9bitos trabalhistas%0AVeja%20mais%20em:&amp;url=http:\/\/www.tst.jus.br\/-\/stf-reafirma-inconstitucionalidade-da-tr-para-corre%C3%A7%C3%A3o-monet%C3%A1ria-de-d%C3%A9bitos-trabalhistas\" target=\"_blank\" rel=\"noopener\"><\/a><br \/>\n        <a class=\"share-linkedin\" href=\"https:\/\/www.linkedin.com\/shareArticle?mini=true&amp;url=http:\/\/www.tst.jus.br\/-\/stf-reafirma-inconstitucionalidade-da-tr-para-corre%C3%A7%C3%A3o-monet%C3%A1ria-de-d%C3%A9bitos-trabalhistas&amp;title=STF reafirma inconstitucionalidade da TR para corre\u00e7\u00e3o monet\u00e1ria de d\u00e9bitos trabalhistas\" target=\"_blank\" rel=\"noopener\"><\/a><br \/>\n        <a class=\"share-whatsapp\" href=\"https:\/\/web.whatsapp.com\/send?text=http:\/\/www.tst.jus.br\/-\/stf-reafirma-inconstitucionalidade-da-tr-para-corre%C3%A7%C3%A3o-monet%C3%A1ria-de-d%C3%A9bitos-trabalhistas\" target=\"_blank\" rel=\"noopener\"><\/a><br \/>\n        <a class=\"share-googleplus\" href=\"https:\/\/plus.google.com\/share?url=http:\/\/www.tst.jus.br\/-\/stf-reafirma-inconstitucionalidade-da-tr-para-corre%C3%A7%C3%A3o-monet%C3%A1ria-de-d%C3%A9bitos-trabalhistas\" target=\"_blank\" rel=\"noopener\"><\/a><\/p>\n<p>                <\/p>\n<p>Fachada do edif\u00edcio-sede do Supremo Tribunal Federal<\/p>\n<p>                    <a class=\"share-facebook\" href=\"https:\/\/www.facebook.com\/sharer.php?u=http:\/\/www.tst.jus.br\/-\/stf-reafirma-inconstitucionalidade-da-tr-para-corre%C3%A7%C3%A3o-monet%C3%A1ria-de-d%C3%A9bitos-trabalhistas\" target=\"_blank\" rel=\"noopener\"><\/a><br \/>\n                    <a class=\"share-twitter\" href=\"http:\/\/twitter.com\/intent\/tweet?text=STF reafirma inconstitucionalidade da TR para corre\u00e7\u00e3o monet\u00e1ria de d\u00e9bitos trabalhistas%0AVeja%20mais%20em:&amp;url=http:\/\/www.tst.jus.br\/-\/stf-reafirma-inconstitucionalidade-da-tr-para-corre%C3%A7%C3%A3o-monet%C3%A1ria-de-d%C3%A9bitos-trabalhistas\" target=\"_blank\" rel=\"noopener\"><\/a><br \/>\n                    <a class=\"share-linkedin\" href=\"https:\/\/www.linkedin.com\/shareArticle?mini=true&amp;url=http:\/\/www.tst.jus.br\/-\/stf-reafirma-inconstitucionalidade-da-tr-para-corre%C3%A7%C3%A3o-monet%C3%A1ria-de-d%C3%A9bitos-trabalhistas&amp;title=STF reafirma inconstitucionalidade da TR para corre\u00e7\u00e3o monet\u00e1ria de d\u00e9bitos trabalhistas\" target=\"_blank\" rel=\"noopener\"><\/a><br \/>\n                    <a class=\"share-whatsapp\" href=\"https:\/\/web.whatsapp.com\/send?text=http:\/\/www.tst.jus.br\/-\/stf-reafirma-inconstitucionalidade-da-tr-para-corre%C3%A7%C3%A3o-monet%C3%A1ria-de-d%C3%A9bitos-trabalhistas\" target=\"_blank\" rel=\"noopener\"><\/a><br \/>\n                    <a class=\"share-googleplus\" href=\"https:\/\/plus.google.com\/share?url=http:\/\/www.tst.jus.br\/-\/stf-reafirma-inconstitucionalidade-da-tr-para-corre%C3%A7%C3%A3o-monet%C3%A1ria-de-d%C3%A9bitos-trabalhistas\" target=\"_blank\" rel=\"noopener\"><\/a><\/p>\n<p>11\/01\/22&nbsp;&#8211; O Supremo Tribunal Federal (STF) confirmou sua jurisprud\u00eancia sobre a inconstitucionalidade da utiliza\u00e7\u00e3o da Taxa Referencial (TR) como \u00edndice de atualiza\u00e7\u00e3o dos d\u00e9bitos trabalhistas. De acordo com a decis\u00e3o, at\u00e9 delibera\u00e7\u00e3o da quest\u00e3o pelo Poder Legislativo, devem ser aplicados o \u00cdndice Nacional de Pre\u00e7o ao Consumidor Amplo Especial (IPCA-E), na fase pr\u00e9-judicial, e, a partir do ajuizamento da a\u00e7\u00e3o, a taxa Selic. N\u00e3o est\u00e3o abrangidas as d\u00edvidas da Fazenda P\u00fablica, que t\u00eam regramento espec\u00edfico.<\/p>\n<p>A mat\u00e9ria f\u200boi discutida no Recurso Extraordin\u00e1rio (RE) 1269353, com repercuss\u00e3o geral. De acordo com o presidente do STF, ministro Fux, relator do RE, o tema transcende os interesses das partes envolvidas na causa, especialmente em raz\u00e3o da multiplicidade de recursos extraordin\u00e1rios que tratam da mesma controv\u00e9rsia. Em raz\u00e3o disso, considerou que o STF deve reafirmar, com as vantagens dos efeitos decorrentes da sistem\u00e1tica da repercuss\u00e3o geral, o entendimento fixado nas A\u00e7\u00f5es Diretas de Inconstitucionalidade (ADIs) 5867 e 6021 e nas A\u00e7\u00f5es Declarat\u00f3rias de Constitucionalidade (ADCs) 58 e 59, em que o Plen\u00e1rio declarou a inconstitucionalidade da aplica\u00e7\u00e3o da TR para a corre\u00e7\u00e3o monet\u00e1ria de d\u00e9bitos trabalhistas, estabeleceu par\u00e2metros a serem observados at\u00e9 que sobrevenha solu\u00e7\u00e3o legislativa e modulou dos efeitos da decis\u00e3o, com o fim de garantir seguran\u00e7a jur\u00eddica e isonomia na aplica\u00e7\u00e3o do novo entendimento.<\/p>\n<p>(Com informa\u00e7\u00f5es do <a href=\"http:\/\/portal.stf.jus.br\/noticias\/verNoticiaDetalhe.asp?idConteudo=479682&amp;ori=1\" target=\"_blank\" rel=\"noopener\">STF<\/a>)<br \/>\n&nbsp;<\/p>\n<p>    $(&#8216;#lightbox-bpzl_ .slider-gallery-wrapper img&#8217;).hover(<br \/>\n    function() {<br \/>\n        const $text=$($($(this).parent()).next());<br \/>\n        $text.hasClass(&#8216;inside-description&#8217;) &amp;&amp; $text.fadeTo( &#8220;slow&#8221; , 0);<br \/>\n    }, function() {<br \/>\n        const $text=$($($(this).parent()).next());<br \/>\n        $text.hasClass(&#8216;inside-description&#8217;) &amp;&amp; $text.fadeTo( &#8220;slow&#8221; , 1);<br \/>\n    }<br \/>\n    );<br \/>\n    $(document).ready(function() {<br \/>\n        var bpzl_autoplaying=false;<br \/>\n        var bpzl_showingLightbox=false;<br \/>\n        const bpzl_playPauseControllers=&#8221;#slider-bpzl_-playpause, #slider-bpzl_-lightbox-playpause&#8221;;<br \/>\n        $(&#8220;#slider-bpzl_&#8221;).slick({<br \/>\n            slidesToShow: 1,<br \/>\n            slidesToScroll: 1,<br \/>\n            autoplay: bpzl_autoplaying,<br \/>\n            swipeToSlide: false,<br \/>\n            centerMode: false,<br \/>\n            autoplaySpeed: 3000,<br \/>\n            focusOnSelect: true,<br \/>\n            prevArrow:<br \/>\n            &#8221;,<br \/>\n            nextArrow:<br \/>\n            &#8221;,<br \/>\n            centerPadding: &#8220;60px&#8221;,<br \/>\n            responsive: [<br \/>\n                {<br \/>\n                    breakpoint: 767.98,<br \/>\n                    settings: {<br \/>\n                        slidesToShow: 3,<br \/>\n                        adaptiveHeight: true<br \/>\n                    }<br \/>\n                }<br \/>\n            ]<br \/>\n        });<br \/>\n        $(&#8220;#slider-bpzl_&#8221;).slickLightbox({<br \/>\n            src: &#8216;src&#8217;,<br \/>\n            itemSelector: &#8216;.galery-image .multimidia-wrapper img&#8217;,<br \/>\n            caption:&#8217;caption&#8217;<br \/>\n        });<br \/>\n    });<br \/>\n<script async src=\"https:\/\/platform.twitter.com\/widgets.js\" charset=\"utf-8\"><\/script><br \/>\n<br \/><i>Com informa\u00e7\u00f5es da assessoria de imprensa do TST.<\/i><br \/>\n<br \/><a href=\"http:\/\/www.tst.jus.br\/web\/guest\/noticias?p_p_id=89Dk&#038;p_p_lifecycle=0&#038;refererPlid=10730&#038;_89Dk_groupId=10157&#038;_89Dk_articleId=27880965\">Fonte<\/a><br \/>\n<br \/><\/p>\n","protected":false},"excerpt":{"rendered":"<p>At\u00e9 delibera\u00e7\u00e3o do Poder Legislativo, devem ser aplicados o IPCA-E, na fase pr\u00e9-judicial, e a taxa Selic, a partir do ajuizamento da a\u00e7\u00e3o. Fachada do edif\u00edcio-sede do Supremo Tribunal Federal 11\/01\/22&nbsp;&#8211; O Supremo Tribunal Federal (STF) confirmou sua jurisprud\u00eancia sobre a inconstitucionalidade da utiliza\u00e7\u00e3o da Taxa Referencial (TR) como \u00edndice de atualiza\u00e7\u00e3o dos d\u00e9bitos trabalhistas. [&hellip;]<\/p>\n","protected":false},"author":3063,"featured_media":2623,"comment_status":"open","ping_status":"open","sticky":false,"template":"","format":"standard","meta":{"footnotes":""},"categories":[3,21],"tags":[33,216,9,12,217,215],"class_list":{"0":"post-10802","1":"post","2":"type-post","3":"status-publish","4":"format-standard","5":"has-post-thumbnail","7":"category-trabalhista","8":"category-tst","9":"tag-calculos-trabalhistas","10":"tag-direito-trabalhista","11":"tag-pericia","12":"tag-perito","13":"tag-trabalho","14":"tag-tst"},"yoast_head":"<!-- This site is optimized with the Yoast SEO plugin v27.2 - https:\/\/yoast.com\/product\/yoast-seo-wordpress\/ -->\n<title>TST: STF reafirma inconstitucionalidade da TR para corre\u00e7\u00e3o monet\u00e1ria de d\u00e9bitos trabalhistas | Portal de Not\u00edcias<\/title>\n<meta name=\"robots\" content=\"index, follow, max-snippet:-1, max-image-preview:large, max-video-preview:-1\" \/>\n<link rel=\"canonical\" href=\"https:\/\/mhcalculos.com.br\/noticias\/area\/trabalhista\/tst-stf-reafirma-inconstitucionalidade-da-tr-para-correcao-monetaria-de-debitos-trabalhistas.html\" \/>\n<meta property=\"og:locale\" content=\"pt_BR\" \/>\n<meta property=\"og:type\" content=\"article\" \/>\n<meta property=\"og:title\" content=\"TST: STF reafirma inconstitucionalidade da TR para corre\u00e7\u00e3o monet\u00e1ria de d\u00e9bitos trabalhistas | Portal de Not\u00edcias\" \/>\n<meta property=\"og:description\" content=\"At\u00e9 delibera\u00e7\u00e3o do Poder Legislativo, devem ser aplicados o IPCA-E, na fase pr\u00e9-judicial, e a taxa Selic, a partir do ajuizamento da a\u00e7\u00e3o. Fachada do edif\u00edcio-sede do Supremo Tribunal Federal 11\/01\/22&nbsp;&#8211; O Supremo Tribunal Federal (STF) confirmou sua jurisprud\u00eancia sobre a inconstitucionalidade da utiliza\u00e7\u00e3o da Taxa Referencial (TR) como \u00edndice de atualiza\u00e7\u00e3o dos d\u00e9bitos trabalhistas. [&hellip;]\" \/>\n<meta property=\"og:url\" content=\"https:\/\/mhcalculos.com.br\/noticias\/area\/trabalhista\/tst-stf-reafirma-inconstitucionalidade-da-tr-para-correcao-monetaria-de-debitos-trabalhistas.html\" \/>\n<meta property=\"og:site_name\" content=\"Portal de Not\u00edcias\" \/>\n<meta property=\"article:published_time\" content=\"2022-01-11T14:00:00+00:00\" \/>\n<meta property=\"og:image\" content=\"https:\/\/mhcalculos.com.br\/noticias\/wp-content\/uploads\/sites\/2\/2018\/07\/trabalhista-0036.jpg\" \/>\n\t<meta property=\"og:image:width\" content=\"2000\" \/>\n\t<meta property=\"og:image:height\" content=\"800\" \/>\n\t<meta property=\"og:image:type\" content=\"image\/jpeg\" \/>\n<meta name=\"author\" content=\"Equipe MH\" \/>\n<meta name=\"twitter:card\" content=\"summary_large_image\" \/>\n<meta name=\"twitter:label1\" content=\"Escrito por\" \/>\n\t<meta name=\"twitter:data1\" content=\"Equipe MH\" \/>\n\t<meta name=\"twitter:label2\" content=\"Est. tempo de leitura\" \/>\n\t<meta name=\"twitter:data2\" content=\"2 minutos\" \/>\n<script type=\"application\/ld+json\" class=\"yoast-schema-graph\">{\"@context\":\"https:\/\/schema.org\",\"@graph\":[{\"@type\":\"Article\",\"@id\":\"https:\/\/mhcalculos.com.br\/noticias\/area\/trabalhista\/tst-stf-reafirma-inconstitucionalidade-da-tr-para-correcao-monetaria-de-debitos-trabalhistas.html#article\",\"isPartOf\":{\"@id\":\"https:\/\/mhcalculos.com.br\/noticias\/area\/trabalhista\/tst-stf-reafirma-inconstitucionalidade-da-tr-para-correcao-monetaria-de-debitos-trabalhistas.html\"},\"author\":{\"name\":\"Equipe MH\",\"@id\":\"https:\/\/mhcalculos.com.br\/noticias\/#\/schema\/person\/88d1c34bf72dc779ea14a5a6b8e0ae8d\"},\"headline\":\"TST: STF reafirma inconstitucionalidade da TR para corre\u00e7\u00e3o monet\u00e1ria de d\u00e9bitos trabalhistas\",\"datePublished\":\"2022-01-11T14:00:00+00:00\",\"mainEntityOfPage\":{\"@id\":\"https:\/\/mhcalculos.com.br\/noticias\/area\/trabalhista\/tst-stf-reafirma-inconstitucionalidade-da-tr-para-correcao-monetaria-de-debitos-trabalhistas.html\"},\"wordCount\":399,\"commentCount\":0,\"image\":{\"@id\":\"https:\/\/mhcalculos.com.br\/noticias\/area\/trabalhista\/tst-stf-reafirma-inconstitucionalidade-da-tr-para-correcao-monetaria-de-debitos-trabalhistas.html#primaryimage\"},\"thumbnailUrl\":\"https:\/\/mhcalculos.com.br\/noticias\/wp-content\/uploads\/sites\/2\/2018\/07\/trabalhista-0036.jpg\",\"keywords\":[\"c\u00e1lculos trabalhistas\",\"direito trabalhista\",\"per\u00edcia\",\"perito\",\"trabalho\",\"TST\"],\"articleSection\":[\"Direito Trabalhista\",\"TST\"],\"inLanguage\":\"pt-BR\",\"potentialAction\":[{\"@type\":\"CommentAction\",\"name\":\"Comment\",\"target\":[\"https:\/\/mhcalculos.com.br\/noticias\/area\/trabalhista\/tst-stf-reafirma-inconstitucionalidade-da-tr-para-correcao-monetaria-de-debitos-trabalhistas.html#respond\"]}]},{\"@type\":\"WebPage\",\"@id\":\"https:\/\/mhcalculos.com.br\/noticias\/area\/trabalhista\/tst-stf-reafirma-inconstitucionalidade-da-tr-para-correcao-monetaria-de-debitos-trabalhistas.html\",\"url\":\"https:\/\/mhcalculos.com.br\/noticias\/area\/trabalhista\/tst-stf-reafirma-inconstitucionalidade-da-tr-para-correcao-monetaria-de-debitos-trabalhistas.html\",\"name\":\"TST: STF reafirma inconstitucionalidade da TR para corre\u00e7\u00e3o monet\u00e1ria de d\u00e9bitos trabalhistas | Portal de Not\u00edcias\",\"isPartOf\":{\"@id\":\"https:\/\/mhcalculos.com.br\/noticias\/#website\"},\"primaryImageOfPage\":{\"@id\":\"https:\/\/mhcalculos.com.br\/noticias\/area\/trabalhista\/tst-stf-reafirma-inconstitucionalidade-da-tr-para-correcao-monetaria-de-debitos-trabalhistas.html#primaryimage\"},\"image\":{\"@id\":\"https:\/\/mhcalculos.com.br\/noticias\/area\/trabalhista\/tst-stf-reafirma-inconstitucionalidade-da-tr-para-correcao-monetaria-de-debitos-trabalhistas.html#primaryimage\"},\"thumbnailUrl\":\"https:\/\/mhcalculos.com.br\/noticias\/wp-content\/uploads\/sites\/2\/2018\/07\/trabalhista-0036.jpg\",\"datePublished\":\"2022-01-11T14:00:00+00:00\",\"author\":{\"@id\":\"https:\/\/mhcalculos.com.br\/noticias\/#\/schema\/person\/88d1c34bf72dc779ea14a5a6b8e0ae8d\"},\"breadcrumb\":{\"@id\":\"https:\/\/mhcalculos.com.br\/noticias\/area\/trabalhista\/tst-stf-reafirma-inconstitucionalidade-da-tr-para-correcao-monetaria-de-debitos-trabalhistas.html#breadcrumb\"},\"inLanguage\":\"pt-BR\",\"potentialAction\":[{\"@type\":\"ReadAction\",\"target\":[\"https:\/\/mhcalculos.com.br\/noticias\/area\/trabalhista\/tst-stf-reafirma-inconstitucionalidade-da-tr-para-correcao-monetaria-de-debitos-trabalhistas.html\"]}]},{\"@type\":\"ImageObject\",\"inLanguage\":\"pt-BR\",\"@id\":\"https:\/\/mhcalculos.com.br\/noticias\/area\/trabalhista\/tst-stf-reafirma-inconstitucionalidade-da-tr-para-correcao-monetaria-de-debitos-trabalhistas.html#primaryimage\",\"url\":\"https:\/\/mhcalculos.com.br\/noticias\/wp-content\/uploads\/sites\/2\/2018\/07\/trabalhista-0036.jpg\",\"contentUrl\":\"https:\/\/mhcalculos.com.br\/noticias\/wp-content\/uploads\/sites\/2\/2018\/07\/trabalhista-0036.jpg\",\"width\":2000,\"height\":800},{\"@type\":\"BreadcrumbList\",\"@id\":\"https:\/\/mhcalculos.com.br\/noticias\/area\/trabalhista\/tst-stf-reafirma-inconstitucionalidade-da-tr-para-correcao-monetaria-de-debitos-trabalhistas.html#breadcrumb\",\"itemListElement\":[{\"@type\":\"ListItem\",\"position\":1,\"name\":\"In\u00edcio\",\"item\":\"https:\/\/mhcalculos.com.br\/noticias\/\"},{\"@type\":\"ListItem\",\"position\":2,\"name\":\"TST: STF reafirma inconstitucionalidade da TR para corre\u00e7\u00e3o monet\u00e1ria de d\u00e9bitos trabalhistas\"}]},{\"@type\":\"WebSite\",\"@id\":\"https:\/\/mhcalculos.com.br\/noticias\/#website\",\"url\":\"https:\/\/mhcalculos.com.br\/noticias\/\",\"name\":\"Portal de Not\u00edcias\",\"description\":\"Not\u00edcias e Jurisprud\u00eancia\",\"potentialAction\":[{\"@type\":\"SearchAction\",\"target\":{\"@type\":\"EntryPoint\",\"urlTemplate\":\"https:\/\/mhcalculos.com.br\/noticias\/?s={search_term_string}\"},\"query-input\":{\"@type\":\"PropertyValueSpecification\",\"valueRequired\":true,\"valueName\":\"search_term_string\"}}],\"inLanguage\":\"pt-BR\"},{\"@type\":\"Person\",\"@id\":\"https:\/\/mhcalculos.com.br\/noticias\/#\/schema\/person\/88d1c34bf72dc779ea14a5a6b8e0ae8d\",\"name\":\"Equipe MH\",\"image\":{\"@type\":\"ImageObject\",\"inLanguage\":\"pt-BR\",\"@id\":\"https:\/\/secure.gravatar.com\/avatar\/de1c686c2ecc9c5a3f327e3431d819eb39f8f05d4e1045f5a1caad6daaba987f?s=96&d=mm&r=g\",\"url\":\"https:\/\/secure.gravatar.com\/avatar\/de1c686c2ecc9c5a3f327e3431d819eb39f8f05d4e1045f5a1caad6daaba987f?s=96&d=mm&r=g\",\"contentUrl\":\"https:\/\/secure.gravatar.com\/avatar\/de1c686c2ecc9c5a3f327e3431d819eb39f8f05d4e1045f5a1caad6daaba987f?s=96&d=mm&r=g\",\"caption\":\"Equipe MH\"}}]}<\/script>\n<!-- \/ Yoast SEO plugin. -->","yoast_head_json":{"title":"TST: STF reafirma inconstitucionalidade da TR para corre\u00e7\u00e3o monet\u00e1ria de d\u00e9bitos trabalhistas | Portal de Not\u00edcias","robots":{"index":"index","follow":"follow","max-snippet":"max-snippet:-1","max-image-preview":"max-image-preview:large","max-video-preview":"max-video-preview:-1"},"canonical":"https:\/\/mhcalculos.com.br\/noticias\/area\/trabalhista\/tst-stf-reafirma-inconstitucionalidade-da-tr-para-correcao-monetaria-de-debitos-trabalhistas.html","og_locale":"pt_BR","og_type":"article","og_title":"TST: STF reafirma inconstitucionalidade da TR para corre\u00e7\u00e3o monet\u00e1ria de d\u00e9bitos trabalhistas | Portal de Not\u00edcias","og_description":"At\u00e9 delibera\u00e7\u00e3o do Poder Legislativo, devem ser aplicados o IPCA-E, na fase pr\u00e9-judicial, e a taxa Selic, a partir do ajuizamento da a\u00e7\u00e3o. Fachada do edif\u00edcio-sede do Supremo Tribunal Federal 11\/01\/22&nbsp;&#8211; O Supremo Tribunal Federal (STF) confirmou sua jurisprud\u00eancia sobre a inconstitucionalidade da utiliza\u00e7\u00e3o da Taxa Referencial (TR) como \u00edndice de atualiza\u00e7\u00e3o dos d\u00e9bitos trabalhistas. [&hellip;]","og_url":"https:\/\/mhcalculos.com.br\/noticias\/area\/trabalhista\/tst-stf-reafirma-inconstitucionalidade-da-tr-para-correcao-monetaria-de-debitos-trabalhistas.html","og_site_name":"Portal de Not\u00edcias","article_published_time":"2022-01-11T14:00:00+00:00","og_image":[{"width":2000,"height":800,"url":"https:\/\/mhcalculos.com.br\/noticias\/wp-content\/uploads\/sites\/2\/2018\/07\/trabalhista-0036.jpg","type":"image\/jpeg"}],"author":"Equipe MH","twitter_card":"summary_large_image","twitter_misc":{"Escrito por":"Equipe MH","Est. tempo de leitura":"2 minutos"},"schema":{"@context":"https:\/\/schema.org","@graph":[{"@type":"Article","@id":"https:\/\/mhcalculos.com.br\/noticias\/area\/trabalhista\/tst-stf-reafirma-inconstitucionalidade-da-tr-para-correcao-monetaria-de-debitos-trabalhistas.html#article","isPartOf":{"@id":"https:\/\/mhcalculos.com.br\/noticias\/area\/trabalhista\/tst-stf-reafirma-inconstitucionalidade-da-tr-para-correcao-monetaria-de-debitos-trabalhistas.html"},"author":{"name":"Equipe MH","@id":"https:\/\/mhcalculos.com.br\/noticias\/#\/schema\/person\/88d1c34bf72dc779ea14a5a6b8e0ae8d"},"headline":"TST: STF reafirma inconstitucionalidade da TR para corre\u00e7\u00e3o monet\u00e1ria de d\u00e9bitos trabalhistas","datePublished":"2022-01-11T14:00:00+00:00","mainEntityOfPage":{"@id":"https:\/\/mhcalculos.com.br\/noticias\/area\/trabalhista\/tst-stf-reafirma-inconstitucionalidade-da-tr-para-correcao-monetaria-de-debitos-trabalhistas.html"},"wordCount":399,"commentCount":0,"image":{"@id":"https:\/\/mhcalculos.com.br\/noticias\/area\/trabalhista\/tst-stf-reafirma-inconstitucionalidade-da-tr-para-correcao-monetaria-de-debitos-trabalhistas.html#primaryimage"},"thumbnailUrl":"https:\/\/mhcalculos.com.br\/noticias\/wp-content\/uploads\/sites\/2\/2018\/07\/trabalhista-0036.jpg","keywords":["c\u00e1lculos trabalhistas","direito trabalhista","per\u00edcia","perito","trabalho","TST"],"articleSection":["Direito Trabalhista","TST"],"inLanguage":"pt-BR","potentialAction":[{"@type":"CommentAction","name":"Comment","target":["https:\/\/mhcalculos.com.br\/noticias\/area\/trabalhista\/tst-stf-reafirma-inconstitucionalidade-da-tr-para-correcao-monetaria-de-debitos-trabalhistas.html#respond"]}]},{"@type":"WebPage","@id":"https:\/\/mhcalculos.com.br\/noticias\/area\/trabalhista\/tst-stf-reafirma-inconstitucionalidade-da-tr-para-correcao-monetaria-de-debitos-trabalhistas.html","url":"https:\/\/mhcalculos.com.br\/noticias\/area\/trabalhista\/tst-stf-reafirma-inconstitucionalidade-da-tr-para-correcao-monetaria-de-debitos-trabalhistas.html","name":"TST: STF reafirma inconstitucionalidade da TR para corre\u00e7\u00e3o monet\u00e1ria de d\u00e9bitos trabalhistas | Portal de Not\u00edcias","isPartOf":{"@id":"https:\/\/mhcalculos.com.br\/noticias\/#website"},"primaryImageOfPage":{"@id":"https:\/\/mhcalculos.com.br\/noticias\/area\/trabalhista\/tst-stf-reafirma-inconstitucionalidade-da-tr-para-correcao-monetaria-de-debitos-trabalhistas.html#primaryimage"},"image":{"@id":"https:\/\/mhcalculos.com.br\/noticias\/area\/trabalhista\/tst-stf-reafirma-inconstitucionalidade-da-tr-para-correcao-monetaria-de-debitos-trabalhistas.html#primaryimage"},"thumbnailUrl":"https:\/\/mhcalculos.com.br\/noticias\/wp-content\/uploads\/sites\/2\/2018\/07\/trabalhista-0036.jpg","datePublished":"2022-01-11T14:00:00+00:00","author":{"@id":"https:\/\/mhcalculos.com.br\/noticias\/#\/schema\/person\/88d1c34bf72dc779ea14a5a6b8e0ae8d"},"breadcrumb":{"@id":"https:\/\/mhcalculos.com.br\/noticias\/area\/trabalhista\/tst-stf-reafirma-inconstitucionalidade-da-tr-para-correcao-monetaria-de-debitos-trabalhistas.html#breadcrumb"},"inLanguage":"pt-BR","potentialAction":[{"@type":"ReadAction","target":["https:\/\/mhcalculos.com.br\/noticias\/area\/trabalhista\/tst-stf-reafirma-inconstitucionalidade-da-tr-para-correcao-monetaria-de-debitos-trabalhistas.html"]}]},{"@type":"ImageObject","inLanguage":"pt-BR","@id":"https:\/\/mhcalculos.com.br\/noticias\/area\/trabalhista\/tst-stf-reafirma-inconstitucionalidade-da-tr-para-correcao-monetaria-de-debitos-trabalhistas.html#primaryimage","url":"https:\/\/mhcalculos.com.br\/noticias\/wp-content\/uploads\/sites\/2\/2018\/07\/trabalhista-0036.jpg","contentUrl":"https:\/\/mhcalculos.com.br\/noticias\/wp-content\/uploads\/sites\/2\/2018\/07\/trabalhista-0036.jpg","width":2000,"height":800},{"@type":"BreadcrumbList","@id":"https:\/\/mhcalculos.com.br\/noticias\/area\/trabalhista\/tst-stf-reafirma-inconstitucionalidade-da-tr-para-correcao-monetaria-de-debitos-trabalhistas.html#breadcrumb","itemListElement":[{"@type":"ListItem","position":1,"name":"In\u00edcio","item":"https:\/\/mhcalculos.com.br\/noticias\/"},{"@type":"ListItem","position":2,"name":"TST: STF reafirma inconstitucionalidade da TR para corre\u00e7\u00e3o monet\u00e1ria de d\u00e9bitos trabalhistas"}]},{"@type":"WebSite","@id":"https:\/\/mhcalculos.com.br\/noticias\/#website","url":"https:\/\/mhcalculos.com.br\/noticias\/","name":"Portal de Not\u00edcias","description":"Not\u00edcias e Jurisprud\u00eancia","potentialAction":[{"@type":"SearchAction","target":{"@type":"EntryPoint","urlTemplate":"https:\/\/mhcalculos.com.br\/noticias\/?s={search_term_string}"},"query-input":{"@type":"PropertyValueSpecification","valueRequired":true,"valueName":"search_term_string"}}],"inLanguage":"pt-BR"},{"@type":"Person","@id":"https:\/\/mhcalculos.com.br\/noticias\/#\/schema\/person\/88d1c34bf72dc779ea14a5a6b8e0ae8d","name":"Equipe MH","image":{"@type":"ImageObject","inLanguage":"pt-BR","@id":"https:\/\/secure.gravatar.com\/avatar\/de1c686c2ecc9c5a3f327e3431d819eb39f8f05d4e1045f5a1caad6daaba987f?s=96&d=mm&r=g","url":"https:\/\/secure.gravatar.com\/avatar\/de1c686c2ecc9c5a3f327e3431d819eb39f8f05d4e1045f5a1caad6daaba987f?s=96&d=mm&r=g","contentUrl":"https:\/\/secure.gravatar.com\/avatar\/de1c686c2ecc9c5a3f327e3431d819eb39f8f05d4e1045f5a1caad6daaba987f?s=96&d=mm&r=g","caption":"Equipe MH"}}]}},"_links":{"self":[{"href":"https:\/\/mhcalculos.com.br\/noticias\/wp-json\/wp\/v2\/posts\/10802","targetHints":{"allow":["GET"]}}],"collection":[{"href":"https:\/\/mhcalculos.com.br\/noticias\/wp-json\/wp\/v2\/posts"}],"about":[{"href":"https:\/\/mhcalculos.com.br\/noticias\/wp-json\/wp\/v2\/types\/post"}],"author":[{"embeddable":true,"href":"https:\/\/mhcalculos.com.br\/noticias\/wp-json\/wp\/v2\/users\/3063"}],"replies":[{"embeddable":true,"href":"https:\/\/mhcalculos.com.br\/noticias\/wp-json\/wp\/v2\/comments?post=10802"}],"version-history":[{"count":0,"href":"https:\/\/mhcalculos.com.br\/noticias\/wp-json\/wp\/v2\/posts\/10802\/revisions"}],"wp:featuredmedia":[{"embeddable":true,"href":"https:\/\/mhcalculos.com.br\/noticias\/wp-json\/wp\/v2\/media\/2623"}],"wp:attachment":[{"href":"https:\/\/mhcalculos.com.br\/noticias\/wp-json\/wp\/v2\/media?parent=10802"}],"wp:term":[{"taxonomy":"category","embeddable":true,"href":"https:\/\/mhcalculos.com.br\/noticias\/wp-json\/wp\/v2\/categories?post=10802"},{"taxonomy":"post_tag","embeddable":true,"href":"https:\/\/mhcalculos.com.br\/noticias\/wp-json\/wp\/v2\/tags?post=10802"}],"curies":[{"name":"wp","href":"https:\/\/api.w.org\/{rel}","templated":true}]}}