{"id":10800,"date":"2022-01-07T18:28:00","date_gmt":"2022-01-07T21:28:00","guid":{"rendered":"https:\/\/mhcalculos.com.br\/noticias\/area\/trabalhista\/tst-tribunal-restabelece-responsabilidade-do-bahia-por-morte-de-jogador-em-razao-de-avc.html"},"modified":"2022-01-07T18:28:00","modified_gmt":"2022-01-07T21:28:00","slug":"tst-tribunal-restabelece-responsabilidade-do-bahia-por-morte-de-jogador-em-razao-de-avc","status":"publish","type":"post","link":"https:\/\/mhcalculos.com.br\/noticias\/area\/trabalhista\/tst-tribunal-restabelece-responsabilidade-do-bahia-por-morte-de-jogador-em-razao-de-avc.html","title":{"rendered":"TST: Tribunal&nbsp;restabelece responsabilidade do Bahia por morte de jogador em raz\u00e3o de AVC"},"content":{"rendered":"<p><br \/>\n<\/p>\n<p><em><\/p>\n<p>A vi\u00fava e as filhas do meia Cl\u00e9ber, falecido em 2007, receber\u00e3o indeniza\u00e7\u00e3o.<\/p>\n<p><\/em><\/p>\n<p>        <a class=\"share-facebook\" href=\"https:\/\/www.facebook.com\/sharer.php?u=http:\/\/www.tst.jus.br\/-\/tst-restabelece-responsabilidade-do-bahia-por-morte-de-jogador-em-raz%C3%A3o-de-avc\" target=\"_blank\" rel=\"noopener\"><\/a><br \/>\n        <a class=\"share-twitter\" href=\"http:\/\/twitter.com\/intent\/tweet?text=TST restabelece responsabilidade do Bahia por morte de jogador em raz\u00e3o de AVC%0AVeja%20mais%20em:&amp;url=http:\/\/www.tst.jus.br\/-\/tst-restabelece-responsabilidade-do-bahia-por-morte-de-jogador-em-raz%C3%A3o-de-avc\" target=\"_blank\" rel=\"noopener\"><\/a><br \/>\n        <a class=\"share-linkedin\" href=\"https:\/\/www.linkedin.com\/shareArticle?mini=true&amp;url=http:\/\/www.tst.jus.br\/-\/tst-restabelece-responsabilidade-do-bahia-por-morte-de-jogador-em-raz%C3%A3o-de-avc&amp;title=TST restabelece responsabilidade do Bahia por morte de jogador em raz\u00e3o de AVC\" target=\"_blank\" rel=\"noopener\"><\/a><br \/>\n        <a class=\"share-whatsapp\" href=\"https:\/\/web.whatsapp.com\/send?text=http:\/\/www.tst.jus.br\/-\/tst-restabelece-responsabilidade-do-bahia-por-morte-de-jogador-em-raz%C3%A3o-de-avc\" target=\"_blank\" rel=\"noopener\"><\/a><br \/>\n        <a class=\"share-googleplus\" href=\"https:\/\/plus.google.com\/share?url=http:\/\/www.tst.jus.br\/-\/tst-restabelece-responsabilidade-do-bahia-por-morte-de-jogador-em-raz%C3%A3o-de-avc\" target=\"_blank\" rel=\"noopener\"><\/a><\/p>\n<p>                <\/p>\n<p>Detalhe de gramado de campo de futebol<\/p>\n<p>                    <a class=\"share-facebook\" href=\"https:\/\/www.facebook.com\/sharer.php?u=http:\/\/www.tst.jus.br\/-\/tst-restabelece-responsabilidade-do-bahia-por-morte-de-jogador-em-raz%C3%A3o-de-avc\" target=\"_blank\" rel=\"noopener\"><\/a><br \/>\n                    <a class=\"share-twitter\" href=\"http:\/\/twitter.com\/intent\/tweet?text=TST restabelece responsabilidade do Bahia por morte de jogador em raz\u00e3o de AVC%0AVeja%20mais%20em:&amp;url=http:\/\/www.tst.jus.br\/-\/tst-restabelece-responsabilidade-do-bahia-por-morte-de-jogador-em-raz%C3%A3o-de-avc\" target=\"_blank\" rel=\"noopener\"><\/a><br \/>\n                    <a class=\"share-linkedin\" href=\"https:\/\/www.linkedin.com\/shareArticle?mini=true&amp;url=http:\/\/www.tst.jus.br\/-\/tst-restabelece-responsabilidade-do-bahia-por-morte-de-jogador-em-raz%C3%A3o-de-avc&amp;title=TST restabelece responsabilidade do Bahia por morte de jogador em raz\u00e3o de AVC\" target=\"_blank\" rel=\"noopener\"><\/a><br \/>\n                    <a class=\"share-whatsapp\" href=\"https:\/\/web.whatsapp.com\/send?text=http:\/\/www.tst.jus.br\/-\/tst-restabelece-responsabilidade-do-bahia-por-morte-de-jogador-em-raz%C3%A3o-de-avc\" target=\"_blank\" rel=\"noopener\"><\/a><br \/>\n                    <a class=\"share-googleplus\" href=\"https:\/\/plus.google.com\/share?url=http:\/\/www.tst.jus.br\/-\/tst-restabelece-responsabilidade-do-bahia-por-morte-de-jogador-em-raz%C3%A3o-de-avc\" target=\"_blank\" rel=\"noopener\"><\/a><\/p>\n<p>07\/01\/22 &#8211;&nbsp;A Subse\u00e7\u00e3o I Especializada em Diss\u00eddios Individuais (SDI-1) do Tribunal Superior do Trabalho restabeleceu a condena\u00e7\u00e3o do Esporte Clube Bahia S\/A, de Salvador (BA), ao pagamento de R$ 150 mil \u00e0 vi\u00fava e \u00e0s filhas do jogador Cl\u00e9berson Fr\u00f6lich, conhecido como Cl\u00e9ber, v\u00edtima de acidente vascular cerebral (AVC) em dezembro de 2007. A decis\u00e3o baseou-se na conclus\u00e3o das inst\u00e2ncias ordin\u00e1rias de que houve nexo causal entre o AVC e a atividade desempenhada pelo atleta.&nbsp;<\/p>\n<h4>AVC<\/h4>\n<p>O atleta teve o AVC em 22\/10\/2007, no hotel em que a delega\u00e7\u00e3o do Bahia estava hospedada, em Natal (RN), ap\u00f3s jogo pelo Campeonato Brasileiro. Ele chegou a ser operado, mas, 15 dias depois, sofreu outro derrame e, a partir da\u00ed, contraiu meningite e infec\u00e7\u00f5es generalizadas e acabou falecendo em 20\/12.<\/p>\n<h4>Neglig\u00eancia<\/h4>\n<p>Na a\u00e7\u00e3o trabalhista, a vi\u00fava argumentou que, mesmo sentindo desconforto em raz\u00e3o do co\u00e1gulo no c\u00e9rebro, o jogador continuava sendo escalado para os jogos e que o esfor\u00e7o f\u00edsico havia contribu\u00eddo para o acidente vascular. Sustentou, ainda, que os dirigentes sabiam do problema e que houve neglig\u00eancia do clube, que permitiu que o atleta permanecesse jogando.&nbsp;<\/p>\n<h4>Exames invasivos<\/h4>\n<p>Em sua defesa, o Bahia sustentou que o evento \u201cescapou em absoluto de qualquer hip\u00f3tese de previsibilidade\u201d pelo &nbsp;empregador e que a atividade desportiva n\u00e3o obriga a realiza\u00e7\u00e3o de exames t\u00e3o espec\u00edficos e invasivos, como uma angiografia, a menos que haja alguma raz\u00e3o suficiente para tanto.<\/p>\n<h4>Fatores gen\u00e9ticos<\/h4>\n<p>O ju\u00edzo da 4\u00aa Vara do Trabalho de Novo Hamburgo (RS), onde a fam\u00edlia de Cl\u00e9ber residia, n\u00e3o reconheceu a rela\u00e7\u00e3o entre as atividades desenvolvidas por ele e a morte por acidente vascular. Embora reconhecendo que os esfor\u00e7os f\u00edsicos pr\u00f3prios da profiss\u00e3o teriam contribu\u00eddo de forma decisiva para que os fatores gen\u00e9ticos (malforma\u00e7\u00e3o de art\u00e9ria cerebral) desencadeassem o AVC, a senten\u00e7a retirou do Bahia qualquer responsabilidade pelo ocorrido.&nbsp;<\/p>\n<h4>Culpa<\/h4>\n<p>Contudo, para o Tribunal Regional do Trabalho da 4\u00aa Regi\u00e3o (RS), o Bahia teve culpa pela morte do atleta. Entre outros pontos, a decis\u00e3o foi respaldada no registro inserido pelo m\u00e9dico do clube na comunica\u00e7\u00e3o do acidente de trabalho (CAT) na \u00e9poca do primeiro derrame, em outubro, e na aus\u00eancia de exames completos. \u201cA culpa do empregador se concretiza pela exig\u00eancia excessiva do atleta e pela aus\u00eancia de medidas necess\u00e1rias a detectar o problema de sa\u00fade do trabalhador\u201d, concluiu o TRT.<\/p>\n<h4>Per\u00edcia&nbsp;<\/h4>\n<p>O caso chegou ao TST em novembro de 2014 e foi julgado pela Oitava Turma, que reformou a decis\u00e3o do TRT, com base no laudo do perito que atestou que a causa da morte fora uma malforma\u00e7\u00e3o de vaso cerebral (aneurisma) de origem gen\u00e9tica. Segundo a Turma, que restabeleceu a senten\u00e7a, o TRT teria abordado a quest\u00e3o de forma abstrata, sem estabelecer \u201crela\u00e7\u00e3o concreta, real, entre o AVC e a rotina efetivamente praticada pelo jogador\u201d.<\/p>\n<h4>Reexame de provas<\/h4>\n<p>Na avalia\u00e7\u00e3o do relator dos embargos interpostos pelas herdeiras do jogador, o TRT afirmou categoricamente, com base em prova documental (entre elas o registro da CAT e a aus\u00eancia de provid\u00eancias que poderiam ter evitado a morte do jogador), que o problema de sa\u00fade teve rela\u00e7\u00e3o de causa e efeito com o trabalho, equiparando-se a acidente de trabalho.&nbsp;Assim, a&nbsp;Turma, ao julgar o recurso de revista,&nbsp;acabou por contrariar a S\u00famula 126 do TST, que impede o reexame de fatos e provas em inst\u00e2ncia extraordin\u00e1ria.&nbsp;<\/p>\n<p>Por maioria, a SDI-1 restabeleceu a decis\u00e3o do TRT, na parte em que julgou procedente o pedido de indeniza\u00e7\u00e3o por danos morais e materiais, e determinou o retorno do caso \u00e0 Oitava Turma para o julgamento do recurso do Bahia em rela\u00e7\u00e3o aos demais temas. Ficaram vencidos os ministros Breno Medeiros, Alexandre Ramos e Caputo Bastos e a ministra Dora Maria da Costa.<\/p>\n<p>(RR\/CF)<\/p>\n<p>Processo: <a href=\"http:\/\/aplicacao4.tst.jus.br\/consultaProcessual\/consultaTstNumUnica.do?consulta=Consultar&amp;conscsjt=&amp;numeroTst=630&amp;digitoTst=64&amp;anoTst=2012&amp;orgaoTst=5&amp;tribunalTst=04&amp;varaTst=0304&amp;submit=Consultar\" target=\"_blank\" rel=\"noopener\">E-ED-ED-ED-RR-630-64.2012.5.04.0304<\/a><\/p>\n<p>A Subse\u00e7\u00e3o I Especializada em Diss\u00eddios Individuais, composta de 14 ministros, \u00e9 o \u00f3rg\u00e3o revisor das decis\u00f5es das Turmas e unificador da jurisprud\u00eancia do TST. O qu\u00f3rum m\u00ednimo \u00e9 de oito ministros para o julgamento de agravos, agravos regimentais e recursos de embargos contra decis\u00f5es divergentes das Turmas ou destas que divirjam de entendimento da Se\u00e7\u00e3o de Diss\u00eddios Individuais, de Orienta\u00e7\u00e3o Jurisprudencial ou de S\u00famula.<\/p>\n<p>Esta mat\u00e9ria tem cunho meramente informativo.<br \/>\nPermitida a reprodu\u00e7\u00e3o mediante cita\u00e7\u00e3o da fonte.<br \/>\nSecretaria de Comunica\u00e7\u00e3o Social<br \/>\n<a href=\"http:\/\/www.tst.jus.br\" target=\"_blank\" rel=\"noopener\">Tribunal Superior do Trabalho<\/a><br \/>\nTel. (61) 3043-4907<br \/>\n<a href=\"mailto:secom@tst.jus.br\" target=\"\" rel=\"noopener\">secom@tst.jus.br<\/a><\/p>\n<p>    $(&#8216;#lightbox-npsb_ .slider-gallery-wrapper img&#8217;).hover(<br \/>\n    function() {<br \/>\n        const $text=$($($(this).parent()).next());<br \/>\n        $text.hasClass(&#8216;inside-description&#8217;) &amp;&amp; $text.fadeTo( &#8220;slow&#8221; , 0);<br \/>\n    }, function() {<br \/>\n        const $text=$($($(this).parent()).next());<br \/>\n        $text.hasClass(&#8216;inside-description&#8217;) &amp;&amp; $text.fadeTo( &#8220;slow&#8221; , 1);<br \/>\n    }<br \/>\n    );<br \/>\n    $(document).ready(function() {<br \/>\n        var npsb_autoplaying=false;<br \/>\n        var npsb_showingLightbox=false;<br \/>\n        const npsb_playPauseControllers=&#8221;#slider-npsb_-playpause, #slider-npsb_-lightbox-playpause&#8221;;<br \/>\n        $(&#8220;#slider-npsb_&#8221;).slick({<br \/>\n            slidesToShow: 1,<br \/>\n            slidesToScroll: 1,<br \/>\n            autoplay: npsb_autoplaying,<br \/>\n            swipeToSlide: false,<br \/>\n            centerMode: false,<br \/>\n            autoplaySpeed: 3000,<br \/>\n            focusOnSelect: true,<br \/>\n            prevArrow:<br \/>\n            &#8221;,<br \/>\n            nextArrow:<br \/>\n            &#8221;,<br \/>\n            centerPadding: &#8220;60px&#8221;,<br \/>\n            responsive: [<br \/>\n                {<br \/>\n                    breakpoint: 767.98,<br \/>\n                    settings: {<br \/>\n                        slidesToShow: 3,<br \/>\n                        adaptiveHeight: true<br \/>\n                    }<br \/>\n                }<br \/>\n            ]<br \/>\n        });<br \/>\n        $(&#8220;#slider-npsb_&#8221;).slickLightbox({<br \/>\n            src: &#8216;src&#8217;,<br \/>\n            itemSelector: &#8216;.galery-image .multimidia-wrapper img&#8217;,<br \/>\n            caption:&#8217;caption&#8217;<br \/>\n        });<br \/>\n    });<br \/>\n<script async src=\"https:\/\/platform.twitter.com\/widgets.js\" charset=\"utf-8\"><\/script><br \/>\n<br \/><i>Com informa\u00e7\u00f5es da assessoria de imprensa do TST.<\/i><br \/>\n<br \/><a href=\"http:\/\/www.tst.jus.br\/web\/guest\/noticias?p_p_id=89Dk&#038;p_p_lifecycle=0&#038;refererPlid=10730&#038;_89Dk_groupId=10157&#038;_89Dk_articleId=27873727\">Fonte<\/a><br \/>\n<br \/><\/p>\n","protected":false},"excerpt":{"rendered":"<p>A vi\u00fava e as filhas do meia Cl\u00e9ber, falecido em 2007, receber\u00e3o indeniza\u00e7\u00e3o. Detalhe de gramado de campo de futebol 07\/01\/22 &#8211;&nbsp;A Subse\u00e7\u00e3o I Especializada em Diss\u00eddios Individuais (SDI-1) do Tribunal Superior do Trabalho restabeleceu a condena\u00e7\u00e3o do Esporte Clube Bahia S\/A, de Salvador (BA), ao pagamento de R$ 150 mil \u00e0 vi\u00fava e \u00e0s [&hellip;]<\/p>\n","protected":false},"author":3063,"featured_media":1972,"comment_status":"open","ping_status":"open","sticky":false,"template":"","format":"standard","meta":{"footnotes":""},"categories":[3,21],"tags":[33,216,9,12,217,215],"class_list":{"0":"post-10800","1":"post","2":"type-post","3":"status-publish","4":"format-standard","5":"has-post-thumbnail","7":"category-trabalhista","8":"category-tst","9":"tag-calculos-trabalhistas","10":"tag-direito-trabalhista","11":"tag-pericia","12":"tag-perito","13":"tag-trabalho","14":"tag-tst"},"yoast_head":"<!-- This site is optimized with the Yoast SEO plugin v27.2 - https:\/\/yoast.com\/product\/yoast-seo-wordpress\/ -->\n<title>TST: Tribunal&nbsp;restabelece responsabilidade do Bahia por morte de jogador em raz\u00e3o de AVC | Portal de Not\u00edcias<\/title>\n<meta name=\"robots\" content=\"index, follow, max-snippet:-1, max-image-preview:large, max-video-preview:-1\" \/>\n<link rel=\"canonical\" href=\"https:\/\/mhcalculos.com.br\/noticias\/area\/trabalhista\/tst-tribunal-restabelece-responsabilidade-do-bahia-por-morte-de-jogador-em-razao-de-avc.html\" \/>\n<meta property=\"og:locale\" content=\"pt_BR\" \/>\n<meta property=\"og:type\" content=\"article\" \/>\n<meta property=\"og:title\" content=\"TST: Tribunal&nbsp;restabelece responsabilidade do Bahia por morte de jogador em raz\u00e3o de AVC | Portal de Not\u00edcias\" \/>\n<meta property=\"og:description\" content=\"A vi\u00fava e as filhas do meia Cl\u00e9ber, falecido em 2007, receber\u00e3o indeniza\u00e7\u00e3o. Detalhe de gramado de campo de futebol 07\/01\/22 &#8211;&nbsp;A Subse\u00e7\u00e3o I Especializada em Diss\u00eddios Individuais (SDI-1) do Tribunal Superior do Trabalho restabeleceu a condena\u00e7\u00e3o do Esporte Clube Bahia S\/A, de Salvador (BA), ao pagamento de R$ 150 mil \u00e0 vi\u00fava e \u00e0s [&hellip;]\" \/>\n<meta property=\"og:url\" content=\"https:\/\/mhcalculos.com.br\/noticias\/area\/trabalhista\/tst-tribunal-restabelece-responsabilidade-do-bahia-por-morte-de-jogador-em-razao-de-avc.html\" \/>\n<meta property=\"og:site_name\" content=\"Portal de Not\u00edcias\" \/>\n<meta property=\"article:published_time\" content=\"2022-01-07T21:28:00+00:00\" \/>\n<meta property=\"og:image\" content=\"https:\/\/mhcalculos.com.br\/noticias\/wp-content\/uploads\/sites\/2\/2018\/06\/trabalhista-0043.jpg\" \/>\n\t<meta property=\"og:image:width\" content=\"2000\" \/>\n\t<meta property=\"og:image:height\" content=\"800\" \/>\n\t<meta property=\"og:image:type\" content=\"image\/jpeg\" \/>\n<meta name=\"author\" content=\"Equipe MH\" \/>\n<meta name=\"twitter:card\" content=\"summary_large_image\" \/>\n<meta name=\"twitter:label1\" content=\"Escrito por\" \/>\n\t<meta name=\"twitter:data1\" content=\"Equipe MH\" \/>\n\t<meta name=\"twitter:label2\" content=\"Est. tempo de leitura\" \/>\n\t<meta name=\"twitter:data2\" content=\"5 minutos\" \/>\n<script type=\"application\/ld+json\" class=\"yoast-schema-graph\">{\"@context\":\"https:\/\/schema.org\",\"@graph\":[{\"@type\":\"Article\",\"@id\":\"https:\/\/mhcalculos.com.br\/noticias\/area\/trabalhista\/tst-tribunal-restabelece-responsabilidade-do-bahia-por-morte-de-jogador-em-razao-de-avc.html#article\",\"isPartOf\":{\"@id\":\"https:\/\/mhcalculos.com.br\/noticias\/area\/trabalhista\/tst-tribunal-restabelece-responsabilidade-do-bahia-por-morte-de-jogador-em-razao-de-avc.html\"},\"author\":{\"name\":\"Equipe MH\",\"@id\":\"https:\/\/mhcalculos.com.br\/noticias\/#\/schema\/person\/88d1c34bf72dc779ea14a5a6b8e0ae8d\"},\"headline\":\"TST: Tribunal&nbsp;restabelece responsabilidade do Bahia por morte de jogador em raz\u00e3o de AVC\",\"datePublished\":\"2022-01-07T21:28:00+00:00\",\"mainEntityOfPage\":{\"@id\":\"https:\/\/mhcalculos.com.br\/noticias\/area\/trabalhista\/tst-tribunal-restabelece-responsabilidade-do-bahia-por-morte-de-jogador-em-razao-de-avc.html\"},\"wordCount\":930,\"commentCount\":0,\"image\":{\"@id\":\"https:\/\/mhcalculos.com.br\/noticias\/area\/trabalhista\/tst-tribunal-restabelece-responsabilidade-do-bahia-por-morte-de-jogador-em-razao-de-avc.html#primaryimage\"},\"thumbnailUrl\":\"https:\/\/mhcalculos.com.br\/noticias\/wp-content\/uploads\/sites\/2\/2018\/06\/trabalhista-0043.jpg\",\"keywords\":[\"c\u00e1lculos trabalhistas\",\"direito trabalhista\",\"per\u00edcia\",\"perito\",\"trabalho\",\"TST\"],\"articleSection\":[\"Direito Trabalhista\",\"TST\"],\"inLanguage\":\"pt-BR\",\"potentialAction\":[{\"@type\":\"CommentAction\",\"name\":\"Comment\",\"target\":[\"https:\/\/mhcalculos.com.br\/noticias\/area\/trabalhista\/tst-tribunal-restabelece-responsabilidade-do-bahia-por-morte-de-jogador-em-razao-de-avc.html#respond\"]}]},{\"@type\":\"WebPage\",\"@id\":\"https:\/\/mhcalculos.com.br\/noticias\/area\/trabalhista\/tst-tribunal-restabelece-responsabilidade-do-bahia-por-morte-de-jogador-em-razao-de-avc.html\",\"url\":\"https:\/\/mhcalculos.com.br\/noticias\/area\/trabalhista\/tst-tribunal-restabelece-responsabilidade-do-bahia-por-morte-de-jogador-em-razao-de-avc.html\",\"name\":\"TST: Tribunal&nbsp;restabelece responsabilidade do Bahia por morte de jogador em raz\u00e3o de AVC | Portal de Not\u00edcias\",\"isPartOf\":{\"@id\":\"https:\/\/mhcalculos.com.br\/noticias\/#website\"},\"primaryImageOfPage\":{\"@id\":\"https:\/\/mhcalculos.com.br\/noticias\/area\/trabalhista\/tst-tribunal-restabelece-responsabilidade-do-bahia-por-morte-de-jogador-em-razao-de-avc.html#primaryimage\"},\"image\":{\"@id\":\"https:\/\/mhcalculos.com.br\/noticias\/area\/trabalhista\/tst-tribunal-restabelece-responsabilidade-do-bahia-por-morte-de-jogador-em-razao-de-avc.html#primaryimage\"},\"thumbnailUrl\":\"https:\/\/mhcalculos.com.br\/noticias\/wp-content\/uploads\/sites\/2\/2018\/06\/trabalhista-0043.jpg\",\"datePublished\":\"2022-01-07T21:28:00+00:00\",\"author\":{\"@id\":\"https:\/\/mhcalculos.com.br\/noticias\/#\/schema\/person\/88d1c34bf72dc779ea14a5a6b8e0ae8d\"},\"breadcrumb\":{\"@id\":\"https:\/\/mhcalculos.com.br\/noticias\/area\/trabalhista\/tst-tribunal-restabelece-responsabilidade-do-bahia-por-morte-de-jogador-em-razao-de-avc.html#breadcrumb\"},\"inLanguage\":\"pt-BR\",\"potentialAction\":[{\"@type\":\"ReadAction\",\"target\":[\"https:\/\/mhcalculos.com.br\/noticias\/area\/trabalhista\/tst-tribunal-restabelece-responsabilidade-do-bahia-por-morte-de-jogador-em-razao-de-avc.html\"]}]},{\"@type\":\"ImageObject\",\"inLanguage\":\"pt-BR\",\"@id\":\"https:\/\/mhcalculos.com.br\/noticias\/area\/trabalhista\/tst-tribunal-restabelece-responsabilidade-do-bahia-por-morte-de-jogador-em-razao-de-avc.html#primaryimage\",\"url\":\"https:\/\/mhcalculos.com.br\/noticias\/wp-content\/uploads\/sites\/2\/2018\/06\/trabalhista-0043.jpg\",\"contentUrl\":\"https:\/\/mhcalculos.com.br\/noticias\/wp-content\/uploads\/sites\/2\/2018\/06\/trabalhista-0043.jpg\",\"width\":2000,\"height\":800},{\"@type\":\"BreadcrumbList\",\"@id\":\"https:\/\/mhcalculos.com.br\/noticias\/area\/trabalhista\/tst-tribunal-restabelece-responsabilidade-do-bahia-por-morte-de-jogador-em-razao-de-avc.html#breadcrumb\",\"itemListElement\":[{\"@type\":\"ListItem\",\"position\":1,\"name\":\"In\u00edcio\",\"item\":\"https:\/\/mhcalculos.com.br\/noticias\/\"},{\"@type\":\"ListItem\",\"position\":2,\"name\":\"TST: Tribunal&nbsp;restabelece responsabilidade do Bahia por morte de jogador em raz\u00e3o de AVC\"}]},{\"@type\":\"WebSite\",\"@id\":\"https:\/\/mhcalculos.com.br\/noticias\/#website\",\"url\":\"https:\/\/mhcalculos.com.br\/noticias\/\",\"name\":\"Portal de Not\u00edcias\",\"description\":\"Not\u00edcias e Jurisprud\u00eancia\",\"potentialAction\":[{\"@type\":\"SearchAction\",\"target\":{\"@type\":\"EntryPoint\",\"urlTemplate\":\"https:\/\/mhcalculos.com.br\/noticias\/?s={search_term_string}\"},\"query-input\":{\"@type\":\"PropertyValueSpecification\",\"valueRequired\":true,\"valueName\":\"search_term_string\"}}],\"inLanguage\":\"pt-BR\"},{\"@type\":\"Person\",\"@id\":\"https:\/\/mhcalculos.com.br\/noticias\/#\/schema\/person\/88d1c34bf72dc779ea14a5a6b8e0ae8d\",\"name\":\"Equipe MH\",\"image\":{\"@type\":\"ImageObject\",\"inLanguage\":\"pt-BR\",\"@id\":\"https:\/\/secure.gravatar.com\/avatar\/de1c686c2ecc9c5a3f327e3431d819eb39f8f05d4e1045f5a1caad6daaba987f?s=96&d=mm&r=g\",\"url\":\"https:\/\/secure.gravatar.com\/avatar\/de1c686c2ecc9c5a3f327e3431d819eb39f8f05d4e1045f5a1caad6daaba987f?s=96&d=mm&r=g\",\"contentUrl\":\"https:\/\/secure.gravatar.com\/avatar\/de1c686c2ecc9c5a3f327e3431d819eb39f8f05d4e1045f5a1caad6daaba987f?s=96&d=mm&r=g\",\"caption\":\"Equipe MH\"}}]}<\/script>\n<!-- \/ Yoast SEO plugin. -->","yoast_head_json":{"title":"TST: Tribunal&nbsp;restabelece responsabilidade do Bahia por morte de jogador em raz\u00e3o de AVC | Portal de Not\u00edcias","robots":{"index":"index","follow":"follow","max-snippet":"max-snippet:-1","max-image-preview":"max-image-preview:large","max-video-preview":"max-video-preview:-1"},"canonical":"https:\/\/mhcalculos.com.br\/noticias\/area\/trabalhista\/tst-tribunal-restabelece-responsabilidade-do-bahia-por-morte-de-jogador-em-razao-de-avc.html","og_locale":"pt_BR","og_type":"article","og_title":"TST: Tribunal&nbsp;restabelece responsabilidade do Bahia por morte de jogador em raz\u00e3o de AVC | Portal de Not\u00edcias","og_description":"A vi\u00fava e as filhas do meia Cl\u00e9ber, falecido em 2007, receber\u00e3o indeniza\u00e7\u00e3o. Detalhe de gramado de campo de futebol 07\/01\/22 &#8211;&nbsp;A Subse\u00e7\u00e3o I Especializada em Diss\u00eddios Individuais (SDI-1) do Tribunal Superior do Trabalho restabeleceu a condena\u00e7\u00e3o do Esporte Clube Bahia S\/A, de Salvador (BA), ao pagamento de R$ 150 mil \u00e0 vi\u00fava e \u00e0s [&hellip;]","og_url":"https:\/\/mhcalculos.com.br\/noticias\/area\/trabalhista\/tst-tribunal-restabelece-responsabilidade-do-bahia-por-morte-de-jogador-em-razao-de-avc.html","og_site_name":"Portal de Not\u00edcias","article_published_time":"2022-01-07T21:28:00+00:00","og_image":[{"width":2000,"height":800,"url":"https:\/\/mhcalculos.com.br\/noticias\/wp-content\/uploads\/sites\/2\/2018\/06\/trabalhista-0043.jpg","type":"image\/jpeg"}],"author":"Equipe MH","twitter_card":"summary_large_image","twitter_misc":{"Escrito por":"Equipe MH","Est. tempo de leitura":"5 minutos"},"schema":{"@context":"https:\/\/schema.org","@graph":[{"@type":"Article","@id":"https:\/\/mhcalculos.com.br\/noticias\/area\/trabalhista\/tst-tribunal-restabelece-responsabilidade-do-bahia-por-morte-de-jogador-em-razao-de-avc.html#article","isPartOf":{"@id":"https:\/\/mhcalculos.com.br\/noticias\/area\/trabalhista\/tst-tribunal-restabelece-responsabilidade-do-bahia-por-morte-de-jogador-em-razao-de-avc.html"},"author":{"name":"Equipe MH","@id":"https:\/\/mhcalculos.com.br\/noticias\/#\/schema\/person\/88d1c34bf72dc779ea14a5a6b8e0ae8d"},"headline":"TST: Tribunal&nbsp;restabelece responsabilidade do Bahia por morte de jogador em raz\u00e3o de AVC","datePublished":"2022-01-07T21:28:00+00:00","mainEntityOfPage":{"@id":"https:\/\/mhcalculos.com.br\/noticias\/area\/trabalhista\/tst-tribunal-restabelece-responsabilidade-do-bahia-por-morte-de-jogador-em-razao-de-avc.html"},"wordCount":930,"commentCount":0,"image":{"@id":"https:\/\/mhcalculos.com.br\/noticias\/area\/trabalhista\/tst-tribunal-restabelece-responsabilidade-do-bahia-por-morte-de-jogador-em-razao-de-avc.html#primaryimage"},"thumbnailUrl":"https:\/\/mhcalculos.com.br\/noticias\/wp-content\/uploads\/sites\/2\/2018\/06\/trabalhista-0043.jpg","keywords":["c\u00e1lculos trabalhistas","direito trabalhista","per\u00edcia","perito","trabalho","TST"],"articleSection":["Direito Trabalhista","TST"],"inLanguage":"pt-BR","potentialAction":[{"@type":"CommentAction","name":"Comment","target":["https:\/\/mhcalculos.com.br\/noticias\/area\/trabalhista\/tst-tribunal-restabelece-responsabilidade-do-bahia-por-morte-de-jogador-em-razao-de-avc.html#respond"]}]},{"@type":"WebPage","@id":"https:\/\/mhcalculos.com.br\/noticias\/area\/trabalhista\/tst-tribunal-restabelece-responsabilidade-do-bahia-por-morte-de-jogador-em-razao-de-avc.html","url":"https:\/\/mhcalculos.com.br\/noticias\/area\/trabalhista\/tst-tribunal-restabelece-responsabilidade-do-bahia-por-morte-de-jogador-em-razao-de-avc.html","name":"TST: Tribunal&nbsp;restabelece responsabilidade do Bahia por morte de jogador em raz\u00e3o de AVC | Portal de Not\u00edcias","isPartOf":{"@id":"https:\/\/mhcalculos.com.br\/noticias\/#website"},"primaryImageOfPage":{"@id":"https:\/\/mhcalculos.com.br\/noticias\/area\/trabalhista\/tst-tribunal-restabelece-responsabilidade-do-bahia-por-morte-de-jogador-em-razao-de-avc.html#primaryimage"},"image":{"@id":"https:\/\/mhcalculos.com.br\/noticias\/area\/trabalhista\/tst-tribunal-restabelece-responsabilidade-do-bahia-por-morte-de-jogador-em-razao-de-avc.html#primaryimage"},"thumbnailUrl":"https:\/\/mhcalculos.com.br\/noticias\/wp-content\/uploads\/sites\/2\/2018\/06\/trabalhista-0043.jpg","datePublished":"2022-01-07T21:28:00+00:00","author":{"@id":"https:\/\/mhcalculos.com.br\/noticias\/#\/schema\/person\/88d1c34bf72dc779ea14a5a6b8e0ae8d"},"breadcrumb":{"@id":"https:\/\/mhcalculos.com.br\/noticias\/area\/trabalhista\/tst-tribunal-restabelece-responsabilidade-do-bahia-por-morte-de-jogador-em-razao-de-avc.html#breadcrumb"},"inLanguage":"pt-BR","potentialAction":[{"@type":"ReadAction","target":["https:\/\/mhcalculos.com.br\/noticias\/area\/trabalhista\/tst-tribunal-restabelece-responsabilidade-do-bahia-por-morte-de-jogador-em-razao-de-avc.html"]}]},{"@type":"ImageObject","inLanguage":"pt-BR","@id":"https:\/\/mhcalculos.com.br\/noticias\/area\/trabalhista\/tst-tribunal-restabelece-responsabilidade-do-bahia-por-morte-de-jogador-em-razao-de-avc.html#primaryimage","url":"https:\/\/mhcalculos.com.br\/noticias\/wp-content\/uploads\/sites\/2\/2018\/06\/trabalhista-0043.jpg","contentUrl":"https:\/\/mhcalculos.com.br\/noticias\/wp-content\/uploads\/sites\/2\/2018\/06\/trabalhista-0043.jpg","width":2000,"height":800},{"@type":"BreadcrumbList","@id":"https:\/\/mhcalculos.com.br\/noticias\/area\/trabalhista\/tst-tribunal-restabelece-responsabilidade-do-bahia-por-morte-de-jogador-em-razao-de-avc.html#breadcrumb","itemListElement":[{"@type":"ListItem","position":1,"name":"In\u00edcio","item":"https:\/\/mhcalculos.com.br\/noticias\/"},{"@type":"ListItem","position":2,"name":"TST: Tribunal&nbsp;restabelece responsabilidade do Bahia por morte de jogador em raz\u00e3o de AVC"}]},{"@type":"WebSite","@id":"https:\/\/mhcalculos.com.br\/noticias\/#website","url":"https:\/\/mhcalculos.com.br\/noticias\/","name":"Portal de Not\u00edcias","description":"Not\u00edcias e Jurisprud\u00eancia","potentialAction":[{"@type":"SearchAction","target":{"@type":"EntryPoint","urlTemplate":"https:\/\/mhcalculos.com.br\/noticias\/?s={search_term_string}"},"query-input":{"@type":"PropertyValueSpecification","valueRequired":true,"valueName":"search_term_string"}}],"inLanguage":"pt-BR"},{"@type":"Person","@id":"https:\/\/mhcalculos.com.br\/noticias\/#\/schema\/person\/88d1c34bf72dc779ea14a5a6b8e0ae8d","name":"Equipe MH","image":{"@type":"ImageObject","inLanguage":"pt-BR","@id":"https:\/\/secure.gravatar.com\/avatar\/de1c686c2ecc9c5a3f327e3431d819eb39f8f05d4e1045f5a1caad6daaba987f?s=96&d=mm&r=g","url":"https:\/\/secure.gravatar.com\/avatar\/de1c686c2ecc9c5a3f327e3431d819eb39f8f05d4e1045f5a1caad6daaba987f?s=96&d=mm&r=g","contentUrl":"https:\/\/secure.gravatar.com\/avatar\/de1c686c2ecc9c5a3f327e3431d819eb39f8f05d4e1045f5a1caad6daaba987f?s=96&d=mm&r=g","caption":"Equipe MH"}}]}},"_links":{"self":[{"href":"https:\/\/mhcalculos.com.br\/noticias\/wp-json\/wp\/v2\/posts\/10800","targetHints":{"allow":["GET"]}}],"collection":[{"href":"https:\/\/mhcalculos.com.br\/noticias\/wp-json\/wp\/v2\/posts"}],"about":[{"href":"https:\/\/mhcalculos.com.br\/noticias\/wp-json\/wp\/v2\/types\/post"}],"author":[{"embeddable":true,"href":"https:\/\/mhcalculos.com.br\/noticias\/wp-json\/wp\/v2\/users\/3063"}],"replies":[{"embeddable":true,"href":"https:\/\/mhcalculos.com.br\/noticias\/wp-json\/wp\/v2\/comments?post=10800"}],"version-history":[{"count":0,"href":"https:\/\/mhcalculos.com.br\/noticias\/wp-json\/wp\/v2\/posts\/10800\/revisions"}],"wp:featuredmedia":[{"embeddable":true,"href":"https:\/\/mhcalculos.com.br\/noticias\/wp-json\/wp\/v2\/media\/1972"}],"wp:attachment":[{"href":"https:\/\/mhcalculos.com.br\/noticias\/wp-json\/wp\/v2\/media?parent=10800"}],"wp:term":[{"taxonomy":"category","embeddable":true,"href":"https:\/\/mhcalculos.com.br\/noticias\/wp-json\/wp\/v2\/categories?post=10800"},{"taxonomy":"post_tag","embeddable":true,"href":"https:\/\/mhcalculos.com.br\/noticias\/wp-json\/wp\/v2\/tags?post=10800"}],"curies":[{"name":"wp","href":"https:\/\/api.w.org\/{rel}","templated":true}]}}