{"id":10771,"date":"2021-12-10T07:40:00","date_gmt":"2021-12-10T10:40:00","guid":{"rendered":"https:\/\/mhcalculos.com.br\/noticias\/area\/trabalhista\/tst-motorista-incorporara-premios-por-quilometro-rodado-no-calculo-das-horas-extras.html"},"modified":"2021-12-10T07:40:00","modified_gmt":"2021-12-10T10:40:00","slug":"tst-motorista-incorporara-premios-por-quilometro-rodado-no-calculo-das-horas-extras","status":"publish","type":"post","link":"https:\/\/mhcalculos.com.br\/noticias\/area\/trabalhista\/tst-motorista-incorporara-premios-por-quilometro-rodado-no-calculo-das-horas-extras.html","title":{"rendered":"TST: Motorista incorporar\u00e1 pr\u00eamios por quil\u00f4metro rodado no c\u00e1lculo das horas extras"},"content":{"rendered":"<p><br \/>\n<\/p>\n<p><em><\/p>\n<p>A decis\u00e3o segue a jurisprud\u00eancia do TST sobre a mat\u00e9ria.<\/p>\n<p><\/em><\/p>\n<p>        <a class=\"share-facebook\" href=\"https:\/\/www.facebook.com\/sharer.php?u=http:\/\/www.tst.jus.br\/-\/motorista-incorporar%C3%A1-pr%C3%AAmios-por-quil%C3%B4metro-rodado-no-c%C3%A1lculo-das-horas-extras\" target=\"_blank\" rel=\"noopener\"><\/a><br \/>\n        <a class=\"share-twitter\" href=\"http:\/\/twitter.com\/intent\/tweet?text=Motorista incorporar\u00e1 pr\u00eamios por quil\u00f4metro rodado no c\u00e1lculo das horas extras%0AVeja%20mais%20em:&amp;url=http:\/\/www.tst.jus.br\/-\/motorista-incorporar%C3%A1-pr%C3%AAmios-por-quil%C3%B4metro-rodado-no-c%C3%A1lculo-das-horas-extras\" target=\"_blank\" rel=\"noopener\"><\/a><br \/>\n        <a class=\"share-linkedin\" href=\"https:\/\/www.linkedin.com\/shareArticle?mini=true&amp;url=http:\/\/www.tst.jus.br\/-\/motorista-incorporar%C3%A1-pr%C3%AAmios-por-quil%C3%B4metro-rodado-no-c%C3%A1lculo-das-horas-extras&amp;title=Motorista incorporar\u00e1 pr\u00eamios por quil\u00f4metro rodado no c\u00e1lculo das horas extras\" target=\"_blank\" rel=\"noopener\"><\/a><br \/>\n        <a class=\"share-whatsapp\" href=\"https:\/\/web.whatsapp.com\/send?text=http:\/\/www.tst.jus.br\/-\/motorista-incorporar%C3%A1-pr%C3%AAmios-por-quil%C3%B4metro-rodado-no-c%C3%A1lculo-das-horas-extras\" target=\"_blank\" rel=\"noopener\"><\/a><br \/>\n        <a class=\"share-googleplus\" href=\"https:\/\/plus.google.com\/share?url=http:\/\/www.tst.jus.br\/-\/motorista-incorporar%C3%A1-pr%C3%AAmios-por-quil%C3%B4metro-rodado-no-c%C3%A1lculo-das-horas-extras\" target=\"_blank\" rel=\"noopener\"><\/a><\/p>\n<p>                <\/p>\n<p>Caminh\u00e3o na estrada<\/p>\n<p>                    <a class=\"share-facebook\" href=\"https:\/\/www.facebook.com\/sharer.php?u=http:\/\/www.tst.jus.br\/-\/motorista-incorporar%C3%A1-pr%C3%AAmios-por-quil%C3%B4metro-rodado-no-c%C3%A1lculo-das-horas-extras\" target=\"_blank\" rel=\"noopener\"><\/a><br \/>\n                    <a class=\"share-twitter\" href=\"http:\/\/twitter.com\/intent\/tweet?text=Motorista incorporar\u00e1 pr\u00eamios por quil\u00f4metro rodado no c\u00e1lculo das horas extras%0AVeja%20mais%20em:&amp;url=http:\/\/www.tst.jus.br\/-\/motorista-incorporar%C3%A1-pr%C3%AAmios-por-quil%C3%B4metro-rodado-no-c%C3%A1lculo-das-horas-extras\" target=\"_blank\" rel=\"noopener\"><\/a><br \/>\n                    <a class=\"share-linkedin\" href=\"https:\/\/www.linkedin.com\/shareArticle?mini=true&amp;url=http:\/\/www.tst.jus.br\/-\/motorista-incorporar%C3%A1-pr%C3%AAmios-por-quil%C3%B4metro-rodado-no-c%C3%A1lculo-das-horas-extras&amp;title=Motorista incorporar\u00e1 pr\u00eamios por quil\u00f4metro rodado no c\u00e1lculo das horas extras\" target=\"_blank\" rel=\"noopener\"><\/a><br \/>\n                    <a class=\"share-whatsapp\" href=\"https:\/\/web.whatsapp.com\/send?text=http:\/\/www.tst.jus.br\/-\/motorista-incorporar%C3%A1-pr%C3%AAmios-por-quil%C3%B4metro-rodado-no-c%C3%A1lculo-das-horas-extras\" target=\"_blank\" rel=\"noopener\"><\/a><br \/>\n                    <a class=\"share-googleplus\" href=\"https:\/\/plus.google.com\/share?url=http:\/\/www.tst.jus.br\/-\/motorista-incorporar%C3%A1-pr%C3%AAmios-por-quil%C3%B4metro-rodado-no-c%C3%A1lculo-das-horas-extras\" target=\"_blank\" rel=\"noopener\"><\/a><\/p>\n<p>10\/12\/21 &#8211; A&nbsp;Segunda Turma do Tribunal Superior do Trabalho determinou a incid\u00eancia do pr\u00eamio baseado nos quil\u00f4metros rodados, pago pela JBS S.A. a um motorista carreteiro, no c\u00e1lculo das horas extras. Para o colegiado, trata-se de entendimento j\u00e1 consolidado no TST.<\/p>\n<h4>Quilometragem<\/h4>\n<p>O motorista trabalhou para a ind\u00fastria frigor\u00edfica de setembro de 2009 a maio de 2004. Seu sal\u00e1rio era composto de um valor fixo e de uma parcela vari\u00e1vel, sob rubricas como \u201cpr\u00eamio km rodado\u201d e \u201cpr\u00eamio quilometragem\/pr\u00eamio produ\u00e7\u00e3o\u201d.&nbsp;<\/p>\n<p>Na reclama\u00e7\u00e3o trabalhista, ele sustentou que esses valores constitu\u00edam parcela de natureza nitidamente salarial, pois eram pagos em retribui\u00e7\u00e3o pelo servi\u00e7o prestado. \u201cQuanto mais rodasse o motorista, maior seria a sua remunera\u00e7\u00e3o ao final do m\u00eas\u201d, afirmou.<\/p>\n<h4>Comissionista misto<\/h4>\n<p>O ju\u00edzo de primeiro grau e o Tribunal Regional do Trabalho da 15\u00aa Regi\u00e3o (Campinas\/SP) julgaram improcedente o pedido do motorista e limitaram a condena\u00e7\u00e3o ao pagamento das horas extras, em rela\u00e7\u00e3o \u00e0 parcela, ao pagamento apenas do respectivo adicional. Para o TRT, o empregado se enquadrava com comissionista misto, pois recebia o sal\u00e1rio fixo e o pr\u00eamio por produtividade. A decis\u00e3o foi fundamentada na<a href=\"https:\/\/www3.tst.jus.br\/jurisprudencia\/Sumulas_com_indice\/Sumulas_Ind_301_350.html#SUM-340\" target=\"_blank\" rel=\"noopener\"> S\u00famula 340<\/a> do TST, que trata das horas extras sobre comiss\u00f5es, e na <a href=\"https:\/\/www3.tst.jus.br\/jurisprudencia\/OJ_SDI_1\/n_s1_381.html#TEMA397\" target=\"_blank\" rel=\"noopener\">Orienta\u00e7\u00e3o Jurisprudencial (OJ) 397<\/a> da Subse\u00e7\u00e3o I Especializada em Diss\u00eddios Individuais (SDI-1) do TST, segundo a qual os comissionistas mistos t\u00eam direito apenas o direito ao adicional sobre a parte vari\u00e1vel da remunera\u00e7\u00e3o.&nbsp;<\/p>\n<h4>Incid\u00eancia nas horas extras<\/h4>\n<p>A relatora do recurso de revista do motorista, ministra Maria Helena Mallmann, observou que a diretriz da S\u00famula 340 e da OJ 397 n\u00e3o contemplam o caso do motorista, em que as verbas integrantes da parcela por quil\u00f4metro rodado eram pagas pelo cumprimento de metas, e n\u00e3o pela venda de produtos.&nbsp;<\/p>\n<p>A decis\u00e3o foi un\u00e2nime.<\/p>\n<p>(GL\/CF)<\/p>\n<p>Processo:&nbsp;<a href=\"http:\/\/aplicacao4.tst.jus.br\/consultaProcessual\/consultaTstNumUnica.do?consulta=Consultar&amp;conscsjt=&amp;numeroTst=13013&amp;digitoTst=13&amp;anoTst=2015&amp;orgaoTst=5&amp;tribunalTst=15&amp;varaTst=0062&amp;submit=Consultar\" target=\"_blank\" rel=\"noopener\">ARR-13013-13.2015.5.15.0062<\/a><\/p>\n<p>O TST tem oito Turmas, cada uma composta por tr\u00eas ministros, com a atribui\u00e7\u00e3o de analisar recursos de revista, agravos, agravos de instrumento, agravos regimentais e recursos ordin\u00e1rios em a\u00e7\u00e3o cautelar. Das decis\u00f5es das Turmas, a parte ainda pode, em alguns casos, recorrer \u00e0 Subse\u00e7\u00e3o I Especializada em Diss\u00eddios Individuais (SDI-1).<\/p>\n<p>Esta mat\u00e9ria tem cunho meramente informativo.<br \/>\nPermitida a reprodu\u00e7\u00e3o mediante cita\u00e7\u00e3o da fonte.<br \/>\nSecretaria de Comunica\u00e7\u00e3o Social<br \/>\n<a href=\"http:\/\/www.tst.jus.br\" target=\"_blank\" rel=\"noopener\">Tribunal Superior do Trabalho<\/a><br \/>\nTel. (61) 3043-4907<br \/>\n<a href=\"mailto:secom@tst.jus.br\" target=\"\" rel=\"noopener\">secom@tst.jus.br<\/a><\/p>\n<p>    $(&#8216;#lightbox-jogv_ .slider-gallery-wrapper img&#8217;).hover(<br \/>\n    function() {<br \/>\n        const $text=$($($(this).parent()).next());<br \/>\n        $text.hasClass(&#8216;inside-description&#8217;) &amp;&amp; $text.fadeTo( &#8220;slow&#8221; , 0);<br \/>\n    }, function() {<br \/>\n        const $text=$($($(this).parent()).next());<br \/>\n        $text.hasClass(&#8216;inside-description&#8217;) &amp;&amp; $text.fadeTo( &#8220;slow&#8221; , 1);<br \/>\n    }<br \/>\n    );<br \/>\n    $(document).ready(function() {<br \/>\n        var jogv_autoplaying=false;<br \/>\n        var jogv_showingLightbox=false;<br \/>\n        const jogv_playPauseControllers=&#8221;#slider-jogv_-playpause, #slider-jogv_-lightbox-playpause&#8221;;<br \/>\n        $(&#8220;#slider-jogv_&#8221;).slick({<br \/>\n            slidesToShow: 1,<br \/>\n            slidesToScroll: 1,<br \/>\n            autoplay: jogv_autoplaying,<br \/>\n            swipeToSlide: false,<br \/>\n            centerMode: false,<br \/>\n            autoplaySpeed: 3000,<br \/>\n            focusOnSelect: true,<br \/>\n            prevArrow:<br \/>\n            &#8221;,<br \/>\n            nextArrow:<br \/>\n            &#8221;,<br \/>\n            centerPadding: &#8220;60px&#8221;,<br \/>\n            responsive: [<br \/>\n                {<br \/>\n                    breakpoint: 767.98,<br \/>\n                    settings: {<br \/>\n                        slidesToShow: 3,<br \/>\n                        adaptiveHeight: true<br \/>\n                    }<br \/>\n                }<br \/>\n            ]<br \/>\n        });<br \/>\n        $(&#8220;#slider-jogv_&#8221;).slickLightbox({<br \/>\n            src: &#8216;src&#8217;,<br \/>\n            itemSelector: &#8216;.galery-image .multimidia-wrapper img&#8217;,<br \/>\n            caption:&#8217;caption&#8217;<br \/>\n        });<br \/>\n    });<br \/>\n<script async src=\"https:\/\/platform.twitter.com\/widgets.js\" charset=\"utf-8\"><\/script><br \/>\n<br \/><i>Com informa\u00e7\u00f5es da assessoria de imprensa do TST.<\/i><br \/>\n<br \/><a href=\"http:\/\/www.tst.jus.br\/web\/guest\/noticias?p_p_id=89Dk&#038;p_p_lifecycle=0&#038;refererPlid=10730&#038;_89Dk_groupId=10157&#038;_89Dk_articleId=27825269\">Fonte<\/a><br \/>\n<br \/><\/p>\n","protected":false},"excerpt":{"rendered":"<p>A decis\u00e3o segue a jurisprud\u00eancia do TST sobre a mat\u00e9ria. Caminh\u00e3o na estrada 10\/12\/21 &#8211; A&nbsp;Segunda Turma do Tribunal Superior do Trabalho determinou a incid\u00eancia do pr\u00eamio baseado nos quil\u00f4metros rodados, pago pela JBS S.A. a um motorista carreteiro, no c\u00e1lculo das horas extras. Para o colegiado, trata-se de entendimento j\u00e1 consolidado no TST. Quilometragem [&hellip;]<\/p>\n","protected":false},"author":3063,"featured_media":7761,"comment_status":"open","ping_status":"open","sticky":false,"template":"","format":"standard","meta":{"footnotes":""},"categories":[3,21],"tags":[33,216,9,12,217,215],"class_list":{"0":"post-10771","1":"post","2":"type-post","3":"status-publish","4":"format-standard","5":"has-post-thumbnail","7":"category-trabalhista","8":"category-tst","9":"tag-calculos-trabalhistas","10":"tag-direito-trabalhista","11":"tag-pericia","12":"tag-perito","13":"tag-trabalho","14":"tag-tst"},"yoast_head":"<!-- This site is optimized with the Yoast SEO plugin v27.2 - https:\/\/yoast.com\/product\/yoast-seo-wordpress\/ -->\n<title>TST: Motorista incorporar\u00e1 pr\u00eamios por quil\u00f4metro rodado no c\u00e1lculo das horas extras | Portal de Not\u00edcias<\/title>\n<meta name=\"robots\" content=\"index, follow, max-snippet:-1, max-image-preview:large, max-video-preview:-1\" \/>\n<link rel=\"canonical\" href=\"https:\/\/mhcalculos.com.br\/noticias\/area\/trabalhista\/tst-motorista-incorporara-premios-por-quilometro-rodado-no-calculo-das-horas-extras.html\" \/>\n<meta property=\"og:locale\" content=\"pt_BR\" \/>\n<meta property=\"og:type\" content=\"article\" \/>\n<meta property=\"og:title\" content=\"TST: Motorista incorporar\u00e1 pr\u00eamios por quil\u00f4metro rodado no c\u00e1lculo das horas extras | Portal de Not\u00edcias\" \/>\n<meta property=\"og:description\" content=\"A decis\u00e3o segue a jurisprud\u00eancia do TST sobre a mat\u00e9ria. Caminh\u00e3o na estrada 10\/12\/21 &#8211; A&nbsp;Segunda Turma do Tribunal Superior do Trabalho determinou a incid\u00eancia do pr\u00eamio baseado nos quil\u00f4metros rodados, pago pela JBS S.A. a um motorista carreteiro, no c\u00e1lculo das horas extras. Para o colegiado, trata-se de entendimento j\u00e1 consolidado no TST. Quilometragem [&hellip;]\" \/>\n<meta property=\"og:url\" content=\"https:\/\/mhcalculos.com.br\/noticias\/area\/trabalhista\/tst-motorista-incorporara-premios-por-quilometro-rodado-no-calculo-das-horas-extras.html\" \/>\n<meta property=\"og:site_name\" content=\"Portal de Not\u00edcias\" \/>\n<meta property=\"article:published_time\" content=\"2021-12-10T10:40:00+00:00\" \/>\n<meta property=\"og:image\" content=\"https:\/\/mhcalculos.com.br\/noticias\/wp-content\/uploads\/sites\/2\/2020\/12\/judiciario-0034.jpg\" \/>\n\t<meta property=\"og:image:width\" content=\"2000\" \/>\n\t<meta property=\"og:image:height\" content=\"800\" \/>\n\t<meta property=\"og:image:type\" content=\"image\/jpeg\" \/>\n<meta name=\"author\" content=\"Equipe MH\" \/>\n<meta name=\"twitter:card\" content=\"summary_large_image\" \/>\n<meta name=\"twitter:label1\" content=\"Escrito por\" \/>\n\t<meta name=\"twitter:data1\" content=\"Equipe MH\" \/>\n\t<meta name=\"twitter:label2\" content=\"Est. tempo de leitura\" \/>\n\t<meta name=\"twitter:data2\" content=\"3 minutos\" \/>\n<script type=\"application\/ld+json\" class=\"yoast-schema-graph\">{\"@context\":\"https:\/\/schema.org\",\"@graph\":[{\"@type\":\"Article\",\"@id\":\"https:\/\/mhcalculos.com.br\/noticias\/area\/trabalhista\/tst-motorista-incorporara-premios-por-quilometro-rodado-no-calculo-das-horas-extras.html#article\",\"isPartOf\":{\"@id\":\"https:\/\/mhcalculos.com.br\/noticias\/area\/trabalhista\/tst-motorista-incorporara-premios-por-quilometro-rodado-no-calculo-das-horas-extras.html\"},\"author\":{\"name\":\"Equipe MH\",\"@id\":\"https:\/\/mhcalculos.com.br\/noticias\/#\/schema\/person\/88d1c34bf72dc779ea14a5a6b8e0ae8d\"},\"headline\":\"TST: Motorista incorporar\u00e1 pr\u00eamios por quil\u00f4metro rodado no c\u00e1lculo das horas extras\",\"datePublished\":\"2021-12-10T10:40:00+00:00\",\"mainEntityOfPage\":{\"@id\":\"https:\/\/mhcalculos.com.br\/noticias\/area\/trabalhista\/tst-motorista-incorporara-premios-por-quilometro-rodado-no-calculo-das-horas-extras.html\"},\"wordCount\":550,\"commentCount\":0,\"image\":{\"@id\":\"https:\/\/mhcalculos.com.br\/noticias\/area\/trabalhista\/tst-motorista-incorporara-premios-por-quilometro-rodado-no-calculo-das-horas-extras.html#primaryimage\"},\"thumbnailUrl\":\"https:\/\/mhcalculos.com.br\/noticias\/wp-content\/uploads\/sites\/2\/2020\/12\/judiciario-0034.jpg\",\"keywords\":[\"c\u00e1lculos trabalhistas\",\"direito trabalhista\",\"per\u00edcia\",\"perito\",\"trabalho\",\"TST\"],\"articleSection\":[\"Direito Trabalhista\",\"TST\"],\"inLanguage\":\"pt-BR\",\"potentialAction\":[{\"@type\":\"CommentAction\",\"name\":\"Comment\",\"target\":[\"https:\/\/mhcalculos.com.br\/noticias\/area\/trabalhista\/tst-motorista-incorporara-premios-por-quilometro-rodado-no-calculo-das-horas-extras.html#respond\"]}]},{\"@type\":\"WebPage\",\"@id\":\"https:\/\/mhcalculos.com.br\/noticias\/area\/trabalhista\/tst-motorista-incorporara-premios-por-quilometro-rodado-no-calculo-das-horas-extras.html\",\"url\":\"https:\/\/mhcalculos.com.br\/noticias\/area\/trabalhista\/tst-motorista-incorporara-premios-por-quilometro-rodado-no-calculo-das-horas-extras.html\",\"name\":\"TST: Motorista incorporar\u00e1 pr\u00eamios por quil\u00f4metro rodado no c\u00e1lculo das horas extras | Portal de Not\u00edcias\",\"isPartOf\":{\"@id\":\"https:\/\/mhcalculos.com.br\/noticias\/#website\"},\"primaryImageOfPage\":{\"@id\":\"https:\/\/mhcalculos.com.br\/noticias\/area\/trabalhista\/tst-motorista-incorporara-premios-por-quilometro-rodado-no-calculo-das-horas-extras.html#primaryimage\"},\"image\":{\"@id\":\"https:\/\/mhcalculos.com.br\/noticias\/area\/trabalhista\/tst-motorista-incorporara-premios-por-quilometro-rodado-no-calculo-das-horas-extras.html#primaryimage\"},\"thumbnailUrl\":\"https:\/\/mhcalculos.com.br\/noticias\/wp-content\/uploads\/sites\/2\/2020\/12\/judiciario-0034.jpg\",\"datePublished\":\"2021-12-10T10:40:00+00:00\",\"author\":{\"@id\":\"https:\/\/mhcalculos.com.br\/noticias\/#\/schema\/person\/88d1c34bf72dc779ea14a5a6b8e0ae8d\"},\"breadcrumb\":{\"@id\":\"https:\/\/mhcalculos.com.br\/noticias\/area\/trabalhista\/tst-motorista-incorporara-premios-por-quilometro-rodado-no-calculo-das-horas-extras.html#breadcrumb\"},\"inLanguage\":\"pt-BR\",\"potentialAction\":[{\"@type\":\"ReadAction\",\"target\":[\"https:\/\/mhcalculos.com.br\/noticias\/area\/trabalhista\/tst-motorista-incorporara-premios-por-quilometro-rodado-no-calculo-das-horas-extras.html\"]}]},{\"@type\":\"ImageObject\",\"inLanguage\":\"pt-BR\",\"@id\":\"https:\/\/mhcalculos.com.br\/noticias\/area\/trabalhista\/tst-motorista-incorporara-premios-por-quilometro-rodado-no-calculo-das-horas-extras.html#primaryimage\",\"url\":\"https:\/\/mhcalculos.com.br\/noticias\/wp-content\/uploads\/sites\/2\/2020\/12\/judiciario-0034.jpg\",\"contentUrl\":\"https:\/\/mhcalculos.com.br\/noticias\/wp-content\/uploads\/sites\/2\/2020\/12\/judiciario-0034.jpg\",\"width\":2000,\"height\":800},{\"@type\":\"BreadcrumbList\",\"@id\":\"https:\/\/mhcalculos.com.br\/noticias\/area\/trabalhista\/tst-motorista-incorporara-premios-por-quilometro-rodado-no-calculo-das-horas-extras.html#breadcrumb\",\"itemListElement\":[{\"@type\":\"ListItem\",\"position\":1,\"name\":\"In\u00edcio\",\"item\":\"https:\/\/mhcalculos.com.br\/noticias\/\"},{\"@type\":\"ListItem\",\"position\":2,\"name\":\"TST: Motorista incorporar\u00e1 pr\u00eamios por quil\u00f4metro rodado no c\u00e1lculo das horas extras\"}]},{\"@type\":\"WebSite\",\"@id\":\"https:\/\/mhcalculos.com.br\/noticias\/#website\",\"url\":\"https:\/\/mhcalculos.com.br\/noticias\/\",\"name\":\"Portal de Not\u00edcias\",\"description\":\"Not\u00edcias e Jurisprud\u00eancia\",\"potentialAction\":[{\"@type\":\"SearchAction\",\"target\":{\"@type\":\"EntryPoint\",\"urlTemplate\":\"https:\/\/mhcalculos.com.br\/noticias\/?s={search_term_string}\"},\"query-input\":{\"@type\":\"PropertyValueSpecification\",\"valueRequired\":true,\"valueName\":\"search_term_string\"}}],\"inLanguage\":\"pt-BR\"},{\"@type\":\"Person\",\"@id\":\"https:\/\/mhcalculos.com.br\/noticias\/#\/schema\/person\/88d1c34bf72dc779ea14a5a6b8e0ae8d\",\"name\":\"Equipe MH\",\"image\":{\"@type\":\"ImageObject\",\"inLanguage\":\"pt-BR\",\"@id\":\"https:\/\/secure.gravatar.com\/avatar\/de1c686c2ecc9c5a3f327e3431d819eb39f8f05d4e1045f5a1caad6daaba987f?s=96&d=mm&r=g\",\"url\":\"https:\/\/secure.gravatar.com\/avatar\/de1c686c2ecc9c5a3f327e3431d819eb39f8f05d4e1045f5a1caad6daaba987f?s=96&d=mm&r=g\",\"contentUrl\":\"https:\/\/secure.gravatar.com\/avatar\/de1c686c2ecc9c5a3f327e3431d819eb39f8f05d4e1045f5a1caad6daaba987f?s=96&d=mm&r=g\",\"caption\":\"Equipe MH\"}}]}<\/script>\n<!-- \/ Yoast SEO plugin. -->","yoast_head_json":{"title":"TST: Motorista incorporar\u00e1 pr\u00eamios por quil\u00f4metro rodado no c\u00e1lculo das horas extras | Portal de Not\u00edcias","robots":{"index":"index","follow":"follow","max-snippet":"max-snippet:-1","max-image-preview":"max-image-preview:large","max-video-preview":"max-video-preview:-1"},"canonical":"https:\/\/mhcalculos.com.br\/noticias\/area\/trabalhista\/tst-motorista-incorporara-premios-por-quilometro-rodado-no-calculo-das-horas-extras.html","og_locale":"pt_BR","og_type":"article","og_title":"TST: Motorista incorporar\u00e1 pr\u00eamios por quil\u00f4metro rodado no c\u00e1lculo das horas extras | Portal de Not\u00edcias","og_description":"A decis\u00e3o segue a jurisprud\u00eancia do TST sobre a mat\u00e9ria. Caminh\u00e3o na estrada 10\/12\/21 &#8211; A&nbsp;Segunda Turma do Tribunal Superior do Trabalho determinou a incid\u00eancia do pr\u00eamio baseado nos quil\u00f4metros rodados, pago pela JBS S.A. a um motorista carreteiro, no c\u00e1lculo das horas extras. Para o colegiado, trata-se de entendimento j\u00e1 consolidado no TST. Quilometragem [&hellip;]","og_url":"https:\/\/mhcalculos.com.br\/noticias\/area\/trabalhista\/tst-motorista-incorporara-premios-por-quilometro-rodado-no-calculo-das-horas-extras.html","og_site_name":"Portal de Not\u00edcias","article_published_time":"2021-12-10T10:40:00+00:00","og_image":[{"width":2000,"height":800,"url":"https:\/\/mhcalculos.com.br\/noticias\/wp-content\/uploads\/sites\/2\/2020\/12\/judiciario-0034.jpg","type":"image\/jpeg"}],"author":"Equipe MH","twitter_card":"summary_large_image","twitter_misc":{"Escrito por":"Equipe MH","Est. tempo de leitura":"3 minutos"},"schema":{"@context":"https:\/\/schema.org","@graph":[{"@type":"Article","@id":"https:\/\/mhcalculos.com.br\/noticias\/area\/trabalhista\/tst-motorista-incorporara-premios-por-quilometro-rodado-no-calculo-das-horas-extras.html#article","isPartOf":{"@id":"https:\/\/mhcalculos.com.br\/noticias\/area\/trabalhista\/tst-motorista-incorporara-premios-por-quilometro-rodado-no-calculo-das-horas-extras.html"},"author":{"name":"Equipe MH","@id":"https:\/\/mhcalculos.com.br\/noticias\/#\/schema\/person\/88d1c34bf72dc779ea14a5a6b8e0ae8d"},"headline":"TST: Motorista incorporar\u00e1 pr\u00eamios por quil\u00f4metro rodado no c\u00e1lculo das horas extras","datePublished":"2021-12-10T10:40:00+00:00","mainEntityOfPage":{"@id":"https:\/\/mhcalculos.com.br\/noticias\/area\/trabalhista\/tst-motorista-incorporara-premios-por-quilometro-rodado-no-calculo-das-horas-extras.html"},"wordCount":550,"commentCount":0,"image":{"@id":"https:\/\/mhcalculos.com.br\/noticias\/area\/trabalhista\/tst-motorista-incorporara-premios-por-quilometro-rodado-no-calculo-das-horas-extras.html#primaryimage"},"thumbnailUrl":"https:\/\/mhcalculos.com.br\/noticias\/wp-content\/uploads\/sites\/2\/2020\/12\/judiciario-0034.jpg","keywords":["c\u00e1lculos trabalhistas","direito trabalhista","per\u00edcia","perito","trabalho","TST"],"articleSection":["Direito Trabalhista","TST"],"inLanguage":"pt-BR","potentialAction":[{"@type":"CommentAction","name":"Comment","target":["https:\/\/mhcalculos.com.br\/noticias\/area\/trabalhista\/tst-motorista-incorporara-premios-por-quilometro-rodado-no-calculo-das-horas-extras.html#respond"]}]},{"@type":"WebPage","@id":"https:\/\/mhcalculos.com.br\/noticias\/area\/trabalhista\/tst-motorista-incorporara-premios-por-quilometro-rodado-no-calculo-das-horas-extras.html","url":"https:\/\/mhcalculos.com.br\/noticias\/area\/trabalhista\/tst-motorista-incorporara-premios-por-quilometro-rodado-no-calculo-das-horas-extras.html","name":"TST: Motorista incorporar\u00e1 pr\u00eamios por quil\u00f4metro rodado no c\u00e1lculo das horas extras | Portal de Not\u00edcias","isPartOf":{"@id":"https:\/\/mhcalculos.com.br\/noticias\/#website"},"primaryImageOfPage":{"@id":"https:\/\/mhcalculos.com.br\/noticias\/area\/trabalhista\/tst-motorista-incorporara-premios-por-quilometro-rodado-no-calculo-das-horas-extras.html#primaryimage"},"image":{"@id":"https:\/\/mhcalculos.com.br\/noticias\/area\/trabalhista\/tst-motorista-incorporara-premios-por-quilometro-rodado-no-calculo-das-horas-extras.html#primaryimage"},"thumbnailUrl":"https:\/\/mhcalculos.com.br\/noticias\/wp-content\/uploads\/sites\/2\/2020\/12\/judiciario-0034.jpg","datePublished":"2021-12-10T10:40:00+00:00","author":{"@id":"https:\/\/mhcalculos.com.br\/noticias\/#\/schema\/person\/88d1c34bf72dc779ea14a5a6b8e0ae8d"},"breadcrumb":{"@id":"https:\/\/mhcalculos.com.br\/noticias\/area\/trabalhista\/tst-motorista-incorporara-premios-por-quilometro-rodado-no-calculo-das-horas-extras.html#breadcrumb"},"inLanguage":"pt-BR","potentialAction":[{"@type":"ReadAction","target":["https:\/\/mhcalculos.com.br\/noticias\/area\/trabalhista\/tst-motorista-incorporara-premios-por-quilometro-rodado-no-calculo-das-horas-extras.html"]}]},{"@type":"ImageObject","inLanguage":"pt-BR","@id":"https:\/\/mhcalculos.com.br\/noticias\/area\/trabalhista\/tst-motorista-incorporara-premios-por-quilometro-rodado-no-calculo-das-horas-extras.html#primaryimage","url":"https:\/\/mhcalculos.com.br\/noticias\/wp-content\/uploads\/sites\/2\/2020\/12\/judiciario-0034.jpg","contentUrl":"https:\/\/mhcalculos.com.br\/noticias\/wp-content\/uploads\/sites\/2\/2020\/12\/judiciario-0034.jpg","width":2000,"height":800},{"@type":"BreadcrumbList","@id":"https:\/\/mhcalculos.com.br\/noticias\/area\/trabalhista\/tst-motorista-incorporara-premios-por-quilometro-rodado-no-calculo-das-horas-extras.html#breadcrumb","itemListElement":[{"@type":"ListItem","position":1,"name":"In\u00edcio","item":"https:\/\/mhcalculos.com.br\/noticias\/"},{"@type":"ListItem","position":2,"name":"TST: Motorista incorporar\u00e1 pr\u00eamios por quil\u00f4metro rodado no c\u00e1lculo das horas extras"}]},{"@type":"WebSite","@id":"https:\/\/mhcalculos.com.br\/noticias\/#website","url":"https:\/\/mhcalculos.com.br\/noticias\/","name":"Portal de Not\u00edcias","description":"Not\u00edcias e Jurisprud\u00eancia","potentialAction":[{"@type":"SearchAction","target":{"@type":"EntryPoint","urlTemplate":"https:\/\/mhcalculos.com.br\/noticias\/?s={search_term_string}"},"query-input":{"@type":"PropertyValueSpecification","valueRequired":true,"valueName":"search_term_string"}}],"inLanguage":"pt-BR"},{"@type":"Person","@id":"https:\/\/mhcalculos.com.br\/noticias\/#\/schema\/person\/88d1c34bf72dc779ea14a5a6b8e0ae8d","name":"Equipe MH","image":{"@type":"ImageObject","inLanguage":"pt-BR","@id":"https:\/\/secure.gravatar.com\/avatar\/de1c686c2ecc9c5a3f327e3431d819eb39f8f05d4e1045f5a1caad6daaba987f?s=96&d=mm&r=g","url":"https:\/\/secure.gravatar.com\/avatar\/de1c686c2ecc9c5a3f327e3431d819eb39f8f05d4e1045f5a1caad6daaba987f?s=96&d=mm&r=g","contentUrl":"https:\/\/secure.gravatar.com\/avatar\/de1c686c2ecc9c5a3f327e3431d819eb39f8f05d4e1045f5a1caad6daaba987f?s=96&d=mm&r=g","caption":"Equipe MH"}}]}},"_links":{"self":[{"href":"https:\/\/mhcalculos.com.br\/noticias\/wp-json\/wp\/v2\/posts\/10771","targetHints":{"allow":["GET"]}}],"collection":[{"href":"https:\/\/mhcalculos.com.br\/noticias\/wp-json\/wp\/v2\/posts"}],"about":[{"href":"https:\/\/mhcalculos.com.br\/noticias\/wp-json\/wp\/v2\/types\/post"}],"author":[{"embeddable":true,"href":"https:\/\/mhcalculos.com.br\/noticias\/wp-json\/wp\/v2\/users\/3063"}],"replies":[{"embeddable":true,"href":"https:\/\/mhcalculos.com.br\/noticias\/wp-json\/wp\/v2\/comments?post=10771"}],"version-history":[{"count":0,"href":"https:\/\/mhcalculos.com.br\/noticias\/wp-json\/wp\/v2\/posts\/10771\/revisions"}],"wp:featuredmedia":[{"embeddable":true,"href":"https:\/\/mhcalculos.com.br\/noticias\/wp-json\/wp\/v2\/media\/7761"}],"wp:attachment":[{"href":"https:\/\/mhcalculos.com.br\/noticias\/wp-json\/wp\/v2\/media?parent=10771"}],"wp:term":[{"taxonomy":"category","embeddable":true,"href":"https:\/\/mhcalculos.com.br\/noticias\/wp-json\/wp\/v2\/categories?post=10771"},{"taxonomy":"post_tag","embeddable":true,"href":"https:\/\/mhcalculos.com.br\/noticias\/wp-json\/wp\/v2\/tags?post=10771"}],"curies":[{"name":"wp","href":"https:\/\/api.w.org\/{rel}","templated":true}]}}