{"id":10769,"date":"2021-12-09T19:41:00","date_gmt":"2021-12-09T22:41:00","guid":{"rendered":"https:\/\/mhcalculos.com.br\/noticias\/area\/trabalhista\/tst-tribunal-institui-politica-de-gestao-da-inovacao-em-ti.html"},"modified":"2021-12-09T19:41:00","modified_gmt":"2021-12-09T22:41:00","slug":"tst-tribunal-institui-politica-de-gestao-da-inovacao-em-ti","status":"publish","type":"post","link":"https:\/\/mhcalculos.com.br\/noticias\/area\/trabalhista\/tst-tribunal-institui-politica-de-gestao-da-inovacao-em-ti.html","title":{"rendered":"TST: Tribunal&nbsp;institui Pol\u00edtica de Gest\u00e3o da Inova\u00e7\u00e3o em TI"},"content":{"rendered":"<p><br \/>\n<\/p>\n<p><em><\/p>\n<p>Objetivo \u00e9 aprimorar as atividades por meio da cultura da inova\u00e7\u00e3o e da moderniza\u00e7\u00e3o dos servi\u00e7os.<\/p>\n<p><\/em><\/p>\n<p>        <a class=\"share-facebook\" href=\"https:\/\/www.facebook.com\/sharer.php?u=http:\/\/www.tst.jus.br\/-\/tst-institui-pol%C3%ADtica-de-gest%C3%A3o-da-inova%C3%A7%C3%A3o-em-ti\" target=\"_blank\" rel=\"noopener\"><\/a><br \/>\n        <a class=\"share-twitter\" href=\"http:\/\/twitter.com\/intent\/tweet?text=TST institui Pol\u00edtica de Gest\u00e3o da Inova\u00e7\u00e3o em TI%0AVeja%20mais%20em:&amp;url=http:\/\/www.tst.jus.br\/-\/tst-institui-pol%C3%ADtica-de-gest%C3%A3o-da-inova%C3%A7%C3%A3o-em-ti\" target=\"_blank\" rel=\"noopener\"><\/a><br \/>\n        <a class=\"share-linkedin\" href=\"https:\/\/www.linkedin.com\/shareArticle?mini=true&amp;url=http:\/\/www.tst.jus.br\/-\/tst-institui-pol%C3%ADtica-de-gest%C3%A3o-da-inova%C3%A7%C3%A3o-em-ti&amp;title=TST institui Pol\u00edtica de Gest\u00e3o da Inova\u00e7\u00e3o em TI\" target=\"_blank\" rel=\"noopener\"><\/a><br \/>\n        <a class=\"share-whatsapp\" href=\"https:\/\/web.whatsapp.com\/send?text=http:\/\/www.tst.jus.br\/-\/tst-institui-pol%C3%ADtica-de-gest%C3%A3o-da-inova%C3%A7%C3%A3o-em-ti\" target=\"_blank\" rel=\"noopener\"><\/a><br \/>\n        <a class=\"share-googleplus\" href=\"https:\/\/plus.google.com\/share?url=http:\/\/www.tst.jus.br\/-\/tst-institui-pol%C3%ADtica-de-gest%C3%A3o-da-inova%C3%A7%C3%A3o-em-ti\" target=\"_blank\" rel=\"noopener\"><\/a><\/p>\n<p>                <\/p>\n<p>                    <a class=\"share-facebook\" href=\"https:\/\/www.facebook.com\/sharer.php?u=http:\/\/www.tst.jus.br\/-\/tst-institui-pol%C3%ADtica-de-gest%C3%A3o-da-inova%C3%A7%C3%A3o-em-ti\" target=\"_blank\" rel=\"noopener\"><\/a><br \/>\n                    <a class=\"share-twitter\" href=\"http:\/\/twitter.com\/intent\/tweet?text=TST institui Pol\u00edtica de Gest\u00e3o da Inova\u00e7\u00e3o em TI%0AVeja%20mais%20em:&amp;url=http:\/\/www.tst.jus.br\/-\/tst-institui-pol%C3%ADtica-de-gest%C3%A3o-da-inova%C3%A7%C3%A3o-em-ti\" target=\"_blank\" rel=\"noopener\"><\/a><br \/>\n                    <a class=\"share-linkedin\" href=\"https:\/\/www.linkedin.com\/shareArticle?mini=true&amp;url=http:\/\/www.tst.jus.br\/-\/tst-institui-pol%C3%ADtica-de-gest%C3%A3o-da-inova%C3%A7%C3%A3o-em-ti&amp;title=TST institui Pol\u00edtica de Gest\u00e3o da Inova\u00e7\u00e3o em TI\" target=\"_blank\" rel=\"noopener\"><\/a><br \/>\n                    <a class=\"share-whatsapp\" href=\"https:\/\/web.whatsapp.com\/send?text=http:\/\/www.tst.jus.br\/-\/tst-institui-pol%C3%ADtica-de-gest%C3%A3o-da-inova%C3%A7%C3%A3o-em-ti\" target=\"_blank\" rel=\"noopener\"><\/a><br \/>\n                    <a class=\"share-googleplus\" href=\"https:\/\/plus.google.com\/share?url=http:\/\/www.tst.jus.br\/-\/tst-institui-pol%C3%ADtica-de-gest%C3%A3o-da-inova%C3%A7%C3%A3o-em-ti\" target=\"_blank\" rel=\"noopener\"><\/a><\/p>\n<p>09\/12\/21 &#8211;&nbsp;A presidente do Tribunal Superior do Trabalho (TST) e do Conselho Superior da Justi\u00e7a do Trabalho (CSJT), ministra Maria Cristina Peduzzi, instituiu a Pol\u00edtica de Gest\u00e3o da Inova\u00e7\u00e3o em Tecnologia da Informa\u00e7\u00e3o (TI) do TST. O prop\u00f3sito \u00e9 aprimorar as atividades por meio da difus\u00e3o da cultura da inova\u00e7\u00e3o, da moderniza\u00e7\u00e3o de m\u00e9todos e de t\u00e9cnicas de desenvolvimento dos servi\u00e7os, seja de forma coletiva ou por meio de parcerias. A regulamenta\u00e7\u00e3o do dispositivo se deu por meio do<a href=\"https:\/\/juslaboris.tst.jus.br\/handle\/20.500.12178\/195976\" target=\"_blank\" rel=\"noopener\"> Ato TST.GP 321\/2021<\/a>.<\/p>\n<p>A medida leva em conta, entre outras previs\u00f5es legais, o <a href=\"https:\/\/juslaboris.tst.jus.br\/handle\/20.500.12178\/166610\" target=\"_blank\" rel=\"noopener\">Ato Conjunto TST.CSJT.GP 39\/2019<\/a>, que estabeleceu o Programa de Valoriza\u00e7\u00e3o e Reconhecimento do Desempenho de Excel\u00eancia dos Servidores do TST. Outro normativo de refer\u00eancia \u00e9 a <a href=\"https:\/\/juslaboris.tst.jus.br\/handle\/20.500.12178\/187111\" target=\"_blank\" rel=\"noopener\">Resolu\u00e7\u00e3o 395\/2021<\/a>&nbsp;do CNJ, que instituiu a Pol\u00edtica de Gest\u00e3o da Inova\u00e7\u00e3o no \u00e2mbito do Poder Judici\u00e1rio.<\/p>\n<h4>Inova\u00e7\u00e3o<\/h4>\n<p>A nova resolu\u00e7\u00e3o define inova\u00e7\u00e3o como a implementa\u00e7\u00e3o de ideias que elevem as capacidades institucionais por meio de novos produtos, servi\u00e7os e processos de trabalho, solucionando problemas complexos encontrados no desenvolvimento das atividades correlatas.<\/p>\n<h4>Princ\u00edpios&nbsp;<\/h4>\n<p>Entre os princ\u00edpios de gest\u00e3o que norteiam o programa est\u00e3o a promo\u00e7\u00e3o da cultura da inova\u00e7\u00e3o no desenvolvimento de procedimentos que qualifiquem o acesso \u00e0 justi\u00e7a; a excel\u00eancia na presta\u00e7\u00e3o do servi\u00e7o judicial, processual e administrativo, com o objetivo de oferecer um melhor atendimento ao usu\u00e1rio do Poder Judici\u00e1rio; e o fomento \u00e0 acessibilidade e \u00e0 inclus\u00e3o.&nbsp;<\/p>\n<p>O ato tamb\u00e9m prev\u00ea a promo\u00e7\u00e3o de ampla participa\u00e7\u00e3o de ministros, magistrados, servidores e atores externos ao Poder Judici\u00e1rio. Um dos objetivos \u00e9 buscar uma vis\u00e3o multidisciplinar e dialogada para a resolu\u00e7\u00e3o de problemas e cria\u00e7\u00e3o de solu\u00e7\u00f5es. Outra meta \u00e9 simplificar tarefas e procedimentos que otimizem recursos para uma eficiente presta\u00e7\u00e3o de servi\u00e7os.<\/p>\n<h4>Valoriza\u00e7\u00e3o&nbsp;<\/h4>\n<p>Os servidores do Tribunal Superior do Trabalho envolvidos nas atividades de inova\u00e7\u00e3o, tanto nas diretrizes de parcerias externas quanto internas, poder\u00e3o beneficiar-se dos incentivos constantes do Programa de Valoriza\u00e7\u00e3o e Reconhecimento do Desempenho de Excel\u00eancia dos Servidores do TST e do CSJT &#8211; \u201cValeu!\u201d. Um dos intentos \u00e9 valorizar pessoas que fazem a diferen\u00e7a e programas equivalentes que vierem a ser criados.<\/p>\n<p>Os participantes &nbsp;dever\u00e3o observar e respeitar a confidencialidade e o sigilo sobre as informa\u00e7\u00f5es sens\u00edveis relacionadas ao Tribunal Superior do Trabalho, &nbsp;observada a <a href=\"https:\/\/www.tst.jus.br\/documents\/10157\/2374827\/004+-+de+12-3-2020+-+INSTITUI+A+POLA%CC%83_TICA+DE+PRIVACIDADE+E+PROTEA%CC%83_A%CC%83_O+DE+DADOS+PESSOAIS+NO+A%CC%83_MBITO+DO+TST+E+DO+CSJT.pdf\/7190f9da-d9d3-0da6-89ce-aba35091a39c?t=1615816371360\" target=\"_blank\" rel=\"noopener\">Pol\u00edtica de Privacidade e Prote\u00e7\u00e3o de Dados Pessoais<\/a>&nbsp; (PPPDP).<\/p>\n<p>(AM\/RT)<\/p>\n<p>    $(&#8216;#lightbox-duqi_ .slider-gallery-wrapper img&#8217;).hover(<br \/>\n    function() {<br \/>\n        const $text=$($($(this).parent()).next());<br \/>\n        $text.hasClass(&#8216;inside-description&#8217;) &amp;&amp; $text.fadeTo( &#8220;slow&#8221; , 0);<br \/>\n    }, function() {<br \/>\n        const $text=$($($(this).parent()).next());<br \/>\n        $text.hasClass(&#8216;inside-description&#8217;) &amp;&amp; $text.fadeTo( &#8220;slow&#8221; , 1);<br \/>\n    }<br \/>\n    );<br \/>\n    $(document).ready(function() {<br \/>\n        var duqi_autoplaying=false;<br \/>\n        var duqi_showingLightbox=false;<br \/>\n        const duqi_playPauseControllers=&#8221;#slider-duqi_-playpause, #slider-duqi_-lightbox-playpause&#8221;;<br \/>\n        $(&#8220;#slider-duqi_&#8221;).slick({<br \/>\n            slidesToShow: 1,<br \/>\n            slidesToScroll: 1,<br \/>\n            autoplay: duqi_autoplaying,<br \/>\n            swipeToSlide: false,<br \/>\n            centerMode: false,<br \/>\n            autoplaySpeed: 3000,<br \/>\n            focusOnSelect: true,<br \/>\n            prevArrow:<br \/>\n            &#8221;,<br \/>\n            nextArrow:<br \/>\n            &#8221;,<br \/>\n            centerPadding: &#8220;60px&#8221;,<br \/>\n            responsive: [<br \/>\n                {<br \/>\n                    breakpoint: 767.98,<br \/>\n                    settings: {<br \/>\n                        slidesToShow: 3,<br \/>\n                        adaptiveHeight: true<br \/>\n                    }<br \/>\n                }<br \/>\n            ]<br \/>\n        });<br \/>\n        $(&#8220;#slider-duqi_&#8221;).slickLightbox({<br \/>\n            src: &#8216;src&#8217;,<br \/>\n            itemSelector: &#8216;.galery-image .multimidia-wrapper img&#8217;,<br \/>\n            caption:&#8217;caption&#8217;<br \/>\n        });<br \/>\n    });<br \/>\n<script async src=\"https:\/\/platform.twitter.com\/widgets.js\" charset=\"utf-8\"><\/script><br \/>\n<br \/><i>Com informa\u00e7\u00f5es da assessoria de imprensa do TST.<\/i><br \/>\n<br \/><a href=\"http:\/\/www.tst.jus.br\/web\/guest\/noticias?p_p_id=89Dk&#038;p_p_lifecycle=0&#038;refererPlid=10730&#038;_89Dk_groupId=10157&#038;_89Dk_articleId=27824832\">Fonte<\/a><br \/>\n<br \/><\/p>\n","protected":false},"excerpt":{"rendered":"<p>Objetivo \u00e9 aprimorar as atividades por meio da cultura da inova\u00e7\u00e3o e da moderniza\u00e7\u00e3o dos servi\u00e7os. 09\/12\/21 &#8211;&nbsp;A presidente do Tribunal Superior do Trabalho (TST) e do Conselho Superior da Justi\u00e7a do Trabalho (CSJT), ministra Maria Cristina Peduzzi, instituiu a Pol\u00edtica de Gest\u00e3o da Inova\u00e7\u00e3o em Tecnologia da Informa\u00e7\u00e3o (TI) do TST. O prop\u00f3sito \u00e9 [&hellip;]<\/p>\n","protected":false},"author":3063,"featured_media":3172,"comment_status":"open","ping_status":"open","sticky":false,"template":"","format":"standard","meta":{"footnotes":""},"categories":[3,21],"tags":[33,216,9,12,217,215],"class_list":{"0":"post-10769","1":"post","2":"type-post","3":"status-publish","4":"format-standard","5":"has-post-thumbnail","7":"category-trabalhista","8":"category-tst","9":"tag-calculos-trabalhistas","10":"tag-direito-trabalhista","11":"tag-pericia","12":"tag-perito","13":"tag-trabalho","14":"tag-tst"},"yoast_head":"<!-- This site is optimized with the Yoast SEO plugin v27.2 - https:\/\/yoast.com\/product\/yoast-seo-wordpress\/ -->\n<title>TST: Tribunal&nbsp;institui Pol\u00edtica de Gest\u00e3o da Inova\u00e7\u00e3o em TI | Portal de Not\u00edcias<\/title>\n<meta name=\"robots\" content=\"index, follow, max-snippet:-1, max-image-preview:large, max-video-preview:-1\" \/>\n<link rel=\"canonical\" href=\"https:\/\/mhcalculos.com.br\/noticias\/area\/trabalhista\/tst-tribunal-institui-politica-de-gestao-da-inovacao-em-ti.html\" \/>\n<meta property=\"og:locale\" content=\"pt_BR\" \/>\n<meta property=\"og:type\" content=\"article\" \/>\n<meta property=\"og:title\" content=\"TST: Tribunal&nbsp;institui Pol\u00edtica de Gest\u00e3o da Inova\u00e7\u00e3o em TI | Portal de Not\u00edcias\" \/>\n<meta property=\"og:description\" content=\"Objetivo \u00e9 aprimorar as atividades por meio da cultura da inova\u00e7\u00e3o e da moderniza\u00e7\u00e3o dos servi\u00e7os. 09\/12\/21 &#8211;&nbsp;A presidente do Tribunal Superior do Trabalho (TST) e do Conselho Superior da Justi\u00e7a do Trabalho (CSJT), ministra Maria Cristina Peduzzi, instituiu a Pol\u00edtica de Gest\u00e3o da Inova\u00e7\u00e3o em Tecnologia da Informa\u00e7\u00e3o (TI) do TST. O prop\u00f3sito \u00e9 [&hellip;]\" \/>\n<meta property=\"og:url\" content=\"https:\/\/mhcalculos.com.br\/noticias\/area\/trabalhista\/tst-tribunal-institui-politica-de-gestao-da-inovacao-em-ti.html\" \/>\n<meta property=\"og:site_name\" content=\"Portal de Not\u00edcias\" \/>\n<meta property=\"article:published_time\" content=\"2021-12-09T22:41:00+00:00\" \/>\n<meta property=\"og:image\" content=\"https:\/\/mhcalculos.com.br\/noticias\/wp-content\/uploads\/sites\/2\/2018\/09\/trabalhista-0041.jpg\" \/>\n\t<meta property=\"og:image:width\" content=\"2000\" \/>\n\t<meta property=\"og:image:height\" content=\"800\" \/>\n\t<meta property=\"og:image:type\" content=\"image\/jpeg\" \/>\n<meta name=\"author\" content=\"Equipe MH\" \/>\n<meta name=\"twitter:card\" content=\"summary_large_image\" \/>\n<meta name=\"twitter:label1\" content=\"Escrito por\" \/>\n\t<meta name=\"twitter:data1\" content=\"Equipe MH\" \/>\n\t<meta name=\"twitter:label2\" content=\"Est. tempo de leitura\" \/>\n\t<meta name=\"twitter:data2\" content=\"3 minutos\" \/>\n<script type=\"application\/ld+json\" class=\"yoast-schema-graph\">{\"@context\":\"https:\/\/schema.org\",\"@graph\":[{\"@type\":\"Article\",\"@id\":\"https:\/\/mhcalculos.com.br\/noticias\/area\/trabalhista\/tst-tribunal-institui-politica-de-gestao-da-inovacao-em-ti.html#article\",\"isPartOf\":{\"@id\":\"https:\/\/mhcalculos.com.br\/noticias\/area\/trabalhista\/tst-tribunal-institui-politica-de-gestao-da-inovacao-em-ti.html\"},\"author\":{\"name\":\"Equipe MH\",\"@id\":\"https:\/\/mhcalculos.com.br\/noticias\/#\/schema\/person\/88d1c34bf72dc779ea14a5a6b8e0ae8d\"},\"headline\":\"TST: Tribunal&nbsp;institui Pol\u00edtica de Gest\u00e3o da Inova\u00e7\u00e3o em TI\",\"datePublished\":\"2021-12-09T22:41:00+00:00\",\"mainEntityOfPage\":{\"@id\":\"https:\/\/mhcalculos.com.br\/noticias\/area\/trabalhista\/tst-tribunal-institui-politica-de-gestao-da-inovacao-em-ti.html\"},\"wordCount\":568,\"commentCount\":0,\"image\":{\"@id\":\"https:\/\/mhcalculos.com.br\/noticias\/area\/trabalhista\/tst-tribunal-institui-politica-de-gestao-da-inovacao-em-ti.html#primaryimage\"},\"thumbnailUrl\":\"https:\/\/mhcalculos.com.br\/noticias\/wp-content\/uploads\/sites\/2\/2018\/09\/trabalhista-0041.jpg\",\"keywords\":[\"c\u00e1lculos trabalhistas\",\"direito trabalhista\",\"per\u00edcia\",\"perito\",\"trabalho\",\"TST\"],\"articleSection\":[\"Direito Trabalhista\",\"TST\"],\"inLanguage\":\"pt-BR\",\"potentialAction\":[{\"@type\":\"CommentAction\",\"name\":\"Comment\",\"target\":[\"https:\/\/mhcalculos.com.br\/noticias\/area\/trabalhista\/tst-tribunal-institui-politica-de-gestao-da-inovacao-em-ti.html#respond\"]}]},{\"@type\":\"WebPage\",\"@id\":\"https:\/\/mhcalculos.com.br\/noticias\/area\/trabalhista\/tst-tribunal-institui-politica-de-gestao-da-inovacao-em-ti.html\",\"url\":\"https:\/\/mhcalculos.com.br\/noticias\/area\/trabalhista\/tst-tribunal-institui-politica-de-gestao-da-inovacao-em-ti.html\",\"name\":\"TST: Tribunal&nbsp;institui Pol\u00edtica de Gest\u00e3o da Inova\u00e7\u00e3o em TI | Portal de Not\u00edcias\",\"isPartOf\":{\"@id\":\"https:\/\/mhcalculos.com.br\/noticias\/#website\"},\"primaryImageOfPage\":{\"@id\":\"https:\/\/mhcalculos.com.br\/noticias\/area\/trabalhista\/tst-tribunal-institui-politica-de-gestao-da-inovacao-em-ti.html#primaryimage\"},\"image\":{\"@id\":\"https:\/\/mhcalculos.com.br\/noticias\/area\/trabalhista\/tst-tribunal-institui-politica-de-gestao-da-inovacao-em-ti.html#primaryimage\"},\"thumbnailUrl\":\"https:\/\/mhcalculos.com.br\/noticias\/wp-content\/uploads\/sites\/2\/2018\/09\/trabalhista-0041.jpg\",\"datePublished\":\"2021-12-09T22:41:00+00:00\",\"author\":{\"@id\":\"https:\/\/mhcalculos.com.br\/noticias\/#\/schema\/person\/88d1c34bf72dc779ea14a5a6b8e0ae8d\"},\"breadcrumb\":{\"@id\":\"https:\/\/mhcalculos.com.br\/noticias\/area\/trabalhista\/tst-tribunal-institui-politica-de-gestao-da-inovacao-em-ti.html#breadcrumb\"},\"inLanguage\":\"pt-BR\",\"potentialAction\":[{\"@type\":\"ReadAction\",\"target\":[\"https:\/\/mhcalculos.com.br\/noticias\/area\/trabalhista\/tst-tribunal-institui-politica-de-gestao-da-inovacao-em-ti.html\"]}]},{\"@type\":\"ImageObject\",\"inLanguage\":\"pt-BR\",\"@id\":\"https:\/\/mhcalculos.com.br\/noticias\/area\/trabalhista\/tst-tribunal-institui-politica-de-gestao-da-inovacao-em-ti.html#primaryimage\",\"url\":\"https:\/\/mhcalculos.com.br\/noticias\/wp-content\/uploads\/sites\/2\/2018\/09\/trabalhista-0041.jpg\",\"contentUrl\":\"https:\/\/mhcalculos.com.br\/noticias\/wp-content\/uploads\/sites\/2\/2018\/09\/trabalhista-0041.jpg\",\"width\":2000,\"height\":800},{\"@type\":\"BreadcrumbList\",\"@id\":\"https:\/\/mhcalculos.com.br\/noticias\/area\/trabalhista\/tst-tribunal-institui-politica-de-gestao-da-inovacao-em-ti.html#breadcrumb\",\"itemListElement\":[{\"@type\":\"ListItem\",\"position\":1,\"name\":\"In\u00edcio\",\"item\":\"https:\/\/mhcalculos.com.br\/noticias\/\"},{\"@type\":\"ListItem\",\"position\":2,\"name\":\"TST: Tribunal&nbsp;institui Pol\u00edtica de Gest\u00e3o da Inova\u00e7\u00e3o em TI\"}]},{\"@type\":\"WebSite\",\"@id\":\"https:\/\/mhcalculos.com.br\/noticias\/#website\",\"url\":\"https:\/\/mhcalculos.com.br\/noticias\/\",\"name\":\"Portal de Not\u00edcias\",\"description\":\"Not\u00edcias e Jurisprud\u00eancia\",\"potentialAction\":[{\"@type\":\"SearchAction\",\"target\":{\"@type\":\"EntryPoint\",\"urlTemplate\":\"https:\/\/mhcalculos.com.br\/noticias\/?s={search_term_string}\"},\"query-input\":{\"@type\":\"PropertyValueSpecification\",\"valueRequired\":true,\"valueName\":\"search_term_string\"}}],\"inLanguage\":\"pt-BR\"},{\"@type\":\"Person\",\"@id\":\"https:\/\/mhcalculos.com.br\/noticias\/#\/schema\/person\/88d1c34bf72dc779ea14a5a6b8e0ae8d\",\"name\":\"Equipe MH\",\"image\":{\"@type\":\"ImageObject\",\"inLanguage\":\"pt-BR\",\"@id\":\"https:\/\/secure.gravatar.com\/avatar\/de1c686c2ecc9c5a3f327e3431d819eb39f8f05d4e1045f5a1caad6daaba987f?s=96&d=mm&r=g\",\"url\":\"https:\/\/secure.gravatar.com\/avatar\/de1c686c2ecc9c5a3f327e3431d819eb39f8f05d4e1045f5a1caad6daaba987f?s=96&d=mm&r=g\",\"contentUrl\":\"https:\/\/secure.gravatar.com\/avatar\/de1c686c2ecc9c5a3f327e3431d819eb39f8f05d4e1045f5a1caad6daaba987f?s=96&d=mm&r=g\",\"caption\":\"Equipe MH\"}}]}<\/script>\n<!-- \/ Yoast SEO plugin. -->","yoast_head_json":{"title":"TST: Tribunal&nbsp;institui Pol\u00edtica de Gest\u00e3o da Inova\u00e7\u00e3o em TI | Portal de Not\u00edcias","robots":{"index":"index","follow":"follow","max-snippet":"max-snippet:-1","max-image-preview":"max-image-preview:large","max-video-preview":"max-video-preview:-1"},"canonical":"https:\/\/mhcalculos.com.br\/noticias\/area\/trabalhista\/tst-tribunal-institui-politica-de-gestao-da-inovacao-em-ti.html","og_locale":"pt_BR","og_type":"article","og_title":"TST: Tribunal&nbsp;institui Pol\u00edtica de Gest\u00e3o da Inova\u00e7\u00e3o em TI | Portal de Not\u00edcias","og_description":"Objetivo \u00e9 aprimorar as atividades por meio da cultura da inova\u00e7\u00e3o e da moderniza\u00e7\u00e3o dos servi\u00e7os. 09\/12\/21 &#8211;&nbsp;A presidente do Tribunal Superior do Trabalho (TST) e do Conselho Superior da Justi\u00e7a do Trabalho (CSJT), ministra Maria Cristina Peduzzi, instituiu a Pol\u00edtica de Gest\u00e3o da Inova\u00e7\u00e3o em Tecnologia da Informa\u00e7\u00e3o (TI) do TST. O prop\u00f3sito \u00e9 [&hellip;]","og_url":"https:\/\/mhcalculos.com.br\/noticias\/area\/trabalhista\/tst-tribunal-institui-politica-de-gestao-da-inovacao-em-ti.html","og_site_name":"Portal de Not\u00edcias","article_published_time":"2021-12-09T22:41:00+00:00","og_image":[{"width":2000,"height":800,"url":"https:\/\/mhcalculos.com.br\/noticias\/wp-content\/uploads\/sites\/2\/2018\/09\/trabalhista-0041.jpg","type":"image\/jpeg"}],"author":"Equipe MH","twitter_card":"summary_large_image","twitter_misc":{"Escrito por":"Equipe MH","Est. tempo de leitura":"3 minutos"},"schema":{"@context":"https:\/\/schema.org","@graph":[{"@type":"Article","@id":"https:\/\/mhcalculos.com.br\/noticias\/area\/trabalhista\/tst-tribunal-institui-politica-de-gestao-da-inovacao-em-ti.html#article","isPartOf":{"@id":"https:\/\/mhcalculos.com.br\/noticias\/area\/trabalhista\/tst-tribunal-institui-politica-de-gestao-da-inovacao-em-ti.html"},"author":{"name":"Equipe MH","@id":"https:\/\/mhcalculos.com.br\/noticias\/#\/schema\/person\/88d1c34bf72dc779ea14a5a6b8e0ae8d"},"headline":"TST: Tribunal&nbsp;institui Pol\u00edtica de Gest\u00e3o da Inova\u00e7\u00e3o em TI","datePublished":"2021-12-09T22:41:00+00:00","mainEntityOfPage":{"@id":"https:\/\/mhcalculos.com.br\/noticias\/area\/trabalhista\/tst-tribunal-institui-politica-de-gestao-da-inovacao-em-ti.html"},"wordCount":568,"commentCount":0,"image":{"@id":"https:\/\/mhcalculos.com.br\/noticias\/area\/trabalhista\/tst-tribunal-institui-politica-de-gestao-da-inovacao-em-ti.html#primaryimage"},"thumbnailUrl":"https:\/\/mhcalculos.com.br\/noticias\/wp-content\/uploads\/sites\/2\/2018\/09\/trabalhista-0041.jpg","keywords":["c\u00e1lculos trabalhistas","direito trabalhista","per\u00edcia","perito","trabalho","TST"],"articleSection":["Direito Trabalhista","TST"],"inLanguage":"pt-BR","potentialAction":[{"@type":"CommentAction","name":"Comment","target":["https:\/\/mhcalculos.com.br\/noticias\/area\/trabalhista\/tst-tribunal-institui-politica-de-gestao-da-inovacao-em-ti.html#respond"]}]},{"@type":"WebPage","@id":"https:\/\/mhcalculos.com.br\/noticias\/area\/trabalhista\/tst-tribunal-institui-politica-de-gestao-da-inovacao-em-ti.html","url":"https:\/\/mhcalculos.com.br\/noticias\/area\/trabalhista\/tst-tribunal-institui-politica-de-gestao-da-inovacao-em-ti.html","name":"TST: Tribunal&nbsp;institui Pol\u00edtica de Gest\u00e3o da Inova\u00e7\u00e3o em TI | Portal de Not\u00edcias","isPartOf":{"@id":"https:\/\/mhcalculos.com.br\/noticias\/#website"},"primaryImageOfPage":{"@id":"https:\/\/mhcalculos.com.br\/noticias\/area\/trabalhista\/tst-tribunal-institui-politica-de-gestao-da-inovacao-em-ti.html#primaryimage"},"image":{"@id":"https:\/\/mhcalculos.com.br\/noticias\/area\/trabalhista\/tst-tribunal-institui-politica-de-gestao-da-inovacao-em-ti.html#primaryimage"},"thumbnailUrl":"https:\/\/mhcalculos.com.br\/noticias\/wp-content\/uploads\/sites\/2\/2018\/09\/trabalhista-0041.jpg","datePublished":"2021-12-09T22:41:00+00:00","author":{"@id":"https:\/\/mhcalculos.com.br\/noticias\/#\/schema\/person\/88d1c34bf72dc779ea14a5a6b8e0ae8d"},"breadcrumb":{"@id":"https:\/\/mhcalculos.com.br\/noticias\/area\/trabalhista\/tst-tribunal-institui-politica-de-gestao-da-inovacao-em-ti.html#breadcrumb"},"inLanguage":"pt-BR","potentialAction":[{"@type":"ReadAction","target":["https:\/\/mhcalculos.com.br\/noticias\/area\/trabalhista\/tst-tribunal-institui-politica-de-gestao-da-inovacao-em-ti.html"]}]},{"@type":"ImageObject","inLanguage":"pt-BR","@id":"https:\/\/mhcalculos.com.br\/noticias\/area\/trabalhista\/tst-tribunal-institui-politica-de-gestao-da-inovacao-em-ti.html#primaryimage","url":"https:\/\/mhcalculos.com.br\/noticias\/wp-content\/uploads\/sites\/2\/2018\/09\/trabalhista-0041.jpg","contentUrl":"https:\/\/mhcalculos.com.br\/noticias\/wp-content\/uploads\/sites\/2\/2018\/09\/trabalhista-0041.jpg","width":2000,"height":800},{"@type":"BreadcrumbList","@id":"https:\/\/mhcalculos.com.br\/noticias\/area\/trabalhista\/tst-tribunal-institui-politica-de-gestao-da-inovacao-em-ti.html#breadcrumb","itemListElement":[{"@type":"ListItem","position":1,"name":"In\u00edcio","item":"https:\/\/mhcalculos.com.br\/noticias\/"},{"@type":"ListItem","position":2,"name":"TST: Tribunal&nbsp;institui Pol\u00edtica de Gest\u00e3o da Inova\u00e7\u00e3o em TI"}]},{"@type":"WebSite","@id":"https:\/\/mhcalculos.com.br\/noticias\/#website","url":"https:\/\/mhcalculos.com.br\/noticias\/","name":"Portal de Not\u00edcias","description":"Not\u00edcias e Jurisprud\u00eancia","potentialAction":[{"@type":"SearchAction","target":{"@type":"EntryPoint","urlTemplate":"https:\/\/mhcalculos.com.br\/noticias\/?s={search_term_string}"},"query-input":{"@type":"PropertyValueSpecification","valueRequired":true,"valueName":"search_term_string"}}],"inLanguage":"pt-BR"},{"@type":"Person","@id":"https:\/\/mhcalculos.com.br\/noticias\/#\/schema\/person\/88d1c34bf72dc779ea14a5a6b8e0ae8d","name":"Equipe MH","image":{"@type":"ImageObject","inLanguage":"pt-BR","@id":"https:\/\/secure.gravatar.com\/avatar\/de1c686c2ecc9c5a3f327e3431d819eb39f8f05d4e1045f5a1caad6daaba987f?s=96&d=mm&r=g","url":"https:\/\/secure.gravatar.com\/avatar\/de1c686c2ecc9c5a3f327e3431d819eb39f8f05d4e1045f5a1caad6daaba987f?s=96&d=mm&r=g","contentUrl":"https:\/\/secure.gravatar.com\/avatar\/de1c686c2ecc9c5a3f327e3431d819eb39f8f05d4e1045f5a1caad6daaba987f?s=96&d=mm&r=g","caption":"Equipe MH"}}]}},"_links":{"self":[{"href":"https:\/\/mhcalculos.com.br\/noticias\/wp-json\/wp\/v2\/posts\/10769","targetHints":{"allow":["GET"]}}],"collection":[{"href":"https:\/\/mhcalculos.com.br\/noticias\/wp-json\/wp\/v2\/posts"}],"about":[{"href":"https:\/\/mhcalculos.com.br\/noticias\/wp-json\/wp\/v2\/types\/post"}],"author":[{"embeddable":true,"href":"https:\/\/mhcalculos.com.br\/noticias\/wp-json\/wp\/v2\/users\/3063"}],"replies":[{"embeddable":true,"href":"https:\/\/mhcalculos.com.br\/noticias\/wp-json\/wp\/v2\/comments?post=10769"}],"version-history":[{"count":0,"href":"https:\/\/mhcalculos.com.br\/noticias\/wp-json\/wp\/v2\/posts\/10769\/revisions"}],"wp:featuredmedia":[{"embeddable":true,"href":"https:\/\/mhcalculos.com.br\/noticias\/wp-json\/wp\/v2\/media\/3172"}],"wp:attachment":[{"href":"https:\/\/mhcalculos.com.br\/noticias\/wp-json\/wp\/v2\/media?parent=10769"}],"wp:term":[{"taxonomy":"category","embeddable":true,"href":"https:\/\/mhcalculos.com.br\/noticias\/wp-json\/wp\/v2\/categories?post=10769"},{"taxonomy":"post_tag","embeddable":true,"href":"https:\/\/mhcalculos.com.br\/noticias\/wp-json\/wp\/v2\/tags?post=10769"}],"curies":[{"name":"wp","href":"https:\/\/api.w.org\/{rel}","templated":true}]}}