{"id":10763,"date":"2021-12-02T18:57:00","date_gmt":"2021-12-02T21:57:00","guid":{"rendered":"https:\/\/mhcalculos.com.br\/noticias\/area\/trabalhista\/tst-presidente-do-tribunal-e-do-csjt-reforca-uso-da-tecnologia-para-impulsionar-bons-resultados-da-justica-do-trabalho.html"},"modified":"2021-12-02T18:57:00","modified_gmt":"2021-12-02T21:57:00","slug":"tst-presidente-do-tribunal-e-do-csjt-reforca-uso-da-tecnologia-para-impulsionar-bons-resultados-da-justica-do-trabalho","status":"publish","type":"post","link":"https:\/\/mhcalculos.com.br\/noticias\/area\/trabalhista\/tst-presidente-do-tribunal-e-do-csjt-reforca-uso-da-tecnologia-para-impulsionar-bons-resultados-da-justica-do-trabalho.html","title":{"rendered":"TST: Presidente do Tribunal&nbsp;e do CSJT refor\u00e7a uso da tecnologia para impulsionar bons resultados da Justi\u00e7a do Trabalho"},"content":{"rendered":"<p><br \/>\n<\/p>\n<p><em><\/p>\n<p>A ministra Maria Cristina Peduzzi participou da abertura do XV Encontro Nacional do Poder Judici\u00e1rio, promovido pelo CNJ.<\/p>\n<p><\/em><\/p>\n<p>        <a class=\"share-facebook\" href=\"https:\/\/www.facebook.com\/sharer.php?u=http:\/\/www.tst.jus.br\/-\/presidente-do-tst-e-do-csjt-refor%C3%A7a-uso-da-tecnologia-para-impulsionar-bons-resultados-da-justi%C3%A7a-do-trabalho\" target=\"_blank\" rel=\"noopener\"><\/a><br \/>\n        <a class=\"share-twitter\" href=\"http:\/\/twitter.com\/intent\/tweet?text=Presidente do TST e do CSJT refor\u00e7a uso da tecnologia para impulsionar bons resultados da Justi\u00e7a do Trabalho%0AVeja%20mais%20em:&amp;url=http:\/\/www.tst.jus.br\/-\/presidente-do-tst-e-do-csjt-refor%C3%A7a-uso-da-tecnologia-para-impulsionar-bons-resultados-da-justi%C3%A7a-do-trabalho\" target=\"_blank\" rel=\"noopener\"><\/a><br \/>\n        <a class=\"share-linkedin\" href=\"https:\/\/www.linkedin.com\/shareArticle?mini=true&amp;url=http:\/\/www.tst.jus.br\/-\/presidente-do-tst-e-do-csjt-refor%C3%A7a-uso-da-tecnologia-para-impulsionar-bons-resultados-da-justi%C3%A7a-do-trabalho&amp;title=Presidente do TST e do CSJT refor\u00e7a uso da tecnologia para impulsionar bons resultados da Justi\u00e7a do Trabalho\" target=\"_blank\" rel=\"noopener\"><\/a><br \/>\n        <a class=\"share-whatsapp\" href=\"https:\/\/web.whatsapp.com\/send?text=http:\/\/www.tst.jus.br\/-\/presidente-do-tst-e-do-csjt-refor%C3%A7a-uso-da-tecnologia-para-impulsionar-bons-resultados-da-justi%C3%A7a-do-trabalho\" target=\"_blank\" rel=\"noopener\"><\/a><br \/>\n        <a class=\"share-googleplus\" href=\"https:\/\/plus.google.com\/share?url=http:\/\/www.tst.jus.br\/-\/presidente-do-tst-e-do-csjt-refor%C3%A7a-uso-da-tecnologia-para-impulsionar-bons-resultados-da-justi%C3%A7a-do-trabalho\" target=\"_blank\" rel=\"noopener\"><\/a><\/p>\n<p>                <\/p>\n<p>Participa\u00e7\u00e3o da ministra Maria Cristina Peduzzi no XV Encontro Nacional do Poder Judici\u00e1rio<\/p>\n<p>                    <a class=\"share-facebook\" href=\"https:\/\/www.facebook.com\/sharer.php?u=http:\/\/www.tst.jus.br\/-\/presidente-do-tst-e-do-csjt-refor%C3%A7a-uso-da-tecnologia-para-impulsionar-bons-resultados-da-justi%C3%A7a-do-trabalho\" target=\"_blank\" rel=\"noopener\"><\/a><br \/>\n                    <a class=\"share-twitter\" href=\"http:\/\/twitter.com\/intent\/tweet?text=Presidente do TST e do CSJT refor\u00e7a uso da tecnologia para impulsionar bons resultados da Justi\u00e7a do Trabalho%0AVeja%20mais%20em:&amp;url=http:\/\/www.tst.jus.br\/-\/presidente-do-tst-e-do-csjt-refor%C3%A7a-uso-da-tecnologia-para-impulsionar-bons-resultados-da-justi%C3%A7a-do-trabalho\" target=\"_blank\" rel=\"noopener\"><\/a><br \/>\n                    <a class=\"share-linkedin\" href=\"https:\/\/www.linkedin.com\/shareArticle?mini=true&amp;url=http:\/\/www.tst.jus.br\/-\/presidente-do-tst-e-do-csjt-refor%C3%A7a-uso-da-tecnologia-para-impulsionar-bons-resultados-da-justi%C3%A7a-do-trabalho&amp;title=Presidente do TST e do CSJT refor\u00e7a uso da tecnologia para impulsionar bons resultados da Justi\u00e7a do Trabalho\" target=\"_blank\" rel=\"noopener\"><\/a><br \/>\n                    <a class=\"share-whatsapp\" href=\"https:\/\/web.whatsapp.com\/send?text=http:\/\/www.tst.jus.br\/-\/presidente-do-tst-e-do-csjt-refor%C3%A7a-uso-da-tecnologia-para-impulsionar-bons-resultados-da-justi%C3%A7a-do-trabalho\" target=\"_blank\" rel=\"noopener\"><\/a><br \/>\n                    <a class=\"share-googleplus\" href=\"https:\/\/plus.google.com\/share?url=http:\/\/www.tst.jus.br\/-\/presidente-do-tst-e-do-csjt-refor%C3%A7a-uso-da-tecnologia-para-impulsionar-bons-resultados-da-justi%C3%A7a-do-trabalho\" target=\"_blank\" rel=\"noopener\"><\/a><\/p>\n<p>02\/12\/21 &#8211; A presidente do Tribunal Superior do Trabalho (TST) e do Conselho Superior da Justi\u00e7a do Trabalho (CSJT), ministra Maria Cristina Peduzzi, participou, nesta quinta-feira (2), do XV Encontro Nacional do Poder Judici\u00e1rio, promovido pelo Conselho Nacional de Justi\u00e7a (CNJ). Na abertura do evento, a ministra enfatizou a relev\u00e2ncia do encontro para demonstrar \u00e0 sociedade as a\u00e7\u00f5es desenvolvidas pelo Poder Judici\u00e1rio.&nbsp;<\/p>\n<p>Em sua participa\u00e7\u00e3o no painel \u201cPanorama dos Tribunais Superiores &#8211; Resultados Alcan\u00e7ados em 2021\u201d, a ministra destacou que, mesmo diante dos in\u00fameros desafios enfrentados para buscar a celeridade da presta\u00e7\u00e3o jurisdicional, este foi um ano bastante produtivo para o TST e para a Justi\u00e7a do Trabalho. \u201cCumprimos com efetividade e efici\u00eancia essa tarefa, tendo o Judici\u00e1rio trabalhista apresentado, inclusive, eleva\u00e7\u00e3o em sua produtividade\u201d, afirmou.<\/p>\n<h4>Tecnologia&nbsp;<\/h4>\n<p>De acordo com a ministra, entre as v\u00e1rias iniciativas do tribunal, os incentivos e os esfor\u00e7os dedicados ao desenvolvimento de a\u00e7\u00f5es na \u00e1rea da Tecnologia da Informa\u00e7\u00e3o impulsionaram fortemente os resultados institucionais. \u201cPrivilegiamos o desenvolvimento e a disponibiliza\u00e7\u00e3o do assistente de minutas Hermes com o objetivo de auxiliar os ministros e servidores na elabora\u00e7\u00e3o de votos\u201d, explicou. \u201cEssa iniciativa, somada a outras, contribuiu de forma significativa para o aumento da produtividade dos gabinetes\u201d.<\/p>\n<p>A ministra observou, ainda, que, mesmo diante do cen\u00e1rio decorrente da pandemia, o TST teve aumento no n\u00famero de processos julgados. \u201cAo compararmos os anos de 2021 e 2020, constatamos que, em termos de produtividade, o TST julgou 5,8% a mais do que em rela\u00e7\u00e3o ao ano anterior\u201d.<\/p>\n<h4>Parceria&nbsp;<\/h4>\n<p>Acerca das pol\u00edticas estabelecidas pelo CNJ, a presidente ressaltou que a Justi\u00e7a do Trabalho tem avan\u00e7ado com a\u00e7\u00f5es j\u00e1 incorporadas, como a implementa\u00e7\u00e3o do Ju\u00edzo 100% Digital e o Balc\u00e3o Virtual. \u201cO trabalho conjunto entre TST, o CSJT e o CNJ \u00e9 fundamental para a solidifica\u00e7\u00e3o das compet\u00eancias institucionais da Justi\u00e7a trabalhista\u201d, assinalou.<\/p>\n<p>Para a ministra, essas conquistas s\u00f3 foram poss\u00edveis gra\u00e7as \u00e0 participa\u00e7\u00e3o colaborativa de todos os que fazem a Justi\u00e7a do Trabalho. \u201c\u00c9 pelo empenho dos que atuam no planejamento e na execu\u00e7\u00e3o das atividades jurisdicionais que conseguimos concretizar a finalidade institucional da Justi\u00e7a do Trabalho: prover a efetiva e c\u00e9lere presta\u00e7\u00e3o jurisdicional\u201d, concluiu.<\/p>\n<h4>Estrat\u00e9gias&nbsp;<\/h4>\n<p>O XV Encontro Nacional do Poder Judici\u00e1rio prossegue nesta sexta-feira (3\/11). Presidentes de 91 tribunais brasileiros definir\u00e3o, por videoconfer\u00eancia, as metas nacionais e espec\u00edficas que dever\u00e3o pautar a atua\u00e7\u00e3o da Justi\u00e7a em 2022.<\/p>\n<p>Nesta sexta, tamb\u00e9m ser\u00e1 entregue o Pr\u00eamio CNJ de Qualidade aos \u00f3rg\u00e3os do judici\u00e1rio que se destacaram em diferentes dimens\u00f5es. Confira a \u00edntegra do primeiro dia de evento:<\/p>\n<p>&nbsp;<\/p>\n<p>(AM\/AJ)<\/p>\n<p>    $(&#8216;#lightbox-aeec_ .slider-gallery-wrapper img&#8217;).hover(<br \/>\n    function() {<br \/>\n        const $text=$($($(this).parent()).next());<br \/>\n        $text.hasClass(&#8216;inside-description&#8217;) &amp;&amp; $text.fadeTo( &#8220;slow&#8221; , 0);<br \/>\n    }, function() {<br \/>\n        const $text=$($($(this).parent()).next());<br \/>\n        $text.hasClass(&#8216;inside-description&#8217;) &amp;&amp; $text.fadeTo( &#8220;slow&#8221; , 1);<br \/>\n    }<br \/>\n    );<br \/>\n    $(document).ready(function() {<br \/>\n        var aeec_autoplaying=false;<br \/>\n        var aeec_showingLightbox=false;<br \/>\n        const aeec_playPauseControllers=&#8221;#slider-aeec_-playpause, #slider-aeec_-lightbox-playpause&#8221;;<br \/>\n        $(&#8220;#slider-aeec_&#8221;).slick({<br \/>\n            slidesToShow: 1,<br \/>\n            slidesToScroll: 1,<br \/>\n            autoplay: aeec_autoplaying,<br \/>\n            swipeToSlide: false,<br \/>\n            centerMode: false,<br \/>\n            autoplaySpeed: 3000,<br \/>\n            focusOnSelect: true,<br \/>\n            prevArrow:<br \/>\n            &#8221;,<br \/>\n            nextArrow:<br \/>\n            &#8221;,<br \/>\n            centerPadding: &#8220;60px&#8221;,<br \/>\n            responsive: [<br \/>\n                {<br \/>\n                    breakpoint: 767.98,<br \/>\n                    settings: {<br \/>\n                        slidesToShow: 3,<br \/>\n                        adaptiveHeight: true<br \/>\n                    }<br \/>\n                }<br \/>\n            ]<br \/>\n        });<br \/>\n        $(&#8220;#slider-aeec_&#8221;).slickLightbox({<br \/>\n            src: &#8216;src&#8217;,<br \/>\n            itemSelector: &#8216;.galery-image .multimidia-wrapper img&#8217;,<br \/>\n            caption:&#8217;caption&#8217;<br \/>\n        });<br \/>\n    });<br \/>\n<script async src=\"https:\/\/platform.twitter.com\/widgets.js\" charset=\"utf-8\"><\/script><br \/>\n<br \/><i>Com informa\u00e7\u00f5es da assessoria de imprensa do TST.<\/i><br \/>\n<br \/><a href=\"http:\/\/www.tst.jus.br\/web\/guest\/noticias?p_p_id=89Dk&#038;p_p_lifecycle=0&#038;refererPlid=10730&#038;_89Dk_groupId=10157&#038;_89Dk_articleId=27809102\">Fonte<\/a><br \/>\n<br \/><\/p>\n","protected":false},"excerpt":{"rendered":"<p>A ministra Maria Cristina Peduzzi participou da abertura do XV Encontro Nacional do Poder Judici\u00e1rio, promovido pelo CNJ. Participa\u00e7\u00e3o da ministra Maria Cristina Peduzzi no XV Encontro Nacional do Poder Judici\u00e1rio 02\/12\/21 &#8211; A presidente do Tribunal Superior do Trabalho (TST) e do Conselho Superior da Justi\u00e7a do Trabalho (CSJT), ministra Maria Cristina Peduzzi, participou, [&hellip;]<\/p>\n","protected":false},"author":3063,"featured_media":1990,"comment_status":"open","ping_status":"open","sticky":false,"template":"","format":"standard","meta":{"footnotes":""},"categories":[3,21],"tags":[33,216,9,12,217,215],"class_list":{"0":"post-10763","1":"post","2":"type-post","3":"status-publish","4":"format-standard","5":"has-post-thumbnail","7":"category-trabalhista","8":"category-tst","9":"tag-calculos-trabalhistas","10":"tag-direito-trabalhista","11":"tag-pericia","12":"tag-perito","13":"tag-trabalho","14":"tag-tst"},"yoast_head":"<!-- This site is optimized with the Yoast SEO plugin v27.2 - https:\/\/yoast.com\/product\/yoast-seo-wordpress\/ -->\n<title>TST: Presidente do Tribunal&nbsp;e do CSJT refor\u00e7a uso da tecnologia para impulsionar bons resultados da Justi\u00e7a do Trabalho | Portal de Not\u00edcias<\/title>\n<meta name=\"robots\" content=\"index, follow, max-snippet:-1, max-image-preview:large, max-video-preview:-1\" \/>\n<link rel=\"canonical\" href=\"https:\/\/mhcalculos.com.br\/noticias\/area\/trabalhista\/tst-presidente-do-tribunal-e-do-csjt-reforca-uso-da-tecnologia-para-impulsionar-bons-resultados-da-justica-do-trabalho.html\" \/>\n<meta property=\"og:locale\" content=\"pt_BR\" \/>\n<meta property=\"og:type\" content=\"article\" \/>\n<meta property=\"og:title\" content=\"TST: Presidente do Tribunal&nbsp;e do CSJT refor\u00e7a uso da tecnologia para impulsionar bons resultados da Justi\u00e7a do Trabalho | Portal de Not\u00edcias\" \/>\n<meta property=\"og:description\" content=\"A ministra Maria Cristina Peduzzi participou da abertura do XV Encontro Nacional do Poder Judici\u00e1rio, promovido pelo CNJ. Participa\u00e7\u00e3o da ministra Maria Cristina Peduzzi no XV Encontro Nacional do Poder Judici\u00e1rio 02\/12\/21 &#8211; A presidente do Tribunal Superior do Trabalho (TST) e do Conselho Superior da Justi\u00e7a do Trabalho (CSJT), ministra Maria Cristina Peduzzi, participou, [&hellip;]\" \/>\n<meta property=\"og:url\" content=\"https:\/\/mhcalculos.com.br\/noticias\/area\/trabalhista\/tst-presidente-do-tribunal-e-do-csjt-reforca-uso-da-tecnologia-para-impulsionar-bons-resultados-da-justica-do-trabalho.html\" \/>\n<meta property=\"og:site_name\" content=\"Portal de Not\u00edcias\" \/>\n<meta property=\"article:published_time\" content=\"2021-12-02T21:57:00+00:00\" \/>\n<meta property=\"og:image\" content=\"https:\/\/mhcalculos.com.br\/noticias\/wp-content\/uploads\/sites\/2\/2018\/06\/judiciario-0007.jpg\" \/>\n\t<meta property=\"og:image:width\" content=\"2000\" \/>\n\t<meta property=\"og:image:height\" content=\"800\" \/>\n\t<meta property=\"og:image:type\" content=\"image\/jpeg\" \/>\n<meta name=\"author\" content=\"Equipe MH\" \/>\n<meta name=\"twitter:card\" content=\"summary_large_image\" \/>\n<meta name=\"twitter:label1\" content=\"Escrito por\" \/>\n\t<meta name=\"twitter:data1\" content=\"Equipe MH\" \/>\n\t<meta name=\"twitter:label2\" content=\"Est. tempo de leitura\" \/>\n\t<meta name=\"twitter:data2\" content=\"3 minutos\" \/>\n<script type=\"application\/ld+json\" class=\"yoast-schema-graph\">{\"@context\":\"https:\/\/schema.org\",\"@graph\":[{\"@type\":\"Article\",\"@id\":\"https:\/\/mhcalculos.com.br\/noticias\/area\/trabalhista\/tst-presidente-do-tribunal-e-do-csjt-reforca-uso-da-tecnologia-para-impulsionar-bons-resultados-da-justica-do-trabalho.html#article\",\"isPartOf\":{\"@id\":\"https:\/\/mhcalculos.com.br\/noticias\/area\/trabalhista\/tst-presidente-do-tribunal-e-do-csjt-reforca-uso-da-tecnologia-para-impulsionar-bons-resultados-da-justica-do-trabalho.html\"},\"author\":{\"name\":\"Equipe MH\",\"@id\":\"https:\/\/mhcalculos.com.br\/noticias\/#\/schema\/person\/88d1c34bf72dc779ea14a5a6b8e0ae8d\"},\"headline\":\"TST: Presidente do Tribunal&nbsp;e do CSJT refor\u00e7a uso da tecnologia para impulsionar bons resultados da Justi\u00e7a do Trabalho\",\"datePublished\":\"2021-12-02T21:57:00+00:00\",\"mainEntityOfPage\":{\"@id\":\"https:\/\/mhcalculos.com.br\/noticias\/area\/trabalhista\/tst-presidente-do-tribunal-e-do-csjt-reforca-uso-da-tecnologia-para-impulsionar-bons-resultados-da-justica-do-trabalho.html\"},\"wordCount\":616,\"commentCount\":0,\"image\":{\"@id\":\"https:\/\/mhcalculos.com.br\/noticias\/area\/trabalhista\/tst-presidente-do-tribunal-e-do-csjt-reforca-uso-da-tecnologia-para-impulsionar-bons-resultados-da-justica-do-trabalho.html#primaryimage\"},\"thumbnailUrl\":\"https:\/\/mhcalculos.com.br\/noticias\/wp-content\/uploads\/sites\/2\/2018\/06\/judiciario-0007.jpg\",\"keywords\":[\"c\u00e1lculos trabalhistas\",\"direito trabalhista\",\"per\u00edcia\",\"perito\",\"trabalho\",\"TST\"],\"articleSection\":[\"Direito Trabalhista\",\"TST\"],\"inLanguage\":\"pt-BR\",\"potentialAction\":[{\"@type\":\"CommentAction\",\"name\":\"Comment\",\"target\":[\"https:\/\/mhcalculos.com.br\/noticias\/area\/trabalhista\/tst-presidente-do-tribunal-e-do-csjt-reforca-uso-da-tecnologia-para-impulsionar-bons-resultados-da-justica-do-trabalho.html#respond\"]}]},{\"@type\":\"WebPage\",\"@id\":\"https:\/\/mhcalculos.com.br\/noticias\/area\/trabalhista\/tst-presidente-do-tribunal-e-do-csjt-reforca-uso-da-tecnologia-para-impulsionar-bons-resultados-da-justica-do-trabalho.html\",\"url\":\"https:\/\/mhcalculos.com.br\/noticias\/area\/trabalhista\/tst-presidente-do-tribunal-e-do-csjt-reforca-uso-da-tecnologia-para-impulsionar-bons-resultados-da-justica-do-trabalho.html\",\"name\":\"TST: Presidente do Tribunal&nbsp;e do CSJT refor\u00e7a uso da tecnologia para impulsionar bons resultados da Justi\u00e7a do Trabalho | Portal de Not\u00edcias\",\"isPartOf\":{\"@id\":\"https:\/\/mhcalculos.com.br\/noticias\/#website\"},\"primaryImageOfPage\":{\"@id\":\"https:\/\/mhcalculos.com.br\/noticias\/area\/trabalhista\/tst-presidente-do-tribunal-e-do-csjt-reforca-uso-da-tecnologia-para-impulsionar-bons-resultados-da-justica-do-trabalho.html#primaryimage\"},\"image\":{\"@id\":\"https:\/\/mhcalculos.com.br\/noticias\/area\/trabalhista\/tst-presidente-do-tribunal-e-do-csjt-reforca-uso-da-tecnologia-para-impulsionar-bons-resultados-da-justica-do-trabalho.html#primaryimage\"},\"thumbnailUrl\":\"https:\/\/mhcalculos.com.br\/noticias\/wp-content\/uploads\/sites\/2\/2018\/06\/judiciario-0007.jpg\",\"datePublished\":\"2021-12-02T21:57:00+00:00\",\"author\":{\"@id\":\"https:\/\/mhcalculos.com.br\/noticias\/#\/schema\/person\/88d1c34bf72dc779ea14a5a6b8e0ae8d\"},\"breadcrumb\":{\"@id\":\"https:\/\/mhcalculos.com.br\/noticias\/area\/trabalhista\/tst-presidente-do-tribunal-e-do-csjt-reforca-uso-da-tecnologia-para-impulsionar-bons-resultados-da-justica-do-trabalho.html#breadcrumb\"},\"inLanguage\":\"pt-BR\",\"potentialAction\":[{\"@type\":\"ReadAction\",\"target\":[\"https:\/\/mhcalculos.com.br\/noticias\/area\/trabalhista\/tst-presidente-do-tribunal-e-do-csjt-reforca-uso-da-tecnologia-para-impulsionar-bons-resultados-da-justica-do-trabalho.html\"]}]},{\"@type\":\"ImageObject\",\"inLanguage\":\"pt-BR\",\"@id\":\"https:\/\/mhcalculos.com.br\/noticias\/area\/trabalhista\/tst-presidente-do-tribunal-e-do-csjt-reforca-uso-da-tecnologia-para-impulsionar-bons-resultados-da-justica-do-trabalho.html#primaryimage\",\"url\":\"https:\/\/mhcalculos.com.br\/noticias\/wp-content\/uploads\/sites\/2\/2018\/06\/judiciario-0007.jpg\",\"contentUrl\":\"https:\/\/mhcalculos.com.br\/noticias\/wp-content\/uploads\/sites\/2\/2018\/06\/judiciario-0007.jpg\",\"width\":2000,\"height\":800},{\"@type\":\"BreadcrumbList\",\"@id\":\"https:\/\/mhcalculos.com.br\/noticias\/area\/trabalhista\/tst-presidente-do-tribunal-e-do-csjt-reforca-uso-da-tecnologia-para-impulsionar-bons-resultados-da-justica-do-trabalho.html#breadcrumb\",\"itemListElement\":[{\"@type\":\"ListItem\",\"position\":1,\"name\":\"In\u00edcio\",\"item\":\"https:\/\/mhcalculos.com.br\/noticias\/\"},{\"@type\":\"ListItem\",\"position\":2,\"name\":\"TST: Presidente do Tribunal&nbsp;e do CSJT refor\u00e7a uso da tecnologia para impulsionar bons resultados da Justi\u00e7a do Trabalho\"}]},{\"@type\":\"WebSite\",\"@id\":\"https:\/\/mhcalculos.com.br\/noticias\/#website\",\"url\":\"https:\/\/mhcalculos.com.br\/noticias\/\",\"name\":\"Portal de Not\u00edcias\",\"description\":\"Not\u00edcias e Jurisprud\u00eancia\",\"potentialAction\":[{\"@type\":\"SearchAction\",\"target\":{\"@type\":\"EntryPoint\",\"urlTemplate\":\"https:\/\/mhcalculos.com.br\/noticias\/?s={search_term_string}\"},\"query-input\":{\"@type\":\"PropertyValueSpecification\",\"valueRequired\":true,\"valueName\":\"search_term_string\"}}],\"inLanguage\":\"pt-BR\"},{\"@type\":\"Person\",\"@id\":\"https:\/\/mhcalculos.com.br\/noticias\/#\/schema\/person\/88d1c34bf72dc779ea14a5a6b8e0ae8d\",\"name\":\"Equipe MH\",\"image\":{\"@type\":\"ImageObject\",\"inLanguage\":\"pt-BR\",\"@id\":\"https:\/\/secure.gravatar.com\/avatar\/de1c686c2ecc9c5a3f327e3431d819eb39f8f05d4e1045f5a1caad6daaba987f?s=96&d=mm&r=g\",\"url\":\"https:\/\/secure.gravatar.com\/avatar\/de1c686c2ecc9c5a3f327e3431d819eb39f8f05d4e1045f5a1caad6daaba987f?s=96&d=mm&r=g\",\"contentUrl\":\"https:\/\/secure.gravatar.com\/avatar\/de1c686c2ecc9c5a3f327e3431d819eb39f8f05d4e1045f5a1caad6daaba987f?s=96&d=mm&r=g\",\"caption\":\"Equipe MH\"}}]}<\/script>\n<!-- \/ Yoast SEO plugin. -->","yoast_head_json":{"title":"TST: Presidente do Tribunal&nbsp;e do CSJT refor\u00e7a uso da tecnologia para impulsionar bons resultados da Justi\u00e7a do Trabalho | Portal de Not\u00edcias","robots":{"index":"index","follow":"follow","max-snippet":"max-snippet:-1","max-image-preview":"max-image-preview:large","max-video-preview":"max-video-preview:-1"},"canonical":"https:\/\/mhcalculos.com.br\/noticias\/area\/trabalhista\/tst-presidente-do-tribunal-e-do-csjt-reforca-uso-da-tecnologia-para-impulsionar-bons-resultados-da-justica-do-trabalho.html","og_locale":"pt_BR","og_type":"article","og_title":"TST: Presidente do Tribunal&nbsp;e do CSJT refor\u00e7a uso da tecnologia para impulsionar bons resultados da Justi\u00e7a do Trabalho | Portal de Not\u00edcias","og_description":"A ministra Maria Cristina Peduzzi participou da abertura do XV Encontro Nacional do Poder Judici\u00e1rio, promovido pelo CNJ. Participa\u00e7\u00e3o da ministra Maria Cristina Peduzzi no XV Encontro Nacional do Poder Judici\u00e1rio 02\/12\/21 &#8211; A presidente do Tribunal Superior do Trabalho (TST) e do Conselho Superior da Justi\u00e7a do Trabalho (CSJT), ministra Maria Cristina Peduzzi, participou, [&hellip;]","og_url":"https:\/\/mhcalculos.com.br\/noticias\/area\/trabalhista\/tst-presidente-do-tribunal-e-do-csjt-reforca-uso-da-tecnologia-para-impulsionar-bons-resultados-da-justica-do-trabalho.html","og_site_name":"Portal de Not\u00edcias","article_published_time":"2021-12-02T21:57:00+00:00","og_image":[{"width":2000,"height":800,"url":"https:\/\/mhcalculos.com.br\/noticias\/wp-content\/uploads\/sites\/2\/2018\/06\/judiciario-0007.jpg","type":"image\/jpeg"}],"author":"Equipe MH","twitter_card":"summary_large_image","twitter_misc":{"Escrito por":"Equipe MH","Est. tempo de leitura":"3 minutos"},"schema":{"@context":"https:\/\/schema.org","@graph":[{"@type":"Article","@id":"https:\/\/mhcalculos.com.br\/noticias\/area\/trabalhista\/tst-presidente-do-tribunal-e-do-csjt-reforca-uso-da-tecnologia-para-impulsionar-bons-resultados-da-justica-do-trabalho.html#article","isPartOf":{"@id":"https:\/\/mhcalculos.com.br\/noticias\/area\/trabalhista\/tst-presidente-do-tribunal-e-do-csjt-reforca-uso-da-tecnologia-para-impulsionar-bons-resultados-da-justica-do-trabalho.html"},"author":{"name":"Equipe MH","@id":"https:\/\/mhcalculos.com.br\/noticias\/#\/schema\/person\/88d1c34bf72dc779ea14a5a6b8e0ae8d"},"headline":"TST: Presidente do Tribunal&nbsp;e do CSJT refor\u00e7a uso da tecnologia para impulsionar bons resultados da Justi\u00e7a do Trabalho","datePublished":"2021-12-02T21:57:00+00:00","mainEntityOfPage":{"@id":"https:\/\/mhcalculos.com.br\/noticias\/area\/trabalhista\/tst-presidente-do-tribunal-e-do-csjt-reforca-uso-da-tecnologia-para-impulsionar-bons-resultados-da-justica-do-trabalho.html"},"wordCount":616,"commentCount":0,"image":{"@id":"https:\/\/mhcalculos.com.br\/noticias\/area\/trabalhista\/tst-presidente-do-tribunal-e-do-csjt-reforca-uso-da-tecnologia-para-impulsionar-bons-resultados-da-justica-do-trabalho.html#primaryimage"},"thumbnailUrl":"https:\/\/mhcalculos.com.br\/noticias\/wp-content\/uploads\/sites\/2\/2018\/06\/judiciario-0007.jpg","keywords":["c\u00e1lculos trabalhistas","direito trabalhista","per\u00edcia","perito","trabalho","TST"],"articleSection":["Direito Trabalhista","TST"],"inLanguage":"pt-BR","potentialAction":[{"@type":"CommentAction","name":"Comment","target":["https:\/\/mhcalculos.com.br\/noticias\/area\/trabalhista\/tst-presidente-do-tribunal-e-do-csjt-reforca-uso-da-tecnologia-para-impulsionar-bons-resultados-da-justica-do-trabalho.html#respond"]}]},{"@type":"WebPage","@id":"https:\/\/mhcalculos.com.br\/noticias\/area\/trabalhista\/tst-presidente-do-tribunal-e-do-csjt-reforca-uso-da-tecnologia-para-impulsionar-bons-resultados-da-justica-do-trabalho.html","url":"https:\/\/mhcalculos.com.br\/noticias\/area\/trabalhista\/tst-presidente-do-tribunal-e-do-csjt-reforca-uso-da-tecnologia-para-impulsionar-bons-resultados-da-justica-do-trabalho.html","name":"TST: Presidente do Tribunal&nbsp;e do CSJT refor\u00e7a uso da tecnologia para impulsionar bons resultados da Justi\u00e7a do Trabalho | Portal de Not\u00edcias","isPartOf":{"@id":"https:\/\/mhcalculos.com.br\/noticias\/#website"},"primaryImageOfPage":{"@id":"https:\/\/mhcalculos.com.br\/noticias\/area\/trabalhista\/tst-presidente-do-tribunal-e-do-csjt-reforca-uso-da-tecnologia-para-impulsionar-bons-resultados-da-justica-do-trabalho.html#primaryimage"},"image":{"@id":"https:\/\/mhcalculos.com.br\/noticias\/area\/trabalhista\/tst-presidente-do-tribunal-e-do-csjt-reforca-uso-da-tecnologia-para-impulsionar-bons-resultados-da-justica-do-trabalho.html#primaryimage"},"thumbnailUrl":"https:\/\/mhcalculos.com.br\/noticias\/wp-content\/uploads\/sites\/2\/2018\/06\/judiciario-0007.jpg","datePublished":"2021-12-02T21:57:00+00:00","author":{"@id":"https:\/\/mhcalculos.com.br\/noticias\/#\/schema\/person\/88d1c34bf72dc779ea14a5a6b8e0ae8d"},"breadcrumb":{"@id":"https:\/\/mhcalculos.com.br\/noticias\/area\/trabalhista\/tst-presidente-do-tribunal-e-do-csjt-reforca-uso-da-tecnologia-para-impulsionar-bons-resultados-da-justica-do-trabalho.html#breadcrumb"},"inLanguage":"pt-BR","potentialAction":[{"@type":"ReadAction","target":["https:\/\/mhcalculos.com.br\/noticias\/area\/trabalhista\/tst-presidente-do-tribunal-e-do-csjt-reforca-uso-da-tecnologia-para-impulsionar-bons-resultados-da-justica-do-trabalho.html"]}]},{"@type":"ImageObject","inLanguage":"pt-BR","@id":"https:\/\/mhcalculos.com.br\/noticias\/area\/trabalhista\/tst-presidente-do-tribunal-e-do-csjt-reforca-uso-da-tecnologia-para-impulsionar-bons-resultados-da-justica-do-trabalho.html#primaryimage","url":"https:\/\/mhcalculos.com.br\/noticias\/wp-content\/uploads\/sites\/2\/2018\/06\/judiciario-0007.jpg","contentUrl":"https:\/\/mhcalculos.com.br\/noticias\/wp-content\/uploads\/sites\/2\/2018\/06\/judiciario-0007.jpg","width":2000,"height":800},{"@type":"BreadcrumbList","@id":"https:\/\/mhcalculos.com.br\/noticias\/area\/trabalhista\/tst-presidente-do-tribunal-e-do-csjt-reforca-uso-da-tecnologia-para-impulsionar-bons-resultados-da-justica-do-trabalho.html#breadcrumb","itemListElement":[{"@type":"ListItem","position":1,"name":"In\u00edcio","item":"https:\/\/mhcalculos.com.br\/noticias\/"},{"@type":"ListItem","position":2,"name":"TST: Presidente do Tribunal&nbsp;e do CSJT refor\u00e7a uso da tecnologia para impulsionar bons resultados da Justi\u00e7a do Trabalho"}]},{"@type":"WebSite","@id":"https:\/\/mhcalculos.com.br\/noticias\/#website","url":"https:\/\/mhcalculos.com.br\/noticias\/","name":"Portal de Not\u00edcias","description":"Not\u00edcias e Jurisprud\u00eancia","potentialAction":[{"@type":"SearchAction","target":{"@type":"EntryPoint","urlTemplate":"https:\/\/mhcalculos.com.br\/noticias\/?s={search_term_string}"},"query-input":{"@type":"PropertyValueSpecification","valueRequired":true,"valueName":"search_term_string"}}],"inLanguage":"pt-BR"},{"@type":"Person","@id":"https:\/\/mhcalculos.com.br\/noticias\/#\/schema\/person\/88d1c34bf72dc779ea14a5a6b8e0ae8d","name":"Equipe MH","image":{"@type":"ImageObject","inLanguage":"pt-BR","@id":"https:\/\/secure.gravatar.com\/avatar\/de1c686c2ecc9c5a3f327e3431d819eb39f8f05d4e1045f5a1caad6daaba987f?s=96&d=mm&r=g","url":"https:\/\/secure.gravatar.com\/avatar\/de1c686c2ecc9c5a3f327e3431d819eb39f8f05d4e1045f5a1caad6daaba987f?s=96&d=mm&r=g","contentUrl":"https:\/\/secure.gravatar.com\/avatar\/de1c686c2ecc9c5a3f327e3431d819eb39f8f05d4e1045f5a1caad6daaba987f?s=96&d=mm&r=g","caption":"Equipe MH"}}]}},"_links":{"self":[{"href":"https:\/\/mhcalculos.com.br\/noticias\/wp-json\/wp\/v2\/posts\/10763","targetHints":{"allow":["GET"]}}],"collection":[{"href":"https:\/\/mhcalculos.com.br\/noticias\/wp-json\/wp\/v2\/posts"}],"about":[{"href":"https:\/\/mhcalculos.com.br\/noticias\/wp-json\/wp\/v2\/types\/post"}],"author":[{"embeddable":true,"href":"https:\/\/mhcalculos.com.br\/noticias\/wp-json\/wp\/v2\/users\/3063"}],"replies":[{"embeddable":true,"href":"https:\/\/mhcalculos.com.br\/noticias\/wp-json\/wp\/v2\/comments?post=10763"}],"version-history":[{"count":0,"href":"https:\/\/mhcalculos.com.br\/noticias\/wp-json\/wp\/v2\/posts\/10763\/revisions"}],"wp:featuredmedia":[{"embeddable":true,"href":"https:\/\/mhcalculos.com.br\/noticias\/wp-json\/wp\/v2\/media\/1990"}],"wp:attachment":[{"href":"https:\/\/mhcalculos.com.br\/noticias\/wp-json\/wp\/v2\/media?parent=10763"}],"wp:term":[{"taxonomy":"category","embeddable":true,"href":"https:\/\/mhcalculos.com.br\/noticias\/wp-json\/wp\/v2\/categories?post=10763"},{"taxonomy":"post_tag","embeddable":true,"href":"https:\/\/mhcalculos.com.br\/noticias\/wp-json\/wp\/v2\/tags?post=10763"}],"curies":[{"name":"wp","href":"https:\/\/api.w.org\/{rel}","templated":true}]}}