{"id":10750,"date":"2021-11-25T19:39:00","date_gmt":"2021-11-25T22:39:00","guid":{"rendered":"https:\/\/mhcalculos.com.br\/noticias\/area\/trabalhista\/tst-presidente-e-ministros-do-tribunal-sao-agraciados-com-comenda-da-ordem-do-merito-da-agu.html"},"modified":"2021-11-25T19:39:00","modified_gmt":"2021-11-25T22:39:00","slug":"tst-presidente-e-ministros-do-tribunal-sao-agraciados-com-comenda-da-ordem-do-merito-da-agu","status":"publish","type":"post","link":"https:\/\/mhcalculos.com.br\/noticias\/area\/trabalhista\/tst-presidente-e-ministros-do-tribunal-sao-agraciados-com-comenda-da-ordem-do-merito-da-agu.html","title":{"rendered":"TST: Presidente e ministros do Tribunal&nbsp;s\u00e3o agraciados com comenda da Ordem do M\u00e9rito da AGU"},"content":{"rendered":"<p><br \/>\n<\/p>\n<p><em><\/p>\n<p>Os ministros Ives Gandra e Douglas Alencar tamb\u00e9m foram agraciados com a condecora\u00e7\u00e3o outorgada pela AGU.<\/p>\n<p><\/em><\/p>\n<p>        <a class=\"share-facebook\" href=\"https:\/\/www.facebook.com\/sharer.php?u=http:\/\/www.tst.jus.br\/-\/presidente-e-ministros-do-tst-s%C3%A3o-agraciados-com-comenda-da-ordem-do-m%C3%A9rito-da-agu\" target=\"_blank\" rel=\"noopener\"><\/a><br \/>\n        <a class=\"share-twitter\" href=\"http:\/\/twitter.com\/intent\/tweet?text=Presidente e ministros do TST s\u00e3o agraciados com comenda da Ordem do M\u00e9rito da AGU%0AVeja%20mais%20em:&amp;url=http:\/\/www.tst.jus.br\/-\/presidente-e-ministros-do-tst-s%C3%A3o-agraciados-com-comenda-da-ordem-do-m%C3%A9rito-da-agu\" target=\"_blank\" rel=\"noopener\"><\/a><br \/>\n        <a class=\"share-linkedin\" href=\"https:\/\/www.linkedin.com\/shareArticle?mini=true&amp;url=http:\/\/www.tst.jus.br\/-\/presidente-e-ministros-do-tst-s%C3%A3o-agraciados-com-comenda-da-ordem-do-m%C3%A9rito-da-agu&amp;title=Presidente e ministros do TST s\u00e3o agraciados com comenda da Ordem do M\u00e9rito da AGU\" target=\"_blank\" rel=\"noopener\"><\/a><br \/>\n        <a class=\"share-whatsapp\" href=\"https:\/\/web.whatsapp.com\/send?text=http:\/\/www.tst.jus.br\/-\/presidente-e-ministros-do-tst-s%C3%A3o-agraciados-com-comenda-da-ordem-do-m%C3%A9rito-da-agu\" target=\"_blank\" rel=\"noopener\"><\/a><br \/>\n        <a class=\"share-googleplus\" href=\"https:\/\/plus.google.com\/share?url=http:\/\/www.tst.jus.br\/-\/presidente-e-ministros-do-tst-s%C3%A3o-agraciados-com-comenda-da-ordem-do-m%C3%A9rito-da-agu\" target=\"_blank\" rel=\"noopener\"><\/a><\/p>\n<p>                <\/p>\n<p>Ministro Douglas Alencar, ministra Maria Cristina Peduzzi e ministro Ives Gandra Filho com a Ordem do M\u00e9rito da AGU<\/p>\n<p>                    <a class=\"share-facebook\" href=\"https:\/\/www.facebook.com\/sharer.php?u=http:\/\/www.tst.jus.br\/-\/presidente-e-ministros-do-tst-s%C3%A3o-agraciados-com-comenda-da-ordem-do-m%C3%A9rito-da-agu\" target=\"_blank\" rel=\"noopener\"><\/a><br \/>\n                    <a class=\"share-twitter\" href=\"http:\/\/twitter.com\/intent\/tweet?text=Presidente e ministros do TST s\u00e3o agraciados com comenda da Ordem do M\u00e9rito da AGU%0AVeja%20mais%20em:&amp;url=http:\/\/www.tst.jus.br\/-\/presidente-e-ministros-do-tst-s%C3%A3o-agraciados-com-comenda-da-ordem-do-m%C3%A9rito-da-agu\" target=\"_blank\" rel=\"noopener\"><\/a><br \/>\n                    <a class=\"share-linkedin\" href=\"https:\/\/www.linkedin.com\/shareArticle?mini=true&amp;url=http:\/\/www.tst.jus.br\/-\/presidente-e-ministros-do-tst-s%C3%A3o-agraciados-com-comenda-da-ordem-do-m%C3%A9rito-da-agu&amp;title=Presidente e ministros do TST s\u00e3o agraciados com comenda da Ordem do M\u00e9rito da AGU\" target=\"_blank\" rel=\"noopener\"><\/a><br \/>\n                    <a class=\"share-whatsapp\" href=\"https:\/\/web.whatsapp.com\/send?text=http:\/\/www.tst.jus.br\/-\/presidente-e-ministros-do-tst-s%C3%A3o-agraciados-com-comenda-da-ordem-do-m%C3%A9rito-da-agu\" target=\"_blank\" rel=\"noopener\"><\/a><br \/>\n                    <a class=\"share-googleplus\" href=\"https:\/\/plus.google.com\/share?url=http:\/\/www.tst.jus.br\/-\/presidente-e-ministros-do-tst-s%C3%A3o-agraciados-com-comenda-da-ordem-do-m%C3%A9rito-da-agu\" target=\"_blank\" rel=\"noopener\"><\/a><\/p>\n<p>25\/11\/21 &#8211;&nbsp;A presidente do Tribunal Superior do Trabalho (TST), ministra Maria Cristina Peduzzi, recebeu, nesta quinta-feira (25), a comenda da Ordem do M\u00e9rito da Advocacia-Geral da Uni\u00e3o (AGU),&nbsp;no grau m\u00e1ximo (Gr\u00e3-Cruz).&nbsp;A honraria foi entregue pelo&nbsp;advogado-geral da Uni\u00e3o, Bruno Bianco.<\/p>\n<p>A condecora\u00e7\u00e3o \u00e9 conferida a pessoas naturais, \u00f3rg\u00e3os e entidades da administra\u00e7\u00e3o p\u00fablica, institui\u00e7\u00f5es e organiza\u00e7\u00f5es militares, brasileiras ou estrangeiras, que tenham prestado not\u00e1veis servi\u00e7os \u00e0 AGU, tanto em \u00e2mbito nacional quanto internacional.<\/p>\n<p>\u201cFico muito honrada em receber a homenagem da AGU e ser reconhecida por tantos anos de atua\u00e7\u00e3o no servi\u00e7o p\u00fablico e, agora, tamb\u00e9m como presidente do TST\u201d, destacou a ministra durante a cerim\u00f4nia.<\/p>\n<p>Os ministros Ives Gandra e Douglas Alencar tamb\u00e9m foram agraciados com a condecora\u00e7\u00e3o outorgada pela AGU&nbsp;no grau Gr\u00e3-Cruz.&nbsp;<\/p>\n<p>(JS\/RT\/TG)<\/p>\n<p>    $(&#8216;#lightbox-tapn_ .slider-gallery-wrapper img&#8217;).hover(<br \/>\n    function() {<br \/>\n        const $text=$($($(this).parent()).next());<br \/>\n        $text.hasClass(&#8216;inside-description&#8217;) &amp;&amp; $text.fadeTo( &#8220;slow&#8221; , 0);<br \/>\n    }, function() {<br \/>\n        const $text=$($($(this).parent()).next());<br \/>\n        $text.hasClass(&#8216;inside-description&#8217;) &amp;&amp; $text.fadeTo( &#8220;slow&#8221; , 1);<br \/>\n    }<br \/>\n    );<br \/>\n    $(document).ready(function() {<br \/>\n        var tapn_autoplaying=false;<br \/>\n        var tapn_showingLightbox=false;<br \/>\n        const tapn_playPauseControllers=&#8221;#slider-tapn_-playpause, #slider-tapn_-lightbox-playpause&#8221;;<br \/>\n        $(&#8220;#slider-tapn_&#8221;).slick({<br \/>\n            slidesToShow: 1,<br \/>\n            slidesToScroll: 1,<br \/>\n            autoplay: tapn_autoplaying,<br \/>\n            swipeToSlide: false,<br \/>\n            centerMode: false,<br \/>\n            autoplaySpeed: 3000,<br \/>\n            focusOnSelect: true,<br \/>\n            prevArrow:<br \/>\n            &#8221;,<br \/>\n            nextArrow:<br \/>\n            &#8221;,<br \/>\n            centerPadding: &#8220;60px&#8221;,<br \/>\n            responsive: [<br \/>\n                {<br \/>\n                    breakpoint: 767.98,<br \/>\n                    settings: {<br \/>\n                        slidesToShow: 3,<br \/>\n                        adaptiveHeight: true<br \/>\n                    }<br \/>\n                }<br \/>\n            ]<br \/>\n        });<br \/>\n        $(&#8220;#slider-tapn_&#8221;).slickLightbox({<br \/>\n            src: &#8216;src&#8217;,<br \/>\n            itemSelector: &#8216;.galery-image .multimidia-wrapper img&#8217;,<br \/>\n            caption:&#8217;caption&#8217;<br \/>\n        });<br \/>\n    });<br \/>\n<script async src=\"https:\/\/platform.twitter.com\/widgets.js\" charset=\"utf-8\"><\/script><br \/>\n<br \/><i>Com informa\u00e7\u00f5es da assessoria de imprensa do TST.<\/i><br \/>\n<br \/><a href=\"http:\/\/www.tst.jus.br\/web\/guest\/noticias?p_p_id=89Dk&#038;p_p_lifecycle=0&#038;refererPlid=10730&#038;_89Dk_groupId=10157&#038;_89Dk_articleId=27792293\">Fonte<\/a><br \/>\n<br \/><\/p>\n","protected":false},"excerpt":{"rendered":"<p>Os ministros Ives Gandra e Douglas Alencar tamb\u00e9m foram agraciados com a condecora\u00e7\u00e3o outorgada pela AGU. Ministro Douglas Alencar, ministra Maria Cristina Peduzzi e ministro Ives Gandra Filho com a Ordem do M\u00e9rito da AGU 25\/11\/21 &#8211;&nbsp;A presidente do Tribunal Superior do Trabalho (TST), ministra Maria Cristina Peduzzi, recebeu, nesta quinta-feira (25), a comenda da [&hellip;]<\/p>\n","protected":false},"author":3063,"featured_media":3349,"comment_status":"open","ping_status":"open","sticky":false,"template":"","format":"standard","meta":{"footnotes":""},"categories":[3,21],"tags":[33,216,9,12,217,215],"class_list":{"0":"post-10750","1":"post","2":"type-post","3":"status-publish","4":"format-standard","5":"has-post-thumbnail","7":"category-trabalhista","8":"category-tst","9":"tag-calculos-trabalhistas","10":"tag-direito-trabalhista","11":"tag-pericia","12":"tag-perito","13":"tag-trabalho","14":"tag-tst"},"yoast_head":"<!-- This site is optimized with the Yoast SEO plugin v27.2 - https:\/\/yoast.com\/product\/yoast-seo-wordpress\/ -->\n<title>TST: Presidente e ministros do Tribunal&nbsp;s\u00e3o agraciados com comenda da Ordem do M\u00e9rito da AGU | Portal de Not\u00edcias<\/title>\n<meta name=\"robots\" content=\"index, follow, max-snippet:-1, max-image-preview:large, max-video-preview:-1\" \/>\n<link rel=\"canonical\" href=\"https:\/\/mhcalculos.com.br\/noticias\/area\/trabalhista\/tst-presidente-e-ministros-do-tribunal-sao-agraciados-com-comenda-da-ordem-do-merito-da-agu.html\" \/>\n<meta property=\"og:locale\" content=\"pt_BR\" \/>\n<meta property=\"og:type\" content=\"article\" \/>\n<meta property=\"og:title\" content=\"TST: Presidente e ministros do Tribunal&nbsp;s\u00e3o agraciados com comenda da Ordem do M\u00e9rito da AGU | Portal de Not\u00edcias\" \/>\n<meta property=\"og:description\" content=\"Os ministros Ives Gandra e Douglas Alencar tamb\u00e9m foram agraciados com a condecora\u00e7\u00e3o outorgada pela AGU. Ministro Douglas Alencar, ministra Maria Cristina Peduzzi e ministro Ives Gandra Filho com a Ordem do M\u00e9rito da AGU 25\/11\/21 &#8211;&nbsp;A presidente do Tribunal Superior do Trabalho (TST), ministra Maria Cristina Peduzzi, recebeu, nesta quinta-feira (25), a comenda da [&hellip;]\" \/>\n<meta property=\"og:url\" content=\"https:\/\/mhcalculos.com.br\/noticias\/area\/trabalhista\/tst-presidente-e-ministros-do-tribunal-sao-agraciados-com-comenda-da-ordem-do-merito-da-agu.html\" \/>\n<meta property=\"og:site_name\" content=\"Portal de Not\u00edcias\" \/>\n<meta property=\"article:published_time\" content=\"2021-11-25T22:39:00+00:00\" \/>\n<meta property=\"og:image\" content=\"https:\/\/mhcalculos.com.br\/noticias\/wp-content\/uploads\/sites\/2\/2018\/11\/trabalhista-0017.jpg\" \/>\n\t<meta property=\"og:image:width\" content=\"2000\" \/>\n\t<meta property=\"og:image:height\" content=\"800\" \/>\n\t<meta property=\"og:image:type\" content=\"image\/jpeg\" \/>\n<meta name=\"author\" content=\"Equipe MH\" \/>\n<meta name=\"twitter:card\" content=\"summary_large_image\" \/>\n<meta name=\"twitter:label1\" content=\"Escrito por\" \/>\n\t<meta name=\"twitter:data1\" content=\"Equipe MH\" \/>\n\t<meta name=\"twitter:label2\" content=\"Est. tempo de leitura\" \/>\n\t<meta name=\"twitter:data2\" content=\"1 minuto\" \/>\n<script type=\"application\/ld+json\" class=\"yoast-schema-graph\">{\"@context\":\"https:\/\/schema.org\",\"@graph\":[{\"@type\":\"Article\",\"@id\":\"https:\/\/mhcalculos.com.br\/noticias\/area\/trabalhista\/tst-presidente-e-ministros-do-tribunal-sao-agraciados-com-comenda-da-ordem-do-merito-da-agu.html#article\",\"isPartOf\":{\"@id\":\"https:\/\/mhcalculos.com.br\/noticias\/area\/trabalhista\/tst-presidente-e-ministros-do-tribunal-sao-agraciados-com-comenda-da-ordem-do-merito-da-agu.html\"},\"author\":{\"name\":\"Equipe MH\",\"@id\":\"https:\/\/mhcalculos.com.br\/noticias\/#\/schema\/person\/88d1c34bf72dc779ea14a5a6b8e0ae8d\"},\"headline\":\"TST: Presidente e ministros do Tribunal&nbsp;s\u00e3o agraciados com comenda da Ordem do M\u00e9rito da AGU\",\"datePublished\":\"2021-11-25T22:39:00+00:00\",\"mainEntityOfPage\":{\"@id\":\"https:\/\/mhcalculos.com.br\/noticias\/area\/trabalhista\/tst-presidente-e-ministros-do-tribunal-sao-agraciados-com-comenda-da-ordem-do-merito-da-agu.html\"},\"wordCount\":307,\"commentCount\":0,\"image\":{\"@id\":\"https:\/\/mhcalculos.com.br\/noticias\/area\/trabalhista\/tst-presidente-e-ministros-do-tribunal-sao-agraciados-com-comenda-da-ordem-do-merito-da-agu.html#primaryimage\"},\"thumbnailUrl\":\"https:\/\/mhcalculos.com.br\/noticias\/wp-content\/uploads\/sites\/2\/2018\/11\/trabalhista-0017.jpg\",\"keywords\":[\"c\u00e1lculos trabalhistas\",\"direito trabalhista\",\"per\u00edcia\",\"perito\",\"trabalho\",\"TST\"],\"articleSection\":[\"Direito Trabalhista\",\"TST\"],\"inLanguage\":\"pt-BR\",\"potentialAction\":[{\"@type\":\"CommentAction\",\"name\":\"Comment\",\"target\":[\"https:\/\/mhcalculos.com.br\/noticias\/area\/trabalhista\/tst-presidente-e-ministros-do-tribunal-sao-agraciados-com-comenda-da-ordem-do-merito-da-agu.html#respond\"]}]},{\"@type\":\"WebPage\",\"@id\":\"https:\/\/mhcalculos.com.br\/noticias\/area\/trabalhista\/tst-presidente-e-ministros-do-tribunal-sao-agraciados-com-comenda-da-ordem-do-merito-da-agu.html\",\"url\":\"https:\/\/mhcalculos.com.br\/noticias\/area\/trabalhista\/tst-presidente-e-ministros-do-tribunal-sao-agraciados-com-comenda-da-ordem-do-merito-da-agu.html\",\"name\":\"TST: Presidente e ministros do Tribunal&nbsp;s\u00e3o agraciados com comenda da Ordem do M\u00e9rito da AGU | Portal de Not\u00edcias\",\"isPartOf\":{\"@id\":\"https:\/\/mhcalculos.com.br\/noticias\/#website\"},\"primaryImageOfPage\":{\"@id\":\"https:\/\/mhcalculos.com.br\/noticias\/area\/trabalhista\/tst-presidente-e-ministros-do-tribunal-sao-agraciados-com-comenda-da-ordem-do-merito-da-agu.html#primaryimage\"},\"image\":{\"@id\":\"https:\/\/mhcalculos.com.br\/noticias\/area\/trabalhista\/tst-presidente-e-ministros-do-tribunal-sao-agraciados-com-comenda-da-ordem-do-merito-da-agu.html#primaryimage\"},\"thumbnailUrl\":\"https:\/\/mhcalculos.com.br\/noticias\/wp-content\/uploads\/sites\/2\/2018\/11\/trabalhista-0017.jpg\",\"datePublished\":\"2021-11-25T22:39:00+00:00\",\"author\":{\"@id\":\"https:\/\/mhcalculos.com.br\/noticias\/#\/schema\/person\/88d1c34bf72dc779ea14a5a6b8e0ae8d\"},\"breadcrumb\":{\"@id\":\"https:\/\/mhcalculos.com.br\/noticias\/area\/trabalhista\/tst-presidente-e-ministros-do-tribunal-sao-agraciados-com-comenda-da-ordem-do-merito-da-agu.html#breadcrumb\"},\"inLanguage\":\"pt-BR\",\"potentialAction\":[{\"@type\":\"ReadAction\",\"target\":[\"https:\/\/mhcalculos.com.br\/noticias\/area\/trabalhista\/tst-presidente-e-ministros-do-tribunal-sao-agraciados-com-comenda-da-ordem-do-merito-da-agu.html\"]}]},{\"@type\":\"ImageObject\",\"inLanguage\":\"pt-BR\",\"@id\":\"https:\/\/mhcalculos.com.br\/noticias\/area\/trabalhista\/tst-presidente-e-ministros-do-tribunal-sao-agraciados-com-comenda-da-ordem-do-merito-da-agu.html#primaryimage\",\"url\":\"https:\/\/mhcalculos.com.br\/noticias\/wp-content\/uploads\/sites\/2\/2018\/11\/trabalhista-0017.jpg\",\"contentUrl\":\"https:\/\/mhcalculos.com.br\/noticias\/wp-content\/uploads\/sites\/2\/2018\/11\/trabalhista-0017.jpg\",\"width\":2000,\"height\":800},{\"@type\":\"BreadcrumbList\",\"@id\":\"https:\/\/mhcalculos.com.br\/noticias\/area\/trabalhista\/tst-presidente-e-ministros-do-tribunal-sao-agraciados-com-comenda-da-ordem-do-merito-da-agu.html#breadcrumb\",\"itemListElement\":[{\"@type\":\"ListItem\",\"position\":1,\"name\":\"In\u00edcio\",\"item\":\"https:\/\/mhcalculos.com.br\/noticias\/\"},{\"@type\":\"ListItem\",\"position\":2,\"name\":\"TST: Presidente e ministros do Tribunal&nbsp;s\u00e3o agraciados com comenda da Ordem do M\u00e9rito da AGU\"}]},{\"@type\":\"WebSite\",\"@id\":\"https:\/\/mhcalculos.com.br\/noticias\/#website\",\"url\":\"https:\/\/mhcalculos.com.br\/noticias\/\",\"name\":\"Portal de Not\u00edcias\",\"description\":\"Not\u00edcias e Jurisprud\u00eancia\",\"potentialAction\":[{\"@type\":\"SearchAction\",\"target\":{\"@type\":\"EntryPoint\",\"urlTemplate\":\"https:\/\/mhcalculos.com.br\/noticias\/?s={search_term_string}\"},\"query-input\":{\"@type\":\"PropertyValueSpecification\",\"valueRequired\":true,\"valueName\":\"search_term_string\"}}],\"inLanguage\":\"pt-BR\"},{\"@type\":\"Person\",\"@id\":\"https:\/\/mhcalculos.com.br\/noticias\/#\/schema\/person\/88d1c34bf72dc779ea14a5a6b8e0ae8d\",\"name\":\"Equipe MH\",\"image\":{\"@type\":\"ImageObject\",\"inLanguage\":\"pt-BR\",\"@id\":\"https:\/\/secure.gravatar.com\/avatar\/de1c686c2ecc9c5a3f327e3431d819eb39f8f05d4e1045f5a1caad6daaba987f?s=96&d=mm&r=g\",\"url\":\"https:\/\/secure.gravatar.com\/avatar\/de1c686c2ecc9c5a3f327e3431d819eb39f8f05d4e1045f5a1caad6daaba987f?s=96&d=mm&r=g\",\"contentUrl\":\"https:\/\/secure.gravatar.com\/avatar\/de1c686c2ecc9c5a3f327e3431d819eb39f8f05d4e1045f5a1caad6daaba987f?s=96&d=mm&r=g\",\"caption\":\"Equipe MH\"}}]}<\/script>\n<!-- \/ Yoast SEO plugin. -->","yoast_head_json":{"title":"TST: Presidente e ministros do Tribunal&nbsp;s\u00e3o agraciados com comenda da Ordem do M\u00e9rito da AGU | Portal de Not\u00edcias","robots":{"index":"index","follow":"follow","max-snippet":"max-snippet:-1","max-image-preview":"max-image-preview:large","max-video-preview":"max-video-preview:-1"},"canonical":"https:\/\/mhcalculos.com.br\/noticias\/area\/trabalhista\/tst-presidente-e-ministros-do-tribunal-sao-agraciados-com-comenda-da-ordem-do-merito-da-agu.html","og_locale":"pt_BR","og_type":"article","og_title":"TST: Presidente e ministros do Tribunal&nbsp;s\u00e3o agraciados com comenda da Ordem do M\u00e9rito da AGU | Portal de Not\u00edcias","og_description":"Os ministros Ives Gandra e Douglas Alencar tamb\u00e9m foram agraciados com a condecora\u00e7\u00e3o outorgada pela AGU. Ministro Douglas Alencar, ministra Maria Cristina Peduzzi e ministro Ives Gandra Filho com a Ordem do M\u00e9rito da AGU 25\/11\/21 &#8211;&nbsp;A presidente do Tribunal Superior do Trabalho (TST), ministra Maria Cristina Peduzzi, recebeu, nesta quinta-feira (25), a comenda da [&hellip;]","og_url":"https:\/\/mhcalculos.com.br\/noticias\/area\/trabalhista\/tst-presidente-e-ministros-do-tribunal-sao-agraciados-com-comenda-da-ordem-do-merito-da-agu.html","og_site_name":"Portal de Not\u00edcias","article_published_time":"2021-11-25T22:39:00+00:00","og_image":[{"width":2000,"height":800,"url":"https:\/\/mhcalculos.com.br\/noticias\/wp-content\/uploads\/sites\/2\/2018\/11\/trabalhista-0017.jpg","type":"image\/jpeg"}],"author":"Equipe MH","twitter_card":"summary_large_image","twitter_misc":{"Escrito por":"Equipe MH","Est. tempo de leitura":"1 minuto"},"schema":{"@context":"https:\/\/schema.org","@graph":[{"@type":"Article","@id":"https:\/\/mhcalculos.com.br\/noticias\/area\/trabalhista\/tst-presidente-e-ministros-do-tribunal-sao-agraciados-com-comenda-da-ordem-do-merito-da-agu.html#article","isPartOf":{"@id":"https:\/\/mhcalculos.com.br\/noticias\/area\/trabalhista\/tst-presidente-e-ministros-do-tribunal-sao-agraciados-com-comenda-da-ordem-do-merito-da-agu.html"},"author":{"name":"Equipe MH","@id":"https:\/\/mhcalculos.com.br\/noticias\/#\/schema\/person\/88d1c34bf72dc779ea14a5a6b8e0ae8d"},"headline":"TST: Presidente e ministros do Tribunal&nbsp;s\u00e3o agraciados com comenda da Ordem do M\u00e9rito da AGU","datePublished":"2021-11-25T22:39:00+00:00","mainEntityOfPage":{"@id":"https:\/\/mhcalculos.com.br\/noticias\/area\/trabalhista\/tst-presidente-e-ministros-do-tribunal-sao-agraciados-com-comenda-da-ordem-do-merito-da-agu.html"},"wordCount":307,"commentCount":0,"image":{"@id":"https:\/\/mhcalculos.com.br\/noticias\/area\/trabalhista\/tst-presidente-e-ministros-do-tribunal-sao-agraciados-com-comenda-da-ordem-do-merito-da-agu.html#primaryimage"},"thumbnailUrl":"https:\/\/mhcalculos.com.br\/noticias\/wp-content\/uploads\/sites\/2\/2018\/11\/trabalhista-0017.jpg","keywords":["c\u00e1lculos trabalhistas","direito trabalhista","per\u00edcia","perito","trabalho","TST"],"articleSection":["Direito Trabalhista","TST"],"inLanguage":"pt-BR","potentialAction":[{"@type":"CommentAction","name":"Comment","target":["https:\/\/mhcalculos.com.br\/noticias\/area\/trabalhista\/tst-presidente-e-ministros-do-tribunal-sao-agraciados-com-comenda-da-ordem-do-merito-da-agu.html#respond"]}]},{"@type":"WebPage","@id":"https:\/\/mhcalculos.com.br\/noticias\/area\/trabalhista\/tst-presidente-e-ministros-do-tribunal-sao-agraciados-com-comenda-da-ordem-do-merito-da-agu.html","url":"https:\/\/mhcalculos.com.br\/noticias\/area\/trabalhista\/tst-presidente-e-ministros-do-tribunal-sao-agraciados-com-comenda-da-ordem-do-merito-da-agu.html","name":"TST: Presidente e ministros do Tribunal&nbsp;s\u00e3o agraciados com comenda da Ordem do M\u00e9rito da AGU | Portal de Not\u00edcias","isPartOf":{"@id":"https:\/\/mhcalculos.com.br\/noticias\/#website"},"primaryImageOfPage":{"@id":"https:\/\/mhcalculos.com.br\/noticias\/area\/trabalhista\/tst-presidente-e-ministros-do-tribunal-sao-agraciados-com-comenda-da-ordem-do-merito-da-agu.html#primaryimage"},"image":{"@id":"https:\/\/mhcalculos.com.br\/noticias\/area\/trabalhista\/tst-presidente-e-ministros-do-tribunal-sao-agraciados-com-comenda-da-ordem-do-merito-da-agu.html#primaryimage"},"thumbnailUrl":"https:\/\/mhcalculos.com.br\/noticias\/wp-content\/uploads\/sites\/2\/2018\/11\/trabalhista-0017.jpg","datePublished":"2021-11-25T22:39:00+00:00","author":{"@id":"https:\/\/mhcalculos.com.br\/noticias\/#\/schema\/person\/88d1c34bf72dc779ea14a5a6b8e0ae8d"},"breadcrumb":{"@id":"https:\/\/mhcalculos.com.br\/noticias\/area\/trabalhista\/tst-presidente-e-ministros-do-tribunal-sao-agraciados-com-comenda-da-ordem-do-merito-da-agu.html#breadcrumb"},"inLanguage":"pt-BR","potentialAction":[{"@type":"ReadAction","target":["https:\/\/mhcalculos.com.br\/noticias\/area\/trabalhista\/tst-presidente-e-ministros-do-tribunal-sao-agraciados-com-comenda-da-ordem-do-merito-da-agu.html"]}]},{"@type":"ImageObject","inLanguage":"pt-BR","@id":"https:\/\/mhcalculos.com.br\/noticias\/area\/trabalhista\/tst-presidente-e-ministros-do-tribunal-sao-agraciados-com-comenda-da-ordem-do-merito-da-agu.html#primaryimage","url":"https:\/\/mhcalculos.com.br\/noticias\/wp-content\/uploads\/sites\/2\/2018\/11\/trabalhista-0017.jpg","contentUrl":"https:\/\/mhcalculos.com.br\/noticias\/wp-content\/uploads\/sites\/2\/2018\/11\/trabalhista-0017.jpg","width":2000,"height":800},{"@type":"BreadcrumbList","@id":"https:\/\/mhcalculos.com.br\/noticias\/area\/trabalhista\/tst-presidente-e-ministros-do-tribunal-sao-agraciados-com-comenda-da-ordem-do-merito-da-agu.html#breadcrumb","itemListElement":[{"@type":"ListItem","position":1,"name":"In\u00edcio","item":"https:\/\/mhcalculos.com.br\/noticias\/"},{"@type":"ListItem","position":2,"name":"TST: Presidente e ministros do Tribunal&nbsp;s\u00e3o agraciados com comenda da Ordem do M\u00e9rito da AGU"}]},{"@type":"WebSite","@id":"https:\/\/mhcalculos.com.br\/noticias\/#website","url":"https:\/\/mhcalculos.com.br\/noticias\/","name":"Portal de Not\u00edcias","description":"Not\u00edcias e Jurisprud\u00eancia","potentialAction":[{"@type":"SearchAction","target":{"@type":"EntryPoint","urlTemplate":"https:\/\/mhcalculos.com.br\/noticias\/?s={search_term_string}"},"query-input":{"@type":"PropertyValueSpecification","valueRequired":true,"valueName":"search_term_string"}}],"inLanguage":"pt-BR"},{"@type":"Person","@id":"https:\/\/mhcalculos.com.br\/noticias\/#\/schema\/person\/88d1c34bf72dc779ea14a5a6b8e0ae8d","name":"Equipe MH","image":{"@type":"ImageObject","inLanguage":"pt-BR","@id":"https:\/\/secure.gravatar.com\/avatar\/de1c686c2ecc9c5a3f327e3431d819eb39f8f05d4e1045f5a1caad6daaba987f?s=96&d=mm&r=g","url":"https:\/\/secure.gravatar.com\/avatar\/de1c686c2ecc9c5a3f327e3431d819eb39f8f05d4e1045f5a1caad6daaba987f?s=96&d=mm&r=g","contentUrl":"https:\/\/secure.gravatar.com\/avatar\/de1c686c2ecc9c5a3f327e3431d819eb39f8f05d4e1045f5a1caad6daaba987f?s=96&d=mm&r=g","caption":"Equipe MH"}}]}},"_links":{"self":[{"href":"https:\/\/mhcalculos.com.br\/noticias\/wp-json\/wp\/v2\/posts\/10750","targetHints":{"allow":["GET"]}}],"collection":[{"href":"https:\/\/mhcalculos.com.br\/noticias\/wp-json\/wp\/v2\/posts"}],"about":[{"href":"https:\/\/mhcalculos.com.br\/noticias\/wp-json\/wp\/v2\/types\/post"}],"author":[{"embeddable":true,"href":"https:\/\/mhcalculos.com.br\/noticias\/wp-json\/wp\/v2\/users\/3063"}],"replies":[{"embeddable":true,"href":"https:\/\/mhcalculos.com.br\/noticias\/wp-json\/wp\/v2\/comments?post=10750"}],"version-history":[{"count":0,"href":"https:\/\/mhcalculos.com.br\/noticias\/wp-json\/wp\/v2\/posts\/10750\/revisions"}],"wp:featuredmedia":[{"embeddable":true,"href":"https:\/\/mhcalculos.com.br\/noticias\/wp-json\/wp\/v2\/media\/3349"}],"wp:attachment":[{"href":"https:\/\/mhcalculos.com.br\/noticias\/wp-json\/wp\/v2\/media?parent=10750"}],"wp:term":[{"taxonomy":"category","embeddable":true,"href":"https:\/\/mhcalculos.com.br\/noticias\/wp-json\/wp\/v2\/categories?post=10750"},{"taxonomy":"post_tag","embeddable":true,"href":"https:\/\/mhcalculos.com.br\/noticias\/wp-json\/wp\/v2\/tags?post=10750"}],"curies":[{"name":"wp","href":"https:\/\/api.w.org\/{rel}","templated":true}]}}