{"id":10736,"date":"2021-11-19T09:55:00","date_gmt":"2021-11-19T12:55:00","guid":{"rendered":"https:\/\/mhcalculos.com.br\/noticias\/area\/trabalhista\/tst-atletas-medalhistas-participarao-do-seminario-de-combate-ao-trabalho-infantil-destaques-da-semana.html"},"modified":"2021-11-19T09:55:00","modified_gmt":"2021-11-19T12:55:00","slug":"tst-atletas-medalhistas-participarao-do-seminario-de-combate-ao-trabalho-infantil-destaques-da-semana","status":"publish","type":"post","link":"https:\/\/mhcalculos.com.br\/noticias\/area\/trabalhista\/tst-atletas-medalhistas-participarao-do-seminario-de-combate-ao-trabalho-infantil-destaques-da-semana.html","title":{"rendered":"TST: Atletas medalhistas participar\u00e3o do Semin\u00e1rio de Combate ao Trabalho Infantil | Destaques da Semana"},"content":{"rendered":"<p><br \/>\n<br \/>\n<audio controls=\"\" id=\"demo\" preload=\"none\" src=\"https:\/\/www.tst.jus.br\/documents\/10157\/26968470\/PGM+1463+DESTAQUES+DA+SEMANA.mp3\/21b7b406-a23a-1774-66f6-64c64fcdbbda?t=1637326706939\">&nbsp;<\/audio><br \/>\n&nbsp;&nbsp;&nbsp;&nbsp;&nbsp;&nbsp;&nbsp;&nbsp; &nbsp;&nbsp;&nbsp;&nbsp;&nbsp;&nbsp;&nbsp;&nbsp; &nbsp;&nbsp;&nbsp;&nbsp;&nbsp;&nbsp; <a href=\"https:\/\/www.tst.jus.br\/documents\/10157\/26968470\/PGM+1463+DESTAQUES+DA+SEMANA.mp3\/21b7b406-a23a-1774-66f6-64c64fcdbbda?t=1637326706939\"> Baixe o \u00e1udio <\/a><\/p>\n<p><button>Reproduzir o \u00e1udio<\/button>&nbsp;&nbsp;<button>Pausar o \u00e1udio<\/button>&nbsp;&nbsp;<button>Aumentar o volume<\/button>&nbsp;&nbsp;<button>Diminuir o volume<\/button><\/p>\n<p>&nbsp;<\/p>\n<p>No quadro Destaques da Semana, saiba mais detalhes&nbsp;sobre o 5\u00ba Semin\u00e1rio de Combate ao Trabalho Infantil, que ocorre no dia 26 de novembro. Fique por dentro tamb\u00e9m de duas campanhas de sa\u00fade que receberam apoio do TST no m\u00eas de novembro.&nbsp;<\/p>\n<p>O rep\u00f3rter Raphael Oliveira traz as informa\u00e7\u00f5es!<\/p>\n<p><i>Com informa\u00e7\u00f5es da assessoria de imprensa do TST.<\/i><br \/>\n<br \/><a href=\"http:\/\/www.tst.jus.br\/web\/guest\/noticias?p_p_id=89Dk&#038;p_p_lifecycle=0&#038;refererPlid=10730&#038;_89Dk_groupId=10157&#038;_89Dk_articleId=27763633\">Fonte<\/a><br \/>\n<br \/><\/p>\n","protected":false},"excerpt":{"rendered":"<p>&nbsp; &nbsp;&nbsp;&nbsp;&nbsp;&nbsp;&nbsp;&nbsp;&nbsp; &nbsp;&nbsp;&nbsp;&nbsp;&nbsp;&nbsp;&nbsp;&nbsp; &nbsp;&nbsp;&nbsp;&nbsp;&nbsp;&nbsp; Baixe o \u00e1udio Reproduzir o \u00e1udio&nbsp;&nbsp;Pausar o \u00e1udio&nbsp;&nbsp;Aumentar o volume&nbsp;&nbsp;Diminuir o volume &nbsp; No quadro Destaques da Semana, saiba mais detalhes&nbsp;sobre o 5\u00ba Semin\u00e1rio de Combate ao Trabalho Infantil, que ocorre no dia 26 de novembro. Fique por dentro tamb\u00e9m de duas campanhas de sa\u00fade que receberam apoio do TST no [&hellip;]<\/p>\n","protected":false},"author":3063,"featured_media":4461,"comment_status":"open","ping_status":"open","sticky":false,"template":"","format":"standard","meta":{"footnotes":""},"categories":[3,21],"tags":[33,216,9,12,217,215],"class_list":{"0":"post-10736","1":"post","2":"type-post","3":"status-publish","4":"format-standard","5":"has-post-thumbnail","7":"category-trabalhista","8":"category-tst","9":"tag-calculos-trabalhistas","10":"tag-direito-trabalhista","11":"tag-pericia","12":"tag-perito","13":"tag-trabalho","14":"tag-tst"},"yoast_head":"<!-- This site is optimized with the Yoast SEO plugin v27.2 - https:\/\/yoast.com\/product\/yoast-seo-wordpress\/ -->\n<title>TST: Atletas medalhistas participar\u00e3o do Semin\u00e1rio de Combate ao Trabalho Infantil | Destaques da Semana | Portal de Not\u00edcias<\/title>\n<meta name=\"robots\" content=\"index, follow, max-snippet:-1, max-image-preview:large, max-video-preview:-1\" \/>\n<link rel=\"canonical\" href=\"https:\/\/mhcalculos.com.br\/noticias\/area\/trabalhista\/tst-atletas-medalhistas-participarao-do-seminario-de-combate-ao-trabalho-infantil-destaques-da-semana.html\" \/>\n<meta property=\"og:locale\" content=\"pt_BR\" \/>\n<meta property=\"og:type\" content=\"article\" \/>\n<meta property=\"og:title\" content=\"TST: Atletas medalhistas participar\u00e3o do Semin\u00e1rio de Combate ao Trabalho Infantil | Destaques da Semana | Portal de Not\u00edcias\" \/>\n<meta property=\"og:description\" content=\"&nbsp; &nbsp;&nbsp;&nbsp;&nbsp;&nbsp;&nbsp;&nbsp;&nbsp; &nbsp;&nbsp;&nbsp;&nbsp;&nbsp;&nbsp;&nbsp;&nbsp; &nbsp;&nbsp;&nbsp;&nbsp;&nbsp;&nbsp; Baixe o \u00e1udio Reproduzir o \u00e1udio&nbsp;&nbsp;Pausar o \u00e1udio&nbsp;&nbsp;Aumentar o volume&nbsp;&nbsp;Diminuir o volume &nbsp; No quadro Destaques da Semana, saiba mais detalhes&nbsp;sobre o 5\u00ba Semin\u00e1rio de Combate ao Trabalho Infantil, que ocorre no dia 26 de novembro. Fique por dentro tamb\u00e9m de duas campanhas de sa\u00fade que receberam apoio do TST no [&hellip;]\" \/>\n<meta property=\"og:url\" content=\"https:\/\/mhcalculos.com.br\/noticias\/area\/trabalhista\/tst-atletas-medalhistas-participarao-do-seminario-de-combate-ao-trabalho-infantil-destaques-da-semana.html\" \/>\n<meta property=\"og:site_name\" content=\"Portal de Not\u00edcias\" \/>\n<meta property=\"article:published_time\" content=\"2021-11-19T12:55:00+00:00\" \/>\n<meta property=\"og:image\" content=\"https:\/\/mhcalculos.com.br\/noticias\/wp-content\/uploads\/sites\/2\/2019\/06\/trabalhista-0023.jpg\" \/>\n\t<meta property=\"og:image:width\" content=\"2000\" \/>\n\t<meta property=\"og:image:height\" content=\"800\" \/>\n\t<meta property=\"og:image:type\" content=\"image\/jpeg\" \/>\n<meta name=\"author\" content=\"Equipe MH\" \/>\n<meta name=\"twitter:card\" content=\"summary_large_image\" \/>\n<meta name=\"twitter:label1\" content=\"Escrito por\" \/>\n\t<meta name=\"twitter:data1\" content=\"Equipe MH\" \/>\n\t<meta name=\"twitter:label2\" content=\"Est. tempo de leitura\" \/>\n\t<meta name=\"twitter:data2\" content=\"1 minuto\" \/>\n<script type=\"application\/ld+json\" class=\"yoast-schema-graph\">{\"@context\":\"https:\/\/schema.org\",\"@graph\":[{\"@type\":\"Article\",\"@id\":\"https:\/\/mhcalculos.com.br\/noticias\/area\/trabalhista\/tst-atletas-medalhistas-participarao-do-seminario-de-combate-ao-trabalho-infantil-destaques-da-semana.html#article\",\"isPartOf\":{\"@id\":\"https:\/\/mhcalculos.com.br\/noticias\/area\/trabalhista\/tst-atletas-medalhistas-participarao-do-seminario-de-combate-ao-trabalho-infantil-destaques-da-semana.html\"},\"author\":{\"name\":\"Equipe MH\",\"@id\":\"https:\/\/mhcalculos.com.br\/noticias\/#\/schema\/person\/88d1c34bf72dc779ea14a5a6b8e0ae8d\"},\"headline\":\"TST: Atletas medalhistas participar\u00e3o do Semin\u00e1rio de Combate ao Trabalho Infantil | Destaques da Semana\",\"datePublished\":\"2021-11-19T12:55:00+00:00\",\"mainEntityOfPage\":{\"@id\":\"https:\/\/mhcalculos.com.br\/noticias\/area\/trabalhista\/tst-atletas-medalhistas-participarao-do-seminario-de-combate-ao-trabalho-infantil-destaques-da-semana.html\"},\"wordCount\":128,\"commentCount\":0,\"image\":{\"@id\":\"https:\/\/mhcalculos.com.br\/noticias\/area\/trabalhista\/tst-atletas-medalhistas-participarao-do-seminario-de-combate-ao-trabalho-infantil-destaques-da-semana.html#primaryimage\"},\"thumbnailUrl\":\"https:\/\/mhcalculos.com.br\/noticias\/wp-content\/uploads\/sites\/2\/2019\/06\/trabalhista-0023.jpg\",\"keywords\":[\"c\u00e1lculos trabalhistas\",\"direito trabalhista\",\"per\u00edcia\",\"perito\",\"trabalho\",\"TST\"],\"articleSection\":[\"Direito Trabalhista\",\"TST\"],\"inLanguage\":\"pt-BR\",\"potentialAction\":[{\"@type\":\"CommentAction\",\"name\":\"Comment\",\"target\":[\"https:\/\/mhcalculos.com.br\/noticias\/area\/trabalhista\/tst-atletas-medalhistas-participarao-do-seminario-de-combate-ao-trabalho-infantil-destaques-da-semana.html#respond\"]}]},{\"@type\":\"WebPage\",\"@id\":\"https:\/\/mhcalculos.com.br\/noticias\/area\/trabalhista\/tst-atletas-medalhistas-participarao-do-seminario-de-combate-ao-trabalho-infantil-destaques-da-semana.html\",\"url\":\"https:\/\/mhcalculos.com.br\/noticias\/area\/trabalhista\/tst-atletas-medalhistas-participarao-do-seminario-de-combate-ao-trabalho-infantil-destaques-da-semana.html\",\"name\":\"TST: Atletas medalhistas participar\u00e3o do Semin\u00e1rio de Combate ao Trabalho Infantil | Destaques da Semana | Portal de Not\u00edcias\",\"isPartOf\":{\"@id\":\"https:\/\/mhcalculos.com.br\/noticias\/#website\"},\"primaryImageOfPage\":{\"@id\":\"https:\/\/mhcalculos.com.br\/noticias\/area\/trabalhista\/tst-atletas-medalhistas-participarao-do-seminario-de-combate-ao-trabalho-infantil-destaques-da-semana.html#primaryimage\"},\"image\":{\"@id\":\"https:\/\/mhcalculos.com.br\/noticias\/area\/trabalhista\/tst-atletas-medalhistas-participarao-do-seminario-de-combate-ao-trabalho-infantil-destaques-da-semana.html#primaryimage\"},\"thumbnailUrl\":\"https:\/\/mhcalculos.com.br\/noticias\/wp-content\/uploads\/sites\/2\/2019\/06\/trabalhista-0023.jpg\",\"datePublished\":\"2021-11-19T12:55:00+00:00\",\"author\":{\"@id\":\"https:\/\/mhcalculos.com.br\/noticias\/#\/schema\/person\/88d1c34bf72dc779ea14a5a6b8e0ae8d\"},\"breadcrumb\":{\"@id\":\"https:\/\/mhcalculos.com.br\/noticias\/area\/trabalhista\/tst-atletas-medalhistas-participarao-do-seminario-de-combate-ao-trabalho-infantil-destaques-da-semana.html#breadcrumb\"},\"inLanguage\":\"pt-BR\",\"potentialAction\":[{\"@type\":\"ReadAction\",\"target\":[\"https:\/\/mhcalculos.com.br\/noticias\/area\/trabalhista\/tst-atletas-medalhistas-participarao-do-seminario-de-combate-ao-trabalho-infantil-destaques-da-semana.html\"]}]},{\"@type\":\"ImageObject\",\"inLanguage\":\"pt-BR\",\"@id\":\"https:\/\/mhcalculos.com.br\/noticias\/area\/trabalhista\/tst-atletas-medalhistas-participarao-do-seminario-de-combate-ao-trabalho-infantil-destaques-da-semana.html#primaryimage\",\"url\":\"https:\/\/mhcalculos.com.br\/noticias\/wp-content\/uploads\/sites\/2\/2019\/06\/trabalhista-0023.jpg\",\"contentUrl\":\"https:\/\/mhcalculos.com.br\/noticias\/wp-content\/uploads\/sites\/2\/2019\/06\/trabalhista-0023.jpg\",\"width\":2000,\"height\":800},{\"@type\":\"BreadcrumbList\",\"@id\":\"https:\/\/mhcalculos.com.br\/noticias\/area\/trabalhista\/tst-atletas-medalhistas-participarao-do-seminario-de-combate-ao-trabalho-infantil-destaques-da-semana.html#breadcrumb\",\"itemListElement\":[{\"@type\":\"ListItem\",\"position\":1,\"name\":\"In\u00edcio\",\"item\":\"https:\/\/mhcalculos.com.br\/noticias\/\"},{\"@type\":\"ListItem\",\"position\":2,\"name\":\"TST: Atletas medalhistas participar\u00e3o do Semin\u00e1rio de Combate ao Trabalho Infantil | Destaques da Semana\"}]},{\"@type\":\"WebSite\",\"@id\":\"https:\/\/mhcalculos.com.br\/noticias\/#website\",\"url\":\"https:\/\/mhcalculos.com.br\/noticias\/\",\"name\":\"Portal de Not\u00edcias\",\"description\":\"Not\u00edcias e Jurisprud\u00eancia\",\"potentialAction\":[{\"@type\":\"SearchAction\",\"target\":{\"@type\":\"EntryPoint\",\"urlTemplate\":\"https:\/\/mhcalculos.com.br\/noticias\/?s={search_term_string}\"},\"query-input\":{\"@type\":\"PropertyValueSpecification\",\"valueRequired\":true,\"valueName\":\"search_term_string\"}}],\"inLanguage\":\"pt-BR\"},{\"@type\":\"Person\",\"@id\":\"https:\/\/mhcalculos.com.br\/noticias\/#\/schema\/person\/88d1c34bf72dc779ea14a5a6b8e0ae8d\",\"name\":\"Equipe MH\",\"image\":{\"@type\":\"ImageObject\",\"inLanguage\":\"pt-BR\",\"@id\":\"https:\/\/secure.gravatar.com\/avatar\/de1c686c2ecc9c5a3f327e3431d819eb39f8f05d4e1045f5a1caad6daaba987f?s=96&d=mm&r=g\",\"url\":\"https:\/\/secure.gravatar.com\/avatar\/de1c686c2ecc9c5a3f327e3431d819eb39f8f05d4e1045f5a1caad6daaba987f?s=96&d=mm&r=g\",\"contentUrl\":\"https:\/\/secure.gravatar.com\/avatar\/de1c686c2ecc9c5a3f327e3431d819eb39f8f05d4e1045f5a1caad6daaba987f?s=96&d=mm&r=g\",\"caption\":\"Equipe MH\"}}]}<\/script>\n<!-- \/ Yoast SEO plugin. -->","yoast_head_json":{"title":"TST: Atletas medalhistas participar\u00e3o do Semin\u00e1rio de Combate ao Trabalho Infantil | Destaques da Semana | Portal de Not\u00edcias","robots":{"index":"index","follow":"follow","max-snippet":"max-snippet:-1","max-image-preview":"max-image-preview:large","max-video-preview":"max-video-preview:-1"},"canonical":"https:\/\/mhcalculos.com.br\/noticias\/area\/trabalhista\/tst-atletas-medalhistas-participarao-do-seminario-de-combate-ao-trabalho-infantil-destaques-da-semana.html","og_locale":"pt_BR","og_type":"article","og_title":"TST: Atletas medalhistas participar\u00e3o do Semin\u00e1rio de Combate ao Trabalho Infantil | Destaques da Semana | Portal de Not\u00edcias","og_description":"&nbsp; &nbsp;&nbsp;&nbsp;&nbsp;&nbsp;&nbsp;&nbsp;&nbsp; &nbsp;&nbsp;&nbsp;&nbsp;&nbsp;&nbsp;&nbsp;&nbsp; &nbsp;&nbsp;&nbsp;&nbsp;&nbsp;&nbsp; Baixe o \u00e1udio Reproduzir o \u00e1udio&nbsp;&nbsp;Pausar o \u00e1udio&nbsp;&nbsp;Aumentar o volume&nbsp;&nbsp;Diminuir o volume &nbsp; No quadro Destaques da Semana, saiba mais detalhes&nbsp;sobre o 5\u00ba Semin\u00e1rio de Combate ao Trabalho Infantil, que ocorre no dia 26 de novembro. Fique por dentro tamb\u00e9m de duas campanhas de sa\u00fade que receberam apoio do TST no [&hellip;]","og_url":"https:\/\/mhcalculos.com.br\/noticias\/area\/trabalhista\/tst-atletas-medalhistas-participarao-do-seminario-de-combate-ao-trabalho-infantil-destaques-da-semana.html","og_site_name":"Portal de Not\u00edcias","article_published_time":"2021-11-19T12:55:00+00:00","og_image":[{"width":2000,"height":800,"url":"https:\/\/mhcalculos.com.br\/noticias\/wp-content\/uploads\/sites\/2\/2019\/06\/trabalhista-0023.jpg","type":"image\/jpeg"}],"author":"Equipe MH","twitter_card":"summary_large_image","twitter_misc":{"Escrito por":"Equipe MH","Est. tempo de leitura":"1 minuto"},"schema":{"@context":"https:\/\/schema.org","@graph":[{"@type":"Article","@id":"https:\/\/mhcalculos.com.br\/noticias\/area\/trabalhista\/tst-atletas-medalhistas-participarao-do-seminario-de-combate-ao-trabalho-infantil-destaques-da-semana.html#article","isPartOf":{"@id":"https:\/\/mhcalculos.com.br\/noticias\/area\/trabalhista\/tst-atletas-medalhistas-participarao-do-seminario-de-combate-ao-trabalho-infantil-destaques-da-semana.html"},"author":{"name":"Equipe MH","@id":"https:\/\/mhcalculos.com.br\/noticias\/#\/schema\/person\/88d1c34bf72dc779ea14a5a6b8e0ae8d"},"headline":"TST: Atletas medalhistas participar\u00e3o do Semin\u00e1rio de Combate ao Trabalho Infantil | Destaques da Semana","datePublished":"2021-11-19T12:55:00+00:00","mainEntityOfPage":{"@id":"https:\/\/mhcalculos.com.br\/noticias\/area\/trabalhista\/tst-atletas-medalhistas-participarao-do-seminario-de-combate-ao-trabalho-infantil-destaques-da-semana.html"},"wordCount":128,"commentCount":0,"image":{"@id":"https:\/\/mhcalculos.com.br\/noticias\/area\/trabalhista\/tst-atletas-medalhistas-participarao-do-seminario-de-combate-ao-trabalho-infantil-destaques-da-semana.html#primaryimage"},"thumbnailUrl":"https:\/\/mhcalculos.com.br\/noticias\/wp-content\/uploads\/sites\/2\/2019\/06\/trabalhista-0023.jpg","keywords":["c\u00e1lculos trabalhistas","direito trabalhista","per\u00edcia","perito","trabalho","TST"],"articleSection":["Direito Trabalhista","TST"],"inLanguage":"pt-BR","potentialAction":[{"@type":"CommentAction","name":"Comment","target":["https:\/\/mhcalculos.com.br\/noticias\/area\/trabalhista\/tst-atletas-medalhistas-participarao-do-seminario-de-combate-ao-trabalho-infantil-destaques-da-semana.html#respond"]}]},{"@type":"WebPage","@id":"https:\/\/mhcalculos.com.br\/noticias\/area\/trabalhista\/tst-atletas-medalhistas-participarao-do-seminario-de-combate-ao-trabalho-infantil-destaques-da-semana.html","url":"https:\/\/mhcalculos.com.br\/noticias\/area\/trabalhista\/tst-atletas-medalhistas-participarao-do-seminario-de-combate-ao-trabalho-infantil-destaques-da-semana.html","name":"TST: Atletas medalhistas participar\u00e3o do Semin\u00e1rio de Combate ao Trabalho Infantil | Destaques da Semana | Portal de Not\u00edcias","isPartOf":{"@id":"https:\/\/mhcalculos.com.br\/noticias\/#website"},"primaryImageOfPage":{"@id":"https:\/\/mhcalculos.com.br\/noticias\/area\/trabalhista\/tst-atletas-medalhistas-participarao-do-seminario-de-combate-ao-trabalho-infantil-destaques-da-semana.html#primaryimage"},"image":{"@id":"https:\/\/mhcalculos.com.br\/noticias\/area\/trabalhista\/tst-atletas-medalhistas-participarao-do-seminario-de-combate-ao-trabalho-infantil-destaques-da-semana.html#primaryimage"},"thumbnailUrl":"https:\/\/mhcalculos.com.br\/noticias\/wp-content\/uploads\/sites\/2\/2019\/06\/trabalhista-0023.jpg","datePublished":"2021-11-19T12:55:00+00:00","author":{"@id":"https:\/\/mhcalculos.com.br\/noticias\/#\/schema\/person\/88d1c34bf72dc779ea14a5a6b8e0ae8d"},"breadcrumb":{"@id":"https:\/\/mhcalculos.com.br\/noticias\/area\/trabalhista\/tst-atletas-medalhistas-participarao-do-seminario-de-combate-ao-trabalho-infantil-destaques-da-semana.html#breadcrumb"},"inLanguage":"pt-BR","potentialAction":[{"@type":"ReadAction","target":["https:\/\/mhcalculos.com.br\/noticias\/area\/trabalhista\/tst-atletas-medalhistas-participarao-do-seminario-de-combate-ao-trabalho-infantil-destaques-da-semana.html"]}]},{"@type":"ImageObject","inLanguage":"pt-BR","@id":"https:\/\/mhcalculos.com.br\/noticias\/area\/trabalhista\/tst-atletas-medalhistas-participarao-do-seminario-de-combate-ao-trabalho-infantil-destaques-da-semana.html#primaryimage","url":"https:\/\/mhcalculos.com.br\/noticias\/wp-content\/uploads\/sites\/2\/2019\/06\/trabalhista-0023.jpg","contentUrl":"https:\/\/mhcalculos.com.br\/noticias\/wp-content\/uploads\/sites\/2\/2019\/06\/trabalhista-0023.jpg","width":2000,"height":800},{"@type":"BreadcrumbList","@id":"https:\/\/mhcalculos.com.br\/noticias\/area\/trabalhista\/tst-atletas-medalhistas-participarao-do-seminario-de-combate-ao-trabalho-infantil-destaques-da-semana.html#breadcrumb","itemListElement":[{"@type":"ListItem","position":1,"name":"In\u00edcio","item":"https:\/\/mhcalculos.com.br\/noticias\/"},{"@type":"ListItem","position":2,"name":"TST: Atletas medalhistas participar\u00e3o do Semin\u00e1rio de Combate ao Trabalho Infantil | Destaques da Semana"}]},{"@type":"WebSite","@id":"https:\/\/mhcalculos.com.br\/noticias\/#website","url":"https:\/\/mhcalculos.com.br\/noticias\/","name":"Portal de Not\u00edcias","description":"Not\u00edcias e Jurisprud\u00eancia","potentialAction":[{"@type":"SearchAction","target":{"@type":"EntryPoint","urlTemplate":"https:\/\/mhcalculos.com.br\/noticias\/?s={search_term_string}"},"query-input":{"@type":"PropertyValueSpecification","valueRequired":true,"valueName":"search_term_string"}}],"inLanguage":"pt-BR"},{"@type":"Person","@id":"https:\/\/mhcalculos.com.br\/noticias\/#\/schema\/person\/88d1c34bf72dc779ea14a5a6b8e0ae8d","name":"Equipe MH","image":{"@type":"ImageObject","inLanguage":"pt-BR","@id":"https:\/\/secure.gravatar.com\/avatar\/de1c686c2ecc9c5a3f327e3431d819eb39f8f05d4e1045f5a1caad6daaba987f?s=96&d=mm&r=g","url":"https:\/\/secure.gravatar.com\/avatar\/de1c686c2ecc9c5a3f327e3431d819eb39f8f05d4e1045f5a1caad6daaba987f?s=96&d=mm&r=g","contentUrl":"https:\/\/secure.gravatar.com\/avatar\/de1c686c2ecc9c5a3f327e3431d819eb39f8f05d4e1045f5a1caad6daaba987f?s=96&d=mm&r=g","caption":"Equipe MH"}}]}},"_links":{"self":[{"href":"https:\/\/mhcalculos.com.br\/noticias\/wp-json\/wp\/v2\/posts\/10736","targetHints":{"allow":["GET"]}}],"collection":[{"href":"https:\/\/mhcalculos.com.br\/noticias\/wp-json\/wp\/v2\/posts"}],"about":[{"href":"https:\/\/mhcalculos.com.br\/noticias\/wp-json\/wp\/v2\/types\/post"}],"author":[{"embeddable":true,"href":"https:\/\/mhcalculos.com.br\/noticias\/wp-json\/wp\/v2\/users\/3063"}],"replies":[{"embeddable":true,"href":"https:\/\/mhcalculos.com.br\/noticias\/wp-json\/wp\/v2\/comments?post=10736"}],"version-history":[{"count":0,"href":"https:\/\/mhcalculos.com.br\/noticias\/wp-json\/wp\/v2\/posts\/10736\/revisions"}],"wp:featuredmedia":[{"embeddable":true,"href":"https:\/\/mhcalculos.com.br\/noticias\/wp-json\/wp\/v2\/media\/4461"}],"wp:attachment":[{"href":"https:\/\/mhcalculos.com.br\/noticias\/wp-json\/wp\/v2\/media?parent=10736"}],"wp:term":[{"taxonomy":"category","embeddable":true,"href":"https:\/\/mhcalculos.com.br\/noticias\/wp-json\/wp\/v2\/categories?post=10736"},{"taxonomy":"post_tag","embeddable":true,"href":"https:\/\/mhcalculos.com.br\/noticias\/wp-json\/wp\/v2\/tags?post=10736"}],"curies":[{"name":"wp","href":"https:\/\/api.w.org\/{rel}","templated":true}]}}