{"id":10727,"date":"2021-11-12T22:05:07","date_gmt":"2021-11-13T01:05:07","guid":{"rendered":"https:\/\/mhcalculos.com.br\/noticias\/area\/previdenciario\/trf4-mulher-com-problemas-neurologicos-recebera-pensao-por-morte-do-pai-e-da-mae-12-11-2021.html"},"modified":"2021-11-12T22:05:07","modified_gmt":"2021-11-13T01:05:07","slug":"trf4-mulher-com-problemas-neurologicos-recebera-pensao-por-morte-do-pai-e-da-mae-12-11-2021","status":"publish","type":"post","link":"https:\/\/mhcalculos.com.br\/noticias\/area\/previdenciario\/trf4-mulher-com-problemas-neurologicos-recebera-pensao-por-morte-do-pai-e-da-mae-12-11-2021.html","title":{"rendered":"TRF4: Mulher com problemas neurol\u00f3gicos receber\u00e1 pens\u00e3o por morte do pai e da m\u00e3e (12\/11\/2021)"},"content":{"rendered":"<p><br \/>\n<\/p>\n<p>A 6\u00aa Turma do Tribunal Regional Federal da 4\u00aa Regi\u00e3o (TRF4) decidiu, por unanimidade, conceder duas pens\u00f5es por morte \u00e0 mulher de 51 anos, residente em S\u00e3o Valentim (RS), reconhecida como incapaz para o trabalho por ser portadora de epilepsia desde os 11 anos de idade, tendo tamb\u00e9m leve retardo mental. Ela requeria a concess\u00e3o dos benef\u00edcios em raz\u00e3o do falecimento de sua m\u00e3e, ocorrido em 2013, e do seu pai, em 2017. A decis\u00e3o foi proferida nesta \u00a0semana (10\/11).\u00a0<\/p>\n<p>Inicialmente, foi ajuizada uma a\u00e7\u00e3o previdenci\u00e1ria na 2\u00aa Vara Federal de Erechim, solicitando a concess\u00e3o do benef\u00edcio por parte do Instituto Nacional do Seguro Social (INSS), bem como o pagamento de parcelas que estariam vencidas desde a data do \u00f3bito de cada um dos seus pais. O ju\u00edzo, no entanto, negou a a\u00e7\u00e3o, pois, de acordo com per\u00edcia judicial, ela n\u00e3o era considerada inv\u00e1lida na data dos \u00f3bitos.<\/p>\n<p>A requerente apelou ao TRF4, alegando que a per\u00edcia reconheceu suas condi\u00e7\u00f5es psiqui\u00e1tricas (epilepsia e leve retardo mental), devendo ser implantado o benef\u00edcio.\u00a0<\/p>\n<p>A 6\u00aa Turma deu provimento ao apelo por unanimidade. Os magistrados entenderam que a incapacidade laboral existia na \u00e9poca do falecimento de seus pais, pois suas condi\u00e7\u00f5es persistem j\u00e1 por longa data. \u00a0A determina\u00e7\u00e3o foi para implanta\u00e7\u00e3o das duas pens\u00f5es, com o pagamento das parcelas desde o \u00f3bito de cada um dos genitores corrigidas monetariamente, ou seja, o INSS dever\u00e1 pagar os valores referentes \u00e0 pens\u00e3o da m\u00e3e da autora desde outubro de 2013, e referente ao pai dela desde fevereiro de 2017.\u00a0<\/p>\n<p>O desembargador federal Jo\u00e3o Batista Pinto Silveira, relator do caso, destacou que &ldquo;h\u00e1 elementos aptos a amparar as alega\u00e7\u00f5es da demandante que, \u00e0 \u00e9poca do \u00f3bito dos segurados, j\u00e1 se encontrava incapaz, preenchendo os requisitos para o recebimento do benef\u00edcio de pens\u00e3o por morte desde \u00f3bito dos instituidores&rdquo;.\u00a0<\/p>\n<p><br \/> (Foto: Ag\u00eancia Senado)<\/p>\n<p><i>Com informa\u00e7\u00f5es da assessoria de imprensa do TRF4.<\/i><br \/>\n<br \/><a href=\"http:\/\/www2.trf4.jus.br\/trf4\/controlador.php?acao=noticia_visualizar&#038;id_noticia=16219\">Fonte<\/a><br \/>\n<br \/><\/p>\n","protected":false},"excerpt":{"rendered":"<p>A 6\u00aa Turma do Tribunal Regional Federal da 4\u00aa Regi\u00e3o (TRF4) decidiu, por unanimidade, conceder duas pens\u00f5es por morte \u00e0 mulher de 51 anos, residente em S\u00e3o Valentim (RS), reconhecida como incapaz para o trabalho por ser portadora de epilepsia desde os 11 anos de idade, tendo tamb\u00e9m leve retardo mental. Ela requeria a concess\u00e3o [&hellip;]<\/p>\n","protected":false},"author":3063,"featured_media":2025,"comment_status":"open","ping_status":"open","sticky":false,"template":"","format":"standard","meta":{"footnotes":""},"categories":[5,6],"tags":[11,10,8,13,9,12,17],"class_list":{"0":"post-10727","1":"post","2":"type-post","3":"status-publish","4":"format-standard","5":"has-post-thumbnail","7":"category-previdenciario","8":"category-trf4","9":"tag-aposentadoria","10":"tag-calculos-previdenciarios","11":"tag-direito-previdenciario","12":"tag-inss","13":"tag-pericia","14":"tag-perito","15":"tag-trf4"},"yoast_head":"<!-- This site is optimized with the Yoast SEO plugin v27.2 - https:\/\/yoast.com\/product\/yoast-seo-wordpress\/ -->\n<title>TRF4: Mulher com problemas neurol\u00f3gicos receber\u00e1 pens\u00e3o por morte do pai e da m\u00e3e (12\/11\/2021) | Portal de Not\u00edcias<\/title>\n<meta name=\"robots\" content=\"index, follow, max-snippet:-1, max-image-preview:large, max-video-preview:-1\" \/>\n<link rel=\"canonical\" href=\"https:\/\/mhcalculos.com.br\/noticias\/area\/previdenciario\/trf4-mulher-com-problemas-neurologicos-recebera-pensao-por-morte-do-pai-e-da-mae-12-11-2021.html\" \/>\n<meta property=\"og:locale\" content=\"pt_BR\" \/>\n<meta property=\"og:type\" content=\"article\" \/>\n<meta property=\"og:title\" content=\"TRF4: Mulher com problemas neurol\u00f3gicos receber\u00e1 pens\u00e3o por morte do pai e da m\u00e3e (12\/11\/2021) | Portal de Not\u00edcias\" \/>\n<meta property=\"og:description\" content=\"A 6\u00aa Turma do Tribunal Regional Federal da 4\u00aa Regi\u00e3o (TRF4) decidiu, por unanimidade, conceder duas pens\u00f5es por morte \u00e0 mulher de 51 anos, residente em S\u00e3o Valentim (RS), reconhecida como incapaz para o trabalho por ser portadora de epilepsia desde os 11 anos de idade, tendo tamb\u00e9m leve retardo mental. Ela requeria a concess\u00e3o [&hellip;]\" \/>\n<meta property=\"og:url\" content=\"https:\/\/mhcalculos.com.br\/noticias\/area\/previdenciario\/trf4-mulher-com-problemas-neurologicos-recebera-pensao-por-morte-do-pai-e-da-mae-12-11-2021.html\" \/>\n<meta property=\"og:site_name\" content=\"Portal de Not\u00edcias\" \/>\n<meta property=\"article:published_time\" content=\"2021-11-13T01:05:07+00:00\" \/>\n<meta property=\"og:image\" content=\"https:\/\/mhcalculos.com.br\/noticias\/wp-content\/uploads\/sites\/2\/2018\/06\/judiciario-0006.jpg\" \/>\n\t<meta property=\"og:image:width\" content=\"2000\" \/>\n\t<meta property=\"og:image:height\" content=\"800\" \/>\n\t<meta property=\"og:image:type\" content=\"image\/jpeg\" \/>\n<meta name=\"author\" content=\"Equipe MH\" \/>\n<meta name=\"twitter:card\" content=\"summary_large_image\" \/>\n<meta name=\"twitter:label1\" content=\"Escrito por\" \/>\n\t<meta name=\"twitter:data1\" content=\"Equipe MH\" \/>\n\t<meta name=\"twitter:label2\" content=\"Est. tempo de leitura\" \/>\n\t<meta name=\"twitter:data2\" content=\"2 minutos\" \/>\n<script type=\"application\/ld+json\" class=\"yoast-schema-graph\">{\"@context\":\"https:\/\/schema.org\",\"@graph\":[{\"@type\":\"Article\",\"@id\":\"https:\/\/mhcalculos.com.br\/noticias\/area\/previdenciario\/trf4-mulher-com-problemas-neurologicos-recebera-pensao-por-morte-do-pai-e-da-mae-12-11-2021.html#article\",\"isPartOf\":{\"@id\":\"https:\/\/mhcalculos.com.br\/noticias\/area\/previdenciario\/trf4-mulher-com-problemas-neurologicos-recebera-pensao-por-morte-do-pai-e-da-mae-12-11-2021.html\"},\"author\":{\"name\":\"Equipe MH\",\"@id\":\"https:\/\/mhcalculos.com.br\/noticias\/#\/schema\/person\/88d1c34bf72dc779ea14a5a6b8e0ae8d\"},\"headline\":\"TRF4: Mulher com problemas neurol\u00f3gicos receber\u00e1 pens\u00e3o por morte do pai e da m\u00e3e (12\/11\/2021)\",\"datePublished\":\"2021-11-13T01:05:07+00:00\",\"mainEntityOfPage\":{\"@id\":\"https:\/\/mhcalculos.com.br\/noticias\/area\/previdenciario\/trf4-mulher-com-problemas-neurologicos-recebera-pensao-por-morte-do-pai-e-da-mae-12-11-2021.html\"},\"wordCount\":355,\"commentCount\":0,\"image\":{\"@id\":\"https:\/\/mhcalculos.com.br\/noticias\/area\/previdenciario\/trf4-mulher-com-problemas-neurologicos-recebera-pensao-por-morte-do-pai-e-da-mae-12-11-2021.html#primaryimage\"},\"thumbnailUrl\":\"https:\/\/mhcalculos.com.br\/noticias\/wp-content\/uploads\/sites\/2\/2018\/06\/judiciario-0006.jpg\",\"keywords\":[\"aposentadoria\",\"c\u00e1lculos previdenci\u00e1rios\",\"direito previdenci\u00e1rio\",\"inss\",\"per\u00edcia\",\"perito\",\"trf4\"],\"articleSection\":[\"Direito Previdenci\u00e1rio\",\"TRF4\"],\"inLanguage\":\"pt-BR\",\"potentialAction\":[{\"@type\":\"CommentAction\",\"name\":\"Comment\",\"target\":[\"https:\/\/mhcalculos.com.br\/noticias\/area\/previdenciario\/trf4-mulher-com-problemas-neurologicos-recebera-pensao-por-morte-do-pai-e-da-mae-12-11-2021.html#respond\"]}]},{\"@type\":\"WebPage\",\"@id\":\"https:\/\/mhcalculos.com.br\/noticias\/area\/previdenciario\/trf4-mulher-com-problemas-neurologicos-recebera-pensao-por-morte-do-pai-e-da-mae-12-11-2021.html\",\"url\":\"https:\/\/mhcalculos.com.br\/noticias\/area\/previdenciario\/trf4-mulher-com-problemas-neurologicos-recebera-pensao-por-morte-do-pai-e-da-mae-12-11-2021.html\",\"name\":\"TRF4: Mulher com problemas neurol\u00f3gicos receber\u00e1 pens\u00e3o por morte do pai e da m\u00e3e (12\/11\/2021) | Portal de Not\u00edcias\",\"isPartOf\":{\"@id\":\"https:\/\/mhcalculos.com.br\/noticias\/#website\"},\"primaryImageOfPage\":{\"@id\":\"https:\/\/mhcalculos.com.br\/noticias\/area\/previdenciario\/trf4-mulher-com-problemas-neurologicos-recebera-pensao-por-morte-do-pai-e-da-mae-12-11-2021.html#primaryimage\"},\"image\":{\"@id\":\"https:\/\/mhcalculos.com.br\/noticias\/area\/previdenciario\/trf4-mulher-com-problemas-neurologicos-recebera-pensao-por-morte-do-pai-e-da-mae-12-11-2021.html#primaryimage\"},\"thumbnailUrl\":\"https:\/\/mhcalculos.com.br\/noticias\/wp-content\/uploads\/sites\/2\/2018\/06\/judiciario-0006.jpg\",\"datePublished\":\"2021-11-13T01:05:07+00:00\",\"author\":{\"@id\":\"https:\/\/mhcalculos.com.br\/noticias\/#\/schema\/person\/88d1c34bf72dc779ea14a5a6b8e0ae8d\"},\"breadcrumb\":{\"@id\":\"https:\/\/mhcalculos.com.br\/noticias\/area\/previdenciario\/trf4-mulher-com-problemas-neurologicos-recebera-pensao-por-morte-do-pai-e-da-mae-12-11-2021.html#breadcrumb\"},\"inLanguage\":\"pt-BR\",\"potentialAction\":[{\"@type\":\"ReadAction\",\"target\":[\"https:\/\/mhcalculos.com.br\/noticias\/area\/previdenciario\/trf4-mulher-com-problemas-neurologicos-recebera-pensao-por-morte-do-pai-e-da-mae-12-11-2021.html\"]}]},{\"@type\":\"ImageObject\",\"inLanguage\":\"pt-BR\",\"@id\":\"https:\/\/mhcalculos.com.br\/noticias\/area\/previdenciario\/trf4-mulher-com-problemas-neurologicos-recebera-pensao-por-morte-do-pai-e-da-mae-12-11-2021.html#primaryimage\",\"url\":\"https:\/\/mhcalculos.com.br\/noticias\/wp-content\/uploads\/sites\/2\/2018\/06\/judiciario-0006.jpg\",\"contentUrl\":\"https:\/\/mhcalculos.com.br\/noticias\/wp-content\/uploads\/sites\/2\/2018\/06\/judiciario-0006.jpg\",\"width\":2000,\"height\":800},{\"@type\":\"BreadcrumbList\",\"@id\":\"https:\/\/mhcalculos.com.br\/noticias\/area\/previdenciario\/trf4-mulher-com-problemas-neurologicos-recebera-pensao-por-morte-do-pai-e-da-mae-12-11-2021.html#breadcrumb\",\"itemListElement\":[{\"@type\":\"ListItem\",\"position\":1,\"name\":\"In\u00edcio\",\"item\":\"https:\/\/mhcalculos.com.br\/noticias\/\"},{\"@type\":\"ListItem\",\"position\":2,\"name\":\"TRF4: Mulher com problemas neurol\u00f3gicos receber\u00e1 pens\u00e3o por morte do pai e da m\u00e3e (12\/11\/2021)\"}]},{\"@type\":\"WebSite\",\"@id\":\"https:\/\/mhcalculos.com.br\/noticias\/#website\",\"url\":\"https:\/\/mhcalculos.com.br\/noticias\/\",\"name\":\"Portal de Not\u00edcias\",\"description\":\"Not\u00edcias e Jurisprud\u00eancia\",\"potentialAction\":[{\"@type\":\"SearchAction\",\"target\":{\"@type\":\"EntryPoint\",\"urlTemplate\":\"https:\/\/mhcalculos.com.br\/noticias\/?s={search_term_string}\"},\"query-input\":{\"@type\":\"PropertyValueSpecification\",\"valueRequired\":true,\"valueName\":\"search_term_string\"}}],\"inLanguage\":\"pt-BR\"},{\"@type\":\"Person\",\"@id\":\"https:\/\/mhcalculos.com.br\/noticias\/#\/schema\/person\/88d1c34bf72dc779ea14a5a6b8e0ae8d\",\"name\":\"Equipe MH\",\"image\":{\"@type\":\"ImageObject\",\"inLanguage\":\"pt-BR\",\"@id\":\"https:\/\/secure.gravatar.com\/avatar\/de1c686c2ecc9c5a3f327e3431d819eb39f8f05d4e1045f5a1caad6daaba987f?s=96&d=mm&r=g\",\"url\":\"https:\/\/secure.gravatar.com\/avatar\/de1c686c2ecc9c5a3f327e3431d819eb39f8f05d4e1045f5a1caad6daaba987f?s=96&d=mm&r=g\",\"contentUrl\":\"https:\/\/secure.gravatar.com\/avatar\/de1c686c2ecc9c5a3f327e3431d819eb39f8f05d4e1045f5a1caad6daaba987f?s=96&d=mm&r=g\",\"caption\":\"Equipe MH\"}}]}<\/script>\n<!-- \/ Yoast SEO plugin. -->","yoast_head_json":{"title":"TRF4: Mulher com problemas neurol\u00f3gicos receber\u00e1 pens\u00e3o por morte do pai e da m\u00e3e (12\/11\/2021) | Portal de Not\u00edcias","robots":{"index":"index","follow":"follow","max-snippet":"max-snippet:-1","max-image-preview":"max-image-preview:large","max-video-preview":"max-video-preview:-1"},"canonical":"https:\/\/mhcalculos.com.br\/noticias\/area\/previdenciario\/trf4-mulher-com-problemas-neurologicos-recebera-pensao-por-morte-do-pai-e-da-mae-12-11-2021.html","og_locale":"pt_BR","og_type":"article","og_title":"TRF4: Mulher com problemas neurol\u00f3gicos receber\u00e1 pens\u00e3o por morte do pai e da m\u00e3e (12\/11\/2021) | Portal de Not\u00edcias","og_description":"A 6\u00aa Turma do Tribunal Regional Federal da 4\u00aa Regi\u00e3o (TRF4) decidiu, por unanimidade, conceder duas pens\u00f5es por morte \u00e0 mulher de 51 anos, residente em S\u00e3o Valentim (RS), reconhecida como incapaz para o trabalho por ser portadora de epilepsia desde os 11 anos de idade, tendo tamb\u00e9m leve retardo mental. Ela requeria a concess\u00e3o [&hellip;]","og_url":"https:\/\/mhcalculos.com.br\/noticias\/area\/previdenciario\/trf4-mulher-com-problemas-neurologicos-recebera-pensao-por-morte-do-pai-e-da-mae-12-11-2021.html","og_site_name":"Portal de Not\u00edcias","article_published_time":"2021-11-13T01:05:07+00:00","og_image":[{"width":2000,"height":800,"url":"https:\/\/mhcalculos.com.br\/noticias\/wp-content\/uploads\/sites\/2\/2018\/06\/judiciario-0006.jpg","type":"image\/jpeg"}],"author":"Equipe MH","twitter_card":"summary_large_image","twitter_misc":{"Escrito por":"Equipe MH","Est. tempo de leitura":"2 minutos"},"schema":{"@context":"https:\/\/schema.org","@graph":[{"@type":"Article","@id":"https:\/\/mhcalculos.com.br\/noticias\/area\/previdenciario\/trf4-mulher-com-problemas-neurologicos-recebera-pensao-por-morte-do-pai-e-da-mae-12-11-2021.html#article","isPartOf":{"@id":"https:\/\/mhcalculos.com.br\/noticias\/area\/previdenciario\/trf4-mulher-com-problemas-neurologicos-recebera-pensao-por-morte-do-pai-e-da-mae-12-11-2021.html"},"author":{"name":"Equipe MH","@id":"https:\/\/mhcalculos.com.br\/noticias\/#\/schema\/person\/88d1c34bf72dc779ea14a5a6b8e0ae8d"},"headline":"TRF4: Mulher com problemas neurol\u00f3gicos receber\u00e1 pens\u00e3o por morte do pai e da m\u00e3e (12\/11\/2021)","datePublished":"2021-11-13T01:05:07+00:00","mainEntityOfPage":{"@id":"https:\/\/mhcalculos.com.br\/noticias\/area\/previdenciario\/trf4-mulher-com-problemas-neurologicos-recebera-pensao-por-morte-do-pai-e-da-mae-12-11-2021.html"},"wordCount":355,"commentCount":0,"image":{"@id":"https:\/\/mhcalculos.com.br\/noticias\/area\/previdenciario\/trf4-mulher-com-problemas-neurologicos-recebera-pensao-por-morte-do-pai-e-da-mae-12-11-2021.html#primaryimage"},"thumbnailUrl":"https:\/\/mhcalculos.com.br\/noticias\/wp-content\/uploads\/sites\/2\/2018\/06\/judiciario-0006.jpg","keywords":["aposentadoria","c\u00e1lculos previdenci\u00e1rios","direito previdenci\u00e1rio","inss","per\u00edcia","perito","trf4"],"articleSection":["Direito Previdenci\u00e1rio","TRF4"],"inLanguage":"pt-BR","potentialAction":[{"@type":"CommentAction","name":"Comment","target":["https:\/\/mhcalculos.com.br\/noticias\/area\/previdenciario\/trf4-mulher-com-problemas-neurologicos-recebera-pensao-por-morte-do-pai-e-da-mae-12-11-2021.html#respond"]}]},{"@type":"WebPage","@id":"https:\/\/mhcalculos.com.br\/noticias\/area\/previdenciario\/trf4-mulher-com-problemas-neurologicos-recebera-pensao-por-morte-do-pai-e-da-mae-12-11-2021.html","url":"https:\/\/mhcalculos.com.br\/noticias\/area\/previdenciario\/trf4-mulher-com-problemas-neurologicos-recebera-pensao-por-morte-do-pai-e-da-mae-12-11-2021.html","name":"TRF4: Mulher com problemas neurol\u00f3gicos receber\u00e1 pens\u00e3o por morte do pai e da m\u00e3e (12\/11\/2021) | Portal de Not\u00edcias","isPartOf":{"@id":"https:\/\/mhcalculos.com.br\/noticias\/#website"},"primaryImageOfPage":{"@id":"https:\/\/mhcalculos.com.br\/noticias\/area\/previdenciario\/trf4-mulher-com-problemas-neurologicos-recebera-pensao-por-morte-do-pai-e-da-mae-12-11-2021.html#primaryimage"},"image":{"@id":"https:\/\/mhcalculos.com.br\/noticias\/area\/previdenciario\/trf4-mulher-com-problemas-neurologicos-recebera-pensao-por-morte-do-pai-e-da-mae-12-11-2021.html#primaryimage"},"thumbnailUrl":"https:\/\/mhcalculos.com.br\/noticias\/wp-content\/uploads\/sites\/2\/2018\/06\/judiciario-0006.jpg","datePublished":"2021-11-13T01:05:07+00:00","author":{"@id":"https:\/\/mhcalculos.com.br\/noticias\/#\/schema\/person\/88d1c34bf72dc779ea14a5a6b8e0ae8d"},"breadcrumb":{"@id":"https:\/\/mhcalculos.com.br\/noticias\/area\/previdenciario\/trf4-mulher-com-problemas-neurologicos-recebera-pensao-por-morte-do-pai-e-da-mae-12-11-2021.html#breadcrumb"},"inLanguage":"pt-BR","potentialAction":[{"@type":"ReadAction","target":["https:\/\/mhcalculos.com.br\/noticias\/area\/previdenciario\/trf4-mulher-com-problemas-neurologicos-recebera-pensao-por-morte-do-pai-e-da-mae-12-11-2021.html"]}]},{"@type":"ImageObject","inLanguage":"pt-BR","@id":"https:\/\/mhcalculos.com.br\/noticias\/area\/previdenciario\/trf4-mulher-com-problemas-neurologicos-recebera-pensao-por-morte-do-pai-e-da-mae-12-11-2021.html#primaryimage","url":"https:\/\/mhcalculos.com.br\/noticias\/wp-content\/uploads\/sites\/2\/2018\/06\/judiciario-0006.jpg","contentUrl":"https:\/\/mhcalculos.com.br\/noticias\/wp-content\/uploads\/sites\/2\/2018\/06\/judiciario-0006.jpg","width":2000,"height":800},{"@type":"BreadcrumbList","@id":"https:\/\/mhcalculos.com.br\/noticias\/area\/previdenciario\/trf4-mulher-com-problemas-neurologicos-recebera-pensao-por-morte-do-pai-e-da-mae-12-11-2021.html#breadcrumb","itemListElement":[{"@type":"ListItem","position":1,"name":"In\u00edcio","item":"https:\/\/mhcalculos.com.br\/noticias\/"},{"@type":"ListItem","position":2,"name":"TRF4: Mulher com problemas neurol\u00f3gicos receber\u00e1 pens\u00e3o por morte do pai e da m\u00e3e (12\/11\/2021)"}]},{"@type":"WebSite","@id":"https:\/\/mhcalculos.com.br\/noticias\/#website","url":"https:\/\/mhcalculos.com.br\/noticias\/","name":"Portal de Not\u00edcias","description":"Not\u00edcias e Jurisprud\u00eancia","potentialAction":[{"@type":"SearchAction","target":{"@type":"EntryPoint","urlTemplate":"https:\/\/mhcalculos.com.br\/noticias\/?s={search_term_string}"},"query-input":{"@type":"PropertyValueSpecification","valueRequired":true,"valueName":"search_term_string"}}],"inLanguage":"pt-BR"},{"@type":"Person","@id":"https:\/\/mhcalculos.com.br\/noticias\/#\/schema\/person\/88d1c34bf72dc779ea14a5a6b8e0ae8d","name":"Equipe MH","image":{"@type":"ImageObject","inLanguage":"pt-BR","@id":"https:\/\/secure.gravatar.com\/avatar\/de1c686c2ecc9c5a3f327e3431d819eb39f8f05d4e1045f5a1caad6daaba987f?s=96&d=mm&r=g","url":"https:\/\/secure.gravatar.com\/avatar\/de1c686c2ecc9c5a3f327e3431d819eb39f8f05d4e1045f5a1caad6daaba987f?s=96&d=mm&r=g","contentUrl":"https:\/\/secure.gravatar.com\/avatar\/de1c686c2ecc9c5a3f327e3431d819eb39f8f05d4e1045f5a1caad6daaba987f?s=96&d=mm&r=g","caption":"Equipe MH"}}]}},"_links":{"self":[{"href":"https:\/\/mhcalculos.com.br\/noticias\/wp-json\/wp\/v2\/posts\/10727","targetHints":{"allow":["GET"]}}],"collection":[{"href":"https:\/\/mhcalculos.com.br\/noticias\/wp-json\/wp\/v2\/posts"}],"about":[{"href":"https:\/\/mhcalculos.com.br\/noticias\/wp-json\/wp\/v2\/types\/post"}],"author":[{"embeddable":true,"href":"https:\/\/mhcalculos.com.br\/noticias\/wp-json\/wp\/v2\/users\/3063"}],"replies":[{"embeddable":true,"href":"https:\/\/mhcalculos.com.br\/noticias\/wp-json\/wp\/v2\/comments?post=10727"}],"version-history":[{"count":0,"href":"https:\/\/mhcalculos.com.br\/noticias\/wp-json\/wp\/v2\/posts\/10727\/revisions"}],"wp:featuredmedia":[{"embeddable":true,"href":"https:\/\/mhcalculos.com.br\/noticias\/wp-json\/wp\/v2\/media\/2025"}],"wp:attachment":[{"href":"https:\/\/mhcalculos.com.br\/noticias\/wp-json\/wp\/v2\/media?parent=10727"}],"wp:term":[{"taxonomy":"category","embeddable":true,"href":"https:\/\/mhcalculos.com.br\/noticias\/wp-json\/wp\/v2\/categories?post=10727"},{"taxonomy":"post_tag","embeddable":true,"href":"https:\/\/mhcalculos.com.br\/noticias\/wp-json\/wp\/v2\/tags?post=10727"}],"curies":[{"name":"wp","href":"https:\/\/api.w.org\/{rel}","templated":true}]}}