{"id":10720,"date":"2021-11-09T16:05:13","date_gmt":"2021-11-09T19:05:13","guid":{"rendered":"https:\/\/mhcalculos.com.br\/noticias\/area\/previdenciario\/trf4-justica-federal-da-4a-regiao-inicia-a-xvi-semana-nacional-de-conciliacao-08-11-2021.html"},"modified":"2021-11-09T16:05:13","modified_gmt":"2021-11-09T19:05:13","slug":"trf4-justica-federal-da-4a-regiao-inicia-a-xvi-semana-nacional-de-conciliacao-08-11-2021","status":"publish","type":"post","link":"https:\/\/mhcalculos.com.br\/noticias\/area\/previdenciario\/trf4-justica-federal-da-4a-regiao-inicia-a-xvi-semana-nacional-de-conciliacao-08-11-2021.html","title":{"rendered":"TRF4: Justi\u00e7a Federal da 4\u00aa Regi\u00e3o inicia a XVI Semana Nacional de Concilia\u00e7\u00e3o (08\/11\/2021)"},"content":{"rendered":"<p><br \/>\n<\/p>\n<p>Em encontro inaugural da XVI Semana Nacional de Concilia\u00e7\u00e3o realizada hoje pela manh\u00e3, a Justi\u00e7a Federal da 4\u00aa Regi\u00e3o reuniu magistrados e servidores de todas as Se\u00e7\u00f5es Judici\u00e1rias para exporem as atividades que ser\u00e3o desenvolvidas durante a campanha. O evento \u00e9 impulsionado anualmente pelo Conselho Nacional de Justi\u00e7a (CNJ) e neste ano vai ocorrer entre os dias 08 e 12 de novembro.<\/p>\n<p>Como anfitri\u00e3, a desembargadora federal V\u00e2nia Hack de Almeida, coordenadora do Sistema de Concilia\u00e7\u00e3o da 4\u00aa Regi\u00e3o (SISTCON), falou sobre a Semana Nacional de Concilia\u00e7\u00e3o. &ldquo;Uma semana que se constitui em importante evento difusor das pr\u00e1ticas autocompositivas. Essa campanha do CNJ \u00e9 anual, como conhecemos, mas esta edi\u00e7\u00e3o traz o conceito &lsquo;Concilia\u00e7\u00e3o: Mais tempo para voc\u00ea&rsquo;. Nos chama a aten\u00e7\u00e3o de que a escolha pela solu\u00e7\u00e3o autocompositiva significa ganho de tempo, uma maior efici\u00eancia, para o cidad\u00e3o e para a justi\u00e7a. Importa, por\u00e9m, destacar que a busca pela pacifica\u00e7\u00e3o dos conflitos estimulando-se a autonomia das partes decidirem, influencia positivamente a constitui\u00e7\u00e3o de comportamentos agregadores, construtivos, solid\u00e1rios, extremamente necess\u00e1rios, sobretudo em tempos de beliger\u00e2ncia latente. Assim, a nossa rela\u00e7\u00e3o com o tempo deve ultrapassar a vis\u00e3o de mera economia do tempo gasto, que se sabe importante, por\u00e9m \u00e9 necess\u00e1rio ir al\u00e9m e conferir ao tempo, qualificadores que nos levem a um maior grau de humaniza\u00e7\u00e3o das rela\u00e7\u00f5es. Isto s\u00f3 \u00e9 poss\u00edvel com o di\u00e1logo&rdquo;, ela enfatizou.<\/p>\n<p>Ainda, a magistrada mencionou as adequa\u00e7\u00f5es que a Justi\u00e7a Federal da 4\u00aa Regi\u00e3o precisou realizar para continuar com suas atividades durante a pandemia. &ldquo;Devido \u00e0s dificuldades trazidas pela pandemia, tivemos novas formas e meios para manter o di\u00e1logo t\u00e3o essencial \u00e0 concilia\u00e7\u00e3o. Uma migra\u00e7\u00e3o para audi\u00eancias tele presenciais e o uso do F\u00f3rum de Concilia\u00e7\u00e3o Virtual. Tudo nos permitiu o prosseguimento das atividades e muito aprendemos com esses tempos adversos para a popula\u00e7\u00e3o&rdquo;, ela completou.<\/p>\n<p>Antes de ouvir sobre as atividades que ser\u00e3o desenvolvidas nos Centros Judici\u00e1rios de Solu\u00e7\u00e3o de Conflitos e Cidadania (CEJUSCONs) das tr\u00eas Se\u00e7\u00f5es Judici\u00e1rias, a desembargadora ainda agradeceu aos magistrados, servidores e parceiros da 4\u00aa Regi\u00e3o. &ldquo;No momento que celebramos mais uma semana intensa para muitos, \u00e9 imprescind\u00edvel destacar as atividades conciliat\u00f3rias realizadas ao longo do ano, que demonstra a atua\u00e7\u00e3o de todos os envolvidos da 4\u00aa Regi\u00e3o&rdquo;, concluiu Hack de Almeida.<\/p>\n<p>A ju\u00edza federal Anne Karina Stipp Amador Costa, coordenadora do CEJUSCON do Paran\u00e1, destacou que as atividades naquela Se\u00e7\u00e3o ser\u00e3o desenvolvidas de forma totalmente virtual. Ela mencionou o mutir\u00e3o planejado pelo Departamento Nacional de Infraestrutura de Transportes para ser realizado na Subse\u00e7\u00e3o de Umuarama (PR), sobre 107 processos de desapropria\u00e7\u00e3o em trecho da rodovia BR 487. Fazendo refer\u00eancia ao livro de Valter Hugo M\u00e3e, &ldquo;O filho de mil homens&rdquo;, ela citou que v\u00ea &ldquo;a concilia\u00e7\u00e3o como uma filha de mil homens e mil mulheres que est\u00e3o contribuindo para a cultura da paz e do di\u00e1logo&rdquo;. Por fim, a ju\u00edza destacou que se sente &ldquo;feliz pelo nascimento da irm\u00e3 da concilia\u00e7\u00e3o, a justi\u00e7a restaurativa, que vem para auxiliar e muito nesse ambiente de pacifica\u00e7\u00e3o judicial&rdquo;.<\/p>\n<p>Em seguida foi a vez da coordenadora do CEJUSCON de Santa Catarina, a ju\u00edza federal Eliana Paggiarin Marinho, demonstrar as atividades planejadas. &ldquo;Quando pensamos na SNC, fizemos contato com o Instituto Nacional do Seguro Social e com a Caixa Econ\u00f4mica Federal. Em rela\u00e7\u00e3o ao INSS ser\u00e1 poss\u00edvel desenvolver atividades posteriores \u00e0 Semana, j\u00e1 com a Caixa ser\u00e3o realizadas atividades de concilia\u00e7\u00e3o nesta semana, a institui\u00e7\u00e3o elaborou listas de processos referentes a contratos que poderiam ter proposta de acordo, usaremos as salas virtuais para realizar as audi\u00eancias&rdquo;, ela explicou.<\/p>\n<p>A coordenadora do CEJUSCON do Rio Grande do Sul, ju\u00edza federal Daniela Tocchetto Cavalheiro, durante um relato emocionado sobre o per\u00edodo de pandemia que impediu a presencialidade dos magistrados e servidores da 4\u00aa Regi\u00e3o, destacou considerar &ldquo;um orgulho participar dessa atividade juntamente com os magistrados e servidores que atuam nas linhas de frente da concilia\u00e7\u00e3o, e quero agradecer ao trabalho dos meus colegas queridos&rdquo;. Ela anunciou que, em Porto Alegre, existem 287 processos em pauta para a SNC. &ldquo;A Caixa tem feito um excelente trabalho e participado ativamente da Concilia\u00e7\u00e3o&rdquo;, destacou a ju\u00edza. Ela ainda ressaltou o elevado n\u00famero de a\u00e7\u00f5es referentes a contratos comerciais que ser\u00e3o pautados essa semana, tamb\u00e9m no interior do Estado.<\/p>\n<p>Ainda falaram representantes da 26\u00aa Vara Federal de Porto Alegre, especializada em concilia\u00e7\u00e3o, que trouxeram o exemplo de processos tratados sobre a nova Ponte do Gua\u00edba. &ldquo;Amanh\u00e3, por exemplo, vamos fazer um processo pendente de tratativas junto ao DNIT referente \u00e0s desapropria\u00e7\u00f5es para constru\u00e7\u00e3o da Ponte e ser\u00e1 realizada presencialmente, pois acredito que para a\u00e7\u00f5es que envolvem pessoas extremamente carentes \u00e9 mais confort\u00e1vel que seja presencial, devido \u00e0 dificuldade de acesso \u00e0 internet&rdquo;, explicou o juiz federal Hermes Siedler da Concei\u00e7\u00e3o J\u00fanior. A ju\u00edza federal Ana In\u00e8s Latorre falou sobre as atividades relacionadas ao Programa Justi\u00e7a Inclusiva, que atua com foco nos segurados do INSS que s\u00e3o dependentes de subst\u00e2ncias psicoativas e ingressam com a\u00e7\u00f5es judiciais requisitando benef\u00edcio previdenci\u00e1rio. O programa integra a possibilidade de acordo aos benefici\u00e1rios que se comprometerem ao tratamento na rede p\u00fablica de sa\u00fade. Este ano est\u00e1 completando seis anos de implanta\u00e7\u00e3o.<\/p>\n<p>O juiz federal Eduardo Picarelli apontou a import\u00e2ncia do trabalho de equipe que tem impulsionados a\u00e7\u00f5es estruturantes da concilia\u00e7\u00e3o em diversos temas. O juiz federal Bruno Santos, destacou as atividades que est\u00e3o sendo organizadas para impulsionar as concilia\u00e7\u00f5es junto aos \u00f3rg\u00e3os gestores da Sa\u00fade, enquanto o juiz Erivaldo dos Santos abordou as atividades em curso para avan\u00e7ar na autocomposi\u00e7\u00e3o no tema de moradia.<\/p>\n<p>A ju\u00edza federal substituta Catarina Volkart Pinto, coordenadora do N\u00facleo de Justi\u00e7a Restaurativa (NUJURE), informou sobre a realiza\u00e7\u00e3o do primeiro curso de forma\u00e7\u00e3o de conciliadores e mediadores judiciais, iniciado h\u00e1 algumas semanas, que ter\u00e1 aula aberta durante a Semana Nacional de Concilia\u00e7\u00e3o. Ela ressaltou ainda as etapas de implanta\u00e7\u00e3o do Programa de Justi\u00e7a Restaurativa na 4\u00aa Regi\u00e3o, com a constitui\u00e7\u00e3o dos centros de justi\u00e7a restaurativa e da forma\u00e7\u00e3o de facilitadores. J\u00e1 a ju\u00edza federal auxiliar do SISTCON, Ingrid Schroder Sliwka, apresentou o importante trabalho e as ferramentas dispon\u00edveis para promover solu\u00e7\u00f5es autocompositivas durante o per\u00edodo de pandemia, como o Aux\u00edlio Emergencial e fluxos espec\u00edficos para tratar pela via do acordo processos da poupan\u00e7a e de temas que envolvem a Uni\u00e3o. A ju\u00edza Maria L\u00facia Titton abordou o in\u00edcio das tratativas com a Procuradoria Regional da Fazenda Nacional, visando buscar a solu\u00e7\u00e3o pela via da concilia\u00e7\u00e3o na mat\u00e9ria tribut\u00e1ria e fiscal, at\u00e9 ent\u00e3o pouco explorada.<\/p>\n<p>Est\u00e3o programadas cerca de 2.300 audi\u00eancias de concilia\u00e7\u00e3o e 1.070 F\u00f3runs de Concilia\u00e7\u00e3o Virtual durante a Semana Nacional de Concilia\u00e7\u00e3o, al\u00e9m das negocia\u00e7\u00f5es que ocorrer\u00e3o por propostas de acordos juntadas nos autos dos processos eletr\u00f4nicos. Al\u00e9m disso, ao longo do ano de 2021 mais de 20 mil F\u00f3runs de Concilia\u00e7\u00e3o Virtual foram abertos, mais de 15 mil audi\u00eancias de concilia\u00e7\u00e3o foram realizadas e 54 mil acordos se encontram homologados pelos CEJUSCONs e Varas Federais.<\/p>\n<p>Antes do encerramento, foram levantadas perspectivas de organiza\u00e7\u00e3o de atividades do Sistema de Concilia\u00e7\u00e3o, com vistas ao aprofundamento da troca de experi\u00eancias.<\/p>\n<p><br \/>Encontro virtual marcou a abertura da XVI Semana Nacional de Concilia\u00e7\u00e3o na Justi\u00e7a Federal da 4\u00aa Regi\u00e3o (Imagem: Sistcon\/TRF4)<\/p>\n<p><img decoding=\"async\" data-src=\"https:\/\/www2.trf4.jus.br\/trf4\/upload\/editor\/mrc88_imagem-conciliacao-2--1-.jpg\" title=\"Imagem: Sistcon\/TRF4\" alt=\"A reuni\u00e3o contou com a participa\u00e7\u00e3o de magistrados e servidores de todas as Se\u00e7\u00f5es Judici\u00e1rias da 4\u00aa Regi\u00e3o\" style=\"width:800px\" src=\"data:image\/svg+xml;base64,PHN2ZyB3aWR0aD0iMSIgaGVpZ2h0PSIxIiB4bWxucz0iaHR0cDovL3d3dy53My5vcmcvMjAwMC9zdmciPjwvc3ZnPg==\" class=\"lazyload\" \/><br \/>A reuni\u00e3o contou com a participa\u00e7\u00e3o de magistrados e servidores de todas as Se\u00e7\u00f5es Judici\u00e1rias da 4\u00aa Regi\u00e3o (Imagem: Sistcon\/TRF4)<\/p>\n<p><i>Com informa\u00e7\u00f5es da assessoria de imprensa do TRF4.<\/i><br \/>\n<br \/><a href=\"http:\/\/www2.trf4.jus.br\/trf4\/controlador.php?acao=noticia_visualizar&#038;id_noticia=16204\">Fonte<\/a><br \/>\n<br \/><\/p>\n","protected":false},"excerpt":{"rendered":"<p>Em encontro inaugural da XVI Semana Nacional de Concilia\u00e7\u00e3o realizada hoje pela manh\u00e3, a Justi\u00e7a Federal da 4\u00aa Regi\u00e3o reuniu magistrados e servidores de todas as Se\u00e7\u00f5es Judici\u00e1rias para exporem as atividades que ser\u00e3o desenvolvidas durante a campanha. O evento \u00e9 impulsionado anualmente pelo Conselho Nacional de Justi\u00e7a (CNJ) e neste ano vai ocorrer entre [&hellip;]<\/p>\n","protected":false},"author":3063,"featured_media":10721,"comment_status":"open","ping_status":"open","sticky":false,"template":"","format":"standard","meta":{"footnotes":""},"categories":[5,6],"tags":[11,10,8,13,9,12,17],"class_list":{"0":"post-10720","1":"post","2":"type-post","3":"status-publish","4":"format-standard","5":"has-post-thumbnail","7":"category-previdenciario","8":"category-trf4","9":"tag-aposentadoria","10":"tag-calculos-previdenciarios","11":"tag-direito-previdenciario","12":"tag-inss","13":"tag-pericia","14":"tag-perito","15":"tag-trf4"},"yoast_head":"<!-- This site is optimized with the Yoast SEO plugin v27.2 - https:\/\/yoast.com\/product\/yoast-seo-wordpress\/ -->\n<title>TRF4: Justi\u00e7a Federal da 4\u00aa Regi\u00e3o inicia a XVI Semana Nacional de Concilia\u00e7\u00e3o (08\/11\/2021) | Portal de Not\u00edcias<\/title>\n<meta name=\"robots\" content=\"index, follow, max-snippet:-1, max-image-preview:large, max-video-preview:-1\" \/>\n<link rel=\"canonical\" href=\"https:\/\/mhcalculos.com.br\/noticias\/area\/previdenciario\/trf4-justica-federal-da-4a-regiao-inicia-a-xvi-semana-nacional-de-conciliacao-08-11-2021.html\" \/>\n<meta property=\"og:locale\" content=\"pt_BR\" \/>\n<meta property=\"og:type\" content=\"article\" \/>\n<meta property=\"og:title\" content=\"TRF4: Justi\u00e7a Federal da 4\u00aa Regi\u00e3o inicia a XVI Semana Nacional de Concilia\u00e7\u00e3o (08\/11\/2021) | Portal de Not\u00edcias\" \/>\n<meta property=\"og:description\" content=\"Em encontro inaugural da XVI Semana Nacional de Concilia\u00e7\u00e3o realizada hoje pela manh\u00e3, a Justi\u00e7a Federal da 4\u00aa Regi\u00e3o reuniu magistrados e servidores de todas as Se\u00e7\u00f5es Judici\u00e1rias para exporem as atividades que ser\u00e3o desenvolvidas durante a campanha. O evento \u00e9 impulsionado anualmente pelo Conselho Nacional de Justi\u00e7a (CNJ) e neste ano vai ocorrer entre [&hellip;]\" \/>\n<meta property=\"og:url\" content=\"https:\/\/mhcalculos.com.br\/noticias\/area\/previdenciario\/trf4-justica-federal-da-4a-regiao-inicia-a-xvi-semana-nacional-de-conciliacao-08-11-2021.html\" \/>\n<meta property=\"og:site_name\" content=\"Portal de Not\u00edcias\" \/>\n<meta property=\"article:published_time\" content=\"2021-11-09T19:05:13+00:00\" \/>\n<meta property=\"og:image\" content=\"https:\/\/mhcalculos.com.br\/noticias\/wp-content\/uploads\/sites\/2\/2021\/11\/mrc88_imagem-conciliacao-1-1-.jpg\" \/>\n\t<meta property=\"og:image:width\" content=\"1100\" \/>\n\t<meta property=\"og:image:height\" content=\"648\" \/>\n\t<meta property=\"og:image:type\" content=\"image\/jpeg\" \/>\n<meta name=\"author\" content=\"Equipe MH\" \/>\n<meta name=\"twitter:card\" content=\"summary_large_image\" \/>\n<meta name=\"twitter:label1\" content=\"Escrito por\" \/>\n\t<meta name=\"twitter:data1\" content=\"Equipe MH\" \/>\n\t<meta name=\"twitter:label2\" content=\"Est. tempo de leitura\" \/>\n\t<meta name=\"twitter:data2\" content=\"7 minutos\" \/>\n<script type=\"application\/ld+json\" class=\"yoast-schema-graph\">{\"@context\":\"https:\/\/schema.org\",\"@graph\":[{\"@type\":\"Article\",\"@id\":\"https:\/\/mhcalculos.com.br\/noticias\/area\/previdenciario\/trf4-justica-federal-da-4a-regiao-inicia-a-xvi-semana-nacional-de-conciliacao-08-11-2021.html#article\",\"isPartOf\":{\"@id\":\"https:\/\/mhcalculos.com.br\/noticias\/area\/previdenciario\/trf4-justica-federal-da-4a-regiao-inicia-a-xvi-semana-nacional-de-conciliacao-08-11-2021.html\"},\"author\":{\"name\":\"Equipe MH\",\"@id\":\"https:\/\/mhcalculos.com.br\/noticias\/#\/schema\/person\/88d1c34bf72dc779ea14a5a6b8e0ae8d\"},\"headline\":\"TRF4: Justi\u00e7a Federal da 4\u00aa Regi\u00e3o inicia a XVI Semana Nacional de Concilia\u00e7\u00e3o (08\/11\/2021)\",\"datePublished\":\"2021-11-09T19:05:13+00:00\",\"mainEntityOfPage\":{\"@id\":\"https:\/\/mhcalculos.com.br\/noticias\/area\/previdenciario\/trf4-justica-federal-da-4a-regiao-inicia-a-xvi-semana-nacional-de-conciliacao-08-11-2021.html\"},\"wordCount\":1390,\"commentCount\":0,\"image\":{\"@id\":\"https:\/\/mhcalculos.com.br\/noticias\/area\/previdenciario\/trf4-justica-federal-da-4a-regiao-inicia-a-xvi-semana-nacional-de-conciliacao-08-11-2021.html#primaryimage\"},\"thumbnailUrl\":\"https:\/\/mhcalculos.com.br\/noticias\/wp-content\/uploads\/sites\/2\/2021\/11\/mrc88_imagem-conciliacao-1-1-.jpg\",\"keywords\":[\"aposentadoria\",\"c\u00e1lculos previdenci\u00e1rios\",\"direito previdenci\u00e1rio\",\"inss\",\"per\u00edcia\",\"perito\",\"trf4\"],\"articleSection\":[\"Direito Previdenci\u00e1rio\",\"TRF4\"],\"inLanguage\":\"pt-BR\",\"potentialAction\":[{\"@type\":\"CommentAction\",\"name\":\"Comment\",\"target\":[\"https:\/\/mhcalculos.com.br\/noticias\/area\/previdenciario\/trf4-justica-federal-da-4a-regiao-inicia-a-xvi-semana-nacional-de-conciliacao-08-11-2021.html#respond\"]}]},{\"@type\":\"WebPage\",\"@id\":\"https:\/\/mhcalculos.com.br\/noticias\/area\/previdenciario\/trf4-justica-federal-da-4a-regiao-inicia-a-xvi-semana-nacional-de-conciliacao-08-11-2021.html\",\"url\":\"https:\/\/mhcalculos.com.br\/noticias\/area\/previdenciario\/trf4-justica-federal-da-4a-regiao-inicia-a-xvi-semana-nacional-de-conciliacao-08-11-2021.html\",\"name\":\"TRF4: Justi\u00e7a Federal da 4\u00aa Regi\u00e3o inicia a XVI Semana Nacional de Concilia\u00e7\u00e3o (08\/11\/2021) | Portal de Not\u00edcias\",\"isPartOf\":{\"@id\":\"https:\/\/mhcalculos.com.br\/noticias\/#website\"},\"primaryImageOfPage\":{\"@id\":\"https:\/\/mhcalculos.com.br\/noticias\/area\/previdenciario\/trf4-justica-federal-da-4a-regiao-inicia-a-xvi-semana-nacional-de-conciliacao-08-11-2021.html#primaryimage\"},\"image\":{\"@id\":\"https:\/\/mhcalculos.com.br\/noticias\/area\/previdenciario\/trf4-justica-federal-da-4a-regiao-inicia-a-xvi-semana-nacional-de-conciliacao-08-11-2021.html#primaryimage\"},\"thumbnailUrl\":\"https:\/\/mhcalculos.com.br\/noticias\/wp-content\/uploads\/sites\/2\/2021\/11\/mrc88_imagem-conciliacao-1-1-.jpg\",\"datePublished\":\"2021-11-09T19:05:13+00:00\",\"author\":{\"@id\":\"https:\/\/mhcalculos.com.br\/noticias\/#\/schema\/person\/88d1c34bf72dc779ea14a5a6b8e0ae8d\"},\"breadcrumb\":{\"@id\":\"https:\/\/mhcalculos.com.br\/noticias\/area\/previdenciario\/trf4-justica-federal-da-4a-regiao-inicia-a-xvi-semana-nacional-de-conciliacao-08-11-2021.html#breadcrumb\"},\"inLanguage\":\"pt-BR\",\"potentialAction\":[{\"@type\":\"ReadAction\",\"target\":[\"https:\/\/mhcalculos.com.br\/noticias\/area\/previdenciario\/trf4-justica-federal-da-4a-regiao-inicia-a-xvi-semana-nacional-de-conciliacao-08-11-2021.html\"]}]},{\"@type\":\"ImageObject\",\"inLanguage\":\"pt-BR\",\"@id\":\"https:\/\/mhcalculos.com.br\/noticias\/area\/previdenciario\/trf4-justica-federal-da-4a-regiao-inicia-a-xvi-semana-nacional-de-conciliacao-08-11-2021.html#primaryimage\",\"url\":\"https:\/\/mhcalculos.com.br\/noticias\/wp-content\/uploads\/sites\/2\/2021\/11\/mrc88_imagem-conciliacao-1-1-.jpg\",\"contentUrl\":\"https:\/\/mhcalculos.com.br\/noticias\/wp-content\/uploads\/sites\/2\/2021\/11\/mrc88_imagem-conciliacao-1-1-.jpg\",\"width\":1100,\"height\":648},{\"@type\":\"BreadcrumbList\",\"@id\":\"https:\/\/mhcalculos.com.br\/noticias\/area\/previdenciario\/trf4-justica-federal-da-4a-regiao-inicia-a-xvi-semana-nacional-de-conciliacao-08-11-2021.html#breadcrumb\",\"itemListElement\":[{\"@type\":\"ListItem\",\"position\":1,\"name\":\"In\u00edcio\",\"item\":\"https:\/\/mhcalculos.com.br\/noticias\/\"},{\"@type\":\"ListItem\",\"position\":2,\"name\":\"TRF4: Justi\u00e7a Federal da 4\u00aa Regi\u00e3o inicia a XVI Semana Nacional de Concilia\u00e7\u00e3o (08\/11\/2021)\"}]},{\"@type\":\"WebSite\",\"@id\":\"https:\/\/mhcalculos.com.br\/noticias\/#website\",\"url\":\"https:\/\/mhcalculos.com.br\/noticias\/\",\"name\":\"Portal de Not\u00edcias\",\"description\":\"Not\u00edcias e Jurisprud\u00eancia\",\"potentialAction\":[{\"@type\":\"SearchAction\",\"target\":{\"@type\":\"EntryPoint\",\"urlTemplate\":\"https:\/\/mhcalculos.com.br\/noticias\/?s={search_term_string}\"},\"query-input\":{\"@type\":\"PropertyValueSpecification\",\"valueRequired\":true,\"valueName\":\"search_term_string\"}}],\"inLanguage\":\"pt-BR\"},{\"@type\":\"Person\",\"@id\":\"https:\/\/mhcalculos.com.br\/noticias\/#\/schema\/person\/88d1c34bf72dc779ea14a5a6b8e0ae8d\",\"name\":\"Equipe MH\",\"image\":{\"@type\":\"ImageObject\",\"inLanguage\":\"pt-BR\",\"@id\":\"https:\/\/secure.gravatar.com\/avatar\/de1c686c2ecc9c5a3f327e3431d819eb39f8f05d4e1045f5a1caad6daaba987f?s=96&d=mm&r=g\",\"url\":\"https:\/\/secure.gravatar.com\/avatar\/de1c686c2ecc9c5a3f327e3431d819eb39f8f05d4e1045f5a1caad6daaba987f?s=96&d=mm&r=g\",\"contentUrl\":\"https:\/\/secure.gravatar.com\/avatar\/de1c686c2ecc9c5a3f327e3431d819eb39f8f05d4e1045f5a1caad6daaba987f?s=96&d=mm&r=g\",\"caption\":\"Equipe MH\"}}]}<\/script>\n<!-- \/ Yoast SEO plugin. -->","yoast_head_json":{"title":"TRF4: Justi\u00e7a Federal da 4\u00aa Regi\u00e3o inicia a XVI Semana Nacional de Concilia\u00e7\u00e3o (08\/11\/2021) | Portal de Not\u00edcias","robots":{"index":"index","follow":"follow","max-snippet":"max-snippet:-1","max-image-preview":"max-image-preview:large","max-video-preview":"max-video-preview:-1"},"canonical":"https:\/\/mhcalculos.com.br\/noticias\/area\/previdenciario\/trf4-justica-federal-da-4a-regiao-inicia-a-xvi-semana-nacional-de-conciliacao-08-11-2021.html","og_locale":"pt_BR","og_type":"article","og_title":"TRF4: Justi\u00e7a Federal da 4\u00aa Regi\u00e3o inicia a XVI Semana Nacional de Concilia\u00e7\u00e3o (08\/11\/2021) | Portal de Not\u00edcias","og_description":"Em encontro inaugural da XVI Semana Nacional de Concilia\u00e7\u00e3o realizada hoje pela manh\u00e3, a Justi\u00e7a Federal da 4\u00aa Regi\u00e3o reuniu magistrados e servidores de todas as Se\u00e7\u00f5es Judici\u00e1rias para exporem as atividades que ser\u00e3o desenvolvidas durante a campanha. O evento \u00e9 impulsionado anualmente pelo Conselho Nacional de Justi\u00e7a (CNJ) e neste ano vai ocorrer entre [&hellip;]","og_url":"https:\/\/mhcalculos.com.br\/noticias\/area\/previdenciario\/trf4-justica-federal-da-4a-regiao-inicia-a-xvi-semana-nacional-de-conciliacao-08-11-2021.html","og_site_name":"Portal de Not\u00edcias","article_published_time":"2021-11-09T19:05:13+00:00","og_image":[{"width":1100,"height":648,"url":"https:\/\/mhcalculos.com.br\/noticias\/wp-content\/uploads\/sites\/2\/2021\/11\/mrc88_imagem-conciliacao-1-1-.jpg","type":"image\/jpeg"}],"author":"Equipe MH","twitter_card":"summary_large_image","twitter_misc":{"Escrito por":"Equipe MH","Est. tempo de leitura":"7 minutos"},"schema":{"@context":"https:\/\/schema.org","@graph":[{"@type":"Article","@id":"https:\/\/mhcalculos.com.br\/noticias\/area\/previdenciario\/trf4-justica-federal-da-4a-regiao-inicia-a-xvi-semana-nacional-de-conciliacao-08-11-2021.html#article","isPartOf":{"@id":"https:\/\/mhcalculos.com.br\/noticias\/area\/previdenciario\/trf4-justica-federal-da-4a-regiao-inicia-a-xvi-semana-nacional-de-conciliacao-08-11-2021.html"},"author":{"name":"Equipe MH","@id":"https:\/\/mhcalculos.com.br\/noticias\/#\/schema\/person\/88d1c34bf72dc779ea14a5a6b8e0ae8d"},"headline":"TRF4: Justi\u00e7a Federal da 4\u00aa Regi\u00e3o inicia a XVI Semana Nacional de Concilia\u00e7\u00e3o (08\/11\/2021)","datePublished":"2021-11-09T19:05:13+00:00","mainEntityOfPage":{"@id":"https:\/\/mhcalculos.com.br\/noticias\/area\/previdenciario\/trf4-justica-federal-da-4a-regiao-inicia-a-xvi-semana-nacional-de-conciliacao-08-11-2021.html"},"wordCount":1390,"commentCount":0,"image":{"@id":"https:\/\/mhcalculos.com.br\/noticias\/area\/previdenciario\/trf4-justica-federal-da-4a-regiao-inicia-a-xvi-semana-nacional-de-conciliacao-08-11-2021.html#primaryimage"},"thumbnailUrl":"https:\/\/mhcalculos.com.br\/noticias\/wp-content\/uploads\/sites\/2\/2021\/11\/mrc88_imagem-conciliacao-1-1-.jpg","keywords":["aposentadoria","c\u00e1lculos previdenci\u00e1rios","direito previdenci\u00e1rio","inss","per\u00edcia","perito","trf4"],"articleSection":["Direito Previdenci\u00e1rio","TRF4"],"inLanguage":"pt-BR","potentialAction":[{"@type":"CommentAction","name":"Comment","target":["https:\/\/mhcalculos.com.br\/noticias\/area\/previdenciario\/trf4-justica-federal-da-4a-regiao-inicia-a-xvi-semana-nacional-de-conciliacao-08-11-2021.html#respond"]}]},{"@type":"WebPage","@id":"https:\/\/mhcalculos.com.br\/noticias\/area\/previdenciario\/trf4-justica-federal-da-4a-regiao-inicia-a-xvi-semana-nacional-de-conciliacao-08-11-2021.html","url":"https:\/\/mhcalculos.com.br\/noticias\/area\/previdenciario\/trf4-justica-federal-da-4a-regiao-inicia-a-xvi-semana-nacional-de-conciliacao-08-11-2021.html","name":"TRF4: Justi\u00e7a Federal da 4\u00aa Regi\u00e3o inicia a XVI Semana Nacional de Concilia\u00e7\u00e3o (08\/11\/2021) | Portal de Not\u00edcias","isPartOf":{"@id":"https:\/\/mhcalculos.com.br\/noticias\/#website"},"primaryImageOfPage":{"@id":"https:\/\/mhcalculos.com.br\/noticias\/area\/previdenciario\/trf4-justica-federal-da-4a-regiao-inicia-a-xvi-semana-nacional-de-conciliacao-08-11-2021.html#primaryimage"},"image":{"@id":"https:\/\/mhcalculos.com.br\/noticias\/area\/previdenciario\/trf4-justica-federal-da-4a-regiao-inicia-a-xvi-semana-nacional-de-conciliacao-08-11-2021.html#primaryimage"},"thumbnailUrl":"https:\/\/mhcalculos.com.br\/noticias\/wp-content\/uploads\/sites\/2\/2021\/11\/mrc88_imagem-conciliacao-1-1-.jpg","datePublished":"2021-11-09T19:05:13+00:00","author":{"@id":"https:\/\/mhcalculos.com.br\/noticias\/#\/schema\/person\/88d1c34bf72dc779ea14a5a6b8e0ae8d"},"breadcrumb":{"@id":"https:\/\/mhcalculos.com.br\/noticias\/area\/previdenciario\/trf4-justica-federal-da-4a-regiao-inicia-a-xvi-semana-nacional-de-conciliacao-08-11-2021.html#breadcrumb"},"inLanguage":"pt-BR","potentialAction":[{"@type":"ReadAction","target":["https:\/\/mhcalculos.com.br\/noticias\/area\/previdenciario\/trf4-justica-federal-da-4a-regiao-inicia-a-xvi-semana-nacional-de-conciliacao-08-11-2021.html"]}]},{"@type":"ImageObject","inLanguage":"pt-BR","@id":"https:\/\/mhcalculos.com.br\/noticias\/area\/previdenciario\/trf4-justica-federal-da-4a-regiao-inicia-a-xvi-semana-nacional-de-conciliacao-08-11-2021.html#primaryimage","url":"https:\/\/mhcalculos.com.br\/noticias\/wp-content\/uploads\/sites\/2\/2021\/11\/mrc88_imagem-conciliacao-1-1-.jpg","contentUrl":"https:\/\/mhcalculos.com.br\/noticias\/wp-content\/uploads\/sites\/2\/2021\/11\/mrc88_imagem-conciliacao-1-1-.jpg","width":1100,"height":648},{"@type":"BreadcrumbList","@id":"https:\/\/mhcalculos.com.br\/noticias\/area\/previdenciario\/trf4-justica-federal-da-4a-regiao-inicia-a-xvi-semana-nacional-de-conciliacao-08-11-2021.html#breadcrumb","itemListElement":[{"@type":"ListItem","position":1,"name":"In\u00edcio","item":"https:\/\/mhcalculos.com.br\/noticias\/"},{"@type":"ListItem","position":2,"name":"TRF4: Justi\u00e7a Federal da 4\u00aa Regi\u00e3o inicia a XVI Semana Nacional de Concilia\u00e7\u00e3o (08\/11\/2021)"}]},{"@type":"WebSite","@id":"https:\/\/mhcalculos.com.br\/noticias\/#website","url":"https:\/\/mhcalculos.com.br\/noticias\/","name":"Portal de Not\u00edcias","description":"Not\u00edcias e Jurisprud\u00eancia","potentialAction":[{"@type":"SearchAction","target":{"@type":"EntryPoint","urlTemplate":"https:\/\/mhcalculos.com.br\/noticias\/?s={search_term_string}"},"query-input":{"@type":"PropertyValueSpecification","valueRequired":true,"valueName":"search_term_string"}}],"inLanguage":"pt-BR"},{"@type":"Person","@id":"https:\/\/mhcalculos.com.br\/noticias\/#\/schema\/person\/88d1c34bf72dc779ea14a5a6b8e0ae8d","name":"Equipe MH","image":{"@type":"ImageObject","inLanguage":"pt-BR","@id":"https:\/\/secure.gravatar.com\/avatar\/de1c686c2ecc9c5a3f327e3431d819eb39f8f05d4e1045f5a1caad6daaba987f?s=96&d=mm&r=g","url":"https:\/\/secure.gravatar.com\/avatar\/de1c686c2ecc9c5a3f327e3431d819eb39f8f05d4e1045f5a1caad6daaba987f?s=96&d=mm&r=g","contentUrl":"https:\/\/secure.gravatar.com\/avatar\/de1c686c2ecc9c5a3f327e3431d819eb39f8f05d4e1045f5a1caad6daaba987f?s=96&d=mm&r=g","caption":"Equipe MH"}}]}},"_links":{"self":[{"href":"https:\/\/mhcalculos.com.br\/noticias\/wp-json\/wp\/v2\/posts\/10720","targetHints":{"allow":["GET"]}}],"collection":[{"href":"https:\/\/mhcalculos.com.br\/noticias\/wp-json\/wp\/v2\/posts"}],"about":[{"href":"https:\/\/mhcalculos.com.br\/noticias\/wp-json\/wp\/v2\/types\/post"}],"author":[{"embeddable":true,"href":"https:\/\/mhcalculos.com.br\/noticias\/wp-json\/wp\/v2\/users\/3063"}],"replies":[{"embeddable":true,"href":"https:\/\/mhcalculos.com.br\/noticias\/wp-json\/wp\/v2\/comments?post=10720"}],"version-history":[{"count":0,"href":"https:\/\/mhcalculos.com.br\/noticias\/wp-json\/wp\/v2\/posts\/10720\/revisions"}],"wp:featuredmedia":[{"embeddable":true,"href":"https:\/\/mhcalculos.com.br\/noticias\/wp-json\/wp\/v2\/media\/10721"}],"wp:attachment":[{"href":"https:\/\/mhcalculos.com.br\/noticias\/wp-json\/wp\/v2\/media?parent=10720"}],"wp:term":[{"taxonomy":"category","embeddable":true,"href":"https:\/\/mhcalculos.com.br\/noticias\/wp-json\/wp\/v2\/categories?post=10720"},{"taxonomy":"post_tag","embeddable":true,"href":"https:\/\/mhcalculos.com.br\/noticias\/wp-json\/wp\/v2\/tags?post=10720"}],"curies":[{"name":"wp","href":"https:\/\/api.w.org\/{rel}","templated":true}]}}