{"id":10703,"date":"2021-10-25T14:49:00","date_gmt":"2021-10-25T17:49:00","guid":{"rendered":"https:\/\/mhcalculos.com.br\/noticias\/area\/trabalhista\/tst-tribunal-define-lista-triplice-para-vaga-de-ministro-e-indica-nomes-para-o-cnj.html"},"modified":"2021-10-25T14:49:00","modified_gmt":"2021-10-25T17:49:00","slug":"tst-tribunal-define-lista-triplice-para-vaga-de-ministro-e-indica-nomes-para-o-cnj","status":"publish","type":"post","link":"https:\/\/mhcalculos.com.br\/noticias\/area\/trabalhista\/tst-tribunal-define-lista-triplice-para-vaga-de-ministro-e-indica-nomes-para-o-cnj.html","title":{"rendered":"TST: Tribunal&nbsp;define lista tr\u00edplice para vaga de ministro e indica nomes para o CNJ"},"content":{"rendered":"<p><br \/>\n<\/p>\n<p><em><\/p>\n<p>A desembargadora Morgana Richa e os desembargadores S\u00e9rgio Pinto Martins e Paulo R\u00e9gis Machado Botelho comp\u00f5em a lista.<\/p>\n<p><\/em><\/p>\n<p>        <a class=\"share-facebook\" href=\"https:\/\/www.facebook.com\/sharer.php?u=http:\/\/www.tst.jus.br\/-\/tst-define-lista-tr%C3%ADplice-para-vaga-de-ministro-e-indica-nomes-para-o-cnj\" target=\"_blank\" rel=\"noopener\"><\/a><br \/>\n        <a class=\"share-twitter\" href=\"http:\/\/twitter.com\/intent\/tweet?text=TST define lista tr\u00edplice para vaga de ministro e indica nomes para o CNJ%0AVeja%20mais%20em:&amp;url=http:\/\/www.tst.jus.br\/-\/tst-define-lista-tr%C3%ADplice-para-vaga-de-ministro-e-indica-nomes-para-o-cnj\" target=\"_blank\" rel=\"noopener\"><\/a><br \/>\n        <a class=\"share-linkedin\" href=\"https:\/\/www.linkedin.com\/shareArticle?mini=true&amp;url=http:\/\/www.tst.jus.br\/-\/tst-define-lista-tr%C3%ADplice-para-vaga-de-ministro-e-indica-nomes-para-o-cnj&amp;title=TST define lista tr\u00edplice para vaga de ministro e indica nomes para o CNJ\" target=\"_blank\" rel=\"noopener\"><\/a><br \/>\n        <a class=\"share-whatsapp\" href=\"https:\/\/web.whatsapp.com\/send?text=http:\/\/www.tst.jus.br\/-\/tst-define-lista-tr%C3%ADplice-para-vaga-de-ministro-e-indica-nomes-para-o-cnj\" target=\"_blank\" rel=\"noopener\"><\/a><br \/>\n        <a class=\"share-googleplus\" href=\"https:\/\/plus.google.com\/share?url=http:\/\/www.tst.jus.br\/-\/tst-define-lista-tr%C3%ADplice-para-vaga-de-ministro-e-indica-nomes-para-o-cnj\" target=\"_blank\" rel=\"noopener\"><\/a><\/p>\n<p>                <\/p>\n<p>Fachada do edif\u00edcio-sede do TST<\/p>\n<p>                    <a class=\"share-facebook\" href=\"https:\/\/www.facebook.com\/sharer.php?u=http:\/\/www.tst.jus.br\/-\/tst-define-lista-tr%C3%ADplice-para-vaga-de-ministro-e-indica-nomes-para-o-cnj\" target=\"_blank\" rel=\"noopener\"><\/a><br \/>\n                    <a class=\"share-twitter\" href=\"http:\/\/twitter.com\/intent\/tweet?text=TST define lista tr\u00edplice para vaga de ministro e indica nomes para o CNJ%0AVeja%20mais%20em:&amp;url=http:\/\/www.tst.jus.br\/-\/tst-define-lista-tr%C3%ADplice-para-vaga-de-ministro-e-indica-nomes-para-o-cnj\" target=\"_blank\" rel=\"noopener\"><\/a><br \/>\n                    <a class=\"share-linkedin\" href=\"https:\/\/www.linkedin.com\/shareArticle?mini=true&amp;url=http:\/\/www.tst.jus.br\/-\/tst-define-lista-tr%C3%ADplice-para-vaga-de-ministro-e-indica-nomes-para-o-cnj&amp;title=TST define lista tr\u00edplice para vaga de ministro e indica nomes para o CNJ\" target=\"_blank\" rel=\"noopener\"><\/a><br \/>\n                    <a class=\"share-whatsapp\" href=\"https:\/\/web.whatsapp.com\/send?text=http:\/\/www.tst.jus.br\/-\/tst-define-lista-tr%C3%ADplice-para-vaga-de-ministro-e-indica-nomes-para-o-cnj\" target=\"_blank\" rel=\"noopener\"><\/a><br \/>\n                    <a class=\"share-googleplus\" href=\"https:\/\/plus.google.com\/share?url=http:\/\/www.tst.jus.br\/-\/tst-define-lista-tr%C3%ADplice-para-vaga-de-ministro-e-indica-nomes-para-o-cnj\" target=\"_blank\" rel=\"noopener\"><\/a><\/p>\n<p>25\/10\/21 &#8211; O Pleno do Tribunal Superior do Trabalho escolheu, nesta segunda-feira (25), em vota\u00e7\u00e3o por escrut\u00ednio secreto, os nomes dos desembargadores que v\u00e3o compor a lista tr\u00edplice para preenchimento de vaga de ministro destinada \u00e0 magistratura de carreira decorrente do falecimento do ministro Walmir Oliveira da Costa.&nbsp;<\/p>\n<p>Os nomes escolhidos foram o da desembargadora Morgana Richa, do TRT da 9\u00aa Regi\u00e3o (PR), e dos desembargadores S\u00e9rgio Pinto Martins, do TRT da 2\u00aa Regi\u00e3o (SP), e Paulo R\u00e9gis Machado Botelho, do TRT da 7\u00aa Regi\u00e3o (CE).<\/p>\n<p>Em setembro, a Presid\u00eancia do TST recebeu a inscri\u00e7\u00e3o de 16 candidatos \u00e0 vaga, destinada a desembargador de TRT.&nbsp;A lista com os tr\u00eas nomes segue para aprecia\u00e7\u00e3o do&nbsp;presidente da Rep\u00fablica, a quem caber\u00e1 escolher um deles.&nbsp;<\/p>\n<p><img decoding=\"async\" data-fileentryid=\"27710317\" data-src=\"\/documents\/10157\/2374827\/Lista+triplice.jpg\/cf376ec7-f63c-c0e9-abb8-8c4d3e527f82?t=1635197007875&amp;imagePreview=1\" src=\"data:image\/svg+xml;base64,PHN2ZyB3aWR0aD0iMSIgaGVpZ2h0PSIxIiB4bWxucz0iaHR0cDovL3d3dy53My5vcmcvMjAwMC9zdmciPjwvc3ZnPg==\" class=\"lazyload\" \/><\/p>\n<h4>Curr\u00edculos<\/h4>\n<p>A <strong>desembargadora Morgana de Almeida Richa<\/strong> assumiu o cargo de ju\u00edza substituta do TRT da 9\u00aa Regi\u00e3o (PR) em julho de 1992. Em setembro de 1994, foi promovida a ju\u00edza titular de Vara, posi\u00e7\u00e3o que ocupou at\u00e9 sua promo\u00e7\u00e3o a desembargadora do Tribunal, em novembro de 2019. Foi, ainda, conselheira do Conselho Nacional de Justi\u00e7a (2009\/2011).<\/p>\n<p>O <strong>desembargador S\u00e9rgio Pinto Martins<\/strong> tomou posse como juiz substituto no TRT da 2\u00aa Regi\u00e3o (SP) em 1990 e, em 1994, foi promovido, por merecimento, ao cargo de juiz titular. Em 2007, foi promovido, tamb\u00e9m por merecimento, ao cargo de desembargador do TRT da 2\u00aa Regi\u00e3o, onde dirigiu a Escola Judicial e, desde outubro de 2020, exerce o cargo de corregedor regional.<\/p>\n<p>O <strong>desembargador Paulo R\u00e9gis Machado Botelho<\/strong> ingressou na Justi\u00e7a do Trabalho em 1993, como juiz substituto do TRT da 6\u00aa Regi\u00e3o (PE), onde permaneceu at\u00e9 1994, quando retornou ao Cear\u00e1 ap\u00f3s se submeter a novo concurso para a magistratura e se integrar, de forma definitiva, ao TRT da 7\u00aa Regi\u00e3o (CE). Foi promovido a desembargador em dezembro de 2018.<\/p>\n<h4>CNJ<\/h4>\n<p>Na mesma sess\u00e3o, o Pleno elegeu os nomes da desembargadora Jane Granzoto, do TRT da 2\u00aa Regi\u00e3o (SP), e do juiz Roberto da Silva Fragale&nbsp;Filho para compor o Conselho Nacional de Justi\u00e7a (CNJ) no bi\u00eanio 2021\/2023, nas vagas destinadas a magistrados de segundo e primeiro graus da Justi\u00e7a do Trabalho. &nbsp;As indica\u00e7\u00f5es devem ser aprovadas pelo plen\u00e1rio do Senado Federal, ap\u00f3s sabatina pela&nbsp;Comiss\u00e3o de Constitui\u00e7\u00e3o e Justi\u00e7a.<\/p>\n<p>A <strong>desembargadora Jane Granzoto Torres da Silva<\/strong> ingressou na magistratura em 1990, como ju\u00edza do trabalho substituta, e, em 1993, foi promovida, por merecimento, a ju\u00edza presidente da 14\u00aa Vara do Trabalho de S\u00e3o Paulo. Em 2004, foi promovida ao cargo de desembargadora e, de 2016 a 2018, foi corregedora regional. Ela atuou como convocada no TST de maio de 2014 a dezembro de 2015.<\/p>\n<p>O <strong>juiz do trabalho Roberto da Silva Fragale Filho <\/strong>\u00e9 juiz titular da 1\u00aa Vara do Trabalho de S\u00e3o Jo\u00e3o de Meriti (RJ), atuando como juiz auxiliar da Escola Judicial do TRT da 1\u00aa Regi\u00e3o (RJ) desde mar\u00e7o de 2015.&nbsp;<\/p>\n<p>(Secom\/TST)<\/p>\n<p>\n&nbsp;<\/p>\n<p>    $(&#8216;#lightbox-cgjc_ .slider-gallery-wrapper img&#8217;).hover(<br \/>\n    function() {<br \/>\n        const $text=$($($(this).parent()).next());<br \/>\n        $text.hasClass(&#8216;inside-description&#8217;) &amp;&amp; $text.fadeTo( &#8220;slow&#8221; , 0);<br \/>\n    }, function() {<br \/>\n        const $text=$($($(this).parent()).next());<br \/>\n        $text.hasClass(&#8216;inside-description&#8217;) &amp;&amp; $text.fadeTo( &#8220;slow&#8221; , 1);<br \/>\n    }<br \/>\n    );<br \/>\n    $(document).ready(function() {<br \/>\n        var cgjc_autoplaying=false;<br \/>\n        var cgjc_showingLightbox=false;<br \/>\n        const cgjc_playPauseControllers=&#8221;#slider-cgjc_-playpause, #slider-cgjc_-lightbox-playpause&#8221;;<br \/>\n        $(&#8220;#slider-cgjc_&#8221;).slick({<br \/>\n            slidesToShow: 1,<br \/>\n            slidesToScroll: 1,<br \/>\n            autoplay: cgjc_autoplaying,<br \/>\n            swipeToSlide: false,<br \/>\n            centerMode: false,<br \/>\n            autoplaySpeed: 3000,<br \/>\n            focusOnSelect: true,<br \/>\n            prevArrow:<br \/>\n            &#8221;,<br \/>\n            nextArrow:<br \/>\n            &#8221;,<br \/>\n            centerPadding: &#8220;60px&#8221;,<br \/>\n            responsive: [<br \/>\n                {<br \/>\n                    breakpoint: 767.98,<br \/>\n                    settings: {<br \/>\n                        slidesToShow: 3,<br \/>\n                        adaptiveHeight: true<br \/>\n                    }<br \/>\n                }<br \/>\n            ]<br \/>\n        });<br \/>\n        $(&#8220;#slider-cgjc_&#8221;).slickLightbox({<br \/>\n            src: &#8216;src&#8217;,<br \/>\n            itemSelector: &#8216;.galery-image .multimidia-wrapper img&#8217;,<br \/>\n            caption:&#8217;caption&#8217;<br \/>\n        });<br \/>\n    });<br \/>\n<script async src=\"https:\/\/platform.twitter.com\/widgets.js\" charset=\"utf-8\"><\/script><br \/>\n<br \/><i>Com informa\u00e7\u00f5es da assessoria de imprensa do TST.<\/i><br \/>\n<br \/><a href=\"http:\/\/www.tst.jus.br\/web\/guest\/noticias?p_p_id=89Dk&#038;p_p_lifecycle=0&#038;refererPlid=10730&#038;_89Dk_groupId=10157&#038;_89Dk_articleId=27709840\">Fonte<\/a><br \/>\n<br \/><\/p>\n","protected":false},"excerpt":{"rendered":"<p>A desembargadora Morgana Richa e os desembargadores S\u00e9rgio Pinto Martins e Paulo R\u00e9gis Machado Botelho comp\u00f5em a lista. Fachada do edif\u00edcio-sede do TST 25\/10\/21 &#8211; O Pleno do Tribunal Superior do Trabalho escolheu, nesta segunda-feira (25), em vota\u00e7\u00e3o por escrut\u00ednio secreto, os nomes dos desembargadores que v\u00e3o compor a lista tr\u00edplice para preenchimento de vaga [&hellip;]<\/p>\n","protected":false},"author":3063,"featured_media":1578,"comment_status":"open","ping_status":"open","sticky":false,"template":"","format":"standard","meta":{"footnotes":""},"categories":[3,21],"tags":[33,216,9,12,217,215],"class_list":{"0":"post-10703","1":"post","2":"type-post","3":"status-publish","4":"format-standard","5":"has-post-thumbnail","7":"category-trabalhista","8":"category-tst","9":"tag-calculos-trabalhistas","10":"tag-direito-trabalhista","11":"tag-pericia","12":"tag-perito","13":"tag-trabalho","14":"tag-tst"},"yoast_head":"<!-- This site is optimized with the Yoast SEO plugin v27.2 - https:\/\/yoast.com\/product\/yoast-seo-wordpress\/ -->\n<title>TST: Tribunal&nbsp;define lista tr\u00edplice para vaga de ministro e indica nomes para o CNJ | Portal de Not\u00edcias<\/title>\n<meta name=\"robots\" content=\"index, follow, max-snippet:-1, max-image-preview:large, max-video-preview:-1\" \/>\n<link rel=\"canonical\" href=\"https:\/\/mhcalculos.com.br\/noticias\/area\/trabalhista\/tst-tribunal-define-lista-triplice-para-vaga-de-ministro-e-indica-nomes-para-o-cnj.html\" \/>\n<meta property=\"og:locale\" content=\"pt_BR\" \/>\n<meta property=\"og:type\" content=\"article\" \/>\n<meta property=\"og:title\" content=\"TST: Tribunal&nbsp;define lista tr\u00edplice para vaga de ministro e indica nomes para o CNJ | Portal de Not\u00edcias\" \/>\n<meta property=\"og:description\" content=\"A desembargadora Morgana Richa e os desembargadores S\u00e9rgio Pinto Martins e Paulo R\u00e9gis Machado Botelho comp\u00f5em a lista. Fachada do edif\u00edcio-sede do TST 25\/10\/21 &#8211; O Pleno do Tribunal Superior do Trabalho escolheu, nesta segunda-feira (25), em vota\u00e7\u00e3o por escrut\u00ednio secreto, os nomes dos desembargadores que v\u00e3o compor a lista tr\u00edplice para preenchimento de vaga [&hellip;]\" \/>\n<meta property=\"og:url\" content=\"https:\/\/mhcalculos.com.br\/noticias\/area\/trabalhista\/tst-tribunal-define-lista-triplice-para-vaga-de-ministro-e-indica-nomes-para-o-cnj.html\" \/>\n<meta property=\"og:site_name\" content=\"Portal de Not\u00edcias\" \/>\n<meta property=\"article:published_time\" content=\"2021-10-25T17:49:00+00:00\" \/>\n<meta property=\"og:image\" content=\"https:\/\/mhcalculos.com.br\/noticias\/wp-content\/uploads\/sites\/2\/2018\/06\/trabalhista-0042.jpg\" \/>\n\t<meta property=\"og:image:width\" content=\"2000\" \/>\n\t<meta property=\"og:image:height\" content=\"800\" \/>\n\t<meta property=\"og:image:type\" content=\"image\/jpeg\" \/>\n<meta name=\"author\" content=\"Equipe MH\" \/>\n<meta name=\"twitter:card\" content=\"summary_large_image\" \/>\n<meta name=\"twitter:label1\" content=\"Escrito por\" \/>\n\t<meta name=\"twitter:data1\" content=\"Equipe MH\" \/>\n\t<meta name=\"twitter:label2\" content=\"Est. tempo de leitura\" \/>\n\t<meta name=\"twitter:data2\" content=\"3 minutos\" \/>\n<script type=\"application\/ld+json\" class=\"yoast-schema-graph\">{\"@context\":\"https:\/\/schema.org\",\"@graph\":[{\"@type\":\"Article\",\"@id\":\"https:\/\/mhcalculos.com.br\/noticias\/area\/trabalhista\/tst-tribunal-define-lista-triplice-para-vaga-de-ministro-e-indica-nomes-para-o-cnj.html#article\",\"isPartOf\":{\"@id\":\"https:\/\/mhcalculos.com.br\/noticias\/area\/trabalhista\/tst-tribunal-define-lista-triplice-para-vaga-de-ministro-e-indica-nomes-para-o-cnj.html\"},\"author\":{\"name\":\"Equipe MH\",\"@id\":\"https:\/\/mhcalculos.com.br\/noticias\/#\/schema\/person\/88d1c34bf72dc779ea14a5a6b8e0ae8d\"},\"headline\":\"TST: Tribunal&nbsp;define lista tr\u00edplice para vaga de ministro e indica nomes para o CNJ\",\"datePublished\":\"2021-10-25T17:49:00+00:00\",\"mainEntityOfPage\":{\"@id\":\"https:\/\/mhcalculos.com.br\/noticias\/area\/trabalhista\/tst-tribunal-define-lista-triplice-para-vaga-de-ministro-e-indica-nomes-para-o-cnj.html\"},\"wordCount\":638,\"commentCount\":0,\"image\":{\"@id\":\"https:\/\/mhcalculos.com.br\/noticias\/area\/trabalhista\/tst-tribunal-define-lista-triplice-para-vaga-de-ministro-e-indica-nomes-para-o-cnj.html#primaryimage\"},\"thumbnailUrl\":\"https:\/\/mhcalculos.com.br\/noticias\/wp-content\/uploads\/sites\/2\/2018\/06\/trabalhista-0042.jpg\",\"keywords\":[\"c\u00e1lculos trabalhistas\",\"direito trabalhista\",\"per\u00edcia\",\"perito\",\"trabalho\",\"TST\"],\"articleSection\":[\"Direito Trabalhista\",\"TST\"],\"inLanguage\":\"pt-BR\",\"potentialAction\":[{\"@type\":\"CommentAction\",\"name\":\"Comment\",\"target\":[\"https:\/\/mhcalculos.com.br\/noticias\/area\/trabalhista\/tst-tribunal-define-lista-triplice-para-vaga-de-ministro-e-indica-nomes-para-o-cnj.html#respond\"]}]},{\"@type\":\"WebPage\",\"@id\":\"https:\/\/mhcalculos.com.br\/noticias\/area\/trabalhista\/tst-tribunal-define-lista-triplice-para-vaga-de-ministro-e-indica-nomes-para-o-cnj.html\",\"url\":\"https:\/\/mhcalculos.com.br\/noticias\/area\/trabalhista\/tst-tribunal-define-lista-triplice-para-vaga-de-ministro-e-indica-nomes-para-o-cnj.html\",\"name\":\"TST: Tribunal&nbsp;define lista tr\u00edplice para vaga de ministro e indica nomes para o CNJ | Portal de Not\u00edcias\",\"isPartOf\":{\"@id\":\"https:\/\/mhcalculos.com.br\/noticias\/#website\"},\"primaryImageOfPage\":{\"@id\":\"https:\/\/mhcalculos.com.br\/noticias\/area\/trabalhista\/tst-tribunal-define-lista-triplice-para-vaga-de-ministro-e-indica-nomes-para-o-cnj.html#primaryimage\"},\"image\":{\"@id\":\"https:\/\/mhcalculos.com.br\/noticias\/area\/trabalhista\/tst-tribunal-define-lista-triplice-para-vaga-de-ministro-e-indica-nomes-para-o-cnj.html#primaryimage\"},\"thumbnailUrl\":\"https:\/\/mhcalculos.com.br\/noticias\/wp-content\/uploads\/sites\/2\/2018\/06\/trabalhista-0042.jpg\",\"datePublished\":\"2021-10-25T17:49:00+00:00\",\"author\":{\"@id\":\"https:\/\/mhcalculos.com.br\/noticias\/#\/schema\/person\/88d1c34bf72dc779ea14a5a6b8e0ae8d\"},\"breadcrumb\":{\"@id\":\"https:\/\/mhcalculos.com.br\/noticias\/area\/trabalhista\/tst-tribunal-define-lista-triplice-para-vaga-de-ministro-e-indica-nomes-para-o-cnj.html#breadcrumb\"},\"inLanguage\":\"pt-BR\",\"potentialAction\":[{\"@type\":\"ReadAction\",\"target\":[\"https:\/\/mhcalculos.com.br\/noticias\/area\/trabalhista\/tst-tribunal-define-lista-triplice-para-vaga-de-ministro-e-indica-nomes-para-o-cnj.html\"]}]},{\"@type\":\"ImageObject\",\"inLanguage\":\"pt-BR\",\"@id\":\"https:\/\/mhcalculos.com.br\/noticias\/area\/trabalhista\/tst-tribunal-define-lista-triplice-para-vaga-de-ministro-e-indica-nomes-para-o-cnj.html#primaryimage\",\"url\":\"https:\/\/mhcalculos.com.br\/noticias\/wp-content\/uploads\/sites\/2\/2018\/06\/trabalhista-0042.jpg\",\"contentUrl\":\"https:\/\/mhcalculos.com.br\/noticias\/wp-content\/uploads\/sites\/2\/2018\/06\/trabalhista-0042.jpg\",\"width\":2000,\"height\":800},{\"@type\":\"BreadcrumbList\",\"@id\":\"https:\/\/mhcalculos.com.br\/noticias\/area\/trabalhista\/tst-tribunal-define-lista-triplice-para-vaga-de-ministro-e-indica-nomes-para-o-cnj.html#breadcrumb\",\"itemListElement\":[{\"@type\":\"ListItem\",\"position\":1,\"name\":\"In\u00edcio\",\"item\":\"https:\/\/mhcalculos.com.br\/noticias\/\"},{\"@type\":\"ListItem\",\"position\":2,\"name\":\"TST: Tribunal&nbsp;define lista tr\u00edplice para vaga de ministro e indica nomes para o CNJ\"}]},{\"@type\":\"WebSite\",\"@id\":\"https:\/\/mhcalculos.com.br\/noticias\/#website\",\"url\":\"https:\/\/mhcalculos.com.br\/noticias\/\",\"name\":\"Portal de Not\u00edcias\",\"description\":\"Not\u00edcias e Jurisprud\u00eancia\",\"potentialAction\":[{\"@type\":\"SearchAction\",\"target\":{\"@type\":\"EntryPoint\",\"urlTemplate\":\"https:\/\/mhcalculos.com.br\/noticias\/?s={search_term_string}\"},\"query-input\":{\"@type\":\"PropertyValueSpecification\",\"valueRequired\":true,\"valueName\":\"search_term_string\"}}],\"inLanguage\":\"pt-BR\"},{\"@type\":\"Person\",\"@id\":\"https:\/\/mhcalculos.com.br\/noticias\/#\/schema\/person\/88d1c34bf72dc779ea14a5a6b8e0ae8d\",\"name\":\"Equipe MH\",\"image\":{\"@type\":\"ImageObject\",\"inLanguage\":\"pt-BR\",\"@id\":\"https:\/\/secure.gravatar.com\/avatar\/de1c686c2ecc9c5a3f327e3431d819eb39f8f05d4e1045f5a1caad6daaba987f?s=96&d=mm&r=g\",\"url\":\"https:\/\/secure.gravatar.com\/avatar\/de1c686c2ecc9c5a3f327e3431d819eb39f8f05d4e1045f5a1caad6daaba987f?s=96&d=mm&r=g\",\"contentUrl\":\"https:\/\/secure.gravatar.com\/avatar\/de1c686c2ecc9c5a3f327e3431d819eb39f8f05d4e1045f5a1caad6daaba987f?s=96&d=mm&r=g\",\"caption\":\"Equipe MH\"}}]}<\/script>\n<!-- \/ Yoast SEO plugin. -->","yoast_head_json":{"title":"TST: Tribunal&nbsp;define lista tr\u00edplice para vaga de ministro e indica nomes para o CNJ | Portal de Not\u00edcias","robots":{"index":"index","follow":"follow","max-snippet":"max-snippet:-1","max-image-preview":"max-image-preview:large","max-video-preview":"max-video-preview:-1"},"canonical":"https:\/\/mhcalculos.com.br\/noticias\/area\/trabalhista\/tst-tribunal-define-lista-triplice-para-vaga-de-ministro-e-indica-nomes-para-o-cnj.html","og_locale":"pt_BR","og_type":"article","og_title":"TST: Tribunal&nbsp;define lista tr\u00edplice para vaga de ministro e indica nomes para o CNJ | Portal de Not\u00edcias","og_description":"A desembargadora Morgana Richa e os desembargadores S\u00e9rgio Pinto Martins e Paulo R\u00e9gis Machado Botelho comp\u00f5em a lista. Fachada do edif\u00edcio-sede do TST 25\/10\/21 &#8211; O Pleno do Tribunal Superior do Trabalho escolheu, nesta segunda-feira (25), em vota\u00e7\u00e3o por escrut\u00ednio secreto, os nomes dos desembargadores que v\u00e3o compor a lista tr\u00edplice para preenchimento de vaga [&hellip;]","og_url":"https:\/\/mhcalculos.com.br\/noticias\/area\/trabalhista\/tst-tribunal-define-lista-triplice-para-vaga-de-ministro-e-indica-nomes-para-o-cnj.html","og_site_name":"Portal de Not\u00edcias","article_published_time":"2021-10-25T17:49:00+00:00","og_image":[{"width":2000,"height":800,"url":"https:\/\/mhcalculos.com.br\/noticias\/wp-content\/uploads\/sites\/2\/2018\/06\/trabalhista-0042.jpg","type":"image\/jpeg"}],"author":"Equipe MH","twitter_card":"summary_large_image","twitter_misc":{"Escrito por":"Equipe MH","Est. tempo de leitura":"3 minutos"},"schema":{"@context":"https:\/\/schema.org","@graph":[{"@type":"Article","@id":"https:\/\/mhcalculos.com.br\/noticias\/area\/trabalhista\/tst-tribunal-define-lista-triplice-para-vaga-de-ministro-e-indica-nomes-para-o-cnj.html#article","isPartOf":{"@id":"https:\/\/mhcalculos.com.br\/noticias\/area\/trabalhista\/tst-tribunal-define-lista-triplice-para-vaga-de-ministro-e-indica-nomes-para-o-cnj.html"},"author":{"name":"Equipe MH","@id":"https:\/\/mhcalculos.com.br\/noticias\/#\/schema\/person\/88d1c34bf72dc779ea14a5a6b8e0ae8d"},"headline":"TST: Tribunal&nbsp;define lista tr\u00edplice para vaga de ministro e indica nomes para o CNJ","datePublished":"2021-10-25T17:49:00+00:00","mainEntityOfPage":{"@id":"https:\/\/mhcalculos.com.br\/noticias\/area\/trabalhista\/tst-tribunal-define-lista-triplice-para-vaga-de-ministro-e-indica-nomes-para-o-cnj.html"},"wordCount":638,"commentCount":0,"image":{"@id":"https:\/\/mhcalculos.com.br\/noticias\/area\/trabalhista\/tst-tribunal-define-lista-triplice-para-vaga-de-ministro-e-indica-nomes-para-o-cnj.html#primaryimage"},"thumbnailUrl":"https:\/\/mhcalculos.com.br\/noticias\/wp-content\/uploads\/sites\/2\/2018\/06\/trabalhista-0042.jpg","keywords":["c\u00e1lculos trabalhistas","direito trabalhista","per\u00edcia","perito","trabalho","TST"],"articleSection":["Direito Trabalhista","TST"],"inLanguage":"pt-BR","potentialAction":[{"@type":"CommentAction","name":"Comment","target":["https:\/\/mhcalculos.com.br\/noticias\/area\/trabalhista\/tst-tribunal-define-lista-triplice-para-vaga-de-ministro-e-indica-nomes-para-o-cnj.html#respond"]}]},{"@type":"WebPage","@id":"https:\/\/mhcalculos.com.br\/noticias\/area\/trabalhista\/tst-tribunal-define-lista-triplice-para-vaga-de-ministro-e-indica-nomes-para-o-cnj.html","url":"https:\/\/mhcalculos.com.br\/noticias\/area\/trabalhista\/tst-tribunal-define-lista-triplice-para-vaga-de-ministro-e-indica-nomes-para-o-cnj.html","name":"TST: Tribunal&nbsp;define lista tr\u00edplice para vaga de ministro e indica nomes para o CNJ | Portal de Not\u00edcias","isPartOf":{"@id":"https:\/\/mhcalculos.com.br\/noticias\/#website"},"primaryImageOfPage":{"@id":"https:\/\/mhcalculos.com.br\/noticias\/area\/trabalhista\/tst-tribunal-define-lista-triplice-para-vaga-de-ministro-e-indica-nomes-para-o-cnj.html#primaryimage"},"image":{"@id":"https:\/\/mhcalculos.com.br\/noticias\/area\/trabalhista\/tst-tribunal-define-lista-triplice-para-vaga-de-ministro-e-indica-nomes-para-o-cnj.html#primaryimage"},"thumbnailUrl":"https:\/\/mhcalculos.com.br\/noticias\/wp-content\/uploads\/sites\/2\/2018\/06\/trabalhista-0042.jpg","datePublished":"2021-10-25T17:49:00+00:00","author":{"@id":"https:\/\/mhcalculos.com.br\/noticias\/#\/schema\/person\/88d1c34bf72dc779ea14a5a6b8e0ae8d"},"breadcrumb":{"@id":"https:\/\/mhcalculos.com.br\/noticias\/area\/trabalhista\/tst-tribunal-define-lista-triplice-para-vaga-de-ministro-e-indica-nomes-para-o-cnj.html#breadcrumb"},"inLanguage":"pt-BR","potentialAction":[{"@type":"ReadAction","target":["https:\/\/mhcalculos.com.br\/noticias\/area\/trabalhista\/tst-tribunal-define-lista-triplice-para-vaga-de-ministro-e-indica-nomes-para-o-cnj.html"]}]},{"@type":"ImageObject","inLanguage":"pt-BR","@id":"https:\/\/mhcalculos.com.br\/noticias\/area\/trabalhista\/tst-tribunal-define-lista-triplice-para-vaga-de-ministro-e-indica-nomes-para-o-cnj.html#primaryimage","url":"https:\/\/mhcalculos.com.br\/noticias\/wp-content\/uploads\/sites\/2\/2018\/06\/trabalhista-0042.jpg","contentUrl":"https:\/\/mhcalculos.com.br\/noticias\/wp-content\/uploads\/sites\/2\/2018\/06\/trabalhista-0042.jpg","width":2000,"height":800},{"@type":"BreadcrumbList","@id":"https:\/\/mhcalculos.com.br\/noticias\/area\/trabalhista\/tst-tribunal-define-lista-triplice-para-vaga-de-ministro-e-indica-nomes-para-o-cnj.html#breadcrumb","itemListElement":[{"@type":"ListItem","position":1,"name":"In\u00edcio","item":"https:\/\/mhcalculos.com.br\/noticias\/"},{"@type":"ListItem","position":2,"name":"TST: Tribunal&nbsp;define lista tr\u00edplice para vaga de ministro e indica nomes para o CNJ"}]},{"@type":"WebSite","@id":"https:\/\/mhcalculos.com.br\/noticias\/#website","url":"https:\/\/mhcalculos.com.br\/noticias\/","name":"Portal de Not\u00edcias","description":"Not\u00edcias e Jurisprud\u00eancia","potentialAction":[{"@type":"SearchAction","target":{"@type":"EntryPoint","urlTemplate":"https:\/\/mhcalculos.com.br\/noticias\/?s={search_term_string}"},"query-input":{"@type":"PropertyValueSpecification","valueRequired":true,"valueName":"search_term_string"}}],"inLanguage":"pt-BR"},{"@type":"Person","@id":"https:\/\/mhcalculos.com.br\/noticias\/#\/schema\/person\/88d1c34bf72dc779ea14a5a6b8e0ae8d","name":"Equipe MH","image":{"@type":"ImageObject","inLanguage":"pt-BR","@id":"https:\/\/secure.gravatar.com\/avatar\/de1c686c2ecc9c5a3f327e3431d819eb39f8f05d4e1045f5a1caad6daaba987f?s=96&d=mm&r=g","url":"https:\/\/secure.gravatar.com\/avatar\/de1c686c2ecc9c5a3f327e3431d819eb39f8f05d4e1045f5a1caad6daaba987f?s=96&d=mm&r=g","contentUrl":"https:\/\/secure.gravatar.com\/avatar\/de1c686c2ecc9c5a3f327e3431d819eb39f8f05d4e1045f5a1caad6daaba987f?s=96&d=mm&r=g","caption":"Equipe MH"}}]}},"_links":{"self":[{"href":"https:\/\/mhcalculos.com.br\/noticias\/wp-json\/wp\/v2\/posts\/10703","targetHints":{"allow":["GET"]}}],"collection":[{"href":"https:\/\/mhcalculos.com.br\/noticias\/wp-json\/wp\/v2\/posts"}],"about":[{"href":"https:\/\/mhcalculos.com.br\/noticias\/wp-json\/wp\/v2\/types\/post"}],"author":[{"embeddable":true,"href":"https:\/\/mhcalculos.com.br\/noticias\/wp-json\/wp\/v2\/users\/3063"}],"replies":[{"embeddable":true,"href":"https:\/\/mhcalculos.com.br\/noticias\/wp-json\/wp\/v2\/comments?post=10703"}],"version-history":[{"count":0,"href":"https:\/\/mhcalculos.com.br\/noticias\/wp-json\/wp\/v2\/posts\/10703\/revisions"}],"wp:featuredmedia":[{"embeddable":true,"href":"https:\/\/mhcalculos.com.br\/noticias\/wp-json\/wp\/v2\/media\/1578"}],"wp:attachment":[{"href":"https:\/\/mhcalculos.com.br\/noticias\/wp-json\/wp\/v2\/media?parent=10703"}],"wp:term":[{"taxonomy":"category","embeddable":true,"href":"https:\/\/mhcalculos.com.br\/noticias\/wp-json\/wp\/v2\/categories?post=10703"},{"taxonomy":"post_tag","embeddable":true,"href":"https:\/\/mhcalculos.com.br\/noticias\/wp-json\/wp\/v2\/tags?post=10703"}],"curies":[{"name":"wp","href":"https:\/\/api.w.org\/{rel}","templated":true}]}}