{"id":10700,"date":"2021-10-22T08:00:00","date_gmt":"2021-10-22T11:00:00","guid":{"rendered":"https:\/\/mhcalculos.com.br\/noticias\/area\/trabalhista\/tst-negada-indenizacao-a-bancario-que-alegava-ter-sido-proibido-de-aderir-a-greve.html"},"modified":"2021-10-22T08:00:00","modified_gmt":"2021-10-22T11:00:00","slug":"tst-negada-indenizacao-a-bancario-que-alegava-ter-sido-proibido-de-aderir-a-greve","status":"publish","type":"post","link":"https:\/\/mhcalculos.com.br\/noticias\/area\/trabalhista\/tst-negada-indenizacao-a-bancario-que-alegava-ter-sido-proibido-de-aderir-a-greve.html","title":{"rendered":"TST: Negada indeniza\u00e7\u00e3o a banc\u00e1rio que alegava ter sido proibido de aderir a greve"},"content":{"rendered":"<p><br \/>\n<\/p>\n<p><em><\/em><\/p>\n<p>        <a class=\"share-facebook\" href=\"https:\/\/www.facebook.com\/sharer.php?u=http:\/\/www.tst.jus.br\/-\/negada-indeniza%C3%A7%C3%A3o-a-banc%C3%A1rio-que-alegava-ter-sido-proibido-de-aderir-a-greve\" target=\"_blank\" rel=\"noopener\"><\/a><br \/>\n        <a class=\"share-twitter\" href=\"http:\/\/twitter.com\/intent\/tweet?text=Negada indeniza\u00e7\u00e3o a banc\u00e1rio que alegava ter sido proibido de aderir a greve%0AVeja%20mais%20em:&amp;url=http:\/\/www.tst.jus.br\/-\/negada-indeniza%C3%A7%C3%A3o-a-banc%C3%A1rio-que-alegava-ter-sido-proibido-de-aderir-a-greve\" target=\"_blank\" rel=\"noopener\"><\/a><br \/>\n        <a class=\"share-linkedin\" href=\"https:\/\/www.linkedin.com\/shareArticle?mini=true&amp;url=http:\/\/www.tst.jus.br\/-\/negada-indeniza%C3%A7%C3%A3o-a-banc%C3%A1rio-que-alegava-ter-sido-proibido-de-aderir-a-greve&amp;title=Negada indeniza\u00e7\u00e3o a banc\u00e1rio que alegava ter sido proibido de aderir a greve\" target=\"_blank\" rel=\"noopener\"><\/a><br \/>\n        <a class=\"share-whatsapp\" href=\"https:\/\/web.whatsapp.com\/send?text=http:\/\/www.tst.jus.br\/-\/negada-indeniza%C3%A7%C3%A3o-a-banc%C3%A1rio-que-alegava-ter-sido-proibido-de-aderir-a-greve\" target=\"_blank\" rel=\"noopener\"><\/a><br \/>\n        <a class=\"share-googleplus\" href=\"https:\/\/plus.google.com\/share?url=http:\/\/www.tst.jus.br\/-\/negada-indeniza%C3%A7%C3%A3o-a-banc%C3%A1rio-que-alegava-ter-sido-proibido-de-aderir-a-greve\" target=\"_blank\" rel=\"noopener\"><\/a><\/p>\n<p>                <\/p>\n<p>Cartazes de greve de banc\u00e1rios. Foto: Brayan Martins\/PMPA<\/p>\n<p>                    <a class=\"share-facebook\" href=\"https:\/\/www.facebook.com\/sharer.php?u=http:\/\/www.tst.jus.br\/-\/negada-indeniza%C3%A7%C3%A3o-a-banc%C3%A1rio-que-alegava-ter-sido-proibido-de-aderir-a-greve\" target=\"_blank\" rel=\"noopener\"><\/a><br \/>\n                    <a class=\"share-twitter\" href=\"http:\/\/twitter.com\/intent\/tweet?text=Negada indeniza\u00e7\u00e3o a banc\u00e1rio que alegava ter sido proibido de aderir a greve%0AVeja%20mais%20em:&amp;url=http:\/\/www.tst.jus.br\/-\/negada-indeniza%C3%A7%C3%A3o-a-banc%C3%A1rio-que-alegava-ter-sido-proibido-de-aderir-a-greve\" target=\"_blank\" rel=\"noopener\"><\/a><br \/>\n                    <a class=\"share-linkedin\" href=\"https:\/\/www.linkedin.com\/shareArticle?mini=true&amp;url=http:\/\/www.tst.jus.br\/-\/negada-indeniza%C3%A7%C3%A3o-a-banc%C3%A1rio-que-alegava-ter-sido-proibido-de-aderir-a-greve&amp;title=Negada indeniza\u00e7\u00e3o a banc\u00e1rio que alegava ter sido proibido de aderir a greve\" target=\"_blank\" rel=\"noopener\"><\/a><br \/>\n                    <a class=\"share-whatsapp\" href=\"https:\/\/web.whatsapp.com\/send?text=http:\/\/www.tst.jus.br\/-\/negada-indeniza%C3%A7%C3%A3o-a-banc%C3%A1rio-que-alegava-ter-sido-proibido-de-aderir-a-greve\" target=\"_blank\" rel=\"noopener\"><\/a><br \/>\n                    <a class=\"share-googleplus\" href=\"https:\/\/plus.google.com\/share?url=http:\/\/www.tst.jus.br\/-\/negada-indeniza%C3%A7%C3%A3o-a-banc%C3%A1rio-que-alegava-ter-sido-proibido-de-aderir-a-greve\" target=\"_blank\" rel=\"noopener\"><\/a><\/p>\n<p>22\/10\/21 &#8211; A Oitava Turma do Tribunal Superior do Trabalho manteve a decis\u00e3o que negou a um banc\u00e1rio indeniza\u00e7\u00e3o por danos morais do Banco Bradesco S.A., sob a alega\u00e7\u00e3o de que o banco o teria impedido de aderir \u00e0 greve da categoria. O colegiado entendeu que a forma\u00e7\u00e3o de escalas de trabalho realizadas pelo banco est\u00e1 dentro da legalidade, diante da essencialidade dos servi\u00e7os prestados.&nbsp;<\/p>\n<h4>Amea\u00e7a<\/h4>\n<p>Na reclama\u00e7\u00e3o trabalhista, o banc\u00e1rio disse que, nas oportunidades em que houve greves nacionais da categoria, geralmente em setembro ou outubro de cada ano, se sentia mais amea\u00e7ado e cobrado. \u201cO sindicato cobrava os funcion\u00e1rios para aderir \u00e0 greve e, de outro lado, o Bradesco n\u00e3o autorizava a ades\u00e3o, mediante amea\u00e7a de puni\u00e7\u00e3o ou de demiss\u00e3o. Segundo ele, havia uma escala de empregados e a respectiva convoca\u00e7\u00e3o dos que iriam trabalhar no dia, que eram logo cedo avisados, por telefone, da sua escala\u00e7\u00e3o pelo gerente.<\/p>\n<h4>Gerente<\/h4>\n<p>Em sua defesa, o banco disse que jamais havia impedido seus empregados de aderir \u00e0 greve ou os obrigado a trabalhar nesse per\u00edodo. De acordo com o depoimento do gerente, embora as ag\u00eancias n\u00e3o abrissem durante as greves em raz\u00e3o dos piquetes promovidos pelo sindicato, o funcion\u00e1rio trabalhava internamente. Nesse per\u00edodo, as fun\u00e7\u00f5es do caixa eram auxiliar clientes no autoatendimento, atender liga\u00e7\u00f5es e confirmar a emiss\u00e3o de cheques, e todos os empregados da ag\u00eancia trabalhavam.<\/p>\n<h4>Escala<\/h4>\n<p>O pedido foi julgado improcedente pelo ju\u00edzo de primeiro grau e pelo Tribunal Regional do Trabalho da 10\u00aa Regi\u00e3o (DF\/TO), que, a partir dos depoimentos colhidos no processo, concluiu que havia uma escala de empregados para trabalhar em cada dia de greve. Para o TRT, a medida \u00e9 razo\u00e1vel, diante da impossibilidade de paralisa\u00e7\u00e3o total dos servi\u00e7os. A decis\u00e3o avalia que, mesmo sem atendimento externo, havia a necessidade de realiza\u00e7\u00e3o de servi\u00e7os internos.&nbsp;<\/p>\n<h4>Aus\u00eancia de dano<\/h4>\n<p>A relatora do recurso de revista do banc\u00e1rio, ministra Dora Maria da Costa, manteve a decis\u00e3o quanto \u00e0 aus\u00eancia de dano moral. Segundo ela, o fundamento do TRT quanto \u00e0 legalidade da forma\u00e7\u00e3o de escalas de empregados, decorrente da essencialidade do servi\u00e7o prestado pelo banco, foi correto. Em seu voto, a relatora corrobora a tese de que a elabora\u00e7\u00e3o de escala de empregados e a respectiva convoca\u00e7\u00e3o n\u00e3o \u00e9 elemento apto a configurar abalo na esfera extrapatrimonial do trabalhador.<\/p>\n<p>A decis\u00e3o foi un\u00e2nime.<\/p>\n<p>(RR\/CF)<\/p>\n<p>Processo: &nbsp;<a href=\"http:\/\/aplicacao4.tst.jus.br\/consultaProcessual\/consultaTstNumUnica.do?consulta=Consultar&amp;conscsjt=&amp;numeroTst=1379&amp;digitoTst=49&amp;anoTst=2017&amp;orgaoTst=5&amp;tribunalTst=10&amp;varaTst=0010&amp;submit=Consultar\" target=\"\" rel=\"noopener\">AIRR-1379-49.2017.5.10.0010<\/a><\/p>\n<p>O TST tem oito Turmas, cada uma composta por tr\u00eas ministros, com a atribui\u00e7\u00e3o de analisar recursos de revista, agravos, agravos de instrumento, agravos regimentais e recursos ordin\u00e1rios em a\u00e7\u00e3o cautelar. Das decis\u00f5es das Turmas, a parte ainda pode, em alguns casos, recorrer \u00e0 Subse\u00e7\u00e3o I Especializada em Diss\u00eddios Individuais (SDI-1).<\/p>\n<p>Esta mat\u00e9ria tem cunho meramente informativo.<br \/>\nPermitida a reprodu\u00e7\u00e3o mediante cita\u00e7\u00e3o da fonte.<br \/>\nSecretaria de Comunica\u00e7\u00e3o Social<br \/>\n<a href=\"http:\/\/www.tst.jus.br\" target=\"_blank\" rel=\"noopener\">Tribunal Superior do Trabalho<\/a><br \/>\nTel. (61) 3043-4907<br \/>\n<a href=\"mailto:secom@tst.jus.br\" target=\"\" rel=\"noopener\">secom@tst.jus.br<\/a><\/p>\n<p>    $(&#8216;#lightbox-fyzr_ .slider-gallery-wrapper img&#8217;).hover(<br \/>\n    function() {<br \/>\n        const $text=$($($(this).parent()).next());<br \/>\n        $text.hasClass(&#8216;inside-description&#8217;) &amp;&amp; $text.fadeTo( &#8220;slow&#8221; , 0);<br \/>\n    }, function() {<br \/>\n        const $text=$($($(this).parent()).next());<br \/>\n        $text.hasClass(&#8216;inside-description&#8217;) &amp;&amp; $text.fadeTo( &#8220;slow&#8221; , 1);<br \/>\n    }<br \/>\n    );<br \/>\n    $(document).ready(function() {<br \/>\n        var fyzr_autoplaying=false;<br \/>\n        var fyzr_showingLightbox=false;<br \/>\n        const fyzr_playPauseControllers=&#8221;#slider-fyzr_-playpause, #slider-fyzr_-lightbox-playpause&#8221;;<br \/>\n        $(&#8220;#slider-fyzr_&#8221;).slick({<br \/>\n            slidesToShow: 1,<br \/>\n            slidesToScroll: 1,<br \/>\n            autoplay: fyzr_autoplaying,<br \/>\n            swipeToSlide: false,<br \/>\n            centerMode: false,<br \/>\n            autoplaySpeed: 3000,<br \/>\n            focusOnSelect: true,<br \/>\n            prevArrow:<br \/>\n            &#8221;,<br \/>\n            nextArrow:<br \/>\n            &#8221;,<br \/>\n            centerPadding: &#8220;60px&#8221;,<br \/>\n            responsive: [<br \/>\n                {<br \/>\n                    breakpoint: 767.98,<br \/>\n                    settings: {<br \/>\n                        slidesToShow: 3,<br \/>\n                        adaptiveHeight: true<br \/>\n                    }<br \/>\n                }<br \/>\n            ]<br \/>\n        });<br \/>\n        $(&#8220;#slider-fyzr_&#8221;).slickLightbox({<br \/>\n            src: &#8216;src&#8217;,<br \/>\n            itemSelector: &#8216;.galery-image .multimidia-wrapper img&#8217;,<br \/>\n            caption:&#8217;caption&#8217;<br \/>\n        });<br \/>\n    });<br \/>\n<script async src=\"https:\/\/platform.twitter.com\/widgets.js\" charset=\"utf-8\"><\/script><br \/>\n<br \/><i>Com informa\u00e7\u00f5es da assessoria de imprensa do TST.<\/i><br \/>\n<br \/><a href=\"http:\/\/www.tst.jus.br\/web\/guest\/noticias?p_p_id=89Dk&#038;p_p_lifecycle=0&#038;refererPlid=10730&#038;_89Dk_groupId=10157&#038;_89Dk_articleId=27703131\">Fonte<\/a><br \/>\n<br \/><\/p>\n","protected":false},"excerpt":{"rendered":"<p>Cartazes de greve de banc\u00e1rios. Foto: Brayan Martins\/PMPA 22\/10\/21 &#8211; A Oitava Turma do Tribunal Superior do Trabalho manteve a decis\u00e3o que negou a um banc\u00e1rio indeniza\u00e7\u00e3o por danos morais do Banco Bradesco S.A., sob a alega\u00e7\u00e3o de que o banco o teria impedido de aderir \u00e0 greve da categoria. O colegiado entendeu que a [&hellip;]<\/p>\n","protected":false},"author":3063,"featured_media":7355,"comment_status":"open","ping_status":"open","sticky":false,"template":"","format":"standard","meta":{"footnotes":""},"categories":[3,21],"tags":[33,216,9,12,217,215],"class_list":{"0":"post-10700","1":"post","2":"type-post","3":"status-publish","4":"format-standard","5":"has-post-thumbnail","7":"category-trabalhista","8":"category-tst","9":"tag-calculos-trabalhistas","10":"tag-direito-trabalhista","11":"tag-pericia","12":"tag-perito","13":"tag-trabalho","14":"tag-tst"},"yoast_head":"<!-- This site is optimized with the Yoast SEO plugin v27.2 - https:\/\/yoast.com\/product\/yoast-seo-wordpress\/ -->\n<title>TST: Negada indeniza\u00e7\u00e3o a banc\u00e1rio que alegava ter sido proibido de aderir a greve | Portal de Not\u00edcias<\/title>\n<meta name=\"robots\" content=\"index, follow, max-snippet:-1, max-image-preview:large, max-video-preview:-1\" \/>\n<link rel=\"canonical\" href=\"https:\/\/mhcalculos.com.br\/noticias\/area\/trabalhista\/tst-negada-indenizacao-a-bancario-que-alegava-ter-sido-proibido-de-aderir-a-greve.html\" \/>\n<meta property=\"og:locale\" content=\"pt_BR\" \/>\n<meta property=\"og:type\" content=\"article\" \/>\n<meta property=\"og:title\" content=\"TST: Negada indeniza\u00e7\u00e3o a banc\u00e1rio que alegava ter sido proibido de aderir a greve | Portal de Not\u00edcias\" \/>\n<meta property=\"og:description\" content=\"Cartazes de greve de banc\u00e1rios. Foto: Brayan Martins\/PMPA 22\/10\/21 &#8211; A Oitava Turma do Tribunal Superior do Trabalho manteve a decis\u00e3o que negou a um banc\u00e1rio indeniza\u00e7\u00e3o por danos morais do Banco Bradesco S.A., sob a alega\u00e7\u00e3o de que o banco o teria impedido de aderir \u00e0 greve da categoria. O colegiado entendeu que a [&hellip;]\" \/>\n<meta property=\"og:url\" content=\"https:\/\/mhcalculos.com.br\/noticias\/area\/trabalhista\/tst-negada-indenizacao-a-bancario-que-alegava-ter-sido-proibido-de-aderir-a-greve.html\" \/>\n<meta property=\"og:site_name\" content=\"Portal de Not\u00edcias\" \/>\n<meta property=\"article:published_time\" content=\"2021-10-22T11:00:00+00:00\" \/>\n<meta property=\"og:image\" content=\"https:\/\/mhcalculos.com.br\/noticias\/wp-content\/uploads\/sites\/2\/2020\/07\/trabalhista-0001.jpg\" \/>\n\t<meta property=\"og:image:width\" content=\"2000\" \/>\n\t<meta property=\"og:image:height\" content=\"800\" \/>\n\t<meta property=\"og:image:type\" content=\"image\/jpeg\" \/>\n<meta name=\"author\" content=\"Equipe MH\" \/>\n<meta name=\"twitter:card\" content=\"summary_large_image\" \/>\n<meta name=\"twitter:label1\" content=\"Escrito por\" \/>\n\t<meta name=\"twitter:data1\" content=\"Equipe MH\" \/>\n\t<meta name=\"twitter:label2\" content=\"Est. tempo de leitura\" \/>\n\t<meta name=\"twitter:data2\" content=\"3 minutos\" \/>\n<script type=\"application\/ld+json\" class=\"yoast-schema-graph\">{\"@context\":\"https:\/\/schema.org\",\"@graph\":[{\"@type\":\"Article\",\"@id\":\"https:\/\/mhcalculos.com.br\/noticias\/area\/trabalhista\/tst-negada-indenizacao-a-bancario-que-alegava-ter-sido-proibido-de-aderir-a-greve.html#article\",\"isPartOf\":{\"@id\":\"https:\/\/mhcalculos.com.br\/noticias\/area\/trabalhista\/tst-negada-indenizacao-a-bancario-que-alegava-ter-sido-proibido-de-aderir-a-greve.html\"},\"author\":{\"name\":\"Equipe MH\",\"@id\":\"https:\/\/mhcalculos.com.br\/noticias\/#\/schema\/person\/88d1c34bf72dc779ea14a5a6b8e0ae8d\"},\"headline\":\"TST: Negada indeniza\u00e7\u00e3o a banc\u00e1rio que alegava ter sido proibido de aderir a greve\",\"datePublished\":\"2021-10-22T11:00:00+00:00\",\"mainEntityOfPage\":{\"@id\":\"https:\/\/mhcalculos.com.br\/noticias\/area\/trabalhista\/tst-negada-indenizacao-a-bancario-que-alegava-ter-sido-proibido-de-aderir-a-greve.html\"},\"wordCount\":645,\"commentCount\":0,\"image\":{\"@id\":\"https:\/\/mhcalculos.com.br\/noticias\/area\/trabalhista\/tst-negada-indenizacao-a-bancario-que-alegava-ter-sido-proibido-de-aderir-a-greve.html#primaryimage\"},\"thumbnailUrl\":\"https:\/\/mhcalculos.com.br\/noticias\/wp-content\/uploads\/sites\/2\/2020\/07\/trabalhista-0001.jpg\",\"keywords\":[\"c\u00e1lculos trabalhistas\",\"direito trabalhista\",\"per\u00edcia\",\"perito\",\"trabalho\",\"TST\"],\"articleSection\":[\"Direito Trabalhista\",\"TST\"],\"inLanguage\":\"pt-BR\",\"potentialAction\":[{\"@type\":\"CommentAction\",\"name\":\"Comment\",\"target\":[\"https:\/\/mhcalculos.com.br\/noticias\/area\/trabalhista\/tst-negada-indenizacao-a-bancario-que-alegava-ter-sido-proibido-de-aderir-a-greve.html#respond\"]}]},{\"@type\":\"WebPage\",\"@id\":\"https:\/\/mhcalculos.com.br\/noticias\/area\/trabalhista\/tst-negada-indenizacao-a-bancario-que-alegava-ter-sido-proibido-de-aderir-a-greve.html\",\"url\":\"https:\/\/mhcalculos.com.br\/noticias\/area\/trabalhista\/tst-negada-indenizacao-a-bancario-que-alegava-ter-sido-proibido-de-aderir-a-greve.html\",\"name\":\"TST: Negada indeniza\u00e7\u00e3o a banc\u00e1rio que alegava ter sido proibido de aderir a greve | Portal de Not\u00edcias\",\"isPartOf\":{\"@id\":\"https:\/\/mhcalculos.com.br\/noticias\/#website\"},\"primaryImageOfPage\":{\"@id\":\"https:\/\/mhcalculos.com.br\/noticias\/area\/trabalhista\/tst-negada-indenizacao-a-bancario-que-alegava-ter-sido-proibido-de-aderir-a-greve.html#primaryimage\"},\"image\":{\"@id\":\"https:\/\/mhcalculos.com.br\/noticias\/area\/trabalhista\/tst-negada-indenizacao-a-bancario-que-alegava-ter-sido-proibido-de-aderir-a-greve.html#primaryimage\"},\"thumbnailUrl\":\"https:\/\/mhcalculos.com.br\/noticias\/wp-content\/uploads\/sites\/2\/2020\/07\/trabalhista-0001.jpg\",\"datePublished\":\"2021-10-22T11:00:00+00:00\",\"author\":{\"@id\":\"https:\/\/mhcalculos.com.br\/noticias\/#\/schema\/person\/88d1c34bf72dc779ea14a5a6b8e0ae8d\"},\"breadcrumb\":{\"@id\":\"https:\/\/mhcalculos.com.br\/noticias\/area\/trabalhista\/tst-negada-indenizacao-a-bancario-que-alegava-ter-sido-proibido-de-aderir-a-greve.html#breadcrumb\"},\"inLanguage\":\"pt-BR\",\"potentialAction\":[{\"@type\":\"ReadAction\",\"target\":[\"https:\/\/mhcalculos.com.br\/noticias\/area\/trabalhista\/tst-negada-indenizacao-a-bancario-que-alegava-ter-sido-proibido-de-aderir-a-greve.html\"]}]},{\"@type\":\"ImageObject\",\"inLanguage\":\"pt-BR\",\"@id\":\"https:\/\/mhcalculos.com.br\/noticias\/area\/trabalhista\/tst-negada-indenizacao-a-bancario-que-alegava-ter-sido-proibido-de-aderir-a-greve.html#primaryimage\",\"url\":\"https:\/\/mhcalculos.com.br\/noticias\/wp-content\/uploads\/sites\/2\/2020\/07\/trabalhista-0001.jpg\",\"contentUrl\":\"https:\/\/mhcalculos.com.br\/noticias\/wp-content\/uploads\/sites\/2\/2020\/07\/trabalhista-0001.jpg\",\"width\":2000,\"height\":800},{\"@type\":\"BreadcrumbList\",\"@id\":\"https:\/\/mhcalculos.com.br\/noticias\/area\/trabalhista\/tst-negada-indenizacao-a-bancario-que-alegava-ter-sido-proibido-de-aderir-a-greve.html#breadcrumb\",\"itemListElement\":[{\"@type\":\"ListItem\",\"position\":1,\"name\":\"In\u00edcio\",\"item\":\"https:\/\/mhcalculos.com.br\/noticias\/\"},{\"@type\":\"ListItem\",\"position\":2,\"name\":\"TST: Negada indeniza\u00e7\u00e3o a banc\u00e1rio que alegava ter sido proibido de aderir a greve\"}]},{\"@type\":\"WebSite\",\"@id\":\"https:\/\/mhcalculos.com.br\/noticias\/#website\",\"url\":\"https:\/\/mhcalculos.com.br\/noticias\/\",\"name\":\"Portal de Not\u00edcias\",\"description\":\"Not\u00edcias e Jurisprud\u00eancia\",\"potentialAction\":[{\"@type\":\"SearchAction\",\"target\":{\"@type\":\"EntryPoint\",\"urlTemplate\":\"https:\/\/mhcalculos.com.br\/noticias\/?s={search_term_string}\"},\"query-input\":{\"@type\":\"PropertyValueSpecification\",\"valueRequired\":true,\"valueName\":\"search_term_string\"}}],\"inLanguage\":\"pt-BR\"},{\"@type\":\"Person\",\"@id\":\"https:\/\/mhcalculos.com.br\/noticias\/#\/schema\/person\/88d1c34bf72dc779ea14a5a6b8e0ae8d\",\"name\":\"Equipe MH\",\"image\":{\"@type\":\"ImageObject\",\"inLanguage\":\"pt-BR\",\"@id\":\"https:\/\/secure.gravatar.com\/avatar\/de1c686c2ecc9c5a3f327e3431d819eb39f8f05d4e1045f5a1caad6daaba987f?s=96&d=mm&r=g\",\"url\":\"https:\/\/secure.gravatar.com\/avatar\/de1c686c2ecc9c5a3f327e3431d819eb39f8f05d4e1045f5a1caad6daaba987f?s=96&d=mm&r=g\",\"contentUrl\":\"https:\/\/secure.gravatar.com\/avatar\/de1c686c2ecc9c5a3f327e3431d819eb39f8f05d4e1045f5a1caad6daaba987f?s=96&d=mm&r=g\",\"caption\":\"Equipe MH\"}}]}<\/script>\n<!-- \/ Yoast SEO plugin. -->","yoast_head_json":{"title":"TST: Negada indeniza\u00e7\u00e3o a banc\u00e1rio que alegava ter sido proibido de aderir a greve | Portal de Not\u00edcias","robots":{"index":"index","follow":"follow","max-snippet":"max-snippet:-1","max-image-preview":"max-image-preview:large","max-video-preview":"max-video-preview:-1"},"canonical":"https:\/\/mhcalculos.com.br\/noticias\/area\/trabalhista\/tst-negada-indenizacao-a-bancario-que-alegava-ter-sido-proibido-de-aderir-a-greve.html","og_locale":"pt_BR","og_type":"article","og_title":"TST: Negada indeniza\u00e7\u00e3o a banc\u00e1rio que alegava ter sido proibido de aderir a greve | Portal de Not\u00edcias","og_description":"Cartazes de greve de banc\u00e1rios. Foto: Brayan Martins\/PMPA 22\/10\/21 &#8211; A Oitava Turma do Tribunal Superior do Trabalho manteve a decis\u00e3o que negou a um banc\u00e1rio indeniza\u00e7\u00e3o por danos morais do Banco Bradesco S.A., sob a alega\u00e7\u00e3o de que o banco o teria impedido de aderir \u00e0 greve da categoria. O colegiado entendeu que a [&hellip;]","og_url":"https:\/\/mhcalculos.com.br\/noticias\/area\/trabalhista\/tst-negada-indenizacao-a-bancario-que-alegava-ter-sido-proibido-de-aderir-a-greve.html","og_site_name":"Portal de Not\u00edcias","article_published_time":"2021-10-22T11:00:00+00:00","og_image":[{"width":2000,"height":800,"url":"https:\/\/mhcalculos.com.br\/noticias\/wp-content\/uploads\/sites\/2\/2020\/07\/trabalhista-0001.jpg","type":"image\/jpeg"}],"author":"Equipe MH","twitter_card":"summary_large_image","twitter_misc":{"Escrito por":"Equipe MH","Est. tempo de leitura":"3 minutos"},"schema":{"@context":"https:\/\/schema.org","@graph":[{"@type":"Article","@id":"https:\/\/mhcalculos.com.br\/noticias\/area\/trabalhista\/tst-negada-indenizacao-a-bancario-que-alegava-ter-sido-proibido-de-aderir-a-greve.html#article","isPartOf":{"@id":"https:\/\/mhcalculos.com.br\/noticias\/area\/trabalhista\/tst-negada-indenizacao-a-bancario-que-alegava-ter-sido-proibido-de-aderir-a-greve.html"},"author":{"name":"Equipe MH","@id":"https:\/\/mhcalculos.com.br\/noticias\/#\/schema\/person\/88d1c34bf72dc779ea14a5a6b8e0ae8d"},"headline":"TST: Negada indeniza\u00e7\u00e3o a banc\u00e1rio que alegava ter sido proibido de aderir a greve","datePublished":"2021-10-22T11:00:00+00:00","mainEntityOfPage":{"@id":"https:\/\/mhcalculos.com.br\/noticias\/area\/trabalhista\/tst-negada-indenizacao-a-bancario-que-alegava-ter-sido-proibido-de-aderir-a-greve.html"},"wordCount":645,"commentCount":0,"image":{"@id":"https:\/\/mhcalculos.com.br\/noticias\/area\/trabalhista\/tst-negada-indenizacao-a-bancario-que-alegava-ter-sido-proibido-de-aderir-a-greve.html#primaryimage"},"thumbnailUrl":"https:\/\/mhcalculos.com.br\/noticias\/wp-content\/uploads\/sites\/2\/2020\/07\/trabalhista-0001.jpg","keywords":["c\u00e1lculos trabalhistas","direito trabalhista","per\u00edcia","perito","trabalho","TST"],"articleSection":["Direito Trabalhista","TST"],"inLanguage":"pt-BR","potentialAction":[{"@type":"CommentAction","name":"Comment","target":["https:\/\/mhcalculos.com.br\/noticias\/area\/trabalhista\/tst-negada-indenizacao-a-bancario-que-alegava-ter-sido-proibido-de-aderir-a-greve.html#respond"]}]},{"@type":"WebPage","@id":"https:\/\/mhcalculos.com.br\/noticias\/area\/trabalhista\/tst-negada-indenizacao-a-bancario-que-alegava-ter-sido-proibido-de-aderir-a-greve.html","url":"https:\/\/mhcalculos.com.br\/noticias\/area\/trabalhista\/tst-negada-indenizacao-a-bancario-que-alegava-ter-sido-proibido-de-aderir-a-greve.html","name":"TST: Negada indeniza\u00e7\u00e3o a banc\u00e1rio que alegava ter sido proibido de aderir a greve | Portal de Not\u00edcias","isPartOf":{"@id":"https:\/\/mhcalculos.com.br\/noticias\/#website"},"primaryImageOfPage":{"@id":"https:\/\/mhcalculos.com.br\/noticias\/area\/trabalhista\/tst-negada-indenizacao-a-bancario-que-alegava-ter-sido-proibido-de-aderir-a-greve.html#primaryimage"},"image":{"@id":"https:\/\/mhcalculos.com.br\/noticias\/area\/trabalhista\/tst-negada-indenizacao-a-bancario-que-alegava-ter-sido-proibido-de-aderir-a-greve.html#primaryimage"},"thumbnailUrl":"https:\/\/mhcalculos.com.br\/noticias\/wp-content\/uploads\/sites\/2\/2020\/07\/trabalhista-0001.jpg","datePublished":"2021-10-22T11:00:00+00:00","author":{"@id":"https:\/\/mhcalculos.com.br\/noticias\/#\/schema\/person\/88d1c34bf72dc779ea14a5a6b8e0ae8d"},"breadcrumb":{"@id":"https:\/\/mhcalculos.com.br\/noticias\/area\/trabalhista\/tst-negada-indenizacao-a-bancario-que-alegava-ter-sido-proibido-de-aderir-a-greve.html#breadcrumb"},"inLanguage":"pt-BR","potentialAction":[{"@type":"ReadAction","target":["https:\/\/mhcalculos.com.br\/noticias\/area\/trabalhista\/tst-negada-indenizacao-a-bancario-que-alegava-ter-sido-proibido-de-aderir-a-greve.html"]}]},{"@type":"ImageObject","inLanguage":"pt-BR","@id":"https:\/\/mhcalculos.com.br\/noticias\/area\/trabalhista\/tst-negada-indenizacao-a-bancario-que-alegava-ter-sido-proibido-de-aderir-a-greve.html#primaryimage","url":"https:\/\/mhcalculos.com.br\/noticias\/wp-content\/uploads\/sites\/2\/2020\/07\/trabalhista-0001.jpg","contentUrl":"https:\/\/mhcalculos.com.br\/noticias\/wp-content\/uploads\/sites\/2\/2020\/07\/trabalhista-0001.jpg","width":2000,"height":800},{"@type":"BreadcrumbList","@id":"https:\/\/mhcalculos.com.br\/noticias\/area\/trabalhista\/tst-negada-indenizacao-a-bancario-que-alegava-ter-sido-proibido-de-aderir-a-greve.html#breadcrumb","itemListElement":[{"@type":"ListItem","position":1,"name":"In\u00edcio","item":"https:\/\/mhcalculos.com.br\/noticias\/"},{"@type":"ListItem","position":2,"name":"TST: Negada indeniza\u00e7\u00e3o a banc\u00e1rio que alegava ter sido proibido de aderir a greve"}]},{"@type":"WebSite","@id":"https:\/\/mhcalculos.com.br\/noticias\/#website","url":"https:\/\/mhcalculos.com.br\/noticias\/","name":"Portal de Not\u00edcias","description":"Not\u00edcias e Jurisprud\u00eancia","potentialAction":[{"@type":"SearchAction","target":{"@type":"EntryPoint","urlTemplate":"https:\/\/mhcalculos.com.br\/noticias\/?s={search_term_string}"},"query-input":{"@type":"PropertyValueSpecification","valueRequired":true,"valueName":"search_term_string"}}],"inLanguage":"pt-BR"},{"@type":"Person","@id":"https:\/\/mhcalculos.com.br\/noticias\/#\/schema\/person\/88d1c34bf72dc779ea14a5a6b8e0ae8d","name":"Equipe MH","image":{"@type":"ImageObject","inLanguage":"pt-BR","@id":"https:\/\/secure.gravatar.com\/avatar\/de1c686c2ecc9c5a3f327e3431d819eb39f8f05d4e1045f5a1caad6daaba987f?s=96&d=mm&r=g","url":"https:\/\/secure.gravatar.com\/avatar\/de1c686c2ecc9c5a3f327e3431d819eb39f8f05d4e1045f5a1caad6daaba987f?s=96&d=mm&r=g","contentUrl":"https:\/\/secure.gravatar.com\/avatar\/de1c686c2ecc9c5a3f327e3431d819eb39f8f05d4e1045f5a1caad6daaba987f?s=96&d=mm&r=g","caption":"Equipe MH"}}]}},"_links":{"self":[{"href":"https:\/\/mhcalculos.com.br\/noticias\/wp-json\/wp\/v2\/posts\/10700","targetHints":{"allow":["GET"]}}],"collection":[{"href":"https:\/\/mhcalculos.com.br\/noticias\/wp-json\/wp\/v2\/posts"}],"about":[{"href":"https:\/\/mhcalculos.com.br\/noticias\/wp-json\/wp\/v2\/types\/post"}],"author":[{"embeddable":true,"href":"https:\/\/mhcalculos.com.br\/noticias\/wp-json\/wp\/v2\/users\/3063"}],"replies":[{"embeddable":true,"href":"https:\/\/mhcalculos.com.br\/noticias\/wp-json\/wp\/v2\/comments?post=10700"}],"version-history":[{"count":0,"href":"https:\/\/mhcalculos.com.br\/noticias\/wp-json\/wp\/v2\/posts\/10700\/revisions"}],"wp:featuredmedia":[{"embeddable":true,"href":"https:\/\/mhcalculos.com.br\/noticias\/wp-json\/wp\/v2\/media\/7355"}],"wp:attachment":[{"href":"https:\/\/mhcalculos.com.br\/noticias\/wp-json\/wp\/v2\/media?parent=10700"}],"wp:term":[{"taxonomy":"category","embeddable":true,"href":"https:\/\/mhcalculos.com.br\/noticias\/wp-json\/wp\/v2\/categories?post=10700"},{"taxonomy":"post_tag","embeddable":true,"href":"https:\/\/mhcalculos.com.br\/noticias\/wp-json\/wp\/v2\/tags?post=10700"}],"curies":[{"name":"wp","href":"https:\/\/api.w.org\/{rel}","templated":true}]}}