{"id":10663,"date":"2021-10-02T16:05:09","date_gmt":"2021-10-02T19:05:09","guid":{"rendered":"https:\/\/mhcalculos.com.br\/noticias\/area\/previdenciario\/trf4-auxiliar-de-enfermagem-com-aposentadoria-especial-podera-trabalhar-durante-a-pandemia-01-10-2021.html"},"modified":"2021-10-02T16:05:09","modified_gmt":"2021-10-02T19:05:09","slug":"trf4-auxiliar-de-enfermagem-com-aposentadoria-especial-podera-trabalhar-durante-a-pandemia-01-10-2021","status":"publish","type":"post","link":"https:\/\/mhcalculos.com.br\/noticias\/area\/previdenciario\/trf4-auxiliar-de-enfermagem-com-aposentadoria-especial-podera-trabalhar-durante-a-pandemia-01-10-2021.html","title":{"rendered":"TRF4: Auxiliar de enfermagem com aposentadoria especial poder\u00e1 trabalhar durante a pandemia (01\/10\/2021)"},"content":{"rendered":"<p><br \/>\n<\/p>\n<p>Nesta quinta-feira (30\/9), a desembargadora Ta\u00eds Schilling Ferraz, do Tribunal Regional Federal da 4\u00aa Regi\u00e3o (TRF4), concedeu tutela de urg\u00eancia para que uma auxiliar de enfermagem de 66 anos de idade, que teve o pedido de aposentadoria especial deferido, possa continuar exercendo sua fun\u00e7\u00e3o at\u00e9 o fim da pandemia. A profissional da sa\u00fade, residente em Viam\u00e3o (RS) e atuante no Hospital Padre Jeremias, em Cachoeirinha (RS), havia sido intimada a comprovar o afastamento de seu cargo para recebimento do benef\u00edcio, conforme previsto em lei, mas uma decis\u00e3o do Supremo Tribunal Federal (STF) lhe garantiu o direito de permanecer na fun\u00e7\u00e3o.\u00a0<\/p>\n<p>Em 2013, a auxiliar de enfermagem solicitou aposentadoria especial, pelo trabalho em ambiente prop\u00edcio ao cont\u00e1gio por microrganismos em hospitais da regi\u00e3o metropolitana de Porto Alegre. O pedido foi deferido em 2015 pela 17\u00aa Vara Federal de Porto Alegre. No decorrer do processo, o Instituto Nacional do Seguro Social (INSS) solicitou que a benefici\u00e1ria comprovasse seu afastamento da fun\u00e7\u00e3o de auxiliar de enfermagem, pois segundo o Tema 709 do STF, para o recebimento de aposentadoria especial, o aposentado n\u00e3o pode estar exercendo a profiss\u00e3o.\u00a0<\/p>\n<p>Em outra unidade da Justi\u00e7a Federal na capital ga\u00facha, a 25\u00aa Vara Federal de Porto Alegre, o ju\u00edzo determinou que a aposentada comprovasse seu devido afastamento. Em suas raz\u00f5es, ela alegou que o STF havia determinado a suspens\u00e3o dos efeitos do Tema 709 para profissionais que atuam na linha de frente do combate \u00e0 pandemia de coronav\u00edrus. Pela determina\u00e7\u00e3o do Supremo, os profissionais poderiam exercer suas profiss\u00f5es sem risco de perder a aposentadoria especial, desde que se enquadrando na lista de atividades determinadas como essenciais no combate \u00e0 pandemia.\u00a0<\/p>\n<p>Por\u00e9m, o ju\u00edzo de primeiro grau entendeu que &ldquo;n\u00e3o \u00e9 poss\u00edvel verificar se a parte autora est\u00e1 em contato direto com pacientes, muito menos diretamente relacionado com a pandemia de\u00a0Covid-19, podendo estar fora do alcance do acordo aceito pela autarquia junto ao STF&rdquo;. A decis\u00e3o foi de intimar a autora \u00e0 comprova\u00e7\u00e3o de afastamento ou, de fato, atua\u00e7\u00e3o na linha de frente do combate \u00e0 pandemia.<\/p>\n<p>Ela apelou ao TRF4, solicitando antecipa\u00e7\u00e3o de tutela para obter o direito de permanecer em atividade enquanto perdurar a pandemia. A desembargadora Ta\u00eds Schilling concedeu a antecipa\u00e7\u00e3o, determinando que a auxiliar de enfermagem pudesse exercer sua profiss\u00e3o durante a crise sanit\u00e1ria.<\/p>\n<p>A magistrada\u00a0destacou que &ldquo;nos casos espec\u00edficos de profissionais de sa\u00fade constantes do rol do art. 3\u00ba-J da Lei n\u00ba 13.979\/2020, e que estejam trabalhando diretamente no combate \u00e0 epidemia de\u00a0Covid-19 ou prestando servi\u00e7os de atendimento a pessoas atingidas pela doen\u00e7a em hospitais ou institui\u00e7\u00f5es cong\u00eaneres, p\u00fablicos ou privados, encontram-se suspensos os efeitos do decidido pelo STF&rdquo;.\u00a0<\/p>\n<p>&ldquo;Assim, diante da especificidade do caso concreto, tendo em vista que a segurada &#8211; auxiliar\/t\u00e9cnica de enfermagem &#8211; se enquadra na exce\u00e7\u00e3o conferida pela decis\u00e3o liminar recente do Ministro Dias Toffoli, de 15\/03\/2021, com a concord\u00e2ncia do embargado, \u00e9 de ser reformada a decis\u00e3o agravada&rdquo;, concluiu a desembargadora.<\/p>\n<p><br \/> (Foto: Marcello Casal Jr\/Ag\u00eancia Brasil)<\/p>\n<p><i>Com informa\u00e7\u00f5es da assessoria de imprensa do TRF4.<\/i><br \/>\n<br \/><a href=\"http:\/\/www2.trf4.jus.br\/trf4\/controlador.php?acao=noticia_visualizar&#038;id_noticia=16136\">Fonte<\/a><br \/>\n<br \/><\/p>\n","protected":false},"excerpt":{"rendered":"<p>Nesta quinta-feira (30\/9), a desembargadora Ta\u00eds Schilling Ferraz, do Tribunal Regional Federal da 4\u00aa Regi\u00e3o (TRF4), concedeu tutela de urg\u00eancia para que uma auxiliar de enfermagem de 66 anos de idade, que teve o pedido de aposentadoria especial deferido, possa continuar exercendo sua fun\u00e7\u00e3o at\u00e9 o fim da pandemia. A profissional da sa\u00fade, residente em [&hellip;]<\/p>\n","protected":false},"author":3063,"featured_media":2365,"comment_status":"open","ping_status":"open","sticky":false,"template":"","format":"standard","meta":{"footnotes":""},"categories":[5,6],"tags":[11,10,8,13,9,12,17],"class_list":{"0":"post-10663","1":"post","2":"type-post","3":"status-publish","4":"format-standard","5":"has-post-thumbnail","7":"category-previdenciario","8":"category-trf4","9":"tag-aposentadoria","10":"tag-calculos-previdenciarios","11":"tag-direito-previdenciario","12":"tag-inss","13":"tag-pericia","14":"tag-perito","15":"tag-trf4"},"yoast_head":"<!-- This site is optimized with the Yoast SEO plugin v27.2 - https:\/\/yoast.com\/product\/yoast-seo-wordpress\/ -->\n<title>TRF4: Auxiliar de enfermagem com aposentadoria especial poder\u00e1 trabalhar durante a pandemia (01\/10\/2021) | Portal de Not\u00edcias<\/title>\n<meta name=\"robots\" content=\"index, follow, max-snippet:-1, max-image-preview:large, max-video-preview:-1\" \/>\n<link rel=\"canonical\" href=\"https:\/\/mhcalculos.com.br\/noticias\/area\/previdenciario\/trf4-auxiliar-de-enfermagem-com-aposentadoria-especial-podera-trabalhar-durante-a-pandemia-01-10-2021.html\" \/>\n<meta property=\"og:locale\" content=\"pt_BR\" \/>\n<meta property=\"og:type\" content=\"article\" \/>\n<meta property=\"og:title\" content=\"TRF4: Auxiliar de enfermagem com aposentadoria especial poder\u00e1 trabalhar durante a pandemia (01\/10\/2021) | Portal de Not\u00edcias\" \/>\n<meta property=\"og:description\" content=\"Nesta quinta-feira (30\/9), a desembargadora Ta\u00eds Schilling Ferraz, do Tribunal Regional Federal da 4\u00aa Regi\u00e3o (TRF4), concedeu tutela de urg\u00eancia para que uma auxiliar de enfermagem de 66 anos de idade, que teve o pedido de aposentadoria especial deferido, possa continuar exercendo sua fun\u00e7\u00e3o at\u00e9 o fim da pandemia. A profissional da sa\u00fade, residente em [&hellip;]\" \/>\n<meta property=\"og:url\" content=\"https:\/\/mhcalculos.com.br\/noticias\/area\/previdenciario\/trf4-auxiliar-de-enfermagem-com-aposentadoria-especial-podera-trabalhar-durante-a-pandemia-01-10-2021.html\" \/>\n<meta property=\"og:site_name\" content=\"Portal de Not\u00edcias\" \/>\n<meta property=\"article:published_time\" content=\"2021-10-02T19:05:09+00:00\" \/>\n<meta property=\"og:image\" content=\"https:\/\/mhcalculos.com.br\/noticias\/wp-content\/uploads\/sites\/2\/2018\/06\/judiciario-0028.jpg\" \/>\n\t<meta property=\"og:image:width\" content=\"2000\" \/>\n\t<meta property=\"og:image:height\" content=\"800\" \/>\n\t<meta property=\"og:image:type\" content=\"image\/jpeg\" \/>\n<meta name=\"author\" content=\"Equipe MH\" \/>\n<meta name=\"twitter:card\" content=\"summary_large_image\" \/>\n<meta name=\"twitter:label1\" content=\"Escrito por\" \/>\n\t<meta name=\"twitter:data1\" content=\"Equipe MH\" \/>\n\t<meta name=\"twitter:label2\" content=\"Est. tempo de leitura\" \/>\n\t<meta name=\"twitter:data2\" content=\"3 minutos\" \/>\n<script type=\"application\/ld+json\" class=\"yoast-schema-graph\">{\"@context\":\"https:\/\/schema.org\",\"@graph\":[{\"@type\":\"Article\",\"@id\":\"https:\/\/mhcalculos.com.br\/noticias\/area\/previdenciario\/trf4-auxiliar-de-enfermagem-com-aposentadoria-especial-podera-trabalhar-durante-a-pandemia-01-10-2021.html#article\",\"isPartOf\":{\"@id\":\"https:\/\/mhcalculos.com.br\/noticias\/area\/previdenciario\/trf4-auxiliar-de-enfermagem-com-aposentadoria-especial-podera-trabalhar-durante-a-pandemia-01-10-2021.html\"},\"author\":{\"name\":\"Equipe MH\",\"@id\":\"https:\/\/mhcalculos.com.br\/noticias\/#\/schema\/person\/88d1c34bf72dc779ea14a5a6b8e0ae8d\"},\"headline\":\"TRF4: Auxiliar de enfermagem com aposentadoria especial poder\u00e1 trabalhar durante a pandemia (01\/10\/2021)\",\"datePublished\":\"2021-10-02T19:05:09+00:00\",\"mainEntityOfPage\":{\"@id\":\"https:\/\/mhcalculos.com.br\/noticias\/area\/previdenciario\/trf4-auxiliar-de-enfermagem-com-aposentadoria-especial-podera-trabalhar-durante-a-pandemia-01-10-2021.html\"},\"wordCount\":555,\"commentCount\":0,\"image\":{\"@id\":\"https:\/\/mhcalculos.com.br\/noticias\/area\/previdenciario\/trf4-auxiliar-de-enfermagem-com-aposentadoria-especial-podera-trabalhar-durante-a-pandemia-01-10-2021.html#primaryimage\"},\"thumbnailUrl\":\"https:\/\/mhcalculos.com.br\/noticias\/wp-content\/uploads\/sites\/2\/2018\/06\/judiciario-0028.jpg\",\"keywords\":[\"aposentadoria\",\"c\u00e1lculos previdenci\u00e1rios\",\"direito previdenci\u00e1rio\",\"inss\",\"per\u00edcia\",\"perito\",\"trf4\"],\"articleSection\":[\"Direito Previdenci\u00e1rio\",\"TRF4\"],\"inLanguage\":\"pt-BR\",\"potentialAction\":[{\"@type\":\"CommentAction\",\"name\":\"Comment\",\"target\":[\"https:\/\/mhcalculos.com.br\/noticias\/area\/previdenciario\/trf4-auxiliar-de-enfermagem-com-aposentadoria-especial-podera-trabalhar-durante-a-pandemia-01-10-2021.html#respond\"]}]},{\"@type\":\"WebPage\",\"@id\":\"https:\/\/mhcalculos.com.br\/noticias\/area\/previdenciario\/trf4-auxiliar-de-enfermagem-com-aposentadoria-especial-podera-trabalhar-durante-a-pandemia-01-10-2021.html\",\"url\":\"https:\/\/mhcalculos.com.br\/noticias\/area\/previdenciario\/trf4-auxiliar-de-enfermagem-com-aposentadoria-especial-podera-trabalhar-durante-a-pandemia-01-10-2021.html\",\"name\":\"TRF4: Auxiliar de enfermagem com aposentadoria especial poder\u00e1 trabalhar durante a pandemia (01\/10\/2021) | Portal de Not\u00edcias\",\"isPartOf\":{\"@id\":\"https:\/\/mhcalculos.com.br\/noticias\/#website\"},\"primaryImageOfPage\":{\"@id\":\"https:\/\/mhcalculos.com.br\/noticias\/area\/previdenciario\/trf4-auxiliar-de-enfermagem-com-aposentadoria-especial-podera-trabalhar-durante-a-pandemia-01-10-2021.html#primaryimage\"},\"image\":{\"@id\":\"https:\/\/mhcalculos.com.br\/noticias\/area\/previdenciario\/trf4-auxiliar-de-enfermagem-com-aposentadoria-especial-podera-trabalhar-durante-a-pandemia-01-10-2021.html#primaryimage\"},\"thumbnailUrl\":\"https:\/\/mhcalculos.com.br\/noticias\/wp-content\/uploads\/sites\/2\/2018\/06\/judiciario-0028.jpg\",\"datePublished\":\"2021-10-02T19:05:09+00:00\",\"author\":{\"@id\":\"https:\/\/mhcalculos.com.br\/noticias\/#\/schema\/person\/88d1c34bf72dc779ea14a5a6b8e0ae8d\"},\"breadcrumb\":{\"@id\":\"https:\/\/mhcalculos.com.br\/noticias\/area\/previdenciario\/trf4-auxiliar-de-enfermagem-com-aposentadoria-especial-podera-trabalhar-durante-a-pandemia-01-10-2021.html#breadcrumb\"},\"inLanguage\":\"pt-BR\",\"potentialAction\":[{\"@type\":\"ReadAction\",\"target\":[\"https:\/\/mhcalculos.com.br\/noticias\/area\/previdenciario\/trf4-auxiliar-de-enfermagem-com-aposentadoria-especial-podera-trabalhar-durante-a-pandemia-01-10-2021.html\"]}]},{\"@type\":\"ImageObject\",\"inLanguage\":\"pt-BR\",\"@id\":\"https:\/\/mhcalculos.com.br\/noticias\/area\/previdenciario\/trf4-auxiliar-de-enfermagem-com-aposentadoria-especial-podera-trabalhar-durante-a-pandemia-01-10-2021.html#primaryimage\",\"url\":\"https:\/\/mhcalculos.com.br\/noticias\/wp-content\/uploads\/sites\/2\/2018\/06\/judiciario-0028.jpg\",\"contentUrl\":\"https:\/\/mhcalculos.com.br\/noticias\/wp-content\/uploads\/sites\/2\/2018\/06\/judiciario-0028.jpg\",\"width\":2000,\"height\":800},{\"@type\":\"BreadcrumbList\",\"@id\":\"https:\/\/mhcalculos.com.br\/noticias\/area\/previdenciario\/trf4-auxiliar-de-enfermagem-com-aposentadoria-especial-podera-trabalhar-durante-a-pandemia-01-10-2021.html#breadcrumb\",\"itemListElement\":[{\"@type\":\"ListItem\",\"position\":1,\"name\":\"In\u00edcio\",\"item\":\"https:\/\/mhcalculos.com.br\/noticias\/\"},{\"@type\":\"ListItem\",\"position\":2,\"name\":\"TRF4: Auxiliar de enfermagem com aposentadoria especial poder\u00e1 trabalhar durante a pandemia (01\/10\/2021)\"}]},{\"@type\":\"WebSite\",\"@id\":\"https:\/\/mhcalculos.com.br\/noticias\/#website\",\"url\":\"https:\/\/mhcalculos.com.br\/noticias\/\",\"name\":\"Portal de Not\u00edcias\",\"description\":\"Not\u00edcias e Jurisprud\u00eancia\",\"potentialAction\":[{\"@type\":\"SearchAction\",\"target\":{\"@type\":\"EntryPoint\",\"urlTemplate\":\"https:\/\/mhcalculos.com.br\/noticias\/?s={search_term_string}\"},\"query-input\":{\"@type\":\"PropertyValueSpecification\",\"valueRequired\":true,\"valueName\":\"search_term_string\"}}],\"inLanguage\":\"pt-BR\"},{\"@type\":\"Person\",\"@id\":\"https:\/\/mhcalculos.com.br\/noticias\/#\/schema\/person\/88d1c34bf72dc779ea14a5a6b8e0ae8d\",\"name\":\"Equipe MH\",\"image\":{\"@type\":\"ImageObject\",\"inLanguage\":\"pt-BR\",\"@id\":\"https:\/\/secure.gravatar.com\/avatar\/de1c686c2ecc9c5a3f327e3431d819eb39f8f05d4e1045f5a1caad6daaba987f?s=96&d=mm&r=g\",\"url\":\"https:\/\/secure.gravatar.com\/avatar\/de1c686c2ecc9c5a3f327e3431d819eb39f8f05d4e1045f5a1caad6daaba987f?s=96&d=mm&r=g\",\"contentUrl\":\"https:\/\/secure.gravatar.com\/avatar\/de1c686c2ecc9c5a3f327e3431d819eb39f8f05d4e1045f5a1caad6daaba987f?s=96&d=mm&r=g\",\"caption\":\"Equipe MH\"}}]}<\/script>\n<!-- \/ Yoast SEO plugin. -->","yoast_head_json":{"title":"TRF4: Auxiliar de enfermagem com aposentadoria especial poder\u00e1 trabalhar durante a pandemia (01\/10\/2021) | Portal de Not\u00edcias","robots":{"index":"index","follow":"follow","max-snippet":"max-snippet:-1","max-image-preview":"max-image-preview:large","max-video-preview":"max-video-preview:-1"},"canonical":"https:\/\/mhcalculos.com.br\/noticias\/area\/previdenciario\/trf4-auxiliar-de-enfermagem-com-aposentadoria-especial-podera-trabalhar-durante-a-pandemia-01-10-2021.html","og_locale":"pt_BR","og_type":"article","og_title":"TRF4: Auxiliar de enfermagem com aposentadoria especial poder\u00e1 trabalhar durante a pandemia (01\/10\/2021) | Portal de Not\u00edcias","og_description":"Nesta quinta-feira (30\/9), a desembargadora Ta\u00eds Schilling Ferraz, do Tribunal Regional Federal da 4\u00aa Regi\u00e3o (TRF4), concedeu tutela de urg\u00eancia para que uma auxiliar de enfermagem de 66 anos de idade, que teve o pedido de aposentadoria especial deferido, possa continuar exercendo sua fun\u00e7\u00e3o at\u00e9 o fim da pandemia. A profissional da sa\u00fade, residente em [&hellip;]","og_url":"https:\/\/mhcalculos.com.br\/noticias\/area\/previdenciario\/trf4-auxiliar-de-enfermagem-com-aposentadoria-especial-podera-trabalhar-durante-a-pandemia-01-10-2021.html","og_site_name":"Portal de Not\u00edcias","article_published_time":"2021-10-02T19:05:09+00:00","og_image":[{"width":2000,"height":800,"url":"https:\/\/mhcalculos.com.br\/noticias\/wp-content\/uploads\/sites\/2\/2018\/06\/judiciario-0028.jpg","type":"image\/jpeg"}],"author":"Equipe MH","twitter_card":"summary_large_image","twitter_misc":{"Escrito por":"Equipe MH","Est. tempo de leitura":"3 minutos"},"schema":{"@context":"https:\/\/schema.org","@graph":[{"@type":"Article","@id":"https:\/\/mhcalculos.com.br\/noticias\/area\/previdenciario\/trf4-auxiliar-de-enfermagem-com-aposentadoria-especial-podera-trabalhar-durante-a-pandemia-01-10-2021.html#article","isPartOf":{"@id":"https:\/\/mhcalculos.com.br\/noticias\/area\/previdenciario\/trf4-auxiliar-de-enfermagem-com-aposentadoria-especial-podera-trabalhar-durante-a-pandemia-01-10-2021.html"},"author":{"name":"Equipe MH","@id":"https:\/\/mhcalculos.com.br\/noticias\/#\/schema\/person\/88d1c34bf72dc779ea14a5a6b8e0ae8d"},"headline":"TRF4: Auxiliar de enfermagem com aposentadoria especial poder\u00e1 trabalhar durante a pandemia (01\/10\/2021)","datePublished":"2021-10-02T19:05:09+00:00","mainEntityOfPage":{"@id":"https:\/\/mhcalculos.com.br\/noticias\/area\/previdenciario\/trf4-auxiliar-de-enfermagem-com-aposentadoria-especial-podera-trabalhar-durante-a-pandemia-01-10-2021.html"},"wordCount":555,"commentCount":0,"image":{"@id":"https:\/\/mhcalculos.com.br\/noticias\/area\/previdenciario\/trf4-auxiliar-de-enfermagem-com-aposentadoria-especial-podera-trabalhar-durante-a-pandemia-01-10-2021.html#primaryimage"},"thumbnailUrl":"https:\/\/mhcalculos.com.br\/noticias\/wp-content\/uploads\/sites\/2\/2018\/06\/judiciario-0028.jpg","keywords":["aposentadoria","c\u00e1lculos previdenci\u00e1rios","direito previdenci\u00e1rio","inss","per\u00edcia","perito","trf4"],"articleSection":["Direito Previdenci\u00e1rio","TRF4"],"inLanguage":"pt-BR","potentialAction":[{"@type":"CommentAction","name":"Comment","target":["https:\/\/mhcalculos.com.br\/noticias\/area\/previdenciario\/trf4-auxiliar-de-enfermagem-com-aposentadoria-especial-podera-trabalhar-durante-a-pandemia-01-10-2021.html#respond"]}]},{"@type":"WebPage","@id":"https:\/\/mhcalculos.com.br\/noticias\/area\/previdenciario\/trf4-auxiliar-de-enfermagem-com-aposentadoria-especial-podera-trabalhar-durante-a-pandemia-01-10-2021.html","url":"https:\/\/mhcalculos.com.br\/noticias\/area\/previdenciario\/trf4-auxiliar-de-enfermagem-com-aposentadoria-especial-podera-trabalhar-durante-a-pandemia-01-10-2021.html","name":"TRF4: Auxiliar de enfermagem com aposentadoria especial poder\u00e1 trabalhar durante a pandemia (01\/10\/2021) | Portal de Not\u00edcias","isPartOf":{"@id":"https:\/\/mhcalculos.com.br\/noticias\/#website"},"primaryImageOfPage":{"@id":"https:\/\/mhcalculos.com.br\/noticias\/area\/previdenciario\/trf4-auxiliar-de-enfermagem-com-aposentadoria-especial-podera-trabalhar-durante-a-pandemia-01-10-2021.html#primaryimage"},"image":{"@id":"https:\/\/mhcalculos.com.br\/noticias\/area\/previdenciario\/trf4-auxiliar-de-enfermagem-com-aposentadoria-especial-podera-trabalhar-durante-a-pandemia-01-10-2021.html#primaryimage"},"thumbnailUrl":"https:\/\/mhcalculos.com.br\/noticias\/wp-content\/uploads\/sites\/2\/2018\/06\/judiciario-0028.jpg","datePublished":"2021-10-02T19:05:09+00:00","author":{"@id":"https:\/\/mhcalculos.com.br\/noticias\/#\/schema\/person\/88d1c34bf72dc779ea14a5a6b8e0ae8d"},"breadcrumb":{"@id":"https:\/\/mhcalculos.com.br\/noticias\/area\/previdenciario\/trf4-auxiliar-de-enfermagem-com-aposentadoria-especial-podera-trabalhar-durante-a-pandemia-01-10-2021.html#breadcrumb"},"inLanguage":"pt-BR","potentialAction":[{"@type":"ReadAction","target":["https:\/\/mhcalculos.com.br\/noticias\/area\/previdenciario\/trf4-auxiliar-de-enfermagem-com-aposentadoria-especial-podera-trabalhar-durante-a-pandemia-01-10-2021.html"]}]},{"@type":"ImageObject","inLanguage":"pt-BR","@id":"https:\/\/mhcalculos.com.br\/noticias\/area\/previdenciario\/trf4-auxiliar-de-enfermagem-com-aposentadoria-especial-podera-trabalhar-durante-a-pandemia-01-10-2021.html#primaryimage","url":"https:\/\/mhcalculos.com.br\/noticias\/wp-content\/uploads\/sites\/2\/2018\/06\/judiciario-0028.jpg","contentUrl":"https:\/\/mhcalculos.com.br\/noticias\/wp-content\/uploads\/sites\/2\/2018\/06\/judiciario-0028.jpg","width":2000,"height":800},{"@type":"BreadcrumbList","@id":"https:\/\/mhcalculos.com.br\/noticias\/area\/previdenciario\/trf4-auxiliar-de-enfermagem-com-aposentadoria-especial-podera-trabalhar-durante-a-pandemia-01-10-2021.html#breadcrumb","itemListElement":[{"@type":"ListItem","position":1,"name":"In\u00edcio","item":"https:\/\/mhcalculos.com.br\/noticias\/"},{"@type":"ListItem","position":2,"name":"TRF4: Auxiliar de enfermagem com aposentadoria especial poder\u00e1 trabalhar durante a pandemia (01\/10\/2021)"}]},{"@type":"WebSite","@id":"https:\/\/mhcalculos.com.br\/noticias\/#website","url":"https:\/\/mhcalculos.com.br\/noticias\/","name":"Portal de Not\u00edcias","description":"Not\u00edcias e Jurisprud\u00eancia","potentialAction":[{"@type":"SearchAction","target":{"@type":"EntryPoint","urlTemplate":"https:\/\/mhcalculos.com.br\/noticias\/?s={search_term_string}"},"query-input":{"@type":"PropertyValueSpecification","valueRequired":true,"valueName":"search_term_string"}}],"inLanguage":"pt-BR"},{"@type":"Person","@id":"https:\/\/mhcalculos.com.br\/noticias\/#\/schema\/person\/88d1c34bf72dc779ea14a5a6b8e0ae8d","name":"Equipe MH","image":{"@type":"ImageObject","inLanguage":"pt-BR","@id":"https:\/\/secure.gravatar.com\/avatar\/de1c686c2ecc9c5a3f327e3431d819eb39f8f05d4e1045f5a1caad6daaba987f?s=96&d=mm&r=g","url":"https:\/\/secure.gravatar.com\/avatar\/de1c686c2ecc9c5a3f327e3431d819eb39f8f05d4e1045f5a1caad6daaba987f?s=96&d=mm&r=g","contentUrl":"https:\/\/secure.gravatar.com\/avatar\/de1c686c2ecc9c5a3f327e3431d819eb39f8f05d4e1045f5a1caad6daaba987f?s=96&d=mm&r=g","caption":"Equipe MH"}}]}},"_links":{"self":[{"href":"https:\/\/mhcalculos.com.br\/noticias\/wp-json\/wp\/v2\/posts\/10663","targetHints":{"allow":["GET"]}}],"collection":[{"href":"https:\/\/mhcalculos.com.br\/noticias\/wp-json\/wp\/v2\/posts"}],"about":[{"href":"https:\/\/mhcalculos.com.br\/noticias\/wp-json\/wp\/v2\/types\/post"}],"author":[{"embeddable":true,"href":"https:\/\/mhcalculos.com.br\/noticias\/wp-json\/wp\/v2\/users\/3063"}],"replies":[{"embeddable":true,"href":"https:\/\/mhcalculos.com.br\/noticias\/wp-json\/wp\/v2\/comments?post=10663"}],"version-history":[{"count":0,"href":"https:\/\/mhcalculos.com.br\/noticias\/wp-json\/wp\/v2\/posts\/10663\/revisions"}],"wp:featuredmedia":[{"embeddable":true,"href":"https:\/\/mhcalculos.com.br\/noticias\/wp-json\/wp\/v2\/media\/2365"}],"wp:attachment":[{"href":"https:\/\/mhcalculos.com.br\/noticias\/wp-json\/wp\/v2\/media?parent=10663"}],"wp:term":[{"taxonomy":"category","embeddable":true,"href":"https:\/\/mhcalculos.com.br\/noticias\/wp-json\/wp\/v2\/categories?post=10663"},{"taxonomy":"post_tag","embeddable":true,"href":"https:\/\/mhcalculos.com.br\/noticias\/wp-json\/wp\/v2\/tags?post=10663"}],"curies":[{"name":"wp","href":"https:\/\/api.w.org\/{rel}","templated":true}]}}