{"id":10653,"date":"2021-09-23T08:00:00","date_gmt":"2021-09-23T11:00:00","guid":{"rendered":"https:\/\/mhcalculos.com.br\/noticias\/area\/trabalhista\/tst-justica-do-trabalho-prosseguira-cobranca-de-multa-administrativa-de-empresa-falida.html"},"modified":"2021-09-23T08:00:00","modified_gmt":"2021-09-23T11:00:00","slug":"tst-justica-do-trabalho-prosseguira-cobranca-de-multa-administrativa-de-empresa-falida","status":"publish","type":"post","link":"https:\/\/mhcalculos.com.br\/noticias\/area\/trabalhista\/tst-justica-do-trabalho-prosseguira-cobranca-de-multa-administrativa-de-empresa-falida.html","title":{"rendered":"TST: Justi\u00e7a do Trabalho prosseguir\u00e1 cobran\u00e7a de multa administrativa de empresa falida"},"content":{"rendered":"<p><br \/>\n<\/p>\n<p><em><\/p>\n<p>A decis\u00e3o da 2\u00aa Turma leva em conta altera\u00e7\u00f5es na Lei de Fal\u00eancias sobre a compet\u00eancia.<\/p>\n<p><\/em><\/p>\n<p>        <a class=\"share-facebook\" href=\"https:\/\/www.facebook.com\/sharer.php?u=http:\/\/www.tst.jus.br\/-\/justi%C3%A7a-do-trabalho-vai-prosseguir-cobran%C3%A7a-de-multa-administrativa-de-empresa-falida\" target=\"_blank\" rel=\"noopener\"><\/a><br \/>\n        <a class=\"share-twitter\" href=\"http:\/\/twitter.com\/intent\/tweet?text=Justi\u00e7a do Trabalho prosseguir\u00e1 cobran\u00e7a de multa administrativa de empresa falida%0AVeja%20mais%20em:&amp;url=http:\/\/www.tst.jus.br\/-\/justi%C3%A7a-do-trabalho-vai-prosseguir-cobran%C3%A7a-de-multa-administrativa-de-empresa-falida\" target=\"_blank\" rel=\"noopener\"><\/a><br \/>\n        <a class=\"share-linkedin\" href=\"https:\/\/www.linkedin.com\/shareArticle?mini=true&amp;url=http:\/\/www.tst.jus.br\/-\/justi%C3%A7a-do-trabalho-vai-prosseguir-cobran%C3%A7a-de-multa-administrativa-de-empresa-falida&amp;title=Justi\u00e7a do Trabalho prosseguir\u00e1 cobran\u00e7a de multa administrativa de empresa falida\" target=\"_blank\" rel=\"noopener\"><\/a><br \/>\n        <a class=\"share-whatsapp\" href=\"https:\/\/web.whatsapp.com\/send?text=http:\/\/www.tst.jus.br\/-\/justi%C3%A7a-do-trabalho-vai-prosseguir-cobran%C3%A7a-de-multa-administrativa-de-empresa-falida\" target=\"_blank\" rel=\"noopener\"><\/a><br \/>\n        <a class=\"share-googleplus\" href=\"https:\/\/plus.google.com\/share?url=http:\/\/www.tst.jus.br\/-\/justi%C3%A7a-do-trabalho-vai-prosseguir-cobran%C3%A7a-de-multa-administrativa-de-empresa-falida\" target=\"_blank\" rel=\"noopener\"><\/a><\/p>\n<p>                <\/p>\n<p>Sala vazia, apenas com cadeira de escrit\u00f3rio<\/p>\n<p>                    <a class=\"share-facebook\" href=\"https:\/\/www.facebook.com\/sharer.php?u=http:\/\/www.tst.jus.br\/-\/justi%C3%A7a-do-trabalho-vai-prosseguir-cobran%C3%A7a-de-multa-administrativa-de-empresa-falida\" target=\"_blank\" rel=\"noopener\"><\/a><br \/>\n                    <a class=\"share-twitter\" href=\"http:\/\/twitter.com\/intent\/tweet?text=Justi\u00e7a do Trabalho prosseguir\u00e1 cobran\u00e7a de multa administrativa de empresa falida%0AVeja%20mais%20em:&amp;url=http:\/\/www.tst.jus.br\/-\/justi%C3%A7a-do-trabalho-vai-prosseguir-cobran%C3%A7a-de-multa-administrativa-de-empresa-falida\" target=\"_blank\" rel=\"noopener\"><\/a><br \/>\n                    <a class=\"share-linkedin\" href=\"https:\/\/www.linkedin.com\/shareArticle?mini=true&amp;url=http:\/\/www.tst.jus.br\/-\/justi%C3%A7a-do-trabalho-vai-prosseguir-cobran%C3%A7a-de-multa-administrativa-de-empresa-falida&amp;title=Justi\u00e7a do Trabalho prosseguir\u00e1 cobran\u00e7a de multa administrativa de empresa falida\" target=\"_blank\" rel=\"noopener\"><\/a><br \/>\n                    <a class=\"share-whatsapp\" href=\"https:\/\/web.whatsapp.com\/send?text=http:\/\/www.tst.jus.br\/-\/justi%C3%A7a-do-trabalho-vai-prosseguir-cobran%C3%A7a-de-multa-administrativa-de-empresa-falida\" target=\"_blank\" rel=\"noopener\"><\/a><br \/>\n                    <a class=\"share-googleplus\" href=\"https:\/\/plus.google.com\/share?url=http:\/\/www.tst.jus.br\/-\/justi%C3%A7a-do-trabalho-vai-prosseguir-cobran%C3%A7a-de-multa-administrativa-de-empresa-falida\" target=\"_blank\" rel=\"noopener\"><\/a><\/p>\n<p>23\/09\/21 &#8211;&nbsp;A Segunda Turma do Tribunal Superior do Trabalho declarou a compet\u00eancia da Justi\u00e7a do Trabalho para processar a execu\u00e7\u00e3o de uma multa administrativa imposta \u00e0 Carbus Ind\u00fastria e Com\u00e9rcio Ltda., de Cordeir\u00f3polis (SP), por descumprimento da legisla\u00e7\u00e3o trabalhista. Embora tenha sido decretada a fal\u00eancia da empresa no curso da a\u00e7\u00e3o, o colegiado levou em conta as altera\u00e7\u00f5es introduzidas na Lei de Fal\u00eancias (<a href=\"http:\/\/www.planalto.gov.br\/ccivil_03\/_ato2004-2006\/2005\/lei\/l11101.htm\" target=\"_blank\" rel=\"noopener\">Lei 1.1101\/2005<\/a>) pela <a href=\"http:\/\/www.planalto.gov.br\/ccivil_03\/_ato2019-2022\/2020\/lei\/L14112.htm\" target=\"_blank\" rel=\"noopener\">Lei 14.112\/2020<\/a>.<\/p>\n<h4>Execu\u00e7\u00e3o<\/h4>\n<p>A a\u00e7\u00e3o foi ajuizada pela Uni\u00e3o (Fazenda Nacional) contra a empresa, visando ao recolhimento de cr\u00e9ditos fazend\u00e1rios relativos \u00e0 multa por descumprimento da legisla\u00e7\u00e3o trabalhista. No curso do processo a empresa teve a fal\u00eancia decretada, levando o ju\u00edzo da 1\u00aa Vara do Trabalho de Limeira (SP) a declinar da compet\u00eancia da Justi\u00e7a do Trabalho e determinar a habilita\u00e7\u00e3o do cr\u00e9dito no ju\u00edzo falimentar (no caso, a Vara Civil de Cordeir\u00f3polis).<\/p>\n<p>Contra essa decis\u00e3o, a Fazenda Nacional sustentou que os cr\u00e9ditos inscritos na d\u00edvida ativa da Uni\u00e3o n\u00e3o estariam sujeitos \u00e0 habilita\u00e7\u00e3o em recupera\u00e7\u00e3o judicial ou fal\u00eancia e que a execu\u00e7\u00e3o fiscal n\u00e3o poderia ser extinta ou suspensa.<\/p>\n<h4>Ju\u00edzo falimentar<\/h4>\n<p>Contudo, o Tribunal Regional do Trabalho da 15\u00aa Regi\u00e3o (Campinas\/SP) manteve a decis\u00e3o, por entender que, de acordo com a jurisprud\u00eancia do TST, n\u00e3o caberia \u00e0 Justi\u00e7a do Trabalho proceder \u00e0&nbsp;execu\u00e7\u00e3o contra a massa falida, pois essa prerrogativa seria do ju\u00edzo falimentar.<\/p>\n<h4>Altera\u00e7\u00e3o legislativa<\/h4>\n<p>O relator do recurso de revista da Uni\u00e3o, desembargador convocado Marcelo Lamego Pertence, observou que o TST, reiteradamente, vem decidindo que, no caso de recupera\u00e7\u00e3o judicial ou fal\u00eancia da empresa, o cr\u00e9dito relativo \u00e0 execu\u00e7\u00e3o fiscal deve ser habilitado no ju\u00edzo falimentar, pois a compet\u00eancia da Justi\u00e7a do Trabalho se encerra com a individualiza\u00e7\u00e3o e a quantifica\u00e7\u00e3o do cr\u00e9dito. Entretanto, chamou aten\u00e7\u00e3o para o fato de que a Lei 14.112\/2020 trouxe consider\u00e1veis altera\u00e7\u00f5es \u00e0 Lei de Fal\u00eancias e, por isso, n\u00e3o seria o caso de aplicar a esse processo os fundamentos de decis\u00f5es jurisprudenciais passadas.&nbsp;<\/p>\n<p>Para o desembargador, conforme o artigo 6\u00ba, par\u00e1grafo 11, da Lei de Fal\u00eancias, inclu\u00eddo pela norma de 2020, ainda que haja decreta\u00e7\u00e3o da fal\u00eancia ou o deferimento da recupera\u00e7\u00e3o judicial, as execu\u00e7\u00f5es fiscais decorrentes de penalidades administrativas impostas aos empregadores pelos \u00f3rg\u00e3os de fiscaliza\u00e7\u00e3o das rela\u00e7\u00f5es de trabalho e as execu\u00e7\u00f5es de of\u00edcio das contribui\u00e7\u00f5es \u00e0 seguridade social decorrentes das condena\u00e7\u00f5es trabalhistas devem ser processadas na Justi\u00e7a do Trabalho.<\/p>\n<p>A decis\u00e3o foi un\u00e2nime.<\/p>\n<p>(DA\/CF)<\/p>\n<p>Processo: <a href=\"http:\/\/aplicacao4.tst.jus.br\/consultaProcessual\/resumoForm.do?consulta=1&amp;numeroInt=342664&amp;anoInt=2020\" target=\"_blank\" rel=\"noopener\">RR-10366-92.2015.5.15.0014<\/a><\/p>\n<p>O TST tem oito Turmas, cada uma composta de tr\u00eas ministros, com a atribui\u00e7\u00e3o de analisar recursos de revista, agravos, agravos de instrumento, agravos regimentais e recursos ordin\u00e1rios em a\u00e7\u00e3o cautelar. Das decis\u00f5es das Turmas, a parte ainda pode, em alguns casos, recorrer \u00e0 Subse\u00e7\u00e3o I Especializada em Diss\u00eddios Individuais (SDI-1).<\/p>\n<p>Esta mat\u00e9ria tem cunho meramente informativo.<br \/>\nPermitida a reprodu\u00e7\u00e3o mediante cita\u00e7\u00e3o da fonte.<br \/>\nSecretaria de Comunica\u00e7\u00e3o Social<br \/>\n<a href=\"http:\/\/www.tst.jus.br\" target=\"_blank\" rel=\"noopener\">Tribunal Superior do Trabalho<\/a><br \/>\nTel. (61) 3043-4907&nbsp;<br \/>\n<a href=\"mailto:secom@tst.jus.br\" target=\"\" rel=\"noopener\">secom@tst.jus.br<\/a><\/p>\n<p>    $(&#8216;#lightbox-seup_ .slider-gallery-wrapper img&#8217;).hover(<br \/>\n    function() {<br \/>\n        const $text=$($($(this).parent()).next());<br \/>\n        $text.hasClass(&#8216;inside-description&#8217;) &amp;&amp; $text.fadeTo( &#8220;slow&#8221; , 0);<br \/>\n    }, function() {<br \/>\n        const $text=$($($(this).parent()).next());<br \/>\n        $text.hasClass(&#8216;inside-description&#8217;) &amp;&amp; $text.fadeTo( &#8220;slow&#8221; , 1);<br \/>\n    }<br \/>\n    );<br \/>\n    $(document).ready(function() {<br \/>\n        var seup_autoplaying=false;<br \/>\n        var seup_showingLightbox=false;<br \/>\n        const seup_playPauseControllers=&#8221;#slider-seup_-playpause, #slider-seup_-lightbox-playpause&#8221;;<br \/>\n        $(&#8220;#slider-seup_&#8221;).slick({<br \/>\n            slidesToShow: 1,<br \/>\n            slidesToScroll: 1,<br \/>\n            autoplay: seup_autoplaying,<br \/>\n            swipeToSlide: false,<br \/>\n            centerMode: false,<br \/>\n            autoplaySpeed: 3000,<br \/>\n            focusOnSelect: true,<br \/>\n            prevArrow:<br \/>\n            &#8221;,<br \/>\n            nextArrow:<br \/>\n            &#8221;,<br \/>\n            centerPadding: &#8220;60px&#8221;,<br \/>\n            responsive: [<br \/>\n                {<br \/>\n                    breakpoint: 767.98,<br \/>\n                    settings: {<br \/>\n                        slidesToShow: 3,<br \/>\n                        adaptiveHeight: true<br \/>\n                    }<br \/>\n                }<br \/>\n            ]<br \/>\n        });<br \/>\n        $(&#8220;#slider-seup_&#8221;).slickLightbox({<br \/>\n            src: &#8216;src&#8217;,<br \/>\n            itemSelector: &#8216;.galery-image .multimidia-wrapper img&#8217;,<br \/>\n            caption:&#8217;caption&#8217;<br \/>\n        });<br \/>\n    });<br \/>\n<script async src=\"https:\/\/platform.twitter.com\/widgets.js\" charset=\"utf-8\"><\/script><br \/>\n<br \/><i>Com informa\u00e7\u00f5es da assessoria de imprensa do TST.<\/i><br \/>\n<br \/><a href=\"http:\/\/www.tst.jus.br\/web\/guest\/noticias?p_p_id=89Dk&#038;p_p_lifecycle=0&#038;refererPlid=10730&#038;_89Dk_groupId=10157&#038;_89Dk_articleId=27636157\">Fonte<\/a><br \/>\n<br \/><\/p>\n","protected":false},"excerpt":{"rendered":"<p>A decis\u00e3o da 2\u00aa Turma leva em conta altera\u00e7\u00f5es na Lei de Fal\u00eancias sobre a compet\u00eancia. Sala vazia, apenas com cadeira de escrit\u00f3rio 23\/09\/21 &#8211;&nbsp;A Segunda Turma do Tribunal Superior do Trabalho declarou a compet\u00eancia da Justi\u00e7a do Trabalho para processar a execu\u00e7\u00e3o de uma multa administrativa imposta \u00e0 Carbus Ind\u00fastria e Com\u00e9rcio Ltda., de [&hellip;]<\/p>\n","protected":false},"author":3063,"featured_media":1990,"comment_status":"open","ping_status":"open","sticky":false,"template":"","format":"standard","meta":{"footnotes":""},"categories":[3,21],"tags":[33,216,9,12,217,215],"class_list":{"0":"post-10653","1":"post","2":"type-post","3":"status-publish","4":"format-standard","5":"has-post-thumbnail","7":"category-trabalhista","8":"category-tst","9":"tag-calculos-trabalhistas","10":"tag-direito-trabalhista","11":"tag-pericia","12":"tag-perito","13":"tag-trabalho","14":"tag-tst"},"yoast_head":"<!-- This site is optimized with the Yoast SEO plugin v27.2 - https:\/\/yoast.com\/product\/yoast-seo-wordpress\/ -->\n<title>TST: Justi\u00e7a do Trabalho prosseguir\u00e1 cobran\u00e7a de multa administrativa de empresa falida | Portal de Not\u00edcias<\/title>\n<meta name=\"robots\" content=\"index, follow, max-snippet:-1, max-image-preview:large, max-video-preview:-1\" \/>\n<link rel=\"canonical\" href=\"https:\/\/mhcalculos.com.br\/noticias\/area\/trabalhista\/tst-justica-do-trabalho-prosseguira-cobranca-de-multa-administrativa-de-empresa-falida.html\" \/>\n<meta property=\"og:locale\" content=\"pt_BR\" \/>\n<meta property=\"og:type\" content=\"article\" \/>\n<meta property=\"og:title\" content=\"TST: Justi\u00e7a do Trabalho prosseguir\u00e1 cobran\u00e7a de multa administrativa de empresa falida | Portal de Not\u00edcias\" \/>\n<meta property=\"og:description\" content=\"A decis\u00e3o da 2\u00aa Turma leva em conta altera\u00e7\u00f5es na Lei de Fal\u00eancias sobre a compet\u00eancia. Sala vazia, apenas com cadeira de escrit\u00f3rio 23\/09\/21 &#8211;&nbsp;A Segunda Turma do Tribunal Superior do Trabalho declarou a compet\u00eancia da Justi\u00e7a do Trabalho para processar a execu\u00e7\u00e3o de uma multa administrativa imposta \u00e0 Carbus Ind\u00fastria e Com\u00e9rcio Ltda., de [&hellip;]\" \/>\n<meta property=\"og:url\" content=\"https:\/\/mhcalculos.com.br\/noticias\/area\/trabalhista\/tst-justica-do-trabalho-prosseguira-cobranca-de-multa-administrativa-de-empresa-falida.html\" \/>\n<meta property=\"og:site_name\" content=\"Portal de Not\u00edcias\" \/>\n<meta property=\"article:published_time\" content=\"2021-09-23T11:00:00+00:00\" \/>\n<meta property=\"og:image\" content=\"https:\/\/mhcalculos.com.br\/noticias\/wp-content\/uploads\/sites\/2\/2018\/06\/judiciario-0007.jpg\" \/>\n\t<meta property=\"og:image:width\" content=\"2000\" \/>\n\t<meta property=\"og:image:height\" content=\"800\" \/>\n\t<meta property=\"og:image:type\" content=\"image\/jpeg\" \/>\n<meta name=\"author\" content=\"Equipe MH\" \/>\n<meta name=\"twitter:card\" content=\"summary_large_image\" \/>\n<meta name=\"twitter:label1\" content=\"Escrito por\" \/>\n\t<meta name=\"twitter:data1\" content=\"Equipe MH\" \/>\n\t<meta name=\"twitter:label2\" content=\"Est. tempo de leitura\" \/>\n\t<meta name=\"twitter:data2\" content=\"3 minutos\" \/>\n<script type=\"application\/ld+json\" class=\"yoast-schema-graph\">{\"@context\":\"https:\/\/schema.org\",\"@graph\":[{\"@type\":\"Article\",\"@id\":\"https:\/\/mhcalculos.com.br\/noticias\/area\/trabalhista\/tst-justica-do-trabalho-prosseguira-cobranca-de-multa-administrativa-de-empresa-falida.html#article\",\"isPartOf\":{\"@id\":\"https:\/\/mhcalculos.com.br\/noticias\/area\/trabalhista\/tst-justica-do-trabalho-prosseguira-cobranca-de-multa-administrativa-de-empresa-falida.html\"},\"author\":{\"name\":\"Equipe MH\",\"@id\":\"https:\/\/mhcalculos.com.br\/noticias\/#\/schema\/person\/88d1c34bf72dc779ea14a5a6b8e0ae8d\"},\"headline\":\"TST: Justi\u00e7a do Trabalho prosseguir\u00e1 cobran\u00e7a de multa administrativa de empresa falida\",\"datePublished\":\"2021-09-23T11:00:00+00:00\",\"mainEntityOfPage\":{\"@id\":\"https:\/\/mhcalculos.com.br\/noticias\/area\/trabalhista\/tst-justica-do-trabalho-prosseguira-cobranca-de-multa-administrativa-de-empresa-falida.html\"},\"wordCount\":688,\"commentCount\":0,\"image\":{\"@id\":\"https:\/\/mhcalculos.com.br\/noticias\/area\/trabalhista\/tst-justica-do-trabalho-prosseguira-cobranca-de-multa-administrativa-de-empresa-falida.html#primaryimage\"},\"thumbnailUrl\":\"https:\/\/mhcalculos.com.br\/noticias\/wp-content\/uploads\/sites\/2\/2018\/06\/judiciario-0007.jpg\",\"keywords\":[\"c\u00e1lculos trabalhistas\",\"direito trabalhista\",\"per\u00edcia\",\"perito\",\"trabalho\",\"TST\"],\"articleSection\":[\"Direito Trabalhista\",\"TST\"],\"inLanguage\":\"pt-BR\",\"potentialAction\":[{\"@type\":\"CommentAction\",\"name\":\"Comment\",\"target\":[\"https:\/\/mhcalculos.com.br\/noticias\/area\/trabalhista\/tst-justica-do-trabalho-prosseguira-cobranca-de-multa-administrativa-de-empresa-falida.html#respond\"]}]},{\"@type\":\"WebPage\",\"@id\":\"https:\/\/mhcalculos.com.br\/noticias\/area\/trabalhista\/tst-justica-do-trabalho-prosseguira-cobranca-de-multa-administrativa-de-empresa-falida.html\",\"url\":\"https:\/\/mhcalculos.com.br\/noticias\/area\/trabalhista\/tst-justica-do-trabalho-prosseguira-cobranca-de-multa-administrativa-de-empresa-falida.html\",\"name\":\"TST: Justi\u00e7a do Trabalho prosseguir\u00e1 cobran\u00e7a de multa administrativa de empresa falida | Portal de Not\u00edcias\",\"isPartOf\":{\"@id\":\"https:\/\/mhcalculos.com.br\/noticias\/#website\"},\"primaryImageOfPage\":{\"@id\":\"https:\/\/mhcalculos.com.br\/noticias\/area\/trabalhista\/tst-justica-do-trabalho-prosseguira-cobranca-de-multa-administrativa-de-empresa-falida.html#primaryimage\"},\"image\":{\"@id\":\"https:\/\/mhcalculos.com.br\/noticias\/area\/trabalhista\/tst-justica-do-trabalho-prosseguira-cobranca-de-multa-administrativa-de-empresa-falida.html#primaryimage\"},\"thumbnailUrl\":\"https:\/\/mhcalculos.com.br\/noticias\/wp-content\/uploads\/sites\/2\/2018\/06\/judiciario-0007.jpg\",\"datePublished\":\"2021-09-23T11:00:00+00:00\",\"author\":{\"@id\":\"https:\/\/mhcalculos.com.br\/noticias\/#\/schema\/person\/88d1c34bf72dc779ea14a5a6b8e0ae8d\"},\"breadcrumb\":{\"@id\":\"https:\/\/mhcalculos.com.br\/noticias\/area\/trabalhista\/tst-justica-do-trabalho-prosseguira-cobranca-de-multa-administrativa-de-empresa-falida.html#breadcrumb\"},\"inLanguage\":\"pt-BR\",\"potentialAction\":[{\"@type\":\"ReadAction\",\"target\":[\"https:\/\/mhcalculos.com.br\/noticias\/area\/trabalhista\/tst-justica-do-trabalho-prosseguira-cobranca-de-multa-administrativa-de-empresa-falida.html\"]}]},{\"@type\":\"ImageObject\",\"inLanguage\":\"pt-BR\",\"@id\":\"https:\/\/mhcalculos.com.br\/noticias\/area\/trabalhista\/tst-justica-do-trabalho-prosseguira-cobranca-de-multa-administrativa-de-empresa-falida.html#primaryimage\",\"url\":\"https:\/\/mhcalculos.com.br\/noticias\/wp-content\/uploads\/sites\/2\/2018\/06\/judiciario-0007.jpg\",\"contentUrl\":\"https:\/\/mhcalculos.com.br\/noticias\/wp-content\/uploads\/sites\/2\/2018\/06\/judiciario-0007.jpg\",\"width\":2000,\"height\":800},{\"@type\":\"BreadcrumbList\",\"@id\":\"https:\/\/mhcalculos.com.br\/noticias\/area\/trabalhista\/tst-justica-do-trabalho-prosseguira-cobranca-de-multa-administrativa-de-empresa-falida.html#breadcrumb\",\"itemListElement\":[{\"@type\":\"ListItem\",\"position\":1,\"name\":\"In\u00edcio\",\"item\":\"https:\/\/mhcalculos.com.br\/noticias\/\"},{\"@type\":\"ListItem\",\"position\":2,\"name\":\"TST: Justi\u00e7a do Trabalho prosseguir\u00e1 cobran\u00e7a de multa administrativa de empresa falida\"}]},{\"@type\":\"WebSite\",\"@id\":\"https:\/\/mhcalculos.com.br\/noticias\/#website\",\"url\":\"https:\/\/mhcalculos.com.br\/noticias\/\",\"name\":\"Portal de Not\u00edcias\",\"description\":\"Not\u00edcias e Jurisprud\u00eancia\",\"potentialAction\":[{\"@type\":\"SearchAction\",\"target\":{\"@type\":\"EntryPoint\",\"urlTemplate\":\"https:\/\/mhcalculos.com.br\/noticias\/?s={search_term_string}\"},\"query-input\":{\"@type\":\"PropertyValueSpecification\",\"valueRequired\":true,\"valueName\":\"search_term_string\"}}],\"inLanguage\":\"pt-BR\"},{\"@type\":\"Person\",\"@id\":\"https:\/\/mhcalculos.com.br\/noticias\/#\/schema\/person\/88d1c34bf72dc779ea14a5a6b8e0ae8d\",\"name\":\"Equipe MH\",\"image\":{\"@type\":\"ImageObject\",\"inLanguage\":\"pt-BR\",\"@id\":\"https:\/\/secure.gravatar.com\/avatar\/de1c686c2ecc9c5a3f327e3431d819eb39f8f05d4e1045f5a1caad6daaba987f?s=96&d=mm&r=g\",\"url\":\"https:\/\/secure.gravatar.com\/avatar\/de1c686c2ecc9c5a3f327e3431d819eb39f8f05d4e1045f5a1caad6daaba987f?s=96&d=mm&r=g\",\"contentUrl\":\"https:\/\/secure.gravatar.com\/avatar\/de1c686c2ecc9c5a3f327e3431d819eb39f8f05d4e1045f5a1caad6daaba987f?s=96&d=mm&r=g\",\"caption\":\"Equipe MH\"}}]}<\/script>\n<!-- \/ Yoast SEO plugin. -->","yoast_head_json":{"title":"TST: Justi\u00e7a do Trabalho prosseguir\u00e1 cobran\u00e7a de multa administrativa de empresa falida | Portal de Not\u00edcias","robots":{"index":"index","follow":"follow","max-snippet":"max-snippet:-1","max-image-preview":"max-image-preview:large","max-video-preview":"max-video-preview:-1"},"canonical":"https:\/\/mhcalculos.com.br\/noticias\/area\/trabalhista\/tst-justica-do-trabalho-prosseguira-cobranca-de-multa-administrativa-de-empresa-falida.html","og_locale":"pt_BR","og_type":"article","og_title":"TST: Justi\u00e7a do Trabalho prosseguir\u00e1 cobran\u00e7a de multa administrativa de empresa falida | Portal de Not\u00edcias","og_description":"A decis\u00e3o da 2\u00aa Turma leva em conta altera\u00e7\u00f5es na Lei de Fal\u00eancias sobre a compet\u00eancia. Sala vazia, apenas com cadeira de escrit\u00f3rio 23\/09\/21 &#8211;&nbsp;A Segunda Turma do Tribunal Superior do Trabalho declarou a compet\u00eancia da Justi\u00e7a do Trabalho para processar a execu\u00e7\u00e3o de uma multa administrativa imposta \u00e0 Carbus Ind\u00fastria e Com\u00e9rcio Ltda., de [&hellip;]","og_url":"https:\/\/mhcalculos.com.br\/noticias\/area\/trabalhista\/tst-justica-do-trabalho-prosseguira-cobranca-de-multa-administrativa-de-empresa-falida.html","og_site_name":"Portal de Not\u00edcias","article_published_time":"2021-09-23T11:00:00+00:00","og_image":[{"width":2000,"height":800,"url":"https:\/\/mhcalculos.com.br\/noticias\/wp-content\/uploads\/sites\/2\/2018\/06\/judiciario-0007.jpg","type":"image\/jpeg"}],"author":"Equipe MH","twitter_card":"summary_large_image","twitter_misc":{"Escrito por":"Equipe MH","Est. tempo de leitura":"3 minutos"},"schema":{"@context":"https:\/\/schema.org","@graph":[{"@type":"Article","@id":"https:\/\/mhcalculos.com.br\/noticias\/area\/trabalhista\/tst-justica-do-trabalho-prosseguira-cobranca-de-multa-administrativa-de-empresa-falida.html#article","isPartOf":{"@id":"https:\/\/mhcalculos.com.br\/noticias\/area\/trabalhista\/tst-justica-do-trabalho-prosseguira-cobranca-de-multa-administrativa-de-empresa-falida.html"},"author":{"name":"Equipe MH","@id":"https:\/\/mhcalculos.com.br\/noticias\/#\/schema\/person\/88d1c34bf72dc779ea14a5a6b8e0ae8d"},"headline":"TST: Justi\u00e7a do Trabalho prosseguir\u00e1 cobran\u00e7a de multa administrativa de empresa falida","datePublished":"2021-09-23T11:00:00+00:00","mainEntityOfPage":{"@id":"https:\/\/mhcalculos.com.br\/noticias\/area\/trabalhista\/tst-justica-do-trabalho-prosseguira-cobranca-de-multa-administrativa-de-empresa-falida.html"},"wordCount":688,"commentCount":0,"image":{"@id":"https:\/\/mhcalculos.com.br\/noticias\/area\/trabalhista\/tst-justica-do-trabalho-prosseguira-cobranca-de-multa-administrativa-de-empresa-falida.html#primaryimage"},"thumbnailUrl":"https:\/\/mhcalculos.com.br\/noticias\/wp-content\/uploads\/sites\/2\/2018\/06\/judiciario-0007.jpg","keywords":["c\u00e1lculos trabalhistas","direito trabalhista","per\u00edcia","perito","trabalho","TST"],"articleSection":["Direito Trabalhista","TST"],"inLanguage":"pt-BR","potentialAction":[{"@type":"CommentAction","name":"Comment","target":["https:\/\/mhcalculos.com.br\/noticias\/area\/trabalhista\/tst-justica-do-trabalho-prosseguira-cobranca-de-multa-administrativa-de-empresa-falida.html#respond"]}]},{"@type":"WebPage","@id":"https:\/\/mhcalculos.com.br\/noticias\/area\/trabalhista\/tst-justica-do-trabalho-prosseguira-cobranca-de-multa-administrativa-de-empresa-falida.html","url":"https:\/\/mhcalculos.com.br\/noticias\/area\/trabalhista\/tst-justica-do-trabalho-prosseguira-cobranca-de-multa-administrativa-de-empresa-falida.html","name":"TST: Justi\u00e7a do Trabalho prosseguir\u00e1 cobran\u00e7a de multa administrativa de empresa falida | Portal de Not\u00edcias","isPartOf":{"@id":"https:\/\/mhcalculos.com.br\/noticias\/#website"},"primaryImageOfPage":{"@id":"https:\/\/mhcalculos.com.br\/noticias\/area\/trabalhista\/tst-justica-do-trabalho-prosseguira-cobranca-de-multa-administrativa-de-empresa-falida.html#primaryimage"},"image":{"@id":"https:\/\/mhcalculos.com.br\/noticias\/area\/trabalhista\/tst-justica-do-trabalho-prosseguira-cobranca-de-multa-administrativa-de-empresa-falida.html#primaryimage"},"thumbnailUrl":"https:\/\/mhcalculos.com.br\/noticias\/wp-content\/uploads\/sites\/2\/2018\/06\/judiciario-0007.jpg","datePublished":"2021-09-23T11:00:00+00:00","author":{"@id":"https:\/\/mhcalculos.com.br\/noticias\/#\/schema\/person\/88d1c34bf72dc779ea14a5a6b8e0ae8d"},"breadcrumb":{"@id":"https:\/\/mhcalculos.com.br\/noticias\/area\/trabalhista\/tst-justica-do-trabalho-prosseguira-cobranca-de-multa-administrativa-de-empresa-falida.html#breadcrumb"},"inLanguage":"pt-BR","potentialAction":[{"@type":"ReadAction","target":["https:\/\/mhcalculos.com.br\/noticias\/area\/trabalhista\/tst-justica-do-trabalho-prosseguira-cobranca-de-multa-administrativa-de-empresa-falida.html"]}]},{"@type":"ImageObject","inLanguage":"pt-BR","@id":"https:\/\/mhcalculos.com.br\/noticias\/area\/trabalhista\/tst-justica-do-trabalho-prosseguira-cobranca-de-multa-administrativa-de-empresa-falida.html#primaryimage","url":"https:\/\/mhcalculos.com.br\/noticias\/wp-content\/uploads\/sites\/2\/2018\/06\/judiciario-0007.jpg","contentUrl":"https:\/\/mhcalculos.com.br\/noticias\/wp-content\/uploads\/sites\/2\/2018\/06\/judiciario-0007.jpg","width":2000,"height":800},{"@type":"BreadcrumbList","@id":"https:\/\/mhcalculos.com.br\/noticias\/area\/trabalhista\/tst-justica-do-trabalho-prosseguira-cobranca-de-multa-administrativa-de-empresa-falida.html#breadcrumb","itemListElement":[{"@type":"ListItem","position":1,"name":"In\u00edcio","item":"https:\/\/mhcalculos.com.br\/noticias\/"},{"@type":"ListItem","position":2,"name":"TST: Justi\u00e7a do Trabalho prosseguir\u00e1 cobran\u00e7a de multa administrativa de empresa falida"}]},{"@type":"WebSite","@id":"https:\/\/mhcalculos.com.br\/noticias\/#website","url":"https:\/\/mhcalculos.com.br\/noticias\/","name":"Portal de Not\u00edcias","description":"Not\u00edcias e Jurisprud\u00eancia","potentialAction":[{"@type":"SearchAction","target":{"@type":"EntryPoint","urlTemplate":"https:\/\/mhcalculos.com.br\/noticias\/?s={search_term_string}"},"query-input":{"@type":"PropertyValueSpecification","valueRequired":true,"valueName":"search_term_string"}}],"inLanguage":"pt-BR"},{"@type":"Person","@id":"https:\/\/mhcalculos.com.br\/noticias\/#\/schema\/person\/88d1c34bf72dc779ea14a5a6b8e0ae8d","name":"Equipe MH","image":{"@type":"ImageObject","inLanguage":"pt-BR","@id":"https:\/\/secure.gravatar.com\/avatar\/de1c686c2ecc9c5a3f327e3431d819eb39f8f05d4e1045f5a1caad6daaba987f?s=96&d=mm&r=g","url":"https:\/\/secure.gravatar.com\/avatar\/de1c686c2ecc9c5a3f327e3431d819eb39f8f05d4e1045f5a1caad6daaba987f?s=96&d=mm&r=g","contentUrl":"https:\/\/secure.gravatar.com\/avatar\/de1c686c2ecc9c5a3f327e3431d819eb39f8f05d4e1045f5a1caad6daaba987f?s=96&d=mm&r=g","caption":"Equipe MH"}}]}},"_links":{"self":[{"href":"https:\/\/mhcalculos.com.br\/noticias\/wp-json\/wp\/v2\/posts\/10653","targetHints":{"allow":["GET"]}}],"collection":[{"href":"https:\/\/mhcalculos.com.br\/noticias\/wp-json\/wp\/v2\/posts"}],"about":[{"href":"https:\/\/mhcalculos.com.br\/noticias\/wp-json\/wp\/v2\/types\/post"}],"author":[{"embeddable":true,"href":"https:\/\/mhcalculos.com.br\/noticias\/wp-json\/wp\/v2\/users\/3063"}],"replies":[{"embeddable":true,"href":"https:\/\/mhcalculos.com.br\/noticias\/wp-json\/wp\/v2\/comments?post=10653"}],"version-history":[{"count":0,"href":"https:\/\/mhcalculos.com.br\/noticias\/wp-json\/wp\/v2\/posts\/10653\/revisions"}],"wp:featuredmedia":[{"embeddable":true,"href":"https:\/\/mhcalculos.com.br\/noticias\/wp-json\/wp\/v2\/media\/1990"}],"wp:attachment":[{"href":"https:\/\/mhcalculos.com.br\/noticias\/wp-json\/wp\/v2\/media?parent=10653"}],"wp:term":[{"taxonomy":"category","embeddable":true,"href":"https:\/\/mhcalculos.com.br\/noticias\/wp-json\/wp\/v2\/categories?post=10653"},{"taxonomy":"post_tag","embeddable":true,"href":"https:\/\/mhcalculos.com.br\/noticias\/wp-json\/wp\/v2\/tags?post=10653"}],"curies":[{"name":"wp","href":"https:\/\/api.w.org\/{rel}","templated":true}]}}