{"id":10626,"date":"2021-09-09T19:39:00","date_gmt":"2021-09-09T22:39:00","guid":{"rendered":"https:\/\/mhcalculos.com.br\/noticias\/area\/trabalhista\/tst-participacao-de-petroleiro-em-reunioes-de-seguranca-contara-como-tempo-a-disposicao-do-empregador.html"},"modified":"2021-09-09T19:39:00","modified_gmt":"2021-09-09T22:39:00","slug":"tst-participacao-de-petroleiro-em-reunioes-de-seguranca-contara-como-tempo-a-disposicao-do-empregador","status":"publish","type":"post","link":"https:\/\/mhcalculos.com.br\/noticias\/area\/trabalhista\/tst-participacao-de-petroleiro-em-reunioes-de-seguranca-contara-como-tempo-a-disposicao-do-empregador.html","title":{"rendered":"TST: Participa\u00e7\u00e3o de petroleiro em reuni\u00f5es de seguran\u00e7a contar\u00e1 como tempo \u00e0 disposi\u00e7\u00e3o do empregador"},"content":{"rendered":"<p><br \/>\n<\/p>\n<p><em><\/p>\n<p>A empresa alegava aplica\u00e7\u00e3o de lei espec\u00edfica, mas o colegiado entendeu que a lei \u00e9 omissa quanto \u00e0 mat\u00e9ria<\/p>\n<p><\/em><\/p>\n<p>        <a class=\"share-facebook\" href=\"https:\/\/www.facebook.com\/sharer.php?u=http:\/\/www.tst.jus.br\/-\/participa%C3%A7%C3%A3o-de-petroleiro-em-reuni%C3%B5es-de-seguran%C3%A7a-contar%C3%A1-como-tempo-%C3%A0-disposi%C3%A7%C3%A3o-do-empregador\" target=\"_blank\" rel=\"noopener\"><\/a><br \/>\n        <a class=\"share-twitter\" href=\"http:\/\/twitter.com\/intent\/tweet?text=Participa\u00e7\u00e3o de petroleiro em reuni\u00f5es de seguran\u00e7a contar\u00e1 como tempo \u00e0 disposi\u00e7\u00e3o do empregador%0AVeja%20mais%20em:&amp;url=http:\/\/www.tst.jus.br\/-\/participa%C3%A7%C3%A3o-de-petroleiro-em-reuni%C3%B5es-de-seguran%C3%A7a-contar%C3%A1-como-tempo-%C3%A0-disposi%C3%A7%C3%A3o-do-empregador\" target=\"_blank\" rel=\"noopener\"><\/a><br \/>\n        <a class=\"share-linkedin\" href=\"https:\/\/www.linkedin.com\/shareArticle?mini=true&amp;url=http:\/\/www.tst.jus.br\/-\/participa%C3%A7%C3%A3o-de-petroleiro-em-reuni%C3%B5es-de-seguran%C3%A7a-contar%C3%A1-como-tempo-%C3%A0-disposi%C3%A7%C3%A3o-do-empregador&amp;title=Participa\u00e7\u00e3o de petroleiro em reuni\u00f5es de seguran\u00e7a contar\u00e1 como tempo \u00e0 disposi\u00e7\u00e3o do empregador\" target=\"_blank\" rel=\"noopener\"><\/a><br \/>\n        <a class=\"share-whatsapp\" href=\"https:\/\/web.whatsapp.com\/send?text=http:\/\/www.tst.jus.br\/-\/participa%C3%A7%C3%A3o-de-petroleiro-em-reuni%C3%B5es-de-seguran%C3%A7a-contar%C3%A1-como-tempo-%C3%A0-disposi%C3%A7%C3%A3o-do-empregador\" target=\"_blank\" rel=\"noopener\"><\/a><br \/>\n        <a class=\"share-googleplus\" href=\"https:\/\/plus.google.com\/share?url=http:\/\/www.tst.jus.br\/-\/participa%C3%A7%C3%A3o-de-petroleiro-em-reuni%C3%B5es-de-seguran%C3%A7a-contar%C3%A1-como-tempo-%C3%A0-disposi%C3%A7%C3%A3o-do-empregador\" target=\"_blank\" rel=\"noopener\"><\/a><\/p>\n<p>                <\/p>\n<p>Trabalhador em plataforma de petr\u00f3leo<\/p>\n<p>                    <a class=\"share-facebook\" href=\"https:\/\/www.facebook.com\/sharer.php?u=http:\/\/www.tst.jus.br\/-\/participa%C3%A7%C3%A3o-de-petroleiro-em-reuni%C3%B5es-de-seguran%C3%A7a-contar%C3%A1-como-tempo-%C3%A0-disposi%C3%A7%C3%A3o-do-empregador\" target=\"_blank\" rel=\"noopener\"><\/a><br \/>\n                    <a class=\"share-twitter\" href=\"http:\/\/twitter.com\/intent\/tweet?text=Participa\u00e7\u00e3o de petroleiro em reuni\u00f5es de seguran\u00e7a contar\u00e1 como tempo \u00e0 disposi\u00e7\u00e3o do empregador%0AVeja%20mais%20em:&amp;url=http:\/\/www.tst.jus.br\/-\/participa%C3%A7%C3%A3o-de-petroleiro-em-reuni%C3%B5es-de-seguran%C3%A7a-contar%C3%A1-como-tempo-%C3%A0-disposi%C3%A7%C3%A3o-do-empregador\" target=\"_blank\" rel=\"noopener\"><\/a><br \/>\n                    <a class=\"share-linkedin\" href=\"https:\/\/www.linkedin.com\/shareArticle?mini=true&amp;url=http:\/\/www.tst.jus.br\/-\/participa%C3%A7%C3%A3o-de-petroleiro-em-reuni%C3%B5es-de-seguran%C3%A7a-contar%C3%A1-como-tempo-%C3%A0-disposi%C3%A7%C3%A3o-do-empregador&amp;title=Participa\u00e7\u00e3o de petroleiro em reuni\u00f5es de seguran\u00e7a contar\u00e1 como tempo \u00e0 disposi\u00e7\u00e3o do empregador\" target=\"_blank\" rel=\"noopener\"><\/a><br \/>\n                    <a class=\"share-whatsapp\" href=\"https:\/\/web.whatsapp.com\/send?text=http:\/\/www.tst.jus.br\/-\/participa%C3%A7%C3%A3o-de-petroleiro-em-reuni%C3%B5es-de-seguran%C3%A7a-contar%C3%A1-como-tempo-%C3%A0-disposi%C3%A7%C3%A3o-do-empregador\" target=\"_blank\" rel=\"noopener\"><\/a><br \/>\n                    <a class=\"share-googleplus\" href=\"https:\/\/plus.google.com\/share?url=http:\/\/www.tst.jus.br\/-\/participa%C3%A7%C3%A3o-de-petroleiro-em-reuni%C3%B5es-de-seguran%C3%A7a-contar%C3%A1-como-tempo-%C3%A0-disposi%C3%A7%C3%A3o-do-empregador\" target=\"_blank\" rel=\"noopener\"><\/a><\/p>\n<p>09\/09\/21 &#8211;&nbsp;A Quinta Turma do Tribunal Superior do Trabalho condenou a Ensco do Brasil Petr\u00f3leo e G\u00e1s Ltda. e a Petr\u00f3leo Brasileiro S.A. (Petrobras) ao pagamento de horas extras a um petroleiro de Maca\u00e9 (RJ) pelo tempo dedicado \u00e0 participa\u00e7\u00e3o obrigat\u00f3ria em reuni\u00f5es de seguran\u00e7a e treinamentos de inc\u00eandio. Para o colegiado, a lei espec\u00edfica que rege o trabalho nas atividades de explora\u00e7\u00e3o de petr\u00f3leo \u00e9 omissa em rela\u00e7\u00e3o ao tema, podendo-se aplicar ao caso norma da CLT. &nbsp;<\/p>\n<h4>Di\u00e1logos de Seguran\u00e7a<\/h4>\n<p>Na reclama\u00e7\u00e3o trabalhista, o petroleiro disse que os Di\u00e1logos Di\u00e1rios de Seguran\u00e7a (DDS) ocorriam antes do in\u00edcio da jornada e duravam 30 minutos. Tamb\u00e9m havia reuni\u00f5es semanais de seguran\u00e7a, de uma hora e 40 minutos, e treinamentos de inc\u00eandio uma vez por semana, de uma hora, \u201cdentro e fora da jornada\u201d.&nbsp;<\/p>\n<p>Com base no artigo 4\u00ba da <a href=\"http:\/\/www.planalto.gov.br\/ccivil_03\/decreto-lei\/del5452.htm\" target=\"_blank\" rel=\"noopener\">CLT<\/a>, que considera como de servi\u00e7o efetivo o per\u00edodo em que o empregado est\u00e1 \u00e0 disposi\u00e7\u00e3o do empregador, aguardando ou executando ordens, ele pediu o pagamento de horas extras pelo tempo correspondente a essas atividades. &nbsp;<\/p>\n<h4>Diminui\u00e7\u00e3o de riscos<\/h4>\n<p>Em sua defesa, a Petrobras disse que os DDS&nbsp;s\u00e3o ministrados por seus empregados e servem para recordar os riscos inerentes \u00e0 prospec\u00e7\u00e3o e \u00e0 explora\u00e7\u00e3o de petr\u00f3leo em alto mar. \u201cH\u00e1 uma esp\u00e9cie de palestra para tentar diminuir ao m\u00e1ximo poss\u00edveis acidentes causados pela desaten\u00e7\u00e3o de alguns colaboradores\u201d, argumentou.&nbsp;<\/p>\n<p>Ainda, conforme a Petrobras, o trabalho depois da jornada s\u00f3 \u00e9 poss\u00edvel depois de autorizado pela empresa, \u201co que, caso tenha havido, deveria ter sido comprovado pelo petroleiro\u201d. &nbsp;<\/p>\n<h4>Adicionais de embarque<\/h4>\n<p>J\u00e1 a Ensco sustentou que havia convencionado com o sindicato dos empregados o pagamento de diversos \u201cadicionais de embarque\u201d (de periculosidade, noturno, de sobreaviso, de confinamento e de revezamento, entre outros), como contrapartida \u00e0 especificidade do trabalho em plataformas. Segundo a empresa, a pr\u00e1tica dos DDS \u00e9 imposta por medida de seguran\u00e7a e faz parte do conjunto de peculiaridades do trabalho em regime offshore.<\/p>\n<p>Trabalhador embarcado<\/p>\n<p>O ju\u00edzo de primeiro grau e o Tribunal Regional do Trabalho da 1\u00aa Regi\u00e3o (RJ) indeferiram o pedido. Na interpreta\u00e7\u00e3o do TRT, o &nbsp;trabalhador &nbsp;embarcado \u00e9 regido pela <a href=\"http:\/\/www.planalto.gov.br\/ccivil_03\/leis\/1970-1979\/l5811.htm\" target=\"_blank\" rel=\"noopener\">Lei. 5.811\/1972<\/a>, e n\u00e3o pela CLT, e sua participa\u00e7\u00e3o nas reuni\u00f5es de seguran\u00e7a n\u00e3o poderia ser considerada como tempo \u00e0 disposi\u00e7\u00e3o do empregador. Trata-se, de acordo com a decis\u00e3o, de etapas indispens\u00e1veis para dar in\u00edcio aos servi\u00e7os e decorrem do regime especial a que est\u00e3o submetidos os petroleiros.<\/p>\n<h4>CLT<\/h4>\n<p>Todavia, segundo o relator do recurso de revista das empresas, ministro Douglas Alencar Rodrigues, o tempo gasto pelo petroleiro na participa\u00e7\u00e3o em di\u00e1logos di\u00e1rios e nas reuni\u00f5es de seguran\u00e7a e nos treinamentos de inc\u00eandio deve, sim, configurar tempo \u00e0 disposi\u00e7\u00e3o do empregador. O ministro ressaltou que, apesar da rela\u00e7\u00e3o jur\u00eddica entre as partes ser regida por norma especial, n\u00e3o h\u00e1, na Lei. 5.811\/1972, regra espec\u00edfica que exclua a participa\u00e7\u00e3o em atividades voltadas \u00e0 seguran\u00e7a do trabalho da dura\u00e7\u00e3o da jornada di\u00e1ria do petroleiro. Nesse sentido, \u00e9 vi\u00e1vel a aplica\u00e7\u00e3o subsidi\u00e1ria da CLT naquilo em que for omissa a legisla\u00e7\u00e3o espec\u00edfica.<\/p>\n<h4>Curso<\/h4>\n<p>O ministro lembrou que o TST tem admitido a ado\u00e7\u00e3o da CLT para assegurar direitos n\u00e3o tutelados expressamente pela lei dos petroleiros, como o intervalo interjornadas. Assinalou, ainda, que, com base no artigo 4\u00ba da CLT, que serviu para consolidar a jurisprud\u00eancia do TST sobre a mat\u00e9ria, \u00e9 considerado tempo \u00e0 disposi\u00e7\u00e3o do empregador o per\u00edodo em que o empregado participa de curso de aperfei\u00e7oamento fora da jornada normal, ainda que este constitua requisito necess\u00e1rio para o exerc\u00edcio da profiss\u00e3o.<\/p>\n<p>No caso, a participa\u00e7\u00e3o do petroleiro nos DDSs tinha frequ\u00eancia e comparecimento obrigat\u00f3rios e decorria diretamente de riscos inerentes \u00e0 natureza da atividade empresarial, \u201cque devem ser suportados pelo empregador\u201d.&nbsp;<\/p>\n<p>Ficou vencido o ministro Breno Medeiros. &nbsp;<\/p>\n<p>(RR\/CF)<\/p>\n<p>Processo: <a href=\"http:\/\/aplicacao4.tst.jus.br\/consultaProcessual\/consultaTstNumUnica.do?consulta=Consultar&amp;conscsjt=&amp;numeroTst=11774&amp;digitoTst=62&amp;anoTst=2015&amp;orgaoTst=5&amp;tribunalTst=01&amp;varaTst=0482&amp;submit=Consultar\" target=\"_blank\" rel=\"noopener\">RR-11774-62.2015.5.01.0482<\/a><\/p>\n<p>O TST tem oito Turmas, cada uma composta por tr\u00eas ministros, com a atribui\u00e7\u00e3o de analisar recursos de revista, agravos, agravos de instrumento, agravos regimentais e recursos ordin\u00e1rios em a\u00e7\u00e3o cautelar. Das decis\u00f5es das Turmas, a parte ainda pode, em alguns casos, recorrer \u00e0 Subse\u00e7\u00e3o I Especializada em Diss\u00eddios Individuais (SDI-1).<\/p>\n<p>Esta mat\u00e9ria tem cunho meramente informativo.<br \/>\nPermitida a reprodu\u00e7\u00e3o mediante cita\u00e7\u00e3o da fonte.<br \/>\nSecretaria de Comunica\u00e7\u00e3o Social<br \/>\n<a href=\"http:\/\/www.tst.jus.br\" target=\"_blank\" rel=\"noopener\">Tribunal Superior do Trabalho<\/a><br \/>\nTel. (61) 3043-4907<br \/>\n<a href=\"mailto:secom@tst.jus.br\" target=\"\" rel=\"noopener\">secom@tst.jus.br<\/a><\/p>\n<p>    $(&#8216;#lightbox-xwxk_ .slider-gallery-wrapper img&#8217;).hover(<br \/>\n    function() {<br \/>\n        const $text=$($($(this).parent()).next());<br \/>\n        $text.hasClass(&#8216;inside-description&#8217;) &amp;&amp; $text.fadeTo( &#8220;slow&#8221; , 0);<br \/>\n    }, function() {<br \/>\n        const $text=$($($(this).parent()).next());<br \/>\n        $text.hasClass(&#8216;inside-description&#8217;) &amp;&amp; $text.fadeTo( &#8220;slow&#8221; , 1);<br \/>\n    }<br \/>\n    );<br \/>\n    $(document).ready(function() {<br \/>\n        var xwxk_autoplaying=false;<br \/>\n        var xwxk_showingLightbox=false;<br \/>\n        const xwxk_playPauseControllers=&#8221;#slider-xwxk_-playpause, #slider-xwxk_-lightbox-playpause&#8221;;<br \/>\n        $(&#8220;#slider-xwxk_&#8221;).slick({<br \/>\n            slidesToShow: 1,<br \/>\n            slidesToScroll: 1,<br \/>\n            autoplay: xwxk_autoplaying,<br \/>\n            swipeToSlide: false,<br \/>\n            centerMode: false,<br \/>\n            autoplaySpeed: 3000,<br \/>\n            focusOnSelect: true,<br \/>\n            prevArrow:<br \/>\n            &#8221;,<br \/>\n            nextArrow:<br \/>\n            &#8221;,<br \/>\n            centerPadding: &#8220;60px&#8221;,<br \/>\n            responsive: [<br \/>\n                {<br \/>\n                    breakpoint: 767.98,<br \/>\n                    settings: {<br \/>\n                        slidesToShow: 3,<br \/>\n                        adaptiveHeight: true<br \/>\n                    }<br \/>\n                }<br \/>\n            ]<br \/>\n        });<br \/>\n        $(&#8220;#slider-xwxk_&#8221;).slickLightbox({<br \/>\n            src: &#8216;src&#8217;,<br \/>\n            itemSelector: &#8216;.galery-image .multimidia-wrapper img&#8217;,<br \/>\n            caption:&#8217;caption&#8217;<br \/>\n        });<br \/>\n    });<br \/>\n<script async src=\"https:\/\/platform.twitter.com\/widgets.js\" charset=\"utf-8\"><\/script><br \/>\n<br \/><i>Com informa\u00e7\u00f5es da assessoria de imprensa do TST.<\/i><br \/>\n<br \/><a href=\"http:\/\/www.tst.jus.br\/web\/guest\/noticias?p_p_id=89Dk&#038;p_p_lifecycle=0&#038;refererPlid=10730&#038;_89Dk_groupId=10157&#038;_89Dk_articleId=27606805\">Fonte<\/a><br \/>\n<br \/><\/p>\n","protected":false},"excerpt":{"rendered":"<p>A empresa alegava aplica\u00e7\u00e3o de lei espec\u00edfica, mas o colegiado entendeu que a lei \u00e9 omissa quanto \u00e0 mat\u00e9ria Trabalhador em plataforma de petr\u00f3leo 09\/09\/21 &#8211;&nbsp;A Quinta Turma do Tribunal Superior do Trabalho condenou a Ensco do Brasil Petr\u00f3leo e G\u00e1s Ltda. e a Petr\u00f3leo Brasileiro S.A. (Petrobras) ao pagamento de horas extras a um [&hellip;]<\/p>\n","protected":false},"author":3063,"featured_media":2110,"comment_status":"open","ping_status":"open","sticky":false,"template":"","format":"standard","meta":{"footnotes":""},"categories":[3,21],"tags":[33,216,9,12,217,215],"class_list":{"0":"post-10626","1":"post","2":"type-post","3":"status-publish","4":"format-standard","5":"has-post-thumbnail","7":"category-trabalhista","8":"category-tst","9":"tag-calculos-trabalhistas","10":"tag-direito-trabalhista","11":"tag-pericia","12":"tag-perito","13":"tag-trabalho","14":"tag-tst"},"yoast_head":"<!-- This site is optimized with the Yoast SEO plugin v27.2 - https:\/\/yoast.com\/product\/yoast-seo-wordpress\/ -->\n<title>TST: Participa\u00e7\u00e3o de petroleiro em reuni\u00f5es de seguran\u00e7a contar\u00e1 como tempo \u00e0 disposi\u00e7\u00e3o do empregador | Portal de Not\u00edcias<\/title>\n<meta name=\"robots\" content=\"index, follow, max-snippet:-1, max-image-preview:large, max-video-preview:-1\" \/>\n<link rel=\"canonical\" href=\"https:\/\/mhcalculos.com.br\/noticias\/area\/trabalhista\/tst-participacao-de-petroleiro-em-reunioes-de-seguranca-contara-como-tempo-a-disposicao-do-empregador.html\" \/>\n<meta property=\"og:locale\" content=\"pt_BR\" \/>\n<meta property=\"og:type\" content=\"article\" \/>\n<meta property=\"og:title\" content=\"TST: Participa\u00e7\u00e3o de petroleiro em reuni\u00f5es de seguran\u00e7a contar\u00e1 como tempo \u00e0 disposi\u00e7\u00e3o do empregador | Portal de Not\u00edcias\" \/>\n<meta property=\"og:description\" content=\"A empresa alegava aplica\u00e7\u00e3o de lei espec\u00edfica, mas o colegiado entendeu que a lei \u00e9 omissa quanto \u00e0 mat\u00e9ria Trabalhador em plataforma de petr\u00f3leo 09\/09\/21 &#8211;&nbsp;A Quinta Turma do Tribunal Superior do Trabalho condenou a Ensco do Brasil Petr\u00f3leo e G\u00e1s Ltda. e a Petr\u00f3leo Brasileiro S.A. (Petrobras) ao pagamento de horas extras a um [&hellip;]\" \/>\n<meta property=\"og:url\" content=\"https:\/\/mhcalculos.com.br\/noticias\/area\/trabalhista\/tst-participacao-de-petroleiro-em-reunioes-de-seguranca-contara-como-tempo-a-disposicao-do-empregador.html\" \/>\n<meta property=\"og:site_name\" content=\"Portal de Not\u00edcias\" \/>\n<meta property=\"article:published_time\" content=\"2021-09-09T22:39:00+00:00\" \/>\n<meta property=\"og:image\" content=\"https:\/\/mhcalculos.com.br\/noticias\/wp-content\/uploads\/sites\/2\/2018\/06\/trabalhista-0002.jpg\" \/>\n\t<meta property=\"og:image:width\" content=\"2000\" \/>\n\t<meta property=\"og:image:height\" content=\"800\" \/>\n\t<meta property=\"og:image:type\" content=\"image\/jpeg\" \/>\n<meta name=\"author\" content=\"Equipe MH\" \/>\n<meta name=\"twitter:card\" content=\"summary_large_image\" \/>\n<meta name=\"twitter:label1\" content=\"Escrito por\" \/>\n\t<meta name=\"twitter:data1\" content=\"Equipe MH\" \/>\n\t<meta name=\"twitter:label2\" content=\"Est. tempo de leitura\" \/>\n\t<meta name=\"twitter:data2\" content=\"5 minutos\" \/>\n<script type=\"application\/ld+json\" class=\"yoast-schema-graph\">{\"@context\":\"https:\/\/schema.org\",\"@graph\":[{\"@type\":\"Article\",\"@id\":\"https:\/\/mhcalculos.com.br\/noticias\/area\/trabalhista\/tst-participacao-de-petroleiro-em-reunioes-de-seguranca-contara-como-tempo-a-disposicao-do-empregador.html#article\",\"isPartOf\":{\"@id\":\"https:\/\/mhcalculos.com.br\/noticias\/area\/trabalhista\/tst-participacao-de-petroleiro-em-reunioes-de-seguranca-contara-como-tempo-a-disposicao-do-empregador.html\"},\"author\":{\"name\":\"Equipe MH\",\"@id\":\"https:\/\/mhcalculos.com.br\/noticias\/#\/schema\/person\/88d1c34bf72dc779ea14a5a6b8e0ae8d\"},\"headline\":\"TST: Participa\u00e7\u00e3o de petroleiro em reuni\u00f5es de seguran\u00e7a contar\u00e1 como tempo \u00e0 disposi\u00e7\u00e3o do empregador\",\"datePublished\":\"2021-09-09T22:39:00+00:00\",\"mainEntityOfPage\":{\"@id\":\"https:\/\/mhcalculos.com.br\/noticias\/area\/trabalhista\/tst-participacao-de-petroleiro-em-reunioes-de-seguranca-contara-como-tempo-a-disposicao-do-empregador.html\"},\"wordCount\":924,\"commentCount\":0,\"image\":{\"@id\":\"https:\/\/mhcalculos.com.br\/noticias\/area\/trabalhista\/tst-participacao-de-petroleiro-em-reunioes-de-seguranca-contara-como-tempo-a-disposicao-do-empregador.html#primaryimage\"},\"thumbnailUrl\":\"https:\/\/mhcalculos.com.br\/noticias\/wp-content\/uploads\/sites\/2\/2018\/06\/trabalhista-0002.jpg\",\"keywords\":[\"c\u00e1lculos trabalhistas\",\"direito trabalhista\",\"per\u00edcia\",\"perito\",\"trabalho\",\"TST\"],\"articleSection\":[\"Direito Trabalhista\",\"TST\"],\"inLanguage\":\"pt-BR\",\"potentialAction\":[{\"@type\":\"CommentAction\",\"name\":\"Comment\",\"target\":[\"https:\/\/mhcalculos.com.br\/noticias\/area\/trabalhista\/tst-participacao-de-petroleiro-em-reunioes-de-seguranca-contara-como-tempo-a-disposicao-do-empregador.html#respond\"]}]},{\"@type\":\"WebPage\",\"@id\":\"https:\/\/mhcalculos.com.br\/noticias\/area\/trabalhista\/tst-participacao-de-petroleiro-em-reunioes-de-seguranca-contara-como-tempo-a-disposicao-do-empregador.html\",\"url\":\"https:\/\/mhcalculos.com.br\/noticias\/area\/trabalhista\/tst-participacao-de-petroleiro-em-reunioes-de-seguranca-contara-como-tempo-a-disposicao-do-empregador.html\",\"name\":\"TST: Participa\u00e7\u00e3o de petroleiro em reuni\u00f5es de seguran\u00e7a contar\u00e1 como tempo \u00e0 disposi\u00e7\u00e3o do empregador | Portal de Not\u00edcias\",\"isPartOf\":{\"@id\":\"https:\/\/mhcalculos.com.br\/noticias\/#website\"},\"primaryImageOfPage\":{\"@id\":\"https:\/\/mhcalculos.com.br\/noticias\/area\/trabalhista\/tst-participacao-de-petroleiro-em-reunioes-de-seguranca-contara-como-tempo-a-disposicao-do-empregador.html#primaryimage\"},\"image\":{\"@id\":\"https:\/\/mhcalculos.com.br\/noticias\/area\/trabalhista\/tst-participacao-de-petroleiro-em-reunioes-de-seguranca-contara-como-tempo-a-disposicao-do-empregador.html#primaryimage\"},\"thumbnailUrl\":\"https:\/\/mhcalculos.com.br\/noticias\/wp-content\/uploads\/sites\/2\/2018\/06\/trabalhista-0002.jpg\",\"datePublished\":\"2021-09-09T22:39:00+00:00\",\"author\":{\"@id\":\"https:\/\/mhcalculos.com.br\/noticias\/#\/schema\/person\/88d1c34bf72dc779ea14a5a6b8e0ae8d\"},\"breadcrumb\":{\"@id\":\"https:\/\/mhcalculos.com.br\/noticias\/area\/trabalhista\/tst-participacao-de-petroleiro-em-reunioes-de-seguranca-contara-como-tempo-a-disposicao-do-empregador.html#breadcrumb\"},\"inLanguage\":\"pt-BR\",\"potentialAction\":[{\"@type\":\"ReadAction\",\"target\":[\"https:\/\/mhcalculos.com.br\/noticias\/area\/trabalhista\/tst-participacao-de-petroleiro-em-reunioes-de-seguranca-contara-como-tempo-a-disposicao-do-empregador.html\"]}]},{\"@type\":\"ImageObject\",\"inLanguage\":\"pt-BR\",\"@id\":\"https:\/\/mhcalculos.com.br\/noticias\/area\/trabalhista\/tst-participacao-de-petroleiro-em-reunioes-de-seguranca-contara-como-tempo-a-disposicao-do-empregador.html#primaryimage\",\"url\":\"https:\/\/mhcalculos.com.br\/noticias\/wp-content\/uploads\/sites\/2\/2018\/06\/trabalhista-0002.jpg\",\"contentUrl\":\"https:\/\/mhcalculos.com.br\/noticias\/wp-content\/uploads\/sites\/2\/2018\/06\/trabalhista-0002.jpg\",\"width\":2000,\"height\":800},{\"@type\":\"BreadcrumbList\",\"@id\":\"https:\/\/mhcalculos.com.br\/noticias\/area\/trabalhista\/tst-participacao-de-petroleiro-em-reunioes-de-seguranca-contara-como-tempo-a-disposicao-do-empregador.html#breadcrumb\",\"itemListElement\":[{\"@type\":\"ListItem\",\"position\":1,\"name\":\"In\u00edcio\",\"item\":\"https:\/\/mhcalculos.com.br\/noticias\/\"},{\"@type\":\"ListItem\",\"position\":2,\"name\":\"TST: Participa\u00e7\u00e3o de petroleiro em reuni\u00f5es de seguran\u00e7a contar\u00e1 como tempo \u00e0 disposi\u00e7\u00e3o do empregador\"}]},{\"@type\":\"WebSite\",\"@id\":\"https:\/\/mhcalculos.com.br\/noticias\/#website\",\"url\":\"https:\/\/mhcalculos.com.br\/noticias\/\",\"name\":\"Portal de Not\u00edcias\",\"description\":\"Not\u00edcias e Jurisprud\u00eancia\",\"potentialAction\":[{\"@type\":\"SearchAction\",\"target\":{\"@type\":\"EntryPoint\",\"urlTemplate\":\"https:\/\/mhcalculos.com.br\/noticias\/?s={search_term_string}\"},\"query-input\":{\"@type\":\"PropertyValueSpecification\",\"valueRequired\":true,\"valueName\":\"search_term_string\"}}],\"inLanguage\":\"pt-BR\"},{\"@type\":\"Person\",\"@id\":\"https:\/\/mhcalculos.com.br\/noticias\/#\/schema\/person\/88d1c34bf72dc779ea14a5a6b8e0ae8d\",\"name\":\"Equipe MH\",\"image\":{\"@type\":\"ImageObject\",\"inLanguage\":\"pt-BR\",\"@id\":\"https:\/\/secure.gravatar.com\/avatar\/de1c686c2ecc9c5a3f327e3431d819eb39f8f05d4e1045f5a1caad6daaba987f?s=96&d=mm&r=g\",\"url\":\"https:\/\/secure.gravatar.com\/avatar\/de1c686c2ecc9c5a3f327e3431d819eb39f8f05d4e1045f5a1caad6daaba987f?s=96&d=mm&r=g\",\"contentUrl\":\"https:\/\/secure.gravatar.com\/avatar\/de1c686c2ecc9c5a3f327e3431d819eb39f8f05d4e1045f5a1caad6daaba987f?s=96&d=mm&r=g\",\"caption\":\"Equipe MH\"}}]}<\/script>\n<!-- \/ Yoast SEO plugin. -->","yoast_head_json":{"title":"TST: Participa\u00e7\u00e3o de petroleiro em reuni\u00f5es de seguran\u00e7a contar\u00e1 como tempo \u00e0 disposi\u00e7\u00e3o do empregador | Portal de Not\u00edcias","robots":{"index":"index","follow":"follow","max-snippet":"max-snippet:-1","max-image-preview":"max-image-preview:large","max-video-preview":"max-video-preview:-1"},"canonical":"https:\/\/mhcalculos.com.br\/noticias\/area\/trabalhista\/tst-participacao-de-petroleiro-em-reunioes-de-seguranca-contara-como-tempo-a-disposicao-do-empregador.html","og_locale":"pt_BR","og_type":"article","og_title":"TST: Participa\u00e7\u00e3o de petroleiro em reuni\u00f5es de seguran\u00e7a contar\u00e1 como tempo \u00e0 disposi\u00e7\u00e3o do empregador | Portal de Not\u00edcias","og_description":"A empresa alegava aplica\u00e7\u00e3o de lei espec\u00edfica, mas o colegiado entendeu que a lei \u00e9 omissa quanto \u00e0 mat\u00e9ria Trabalhador em plataforma de petr\u00f3leo 09\/09\/21 &#8211;&nbsp;A Quinta Turma do Tribunal Superior do Trabalho condenou a Ensco do Brasil Petr\u00f3leo e G\u00e1s Ltda. e a Petr\u00f3leo Brasileiro S.A. (Petrobras) ao pagamento de horas extras a um [&hellip;]","og_url":"https:\/\/mhcalculos.com.br\/noticias\/area\/trabalhista\/tst-participacao-de-petroleiro-em-reunioes-de-seguranca-contara-como-tempo-a-disposicao-do-empregador.html","og_site_name":"Portal de Not\u00edcias","article_published_time":"2021-09-09T22:39:00+00:00","og_image":[{"width":2000,"height":800,"url":"https:\/\/mhcalculos.com.br\/noticias\/wp-content\/uploads\/sites\/2\/2018\/06\/trabalhista-0002.jpg","type":"image\/jpeg"}],"author":"Equipe MH","twitter_card":"summary_large_image","twitter_misc":{"Escrito por":"Equipe MH","Est. tempo de leitura":"5 minutos"},"schema":{"@context":"https:\/\/schema.org","@graph":[{"@type":"Article","@id":"https:\/\/mhcalculos.com.br\/noticias\/area\/trabalhista\/tst-participacao-de-petroleiro-em-reunioes-de-seguranca-contara-como-tempo-a-disposicao-do-empregador.html#article","isPartOf":{"@id":"https:\/\/mhcalculos.com.br\/noticias\/area\/trabalhista\/tst-participacao-de-petroleiro-em-reunioes-de-seguranca-contara-como-tempo-a-disposicao-do-empregador.html"},"author":{"name":"Equipe MH","@id":"https:\/\/mhcalculos.com.br\/noticias\/#\/schema\/person\/88d1c34bf72dc779ea14a5a6b8e0ae8d"},"headline":"TST: Participa\u00e7\u00e3o de petroleiro em reuni\u00f5es de seguran\u00e7a contar\u00e1 como tempo \u00e0 disposi\u00e7\u00e3o do empregador","datePublished":"2021-09-09T22:39:00+00:00","mainEntityOfPage":{"@id":"https:\/\/mhcalculos.com.br\/noticias\/area\/trabalhista\/tst-participacao-de-petroleiro-em-reunioes-de-seguranca-contara-como-tempo-a-disposicao-do-empregador.html"},"wordCount":924,"commentCount":0,"image":{"@id":"https:\/\/mhcalculos.com.br\/noticias\/area\/trabalhista\/tst-participacao-de-petroleiro-em-reunioes-de-seguranca-contara-como-tempo-a-disposicao-do-empregador.html#primaryimage"},"thumbnailUrl":"https:\/\/mhcalculos.com.br\/noticias\/wp-content\/uploads\/sites\/2\/2018\/06\/trabalhista-0002.jpg","keywords":["c\u00e1lculos trabalhistas","direito trabalhista","per\u00edcia","perito","trabalho","TST"],"articleSection":["Direito Trabalhista","TST"],"inLanguage":"pt-BR","potentialAction":[{"@type":"CommentAction","name":"Comment","target":["https:\/\/mhcalculos.com.br\/noticias\/area\/trabalhista\/tst-participacao-de-petroleiro-em-reunioes-de-seguranca-contara-como-tempo-a-disposicao-do-empregador.html#respond"]}]},{"@type":"WebPage","@id":"https:\/\/mhcalculos.com.br\/noticias\/area\/trabalhista\/tst-participacao-de-petroleiro-em-reunioes-de-seguranca-contara-como-tempo-a-disposicao-do-empregador.html","url":"https:\/\/mhcalculos.com.br\/noticias\/area\/trabalhista\/tst-participacao-de-petroleiro-em-reunioes-de-seguranca-contara-como-tempo-a-disposicao-do-empregador.html","name":"TST: Participa\u00e7\u00e3o de petroleiro em reuni\u00f5es de seguran\u00e7a contar\u00e1 como tempo \u00e0 disposi\u00e7\u00e3o do empregador | Portal de Not\u00edcias","isPartOf":{"@id":"https:\/\/mhcalculos.com.br\/noticias\/#website"},"primaryImageOfPage":{"@id":"https:\/\/mhcalculos.com.br\/noticias\/area\/trabalhista\/tst-participacao-de-petroleiro-em-reunioes-de-seguranca-contara-como-tempo-a-disposicao-do-empregador.html#primaryimage"},"image":{"@id":"https:\/\/mhcalculos.com.br\/noticias\/area\/trabalhista\/tst-participacao-de-petroleiro-em-reunioes-de-seguranca-contara-como-tempo-a-disposicao-do-empregador.html#primaryimage"},"thumbnailUrl":"https:\/\/mhcalculos.com.br\/noticias\/wp-content\/uploads\/sites\/2\/2018\/06\/trabalhista-0002.jpg","datePublished":"2021-09-09T22:39:00+00:00","author":{"@id":"https:\/\/mhcalculos.com.br\/noticias\/#\/schema\/person\/88d1c34bf72dc779ea14a5a6b8e0ae8d"},"breadcrumb":{"@id":"https:\/\/mhcalculos.com.br\/noticias\/area\/trabalhista\/tst-participacao-de-petroleiro-em-reunioes-de-seguranca-contara-como-tempo-a-disposicao-do-empregador.html#breadcrumb"},"inLanguage":"pt-BR","potentialAction":[{"@type":"ReadAction","target":["https:\/\/mhcalculos.com.br\/noticias\/area\/trabalhista\/tst-participacao-de-petroleiro-em-reunioes-de-seguranca-contara-como-tempo-a-disposicao-do-empregador.html"]}]},{"@type":"ImageObject","inLanguage":"pt-BR","@id":"https:\/\/mhcalculos.com.br\/noticias\/area\/trabalhista\/tst-participacao-de-petroleiro-em-reunioes-de-seguranca-contara-como-tempo-a-disposicao-do-empregador.html#primaryimage","url":"https:\/\/mhcalculos.com.br\/noticias\/wp-content\/uploads\/sites\/2\/2018\/06\/trabalhista-0002.jpg","contentUrl":"https:\/\/mhcalculos.com.br\/noticias\/wp-content\/uploads\/sites\/2\/2018\/06\/trabalhista-0002.jpg","width":2000,"height":800},{"@type":"BreadcrumbList","@id":"https:\/\/mhcalculos.com.br\/noticias\/area\/trabalhista\/tst-participacao-de-petroleiro-em-reunioes-de-seguranca-contara-como-tempo-a-disposicao-do-empregador.html#breadcrumb","itemListElement":[{"@type":"ListItem","position":1,"name":"In\u00edcio","item":"https:\/\/mhcalculos.com.br\/noticias\/"},{"@type":"ListItem","position":2,"name":"TST: Participa\u00e7\u00e3o de petroleiro em reuni\u00f5es de seguran\u00e7a contar\u00e1 como tempo \u00e0 disposi\u00e7\u00e3o do empregador"}]},{"@type":"WebSite","@id":"https:\/\/mhcalculos.com.br\/noticias\/#website","url":"https:\/\/mhcalculos.com.br\/noticias\/","name":"Portal de Not\u00edcias","description":"Not\u00edcias e Jurisprud\u00eancia","potentialAction":[{"@type":"SearchAction","target":{"@type":"EntryPoint","urlTemplate":"https:\/\/mhcalculos.com.br\/noticias\/?s={search_term_string}"},"query-input":{"@type":"PropertyValueSpecification","valueRequired":true,"valueName":"search_term_string"}}],"inLanguage":"pt-BR"},{"@type":"Person","@id":"https:\/\/mhcalculos.com.br\/noticias\/#\/schema\/person\/88d1c34bf72dc779ea14a5a6b8e0ae8d","name":"Equipe MH","image":{"@type":"ImageObject","inLanguage":"pt-BR","@id":"https:\/\/secure.gravatar.com\/avatar\/de1c686c2ecc9c5a3f327e3431d819eb39f8f05d4e1045f5a1caad6daaba987f?s=96&d=mm&r=g","url":"https:\/\/secure.gravatar.com\/avatar\/de1c686c2ecc9c5a3f327e3431d819eb39f8f05d4e1045f5a1caad6daaba987f?s=96&d=mm&r=g","contentUrl":"https:\/\/secure.gravatar.com\/avatar\/de1c686c2ecc9c5a3f327e3431d819eb39f8f05d4e1045f5a1caad6daaba987f?s=96&d=mm&r=g","caption":"Equipe MH"}}]}},"_links":{"self":[{"href":"https:\/\/mhcalculos.com.br\/noticias\/wp-json\/wp\/v2\/posts\/10626","targetHints":{"allow":["GET"]}}],"collection":[{"href":"https:\/\/mhcalculos.com.br\/noticias\/wp-json\/wp\/v2\/posts"}],"about":[{"href":"https:\/\/mhcalculos.com.br\/noticias\/wp-json\/wp\/v2\/types\/post"}],"author":[{"embeddable":true,"href":"https:\/\/mhcalculos.com.br\/noticias\/wp-json\/wp\/v2\/users\/3063"}],"replies":[{"embeddable":true,"href":"https:\/\/mhcalculos.com.br\/noticias\/wp-json\/wp\/v2\/comments?post=10626"}],"version-history":[{"count":0,"href":"https:\/\/mhcalculos.com.br\/noticias\/wp-json\/wp\/v2\/posts\/10626\/revisions"}],"wp:featuredmedia":[{"embeddable":true,"href":"https:\/\/mhcalculos.com.br\/noticias\/wp-json\/wp\/v2\/media\/2110"}],"wp:attachment":[{"href":"https:\/\/mhcalculos.com.br\/noticias\/wp-json\/wp\/v2\/media?parent=10626"}],"wp:term":[{"taxonomy":"category","embeddable":true,"href":"https:\/\/mhcalculos.com.br\/noticias\/wp-json\/wp\/v2\/categories?post=10626"},{"taxonomy":"post_tag","embeddable":true,"href":"https:\/\/mhcalculos.com.br\/noticias\/wp-json\/wp\/v2\/tags?post=10626"}],"curies":[{"name":"wp","href":"https:\/\/api.w.org\/{rel}","templated":true}]}}