{"id":10605,"date":"2021-09-01T17:21:00","date_gmt":"2021-09-01T20:21:00","guid":{"rendered":"https:\/\/mhcalculos.com.br\/noticias\/area\/trabalhista\/tst-tribunal-divulga-lista-de-magistrados-inscritos-para-vaga-de-ministro.html"},"modified":"2021-09-01T17:21:00","modified_gmt":"2021-09-01T20:21:00","slug":"tst-tribunal-divulga-lista-de-magistrados-inscritos-para-vaga-de-ministro","status":"publish","type":"post","link":"https:\/\/mhcalculos.com.br\/noticias\/area\/trabalhista\/tst-tribunal-divulga-lista-de-magistrados-inscritos-para-vaga-de-ministro.html","title":{"rendered":"TST: Tribunal&nbsp;divulga lista de magistrados inscritos para vaga de ministro"},"content":{"rendered":"<p><br \/>\n<\/p>\n<p><em><\/p>\n<p>O Tribunal Pleno escolher\u00e1, entre os 16&nbsp;nomes, os que compor\u00e3o a lista tr\u00edplice.<\/p>\n<p><\/em><\/p>\n<p>        <a class=\"share-facebook\" href=\"https:\/\/www.facebook.com\/sharer.php?u=http:\/\/www.tst.jus.br\/-\/tst-divulga-lista-de-magistrados-inscritos-para-vaga-de-ministro-1\" target=\"_blank\" rel=\"noopener\"><\/a><br \/>\n        <a class=\"share-twitter\" href=\"http:\/\/twitter.com\/intent\/tweet?text=TST divulga lista de magistrados inscritos para vaga de ministro%0AVeja%20mais%20em:&amp;url=http:\/\/www.tst.jus.br\/-\/tst-divulga-lista-de-magistrados-inscritos-para-vaga-de-ministro-1\" target=\"_blank\" rel=\"noopener\"><\/a><br \/>\n        <a class=\"share-linkedin\" href=\"https:\/\/www.linkedin.com\/shareArticle?mini=true&amp;url=http:\/\/www.tst.jus.br\/-\/tst-divulga-lista-de-magistrados-inscritos-para-vaga-de-ministro-1&amp;title=TST divulga lista de magistrados inscritos para vaga de ministro\" target=\"_blank\" rel=\"noopener\"><\/a><br \/>\n        <a class=\"share-whatsapp\" href=\"https:\/\/web.whatsapp.com\/send?text=http:\/\/www.tst.jus.br\/-\/tst-divulga-lista-de-magistrados-inscritos-para-vaga-de-ministro-1\" target=\"_blank\" rel=\"noopener\"><\/a><br \/>\n        <a class=\"share-googleplus\" href=\"https:\/\/plus.google.com\/share?url=http:\/\/www.tst.jus.br\/-\/tst-divulga-lista-de-magistrados-inscritos-para-vaga-de-ministro-1\" target=\"_blank\" rel=\"noopener\"><\/a><\/p>\n<p>                <\/p>\n<p>Detalhe da fachada do edif\u00edcio-sede do TST<\/p>\n<p>                    <a class=\"share-facebook\" href=\"https:\/\/www.facebook.com\/sharer.php?u=http:\/\/www.tst.jus.br\/-\/tst-divulga-lista-de-magistrados-inscritos-para-vaga-de-ministro-1\" target=\"_blank\" rel=\"noopener\"><\/a><br \/>\n                    <a class=\"share-twitter\" href=\"http:\/\/twitter.com\/intent\/tweet?text=TST divulga lista de magistrados inscritos para vaga de ministro%0AVeja%20mais%20em:&amp;url=http:\/\/www.tst.jus.br\/-\/tst-divulga-lista-de-magistrados-inscritos-para-vaga-de-ministro-1\" target=\"_blank\" rel=\"noopener\"><\/a><br \/>\n                    <a class=\"share-linkedin\" href=\"https:\/\/www.linkedin.com\/shareArticle?mini=true&amp;url=http:\/\/www.tst.jus.br\/-\/tst-divulga-lista-de-magistrados-inscritos-para-vaga-de-ministro-1&amp;title=TST divulga lista de magistrados inscritos para vaga de ministro\" target=\"_blank\" rel=\"noopener\"><\/a><br \/>\n                    <a class=\"share-whatsapp\" href=\"https:\/\/web.whatsapp.com\/send?text=http:\/\/www.tst.jus.br\/-\/tst-divulga-lista-de-magistrados-inscritos-para-vaga-de-ministro-1\" target=\"_blank\" rel=\"noopener\"><\/a><br \/>\n                    <a class=\"share-googleplus\" href=\"https:\/\/plus.google.com\/share?url=http:\/\/www.tst.jus.br\/-\/tst-divulga-lista-de-magistrados-inscritos-para-vaga-de-ministro-1\" target=\"_blank\" rel=\"noopener\"><\/a><\/p>\n<p>01\/09\/21 &#8211; A Presid\u00eancia do Tribunal Superior do Trabalho recebeu a inscri\u00e7\u00e3o de 16&nbsp;desembargadoras e desembargadores de Tribunais Regionais do Trabalho candidatos \u00e0 vaga de ministro do Tribunal destinada \u00e0 carreira da magistratura, em decorr\u00eancia do falecimento do ministro Walmir Oliveira da Costa. Destes, cinco s\u00e3o mulheres e 11&nbsp;s\u00e3o homens.&nbsp;<\/p>\n<p>Atendendo ao disposto no artigo 111-A, inciso II, da Constitui\u00e7\u00e3o da Rep\u00fablica, o Pleno do TST se reunir\u00e1 em data a ser definida para escolher, por escrut\u00ednio secreto, a lista tr\u00edplice que ser\u00e1 encaminhada ao presidente da Rep\u00fablica, a quem cabe a indica\u00e7\u00e3o dos integrantes dos Tribunais Superiores.<\/p>\n<p>O indicado ou a indicada ser\u00e1 sabatinado pela Comiss\u00e3o de Constitui\u00e7\u00e3o e Justi\u00e7a do Senado Federal e, ap\u00f3s a aprova\u00e7\u00e3o pela Comiss\u00e3o, o nome ser\u00e1 submetido ao plen\u00e1rio do Senado Federal antes da nomea\u00e7\u00e3o.<\/p>\n<p>A seguir, a lista de inscri\u00e7\u00f5es para concorrer \u00e0 vaga:<\/p>\n<p><strong>TRT da 1\u00aa Regi\u00e3o (RJ)<\/strong><br \/>\nDesembargador Enoque Ribeiro dos Santos<br \/>\nDesembargador Leonardo Dias Borges<\/p>\n<p><strong>TRT da 2\u00aa Regi\u00e3o (SP)<\/strong><br \/>\nDesembargador S\u00e9rgio Pinto Martins<\/p>\n<p><strong>TRT da 5\u00aa Regi\u00e3o (BA)<\/strong><br \/>\nDesembargador Rubem Dias do Nascimento J\u00fanior<\/p>\n<p><strong>TRT da 7\u00aa Regi\u00e3o (CE)<\/strong><br \/>\nDesembargador Paulo Regis Machado Botelho<\/p>\n<p><strong>TRT da 8\u00aa Regi\u00e3o (PA\/AP)<\/strong><br \/>\nDesembargador Francisco S\u00e9rgio Silva Rocha<br \/>\nDesembargador Luis Jos\u00e9 de Jesus Ribeiro<\/p>\n<p><strong>TRT da 9\u00aa Regi\u00e3o (PR)<\/strong><br \/>\nDesembargadora Morgana de Almeida Richa<\/p>\n<p><strong>TRT da 10\u00aa Regi\u00e3o<\/strong><br \/>\nDesembargador Alexandre Nery Rodrigues de Oliveira<\/p>\n<p><strong>TRT da 12\u00aa Regi\u00e3o (SC)<\/strong><br \/>\nDesembargadora Maria de Lourdes Leiria<\/p>\n<p><strong>TRT da 13\u00aa Regi\u00e3o (PB)<\/strong><br \/>\nDesembargador Wolney de Macedo Cordeiro<\/p>\n<p><strong>TRT da 15\u00aa Regi\u00e3o (Campinas\/SP)<\/strong><br \/>\nDesembargadora Ana Paula Pellegrina Lockmann<br \/>\nDesembargador Francisco Alberto da Motta Peixoto Giordani<br \/>\nDesembargadora Tereza Aparecida Asta Gemignani<\/p>\n<p><strong>TRT da 21\u00aa Regi\u00e3o (RN)<\/strong><br \/>\nDesembargador Bento Herculano Duarte Neto<\/p>\n<p><strong>TRT da 22\u00aa Regi\u00e3o (PI)<\/strong><br \/>\nDesembargadora Liana Chaib<\/p>\n<p><em>Not\u00edcia atualizada \u00e0s 21h21 para acr\u00e9scimo de conte\u00fado.<\/em><br \/>\n&nbsp;<\/p>\n<p>    $(&#8216;#lightbox-lqed_ .slider-gallery-wrapper img&#8217;).hover(<br \/>\n    function() {<br \/>\n        const $text=$($($(this).parent()).next());<br \/>\n        $text.hasClass(&#8216;inside-description&#8217;) &amp;&amp; $text.fadeTo( &#8220;slow&#8221; , 0);<br \/>\n    }, function() {<br \/>\n        const $text=$($($(this).parent()).next());<br \/>\n        $text.hasClass(&#8216;inside-description&#8217;) &amp;&amp; $text.fadeTo( &#8220;slow&#8221; , 1);<br \/>\n    }<br \/>\n    );<br \/>\n    $(document).ready(function() {<br \/>\n        var lqed_autoplaying=false;<br \/>\n        var lqed_showingLightbox=false;<br \/>\n        const lqed_playPauseControllers=&#8221;#slider-lqed_-playpause, #slider-lqed_-lightbox-playpause&#8221;;<br \/>\n        $(&#8220;#slider-lqed_&#8221;).slick({<br \/>\n            slidesToShow: 1,<br \/>\n            slidesToScroll: 1,<br \/>\n            autoplay: lqed_autoplaying,<br \/>\n            swipeToSlide: false,<br \/>\n            centerMode: false,<br \/>\n            autoplaySpeed: 3000,<br \/>\n            focusOnSelect: true,<br \/>\n            prevArrow:<br \/>\n            &#8221;,<br \/>\n            nextArrow:<br \/>\n            &#8221;,<br \/>\n            centerPadding: &#8220;60px&#8221;,<br \/>\n            responsive: [<br \/>\n                {<br \/>\n                    breakpoint: 767.98,<br \/>\n                    settings: {<br \/>\n                        slidesToShow: 3,<br \/>\n                        adaptiveHeight: true<br \/>\n                    }<br \/>\n                }<br \/>\n            ]<br \/>\n        });<br \/>\n        $(&#8220;#slider-lqed_&#8221;).slickLightbox({<br \/>\n            src: &#8216;src&#8217;,<br \/>\n            itemSelector: &#8216;.galery-image .multimidia-wrapper img&#8217;,<br \/>\n            caption:&#8217;caption&#8217;<br \/>\n        });<br \/>\n    });<br \/>\n<script async src=\"https:\/\/platform.twitter.com\/widgets.js\" charset=\"utf-8\"><\/script><br \/>\n<br \/><i>Com informa\u00e7\u00f5es da assessoria de imprensa do TST.<\/i><br \/>\n<br \/><a href=\"http:\/\/www.tst.jus.br\/web\/guest\/noticias?p_p_id=89Dk&#038;p_p_lifecycle=0&#038;refererPlid=10730&#038;_89Dk_groupId=10157&#038;_89Dk_articleId=27591545\">Fonte<\/a><br \/>\n<br \/><\/p>\n","protected":false},"excerpt":{"rendered":"<p>O Tribunal Pleno escolher\u00e1, entre os 16&nbsp;nomes, os que compor\u00e3o a lista tr\u00edplice. Detalhe da fachada do edif\u00edcio-sede do TST 01\/09\/21 &#8211; A Presid\u00eancia do Tribunal Superior do Trabalho recebeu a inscri\u00e7\u00e3o de 16&nbsp;desembargadoras e desembargadores de Tribunais Regionais do Trabalho candidatos \u00e0 vaga de ministro do Tribunal destinada \u00e0 carreira da magistratura, em decorr\u00eancia [&hellip;]<\/p>\n","protected":false},"author":3063,"featured_media":2110,"comment_status":"open","ping_status":"open","sticky":false,"template":"","format":"standard","meta":{"footnotes":""},"categories":[3,21],"tags":[33,216,9,12,217,215],"class_list":{"0":"post-10605","1":"post","2":"type-post","3":"status-publish","4":"format-standard","5":"has-post-thumbnail","7":"category-trabalhista","8":"category-tst","9":"tag-calculos-trabalhistas","10":"tag-direito-trabalhista","11":"tag-pericia","12":"tag-perito","13":"tag-trabalho","14":"tag-tst"},"yoast_head":"<!-- This site is optimized with the Yoast SEO plugin v27.2 - https:\/\/yoast.com\/product\/yoast-seo-wordpress\/ -->\n<title>TST: Tribunal&nbsp;divulga lista de magistrados inscritos para vaga de ministro | Portal de Not\u00edcias<\/title>\n<meta name=\"robots\" content=\"index, follow, max-snippet:-1, max-image-preview:large, max-video-preview:-1\" \/>\n<link rel=\"canonical\" href=\"https:\/\/mhcalculos.com.br\/noticias\/area\/trabalhista\/tst-tribunal-divulga-lista-de-magistrados-inscritos-para-vaga-de-ministro.html\" \/>\n<meta property=\"og:locale\" content=\"pt_BR\" \/>\n<meta property=\"og:type\" content=\"article\" \/>\n<meta property=\"og:title\" content=\"TST: Tribunal&nbsp;divulga lista de magistrados inscritos para vaga de ministro | Portal de Not\u00edcias\" \/>\n<meta property=\"og:description\" content=\"O Tribunal Pleno escolher\u00e1, entre os 16&nbsp;nomes, os que compor\u00e3o a lista tr\u00edplice. Detalhe da fachada do edif\u00edcio-sede do TST 01\/09\/21 &#8211; A Presid\u00eancia do Tribunal Superior do Trabalho recebeu a inscri\u00e7\u00e3o de 16&nbsp;desembargadoras e desembargadores de Tribunais Regionais do Trabalho candidatos \u00e0 vaga de ministro do Tribunal destinada \u00e0 carreira da magistratura, em decorr\u00eancia [&hellip;]\" \/>\n<meta property=\"og:url\" content=\"https:\/\/mhcalculos.com.br\/noticias\/area\/trabalhista\/tst-tribunal-divulga-lista-de-magistrados-inscritos-para-vaga-de-ministro.html\" \/>\n<meta property=\"og:site_name\" content=\"Portal de Not\u00edcias\" \/>\n<meta property=\"article:published_time\" content=\"2021-09-01T20:21:00+00:00\" \/>\n<meta property=\"og:image\" content=\"https:\/\/mhcalculos.com.br\/noticias\/wp-content\/uploads\/sites\/2\/2018\/06\/trabalhista-0002.jpg\" \/>\n\t<meta property=\"og:image:width\" content=\"2000\" \/>\n\t<meta property=\"og:image:height\" content=\"800\" \/>\n\t<meta property=\"og:image:type\" content=\"image\/jpeg\" \/>\n<meta name=\"author\" content=\"Equipe MH\" \/>\n<meta name=\"twitter:card\" content=\"summary_large_image\" \/>\n<meta name=\"twitter:label1\" content=\"Escrito por\" \/>\n\t<meta name=\"twitter:data1\" content=\"Equipe MH\" \/>\n\t<meta name=\"twitter:label2\" content=\"Est. tempo de leitura\" \/>\n\t<meta name=\"twitter:data2\" content=\"2 minutos\" \/>\n<script type=\"application\/ld+json\" class=\"yoast-schema-graph\">{\"@context\":\"https:\/\/schema.org\",\"@graph\":[{\"@type\":\"Article\",\"@id\":\"https:\/\/mhcalculos.com.br\/noticias\/area\/trabalhista\/tst-tribunal-divulga-lista-de-magistrados-inscritos-para-vaga-de-ministro.html#article\",\"isPartOf\":{\"@id\":\"https:\/\/mhcalculos.com.br\/noticias\/area\/trabalhista\/tst-tribunal-divulga-lista-de-magistrados-inscritos-para-vaga-de-ministro.html\"},\"author\":{\"name\":\"Equipe MH\",\"@id\":\"https:\/\/mhcalculos.com.br\/noticias\/#\/schema\/person\/88d1c34bf72dc779ea14a5a6b8e0ae8d\"},\"headline\":\"TST: Tribunal&nbsp;divulga lista de magistrados inscritos para vaga de ministro\",\"datePublished\":\"2021-09-01T20:21:00+00:00\",\"mainEntityOfPage\":{\"@id\":\"https:\/\/mhcalculos.com.br\/noticias\/area\/trabalhista\/tst-tribunal-divulga-lista-de-magistrados-inscritos-para-vaga-de-ministro.html\"},\"wordCount\":450,\"commentCount\":0,\"image\":{\"@id\":\"https:\/\/mhcalculos.com.br\/noticias\/area\/trabalhista\/tst-tribunal-divulga-lista-de-magistrados-inscritos-para-vaga-de-ministro.html#primaryimage\"},\"thumbnailUrl\":\"https:\/\/mhcalculos.com.br\/noticias\/wp-content\/uploads\/sites\/2\/2018\/06\/trabalhista-0002.jpg\",\"keywords\":[\"c\u00e1lculos trabalhistas\",\"direito trabalhista\",\"per\u00edcia\",\"perito\",\"trabalho\",\"TST\"],\"articleSection\":[\"Direito Trabalhista\",\"TST\"],\"inLanguage\":\"pt-BR\",\"potentialAction\":[{\"@type\":\"CommentAction\",\"name\":\"Comment\",\"target\":[\"https:\/\/mhcalculos.com.br\/noticias\/area\/trabalhista\/tst-tribunal-divulga-lista-de-magistrados-inscritos-para-vaga-de-ministro.html#respond\"]}]},{\"@type\":\"WebPage\",\"@id\":\"https:\/\/mhcalculos.com.br\/noticias\/area\/trabalhista\/tst-tribunal-divulga-lista-de-magistrados-inscritos-para-vaga-de-ministro.html\",\"url\":\"https:\/\/mhcalculos.com.br\/noticias\/area\/trabalhista\/tst-tribunal-divulga-lista-de-magistrados-inscritos-para-vaga-de-ministro.html\",\"name\":\"TST: Tribunal&nbsp;divulga lista de magistrados inscritos para vaga de ministro | Portal de Not\u00edcias\",\"isPartOf\":{\"@id\":\"https:\/\/mhcalculos.com.br\/noticias\/#website\"},\"primaryImageOfPage\":{\"@id\":\"https:\/\/mhcalculos.com.br\/noticias\/area\/trabalhista\/tst-tribunal-divulga-lista-de-magistrados-inscritos-para-vaga-de-ministro.html#primaryimage\"},\"image\":{\"@id\":\"https:\/\/mhcalculos.com.br\/noticias\/area\/trabalhista\/tst-tribunal-divulga-lista-de-magistrados-inscritos-para-vaga-de-ministro.html#primaryimage\"},\"thumbnailUrl\":\"https:\/\/mhcalculos.com.br\/noticias\/wp-content\/uploads\/sites\/2\/2018\/06\/trabalhista-0002.jpg\",\"datePublished\":\"2021-09-01T20:21:00+00:00\",\"author\":{\"@id\":\"https:\/\/mhcalculos.com.br\/noticias\/#\/schema\/person\/88d1c34bf72dc779ea14a5a6b8e0ae8d\"},\"breadcrumb\":{\"@id\":\"https:\/\/mhcalculos.com.br\/noticias\/area\/trabalhista\/tst-tribunal-divulga-lista-de-magistrados-inscritos-para-vaga-de-ministro.html#breadcrumb\"},\"inLanguage\":\"pt-BR\",\"potentialAction\":[{\"@type\":\"ReadAction\",\"target\":[\"https:\/\/mhcalculos.com.br\/noticias\/area\/trabalhista\/tst-tribunal-divulga-lista-de-magistrados-inscritos-para-vaga-de-ministro.html\"]}]},{\"@type\":\"ImageObject\",\"inLanguage\":\"pt-BR\",\"@id\":\"https:\/\/mhcalculos.com.br\/noticias\/area\/trabalhista\/tst-tribunal-divulga-lista-de-magistrados-inscritos-para-vaga-de-ministro.html#primaryimage\",\"url\":\"https:\/\/mhcalculos.com.br\/noticias\/wp-content\/uploads\/sites\/2\/2018\/06\/trabalhista-0002.jpg\",\"contentUrl\":\"https:\/\/mhcalculos.com.br\/noticias\/wp-content\/uploads\/sites\/2\/2018\/06\/trabalhista-0002.jpg\",\"width\":2000,\"height\":800},{\"@type\":\"BreadcrumbList\",\"@id\":\"https:\/\/mhcalculos.com.br\/noticias\/area\/trabalhista\/tst-tribunal-divulga-lista-de-magistrados-inscritos-para-vaga-de-ministro.html#breadcrumb\",\"itemListElement\":[{\"@type\":\"ListItem\",\"position\":1,\"name\":\"In\u00edcio\",\"item\":\"https:\/\/mhcalculos.com.br\/noticias\/\"},{\"@type\":\"ListItem\",\"position\":2,\"name\":\"TST: Tribunal&nbsp;divulga lista de magistrados inscritos para vaga de ministro\"}]},{\"@type\":\"WebSite\",\"@id\":\"https:\/\/mhcalculos.com.br\/noticias\/#website\",\"url\":\"https:\/\/mhcalculos.com.br\/noticias\/\",\"name\":\"Portal de Not\u00edcias\",\"description\":\"Not\u00edcias e Jurisprud\u00eancia\",\"potentialAction\":[{\"@type\":\"SearchAction\",\"target\":{\"@type\":\"EntryPoint\",\"urlTemplate\":\"https:\/\/mhcalculos.com.br\/noticias\/?s={search_term_string}\"},\"query-input\":{\"@type\":\"PropertyValueSpecification\",\"valueRequired\":true,\"valueName\":\"search_term_string\"}}],\"inLanguage\":\"pt-BR\"},{\"@type\":\"Person\",\"@id\":\"https:\/\/mhcalculos.com.br\/noticias\/#\/schema\/person\/88d1c34bf72dc779ea14a5a6b8e0ae8d\",\"name\":\"Equipe MH\",\"image\":{\"@type\":\"ImageObject\",\"inLanguage\":\"pt-BR\",\"@id\":\"https:\/\/secure.gravatar.com\/avatar\/de1c686c2ecc9c5a3f327e3431d819eb39f8f05d4e1045f5a1caad6daaba987f?s=96&d=mm&r=g\",\"url\":\"https:\/\/secure.gravatar.com\/avatar\/de1c686c2ecc9c5a3f327e3431d819eb39f8f05d4e1045f5a1caad6daaba987f?s=96&d=mm&r=g\",\"contentUrl\":\"https:\/\/secure.gravatar.com\/avatar\/de1c686c2ecc9c5a3f327e3431d819eb39f8f05d4e1045f5a1caad6daaba987f?s=96&d=mm&r=g\",\"caption\":\"Equipe MH\"}}]}<\/script>\n<!-- \/ Yoast SEO plugin. -->","yoast_head_json":{"title":"TST: Tribunal&nbsp;divulga lista de magistrados inscritos para vaga de ministro | Portal de Not\u00edcias","robots":{"index":"index","follow":"follow","max-snippet":"max-snippet:-1","max-image-preview":"max-image-preview:large","max-video-preview":"max-video-preview:-1"},"canonical":"https:\/\/mhcalculos.com.br\/noticias\/area\/trabalhista\/tst-tribunal-divulga-lista-de-magistrados-inscritos-para-vaga-de-ministro.html","og_locale":"pt_BR","og_type":"article","og_title":"TST: Tribunal&nbsp;divulga lista de magistrados inscritos para vaga de ministro | Portal de Not\u00edcias","og_description":"O Tribunal Pleno escolher\u00e1, entre os 16&nbsp;nomes, os que compor\u00e3o a lista tr\u00edplice. Detalhe da fachada do edif\u00edcio-sede do TST 01\/09\/21 &#8211; A Presid\u00eancia do Tribunal Superior do Trabalho recebeu a inscri\u00e7\u00e3o de 16&nbsp;desembargadoras e desembargadores de Tribunais Regionais do Trabalho candidatos \u00e0 vaga de ministro do Tribunal destinada \u00e0 carreira da magistratura, em decorr\u00eancia [&hellip;]","og_url":"https:\/\/mhcalculos.com.br\/noticias\/area\/trabalhista\/tst-tribunal-divulga-lista-de-magistrados-inscritos-para-vaga-de-ministro.html","og_site_name":"Portal de Not\u00edcias","article_published_time":"2021-09-01T20:21:00+00:00","og_image":[{"width":2000,"height":800,"url":"https:\/\/mhcalculos.com.br\/noticias\/wp-content\/uploads\/sites\/2\/2018\/06\/trabalhista-0002.jpg","type":"image\/jpeg"}],"author":"Equipe MH","twitter_card":"summary_large_image","twitter_misc":{"Escrito por":"Equipe MH","Est. tempo de leitura":"2 minutos"},"schema":{"@context":"https:\/\/schema.org","@graph":[{"@type":"Article","@id":"https:\/\/mhcalculos.com.br\/noticias\/area\/trabalhista\/tst-tribunal-divulga-lista-de-magistrados-inscritos-para-vaga-de-ministro.html#article","isPartOf":{"@id":"https:\/\/mhcalculos.com.br\/noticias\/area\/trabalhista\/tst-tribunal-divulga-lista-de-magistrados-inscritos-para-vaga-de-ministro.html"},"author":{"name":"Equipe MH","@id":"https:\/\/mhcalculos.com.br\/noticias\/#\/schema\/person\/88d1c34bf72dc779ea14a5a6b8e0ae8d"},"headline":"TST: Tribunal&nbsp;divulga lista de magistrados inscritos para vaga de ministro","datePublished":"2021-09-01T20:21:00+00:00","mainEntityOfPage":{"@id":"https:\/\/mhcalculos.com.br\/noticias\/area\/trabalhista\/tst-tribunal-divulga-lista-de-magistrados-inscritos-para-vaga-de-ministro.html"},"wordCount":450,"commentCount":0,"image":{"@id":"https:\/\/mhcalculos.com.br\/noticias\/area\/trabalhista\/tst-tribunal-divulga-lista-de-magistrados-inscritos-para-vaga-de-ministro.html#primaryimage"},"thumbnailUrl":"https:\/\/mhcalculos.com.br\/noticias\/wp-content\/uploads\/sites\/2\/2018\/06\/trabalhista-0002.jpg","keywords":["c\u00e1lculos trabalhistas","direito trabalhista","per\u00edcia","perito","trabalho","TST"],"articleSection":["Direito Trabalhista","TST"],"inLanguage":"pt-BR","potentialAction":[{"@type":"CommentAction","name":"Comment","target":["https:\/\/mhcalculos.com.br\/noticias\/area\/trabalhista\/tst-tribunal-divulga-lista-de-magistrados-inscritos-para-vaga-de-ministro.html#respond"]}]},{"@type":"WebPage","@id":"https:\/\/mhcalculos.com.br\/noticias\/area\/trabalhista\/tst-tribunal-divulga-lista-de-magistrados-inscritos-para-vaga-de-ministro.html","url":"https:\/\/mhcalculos.com.br\/noticias\/area\/trabalhista\/tst-tribunal-divulga-lista-de-magistrados-inscritos-para-vaga-de-ministro.html","name":"TST: Tribunal&nbsp;divulga lista de magistrados inscritos para vaga de ministro | Portal de Not\u00edcias","isPartOf":{"@id":"https:\/\/mhcalculos.com.br\/noticias\/#website"},"primaryImageOfPage":{"@id":"https:\/\/mhcalculos.com.br\/noticias\/area\/trabalhista\/tst-tribunal-divulga-lista-de-magistrados-inscritos-para-vaga-de-ministro.html#primaryimage"},"image":{"@id":"https:\/\/mhcalculos.com.br\/noticias\/area\/trabalhista\/tst-tribunal-divulga-lista-de-magistrados-inscritos-para-vaga-de-ministro.html#primaryimage"},"thumbnailUrl":"https:\/\/mhcalculos.com.br\/noticias\/wp-content\/uploads\/sites\/2\/2018\/06\/trabalhista-0002.jpg","datePublished":"2021-09-01T20:21:00+00:00","author":{"@id":"https:\/\/mhcalculos.com.br\/noticias\/#\/schema\/person\/88d1c34bf72dc779ea14a5a6b8e0ae8d"},"breadcrumb":{"@id":"https:\/\/mhcalculos.com.br\/noticias\/area\/trabalhista\/tst-tribunal-divulga-lista-de-magistrados-inscritos-para-vaga-de-ministro.html#breadcrumb"},"inLanguage":"pt-BR","potentialAction":[{"@type":"ReadAction","target":["https:\/\/mhcalculos.com.br\/noticias\/area\/trabalhista\/tst-tribunal-divulga-lista-de-magistrados-inscritos-para-vaga-de-ministro.html"]}]},{"@type":"ImageObject","inLanguage":"pt-BR","@id":"https:\/\/mhcalculos.com.br\/noticias\/area\/trabalhista\/tst-tribunal-divulga-lista-de-magistrados-inscritos-para-vaga-de-ministro.html#primaryimage","url":"https:\/\/mhcalculos.com.br\/noticias\/wp-content\/uploads\/sites\/2\/2018\/06\/trabalhista-0002.jpg","contentUrl":"https:\/\/mhcalculos.com.br\/noticias\/wp-content\/uploads\/sites\/2\/2018\/06\/trabalhista-0002.jpg","width":2000,"height":800},{"@type":"BreadcrumbList","@id":"https:\/\/mhcalculos.com.br\/noticias\/area\/trabalhista\/tst-tribunal-divulga-lista-de-magistrados-inscritos-para-vaga-de-ministro.html#breadcrumb","itemListElement":[{"@type":"ListItem","position":1,"name":"In\u00edcio","item":"https:\/\/mhcalculos.com.br\/noticias\/"},{"@type":"ListItem","position":2,"name":"TST: Tribunal&nbsp;divulga lista de magistrados inscritos para vaga de ministro"}]},{"@type":"WebSite","@id":"https:\/\/mhcalculos.com.br\/noticias\/#website","url":"https:\/\/mhcalculos.com.br\/noticias\/","name":"Portal de Not\u00edcias","description":"Not\u00edcias e Jurisprud\u00eancia","potentialAction":[{"@type":"SearchAction","target":{"@type":"EntryPoint","urlTemplate":"https:\/\/mhcalculos.com.br\/noticias\/?s={search_term_string}"},"query-input":{"@type":"PropertyValueSpecification","valueRequired":true,"valueName":"search_term_string"}}],"inLanguage":"pt-BR"},{"@type":"Person","@id":"https:\/\/mhcalculos.com.br\/noticias\/#\/schema\/person\/88d1c34bf72dc779ea14a5a6b8e0ae8d","name":"Equipe MH","image":{"@type":"ImageObject","inLanguage":"pt-BR","@id":"https:\/\/secure.gravatar.com\/avatar\/de1c686c2ecc9c5a3f327e3431d819eb39f8f05d4e1045f5a1caad6daaba987f?s=96&d=mm&r=g","url":"https:\/\/secure.gravatar.com\/avatar\/de1c686c2ecc9c5a3f327e3431d819eb39f8f05d4e1045f5a1caad6daaba987f?s=96&d=mm&r=g","contentUrl":"https:\/\/secure.gravatar.com\/avatar\/de1c686c2ecc9c5a3f327e3431d819eb39f8f05d4e1045f5a1caad6daaba987f?s=96&d=mm&r=g","caption":"Equipe MH"}}]}},"_links":{"self":[{"href":"https:\/\/mhcalculos.com.br\/noticias\/wp-json\/wp\/v2\/posts\/10605","targetHints":{"allow":["GET"]}}],"collection":[{"href":"https:\/\/mhcalculos.com.br\/noticias\/wp-json\/wp\/v2\/posts"}],"about":[{"href":"https:\/\/mhcalculos.com.br\/noticias\/wp-json\/wp\/v2\/types\/post"}],"author":[{"embeddable":true,"href":"https:\/\/mhcalculos.com.br\/noticias\/wp-json\/wp\/v2\/users\/3063"}],"replies":[{"embeddable":true,"href":"https:\/\/mhcalculos.com.br\/noticias\/wp-json\/wp\/v2\/comments?post=10605"}],"version-history":[{"count":0,"href":"https:\/\/mhcalculos.com.br\/noticias\/wp-json\/wp\/v2\/posts\/10605\/revisions"}],"wp:featuredmedia":[{"embeddable":true,"href":"https:\/\/mhcalculos.com.br\/noticias\/wp-json\/wp\/v2\/media\/2110"}],"wp:attachment":[{"href":"https:\/\/mhcalculos.com.br\/noticias\/wp-json\/wp\/v2\/media?parent=10605"}],"wp:term":[{"taxonomy":"category","embeddable":true,"href":"https:\/\/mhcalculos.com.br\/noticias\/wp-json\/wp\/v2\/categories?post=10605"},{"taxonomy":"post_tag","embeddable":true,"href":"https:\/\/mhcalculos.com.br\/noticias\/wp-json\/wp\/v2\/tags?post=10605"}],"curies":[{"name":"wp","href":"https:\/\/api.w.org\/{rel}","templated":true}]}}