{"id":10581,"date":"2021-08-23T16:29:00","date_gmt":"2021-08-23T19:29:00","guid":{"rendered":"https:\/\/mhcalculos.com.br\/noticias\/area\/trabalhista\/tst-presidente-do-tribunal-fara-palestra-no-11o-congresso-internacional-da-academia-brasileira-de-direito-do-trabalho.html"},"modified":"2021-08-23T16:29:00","modified_gmt":"2021-08-23T19:29:00","slug":"tst-presidente-do-tribunal-fara-palestra-no-11o-congresso-internacional-da-academia-brasileira-de-direito-do-trabalho","status":"publish","type":"post","link":"https:\/\/mhcalculos.com.br\/noticias\/area\/trabalhista\/tst-presidente-do-tribunal-fara-palestra-no-11o-congresso-internacional-da-academia-brasileira-de-direito-do-trabalho.html","title":{"rendered":"TST: Presidente do Tribunal&nbsp;far\u00e1 palestra no 11\u00ba Congresso Internacional da Academia Brasileira de Direito do Trabalho"},"content":{"rendered":"<p><br \/>\n<\/p>\n<p><em><\/p>\n<p>O ministro Alexandre de Souza Agra Belmonte integra a coordena\u00e7\u00e3o geral do evento de car\u00e1ter cient\u00edfico<\/p>\n<p><\/em><\/p>\n<p>        <a class=\"share-facebook\" href=\"https:\/\/www.facebook.com\/sharer.php?u=http:\/\/www.tst.jus.br\/-\/presidente-do-tst-far%C3%A1-palestra-no-11%C2%BA-congresso-internacional-da-academia-brasileira-de-direito-do-trabalho\" target=\"_blank\" rel=\"noopener\"><\/a><br \/>\n        <a class=\"share-twitter\" href=\"http:\/\/twitter.com\/intent\/tweet?text=Presidente do TST far\u00e1 palestra no 11\u00ba Congresso Internacional da Academia Brasileira de Direito do Trabalho%0AVeja%20mais%20em:&amp;url=http:\/\/www.tst.jus.br\/-\/presidente-do-tst-far%C3%A1-palestra-no-11%C2%BA-congresso-internacional-da-academia-brasileira-de-direito-do-trabalho\" target=\"_blank\" rel=\"noopener\"><\/a><br \/>\n        <a class=\"share-linkedin\" href=\"https:\/\/www.linkedin.com\/shareArticle?mini=true&amp;url=http:\/\/www.tst.jus.br\/-\/presidente-do-tst-far%C3%A1-palestra-no-11%C2%BA-congresso-internacional-da-academia-brasileira-de-direito-do-trabalho&amp;title=Presidente do TST far\u00e1 palestra no 11\u00ba Congresso Internacional da Academia Brasileira de Direito do Trabalho\" target=\"_blank\" rel=\"noopener\"><\/a><br \/>\n        <a class=\"share-whatsapp\" href=\"https:\/\/web.whatsapp.com\/send?text=http:\/\/www.tst.jus.br\/-\/presidente-do-tst-far%C3%A1-palestra-no-11%C2%BA-congresso-internacional-da-academia-brasileira-de-direito-do-trabalho\" target=\"_blank\" rel=\"noopener\"><\/a><br \/>\n        <a class=\"share-googleplus\" href=\"https:\/\/plus.google.com\/share?url=http:\/\/www.tst.jus.br\/-\/presidente-do-tst-far%C3%A1-palestra-no-11%C2%BA-congresso-internacional-da-academia-brasileira-de-direito-do-trabalho\" target=\"_blank\" rel=\"noopener\"><\/a><\/p>\n<p>                <\/p>\n<p>                    <a class=\"share-facebook\" href=\"https:\/\/www.facebook.com\/sharer.php?u=http:\/\/www.tst.jus.br\/-\/presidente-do-tst-far%C3%A1-palestra-no-11%C2%BA-congresso-internacional-da-academia-brasileira-de-direito-do-trabalho\" target=\"_blank\" rel=\"noopener\"><\/a><br \/>\n                    <a class=\"share-twitter\" href=\"http:\/\/twitter.com\/intent\/tweet?text=Presidente do TST far\u00e1 palestra no 11\u00ba Congresso Internacional da Academia Brasileira de Direito do Trabalho%0AVeja%20mais%20em:&amp;url=http:\/\/www.tst.jus.br\/-\/presidente-do-tst-far%C3%A1-palestra-no-11%C2%BA-congresso-internacional-da-academia-brasileira-de-direito-do-trabalho\" target=\"_blank\" rel=\"noopener\"><\/a><br \/>\n                    <a class=\"share-linkedin\" href=\"https:\/\/www.linkedin.com\/shareArticle?mini=true&amp;url=http:\/\/www.tst.jus.br\/-\/presidente-do-tst-far%C3%A1-palestra-no-11%C2%BA-congresso-internacional-da-academia-brasileira-de-direito-do-trabalho&amp;title=Presidente do TST far\u00e1 palestra no 11\u00ba Congresso Internacional da Academia Brasileira de Direito do Trabalho\" target=\"_blank\" rel=\"noopener\"><\/a><br \/>\n                    <a class=\"share-whatsapp\" href=\"https:\/\/web.whatsapp.com\/send?text=http:\/\/www.tst.jus.br\/-\/presidente-do-tst-far%C3%A1-palestra-no-11%C2%BA-congresso-internacional-da-academia-brasileira-de-direito-do-trabalho\" target=\"_blank\" rel=\"noopener\"><\/a><br \/>\n                    <a class=\"share-googleplus\" href=\"https:\/\/plus.google.com\/share?url=http:\/\/www.tst.jus.br\/-\/presidente-do-tst-far%C3%A1-palestra-no-11%C2%BA-congresso-internacional-da-academia-brasileira-de-direito-do-trabalho\" target=\"_blank\" rel=\"noopener\"><\/a><\/p>\n<p>23\/08\/21 &#8211;&nbsp;A presidente do Tribunal Superior do Trabalho, ministra Maria Cristina Peduzzi, ser\u00e1 uma das palestrantes da 11\u00aa edi\u00e7\u00e3o do Congresso Internacional da Academia Brasileira de Direito do Trabalho. O evento acontecer\u00e1 nos dias 7, 8, 13 e 14 de outubro, em formato h\u00edbrido (on-line e presencial). A Academia Brasileira de Direito do Trabalho (ABDT) \u00e9 presidida pelo ministro do TST Alexandre de Souza Agra Belmonte. O congresso tem foco em tem\u00e1ticas afetas ao Direito do Trabalho e \u00e0 Seguridade Social.<\/p>\n<p>A presidente, ministra Maria Cristina Peduzzi, conduzir\u00e1 o painel \u201cA tutela das condi\u00e7\u00f5es trabalhistas nos processos de descentraliza\u00e7\u00e3o produtiva: que melhorias caberiam introduzir nos regimes jur\u00eddicos aplic\u00e1veis aos contratos?\u201d. A palestra est\u00e1 prevista para 13 de outubro.&nbsp;<\/p>\n<p>Al\u00e9m da ministra presidente, os ministros Agra Belmonte, Douglas Alencar e Cl\u00e1udio Brand\u00e3o ser\u00e3o palestrantes no congresso, que reunir\u00e1 grandes juristas e pensadores que objetivam a coopera\u00e7\u00e3o global e o desenvolvimento de um direito social da mesma natureza.<\/p>\n<h4>Entidades colaboradoras<\/h4>\n<p>Para viabilizar a realiza\u00e7\u00e3o das palestras, o evento conta com a colabora\u00e7\u00e3o da Universidade de Val\u00eancia, Faculdade de Direito da Universidade de Sevilha, Associa\u00e7\u00e3o de Mulheres Trabalhistas da Andaluzia e do Minist\u00e9rio de Ci\u00eancia e Inova\u00e7\u00e3o do Governo da Espanha. A Associa\u00e7\u00e3o Nacional dos Magistrados da Justi\u00e7a do Trabalho (Anamatra) e a Escola Nacional de Forma\u00e7\u00e3o e Aperfei\u00e7oamento de Magistrados do Trabalho (Enamat) s\u00e3o apoiadoras do congresso.&nbsp;<\/p>\n<h4>Inscri\u00e7\u00e3o<\/h4>\n<p>Para realizar a <a href=\"https:\/\/www.sympla.com.br\/xi-congresso-internacional-da-academia-brasileira--de-direito-do-trabalho---on-line-e-presencial__1226375\" target=\"_blank\" rel=\"noopener\">inscri\u00e7\u00e3o<\/a> e conferir a <a href=\"https:\/\/www.andtbrasil.org.br\/programacao\/\" target=\"_blank\" rel=\"noopener\">programa\u00e7\u00e3o completa<\/a>, basta acessar o <a href=\"https:\/\/www.andtbrasil.org.br\/\" target=\"_blank\" rel=\"noopener\">site da Academia Brasileira de Direito do Trabalho<\/a><\/p>\n<p>(MG\/RT)<\/p>\n<p>    $(&#8216;#lightbox-aokj_ .slider-gallery-wrapper img&#8217;).hover(<br \/>\n    function() {<br \/>\n        const $text=$($($(this).parent()).next());<br \/>\n        $text.hasClass(&#8216;inside-description&#8217;) &amp;&amp; $text.fadeTo( &#8220;slow&#8221; , 0);<br \/>\n    }, function() {<br \/>\n        const $text=$($($(this).parent()).next());<br \/>\n        $text.hasClass(&#8216;inside-description&#8217;) &amp;&amp; $text.fadeTo( &#8220;slow&#8221; , 1);<br \/>\n    }<br \/>\n    );<br \/>\n    $(document).ready(function() {<br \/>\n        var aokj_autoplaying=false;<br \/>\n        var aokj_showingLightbox=false;<br \/>\n        const aokj_playPauseControllers=&#8221;#slider-aokj_-playpause, #slider-aokj_-lightbox-playpause&#8221;;<br \/>\n        $(&#8220;#slider-aokj_&#8221;).slick({<br \/>\n            slidesToShow: 1,<br \/>\n            slidesToScroll: 1,<br \/>\n            autoplay: aokj_autoplaying,<br \/>\n            swipeToSlide: false,<br \/>\n            centerMode: false,<br \/>\n            autoplaySpeed: 3000,<br \/>\n            focusOnSelect: true,<br \/>\n            prevArrow:<br \/>\n            &#8221;,<br \/>\n            nextArrow:<br \/>\n            &#8221;,<br \/>\n            centerPadding: &#8220;60px&#8221;,<br \/>\n            responsive: [<br \/>\n                {<br \/>\n                    breakpoint: 767.98,<br \/>\n                    settings: {<br \/>\n                        slidesToShow: 3,<br \/>\n                        adaptiveHeight: true<br \/>\n                    }<br \/>\n                }<br \/>\n            ]<br \/>\n        });<br \/>\n        $(&#8220;#slider-aokj_&#8221;).slickLightbox({<br \/>\n            src: &#8216;src&#8217;,<br \/>\n            itemSelector: &#8216;.galery-image .multimidia-wrapper img&#8217;,<br \/>\n            caption:&#8217;caption&#8217;<br \/>\n        });<br \/>\n    });<br \/>\n<script async src=\"https:\/\/platform.twitter.com\/widgets.js\" charset=\"utf-8\"><\/script><br \/>\n<br \/><i>Com informa\u00e7\u00f5es da assessoria de imprensa do TST.<\/i><br \/>\n<br \/><a href=\"http:\/\/www.tst.jus.br\/web\/guest\/noticias?p_p_id=89Dk&#038;p_p_lifecycle=0&#038;refererPlid=10730&#038;_89Dk_groupId=10157&#038;_89Dk_articleId=27556367\">Fonte<\/a><br \/>\n<br \/><\/p>\n","protected":false},"excerpt":{"rendered":"<p>O ministro Alexandre de Souza Agra Belmonte integra a coordena\u00e7\u00e3o geral do evento de car\u00e1ter cient\u00edfico 23\/08\/21 &#8211;&nbsp;A presidente do Tribunal Superior do Trabalho, ministra Maria Cristina Peduzzi, ser\u00e1 uma das palestrantes da 11\u00aa edi\u00e7\u00e3o do Congresso Internacional da Academia Brasileira de Direito do Trabalho. O evento acontecer\u00e1 nos dias 7, 8, 13 e 14 [&hellip;]<\/p>\n","protected":false},"author":3063,"featured_media":1590,"comment_status":"open","ping_status":"open","sticky":false,"template":"","format":"standard","meta":{"footnotes":""},"categories":[3,21],"tags":[33,216,9,12,217,215],"class_list":{"0":"post-10581","1":"post","2":"type-post","3":"status-publish","4":"format-standard","5":"has-post-thumbnail","7":"category-trabalhista","8":"category-tst","9":"tag-calculos-trabalhistas","10":"tag-direito-trabalhista","11":"tag-pericia","12":"tag-perito","13":"tag-trabalho","14":"tag-tst"},"yoast_head":"<!-- This site is optimized with the Yoast SEO plugin v27.2 - https:\/\/yoast.com\/product\/yoast-seo-wordpress\/ -->\n<title>TST: Presidente do Tribunal&nbsp;far\u00e1 palestra no 11\u00ba Congresso Internacional da Academia Brasileira de Direito do Trabalho | Portal de Not\u00edcias<\/title>\n<meta name=\"robots\" content=\"index, follow, max-snippet:-1, max-image-preview:large, max-video-preview:-1\" \/>\n<link rel=\"canonical\" href=\"https:\/\/mhcalculos.com.br\/noticias\/area\/trabalhista\/tst-presidente-do-tribunal-fara-palestra-no-11o-congresso-internacional-da-academia-brasileira-de-direito-do-trabalho.html\" \/>\n<meta property=\"og:locale\" content=\"pt_BR\" \/>\n<meta property=\"og:type\" content=\"article\" \/>\n<meta property=\"og:title\" content=\"TST: Presidente do Tribunal&nbsp;far\u00e1 palestra no 11\u00ba Congresso Internacional da Academia Brasileira de Direito do Trabalho | Portal de Not\u00edcias\" \/>\n<meta property=\"og:description\" content=\"O ministro Alexandre de Souza Agra Belmonte integra a coordena\u00e7\u00e3o geral do evento de car\u00e1ter cient\u00edfico 23\/08\/21 &#8211;&nbsp;A presidente do Tribunal Superior do Trabalho, ministra Maria Cristina Peduzzi, ser\u00e1 uma das palestrantes da 11\u00aa edi\u00e7\u00e3o do Congresso Internacional da Academia Brasileira de Direito do Trabalho. O evento acontecer\u00e1 nos dias 7, 8, 13 e 14 [&hellip;]\" \/>\n<meta property=\"og:url\" content=\"https:\/\/mhcalculos.com.br\/noticias\/area\/trabalhista\/tst-presidente-do-tribunal-fara-palestra-no-11o-congresso-internacional-da-academia-brasileira-de-direito-do-trabalho.html\" \/>\n<meta property=\"og:site_name\" content=\"Portal de Not\u00edcias\" \/>\n<meta property=\"article:published_time\" content=\"2021-08-23T19:29:00+00:00\" \/>\n<meta property=\"og:image\" content=\"https:\/\/mhcalculos.com.br\/noticias\/wp-content\/uploads\/sites\/2\/2018\/06\/trabalhista-0012.jpg\" \/>\n\t<meta property=\"og:image:width\" content=\"2000\" \/>\n\t<meta property=\"og:image:height\" content=\"800\" \/>\n\t<meta property=\"og:image:type\" content=\"image\/jpeg\" \/>\n<meta name=\"author\" content=\"Equipe MH\" \/>\n<meta name=\"twitter:card\" content=\"summary_large_image\" \/>\n<meta name=\"twitter:label1\" content=\"Escrito por\" \/>\n\t<meta name=\"twitter:data1\" content=\"Equipe MH\" \/>\n\t<meta name=\"twitter:label2\" content=\"Est. tempo de leitura\" \/>\n\t<meta name=\"twitter:data2\" content=\"2 minutos\" \/>\n<script type=\"application\/ld+json\" class=\"yoast-schema-graph\">{\"@context\":\"https:\/\/schema.org\",\"@graph\":[{\"@type\":\"Article\",\"@id\":\"https:\/\/mhcalculos.com.br\/noticias\/area\/trabalhista\/tst-presidente-do-tribunal-fara-palestra-no-11o-congresso-internacional-da-academia-brasileira-de-direito-do-trabalho.html#article\",\"isPartOf\":{\"@id\":\"https:\/\/mhcalculos.com.br\/noticias\/area\/trabalhista\/tst-presidente-do-tribunal-fara-palestra-no-11o-congresso-internacional-da-academia-brasileira-de-direito-do-trabalho.html\"},\"author\":{\"name\":\"Equipe MH\",\"@id\":\"https:\/\/mhcalculos.com.br\/noticias\/#\/schema\/person\/88d1c34bf72dc779ea14a5a6b8e0ae8d\"},\"headline\":\"TST: Presidente do Tribunal&nbsp;far\u00e1 palestra no 11\u00ba Congresso Internacional da Academia Brasileira de Direito do Trabalho\",\"datePublished\":\"2021-08-23T19:29:00+00:00\",\"mainEntityOfPage\":{\"@id\":\"https:\/\/mhcalculos.com.br\/noticias\/area\/trabalhista\/tst-presidente-do-tribunal-fara-palestra-no-11o-congresso-internacional-da-academia-brasileira-de-direito-do-trabalho.html\"},\"wordCount\":402,\"commentCount\":0,\"image\":{\"@id\":\"https:\/\/mhcalculos.com.br\/noticias\/area\/trabalhista\/tst-presidente-do-tribunal-fara-palestra-no-11o-congresso-internacional-da-academia-brasileira-de-direito-do-trabalho.html#primaryimage\"},\"thumbnailUrl\":\"https:\/\/mhcalculos.com.br\/noticias\/wp-content\/uploads\/sites\/2\/2018\/06\/trabalhista-0012.jpg\",\"keywords\":[\"c\u00e1lculos trabalhistas\",\"direito trabalhista\",\"per\u00edcia\",\"perito\",\"trabalho\",\"TST\"],\"articleSection\":[\"Direito Trabalhista\",\"TST\"],\"inLanguage\":\"pt-BR\",\"potentialAction\":[{\"@type\":\"CommentAction\",\"name\":\"Comment\",\"target\":[\"https:\/\/mhcalculos.com.br\/noticias\/area\/trabalhista\/tst-presidente-do-tribunal-fara-palestra-no-11o-congresso-internacional-da-academia-brasileira-de-direito-do-trabalho.html#respond\"]}]},{\"@type\":\"WebPage\",\"@id\":\"https:\/\/mhcalculos.com.br\/noticias\/area\/trabalhista\/tst-presidente-do-tribunal-fara-palestra-no-11o-congresso-internacional-da-academia-brasileira-de-direito-do-trabalho.html\",\"url\":\"https:\/\/mhcalculos.com.br\/noticias\/area\/trabalhista\/tst-presidente-do-tribunal-fara-palestra-no-11o-congresso-internacional-da-academia-brasileira-de-direito-do-trabalho.html\",\"name\":\"TST: Presidente do Tribunal&nbsp;far\u00e1 palestra no 11\u00ba Congresso Internacional da Academia Brasileira de Direito do Trabalho | Portal de Not\u00edcias\",\"isPartOf\":{\"@id\":\"https:\/\/mhcalculos.com.br\/noticias\/#website\"},\"primaryImageOfPage\":{\"@id\":\"https:\/\/mhcalculos.com.br\/noticias\/area\/trabalhista\/tst-presidente-do-tribunal-fara-palestra-no-11o-congresso-internacional-da-academia-brasileira-de-direito-do-trabalho.html#primaryimage\"},\"image\":{\"@id\":\"https:\/\/mhcalculos.com.br\/noticias\/area\/trabalhista\/tst-presidente-do-tribunal-fara-palestra-no-11o-congresso-internacional-da-academia-brasileira-de-direito-do-trabalho.html#primaryimage\"},\"thumbnailUrl\":\"https:\/\/mhcalculos.com.br\/noticias\/wp-content\/uploads\/sites\/2\/2018\/06\/trabalhista-0012.jpg\",\"datePublished\":\"2021-08-23T19:29:00+00:00\",\"author\":{\"@id\":\"https:\/\/mhcalculos.com.br\/noticias\/#\/schema\/person\/88d1c34bf72dc779ea14a5a6b8e0ae8d\"},\"breadcrumb\":{\"@id\":\"https:\/\/mhcalculos.com.br\/noticias\/area\/trabalhista\/tst-presidente-do-tribunal-fara-palestra-no-11o-congresso-internacional-da-academia-brasileira-de-direito-do-trabalho.html#breadcrumb\"},\"inLanguage\":\"pt-BR\",\"potentialAction\":[{\"@type\":\"ReadAction\",\"target\":[\"https:\/\/mhcalculos.com.br\/noticias\/area\/trabalhista\/tst-presidente-do-tribunal-fara-palestra-no-11o-congresso-internacional-da-academia-brasileira-de-direito-do-trabalho.html\"]}]},{\"@type\":\"ImageObject\",\"inLanguage\":\"pt-BR\",\"@id\":\"https:\/\/mhcalculos.com.br\/noticias\/area\/trabalhista\/tst-presidente-do-tribunal-fara-palestra-no-11o-congresso-internacional-da-academia-brasileira-de-direito-do-trabalho.html#primaryimage\",\"url\":\"https:\/\/mhcalculos.com.br\/noticias\/wp-content\/uploads\/sites\/2\/2018\/06\/trabalhista-0012.jpg\",\"contentUrl\":\"https:\/\/mhcalculos.com.br\/noticias\/wp-content\/uploads\/sites\/2\/2018\/06\/trabalhista-0012.jpg\",\"width\":2000,\"height\":800},{\"@type\":\"BreadcrumbList\",\"@id\":\"https:\/\/mhcalculos.com.br\/noticias\/area\/trabalhista\/tst-presidente-do-tribunal-fara-palestra-no-11o-congresso-internacional-da-academia-brasileira-de-direito-do-trabalho.html#breadcrumb\",\"itemListElement\":[{\"@type\":\"ListItem\",\"position\":1,\"name\":\"In\u00edcio\",\"item\":\"https:\/\/mhcalculos.com.br\/noticias\/\"},{\"@type\":\"ListItem\",\"position\":2,\"name\":\"TST: Presidente do Tribunal&nbsp;far\u00e1 palestra no 11\u00ba Congresso Internacional da Academia Brasileira de Direito do Trabalho\"}]},{\"@type\":\"WebSite\",\"@id\":\"https:\/\/mhcalculos.com.br\/noticias\/#website\",\"url\":\"https:\/\/mhcalculos.com.br\/noticias\/\",\"name\":\"Portal de Not\u00edcias\",\"description\":\"Not\u00edcias e Jurisprud\u00eancia\",\"potentialAction\":[{\"@type\":\"SearchAction\",\"target\":{\"@type\":\"EntryPoint\",\"urlTemplate\":\"https:\/\/mhcalculos.com.br\/noticias\/?s={search_term_string}\"},\"query-input\":{\"@type\":\"PropertyValueSpecification\",\"valueRequired\":true,\"valueName\":\"search_term_string\"}}],\"inLanguage\":\"pt-BR\"},{\"@type\":\"Person\",\"@id\":\"https:\/\/mhcalculos.com.br\/noticias\/#\/schema\/person\/88d1c34bf72dc779ea14a5a6b8e0ae8d\",\"name\":\"Equipe MH\",\"image\":{\"@type\":\"ImageObject\",\"inLanguage\":\"pt-BR\",\"@id\":\"https:\/\/secure.gravatar.com\/avatar\/de1c686c2ecc9c5a3f327e3431d819eb39f8f05d4e1045f5a1caad6daaba987f?s=96&d=mm&r=g\",\"url\":\"https:\/\/secure.gravatar.com\/avatar\/de1c686c2ecc9c5a3f327e3431d819eb39f8f05d4e1045f5a1caad6daaba987f?s=96&d=mm&r=g\",\"contentUrl\":\"https:\/\/secure.gravatar.com\/avatar\/de1c686c2ecc9c5a3f327e3431d819eb39f8f05d4e1045f5a1caad6daaba987f?s=96&d=mm&r=g\",\"caption\":\"Equipe MH\"}}]}<\/script>\n<!-- \/ Yoast SEO plugin. -->","yoast_head_json":{"title":"TST: Presidente do Tribunal&nbsp;far\u00e1 palestra no 11\u00ba Congresso Internacional da Academia Brasileira de Direito do Trabalho | Portal de Not\u00edcias","robots":{"index":"index","follow":"follow","max-snippet":"max-snippet:-1","max-image-preview":"max-image-preview:large","max-video-preview":"max-video-preview:-1"},"canonical":"https:\/\/mhcalculos.com.br\/noticias\/area\/trabalhista\/tst-presidente-do-tribunal-fara-palestra-no-11o-congresso-internacional-da-academia-brasileira-de-direito-do-trabalho.html","og_locale":"pt_BR","og_type":"article","og_title":"TST: Presidente do Tribunal&nbsp;far\u00e1 palestra no 11\u00ba Congresso Internacional da Academia Brasileira de Direito do Trabalho | Portal de Not\u00edcias","og_description":"O ministro Alexandre de Souza Agra Belmonte integra a coordena\u00e7\u00e3o geral do evento de car\u00e1ter cient\u00edfico 23\/08\/21 &#8211;&nbsp;A presidente do Tribunal Superior do Trabalho, ministra Maria Cristina Peduzzi, ser\u00e1 uma das palestrantes da 11\u00aa edi\u00e7\u00e3o do Congresso Internacional da Academia Brasileira de Direito do Trabalho. O evento acontecer\u00e1 nos dias 7, 8, 13 e 14 [&hellip;]","og_url":"https:\/\/mhcalculos.com.br\/noticias\/area\/trabalhista\/tst-presidente-do-tribunal-fara-palestra-no-11o-congresso-internacional-da-academia-brasileira-de-direito-do-trabalho.html","og_site_name":"Portal de Not\u00edcias","article_published_time":"2021-08-23T19:29:00+00:00","og_image":[{"width":2000,"height":800,"url":"https:\/\/mhcalculos.com.br\/noticias\/wp-content\/uploads\/sites\/2\/2018\/06\/trabalhista-0012.jpg","type":"image\/jpeg"}],"author":"Equipe MH","twitter_card":"summary_large_image","twitter_misc":{"Escrito por":"Equipe MH","Est. tempo de leitura":"2 minutos"},"schema":{"@context":"https:\/\/schema.org","@graph":[{"@type":"Article","@id":"https:\/\/mhcalculos.com.br\/noticias\/area\/trabalhista\/tst-presidente-do-tribunal-fara-palestra-no-11o-congresso-internacional-da-academia-brasileira-de-direito-do-trabalho.html#article","isPartOf":{"@id":"https:\/\/mhcalculos.com.br\/noticias\/area\/trabalhista\/tst-presidente-do-tribunal-fara-palestra-no-11o-congresso-internacional-da-academia-brasileira-de-direito-do-trabalho.html"},"author":{"name":"Equipe MH","@id":"https:\/\/mhcalculos.com.br\/noticias\/#\/schema\/person\/88d1c34bf72dc779ea14a5a6b8e0ae8d"},"headline":"TST: Presidente do Tribunal&nbsp;far\u00e1 palestra no 11\u00ba Congresso Internacional da Academia Brasileira de Direito do Trabalho","datePublished":"2021-08-23T19:29:00+00:00","mainEntityOfPage":{"@id":"https:\/\/mhcalculos.com.br\/noticias\/area\/trabalhista\/tst-presidente-do-tribunal-fara-palestra-no-11o-congresso-internacional-da-academia-brasileira-de-direito-do-trabalho.html"},"wordCount":402,"commentCount":0,"image":{"@id":"https:\/\/mhcalculos.com.br\/noticias\/area\/trabalhista\/tst-presidente-do-tribunal-fara-palestra-no-11o-congresso-internacional-da-academia-brasileira-de-direito-do-trabalho.html#primaryimage"},"thumbnailUrl":"https:\/\/mhcalculos.com.br\/noticias\/wp-content\/uploads\/sites\/2\/2018\/06\/trabalhista-0012.jpg","keywords":["c\u00e1lculos trabalhistas","direito trabalhista","per\u00edcia","perito","trabalho","TST"],"articleSection":["Direito Trabalhista","TST"],"inLanguage":"pt-BR","potentialAction":[{"@type":"CommentAction","name":"Comment","target":["https:\/\/mhcalculos.com.br\/noticias\/area\/trabalhista\/tst-presidente-do-tribunal-fara-palestra-no-11o-congresso-internacional-da-academia-brasileira-de-direito-do-trabalho.html#respond"]}]},{"@type":"WebPage","@id":"https:\/\/mhcalculos.com.br\/noticias\/area\/trabalhista\/tst-presidente-do-tribunal-fara-palestra-no-11o-congresso-internacional-da-academia-brasileira-de-direito-do-trabalho.html","url":"https:\/\/mhcalculos.com.br\/noticias\/area\/trabalhista\/tst-presidente-do-tribunal-fara-palestra-no-11o-congresso-internacional-da-academia-brasileira-de-direito-do-trabalho.html","name":"TST: Presidente do Tribunal&nbsp;far\u00e1 palestra no 11\u00ba Congresso Internacional da Academia Brasileira de Direito do Trabalho | Portal de Not\u00edcias","isPartOf":{"@id":"https:\/\/mhcalculos.com.br\/noticias\/#website"},"primaryImageOfPage":{"@id":"https:\/\/mhcalculos.com.br\/noticias\/area\/trabalhista\/tst-presidente-do-tribunal-fara-palestra-no-11o-congresso-internacional-da-academia-brasileira-de-direito-do-trabalho.html#primaryimage"},"image":{"@id":"https:\/\/mhcalculos.com.br\/noticias\/area\/trabalhista\/tst-presidente-do-tribunal-fara-palestra-no-11o-congresso-internacional-da-academia-brasileira-de-direito-do-trabalho.html#primaryimage"},"thumbnailUrl":"https:\/\/mhcalculos.com.br\/noticias\/wp-content\/uploads\/sites\/2\/2018\/06\/trabalhista-0012.jpg","datePublished":"2021-08-23T19:29:00+00:00","author":{"@id":"https:\/\/mhcalculos.com.br\/noticias\/#\/schema\/person\/88d1c34bf72dc779ea14a5a6b8e0ae8d"},"breadcrumb":{"@id":"https:\/\/mhcalculos.com.br\/noticias\/area\/trabalhista\/tst-presidente-do-tribunal-fara-palestra-no-11o-congresso-internacional-da-academia-brasileira-de-direito-do-trabalho.html#breadcrumb"},"inLanguage":"pt-BR","potentialAction":[{"@type":"ReadAction","target":["https:\/\/mhcalculos.com.br\/noticias\/area\/trabalhista\/tst-presidente-do-tribunal-fara-palestra-no-11o-congresso-internacional-da-academia-brasileira-de-direito-do-trabalho.html"]}]},{"@type":"ImageObject","inLanguage":"pt-BR","@id":"https:\/\/mhcalculos.com.br\/noticias\/area\/trabalhista\/tst-presidente-do-tribunal-fara-palestra-no-11o-congresso-internacional-da-academia-brasileira-de-direito-do-trabalho.html#primaryimage","url":"https:\/\/mhcalculos.com.br\/noticias\/wp-content\/uploads\/sites\/2\/2018\/06\/trabalhista-0012.jpg","contentUrl":"https:\/\/mhcalculos.com.br\/noticias\/wp-content\/uploads\/sites\/2\/2018\/06\/trabalhista-0012.jpg","width":2000,"height":800},{"@type":"BreadcrumbList","@id":"https:\/\/mhcalculos.com.br\/noticias\/area\/trabalhista\/tst-presidente-do-tribunal-fara-palestra-no-11o-congresso-internacional-da-academia-brasileira-de-direito-do-trabalho.html#breadcrumb","itemListElement":[{"@type":"ListItem","position":1,"name":"In\u00edcio","item":"https:\/\/mhcalculos.com.br\/noticias\/"},{"@type":"ListItem","position":2,"name":"TST: Presidente do Tribunal&nbsp;far\u00e1 palestra no 11\u00ba Congresso Internacional da Academia Brasileira de Direito do Trabalho"}]},{"@type":"WebSite","@id":"https:\/\/mhcalculos.com.br\/noticias\/#website","url":"https:\/\/mhcalculos.com.br\/noticias\/","name":"Portal de Not\u00edcias","description":"Not\u00edcias e Jurisprud\u00eancia","potentialAction":[{"@type":"SearchAction","target":{"@type":"EntryPoint","urlTemplate":"https:\/\/mhcalculos.com.br\/noticias\/?s={search_term_string}"},"query-input":{"@type":"PropertyValueSpecification","valueRequired":true,"valueName":"search_term_string"}}],"inLanguage":"pt-BR"},{"@type":"Person","@id":"https:\/\/mhcalculos.com.br\/noticias\/#\/schema\/person\/88d1c34bf72dc779ea14a5a6b8e0ae8d","name":"Equipe MH","image":{"@type":"ImageObject","inLanguage":"pt-BR","@id":"https:\/\/secure.gravatar.com\/avatar\/de1c686c2ecc9c5a3f327e3431d819eb39f8f05d4e1045f5a1caad6daaba987f?s=96&d=mm&r=g","url":"https:\/\/secure.gravatar.com\/avatar\/de1c686c2ecc9c5a3f327e3431d819eb39f8f05d4e1045f5a1caad6daaba987f?s=96&d=mm&r=g","contentUrl":"https:\/\/secure.gravatar.com\/avatar\/de1c686c2ecc9c5a3f327e3431d819eb39f8f05d4e1045f5a1caad6daaba987f?s=96&d=mm&r=g","caption":"Equipe MH"}}]}},"_links":{"self":[{"href":"https:\/\/mhcalculos.com.br\/noticias\/wp-json\/wp\/v2\/posts\/10581","targetHints":{"allow":["GET"]}}],"collection":[{"href":"https:\/\/mhcalculos.com.br\/noticias\/wp-json\/wp\/v2\/posts"}],"about":[{"href":"https:\/\/mhcalculos.com.br\/noticias\/wp-json\/wp\/v2\/types\/post"}],"author":[{"embeddable":true,"href":"https:\/\/mhcalculos.com.br\/noticias\/wp-json\/wp\/v2\/users\/3063"}],"replies":[{"embeddable":true,"href":"https:\/\/mhcalculos.com.br\/noticias\/wp-json\/wp\/v2\/comments?post=10581"}],"version-history":[{"count":0,"href":"https:\/\/mhcalculos.com.br\/noticias\/wp-json\/wp\/v2\/posts\/10581\/revisions"}],"wp:featuredmedia":[{"embeddable":true,"href":"https:\/\/mhcalculos.com.br\/noticias\/wp-json\/wp\/v2\/media\/1590"}],"wp:attachment":[{"href":"https:\/\/mhcalculos.com.br\/noticias\/wp-json\/wp\/v2\/media?parent=10581"}],"wp:term":[{"taxonomy":"category","embeddable":true,"href":"https:\/\/mhcalculos.com.br\/noticias\/wp-json\/wp\/v2\/categories?post=10581"},{"taxonomy":"post_tag","embeddable":true,"href":"https:\/\/mhcalculos.com.br\/noticias\/wp-json\/wp\/v2\/tags?post=10581"}],"curies":[{"name":"wp","href":"https:\/\/api.w.org\/{rel}","templated":true}]}}