{"id":10549,"date":"2021-08-09T23:49:00","date_gmt":"2021-08-10T02:49:00","guid":{"rendered":"https:\/\/mhcalculos.com.br\/noticias\/area\/trabalhista\/tst-hipermercado-e-condenado-por-funcionar-sem-alvara-de-incendio.html"},"modified":"2021-08-09T23:49:00","modified_gmt":"2021-08-10T02:49:00","slug":"tst-hipermercado-e-condenado-por-funcionar-sem-alvara-de-incendio","status":"publish","type":"post","link":"https:\/\/mhcalculos.com.br\/noticias\/area\/trabalhista\/tst-hipermercado-e-condenado-por-funcionar-sem-alvara-de-incendio.html","title":{"rendered":"TST: Hipermercado \u00e9 condenado por funcionar sem alvar\u00e1 de inc\u00eandio"},"content":{"rendered":"<p><br \/>\n<\/p>\n<p><em><\/p>\n<p>Segundo a 6\u00aa Turma, a empresa coloca em risco a integridade e a vida das pessoas que nela trabalham.<\/p>\n<p><\/em><\/p>\n<p>        <a class=\"share-facebook\" href=\"https:\/\/www.facebook.com\/sharer.php?u=http:\/\/www.tst.jus.br\/-\/hipermercado-%C3%A9-condenado-por-funcionar-sem-alvar%C3%A1-de-inc%C3%AAndio\" target=\"_blank\" rel=\"noopener\"><\/a><br \/>\n        <a class=\"share-twitter\" href=\"http:\/\/twitter.com\/intent\/tweet?text=Hipermercado \u00e9 condenado por funcionar sem alvar\u00e1 de inc\u00eandio%0AVeja%20mais%20em:&amp;url=http:\/\/www.tst.jus.br\/-\/hipermercado-%C3%A9-condenado-por-funcionar-sem-alvar%C3%A1-de-inc%C3%AAndio\" target=\"_blank\" rel=\"noopener\"><\/a><br \/>\n        <a class=\"share-linkedin\" href=\"https:\/\/www.linkedin.com\/shareArticle?mini=true&amp;url=http:\/\/www.tst.jus.br\/-\/hipermercado-%C3%A9-condenado-por-funcionar-sem-alvar%C3%A1-de-inc%C3%AAndio&amp;title=Hipermercado \u00e9 condenado por funcionar sem alvar\u00e1 de inc\u00eandio\" target=\"_blank\" rel=\"noopener\"><\/a><br \/>\n        <a class=\"share-whatsapp\" href=\"https:\/\/web.whatsapp.com\/send?text=http:\/\/www.tst.jus.br\/-\/hipermercado-%C3%A9-condenado-por-funcionar-sem-alvar%C3%A1-de-inc%C3%AAndio\" target=\"_blank\" rel=\"noopener\"><\/a><br \/>\n        <a class=\"share-googleplus\" href=\"https:\/\/plus.google.com\/share?url=http:\/\/www.tst.jus.br\/-\/hipermercado-%C3%A9-condenado-por-funcionar-sem-alvar%C3%A1-de-inc%C3%AAndio\" target=\"_blank\" rel=\"noopener\"><\/a><\/p>\n<p>                <\/p>\n<p>Corredor com mangueira e extintor de inc\u00eandio<\/p>\n<p>                    <a class=\"share-facebook\" href=\"https:\/\/www.facebook.com\/sharer.php?u=http:\/\/www.tst.jus.br\/-\/hipermercado-%C3%A9-condenado-por-funcionar-sem-alvar%C3%A1-de-inc%C3%AAndio\" target=\"_blank\" rel=\"noopener\"><\/a><br \/>\n                    <a class=\"share-twitter\" href=\"http:\/\/twitter.com\/intent\/tweet?text=Hipermercado \u00e9 condenado por funcionar sem alvar\u00e1 de inc\u00eandio%0AVeja%20mais%20em:&amp;url=http:\/\/www.tst.jus.br\/-\/hipermercado-%C3%A9-condenado-por-funcionar-sem-alvar%C3%A1-de-inc%C3%AAndio\" target=\"_blank\" rel=\"noopener\"><\/a><br \/>\n                    <a class=\"share-linkedin\" href=\"https:\/\/www.linkedin.com\/shareArticle?mini=true&amp;url=http:\/\/www.tst.jus.br\/-\/hipermercado-%C3%A9-condenado-por-funcionar-sem-alvar%C3%A1-de-inc%C3%AAndio&amp;title=Hipermercado \u00e9 condenado por funcionar sem alvar\u00e1 de inc\u00eandio\" target=\"_blank\" rel=\"noopener\"><\/a><br \/>\n                    <a class=\"share-whatsapp\" href=\"https:\/\/web.whatsapp.com\/send?text=http:\/\/www.tst.jus.br\/-\/hipermercado-%C3%A9-condenado-por-funcionar-sem-alvar%C3%A1-de-inc%C3%AAndio\" target=\"_blank\" rel=\"noopener\"><\/a><br \/>\n                    <a class=\"share-googleplus\" href=\"https:\/\/plus.google.com\/share?url=http:\/\/www.tst.jus.br\/-\/hipermercado-%C3%A9-condenado-por-funcionar-sem-alvar%C3%A1-de-inc%C3%AAndio\" target=\"_blank\" rel=\"noopener\"><\/a><\/p>\n<p>09\/08\/21 &#8211;&nbsp;A Sexta Turma do Tribunal Superior do Trabalho rejeitou o exame de recurso do Carrefour Com\u00e9rcio e Ind\u00fastria Ltda. contra a condena\u00e7\u00e3o ao pagamento de indeniza\u00e7\u00e3o de R$ 500 mil, a t\u00edtulo de dano moral coletivo. Durante anos, estabelecimentos da rede em Porto Alegre (RS) funcionaram sem alvar\u00e1 do Corpo de Bombeiros que assegurasse preven\u00e7\u00e3o e prote\u00e7\u00e3o contra inc\u00eandio.&nbsp;<\/p>\n<h4>Entenda o caso<\/h4>\n<p>Ap\u00f3s inqu\u00e9rito civil que investigou a inobserv\u00e2ncia das regras de prote\u00e7\u00e3o contra inc\u00eandio pela empresa, o Minist\u00e9rio P\u00fablico do Trabalho (MPT) ajuizou a\u00e7\u00e3o civil p\u00fablica, pedindo a sua condena\u00e7\u00e3o por dano moral coletivo em valor n\u00e3o inferior a R$ 2 milh\u00f5es.&nbsp;<\/p>\n<p>O ju\u00edzo da 24\u00aa Vara do Trabalho de Porto Alegre, considerando que um dos estabelecimentos (uma loja de supermercados) jamais possu\u00edra alvar\u00e1 de prote\u00e7\u00e3o e preven\u00e7\u00e3o, embora viesse sendo advertido, notificado e multado pelo Corpo de Bombeiros desde 2005, fixou a indeniza\u00e7\u00e3o em R$ 500 mil.&nbsp;<\/p>\n<p>Ao recorrer da decis\u00e3o, o Carrefour alegou a exist\u00eancia de diversos entraves burocr\u00e1ticos nos \u00f3rg\u00e3os competentes e sustentou que havia corrigido todas as irregularidades. Para a empresa, n\u00e3o houve preju\u00edzo aos empregados ou \u00e0 sociedade. A condena\u00e7\u00e3o, contudo, foi mantida pelo Tribunal Regional do Trabalho da 4\u00aa Regi\u00e3o (RS).<\/p>\n<h4>Razo\u00e1vel e proporcional<\/h4>\n<p>O relator do agravo pelo qual a empresa pretendia rediscutir a condena\u00e7\u00e3o no TST, ministro Augusto C\u00e9sar, considerou que o valor fixado n\u00e3o foi desproporcional. \u00c9 que as provas mencionadas na decis\u00e3o do TRT demonstram que ao menos dois estabelecimentos (o supermercado e um posto de combust\u00edvel em n\u00fameros diferentes da mesma rua) permaneceram v\u00e1rios anos sem alvar\u00e1 do Corpo de Bombeiros que assegurasse preven\u00e7\u00e3o e prote\u00e7\u00e3o contra inc\u00eandio, para a seguran\u00e7a de trabalhadores que neles prestam servi\u00e7os.<\/p>\n<p>A decis\u00e3o foi un\u00e2nime.<br \/>\n&nbsp;<br \/>\n(GL\/CF)<br \/>\n&nbsp;<br \/>\nProcesso: <a href=\"http:\/\/aplicacao4.tst.jus.br\/consultaProcessual\/consultaTstNumUnica.do?consulta=Consultar&amp;conscsjt=&amp;numeroTst=20450&amp;digitoTst=31&amp;anoTst=2015&amp;orgaoTst=5&amp;tribunalTst=04&amp;varaTst=0024&amp;submit=Consultar\" target=\"_blank\" rel=\"noopener\">AIRR-20450-31.2015.5.04.0024<\/a><br \/>\n&nbsp;<br \/>\nO TST tem oito Turmas, cada uma composta por tr\u00eas ministros, com a atribui\u00e7\u00e3o de analisar recursos de revista, agravos, agravos de instrumento, agravos regimentais e recursos ordin\u00e1rios em a\u00e7\u00e3o cautelar. Das decis\u00f5es das Turmas, a parte ainda pode, em alguns casos, recorrer \u00e0 Subse\u00e7\u00e3o I Especializada em Diss\u00eddios Individuais (SDI-1).<\/p>\n<p>Esta mat\u00e9ria tem cunho meramente informativo<br \/>\nPermitida a reprodu\u00e7\u00e3o mediante cita\u00e7\u00e3o da fonte.<br \/>\nSecretaria de Comunica\u00e7\u00e3o Social<br \/>\n<a href=\"http:\/\/www.tst.jus.br\" target=\"_blank\" rel=\"noopener\">Tribunal Superior do Trabalho<\/a><br \/>\nTel. (61) 3043-4907<br \/>\n<a href=\"mailto:secom@tst.jus.br\" target=\"\" rel=\"noopener\">secom@tst.jus.br<\/a><\/p>\n<p>    $(&#8216;#lightbox-oolm_ .slider-gallery-wrapper img&#8217;).hover(<br \/>\n    function() {<br \/>\n        const $text=$($($(this).parent()).next());<br \/>\n        $text.hasClass(&#8216;inside-description&#8217;) &amp;&amp; $text.fadeTo( &#8220;slow&#8221; , 0);<br \/>\n    }, function() {<br \/>\n        const $text=$($($(this).parent()).next());<br \/>\n        $text.hasClass(&#8216;inside-description&#8217;) &amp;&amp; $text.fadeTo( &#8220;slow&#8221; , 1);<br \/>\n    }<br \/>\n    );<br \/>\n    $(document).ready(function() {<br \/>\n        var oolm_autoplaying=false;<br \/>\n        var oolm_showingLightbox=false;<br \/>\n        const oolm_playPauseControllers=&#8221;#slider-oolm_-playpause, #slider-oolm_-lightbox-playpause&#8221;;<br \/>\n        $(&#8220;#slider-oolm_&#8221;).slick({<br \/>\n            slidesToShow: 1,<br \/>\n            slidesToScroll: 1,<br \/>\n            autoplay: oolm_autoplaying,<br \/>\n            swipeToSlide: false,<br \/>\n            centerMode: false,<br \/>\n            autoplaySpeed: 3000,<br \/>\n            focusOnSelect: true,<br \/>\n            prevArrow:<br \/>\n            &#8221;,<br \/>\n            nextArrow:<br \/>\n            &#8221;,<br \/>\n            centerPadding: &#8220;60px&#8221;,<br \/>\n            responsive: [<br \/>\n                {<br \/>\n                    breakpoint: 767.98,<br \/>\n                    settings: {<br \/>\n                        slidesToShow: 3,<br \/>\n                        adaptiveHeight: true<br \/>\n                    }<br \/>\n                }<br \/>\n            ]<br \/>\n        });<br \/>\n        $(&#8220;#slider-oolm_&#8221;).slickLightbox({<br \/>\n            src: &#8216;src&#8217;,<br \/>\n            itemSelector: &#8216;.galery-image .multimidia-wrapper img&#8217;,<br \/>\n            caption:&#8217;caption&#8217;<br \/>\n        });<br \/>\n    });<br \/>\n<script async src=\"https:\/\/platform.twitter.com\/widgets.js\" charset=\"utf-8\"><\/script><br \/>\n<br \/><i>Com informa\u00e7\u00f5es da assessoria de imprensa do TST.<\/i><br \/>\n<br \/><a href=\"http:\/\/www.tst.jus.br\/web\/guest\/noticias?p_p_id=89Dk&#038;p_p_lifecycle=0&#038;refererPlid=10730&#038;_89Dk_groupId=10157&#038;_89Dk_articleId=27524717\">Fonte<\/a><br \/>\n<br \/><\/p>\n","protected":false},"excerpt":{"rendered":"<p>Segundo a 6\u00aa Turma, a empresa coloca em risco a integridade e a vida das pessoas que nela trabalham. Corredor com mangueira e extintor de inc\u00eandio 09\/08\/21 &#8211;&nbsp;A Sexta Turma do Tribunal Superior do Trabalho rejeitou o exame de recurso do Carrefour Com\u00e9rcio e Ind\u00fastria Ltda. contra a condena\u00e7\u00e3o ao pagamento de indeniza\u00e7\u00e3o de R$ [&hellip;]<\/p>\n","protected":false},"author":3063,"featured_media":1787,"comment_status":"open","ping_status":"open","sticky":false,"template":"","format":"standard","meta":{"footnotes":""},"categories":[3,21],"tags":[33,216,9,12,217,215],"class_list":{"0":"post-10549","1":"post","2":"type-post","3":"status-publish","4":"format-standard","5":"has-post-thumbnail","7":"category-trabalhista","8":"category-tst","9":"tag-calculos-trabalhistas","10":"tag-direito-trabalhista","11":"tag-pericia","12":"tag-perito","13":"tag-trabalho","14":"tag-tst"},"yoast_head":"<!-- This site is optimized with the Yoast SEO plugin v27.2 - https:\/\/yoast.com\/product\/yoast-seo-wordpress\/ -->\n<title>TST: Hipermercado \u00e9 condenado por funcionar sem alvar\u00e1 de inc\u00eandio | Portal de Not\u00edcias<\/title>\n<meta name=\"robots\" content=\"index, follow, max-snippet:-1, max-image-preview:large, max-video-preview:-1\" \/>\n<link rel=\"canonical\" href=\"https:\/\/mhcalculos.com.br\/noticias\/area\/trabalhista\/tst-hipermercado-e-condenado-por-funcionar-sem-alvara-de-incendio.html\" \/>\n<meta property=\"og:locale\" content=\"pt_BR\" \/>\n<meta property=\"og:type\" content=\"article\" \/>\n<meta property=\"og:title\" content=\"TST: Hipermercado \u00e9 condenado por funcionar sem alvar\u00e1 de inc\u00eandio | Portal de Not\u00edcias\" \/>\n<meta property=\"og:description\" content=\"Segundo a 6\u00aa Turma, a empresa coloca em risco a integridade e a vida das pessoas que nela trabalham. Corredor com mangueira e extintor de inc\u00eandio 09\/08\/21 &#8211;&nbsp;A Sexta Turma do Tribunal Superior do Trabalho rejeitou o exame de recurso do Carrefour Com\u00e9rcio e Ind\u00fastria Ltda. contra a condena\u00e7\u00e3o ao pagamento de indeniza\u00e7\u00e3o de R$ [&hellip;]\" \/>\n<meta property=\"og:url\" content=\"https:\/\/mhcalculos.com.br\/noticias\/area\/trabalhista\/tst-hipermercado-e-condenado-por-funcionar-sem-alvara-de-incendio.html\" \/>\n<meta property=\"og:site_name\" content=\"Portal de Not\u00edcias\" \/>\n<meta property=\"article:published_time\" content=\"2021-08-10T02:49:00+00:00\" \/>\n<meta property=\"og:image\" content=\"https:\/\/mhcalculos.com.br\/noticias\/wp-content\/uploads\/sites\/2\/2018\/06\/judiciario-0018.jpg\" \/>\n\t<meta property=\"og:image:width\" content=\"2000\" \/>\n\t<meta property=\"og:image:height\" content=\"800\" \/>\n\t<meta property=\"og:image:type\" content=\"image\/jpeg\" \/>\n<meta name=\"author\" content=\"Equipe MH\" \/>\n<meta name=\"twitter:card\" content=\"summary_large_image\" \/>\n<meta name=\"twitter:label1\" content=\"Escrito por\" \/>\n\t<meta name=\"twitter:data1\" content=\"Equipe MH\" \/>\n\t<meta name=\"twitter:label2\" content=\"Est. tempo de leitura\" \/>\n\t<meta name=\"twitter:data2\" content=\"3 minutos\" \/>\n<script type=\"application\/ld+json\" class=\"yoast-schema-graph\">{\"@context\":\"https:\/\/schema.org\",\"@graph\":[{\"@type\":\"Article\",\"@id\":\"https:\/\/mhcalculos.com.br\/noticias\/area\/trabalhista\/tst-hipermercado-e-condenado-por-funcionar-sem-alvara-de-incendio.html#article\",\"isPartOf\":{\"@id\":\"https:\/\/mhcalculos.com.br\/noticias\/area\/trabalhista\/tst-hipermercado-e-condenado-por-funcionar-sem-alvara-de-incendio.html\"},\"author\":{\"name\":\"Equipe MH\",\"@id\":\"https:\/\/mhcalculos.com.br\/noticias\/#\/schema\/person\/88d1c34bf72dc779ea14a5a6b8e0ae8d\"},\"headline\":\"TST: Hipermercado \u00e9 condenado por funcionar sem alvar\u00e1 de inc\u00eandio\",\"datePublished\":\"2021-08-10T02:49:00+00:00\",\"mainEntityOfPage\":{\"@id\":\"https:\/\/mhcalculos.com.br\/noticias\/area\/trabalhista\/tst-hipermercado-e-condenado-por-funcionar-sem-alvara-de-incendio.html\"},\"wordCount\":556,\"commentCount\":0,\"image\":{\"@id\":\"https:\/\/mhcalculos.com.br\/noticias\/area\/trabalhista\/tst-hipermercado-e-condenado-por-funcionar-sem-alvara-de-incendio.html#primaryimage\"},\"thumbnailUrl\":\"https:\/\/mhcalculos.com.br\/noticias\/wp-content\/uploads\/sites\/2\/2018\/06\/judiciario-0018.jpg\",\"keywords\":[\"c\u00e1lculos trabalhistas\",\"direito trabalhista\",\"per\u00edcia\",\"perito\",\"trabalho\",\"TST\"],\"articleSection\":[\"Direito Trabalhista\",\"TST\"],\"inLanguage\":\"pt-BR\",\"potentialAction\":[{\"@type\":\"CommentAction\",\"name\":\"Comment\",\"target\":[\"https:\/\/mhcalculos.com.br\/noticias\/area\/trabalhista\/tst-hipermercado-e-condenado-por-funcionar-sem-alvara-de-incendio.html#respond\"]}]},{\"@type\":\"WebPage\",\"@id\":\"https:\/\/mhcalculos.com.br\/noticias\/area\/trabalhista\/tst-hipermercado-e-condenado-por-funcionar-sem-alvara-de-incendio.html\",\"url\":\"https:\/\/mhcalculos.com.br\/noticias\/area\/trabalhista\/tst-hipermercado-e-condenado-por-funcionar-sem-alvara-de-incendio.html\",\"name\":\"TST: Hipermercado \u00e9 condenado por funcionar sem alvar\u00e1 de inc\u00eandio | Portal de Not\u00edcias\",\"isPartOf\":{\"@id\":\"https:\/\/mhcalculos.com.br\/noticias\/#website\"},\"primaryImageOfPage\":{\"@id\":\"https:\/\/mhcalculos.com.br\/noticias\/area\/trabalhista\/tst-hipermercado-e-condenado-por-funcionar-sem-alvara-de-incendio.html#primaryimage\"},\"image\":{\"@id\":\"https:\/\/mhcalculos.com.br\/noticias\/area\/trabalhista\/tst-hipermercado-e-condenado-por-funcionar-sem-alvara-de-incendio.html#primaryimage\"},\"thumbnailUrl\":\"https:\/\/mhcalculos.com.br\/noticias\/wp-content\/uploads\/sites\/2\/2018\/06\/judiciario-0018.jpg\",\"datePublished\":\"2021-08-10T02:49:00+00:00\",\"author\":{\"@id\":\"https:\/\/mhcalculos.com.br\/noticias\/#\/schema\/person\/88d1c34bf72dc779ea14a5a6b8e0ae8d\"},\"breadcrumb\":{\"@id\":\"https:\/\/mhcalculos.com.br\/noticias\/area\/trabalhista\/tst-hipermercado-e-condenado-por-funcionar-sem-alvara-de-incendio.html#breadcrumb\"},\"inLanguage\":\"pt-BR\",\"potentialAction\":[{\"@type\":\"ReadAction\",\"target\":[\"https:\/\/mhcalculos.com.br\/noticias\/area\/trabalhista\/tst-hipermercado-e-condenado-por-funcionar-sem-alvara-de-incendio.html\"]}]},{\"@type\":\"ImageObject\",\"inLanguage\":\"pt-BR\",\"@id\":\"https:\/\/mhcalculos.com.br\/noticias\/area\/trabalhista\/tst-hipermercado-e-condenado-por-funcionar-sem-alvara-de-incendio.html#primaryimage\",\"url\":\"https:\/\/mhcalculos.com.br\/noticias\/wp-content\/uploads\/sites\/2\/2018\/06\/judiciario-0018.jpg\",\"contentUrl\":\"https:\/\/mhcalculos.com.br\/noticias\/wp-content\/uploads\/sites\/2\/2018\/06\/judiciario-0018.jpg\",\"width\":2000,\"height\":800},{\"@type\":\"BreadcrumbList\",\"@id\":\"https:\/\/mhcalculos.com.br\/noticias\/area\/trabalhista\/tst-hipermercado-e-condenado-por-funcionar-sem-alvara-de-incendio.html#breadcrumb\",\"itemListElement\":[{\"@type\":\"ListItem\",\"position\":1,\"name\":\"In\u00edcio\",\"item\":\"https:\/\/mhcalculos.com.br\/noticias\/\"},{\"@type\":\"ListItem\",\"position\":2,\"name\":\"TST: Hipermercado \u00e9 condenado por funcionar sem alvar\u00e1 de inc\u00eandio\"}]},{\"@type\":\"WebSite\",\"@id\":\"https:\/\/mhcalculos.com.br\/noticias\/#website\",\"url\":\"https:\/\/mhcalculos.com.br\/noticias\/\",\"name\":\"Portal de Not\u00edcias\",\"description\":\"Not\u00edcias e Jurisprud\u00eancia\",\"potentialAction\":[{\"@type\":\"SearchAction\",\"target\":{\"@type\":\"EntryPoint\",\"urlTemplate\":\"https:\/\/mhcalculos.com.br\/noticias\/?s={search_term_string}\"},\"query-input\":{\"@type\":\"PropertyValueSpecification\",\"valueRequired\":true,\"valueName\":\"search_term_string\"}}],\"inLanguage\":\"pt-BR\"},{\"@type\":\"Person\",\"@id\":\"https:\/\/mhcalculos.com.br\/noticias\/#\/schema\/person\/88d1c34bf72dc779ea14a5a6b8e0ae8d\",\"name\":\"Equipe MH\",\"image\":{\"@type\":\"ImageObject\",\"inLanguage\":\"pt-BR\",\"@id\":\"https:\/\/secure.gravatar.com\/avatar\/de1c686c2ecc9c5a3f327e3431d819eb39f8f05d4e1045f5a1caad6daaba987f?s=96&d=mm&r=g\",\"url\":\"https:\/\/secure.gravatar.com\/avatar\/de1c686c2ecc9c5a3f327e3431d819eb39f8f05d4e1045f5a1caad6daaba987f?s=96&d=mm&r=g\",\"contentUrl\":\"https:\/\/secure.gravatar.com\/avatar\/de1c686c2ecc9c5a3f327e3431d819eb39f8f05d4e1045f5a1caad6daaba987f?s=96&d=mm&r=g\",\"caption\":\"Equipe MH\"}}]}<\/script>\n<!-- \/ Yoast SEO plugin. -->","yoast_head_json":{"title":"TST: Hipermercado \u00e9 condenado por funcionar sem alvar\u00e1 de inc\u00eandio | Portal de Not\u00edcias","robots":{"index":"index","follow":"follow","max-snippet":"max-snippet:-1","max-image-preview":"max-image-preview:large","max-video-preview":"max-video-preview:-1"},"canonical":"https:\/\/mhcalculos.com.br\/noticias\/area\/trabalhista\/tst-hipermercado-e-condenado-por-funcionar-sem-alvara-de-incendio.html","og_locale":"pt_BR","og_type":"article","og_title":"TST: Hipermercado \u00e9 condenado por funcionar sem alvar\u00e1 de inc\u00eandio | Portal de Not\u00edcias","og_description":"Segundo a 6\u00aa Turma, a empresa coloca em risco a integridade e a vida das pessoas que nela trabalham. Corredor com mangueira e extintor de inc\u00eandio 09\/08\/21 &#8211;&nbsp;A Sexta Turma do Tribunal Superior do Trabalho rejeitou o exame de recurso do Carrefour Com\u00e9rcio e Ind\u00fastria Ltda. contra a condena\u00e7\u00e3o ao pagamento de indeniza\u00e7\u00e3o de R$ [&hellip;]","og_url":"https:\/\/mhcalculos.com.br\/noticias\/area\/trabalhista\/tst-hipermercado-e-condenado-por-funcionar-sem-alvara-de-incendio.html","og_site_name":"Portal de Not\u00edcias","article_published_time":"2021-08-10T02:49:00+00:00","og_image":[{"width":2000,"height":800,"url":"https:\/\/mhcalculos.com.br\/noticias\/wp-content\/uploads\/sites\/2\/2018\/06\/judiciario-0018.jpg","type":"image\/jpeg"}],"author":"Equipe MH","twitter_card":"summary_large_image","twitter_misc":{"Escrito por":"Equipe MH","Est. tempo de leitura":"3 minutos"},"schema":{"@context":"https:\/\/schema.org","@graph":[{"@type":"Article","@id":"https:\/\/mhcalculos.com.br\/noticias\/area\/trabalhista\/tst-hipermercado-e-condenado-por-funcionar-sem-alvara-de-incendio.html#article","isPartOf":{"@id":"https:\/\/mhcalculos.com.br\/noticias\/area\/trabalhista\/tst-hipermercado-e-condenado-por-funcionar-sem-alvara-de-incendio.html"},"author":{"name":"Equipe MH","@id":"https:\/\/mhcalculos.com.br\/noticias\/#\/schema\/person\/88d1c34bf72dc779ea14a5a6b8e0ae8d"},"headline":"TST: Hipermercado \u00e9 condenado por funcionar sem alvar\u00e1 de inc\u00eandio","datePublished":"2021-08-10T02:49:00+00:00","mainEntityOfPage":{"@id":"https:\/\/mhcalculos.com.br\/noticias\/area\/trabalhista\/tst-hipermercado-e-condenado-por-funcionar-sem-alvara-de-incendio.html"},"wordCount":556,"commentCount":0,"image":{"@id":"https:\/\/mhcalculos.com.br\/noticias\/area\/trabalhista\/tst-hipermercado-e-condenado-por-funcionar-sem-alvara-de-incendio.html#primaryimage"},"thumbnailUrl":"https:\/\/mhcalculos.com.br\/noticias\/wp-content\/uploads\/sites\/2\/2018\/06\/judiciario-0018.jpg","keywords":["c\u00e1lculos trabalhistas","direito trabalhista","per\u00edcia","perito","trabalho","TST"],"articleSection":["Direito Trabalhista","TST"],"inLanguage":"pt-BR","potentialAction":[{"@type":"CommentAction","name":"Comment","target":["https:\/\/mhcalculos.com.br\/noticias\/area\/trabalhista\/tst-hipermercado-e-condenado-por-funcionar-sem-alvara-de-incendio.html#respond"]}]},{"@type":"WebPage","@id":"https:\/\/mhcalculos.com.br\/noticias\/area\/trabalhista\/tst-hipermercado-e-condenado-por-funcionar-sem-alvara-de-incendio.html","url":"https:\/\/mhcalculos.com.br\/noticias\/area\/trabalhista\/tst-hipermercado-e-condenado-por-funcionar-sem-alvara-de-incendio.html","name":"TST: Hipermercado \u00e9 condenado por funcionar sem alvar\u00e1 de inc\u00eandio | Portal de Not\u00edcias","isPartOf":{"@id":"https:\/\/mhcalculos.com.br\/noticias\/#website"},"primaryImageOfPage":{"@id":"https:\/\/mhcalculos.com.br\/noticias\/area\/trabalhista\/tst-hipermercado-e-condenado-por-funcionar-sem-alvara-de-incendio.html#primaryimage"},"image":{"@id":"https:\/\/mhcalculos.com.br\/noticias\/area\/trabalhista\/tst-hipermercado-e-condenado-por-funcionar-sem-alvara-de-incendio.html#primaryimage"},"thumbnailUrl":"https:\/\/mhcalculos.com.br\/noticias\/wp-content\/uploads\/sites\/2\/2018\/06\/judiciario-0018.jpg","datePublished":"2021-08-10T02:49:00+00:00","author":{"@id":"https:\/\/mhcalculos.com.br\/noticias\/#\/schema\/person\/88d1c34bf72dc779ea14a5a6b8e0ae8d"},"breadcrumb":{"@id":"https:\/\/mhcalculos.com.br\/noticias\/area\/trabalhista\/tst-hipermercado-e-condenado-por-funcionar-sem-alvara-de-incendio.html#breadcrumb"},"inLanguage":"pt-BR","potentialAction":[{"@type":"ReadAction","target":["https:\/\/mhcalculos.com.br\/noticias\/area\/trabalhista\/tst-hipermercado-e-condenado-por-funcionar-sem-alvara-de-incendio.html"]}]},{"@type":"ImageObject","inLanguage":"pt-BR","@id":"https:\/\/mhcalculos.com.br\/noticias\/area\/trabalhista\/tst-hipermercado-e-condenado-por-funcionar-sem-alvara-de-incendio.html#primaryimage","url":"https:\/\/mhcalculos.com.br\/noticias\/wp-content\/uploads\/sites\/2\/2018\/06\/judiciario-0018.jpg","contentUrl":"https:\/\/mhcalculos.com.br\/noticias\/wp-content\/uploads\/sites\/2\/2018\/06\/judiciario-0018.jpg","width":2000,"height":800},{"@type":"BreadcrumbList","@id":"https:\/\/mhcalculos.com.br\/noticias\/area\/trabalhista\/tst-hipermercado-e-condenado-por-funcionar-sem-alvara-de-incendio.html#breadcrumb","itemListElement":[{"@type":"ListItem","position":1,"name":"In\u00edcio","item":"https:\/\/mhcalculos.com.br\/noticias\/"},{"@type":"ListItem","position":2,"name":"TST: Hipermercado \u00e9 condenado por funcionar sem alvar\u00e1 de inc\u00eandio"}]},{"@type":"WebSite","@id":"https:\/\/mhcalculos.com.br\/noticias\/#website","url":"https:\/\/mhcalculos.com.br\/noticias\/","name":"Portal de Not\u00edcias","description":"Not\u00edcias e Jurisprud\u00eancia","potentialAction":[{"@type":"SearchAction","target":{"@type":"EntryPoint","urlTemplate":"https:\/\/mhcalculos.com.br\/noticias\/?s={search_term_string}"},"query-input":{"@type":"PropertyValueSpecification","valueRequired":true,"valueName":"search_term_string"}}],"inLanguage":"pt-BR"},{"@type":"Person","@id":"https:\/\/mhcalculos.com.br\/noticias\/#\/schema\/person\/88d1c34bf72dc779ea14a5a6b8e0ae8d","name":"Equipe MH","image":{"@type":"ImageObject","inLanguage":"pt-BR","@id":"https:\/\/secure.gravatar.com\/avatar\/de1c686c2ecc9c5a3f327e3431d819eb39f8f05d4e1045f5a1caad6daaba987f?s=96&d=mm&r=g","url":"https:\/\/secure.gravatar.com\/avatar\/de1c686c2ecc9c5a3f327e3431d819eb39f8f05d4e1045f5a1caad6daaba987f?s=96&d=mm&r=g","contentUrl":"https:\/\/secure.gravatar.com\/avatar\/de1c686c2ecc9c5a3f327e3431d819eb39f8f05d4e1045f5a1caad6daaba987f?s=96&d=mm&r=g","caption":"Equipe MH"}}]}},"_links":{"self":[{"href":"https:\/\/mhcalculos.com.br\/noticias\/wp-json\/wp\/v2\/posts\/10549","targetHints":{"allow":["GET"]}}],"collection":[{"href":"https:\/\/mhcalculos.com.br\/noticias\/wp-json\/wp\/v2\/posts"}],"about":[{"href":"https:\/\/mhcalculos.com.br\/noticias\/wp-json\/wp\/v2\/types\/post"}],"author":[{"embeddable":true,"href":"https:\/\/mhcalculos.com.br\/noticias\/wp-json\/wp\/v2\/users\/3063"}],"replies":[{"embeddable":true,"href":"https:\/\/mhcalculos.com.br\/noticias\/wp-json\/wp\/v2\/comments?post=10549"}],"version-history":[{"count":0,"href":"https:\/\/mhcalculos.com.br\/noticias\/wp-json\/wp\/v2\/posts\/10549\/revisions"}],"wp:featuredmedia":[{"embeddable":true,"href":"https:\/\/mhcalculos.com.br\/noticias\/wp-json\/wp\/v2\/media\/1787"}],"wp:attachment":[{"href":"https:\/\/mhcalculos.com.br\/noticias\/wp-json\/wp\/v2\/media?parent=10549"}],"wp:term":[{"taxonomy":"category","embeddable":true,"href":"https:\/\/mhcalculos.com.br\/noticias\/wp-json\/wp\/v2\/categories?post=10549"},{"taxonomy":"post_tag","embeddable":true,"href":"https:\/\/mhcalculos.com.br\/noticias\/wp-json\/wp\/v2\/tags?post=10549"}],"curies":[{"name":"wp","href":"https:\/\/api.w.org\/{rel}","templated":true}]}}