{"id":10547,"date":"2021-08-11T08:05:05","date_gmt":"2021-08-11T11:05:05","guid":{"rendered":"https:\/\/mhcalculos.com.br\/noticias\/area\/previdenciario\/trf4-concedida-aposentadoria-por-invalidez-para-homem-com-coxartrose-bilateral-10-08-2021.html"},"modified":"2021-08-11T08:05:05","modified_gmt":"2021-08-11T11:05:05","slug":"trf4-concedida-aposentadoria-por-invalidez-para-homem-com-coxartrose-bilateral-10-08-2021","status":"publish","type":"post","link":"https:\/\/mhcalculos.com.br\/noticias\/area\/previdenciario\/trf4-concedida-aposentadoria-por-invalidez-para-homem-com-coxartrose-bilateral-10-08-2021.html","title":{"rendered":"TRF4: Concedida aposentadoria por invalidez para homem com coxartrose bilateral (10\/08\/2021)"},"content":{"rendered":"<p><br \/>\n<\/p>\n<p>O Tribunal Regional Federal da 4\u00aa Regi\u00e3o (TRF4) condenou o Instituto Nacional do Seguro Social (INSS) ao restabelecimento do aux\u00edlio-doen\u00e7a desde a data da cessa\u00e7\u00e3o administrativa, em setembro de 2018, com a convers\u00e3o em aposentadoria por invalidez para um trabalhador de servi\u00e7os gerais de uma loja agropecu\u00e1ria, morador de Arvorezinha (RS). O homem tem 56 anos de idade e sofre de coxartrose bilateral por sequela de necrose de cabe\u00e7a femoral, um desgaste da cartilagem de uma das articula\u00e7\u00f5es do quadril. A decis\u00e3o foi proferida por unanimidade pela 6\u00aa Turma da Corte em sess\u00e3o telepresencial de julgamento ocorrida na \u00faltima semana (4\/8).<\/p>\n<p>No processo, o autor informou que havia recebido aux\u00edlio-doen\u00e7a, no per\u00edodo entre janeiro de 2013 e setembro de 2018, quando o benef\u00edcio foi cessado pela autarquia. Isso ocorreu porque o m\u00e9dico perito do INSS considerou que o homem n\u00e3o apresentava mais a incapacidade laboral.<\/p>\n<p>O segurado ajuizou a a\u00e7\u00e3o na Vara Judicial da Comarca de Arvorezinha, solicitando o reestabelecimento do benef\u00edcio, ou a concess\u00e3o de aposentadoria por invalidez. Os pedidos foram indeferidos pelo ju\u00edzo respons\u00e1vel.<\/p>\n<p>O homem apelou ao TRF4, requisitando a reforma da senten\u00e7a. No recurso, ele sustentou que se encontra incapacitado de forma total e permanente para o seu trabalho. Afirmou ainda que na decis\u00e3o de primeira inst\u00e2ncia n\u00e3o foram consideradas as suas condi\u00e7\u00f5es pessoais, nem analisadas as provas complementares.<\/p>\n<p>A 6\u00aa Turma deu provimento \u00e0 apela\u00e7\u00e3o de maneira un\u00e2nime, determinando o pagamento retroativo do aux\u00edlio-doen\u00e7a desde setembro de 2018, com a convers\u00e3o para aposentadoria por invalidez a partir da data do ac\u00f3rd\u00e3o. Na decis\u00e3o, o colegiado avaliou aspectos como a idade do autor e a dif\u00edcil reinser\u00e7\u00e3o no mercado de trabalho.<\/p>\n<p>A desembargadora federal Ta\u00eds Schilling Ferraz, relatora do caso, destacou no voto que &ldquo;tratando-se de segurado com 56 anos de idade, que n\u00e3o obteve durante sua vida laboral, maior grau de forma\u00e7\u00e3o acad\u00eamico-profissional, a permitir, hoje em dia, que venha a se dedicar a fun\u00e7\u00f5es que n\u00e3o exijam longos per\u00edodos em ortostatismo, longas caminhadas ou plena capacidade f\u00edsica, cab\u00edvel reconhecer-se o direito \u00e0 aposentadoria por invalidez, pois s\u00e3o m\u00ednimas as chances de recoloca\u00e7\u00e3o no mercado de trabalho de forma a prover a sua subsist\u00eancia, especialmente em fun\u00e7\u00f5es burocr\u00e1ticas, com as limita\u00e7\u00f5es que possui&rdquo;.<\/p>\n<p>&ldquo;Negar-se o benef\u00edcio em casos tais equivaleria a condenar a parte autora a voltar a desempenhar as \u00fanicas atividades para as quais qualificou-se ao longo de sua vida profissional, agravando cada vez mais seu quadro de sa\u00fade&rdquo;, concluiu a magistrada.<\/p>\n<p><br \/> (Foto: Stockphotos)<\/p>\n<p><i>Com informa\u00e7\u00f5es da assessoria de imprensa do TRF4.<\/i><br \/>\n<br \/><a href=\"http:\/\/www2.trf4.jus.br\/trf4\/controlador.php?acao=noticia_visualizar&#038;id_noticia=16035\">Fonte<\/a><br \/>\n<br \/><\/p>\n","protected":false},"excerpt":{"rendered":"<p>O Tribunal Regional Federal da 4\u00aa Regi\u00e3o (TRF4) condenou o Instituto Nacional do Seguro Social (INSS) ao restabelecimento do aux\u00edlio-doen\u00e7a desde a data da cessa\u00e7\u00e3o administrativa, em setembro de 2018, com a convers\u00e3o em aposentadoria por invalidez para um trabalhador de servi\u00e7os gerais de uma loja agropecu\u00e1ria, morador de Arvorezinha (RS). O homem tem 56 [&hellip;]<\/p>\n","protected":false},"author":3063,"featured_media":2153,"comment_status":"open","ping_status":"open","sticky":false,"template":"","format":"standard","meta":{"footnotes":""},"categories":[5,6],"tags":[11,10,8,13,9,12,17],"class_list":{"0":"post-10547","1":"post","2":"type-post","3":"status-publish","4":"format-standard","5":"has-post-thumbnail","7":"category-previdenciario","8":"category-trf4","9":"tag-aposentadoria","10":"tag-calculos-previdenciarios","11":"tag-direito-previdenciario","12":"tag-inss","13":"tag-pericia","14":"tag-perito","15":"tag-trf4"},"yoast_head":"<!-- This site is optimized with the Yoast SEO plugin v27.2 - https:\/\/yoast.com\/product\/yoast-seo-wordpress\/ -->\n<title>TRF4: Concedida aposentadoria por invalidez para homem com coxartrose bilateral (10\/08\/2021) | Portal de Not\u00edcias<\/title>\n<meta name=\"robots\" content=\"index, follow, max-snippet:-1, max-image-preview:large, max-video-preview:-1\" \/>\n<link rel=\"canonical\" href=\"https:\/\/mhcalculos.com.br\/noticias\/area\/previdenciario\/trf4-concedida-aposentadoria-por-invalidez-para-homem-com-coxartrose-bilateral-10-08-2021.html\" \/>\n<meta property=\"og:locale\" content=\"pt_BR\" \/>\n<meta property=\"og:type\" content=\"article\" \/>\n<meta property=\"og:title\" content=\"TRF4: Concedida aposentadoria por invalidez para homem com coxartrose bilateral (10\/08\/2021) | Portal de Not\u00edcias\" \/>\n<meta property=\"og:description\" content=\"O Tribunal Regional Federal da 4\u00aa Regi\u00e3o (TRF4) condenou o Instituto Nacional do Seguro Social (INSS) ao restabelecimento do aux\u00edlio-doen\u00e7a desde a data da cessa\u00e7\u00e3o administrativa, em setembro de 2018, com a convers\u00e3o em aposentadoria por invalidez para um trabalhador de servi\u00e7os gerais de uma loja agropecu\u00e1ria, morador de Arvorezinha (RS). O homem tem 56 [&hellip;]\" \/>\n<meta property=\"og:url\" content=\"https:\/\/mhcalculos.com.br\/noticias\/area\/previdenciario\/trf4-concedida-aposentadoria-por-invalidez-para-homem-com-coxartrose-bilateral-10-08-2021.html\" \/>\n<meta property=\"og:site_name\" content=\"Portal de Not\u00edcias\" \/>\n<meta property=\"article:published_time\" content=\"2021-08-11T11:05:05+00:00\" \/>\n<meta property=\"og:image\" content=\"https:\/\/mhcalculos.com.br\/noticias\/wp-content\/uploads\/sites\/2\/2018\/06\/previdenciario-0031.jpg\" \/>\n\t<meta property=\"og:image:width\" content=\"2000\" \/>\n\t<meta property=\"og:image:height\" content=\"800\" \/>\n\t<meta property=\"og:image:type\" content=\"image\/jpeg\" \/>\n<meta name=\"author\" content=\"Equipe MH\" \/>\n<meta name=\"twitter:card\" content=\"summary_large_image\" \/>\n<meta name=\"twitter:label1\" content=\"Escrito por\" \/>\n\t<meta name=\"twitter:data1\" content=\"Equipe MH\" \/>\n\t<meta name=\"twitter:label2\" content=\"Est. tempo de leitura\" \/>\n\t<meta name=\"twitter:data2\" content=\"2 minutos\" \/>\n<script type=\"application\/ld+json\" class=\"yoast-schema-graph\">{\"@context\":\"https:\/\/schema.org\",\"@graph\":[{\"@type\":\"Article\",\"@id\":\"https:\/\/mhcalculos.com.br\/noticias\/area\/previdenciario\/trf4-concedida-aposentadoria-por-invalidez-para-homem-com-coxartrose-bilateral-10-08-2021.html#article\",\"isPartOf\":{\"@id\":\"https:\/\/mhcalculos.com.br\/noticias\/area\/previdenciario\/trf4-concedida-aposentadoria-por-invalidez-para-homem-com-coxartrose-bilateral-10-08-2021.html\"},\"author\":{\"name\":\"Equipe MH\",\"@id\":\"https:\/\/mhcalculos.com.br\/noticias\/#\/schema\/person\/88d1c34bf72dc779ea14a5a6b8e0ae8d\"},\"headline\":\"TRF4: Concedida aposentadoria por invalidez para homem com coxartrose bilateral (10\/08\/2021)\",\"datePublished\":\"2021-08-11T11:05:05+00:00\",\"mainEntityOfPage\":{\"@id\":\"https:\/\/mhcalculos.com.br\/noticias\/area\/previdenciario\/trf4-concedida-aposentadoria-por-invalidez-para-homem-com-coxartrose-bilateral-10-08-2021.html\"},\"wordCount\":479,\"commentCount\":0,\"image\":{\"@id\":\"https:\/\/mhcalculos.com.br\/noticias\/area\/previdenciario\/trf4-concedida-aposentadoria-por-invalidez-para-homem-com-coxartrose-bilateral-10-08-2021.html#primaryimage\"},\"thumbnailUrl\":\"https:\/\/mhcalculos.com.br\/noticias\/wp-content\/uploads\/sites\/2\/2018\/06\/previdenciario-0031.jpg\",\"keywords\":[\"aposentadoria\",\"c\u00e1lculos previdenci\u00e1rios\",\"direito previdenci\u00e1rio\",\"inss\",\"per\u00edcia\",\"perito\",\"trf4\"],\"articleSection\":[\"Direito Previdenci\u00e1rio\",\"TRF4\"],\"inLanguage\":\"pt-BR\",\"potentialAction\":[{\"@type\":\"CommentAction\",\"name\":\"Comment\",\"target\":[\"https:\/\/mhcalculos.com.br\/noticias\/area\/previdenciario\/trf4-concedida-aposentadoria-por-invalidez-para-homem-com-coxartrose-bilateral-10-08-2021.html#respond\"]}]},{\"@type\":\"WebPage\",\"@id\":\"https:\/\/mhcalculos.com.br\/noticias\/area\/previdenciario\/trf4-concedida-aposentadoria-por-invalidez-para-homem-com-coxartrose-bilateral-10-08-2021.html\",\"url\":\"https:\/\/mhcalculos.com.br\/noticias\/area\/previdenciario\/trf4-concedida-aposentadoria-por-invalidez-para-homem-com-coxartrose-bilateral-10-08-2021.html\",\"name\":\"TRF4: Concedida aposentadoria por invalidez para homem com coxartrose bilateral (10\/08\/2021) | Portal de Not\u00edcias\",\"isPartOf\":{\"@id\":\"https:\/\/mhcalculos.com.br\/noticias\/#website\"},\"primaryImageOfPage\":{\"@id\":\"https:\/\/mhcalculos.com.br\/noticias\/area\/previdenciario\/trf4-concedida-aposentadoria-por-invalidez-para-homem-com-coxartrose-bilateral-10-08-2021.html#primaryimage\"},\"image\":{\"@id\":\"https:\/\/mhcalculos.com.br\/noticias\/area\/previdenciario\/trf4-concedida-aposentadoria-por-invalidez-para-homem-com-coxartrose-bilateral-10-08-2021.html#primaryimage\"},\"thumbnailUrl\":\"https:\/\/mhcalculos.com.br\/noticias\/wp-content\/uploads\/sites\/2\/2018\/06\/previdenciario-0031.jpg\",\"datePublished\":\"2021-08-11T11:05:05+00:00\",\"author\":{\"@id\":\"https:\/\/mhcalculos.com.br\/noticias\/#\/schema\/person\/88d1c34bf72dc779ea14a5a6b8e0ae8d\"},\"breadcrumb\":{\"@id\":\"https:\/\/mhcalculos.com.br\/noticias\/area\/previdenciario\/trf4-concedida-aposentadoria-por-invalidez-para-homem-com-coxartrose-bilateral-10-08-2021.html#breadcrumb\"},\"inLanguage\":\"pt-BR\",\"potentialAction\":[{\"@type\":\"ReadAction\",\"target\":[\"https:\/\/mhcalculos.com.br\/noticias\/area\/previdenciario\/trf4-concedida-aposentadoria-por-invalidez-para-homem-com-coxartrose-bilateral-10-08-2021.html\"]}]},{\"@type\":\"ImageObject\",\"inLanguage\":\"pt-BR\",\"@id\":\"https:\/\/mhcalculos.com.br\/noticias\/area\/previdenciario\/trf4-concedida-aposentadoria-por-invalidez-para-homem-com-coxartrose-bilateral-10-08-2021.html#primaryimage\",\"url\":\"https:\/\/mhcalculos.com.br\/noticias\/wp-content\/uploads\/sites\/2\/2018\/06\/previdenciario-0031.jpg\",\"contentUrl\":\"https:\/\/mhcalculos.com.br\/noticias\/wp-content\/uploads\/sites\/2\/2018\/06\/previdenciario-0031.jpg\",\"width\":2000,\"height\":800},{\"@type\":\"BreadcrumbList\",\"@id\":\"https:\/\/mhcalculos.com.br\/noticias\/area\/previdenciario\/trf4-concedida-aposentadoria-por-invalidez-para-homem-com-coxartrose-bilateral-10-08-2021.html#breadcrumb\",\"itemListElement\":[{\"@type\":\"ListItem\",\"position\":1,\"name\":\"In\u00edcio\",\"item\":\"https:\/\/mhcalculos.com.br\/noticias\/\"},{\"@type\":\"ListItem\",\"position\":2,\"name\":\"TRF4: Concedida aposentadoria por invalidez para homem com coxartrose bilateral (10\/08\/2021)\"}]},{\"@type\":\"WebSite\",\"@id\":\"https:\/\/mhcalculos.com.br\/noticias\/#website\",\"url\":\"https:\/\/mhcalculos.com.br\/noticias\/\",\"name\":\"Portal de Not\u00edcias\",\"description\":\"Not\u00edcias e Jurisprud\u00eancia\",\"potentialAction\":[{\"@type\":\"SearchAction\",\"target\":{\"@type\":\"EntryPoint\",\"urlTemplate\":\"https:\/\/mhcalculos.com.br\/noticias\/?s={search_term_string}\"},\"query-input\":{\"@type\":\"PropertyValueSpecification\",\"valueRequired\":true,\"valueName\":\"search_term_string\"}}],\"inLanguage\":\"pt-BR\"},{\"@type\":\"Person\",\"@id\":\"https:\/\/mhcalculos.com.br\/noticias\/#\/schema\/person\/88d1c34bf72dc779ea14a5a6b8e0ae8d\",\"name\":\"Equipe MH\",\"image\":{\"@type\":\"ImageObject\",\"inLanguage\":\"pt-BR\",\"@id\":\"https:\/\/secure.gravatar.com\/avatar\/de1c686c2ecc9c5a3f327e3431d819eb39f8f05d4e1045f5a1caad6daaba987f?s=96&d=mm&r=g\",\"url\":\"https:\/\/secure.gravatar.com\/avatar\/de1c686c2ecc9c5a3f327e3431d819eb39f8f05d4e1045f5a1caad6daaba987f?s=96&d=mm&r=g\",\"contentUrl\":\"https:\/\/secure.gravatar.com\/avatar\/de1c686c2ecc9c5a3f327e3431d819eb39f8f05d4e1045f5a1caad6daaba987f?s=96&d=mm&r=g\",\"caption\":\"Equipe MH\"}}]}<\/script>\n<!-- \/ Yoast SEO plugin. -->","yoast_head_json":{"title":"TRF4: Concedida aposentadoria por invalidez para homem com coxartrose bilateral (10\/08\/2021) | Portal de Not\u00edcias","robots":{"index":"index","follow":"follow","max-snippet":"max-snippet:-1","max-image-preview":"max-image-preview:large","max-video-preview":"max-video-preview:-1"},"canonical":"https:\/\/mhcalculos.com.br\/noticias\/area\/previdenciario\/trf4-concedida-aposentadoria-por-invalidez-para-homem-com-coxartrose-bilateral-10-08-2021.html","og_locale":"pt_BR","og_type":"article","og_title":"TRF4: Concedida aposentadoria por invalidez para homem com coxartrose bilateral (10\/08\/2021) | Portal de Not\u00edcias","og_description":"O Tribunal Regional Federal da 4\u00aa Regi\u00e3o (TRF4) condenou o Instituto Nacional do Seguro Social (INSS) ao restabelecimento do aux\u00edlio-doen\u00e7a desde a data da cessa\u00e7\u00e3o administrativa, em setembro de 2018, com a convers\u00e3o em aposentadoria por invalidez para um trabalhador de servi\u00e7os gerais de uma loja agropecu\u00e1ria, morador de Arvorezinha (RS). O homem tem 56 [&hellip;]","og_url":"https:\/\/mhcalculos.com.br\/noticias\/area\/previdenciario\/trf4-concedida-aposentadoria-por-invalidez-para-homem-com-coxartrose-bilateral-10-08-2021.html","og_site_name":"Portal de Not\u00edcias","article_published_time":"2021-08-11T11:05:05+00:00","og_image":[{"width":2000,"height":800,"url":"https:\/\/mhcalculos.com.br\/noticias\/wp-content\/uploads\/sites\/2\/2018\/06\/previdenciario-0031.jpg","type":"image\/jpeg"}],"author":"Equipe MH","twitter_card":"summary_large_image","twitter_misc":{"Escrito por":"Equipe MH","Est. tempo de leitura":"2 minutos"},"schema":{"@context":"https:\/\/schema.org","@graph":[{"@type":"Article","@id":"https:\/\/mhcalculos.com.br\/noticias\/area\/previdenciario\/trf4-concedida-aposentadoria-por-invalidez-para-homem-com-coxartrose-bilateral-10-08-2021.html#article","isPartOf":{"@id":"https:\/\/mhcalculos.com.br\/noticias\/area\/previdenciario\/trf4-concedida-aposentadoria-por-invalidez-para-homem-com-coxartrose-bilateral-10-08-2021.html"},"author":{"name":"Equipe MH","@id":"https:\/\/mhcalculos.com.br\/noticias\/#\/schema\/person\/88d1c34bf72dc779ea14a5a6b8e0ae8d"},"headline":"TRF4: Concedida aposentadoria por invalidez para homem com coxartrose bilateral (10\/08\/2021)","datePublished":"2021-08-11T11:05:05+00:00","mainEntityOfPage":{"@id":"https:\/\/mhcalculos.com.br\/noticias\/area\/previdenciario\/trf4-concedida-aposentadoria-por-invalidez-para-homem-com-coxartrose-bilateral-10-08-2021.html"},"wordCount":479,"commentCount":0,"image":{"@id":"https:\/\/mhcalculos.com.br\/noticias\/area\/previdenciario\/trf4-concedida-aposentadoria-por-invalidez-para-homem-com-coxartrose-bilateral-10-08-2021.html#primaryimage"},"thumbnailUrl":"https:\/\/mhcalculos.com.br\/noticias\/wp-content\/uploads\/sites\/2\/2018\/06\/previdenciario-0031.jpg","keywords":["aposentadoria","c\u00e1lculos previdenci\u00e1rios","direito previdenci\u00e1rio","inss","per\u00edcia","perito","trf4"],"articleSection":["Direito Previdenci\u00e1rio","TRF4"],"inLanguage":"pt-BR","potentialAction":[{"@type":"CommentAction","name":"Comment","target":["https:\/\/mhcalculos.com.br\/noticias\/area\/previdenciario\/trf4-concedida-aposentadoria-por-invalidez-para-homem-com-coxartrose-bilateral-10-08-2021.html#respond"]}]},{"@type":"WebPage","@id":"https:\/\/mhcalculos.com.br\/noticias\/area\/previdenciario\/trf4-concedida-aposentadoria-por-invalidez-para-homem-com-coxartrose-bilateral-10-08-2021.html","url":"https:\/\/mhcalculos.com.br\/noticias\/area\/previdenciario\/trf4-concedida-aposentadoria-por-invalidez-para-homem-com-coxartrose-bilateral-10-08-2021.html","name":"TRF4: Concedida aposentadoria por invalidez para homem com coxartrose bilateral (10\/08\/2021) | Portal de Not\u00edcias","isPartOf":{"@id":"https:\/\/mhcalculos.com.br\/noticias\/#website"},"primaryImageOfPage":{"@id":"https:\/\/mhcalculos.com.br\/noticias\/area\/previdenciario\/trf4-concedida-aposentadoria-por-invalidez-para-homem-com-coxartrose-bilateral-10-08-2021.html#primaryimage"},"image":{"@id":"https:\/\/mhcalculos.com.br\/noticias\/area\/previdenciario\/trf4-concedida-aposentadoria-por-invalidez-para-homem-com-coxartrose-bilateral-10-08-2021.html#primaryimage"},"thumbnailUrl":"https:\/\/mhcalculos.com.br\/noticias\/wp-content\/uploads\/sites\/2\/2018\/06\/previdenciario-0031.jpg","datePublished":"2021-08-11T11:05:05+00:00","author":{"@id":"https:\/\/mhcalculos.com.br\/noticias\/#\/schema\/person\/88d1c34bf72dc779ea14a5a6b8e0ae8d"},"breadcrumb":{"@id":"https:\/\/mhcalculos.com.br\/noticias\/area\/previdenciario\/trf4-concedida-aposentadoria-por-invalidez-para-homem-com-coxartrose-bilateral-10-08-2021.html#breadcrumb"},"inLanguage":"pt-BR","potentialAction":[{"@type":"ReadAction","target":["https:\/\/mhcalculos.com.br\/noticias\/area\/previdenciario\/trf4-concedida-aposentadoria-por-invalidez-para-homem-com-coxartrose-bilateral-10-08-2021.html"]}]},{"@type":"ImageObject","inLanguage":"pt-BR","@id":"https:\/\/mhcalculos.com.br\/noticias\/area\/previdenciario\/trf4-concedida-aposentadoria-por-invalidez-para-homem-com-coxartrose-bilateral-10-08-2021.html#primaryimage","url":"https:\/\/mhcalculos.com.br\/noticias\/wp-content\/uploads\/sites\/2\/2018\/06\/previdenciario-0031.jpg","contentUrl":"https:\/\/mhcalculos.com.br\/noticias\/wp-content\/uploads\/sites\/2\/2018\/06\/previdenciario-0031.jpg","width":2000,"height":800},{"@type":"BreadcrumbList","@id":"https:\/\/mhcalculos.com.br\/noticias\/area\/previdenciario\/trf4-concedida-aposentadoria-por-invalidez-para-homem-com-coxartrose-bilateral-10-08-2021.html#breadcrumb","itemListElement":[{"@type":"ListItem","position":1,"name":"In\u00edcio","item":"https:\/\/mhcalculos.com.br\/noticias\/"},{"@type":"ListItem","position":2,"name":"TRF4: Concedida aposentadoria por invalidez para homem com coxartrose bilateral (10\/08\/2021)"}]},{"@type":"WebSite","@id":"https:\/\/mhcalculos.com.br\/noticias\/#website","url":"https:\/\/mhcalculos.com.br\/noticias\/","name":"Portal de Not\u00edcias","description":"Not\u00edcias e Jurisprud\u00eancia","potentialAction":[{"@type":"SearchAction","target":{"@type":"EntryPoint","urlTemplate":"https:\/\/mhcalculos.com.br\/noticias\/?s={search_term_string}"},"query-input":{"@type":"PropertyValueSpecification","valueRequired":true,"valueName":"search_term_string"}}],"inLanguage":"pt-BR"},{"@type":"Person","@id":"https:\/\/mhcalculos.com.br\/noticias\/#\/schema\/person\/88d1c34bf72dc779ea14a5a6b8e0ae8d","name":"Equipe MH","image":{"@type":"ImageObject","inLanguage":"pt-BR","@id":"https:\/\/secure.gravatar.com\/avatar\/de1c686c2ecc9c5a3f327e3431d819eb39f8f05d4e1045f5a1caad6daaba987f?s=96&d=mm&r=g","url":"https:\/\/secure.gravatar.com\/avatar\/de1c686c2ecc9c5a3f327e3431d819eb39f8f05d4e1045f5a1caad6daaba987f?s=96&d=mm&r=g","contentUrl":"https:\/\/secure.gravatar.com\/avatar\/de1c686c2ecc9c5a3f327e3431d819eb39f8f05d4e1045f5a1caad6daaba987f?s=96&d=mm&r=g","caption":"Equipe MH"}}]}},"_links":{"self":[{"href":"https:\/\/mhcalculos.com.br\/noticias\/wp-json\/wp\/v2\/posts\/10547","targetHints":{"allow":["GET"]}}],"collection":[{"href":"https:\/\/mhcalculos.com.br\/noticias\/wp-json\/wp\/v2\/posts"}],"about":[{"href":"https:\/\/mhcalculos.com.br\/noticias\/wp-json\/wp\/v2\/types\/post"}],"author":[{"embeddable":true,"href":"https:\/\/mhcalculos.com.br\/noticias\/wp-json\/wp\/v2\/users\/3063"}],"replies":[{"embeddable":true,"href":"https:\/\/mhcalculos.com.br\/noticias\/wp-json\/wp\/v2\/comments?post=10547"}],"version-history":[{"count":0,"href":"https:\/\/mhcalculos.com.br\/noticias\/wp-json\/wp\/v2\/posts\/10547\/revisions"}],"wp:featuredmedia":[{"embeddable":true,"href":"https:\/\/mhcalculos.com.br\/noticias\/wp-json\/wp\/v2\/media\/2153"}],"wp:attachment":[{"href":"https:\/\/mhcalculos.com.br\/noticias\/wp-json\/wp\/v2\/media?parent=10547"}],"wp:term":[{"taxonomy":"category","embeddable":true,"href":"https:\/\/mhcalculos.com.br\/noticias\/wp-json\/wp\/v2\/categories?post=10547"},{"taxonomy":"post_tag","embeddable":true,"href":"https:\/\/mhcalculos.com.br\/noticias\/wp-json\/wp\/v2\/tags?post=10547"}],"curies":[{"name":"wp","href":"https:\/\/api.w.org\/{rel}","templated":true}]}}