{"id":10535,"date":"2021-08-07T20:05:11","date_gmt":"2021-08-07T23:05:11","guid":{"rendered":"https:\/\/mhcalculos.com.br\/noticias\/area\/previdenciario\/trf4-forum-interinstitucional-previdenciario-realiza-primeira-reuniao-com-a-nova-gestao-da-cojef-06-08-2021.html"},"modified":"2021-08-07T20:05:11","modified_gmt":"2021-08-07T23:05:11","slug":"trf4-forum-interinstitucional-previdenciario-realiza-primeira-reuniao-com-a-nova-gestao-da-cojef-06-08-2021","status":"publish","type":"post","link":"https:\/\/mhcalculos.com.br\/noticias\/area\/previdenciario\/trf4-forum-interinstitucional-previdenciario-realiza-primeira-reuniao-com-a-nova-gestao-da-cojef-06-08-2021.html","title":{"rendered":"TRF4: F\u00f3rum Interinstitucional Previdenci\u00e1rio realiza primeira reuni\u00e3o com a nova gest\u00e3o da Cojef (06\/08\/2021)"},"content":{"rendered":"<p><br \/>\n<\/p>\n<p>A Coordenadoria dos Juizados Especiais Federais da 4\u00aa Regi\u00e3o (Cojef) promoveu hoje (6\/8) a 10\u00aa Reuni\u00e3o do F\u00f3rum Interinstitucional Previdenci\u00e1rio Regional, realizado de forma virtual por meio de plataforma de videoconfer\u00eancia. Esse foi o primeiro encontro presidido pelo novo coordenador da Cojef, desembargador federal Sebasti\u00e3o Og\u00ea Muniz, e pela nova vice-coordenadora, desembargadora federal Ta\u00eds Schilling Ferraz, que assumiram os cargos no final de junho deste ano.<\/p>\n<p>A reuni\u00e3o tamb\u00e9m contou com as presen\u00e7as do corregedor regional, desembargador federal C\u00e2ndido Alfredo Silva Leal J\u00fanior, da coordenadora do Sistema de Concilia\u00e7\u00e3o (Sistcon), desembargadora federal V\u00e2nia Hack de Almeida, dos diretores de Foro da Justi\u00e7a Federal da 4\u00aa Regi\u00e3o, juiz federal F\u00e1bio Vit\u00f3rio Mattiello (JFRS), ju\u00edza federal Erika Giovanini Reupke (JFSC), juiz federal Jos\u00e9 Antonio Savaris (JFPR), al\u00e9m de ju\u00edzes e de representantes de institui\u00e7\u00f5es e segmentos.<\/p>\n<p>Um dos temas debatidos no encontro foi a possibilidade de padroniza\u00e7\u00e3o na atua\u00e7\u00e3o das secretarias das varas federais, com o objetivo do melhor aproveitamento da intelig\u00eancia artificial na triagem e na resposta da Procuradoria Federal, mediante a correta utiliza\u00e7\u00e3o de ferramentas j\u00e1 disponibilizadas nos sistemas eletr\u00f4nicos.<\/p>\n<p>Foi estabelecida a cria\u00e7\u00e3o de um grupo de trabalho coordenado pela Corregedoria Regional e composto por representantes da Advocacia-Geral da Uni\u00e3o (AGU), da Ordem dos Advogados do Brasil (OAB) e da Diretoria de Tecnologia da Informa\u00e7\u00e3o (DTI) do Tribunal Regional Federal da 4\u00aa Regi\u00e3o (TRF4) para avaliar a possibilidade de padroniza\u00e7\u00e3o dos procedimentos de modo a favorecer a m\u00fatua colabora\u00e7\u00e3o entre a Justi\u00e7a Federal, a AGU e a advocacia no aperfei\u00e7oamento das atividades jurisdicionais.<\/p>\n<p>Outro assunto abordado foi a preocupa\u00e7\u00e3o externada pelos representantes das OABs quanto aos atrasos no pagamento de precat\u00f3rios e de RPVs por parte das institui\u00e7\u00f5es banc\u00e1rias. O F\u00f3rum buscou sensibilizar as institui\u00e7\u00f5es banc\u00e1rias da import\u00e2ncia do pagamento dos valores no prazo e o empenho da rede de atendimento em per\u00edodos de grandes demandas.<\/p>\n<p>Por fim, foi determinada a constitui\u00e7\u00e3o de um grupo de trabalho, a ser coordenado pelo juiz federal Loraci Flores de Lima, para rever a cartilha de saques apresentando as sugest\u00f5es de atualiza\u00e7\u00e3o das orienta\u00e7\u00f5es para saque de precat\u00f3rios e de RPVs.<\/p>\n<p>O encontro ainda teve a participa\u00e7\u00e3o de representantes dos Tribunais de Justi\u00e7a de Santa Catarina e do Paran\u00e1, do Minist\u00e9rio P\u00fablico Federal, do Instituto Brasileiro de Direito Previdenci\u00e1rio, da Associa\u00e7\u00e3o Brasileira de Advogados, da Caixa Econ\u00f4mica Federal e do Banco do Brasil.<\/p>\n<p><strong>F\u00f3rum Previdenci\u00e1rio<\/strong><\/p>\n<p>Criado pelo TRF4 em 2010, o F\u00f3rum Interinstitucional Previdenci\u00e1rio possibilita que entidades e institui\u00e7\u00f5es do RS, SC e PR que atuam no setor previdenci\u00e1rio possam construir solu\u00e7\u00f5es conjuntas, atuando como um canal de comunica\u00e7\u00e3o e di\u00e1logo direto entre os advogados, a Previd\u00eancia Social e o Judici\u00e1rio.<\/p>\n<p><br \/>A 10\u00aa Reuni\u00e3o do F\u00f3rum Interinstitucional Previdenci\u00e1rio Regional foi realizada de forma virtual ()<\/p>\n<p><img decoding=\"async\" data-src=\"https:\/\/www2.trf4.jus.br\/trf4\/upload\/editor\/mrc88_sebastiao.jpg\" title=\"\" alt=\"Esse foi o primeiro encontro presidido pelo novo coordenador da Cojef, desembargador federal Sebasti\u00e3o Og\u00ea Muniz\" style=\"width:800px\" src=\"data:image\/svg+xml;base64,PHN2ZyB3aWR0aD0iMSIgaGVpZ2h0PSIxIiB4bWxucz0iaHR0cDovL3d3dy53My5vcmcvMjAwMC9zdmciPjwvc3ZnPg==\" class=\"lazyload\" \/><br \/>Esse foi o primeiro encontro presidido pelo novo coordenador da Cojef, desembargador federal Sebasti\u00e3o Og\u00ea Muniz ()<\/p>\n<p><i>Com informa\u00e7\u00f5es da assessoria de imprensa do TRF4.<\/i><br \/>\n<br \/><a href=\"http:\/\/www2.trf4.jus.br\/trf4\/controlador.php?acao=noticia_visualizar&#038;id_noticia=16027\">Fonte<\/a><br \/>\n<br \/><\/p>\n","protected":false},"excerpt":{"rendered":"<p>A Coordenadoria dos Juizados Especiais Federais da 4\u00aa Regi\u00e3o (Cojef) promoveu hoje (6\/8) a 10\u00aa Reuni\u00e3o do F\u00f3rum Interinstitucional Previdenci\u00e1rio Regional, realizado de forma virtual por meio de plataforma de videoconfer\u00eancia. Esse foi o primeiro encontro presidido pelo novo coordenador da Cojef, desembargador federal Sebasti\u00e3o Og\u00ea Muniz, e pela nova vice-coordenadora, desembargadora federal Ta\u00eds Schilling [&hellip;]<\/p>\n","protected":false},"author":3063,"featured_media":10536,"comment_status":"open","ping_status":"open","sticky":false,"template":"","format":"standard","meta":{"footnotes":""},"categories":[5,6],"tags":[11,10,8,13,9,12,17],"class_list":{"0":"post-10535","1":"post","2":"type-post","3":"status-publish","4":"format-standard","5":"has-post-thumbnail","7":"category-previdenciario","8":"category-trf4","9":"tag-aposentadoria","10":"tag-calculos-previdenciarios","11":"tag-direito-previdenciario","12":"tag-inss","13":"tag-pericia","14":"tag-perito","15":"tag-trf4"},"yoast_head":"<!-- This site is optimized with the Yoast SEO plugin v27.2 - https:\/\/yoast.com\/product\/yoast-seo-wordpress\/ -->\n<title>TRF4: F\u00f3rum Interinstitucional Previdenci\u00e1rio realiza primeira reuni\u00e3o com a nova gest\u00e3o da Cojef (06\/08\/2021) | Portal de Not\u00edcias<\/title>\n<meta name=\"robots\" content=\"index, follow, max-snippet:-1, max-image-preview:large, max-video-preview:-1\" \/>\n<link rel=\"canonical\" href=\"https:\/\/mhcalculos.com.br\/noticias\/area\/previdenciario\/trf4-forum-interinstitucional-previdenciario-realiza-primeira-reuniao-com-a-nova-gestao-da-cojef-06-08-2021.html\" \/>\n<meta property=\"og:locale\" content=\"pt_BR\" \/>\n<meta property=\"og:type\" content=\"article\" \/>\n<meta property=\"og:title\" content=\"TRF4: F\u00f3rum Interinstitucional Previdenci\u00e1rio realiza primeira reuni\u00e3o com a nova gest\u00e3o da Cojef (06\/08\/2021) | Portal de Not\u00edcias\" \/>\n<meta property=\"og:description\" content=\"A Coordenadoria dos Juizados Especiais Federais da 4\u00aa Regi\u00e3o (Cojef) promoveu hoje (6\/8) a 10\u00aa Reuni\u00e3o do F\u00f3rum Interinstitucional Previdenci\u00e1rio Regional, realizado de forma virtual por meio de plataforma de videoconfer\u00eancia. Esse foi o primeiro encontro presidido pelo novo coordenador da Cojef, desembargador federal Sebasti\u00e3o Og\u00ea Muniz, e pela nova vice-coordenadora, desembargadora federal Ta\u00eds Schilling [&hellip;]\" \/>\n<meta property=\"og:url\" content=\"https:\/\/mhcalculos.com.br\/noticias\/area\/previdenciario\/trf4-forum-interinstitucional-previdenciario-realiza-primeira-reuniao-com-a-nova-gestao-da-cojef-06-08-2021.html\" \/>\n<meta property=\"og:site_name\" content=\"Portal de Not\u00edcias\" \/>\n<meta property=\"article:published_time\" content=\"2021-08-07T23:05:11+00:00\" \/>\n<meta property=\"og:image\" content=\"https:\/\/mhcalculos.com.br\/noticias\/wp-content\/uploads\/sites\/2\/2021\/08\/mrc88_forum.jpg\" \/>\n\t<meta property=\"og:image:width\" content=\"1366\" \/>\n\t<meta property=\"og:image:height\" content=\"768\" \/>\n\t<meta property=\"og:image:type\" content=\"image\/jpeg\" \/>\n<meta name=\"author\" content=\"Equipe MH\" \/>\n<meta name=\"twitter:card\" content=\"summary_large_image\" \/>\n<meta name=\"twitter:label1\" content=\"Escrito por\" \/>\n\t<meta name=\"twitter:data1\" content=\"Equipe MH\" \/>\n\t<meta name=\"twitter:label2\" content=\"Est. tempo de leitura\" \/>\n\t<meta name=\"twitter:data2\" content=\"3 minutos\" \/>\n<script type=\"application\/ld+json\" class=\"yoast-schema-graph\">{\"@context\":\"https:\/\/schema.org\",\"@graph\":[{\"@type\":\"Article\",\"@id\":\"https:\/\/mhcalculos.com.br\/noticias\/area\/previdenciario\/trf4-forum-interinstitucional-previdenciario-realiza-primeira-reuniao-com-a-nova-gestao-da-cojef-06-08-2021.html#article\",\"isPartOf\":{\"@id\":\"https:\/\/mhcalculos.com.br\/noticias\/area\/previdenciario\/trf4-forum-interinstitucional-previdenciario-realiza-primeira-reuniao-com-a-nova-gestao-da-cojef-06-08-2021.html\"},\"author\":{\"name\":\"Equipe MH\",\"@id\":\"https:\/\/mhcalculos.com.br\/noticias\/#\/schema\/person\/88d1c34bf72dc779ea14a5a6b8e0ae8d\"},\"headline\":\"TRF4: F\u00f3rum Interinstitucional Previdenci\u00e1rio realiza primeira reuni\u00e3o com a nova gest\u00e3o da Cojef (06\/08\/2021)\",\"datePublished\":\"2021-08-07T23:05:11+00:00\",\"mainEntityOfPage\":{\"@id\":\"https:\/\/mhcalculos.com.br\/noticias\/area\/previdenciario\/trf4-forum-interinstitucional-previdenciario-realiza-primeira-reuniao-com-a-nova-gestao-da-cojef-06-08-2021.html\"},\"wordCount\":561,\"commentCount\":0,\"image\":{\"@id\":\"https:\/\/mhcalculos.com.br\/noticias\/area\/previdenciario\/trf4-forum-interinstitucional-previdenciario-realiza-primeira-reuniao-com-a-nova-gestao-da-cojef-06-08-2021.html#primaryimage\"},\"thumbnailUrl\":\"https:\/\/mhcalculos.com.br\/noticias\/wp-content\/uploads\/sites\/2\/2021\/08\/mrc88_forum.jpg\",\"keywords\":[\"aposentadoria\",\"c\u00e1lculos previdenci\u00e1rios\",\"direito previdenci\u00e1rio\",\"inss\",\"per\u00edcia\",\"perito\",\"trf4\"],\"articleSection\":[\"Direito Previdenci\u00e1rio\",\"TRF4\"],\"inLanguage\":\"pt-BR\",\"potentialAction\":[{\"@type\":\"CommentAction\",\"name\":\"Comment\",\"target\":[\"https:\/\/mhcalculos.com.br\/noticias\/area\/previdenciario\/trf4-forum-interinstitucional-previdenciario-realiza-primeira-reuniao-com-a-nova-gestao-da-cojef-06-08-2021.html#respond\"]}]},{\"@type\":\"WebPage\",\"@id\":\"https:\/\/mhcalculos.com.br\/noticias\/area\/previdenciario\/trf4-forum-interinstitucional-previdenciario-realiza-primeira-reuniao-com-a-nova-gestao-da-cojef-06-08-2021.html\",\"url\":\"https:\/\/mhcalculos.com.br\/noticias\/area\/previdenciario\/trf4-forum-interinstitucional-previdenciario-realiza-primeira-reuniao-com-a-nova-gestao-da-cojef-06-08-2021.html\",\"name\":\"TRF4: F\u00f3rum Interinstitucional Previdenci\u00e1rio realiza primeira reuni\u00e3o com a nova gest\u00e3o da Cojef (06\/08\/2021) | Portal de Not\u00edcias\",\"isPartOf\":{\"@id\":\"https:\/\/mhcalculos.com.br\/noticias\/#website\"},\"primaryImageOfPage\":{\"@id\":\"https:\/\/mhcalculos.com.br\/noticias\/area\/previdenciario\/trf4-forum-interinstitucional-previdenciario-realiza-primeira-reuniao-com-a-nova-gestao-da-cojef-06-08-2021.html#primaryimage\"},\"image\":{\"@id\":\"https:\/\/mhcalculos.com.br\/noticias\/area\/previdenciario\/trf4-forum-interinstitucional-previdenciario-realiza-primeira-reuniao-com-a-nova-gestao-da-cojef-06-08-2021.html#primaryimage\"},\"thumbnailUrl\":\"https:\/\/mhcalculos.com.br\/noticias\/wp-content\/uploads\/sites\/2\/2021\/08\/mrc88_forum.jpg\",\"datePublished\":\"2021-08-07T23:05:11+00:00\",\"author\":{\"@id\":\"https:\/\/mhcalculos.com.br\/noticias\/#\/schema\/person\/88d1c34bf72dc779ea14a5a6b8e0ae8d\"},\"breadcrumb\":{\"@id\":\"https:\/\/mhcalculos.com.br\/noticias\/area\/previdenciario\/trf4-forum-interinstitucional-previdenciario-realiza-primeira-reuniao-com-a-nova-gestao-da-cojef-06-08-2021.html#breadcrumb\"},\"inLanguage\":\"pt-BR\",\"potentialAction\":[{\"@type\":\"ReadAction\",\"target\":[\"https:\/\/mhcalculos.com.br\/noticias\/area\/previdenciario\/trf4-forum-interinstitucional-previdenciario-realiza-primeira-reuniao-com-a-nova-gestao-da-cojef-06-08-2021.html\"]}]},{\"@type\":\"ImageObject\",\"inLanguage\":\"pt-BR\",\"@id\":\"https:\/\/mhcalculos.com.br\/noticias\/area\/previdenciario\/trf4-forum-interinstitucional-previdenciario-realiza-primeira-reuniao-com-a-nova-gestao-da-cojef-06-08-2021.html#primaryimage\",\"url\":\"https:\/\/mhcalculos.com.br\/noticias\/wp-content\/uploads\/sites\/2\/2021\/08\/mrc88_forum.jpg\",\"contentUrl\":\"https:\/\/mhcalculos.com.br\/noticias\/wp-content\/uploads\/sites\/2\/2021\/08\/mrc88_forum.jpg\",\"width\":1366,\"height\":768},{\"@type\":\"BreadcrumbList\",\"@id\":\"https:\/\/mhcalculos.com.br\/noticias\/area\/previdenciario\/trf4-forum-interinstitucional-previdenciario-realiza-primeira-reuniao-com-a-nova-gestao-da-cojef-06-08-2021.html#breadcrumb\",\"itemListElement\":[{\"@type\":\"ListItem\",\"position\":1,\"name\":\"In\u00edcio\",\"item\":\"https:\/\/mhcalculos.com.br\/noticias\/\"},{\"@type\":\"ListItem\",\"position\":2,\"name\":\"TRF4: F\u00f3rum Interinstitucional Previdenci\u00e1rio realiza primeira reuni\u00e3o com a nova gest\u00e3o da Cojef (06\/08\/2021)\"}]},{\"@type\":\"WebSite\",\"@id\":\"https:\/\/mhcalculos.com.br\/noticias\/#website\",\"url\":\"https:\/\/mhcalculos.com.br\/noticias\/\",\"name\":\"Portal de Not\u00edcias\",\"description\":\"Not\u00edcias e Jurisprud\u00eancia\",\"potentialAction\":[{\"@type\":\"SearchAction\",\"target\":{\"@type\":\"EntryPoint\",\"urlTemplate\":\"https:\/\/mhcalculos.com.br\/noticias\/?s={search_term_string}\"},\"query-input\":{\"@type\":\"PropertyValueSpecification\",\"valueRequired\":true,\"valueName\":\"search_term_string\"}}],\"inLanguage\":\"pt-BR\"},{\"@type\":\"Person\",\"@id\":\"https:\/\/mhcalculos.com.br\/noticias\/#\/schema\/person\/88d1c34bf72dc779ea14a5a6b8e0ae8d\",\"name\":\"Equipe MH\",\"image\":{\"@type\":\"ImageObject\",\"inLanguage\":\"pt-BR\",\"@id\":\"https:\/\/secure.gravatar.com\/avatar\/de1c686c2ecc9c5a3f327e3431d819eb39f8f05d4e1045f5a1caad6daaba987f?s=96&d=mm&r=g\",\"url\":\"https:\/\/secure.gravatar.com\/avatar\/de1c686c2ecc9c5a3f327e3431d819eb39f8f05d4e1045f5a1caad6daaba987f?s=96&d=mm&r=g\",\"contentUrl\":\"https:\/\/secure.gravatar.com\/avatar\/de1c686c2ecc9c5a3f327e3431d819eb39f8f05d4e1045f5a1caad6daaba987f?s=96&d=mm&r=g\",\"caption\":\"Equipe MH\"}}]}<\/script>\n<!-- \/ Yoast SEO plugin. -->","yoast_head_json":{"title":"TRF4: F\u00f3rum Interinstitucional Previdenci\u00e1rio realiza primeira reuni\u00e3o com a nova gest\u00e3o da Cojef (06\/08\/2021) | Portal de Not\u00edcias","robots":{"index":"index","follow":"follow","max-snippet":"max-snippet:-1","max-image-preview":"max-image-preview:large","max-video-preview":"max-video-preview:-1"},"canonical":"https:\/\/mhcalculos.com.br\/noticias\/area\/previdenciario\/trf4-forum-interinstitucional-previdenciario-realiza-primeira-reuniao-com-a-nova-gestao-da-cojef-06-08-2021.html","og_locale":"pt_BR","og_type":"article","og_title":"TRF4: F\u00f3rum Interinstitucional Previdenci\u00e1rio realiza primeira reuni\u00e3o com a nova gest\u00e3o da Cojef (06\/08\/2021) | Portal de Not\u00edcias","og_description":"A Coordenadoria dos Juizados Especiais Federais da 4\u00aa Regi\u00e3o (Cojef) promoveu hoje (6\/8) a 10\u00aa Reuni\u00e3o do F\u00f3rum Interinstitucional Previdenci\u00e1rio Regional, realizado de forma virtual por meio de plataforma de videoconfer\u00eancia. Esse foi o primeiro encontro presidido pelo novo coordenador da Cojef, desembargador federal Sebasti\u00e3o Og\u00ea Muniz, e pela nova vice-coordenadora, desembargadora federal Ta\u00eds Schilling [&hellip;]","og_url":"https:\/\/mhcalculos.com.br\/noticias\/area\/previdenciario\/trf4-forum-interinstitucional-previdenciario-realiza-primeira-reuniao-com-a-nova-gestao-da-cojef-06-08-2021.html","og_site_name":"Portal de Not\u00edcias","article_published_time":"2021-08-07T23:05:11+00:00","og_image":[{"width":1366,"height":768,"url":"https:\/\/mhcalculos.com.br\/noticias\/wp-content\/uploads\/sites\/2\/2021\/08\/mrc88_forum.jpg","type":"image\/jpeg"}],"author":"Equipe MH","twitter_card":"summary_large_image","twitter_misc":{"Escrito por":"Equipe MH","Est. tempo de leitura":"3 minutos"},"schema":{"@context":"https:\/\/schema.org","@graph":[{"@type":"Article","@id":"https:\/\/mhcalculos.com.br\/noticias\/area\/previdenciario\/trf4-forum-interinstitucional-previdenciario-realiza-primeira-reuniao-com-a-nova-gestao-da-cojef-06-08-2021.html#article","isPartOf":{"@id":"https:\/\/mhcalculos.com.br\/noticias\/area\/previdenciario\/trf4-forum-interinstitucional-previdenciario-realiza-primeira-reuniao-com-a-nova-gestao-da-cojef-06-08-2021.html"},"author":{"name":"Equipe MH","@id":"https:\/\/mhcalculos.com.br\/noticias\/#\/schema\/person\/88d1c34bf72dc779ea14a5a6b8e0ae8d"},"headline":"TRF4: F\u00f3rum Interinstitucional Previdenci\u00e1rio realiza primeira reuni\u00e3o com a nova gest\u00e3o da Cojef (06\/08\/2021)","datePublished":"2021-08-07T23:05:11+00:00","mainEntityOfPage":{"@id":"https:\/\/mhcalculos.com.br\/noticias\/area\/previdenciario\/trf4-forum-interinstitucional-previdenciario-realiza-primeira-reuniao-com-a-nova-gestao-da-cojef-06-08-2021.html"},"wordCount":561,"commentCount":0,"image":{"@id":"https:\/\/mhcalculos.com.br\/noticias\/area\/previdenciario\/trf4-forum-interinstitucional-previdenciario-realiza-primeira-reuniao-com-a-nova-gestao-da-cojef-06-08-2021.html#primaryimage"},"thumbnailUrl":"https:\/\/mhcalculos.com.br\/noticias\/wp-content\/uploads\/sites\/2\/2021\/08\/mrc88_forum.jpg","keywords":["aposentadoria","c\u00e1lculos previdenci\u00e1rios","direito previdenci\u00e1rio","inss","per\u00edcia","perito","trf4"],"articleSection":["Direito Previdenci\u00e1rio","TRF4"],"inLanguage":"pt-BR","potentialAction":[{"@type":"CommentAction","name":"Comment","target":["https:\/\/mhcalculos.com.br\/noticias\/area\/previdenciario\/trf4-forum-interinstitucional-previdenciario-realiza-primeira-reuniao-com-a-nova-gestao-da-cojef-06-08-2021.html#respond"]}]},{"@type":"WebPage","@id":"https:\/\/mhcalculos.com.br\/noticias\/area\/previdenciario\/trf4-forum-interinstitucional-previdenciario-realiza-primeira-reuniao-com-a-nova-gestao-da-cojef-06-08-2021.html","url":"https:\/\/mhcalculos.com.br\/noticias\/area\/previdenciario\/trf4-forum-interinstitucional-previdenciario-realiza-primeira-reuniao-com-a-nova-gestao-da-cojef-06-08-2021.html","name":"TRF4: F\u00f3rum Interinstitucional Previdenci\u00e1rio realiza primeira reuni\u00e3o com a nova gest\u00e3o da Cojef (06\/08\/2021) | Portal de Not\u00edcias","isPartOf":{"@id":"https:\/\/mhcalculos.com.br\/noticias\/#website"},"primaryImageOfPage":{"@id":"https:\/\/mhcalculos.com.br\/noticias\/area\/previdenciario\/trf4-forum-interinstitucional-previdenciario-realiza-primeira-reuniao-com-a-nova-gestao-da-cojef-06-08-2021.html#primaryimage"},"image":{"@id":"https:\/\/mhcalculos.com.br\/noticias\/area\/previdenciario\/trf4-forum-interinstitucional-previdenciario-realiza-primeira-reuniao-com-a-nova-gestao-da-cojef-06-08-2021.html#primaryimage"},"thumbnailUrl":"https:\/\/mhcalculos.com.br\/noticias\/wp-content\/uploads\/sites\/2\/2021\/08\/mrc88_forum.jpg","datePublished":"2021-08-07T23:05:11+00:00","author":{"@id":"https:\/\/mhcalculos.com.br\/noticias\/#\/schema\/person\/88d1c34bf72dc779ea14a5a6b8e0ae8d"},"breadcrumb":{"@id":"https:\/\/mhcalculos.com.br\/noticias\/area\/previdenciario\/trf4-forum-interinstitucional-previdenciario-realiza-primeira-reuniao-com-a-nova-gestao-da-cojef-06-08-2021.html#breadcrumb"},"inLanguage":"pt-BR","potentialAction":[{"@type":"ReadAction","target":["https:\/\/mhcalculos.com.br\/noticias\/area\/previdenciario\/trf4-forum-interinstitucional-previdenciario-realiza-primeira-reuniao-com-a-nova-gestao-da-cojef-06-08-2021.html"]}]},{"@type":"ImageObject","inLanguage":"pt-BR","@id":"https:\/\/mhcalculos.com.br\/noticias\/area\/previdenciario\/trf4-forum-interinstitucional-previdenciario-realiza-primeira-reuniao-com-a-nova-gestao-da-cojef-06-08-2021.html#primaryimage","url":"https:\/\/mhcalculos.com.br\/noticias\/wp-content\/uploads\/sites\/2\/2021\/08\/mrc88_forum.jpg","contentUrl":"https:\/\/mhcalculos.com.br\/noticias\/wp-content\/uploads\/sites\/2\/2021\/08\/mrc88_forum.jpg","width":1366,"height":768},{"@type":"BreadcrumbList","@id":"https:\/\/mhcalculos.com.br\/noticias\/area\/previdenciario\/trf4-forum-interinstitucional-previdenciario-realiza-primeira-reuniao-com-a-nova-gestao-da-cojef-06-08-2021.html#breadcrumb","itemListElement":[{"@type":"ListItem","position":1,"name":"In\u00edcio","item":"https:\/\/mhcalculos.com.br\/noticias\/"},{"@type":"ListItem","position":2,"name":"TRF4: F\u00f3rum Interinstitucional Previdenci\u00e1rio realiza primeira reuni\u00e3o com a nova gest\u00e3o da Cojef (06\/08\/2021)"}]},{"@type":"WebSite","@id":"https:\/\/mhcalculos.com.br\/noticias\/#website","url":"https:\/\/mhcalculos.com.br\/noticias\/","name":"Portal de Not\u00edcias","description":"Not\u00edcias e Jurisprud\u00eancia","potentialAction":[{"@type":"SearchAction","target":{"@type":"EntryPoint","urlTemplate":"https:\/\/mhcalculos.com.br\/noticias\/?s={search_term_string}"},"query-input":{"@type":"PropertyValueSpecification","valueRequired":true,"valueName":"search_term_string"}}],"inLanguage":"pt-BR"},{"@type":"Person","@id":"https:\/\/mhcalculos.com.br\/noticias\/#\/schema\/person\/88d1c34bf72dc779ea14a5a6b8e0ae8d","name":"Equipe MH","image":{"@type":"ImageObject","inLanguage":"pt-BR","@id":"https:\/\/secure.gravatar.com\/avatar\/de1c686c2ecc9c5a3f327e3431d819eb39f8f05d4e1045f5a1caad6daaba987f?s=96&d=mm&r=g","url":"https:\/\/secure.gravatar.com\/avatar\/de1c686c2ecc9c5a3f327e3431d819eb39f8f05d4e1045f5a1caad6daaba987f?s=96&d=mm&r=g","contentUrl":"https:\/\/secure.gravatar.com\/avatar\/de1c686c2ecc9c5a3f327e3431d819eb39f8f05d4e1045f5a1caad6daaba987f?s=96&d=mm&r=g","caption":"Equipe MH"}}]}},"_links":{"self":[{"href":"https:\/\/mhcalculos.com.br\/noticias\/wp-json\/wp\/v2\/posts\/10535","targetHints":{"allow":["GET"]}}],"collection":[{"href":"https:\/\/mhcalculos.com.br\/noticias\/wp-json\/wp\/v2\/posts"}],"about":[{"href":"https:\/\/mhcalculos.com.br\/noticias\/wp-json\/wp\/v2\/types\/post"}],"author":[{"embeddable":true,"href":"https:\/\/mhcalculos.com.br\/noticias\/wp-json\/wp\/v2\/users\/3063"}],"replies":[{"embeddable":true,"href":"https:\/\/mhcalculos.com.br\/noticias\/wp-json\/wp\/v2\/comments?post=10535"}],"version-history":[{"count":0,"href":"https:\/\/mhcalculos.com.br\/noticias\/wp-json\/wp\/v2\/posts\/10535\/revisions"}],"wp:featuredmedia":[{"embeddable":true,"href":"https:\/\/mhcalculos.com.br\/noticias\/wp-json\/wp\/v2\/media\/10536"}],"wp:attachment":[{"href":"https:\/\/mhcalculos.com.br\/noticias\/wp-json\/wp\/v2\/media?parent=10535"}],"wp:term":[{"taxonomy":"category","embeddable":true,"href":"https:\/\/mhcalculos.com.br\/noticias\/wp-json\/wp\/v2\/categories?post=10535"},{"taxonomy":"post_tag","embeddable":true,"href":"https:\/\/mhcalculos.com.br\/noticias\/wp-json\/wp\/v2\/tags?post=10535"}],"curies":[{"name":"wp","href":"https:\/\/api.w.org\/{rel}","templated":true}]}}