{"id":10516,"date":"2021-08-03T04:05:07","date_gmt":"2021-08-03T07:05:07","guid":{"rendered":"https:\/\/mhcalculos.com.br\/noticias\/area\/previdenciario\/trf4-revista-aborda-judicializacao-de-beneficios-previdenciarios-e-uso-de-algoritmos-na-distribuicao-de-processos-02-08-2021.html"},"modified":"2021-08-03T04:05:07","modified_gmt":"2021-08-03T07:05:07","slug":"trf4-revista-aborda-judicializacao-de-beneficios-previdenciarios-e-uso-de-algoritmos-na-distribuicao-de-processos-02-08-2021","status":"publish","type":"post","link":"https:\/\/mhcalculos.com.br\/noticias\/area\/previdenciario\/trf4-revista-aborda-judicializacao-de-beneficios-previdenciarios-e-uso-de-algoritmos-na-distribuicao-de-processos-02-08-2021.html","title":{"rendered":"TRF4: Revista aborda judicializa\u00e7\u00e3o de benef\u00edcios previdenci\u00e1rios e uso de algoritmos na distribui\u00e7\u00e3o de processos (02\/08\/2021)"},"content":{"rendered":"<p><br \/>\n<\/p>\n<p>A Revista da Escola da Magistratura (Emagis)\u00a0do Tribunal Regional Federal da 4\u00aa Regi\u00e3o (TRF4) n\u00ba 18, lan\u00e7ada na \u00faltima semana\u00a0(28\/7), traz como destaques os artigos &ldquo;A judicializa\u00e7\u00e3o dos benef\u00edcios previdenci\u00e1rios por incapacidade: da negativa administrativa \u00e0 retra\u00e7\u00e3o judicial&rdquo;, do desembargador federal Paulo Afonso Brum Vaz, e &ldquo;A defini\u00e7\u00e3o da compet\u00eancia processual por algoritmo&rdquo;, do juiz federal Oscar Valente Cardoso. A edi\u00e7\u00e3o oferece ainda artigos de outros quatro ju\u00edzes federais sobre assuntos atuais como acesso ao Judici\u00e1rio na pandemia e formas de evitar a manipula\u00e7\u00e3o na Internet.\u00a0<a href=\"https:\/\/www2.trf4.jus.br\/trf4\/upload\/editor\/uli72_ctp-miolo-revista-emagis-n18.pdf\" target=\"_blank\" rel=\"noopener\">Clique aqui <\/a>para acessar a publica\u00e7\u00e3o na \u00edntegra.<\/p>\n<p>Cardoso explica como a Presid\u00eancia do TRF4 reorganizou, a partir de 2018, a especializa\u00e7\u00e3o e a regionaliza\u00e7\u00e3o das compet\u00eancias usando algoritmos para equalizar a distribui\u00e7\u00e3o processual e as cargas de trabalho das unidades judici\u00e1rias da primeira inst\u00e2ncia da Justi\u00e7a Federal da 4\u00aa Regi\u00e3o. Em seu artigo, o magistrado ressalta que o uso da intelig\u00eancia artificial tem refletido diretamente na melhoria da presta\u00e7\u00e3o jurisdicional.<\/p>\n<p>Brum Vaz alerta para a mudan\u00e7a de pap\u00e9is que tem ocorrido entre o Instituto Nacional do Seguro Social (INSS) e o Judici\u00e1rio, com a crescente judicializa\u00e7\u00e3o das quest\u00f5es previdenci\u00e1rias. O desembargador exp\u00f5e dados estat\u00edsticos e aponta as tend\u00eancias \u00e0 realiza\u00e7\u00e3o de per\u00edcias superficiais e \u00e0 negativa de direitos aos trabalhadores pela autarquia como os principais fatores dessa &ldquo;corrida&rdquo; ao Judici\u00e1rio. Segundo o magistrado, a per\u00edcia administrativa deixa de examinar fatores importantes como circunst\u00e2ncias pessoais, sociais, laborais, econ\u00f4micas e temporais, expedindo laudos que n\u00e3o passariam de &ldquo;consultas&rdquo;.<\/p>\n<p>A nova edi\u00e7\u00e3o da revista, com 268 p\u00e1ginas, traz no total 14 textos sobre temas jur\u00eddicos diversificados. O peri\u00f3dico quadrimestral, editado pela Emagis\u00a0do TRF4, foi lan\u00e7ado em 2014 com o objetivo de contribuir para o aprimoramento permanente dos ju\u00edzes federais e dos demais operadores do Direito.<\/p>\n<p><strong>Artigos da edi\u00e7\u00e3o n\u00ba 18:<\/strong><\/p>\n<p>A judicializa\u00e7\u00e3o dos benef\u00edcios previdenci\u00e1rios por incapacidade: da negativa administrativa \u00e0 retra\u00e7\u00e3o judicial<\/p>\n<p><em>Paulo Afonso Brum Vaz<\/em><\/p>\n<p>Salvar vidas n\u00e3o \u00e9 custo: quarentena \u00e9 fundamental para conter a dissemina\u00e7\u00e3o do v\u00edrus<\/p>\n<p><em>Reis Friede<\/em><\/p>\n<p>O pensamento econ\u00f4mico em John Rawls<\/p>\n<p><em>Luciana Bauer<\/em><\/p>\n<p>Litig\u00e2ncia ambiental: uma \u00e9tica ambiental para o novo mil\u00eanio<\/p>\n<p><em>Luciana Bauer e Ana Lu\u00edsa Sevegnani<\/em><\/p>\n<p>Era da (des)informa\u00e7\u00e3o e desenvolvimento do ju\u00edzo cr\u00edtico<\/p>\n<p><em>Edilberto Barbosa Clementino<\/em><\/p>\n<p>Acesso \u00e0 justi\u00e7a e pandemia<\/p>\n<p><em>Tiago do Carmo Martins<\/em><\/p>\n<p>A defini\u00e7\u00e3o da compet\u00eancia processual por algoritmo<\/p>\n<p><em>Oscar Valente Cardoso<\/em><\/p>\n<p>Principiologia ambiental contempor\u00e2nea: da dignidade humana \u00e0 sociedade de risco<\/p>\n<p><em>Jos\u00e9 Eduardo Melhen e Leonardo Estevam de Assis Zanini<\/em><\/p>\n<p>Implementa\u00e7\u00e3o de programa de compliance como redutor de multa por ato de corrup\u00e7\u00e3o<\/p>\n<p><em>Jess\u00e9 Torres Pereira Junior e Tha\u00eds Mar\u00e7al<\/em><\/p>\n<p>Acordos entre Minist\u00e9rio P\u00fablico e imputado no Brasil e na It\u00e1lia: aplica\u00e7\u00e3o da pena a pedido das partes, transa\u00e7\u00e3o penal e acordo de n\u00e3o persecu\u00e7\u00e3o penal<\/p>\n<p><em>Luciana Sperb Duarte Vassalli<\/em><\/p>\n<p>Princ\u00edpio do tempo razo\u00e1vel de dura\u00e7\u00e3o do processo e a celeridade das manifesta\u00e7\u00f5es do MP<\/p>\n<p><em>Lu\u00eds Alberto Thompson Flores Lenz<\/em><\/p>\n<p>Em que pese a ou em que pese(m)&#8230;<\/p>\n<p><em>Eduardo de Moraes Sabbag<\/em><\/p>\n<p>A l\u00f3gica e a argumenta\u00e7\u00e3o jur\u00eddicas como fatores de controle e legitima\u00e7\u00e3o das decis\u00f5es judiciais<\/p>\n<p><em>Rafael Ribeiro Alves J\u00fanior<\/em><\/p>\n<p>Uni\u00e3o poliafetiva e seus reflexos na pens\u00e3o por morte<\/p>\n<p><em>Cristina Maiko Oishi do Amaral Campos Okuma e Gabriel Cavalcante Cortez<\/em><\/p>\n<p><em>Fonte: Emagis\/TRF4<\/em><\/p>\n<p><br \/> (Imagem: Emagis\/TRF4)<\/p>\n<p><i>Com informa\u00e7\u00f5es da assessoria de imprensa do TRF4.<\/i><br \/>\n<br \/><a href=\"http:\/\/www2.trf4.jus.br\/trf4\/controlador.php?acao=noticia_visualizar&#038;id_noticia=16018\">Fonte<\/a><br \/>\n<br \/><\/p>\n","protected":false},"excerpt":{"rendered":"<p>A Revista da Escola da Magistratura (Emagis)\u00a0do Tribunal Regional Federal da 4\u00aa Regi\u00e3o (TRF4) n\u00ba 18, lan\u00e7ada na \u00faltima semana\u00a0(28\/7), traz como destaques os artigos &ldquo;A judicializa\u00e7\u00e3o dos benef\u00edcios previdenci\u00e1rios por incapacidade: da negativa administrativa \u00e0 retra\u00e7\u00e3o judicial&rdquo;, do desembargador federal Paulo Afonso Brum Vaz, e &ldquo;A defini\u00e7\u00e3o da compet\u00eancia processual por algoritmo&rdquo;, do juiz [&hellip;]<\/p>\n","protected":false},"author":3063,"featured_media":2740,"comment_status":"open","ping_status":"open","sticky":false,"template":"","format":"standard","meta":{"footnotes":""},"categories":[5,6],"tags":[11,10,8,13,9,12,17],"class_list":{"0":"post-10516","1":"post","2":"type-post","3":"status-publish","4":"format-standard","5":"has-post-thumbnail","7":"category-previdenciario","8":"category-trf4","9":"tag-aposentadoria","10":"tag-calculos-previdenciarios","11":"tag-direito-previdenciario","12":"tag-inss","13":"tag-pericia","14":"tag-perito","15":"tag-trf4"},"yoast_head":"<!-- This site is optimized with the Yoast SEO plugin v27.2 - https:\/\/yoast.com\/product\/yoast-seo-wordpress\/ -->\n<title>TRF4: Revista aborda judicializa\u00e7\u00e3o de benef\u00edcios previdenci\u00e1rios e uso de algoritmos na distribui\u00e7\u00e3o de processos (02\/08\/2021) | Portal de Not\u00edcias<\/title>\n<meta name=\"robots\" content=\"index, follow, max-snippet:-1, max-image-preview:large, max-video-preview:-1\" \/>\n<link rel=\"canonical\" href=\"https:\/\/mhcalculos.com.br\/noticias\/area\/previdenciario\/trf4-revista-aborda-judicializacao-de-beneficios-previdenciarios-e-uso-de-algoritmos-na-distribuicao-de-processos-02-08-2021.html\" \/>\n<meta property=\"og:locale\" content=\"pt_BR\" \/>\n<meta property=\"og:type\" content=\"article\" \/>\n<meta property=\"og:title\" content=\"TRF4: Revista aborda judicializa\u00e7\u00e3o de benef\u00edcios previdenci\u00e1rios e uso de algoritmos na distribui\u00e7\u00e3o de processos (02\/08\/2021) | Portal de Not\u00edcias\" \/>\n<meta property=\"og:description\" content=\"A Revista da Escola da Magistratura (Emagis)\u00a0do Tribunal Regional Federal da 4\u00aa Regi\u00e3o (TRF4) n\u00ba 18, lan\u00e7ada na \u00faltima semana\u00a0(28\/7), traz como destaques os artigos &ldquo;A judicializa\u00e7\u00e3o dos benef\u00edcios previdenci\u00e1rios por incapacidade: da negativa administrativa \u00e0 retra\u00e7\u00e3o judicial&rdquo;, do desembargador federal Paulo Afonso Brum Vaz, e &ldquo;A defini\u00e7\u00e3o da compet\u00eancia processual por algoritmo&rdquo;, do juiz [&hellip;]\" \/>\n<meta property=\"og:url\" content=\"https:\/\/mhcalculos.com.br\/noticias\/area\/previdenciario\/trf4-revista-aborda-judicializacao-de-beneficios-previdenciarios-e-uso-de-algoritmos-na-distribuicao-de-processos-02-08-2021.html\" \/>\n<meta property=\"og:site_name\" content=\"Portal de Not\u00edcias\" \/>\n<meta property=\"article:published_time\" content=\"2021-08-03T07:05:07+00:00\" \/>\n<meta property=\"og:image\" content=\"https:\/\/mhcalculos.com.br\/noticias\/wp-content\/uploads\/sites\/2\/2018\/08\/judiciario-0020.jpg\" \/>\n\t<meta property=\"og:image:width\" content=\"2000\" \/>\n\t<meta property=\"og:image:height\" content=\"800\" \/>\n\t<meta property=\"og:image:type\" content=\"image\/jpeg\" \/>\n<meta name=\"author\" content=\"Equipe MH\" \/>\n<meta name=\"twitter:card\" content=\"summary_large_image\" \/>\n<meta name=\"twitter:label1\" content=\"Escrito por\" \/>\n\t<meta name=\"twitter:data1\" content=\"Equipe MH\" \/>\n\t<meta name=\"twitter:label2\" content=\"Est. tempo de leitura\" \/>\n\t<meta name=\"twitter:data2\" content=\"3 minutos\" \/>\n<script type=\"application\/ld+json\" class=\"yoast-schema-graph\">{\"@context\":\"https:\/\/schema.org\",\"@graph\":[{\"@type\":\"Article\",\"@id\":\"https:\/\/mhcalculos.com.br\/noticias\/area\/previdenciario\/trf4-revista-aborda-judicializacao-de-beneficios-previdenciarios-e-uso-de-algoritmos-na-distribuicao-de-processos-02-08-2021.html#article\",\"isPartOf\":{\"@id\":\"https:\/\/mhcalculos.com.br\/noticias\/area\/previdenciario\/trf4-revista-aborda-judicializacao-de-beneficios-previdenciarios-e-uso-de-algoritmos-na-distribuicao-de-processos-02-08-2021.html\"},\"author\":{\"name\":\"Equipe MH\",\"@id\":\"https:\/\/mhcalculos.com.br\/noticias\/#\/schema\/person\/88d1c34bf72dc779ea14a5a6b8e0ae8d\"},\"headline\":\"TRF4: Revista aborda judicializa\u00e7\u00e3o de benef\u00edcios previdenci\u00e1rios e uso de algoritmos na distribui\u00e7\u00e3o de processos (02\/08\/2021)\",\"datePublished\":\"2021-08-03T07:05:07+00:00\",\"mainEntityOfPage\":{\"@id\":\"https:\/\/mhcalculos.com.br\/noticias\/area\/previdenciario\/trf4-revista-aborda-judicializacao-de-beneficios-previdenciarios-e-uso-de-algoritmos-na-distribuicao-de-processos-02-08-2021.html\"},\"wordCount\":642,\"commentCount\":0,\"image\":{\"@id\":\"https:\/\/mhcalculos.com.br\/noticias\/area\/previdenciario\/trf4-revista-aborda-judicializacao-de-beneficios-previdenciarios-e-uso-de-algoritmos-na-distribuicao-de-processos-02-08-2021.html#primaryimage\"},\"thumbnailUrl\":\"https:\/\/mhcalculos.com.br\/noticias\/wp-content\/uploads\/sites\/2\/2018\/08\/judiciario-0020.jpg\",\"keywords\":[\"aposentadoria\",\"c\u00e1lculos previdenci\u00e1rios\",\"direito previdenci\u00e1rio\",\"inss\",\"per\u00edcia\",\"perito\",\"trf4\"],\"articleSection\":[\"Direito Previdenci\u00e1rio\",\"TRF4\"],\"inLanguage\":\"pt-BR\",\"potentialAction\":[{\"@type\":\"CommentAction\",\"name\":\"Comment\",\"target\":[\"https:\/\/mhcalculos.com.br\/noticias\/area\/previdenciario\/trf4-revista-aborda-judicializacao-de-beneficios-previdenciarios-e-uso-de-algoritmos-na-distribuicao-de-processos-02-08-2021.html#respond\"]}]},{\"@type\":\"WebPage\",\"@id\":\"https:\/\/mhcalculos.com.br\/noticias\/area\/previdenciario\/trf4-revista-aborda-judicializacao-de-beneficios-previdenciarios-e-uso-de-algoritmos-na-distribuicao-de-processos-02-08-2021.html\",\"url\":\"https:\/\/mhcalculos.com.br\/noticias\/area\/previdenciario\/trf4-revista-aborda-judicializacao-de-beneficios-previdenciarios-e-uso-de-algoritmos-na-distribuicao-de-processos-02-08-2021.html\",\"name\":\"TRF4: Revista aborda judicializa\u00e7\u00e3o de benef\u00edcios previdenci\u00e1rios e uso de algoritmos na distribui\u00e7\u00e3o de processos (02\/08\/2021) | Portal de Not\u00edcias\",\"isPartOf\":{\"@id\":\"https:\/\/mhcalculos.com.br\/noticias\/#website\"},\"primaryImageOfPage\":{\"@id\":\"https:\/\/mhcalculos.com.br\/noticias\/area\/previdenciario\/trf4-revista-aborda-judicializacao-de-beneficios-previdenciarios-e-uso-de-algoritmos-na-distribuicao-de-processos-02-08-2021.html#primaryimage\"},\"image\":{\"@id\":\"https:\/\/mhcalculos.com.br\/noticias\/area\/previdenciario\/trf4-revista-aborda-judicializacao-de-beneficios-previdenciarios-e-uso-de-algoritmos-na-distribuicao-de-processos-02-08-2021.html#primaryimage\"},\"thumbnailUrl\":\"https:\/\/mhcalculos.com.br\/noticias\/wp-content\/uploads\/sites\/2\/2018\/08\/judiciario-0020.jpg\",\"datePublished\":\"2021-08-03T07:05:07+00:00\",\"author\":{\"@id\":\"https:\/\/mhcalculos.com.br\/noticias\/#\/schema\/person\/88d1c34bf72dc779ea14a5a6b8e0ae8d\"},\"breadcrumb\":{\"@id\":\"https:\/\/mhcalculos.com.br\/noticias\/area\/previdenciario\/trf4-revista-aborda-judicializacao-de-beneficios-previdenciarios-e-uso-de-algoritmos-na-distribuicao-de-processos-02-08-2021.html#breadcrumb\"},\"inLanguage\":\"pt-BR\",\"potentialAction\":[{\"@type\":\"ReadAction\",\"target\":[\"https:\/\/mhcalculos.com.br\/noticias\/area\/previdenciario\/trf4-revista-aborda-judicializacao-de-beneficios-previdenciarios-e-uso-de-algoritmos-na-distribuicao-de-processos-02-08-2021.html\"]}]},{\"@type\":\"ImageObject\",\"inLanguage\":\"pt-BR\",\"@id\":\"https:\/\/mhcalculos.com.br\/noticias\/area\/previdenciario\/trf4-revista-aborda-judicializacao-de-beneficios-previdenciarios-e-uso-de-algoritmos-na-distribuicao-de-processos-02-08-2021.html#primaryimage\",\"url\":\"https:\/\/mhcalculos.com.br\/noticias\/wp-content\/uploads\/sites\/2\/2018\/08\/judiciario-0020.jpg\",\"contentUrl\":\"https:\/\/mhcalculos.com.br\/noticias\/wp-content\/uploads\/sites\/2\/2018\/08\/judiciario-0020.jpg\",\"width\":2000,\"height\":800},{\"@type\":\"BreadcrumbList\",\"@id\":\"https:\/\/mhcalculos.com.br\/noticias\/area\/previdenciario\/trf4-revista-aborda-judicializacao-de-beneficios-previdenciarios-e-uso-de-algoritmos-na-distribuicao-de-processos-02-08-2021.html#breadcrumb\",\"itemListElement\":[{\"@type\":\"ListItem\",\"position\":1,\"name\":\"In\u00edcio\",\"item\":\"https:\/\/mhcalculos.com.br\/noticias\/\"},{\"@type\":\"ListItem\",\"position\":2,\"name\":\"TRF4: Revista aborda judicializa\u00e7\u00e3o de benef\u00edcios previdenci\u00e1rios e uso de algoritmos na distribui\u00e7\u00e3o de processos (02\/08\/2021)\"}]},{\"@type\":\"WebSite\",\"@id\":\"https:\/\/mhcalculos.com.br\/noticias\/#website\",\"url\":\"https:\/\/mhcalculos.com.br\/noticias\/\",\"name\":\"Portal de Not\u00edcias\",\"description\":\"Not\u00edcias e Jurisprud\u00eancia\",\"potentialAction\":[{\"@type\":\"SearchAction\",\"target\":{\"@type\":\"EntryPoint\",\"urlTemplate\":\"https:\/\/mhcalculos.com.br\/noticias\/?s={search_term_string}\"},\"query-input\":{\"@type\":\"PropertyValueSpecification\",\"valueRequired\":true,\"valueName\":\"search_term_string\"}}],\"inLanguage\":\"pt-BR\"},{\"@type\":\"Person\",\"@id\":\"https:\/\/mhcalculos.com.br\/noticias\/#\/schema\/person\/88d1c34bf72dc779ea14a5a6b8e0ae8d\",\"name\":\"Equipe MH\",\"image\":{\"@type\":\"ImageObject\",\"inLanguage\":\"pt-BR\",\"@id\":\"https:\/\/secure.gravatar.com\/avatar\/de1c686c2ecc9c5a3f327e3431d819eb39f8f05d4e1045f5a1caad6daaba987f?s=96&d=mm&r=g\",\"url\":\"https:\/\/secure.gravatar.com\/avatar\/de1c686c2ecc9c5a3f327e3431d819eb39f8f05d4e1045f5a1caad6daaba987f?s=96&d=mm&r=g\",\"contentUrl\":\"https:\/\/secure.gravatar.com\/avatar\/de1c686c2ecc9c5a3f327e3431d819eb39f8f05d4e1045f5a1caad6daaba987f?s=96&d=mm&r=g\",\"caption\":\"Equipe MH\"}}]}<\/script>\n<!-- \/ Yoast SEO plugin. -->","yoast_head_json":{"title":"TRF4: Revista aborda judicializa\u00e7\u00e3o de benef\u00edcios previdenci\u00e1rios e uso de algoritmos na distribui\u00e7\u00e3o de processos (02\/08\/2021) | Portal de Not\u00edcias","robots":{"index":"index","follow":"follow","max-snippet":"max-snippet:-1","max-image-preview":"max-image-preview:large","max-video-preview":"max-video-preview:-1"},"canonical":"https:\/\/mhcalculos.com.br\/noticias\/area\/previdenciario\/trf4-revista-aborda-judicializacao-de-beneficios-previdenciarios-e-uso-de-algoritmos-na-distribuicao-de-processos-02-08-2021.html","og_locale":"pt_BR","og_type":"article","og_title":"TRF4: Revista aborda judicializa\u00e7\u00e3o de benef\u00edcios previdenci\u00e1rios e uso de algoritmos na distribui\u00e7\u00e3o de processos (02\/08\/2021) | Portal de Not\u00edcias","og_description":"A Revista da Escola da Magistratura (Emagis)\u00a0do Tribunal Regional Federal da 4\u00aa Regi\u00e3o (TRF4) n\u00ba 18, lan\u00e7ada na \u00faltima semana\u00a0(28\/7), traz como destaques os artigos &ldquo;A judicializa\u00e7\u00e3o dos benef\u00edcios previdenci\u00e1rios por incapacidade: da negativa administrativa \u00e0 retra\u00e7\u00e3o judicial&rdquo;, do desembargador federal Paulo Afonso Brum Vaz, e &ldquo;A defini\u00e7\u00e3o da compet\u00eancia processual por algoritmo&rdquo;, do juiz [&hellip;]","og_url":"https:\/\/mhcalculos.com.br\/noticias\/area\/previdenciario\/trf4-revista-aborda-judicializacao-de-beneficios-previdenciarios-e-uso-de-algoritmos-na-distribuicao-de-processos-02-08-2021.html","og_site_name":"Portal de Not\u00edcias","article_published_time":"2021-08-03T07:05:07+00:00","og_image":[{"width":2000,"height":800,"url":"https:\/\/mhcalculos.com.br\/noticias\/wp-content\/uploads\/sites\/2\/2018\/08\/judiciario-0020.jpg","type":"image\/jpeg"}],"author":"Equipe MH","twitter_card":"summary_large_image","twitter_misc":{"Escrito por":"Equipe MH","Est. tempo de leitura":"3 minutos"},"schema":{"@context":"https:\/\/schema.org","@graph":[{"@type":"Article","@id":"https:\/\/mhcalculos.com.br\/noticias\/area\/previdenciario\/trf4-revista-aborda-judicializacao-de-beneficios-previdenciarios-e-uso-de-algoritmos-na-distribuicao-de-processos-02-08-2021.html#article","isPartOf":{"@id":"https:\/\/mhcalculos.com.br\/noticias\/area\/previdenciario\/trf4-revista-aborda-judicializacao-de-beneficios-previdenciarios-e-uso-de-algoritmos-na-distribuicao-de-processos-02-08-2021.html"},"author":{"name":"Equipe MH","@id":"https:\/\/mhcalculos.com.br\/noticias\/#\/schema\/person\/88d1c34bf72dc779ea14a5a6b8e0ae8d"},"headline":"TRF4: Revista aborda judicializa\u00e7\u00e3o de benef\u00edcios previdenci\u00e1rios e uso de algoritmos na distribui\u00e7\u00e3o de processos (02\/08\/2021)","datePublished":"2021-08-03T07:05:07+00:00","mainEntityOfPage":{"@id":"https:\/\/mhcalculos.com.br\/noticias\/area\/previdenciario\/trf4-revista-aborda-judicializacao-de-beneficios-previdenciarios-e-uso-de-algoritmos-na-distribuicao-de-processos-02-08-2021.html"},"wordCount":642,"commentCount":0,"image":{"@id":"https:\/\/mhcalculos.com.br\/noticias\/area\/previdenciario\/trf4-revista-aborda-judicializacao-de-beneficios-previdenciarios-e-uso-de-algoritmos-na-distribuicao-de-processos-02-08-2021.html#primaryimage"},"thumbnailUrl":"https:\/\/mhcalculos.com.br\/noticias\/wp-content\/uploads\/sites\/2\/2018\/08\/judiciario-0020.jpg","keywords":["aposentadoria","c\u00e1lculos previdenci\u00e1rios","direito previdenci\u00e1rio","inss","per\u00edcia","perito","trf4"],"articleSection":["Direito Previdenci\u00e1rio","TRF4"],"inLanguage":"pt-BR","potentialAction":[{"@type":"CommentAction","name":"Comment","target":["https:\/\/mhcalculos.com.br\/noticias\/area\/previdenciario\/trf4-revista-aborda-judicializacao-de-beneficios-previdenciarios-e-uso-de-algoritmos-na-distribuicao-de-processos-02-08-2021.html#respond"]}]},{"@type":"WebPage","@id":"https:\/\/mhcalculos.com.br\/noticias\/area\/previdenciario\/trf4-revista-aborda-judicializacao-de-beneficios-previdenciarios-e-uso-de-algoritmos-na-distribuicao-de-processos-02-08-2021.html","url":"https:\/\/mhcalculos.com.br\/noticias\/area\/previdenciario\/trf4-revista-aborda-judicializacao-de-beneficios-previdenciarios-e-uso-de-algoritmos-na-distribuicao-de-processos-02-08-2021.html","name":"TRF4: Revista aborda judicializa\u00e7\u00e3o de benef\u00edcios previdenci\u00e1rios e uso de algoritmos na distribui\u00e7\u00e3o de processos (02\/08\/2021) | Portal de Not\u00edcias","isPartOf":{"@id":"https:\/\/mhcalculos.com.br\/noticias\/#website"},"primaryImageOfPage":{"@id":"https:\/\/mhcalculos.com.br\/noticias\/area\/previdenciario\/trf4-revista-aborda-judicializacao-de-beneficios-previdenciarios-e-uso-de-algoritmos-na-distribuicao-de-processos-02-08-2021.html#primaryimage"},"image":{"@id":"https:\/\/mhcalculos.com.br\/noticias\/area\/previdenciario\/trf4-revista-aborda-judicializacao-de-beneficios-previdenciarios-e-uso-de-algoritmos-na-distribuicao-de-processos-02-08-2021.html#primaryimage"},"thumbnailUrl":"https:\/\/mhcalculos.com.br\/noticias\/wp-content\/uploads\/sites\/2\/2018\/08\/judiciario-0020.jpg","datePublished":"2021-08-03T07:05:07+00:00","author":{"@id":"https:\/\/mhcalculos.com.br\/noticias\/#\/schema\/person\/88d1c34bf72dc779ea14a5a6b8e0ae8d"},"breadcrumb":{"@id":"https:\/\/mhcalculos.com.br\/noticias\/area\/previdenciario\/trf4-revista-aborda-judicializacao-de-beneficios-previdenciarios-e-uso-de-algoritmos-na-distribuicao-de-processos-02-08-2021.html#breadcrumb"},"inLanguage":"pt-BR","potentialAction":[{"@type":"ReadAction","target":["https:\/\/mhcalculos.com.br\/noticias\/area\/previdenciario\/trf4-revista-aborda-judicializacao-de-beneficios-previdenciarios-e-uso-de-algoritmos-na-distribuicao-de-processos-02-08-2021.html"]}]},{"@type":"ImageObject","inLanguage":"pt-BR","@id":"https:\/\/mhcalculos.com.br\/noticias\/area\/previdenciario\/trf4-revista-aborda-judicializacao-de-beneficios-previdenciarios-e-uso-de-algoritmos-na-distribuicao-de-processos-02-08-2021.html#primaryimage","url":"https:\/\/mhcalculos.com.br\/noticias\/wp-content\/uploads\/sites\/2\/2018\/08\/judiciario-0020.jpg","contentUrl":"https:\/\/mhcalculos.com.br\/noticias\/wp-content\/uploads\/sites\/2\/2018\/08\/judiciario-0020.jpg","width":2000,"height":800},{"@type":"BreadcrumbList","@id":"https:\/\/mhcalculos.com.br\/noticias\/area\/previdenciario\/trf4-revista-aborda-judicializacao-de-beneficios-previdenciarios-e-uso-de-algoritmos-na-distribuicao-de-processos-02-08-2021.html#breadcrumb","itemListElement":[{"@type":"ListItem","position":1,"name":"In\u00edcio","item":"https:\/\/mhcalculos.com.br\/noticias\/"},{"@type":"ListItem","position":2,"name":"TRF4: Revista aborda judicializa\u00e7\u00e3o de benef\u00edcios previdenci\u00e1rios e uso de algoritmos na distribui\u00e7\u00e3o de processos (02\/08\/2021)"}]},{"@type":"WebSite","@id":"https:\/\/mhcalculos.com.br\/noticias\/#website","url":"https:\/\/mhcalculos.com.br\/noticias\/","name":"Portal de Not\u00edcias","description":"Not\u00edcias e Jurisprud\u00eancia","potentialAction":[{"@type":"SearchAction","target":{"@type":"EntryPoint","urlTemplate":"https:\/\/mhcalculos.com.br\/noticias\/?s={search_term_string}"},"query-input":{"@type":"PropertyValueSpecification","valueRequired":true,"valueName":"search_term_string"}}],"inLanguage":"pt-BR"},{"@type":"Person","@id":"https:\/\/mhcalculos.com.br\/noticias\/#\/schema\/person\/88d1c34bf72dc779ea14a5a6b8e0ae8d","name":"Equipe MH","image":{"@type":"ImageObject","inLanguage":"pt-BR","@id":"https:\/\/secure.gravatar.com\/avatar\/de1c686c2ecc9c5a3f327e3431d819eb39f8f05d4e1045f5a1caad6daaba987f?s=96&d=mm&r=g","url":"https:\/\/secure.gravatar.com\/avatar\/de1c686c2ecc9c5a3f327e3431d819eb39f8f05d4e1045f5a1caad6daaba987f?s=96&d=mm&r=g","contentUrl":"https:\/\/secure.gravatar.com\/avatar\/de1c686c2ecc9c5a3f327e3431d819eb39f8f05d4e1045f5a1caad6daaba987f?s=96&d=mm&r=g","caption":"Equipe MH"}}]}},"_links":{"self":[{"href":"https:\/\/mhcalculos.com.br\/noticias\/wp-json\/wp\/v2\/posts\/10516","targetHints":{"allow":["GET"]}}],"collection":[{"href":"https:\/\/mhcalculos.com.br\/noticias\/wp-json\/wp\/v2\/posts"}],"about":[{"href":"https:\/\/mhcalculos.com.br\/noticias\/wp-json\/wp\/v2\/types\/post"}],"author":[{"embeddable":true,"href":"https:\/\/mhcalculos.com.br\/noticias\/wp-json\/wp\/v2\/users\/3063"}],"replies":[{"embeddable":true,"href":"https:\/\/mhcalculos.com.br\/noticias\/wp-json\/wp\/v2\/comments?post=10516"}],"version-history":[{"count":0,"href":"https:\/\/mhcalculos.com.br\/noticias\/wp-json\/wp\/v2\/posts\/10516\/revisions"}],"wp:featuredmedia":[{"embeddable":true,"href":"https:\/\/mhcalculos.com.br\/noticias\/wp-json\/wp\/v2\/media\/2740"}],"wp:attachment":[{"href":"https:\/\/mhcalculos.com.br\/noticias\/wp-json\/wp\/v2\/media?parent=10516"}],"wp:term":[{"taxonomy":"category","embeddable":true,"href":"https:\/\/mhcalculos.com.br\/noticias\/wp-json\/wp\/v2\/categories?post=10516"},{"taxonomy":"post_tag","embeddable":true,"href":"https:\/\/mhcalculos.com.br\/noticias\/wp-json\/wp\/v2\/tags?post=10516"}],"curies":[{"name":"wp","href":"https:\/\/api.w.org\/{rel}","templated":true}]}}